{"id":246459,"date":"2024-04-23T14:14:30","date_gmt":"2024-04-23T12:14:30","guid":{"rendered":"https:\/\/www.tapasmagazine.es\/millesime-fest-conectara-a-los-mejores-chefs-y-artistas-en-el-evento-gastro-musical-del-ano\/"},"modified":"2024-04-23T15:59:06","modified_gmt":"2024-04-23T13:59:06","slug":"millesime-fest-will-bring-together-top-chefs-and-artists-gastro-musical-event-of-the-year","status":"publish","type":"post","link":"https:\/\/www.tapasmagazine.es\/en\/millesime-fest-will-bring-together-top-chefs-and-artists-gastro-musical-event-of-the-year\/","title":{"rendered":"Millesime Fest will bring together top chefs and artists in the gastro-musical event of the year"},"content":{"rendered":"\n<p><strong>Click <a href=\"https:\/\/www.tapasmagazine.es\/millesime-fest-conectara-a-los-mejores-chefs-y-artistas-en-el-evento-gastro-musical-del-ano\/\" target=\"_blank\" rel=\"noreferrer noopener\">here<\/a> to read the Spanish version.<\/strong><\/p>\n\n\n\n<p>The first edition of Millesime Fest will take place at the <strong>Casa de Campo<\/strong> in <strong>Madrid <\/strong>from <strong>September<\/strong> <strong>26th to 28th<\/strong>. A festival that will vibrate its high-frequency gastronomic and musical proposal.<\/p>\n\n\n\n<p>Gastronomy will be represented in a <strong>foodie zone<\/strong> with 20 of the best restaurants in Madrid, 12 sommeliers, 8 cocktail bars, artisans and gourmet products that will merge tradition and the avant-garde in the same stimulating concept.<\/p>\n\n\n<div class=\"wp-block-image\">\n<figure class=\"aligncenter size-large is-resized\"><img decoding=\"async\" width=\"1024\" height=\"585\" src=\"https:\/\/www.tapasmagazine.es\/wp-content\/uploads\/2024\/04\/B75BcdtH-1024x585.jpeg\" alt=\"\" class=\"wp-image-246477\" style=\"width:1016px;height:auto\" srcset=\"https:\/\/www.tapasmagazine.es\/wp-content\/uploads\/2024\/04\/B75BcdtH-1024x585.jpeg 1024w, https:\/\/www.tapasmagazine.es\/wp-content\/uploads\/2024\/04\/B75BcdtH-300x171.jpeg 300w, https:\/\/www.tapasmagazine.es\/wp-content\/uploads\/2024\/04\/B75BcdtH-768x439.jpeg 768w, https:\/\/www.tapasmagazine.es\/wp-content\/uploads\/2024\/04\/B75BcdtH-1000x571.jpeg 1000w, https:\/\/www.tapasmagazine.es\/wp-content\/uploads\/2024\/04\/B75BcdtH-400x229.jpeg 400w, https:\/\/www.tapasmagazine.es\/wp-content\/uploads\/2024\/04\/B75BcdtH.jpeg 1274w\" sizes=\"(max-width: 1024px) 100vw, 1024px\" \/><\/figure>\n<\/div>\n\n\n<p>The event will take place over three days, starting on Thursday, <strong>September 26<\/strong>, which will be the turn of REVOLEA, an evening with duende and southern flavor that will feature the participation of Estrella Morente, Jos\u00e9 Merc\u00e9, Mal\u00fa and Pitingo.<\/p>\n\n\n\n<p>On <strong>Friday 27<\/strong> will be the tribute to the great Chavela Vargas in EL \u00daLTIMO TRAGO by David Summers, El Kanka, Natalia Jim\u00e9nez and Sole Gim\u00e9nez. Both concepts will be under the artistic direction of Carlos Narea and Paco Mir.<\/p>\n\n\n\n<p>This first edition of Millesime Fest will close the edition in style on Saturday, September 28 with a tribute to the music of the 80s with a concert by Ana Torroja and the participation of Alejo Stivel, Javier Gurruchaga, Nacho Campillo and Nacho Garc\u00eda Vega in DEMASIAO, under the production of Alejo Stivel and Irina Aizencangy.<\/p>\n","protected":false},"excerpt":{"rendered":"<p>Click here to read the Spanish version. The first edition of Millesime Fest will take place at the Casa de Campo in Madrid from September 26th to 28th. A festival that will vibrate its high-frequency gastronomic and musical proposal. Gastronomy will be represented in a foodie zone with 20 of the best restaurants in Madrid, [&hellip;]<\/p>\n","protected":false},"author":318,"featured_media":246481,"comment_status":"closed","ping_status":"closed","sticky":false,"template":"","format":"standard","meta":{"_acf_changed":false,"footnotes":""},"categories":[15797],"tags":[18521,15824],"class_list":["post-246459","post","type-post","status-publish","format-standard","has-post-thumbnail","hentry","category-planes-en","tag-festival-en","tag-gastronomia-en","cat-15797-id"],"acf":[],"yoast_head":"<!-- This site is optimized with the Yoast SEO plugin v27.4 - https:\/\/yoast.com\/product\/yoast-seo-wordpress\/ -->\n<title>Millesime Fest will bring together top chefs and artists in the gastro-musical event of the year - Tapas<\/title>\n<meta name=\"description\" content=\"Click here to read the Spanish version. The first edition of Millesime Fest will take place at the Casa de Campo in Madrid from September 26th to 28th. A\" \/>\n<meta name=\"robots\" content=\"index, follow, max-snippet:-1, max-image-preview:large, max-video-preview:-1\" \/>\n<link rel=\"canonical\" href=\"https:\/\/www.tapasmagazine.es\/en\/millesime-fest-will-bring-together-top-chefs-and-artists-gastro-musical-event-of-the-year\/\" \/>\n<meta property=\"og:locale\" content=\"en_US\" \/>\n<meta property=\"og:type\" content=\"article\" \/>\n<meta property=\"og:title\" content=\"Millesime Fest will bring together top chefs and artists in the gastro-musical event of the year - Tapas\" \/>\n<meta property=\"og:description\" content=\"Click here to read the Spanish version. The first edition of Millesime Fest will take place at the Casa de Campo in Madrid from September 26th to 28th. A\" \/>\n<meta property=\"og:url\" content=\"https:\/\/www.tapasmagazine.es\/en\/millesime-fest-will-bring-together-top-chefs-and-artists-gastro-musical-event-of-the-year\/\" \/>\n<meta property=\"og:site_name\" content=\"Tapas\" \/>\n<meta property=\"article:publisher\" content=\"https:\/\/www.facebook.com\/tapasmagazine\" \/>\n<meta property=\"article:published_time\" content=\"2024-04-23T12:14:30+00:00\" \/>\n<meta property=\"article:modified_time\" content=\"2024-04-23T13:59:06+00:00\" \/>\n<meta property=\"og:image\" content=\"https:\/\/www.tapasmagazine.es\/wp-content\/uploads\/2024\/04\/millesime-fest.jpg\" \/>\n\t<meta property=\"og:image:width\" content=\"1200\" \/>\n\t<meta property=\"og:image:height\" content=\"675\" \/>\n\t<meta property=\"og:image:type\" content=\"image\/jpeg\" \/>\n<meta name=\"author\" content=\"Tapas Magazine\" \/>\n<meta name=\"twitter:card\" content=\"summary_large_image\" \/>\n<meta name=\"twitter:creator\" content=\"@TapasMagazine\" \/>\n<meta name=\"twitter:site\" content=\"@TapasMagazine\" \/>\n<meta name=\"twitter:label1\" content=\"Written by\" \/>\n\t<meta name=\"twitter:data1\" content=\"Tapas Magazine\" \/>\n\t<meta name=\"twitter:label2\" content=\"Est. reading time\" \/>\n\t<meta name=\"twitter:data2\" content=\"2 minutes\" \/>\n<script type=\"application\/ld+json\" class=\"yoast-schema-graph\">{\"@context\":\"https:\\\/\\\/schema.org\",\"@graph\":[{\"@type\":\"Article\",\"@id\":\"https:\\\/\\\/www.tapasmagazine.es\\\/en\\\/millesime-fest-will-bring-together-top-chefs-and-artists-gastro-musical-event-of-the-year\\\/#article\",\"isPartOf\":{\"@id\":\"https:\\\/\\\/www.tapasmagazine.es\\\/en\\\/millesime-fest-will-bring-together-top-chefs-and-artists-gastro-musical-event-of-the-year\\\/\"},\"author\":{\"name\":\"Tapas Magazine\",\"@id\":\"https:\\\/\\\/www.tapasmagazine.es\\\/#\\\/schema\\\/person\\\/ea9005ac2d36a0c25f3e81c47da0182f\"},\"headline\":\"Millesime Fest will bring together top chefs and artists in the gastro-musical event of the year\",\"datePublished\":\"2024-04-23T12:14:30+00:00\",\"dateModified\":\"2024-04-23T13:59:06+00:00\",\"mainEntityOfPage\":{\"@id\":\"https:\\\/\\\/www.tapasmagazine.es\\\/en\\\/millesime-fest-will-bring-together-top-chefs-and-artists-gastro-musical-event-of-the-year\\\/\"},\"wordCount\":225,\"publisher\":{\"@id\":\"https:\\\/\\\/www.tapasmagazine.es\\\/#organization\"},\"image\":{\"@id\":\"https:\\\/\\\/www.tapasmagazine.es\\\/en\\\/millesime-fest-will-bring-together-top-chefs-and-artists-gastro-musical-event-of-the-year\\\/#primaryimage\"},\"thumbnailUrl\":\"https:\\\/\\\/www.tapasmagazine.es\\\/wp-content\\\/uploads\\\/2024\\\/04\\\/III.jpg\",\"keywords\":[\"Festival\",\"gastronom\u00eda\"],\"articleSection\":[\"Planes\"],\"inLanguage\":\"en-US\"},{\"@type\":\"WebPage\",\"@id\":\"https:\\\/\\\/www.tapasmagazine.es\\\/en\\\/millesime-fest-will-bring-together-top-chefs-and-artists-gastro-musical-event-of-the-year\\\/\",\"url\":\"https:\\\/\\\/www.tapasmagazine.es\\\/en\\\/millesime-fest-will-bring-together-top-chefs-and-artists-gastro-musical-event-of-the-year\\\/\",\"name\":\"Millesime Fest will bring together top chefs and artists in the gastro-musical event of the year - Tapas\",\"isPartOf\":{\"@id\":\"https:\\\/\\\/www.tapasmagazine.es\\\/#website\"},\"primaryImageOfPage\":{\"@id\":\"https:\\\/\\\/www.tapasmagazine.es\\\/en\\\/millesime-fest-will-bring-together-top-chefs-and-artists-gastro-musical-event-of-the-year\\\/#primaryimage\"},\"image\":{\"@id\":\"https:\\\/\\\/www.tapasmagazine.es\\\/en\\\/millesime-fest-will-bring-together-top-chefs-and-artists-gastro-musical-event-of-the-year\\\/#primaryimage\"},\"thumbnailUrl\":\"https:\\\/\\\/www.tapasmagazine.es\\\/wp-content\\\/uploads\\\/2024\\\/04\\\/III.jpg\",\"datePublished\":\"2024-04-23T12:14:30+00:00\",\"dateModified\":\"2024-04-23T13:59:06+00:00\",\"description\":\"Click here to read the Spanish version. The first edition of Millesime Fest will take place at the Casa de Campo in Madrid from September 26th to 28th. A\",\"breadcrumb\":{\"@id\":\"https:\\\/\\\/www.tapasmagazine.es\\\/en\\\/millesime-fest-will-bring-together-top-chefs-and-artists-gastro-musical-event-of-the-year\\\/#breadcrumb\"},\"inLanguage\":\"en-US\",\"potentialAction\":[{\"@type\":\"ReadAction\",\"target\":[\"https:\\\/\\\/www.tapasmagazine.es\\\/en\\\/millesime-fest-will-bring-together-top-chefs-and-artists-gastro-musical-event-of-the-year\\\/\"]}]},{\"@type\":\"ImageObject\",\"inLanguage\":\"en-US\",\"@id\":\"https:\\\/\\\/www.tapasmagazine.es\\\/en\\\/millesime-fest-will-bring-together-top-chefs-and-artists-gastro-musical-event-of-the-year\\\/#primaryimage\",\"url\":\"https:\\\/\\\/www.tapasmagazine.es\\\/wp-content\\\/uploads\\\/2024\\\/04\\\/III.jpg\",\"contentUrl\":\"https:\\\/\\\/www.tapasmagazine.es\\\/wp-content\\\/uploads\\\/2024\\\/04\\\/III.jpg\",\"width\":1200,\"height\":675},{\"@type\":\"BreadcrumbList\",\"@id\":\"https:\\\/\\\/www.tapasmagazine.es\\\/en\\\/millesime-fest-will-bring-together-top-chefs-and-artists-gastro-musical-event-of-the-year\\\/#breadcrumb\",\"itemListElement\":[{\"@type\":\"ListItem\",\"position\":1,\"name\":\"Portada\",\"item\":\"https:\\\/\\\/www.tapasmagazine.es\\\/\"},{\"@type\":\"ListItem\",\"position\":2,\"name\":\"Planes\",\"item\":\"https:\\\/\\\/www.tapasmagazine.es\\\/en\\\/categorias\\\/planes-en\\\/\"},{\"@type\":\"ListItem\",\"position\":3,\"name\":\"Millesime Fest will bring together top chefs and artists in the gastro-musical event of the year\"}]},{\"@type\":\"WebSite\",\"@id\":\"https:\\\/\\\/www.tapasmagazine.es\\\/#website\",\"url\":\"https:\\\/\\\/www.tapasmagazine.es\\\/\",\"name\":\"Tapas\",\"description\":\"\u00d1am \u00d1am Lifestyle. La vida a bocados. Premio Nacional de Gastronom\u00eda 2016.\",\"publisher\":{\"@id\":\"https:\\\/\\\/www.tapasmagazine.es\\\/#organization\"},\"potentialAction\":[{\"@type\":\"SearchAction\",\"target\":{\"@type\":\"EntryPoint\",\"urlTemplate\":\"https:\\\/\\\/www.tapasmagazine.es\\\/?s={search_term_string}\"},\"query-input\":{\"@type\":\"PropertyValueSpecification\",\"valueRequired\":true,\"valueName\":\"search_term_string\"}}],\"inLanguage\":\"en-US\"},{\"@type\":\"Organization\",\"@id\":\"https:\\\/\\\/www.tapasmagazine.es\\\/#organization\",\"name\":\"Tapas Magazine\",\"url\":\"https:\\\/\\\/www.tapasmagazine.es\\\/\",\"logo\":{\"@type\":\"ImageObject\",\"inLanguage\":\"en-US\",\"@id\":\"https:\\\/\\\/www.tapasmagazine.es\\\/#\\\/schema\\\/logo\\\/image\\\/\",\"url\":\"https:\\\/\\\/www.tapasmagazine.es\\\/wp-content\\\/uploads\\\/2018\\\/01\\\/logo.png\",\"contentUrl\":\"https:\\\/\\\/www.tapasmagazine.es\\\/wp-content\\\/uploads\\\/2018\\\/01\\\/logo.png\",\"width\":180,\"height\":60,\"caption\":\"Tapas Magazine\"},\"image\":{\"@id\":\"https:\\\/\\\/www.tapasmagazine.es\\\/#\\\/schema\\\/logo\\\/image\\\/\"},\"sameAs\":[\"https:\\\/\\\/www.facebook.com\\\/tapasmagazine\",\"https:\\\/\\\/x.com\\\/TapasMagazine\",\"https:\\\/\\\/www.instagram.com\\\/tapasmagazine\\\/\",\"https:\\\/\\\/www.linkedin.com\\\/company\\\/tapas-magazine\",\"https:\\\/\\\/es.pinterest.com\\\/tapasmagazine\\\/\",\"https:\\\/\\\/www.youtube.com\\\/channel\\\/UCEyxneAaACuR0lfDagrWjjg?sub_confirmation=1\"]},{\"@type\":\"Person\",\"@id\":\"https:\\\/\\\/www.tapasmagazine.es\\\/#\\\/schema\\\/person\\\/ea9005ac2d36a0c25f3e81c47da0182f\",\"name\":\"Tapas Magazine\",\"url\":\"https:\\\/\\\/www.tapasmagazine.es\\\/en\\\/author\\\/tapas-magazine\\\/\"}]}<\/script>\n<!-- \/ Yoast SEO plugin. -->","yoast_head_json":{"title":"Millesime Fest will bring together top chefs and artists in the gastro-musical event of the year - Tapas","description":"Click here to read the Spanish version. The first edition of Millesime Fest will take place at the Casa de Campo in Madrid from September 26th to 28th. A","robots":{"index":"index","follow":"follow","max-snippet":"max-snippet:-1","max-image-preview":"max-image-preview:large","max-video-preview":"max-video-preview:-1"},"canonical":"https:\/\/www.tapasmagazine.es\/en\/millesime-fest-will-bring-together-top-chefs-and-artists-gastro-musical-event-of-the-year\/","og_locale":"en_US","og_type":"article","og_title":"Millesime Fest will bring together top chefs and artists in the gastro-musical event of the year - Tapas","og_description":"Click here to read the Spanish version. The first edition of Millesime Fest will take place at the Casa de Campo in Madrid from September 26th to 28th. A","og_url":"https:\/\/www.tapasmagazine.es\/en\/millesime-fest-will-bring-together-top-chefs-and-artists-gastro-musical-event-of-the-year\/","og_site_name":"Tapas","article_publisher":"https:\/\/www.facebook.com\/tapasmagazine","article_published_time":"2024-04-23T12:14:30+00:00","article_modified_time":"2024-04-23T13:59:06+00:00","og_image":[{"width":1200,"height":675,"url":"https:\/\/www.tapasmagazine.es\/wp-content\/uploads\/2024\/04\/millesime-fest.jpg","type":"image\/jpeg"}],"author":"Tapas Magazine","twitter_card":"summary_large_image","twitter_creator":"@TapasMagazine","twitter_site":"@TapasMagazine","twitter_misc":{"Written by":"Tapas Magazine","Est. reading time":"2 minutes"},"schema":{"@context":"https:\/\/schema.org","@graph":[{"@type":"Article","@id":"https:\/\/www.tapasmagazine.es\/en\/millesime-fest-will-bring-together-top-chefs-and-artists-gastro-musical-event-of-the-year\/#article","isPartOf":{"@id":"https:\/\/www.tapasmagazine.es\/en\/millesime-fest-will-bring-together-top-chefs-and-artists-gastro-musical-event-of-the-year\/"},"author":{"name":"Tapas Magazine","@id":"https:\/\/www.tapasmagazine.es\/#\/schema\/person\/ea9005ac2d36a0c25f3e81c47da0182f"},"headline":"Millesime Fest will bring together top chefs and artists in the gastro-musical event of the year","datePublished":"2024-04-23T12:14:30+00:00","dateModified":"2024-04-23T13:59:06+00:00","mainEntityOfPage":{"@id":"https:\/\/www.tapasmagazine.es\/en\/millesime-fest-will-bring-together-top-chefs-and-artists-gastro-musical-event-of-the-year\/"},"wordCount":225,"publisher":{"@id":"https:\/\/www.tapasmagazine.es\/#organization"},"image":{"@id":"https:\/\/www.tapasmagazine.es\/en\/millesime-fest-will-bring-together-top-chefs-and-artists-gastro-musical-event-of-the-year\/#primaryimage"},"thumbnailUrl":"https:\/\/www.tapasmagazine.es\/wp-content\/uploads\/2024\/04\/III.jpg","keywords":["Festival","gastronom\u00eda"],"articleSection":["Planes"],"inLanguage":"en-US"},{"@type":"WebPage","@id":"https:\/\/www.tapasmagazine.es\/en\/millesime-fest-will-bring-together-top-chefs-and-artists-gastro-musical-event-of-the-year\/","url":"https:\/\/www.tapasmagazine.es\/en\/millesime-fest-will-bring-together-top-chefs-and-artists-gastro-musical-event-of-the-year\/","name":"Millesime Fest will bring together top chefs and artists in the gastro-musical event of the year - Tapas","isPartOf":{"@id":"https:\/\/www.tapasmagazine.es\/#website"},"primaryImageOfPage":{"@id":"https:\/\/www.tapasmagazine.es\/en\/millesime-fest-will-bring-together-top-chefs-and-artists-gastro-musical-event-of-the-year\/#primaryimage"},"image":{"@id":"https:\/\/www.tapasmagazine.es\/en\/millesime-fest-will-bring-together-top-chefs-and-artists-gastro-musical-event-of-the-year\/#primaryimage"},"thumbnailUrl":"https:\/\/www.tapasmagazine.es\/wp-content\/uploads\/2024\/04\/III.jpg","datePublished":"2024-04-23T12:14:30+00:00","dateModified":"2024-04-23T13:59:06+00:00","description":"Click here to read the Spanish version. The first edition of Millesime Fest will take place at the Casa de Campo in Madrid from September 26th to 28th. A","breadcrumb":{"@id":"https:\/\/www.tapasmagazine.es\/en\/millesime-fest-will-bring-together-top-chefs-and-artists-gastro-musical-event-of-the-year\/#breadcrumb"},"inLanguage":"en-US","potentialAction":[{"@type":"ReadAction","target":["https:\/\/www.tapasmagazine.es\/en\/millesime-fest-will-bring-together-top-chefs-and-artists-gastro-musical-event-of-the-year\/"]}]},{"@type":"ImageObject","inLanguage":"en-US","@id":"https:\/\/www.tapasmagazine.es\/en\/millesime-fest-will-bring-together-top-chefs-and-artists-gastro-musical-event-of-the-year\/#primaryimage","url":"https:\/\/www.tapasmagazine.es\/wp-content\/uploads\/2024\/04\/III.jpg","contentUrl":"https:\/\/www.tapasmagazine.es\/wp-content\/uploads\/2024\/04\/III.jpg","width":1200,"height":675},{"@type":"BreadcrumbList","@id":"https:\/\/www.tapasmagazine.es\/en\/millesime-fest-will-bring-together-top-chefs-and-artists-gastro-musical-event-of-the-year\/#breadcrumb","itemListElement":[{"@type":"ListItem","position":1,"name":"Portada","item":"https:\/\/www.tapasmagazine.es\/"},{"@type":"ListItem","position":2,"name":"Planes","item":"https:\/\/www.tapasmagazine.es\/en\/categorias\/planes-en\/"},{"@type":"ListItem","position":3,"name":"Millesime Fest will bring together top chefs and artists in the gastro-musical event of the year"}]},{"@type":"WebSite","@id":"https:\/\/www.tapasmagazine.es\/#website","url":"https:\/\/www.tapasmagazine.es\/","name":"Tapas","description":"\u00d1am \u00d1am Lifestyle. La vida a bocados. Premio Nacional de Gastronom\u00eda 2016.","publisher":{"@id":"https:\/\/www.tapasmagazine.es\/#organization"},"potentialAction":[{"@type":"SearchAction","target":{"@type":"EntryPoint","urlTemplate":"https:\/\/www.tapasmagazine.es\/?s={search_term_string}"},"query-input":{"@type":"PropertyValueSpecification","valueRequired":true,"valueName":"search_term_string"}}],"inLanguage":"en-US"},{"@type":"Organization","@id":"https:\/\/www.tapasmagazine.es\/#organization","name":"Tapas Magazine","url":"https:\/\/www.tapasmagazine.es\/","logo":{"@type":"ImageObject","inLanguage":"en-US","@id":"https:\/\/www.tapasmagazine.es\/#\/schema\/logo\/image\/","url":"https:\/\/www.tapasmagazine.es\/wp-content\/uploads\/2018\/01\/logo.png","contentUrl":"https:\/\/www.tapasmagazine.es\/wp-content\/uploads\/2018\/01\/logo.png","width":180,"height":60,"caption":"Tapas Magazine"},"image":{"@id":"https:\/\/www.tapasmagazine.es\/#\/schema\/logo\/image\/"},"sameAs":["https:\/\/www.facebook.com\/tapasmagazine","https:\/\/x.com\/TapasMagazine","https:\/\/www.instagram.com\/tapasmagazine\/","https:\/\/www.linkedin.com\/company\/tapas-magazine","https:\/\/es.pinterest.com\/tapasmagazine\/","https:\/\/www.youtube.com\/channel\/UCEyxneAaACuR0lfDagrWjjg?sub_confirmation=1"]},{"@type":"Person","@id":"https:\/\/www.tapasmagazine.es\/#\/schema\/person\/ea9005ac2d36a0c25f3e81c47da0182f","name":"Tapas Magazine","url":"https:\/\/www.tapasmagazine.es\/en\/author\/tapas-magazine\/"}]}},"_links":{"self":[{"href":"https:\/\/www.tapasmagazine.es\/en\/wp-json\/wp\/v2\/posts\/246459","targetHints":{"allow":["GET"]}}],"collection":[{"href":"https:\/\/www.tapasmagazine.es\/en\/wp-json\/wp\/v2\/posts"}],"about":[{"href":"https:\/\/www.tapasmagazine.es\/en\/wp-json\/wp\/v2\/types\/post"}],"author":[{"embeddable":true,"href":"https:\/\/www.tapasmagazine.es\/en\/wp-json\/wp\/v2\/users\/318"}],"replies":[{"embeddable":true,"href":"https:\/\/www.tapasmagazine.es\/en\/wp-json\/wp\/v2\/comments?post=246459"}],"version-history":[{"count":2,"href":"https:\/\/www.tapasmagazine.es\/en\/wp-json\/wp\/v2\/posts\/246459\/revisions"}],"predecessor-version":[{"id":246479,"href":"https:\/\/www.tapasmagazine.es\/en\/wp-json\/wp\/v2\/posts\/246459\/revisions\/246479"}],"wp:featuredmedia":[{"embeddable":true,"href":"https:\/\/www.tapasmagazine.es\/en\/wp-json\/wp\/v2\/media\/246481"}],"wp:attachment":[{"href":"https:\/\/www.tapasmagazine.es\/en\/wp-json\/wp\/v2\/media?parent=246459"}],"wp:term":[{"taxonomy":"category","embeddable":true,"href":"https:\/\/www.tapasmagazine.es\/en\/wp-json\/wp\/v2\/categories?post=246459"},{"taxonomy":"post_tag","embeddable":true,"href":"https:\/\/www.tapasmagazine.es\/en\/wp-json\/wp\/v2\/tags?post=246459"}],"curies":[{"name":"wp","href":"https:\/\/api.w.org\/{rel}","templated":true}]}}