{"id":246404,"date":"2024-04-23T12:23:26","date_gmt":"2024-04-23T10:23:26","guid":{"rendered":"https:\/\/www.tapasmagazine.es\/quien-es-gregorio-jimenez-presidente-de-burger-king-y-nuevo-dueno-de-wow-gran-via\/"},"modified":"2024-04-23T12:26:56","modified_gmt":"2024-04-23T10:26:56","slug":"who-is-gregorio-jimenez-president-bk-new-owner-wow-gran-via","status":"publish","type":"post","link":"https:\/\/www.tapasmagazine.es\/en\/who-is-gregorio-jimenez-president-bk-new-owner-wow-gran-via\/","title":{"rendered":"Who is Gregorio Jim\u00e9nez, president of Burger King and new owner of WOW Gran V\u00eda"},"content":{"rendered":"\n<p><strong>Click <a href=\"https:\/\/www.tapasmagazine.es\/quien-es-gregorio-jimenez-presidente-de-burger-king-y-nuevo-dueno-de-wow-gran-via\/\" target=\"_blank\" rel=\"noreferrer noopener\">here<\/a> to read the Spanish version.<\/strong><\/p>\n\n\n\n<p><strong>WOW Concept <\/strong>changes its director. Jim\u00e9nez has just reached an agreement to acquire the Madrid building for<strong> 70 million euros<\/strong>: a transaction that is expected to be made official this Friday.<\/p>\n\n\n\n<p>The building, leased for two years to the former president of El Corte Ingl\u00e9s, Dimas Gimeno, has been owned by the funds Cbre IM and IBA Capital since its acquisition in 2017 for about 45 million euros.<\/p>\n\n\n<div class=\"wp-block-image\">\n<figure class=\"aligncenter size-large is-resized\"><img decoding=\"async\" width=\"684\" height=\"1024\" src=\"https:\/\/www.tapasmagazine.es\/wp-content\/uploads\/2024\/04\/wow-concept-2-684x1024.jpg\" alt=\"\" class=\"wp-image-246391\" style=\"width:1146px;height:auto\" srcset=\"https:\/\/www.tapasmagazine.es\/wp-content\/uploads\/2024\/04\/wow-concept-2-684x1024.jpg 684w, https:\/\/www.tapasmagazine.es\/wp-content\/uploads\/2024\/04\/wow-concept-2-200x300.jpg 200w, https:\/\/www.tapasmagazine.es\/wp-content\/uploads\/2024\/04\/wow-concept-2-768x1150.jpg 768w, https:\/\/www.tapasmagazine.es\/wp-content\/uploads\/2024\/04\/wow-concept-2-400x599.jpg 400w, https:\/\/www.tapasmagazine.es\/wp-content\/uploads\/2024\/04\/wow-concept-2.jpg 980w\" sizes=\"(max-width: 684px) 100vw, 684px\" \/><\/figure>\n<\/div>\n\n\n<p>The sale and purchase agreement includes the viability of the tenant and its agreed rent of 3.15 million. A negotiation with which Jim\u00e9nez becomes the new owner of WOW Concept, marking his first foray into the world of retail. His real estate portfolio did not yet include the fashion sector, which will now coexist with his Burger King, McDonald&#8217;s, Popeyes and Tim Hortons stores.<\/p>\n\n\n\n<p>Jimenez founded Restaurant Brands Iberia (RBI) in 1981 and has led the company for the past 30 years. However, in January he moved to the position of non-executive chairman after being replaced by Luis Herault.<\/p>\n\n\n<div class=\"wp-block-image\">\n<figure class=\"aligncenter size-large is-resized\"><img decoding=\"async\" width=\"1024\" height=\"683\" src=\"https:\/\/www.tapasmagazine.es\/wp-content\/uploads\/2024\/04\/wow-concept-1-1024x683.jpg\" alt=\"\" class=\"wp-image-246393\" style=\"width:954px;height:auto\" srcset=\"https:\/\/www.tapasmagazine.es\/wp-content\/uploads\/2024\/04\/wow-concept-1-1024x683.jpg 1024w, https:\/\/www.tapasmagazine.es\/wp-content\/uploads\/2024\/04\/wow-concept-1-300x200.jpg 300w, https:\/\/www.tapasmagazine.es\/wp-content\/uploads\/2024\/04\/wow-concept-1-768x512.jpg 768w, https:\/\/www.tapasmagazine.es\/wp-content\/uploads\/2024\/04\/wow-concept-1-1000x667.jpg 1000w, https:\/\/www.tapasmagazine.es\/wp-content\/uploads\/2024\/04\/wow-concept-1-400x267.jpg 400w, https:\/\/www.tapasmagazine.es\/wp-content\/uploads\/2024\/04\/wow-concept-1.jpg 1200w\" sizes=\"(max-width: 1024px) 100vw, 1024px\" \/><\/figure>\n<\/div>\n\n\n<p>As for <strong>Gimeno<\/strong>&#8216;s company, it closed 2022 with losses of 14 million euros and profits of 4.3 million euros. Results justified by the founder himself for being &#8216;an emerging company&#8217;, assuring that the beginnings require investment and that sales &#8216;take time to arrive&#8217;. Now, the company intends to expand and attract new brands, both niche and luxury, which also exhibits in the store it owns in Serrano.<\/p>\n\n\n\n<h3 class=\"wp-block-heading\"><strong>New restoration project at WOW<\/strong><\/h3>\n\n\n\n<p>With this acquisition, Jim\u00e9nez also shows his support for Dimas&#8217; new restaurant plan, which is awaiting final approval from the Madrid City Council. A gastronomic project in which to develop events, which will open on the fifth floor and on the rooftop of the building. Spaces in which previously had a restaurant that had to close due to incompatibilities of licenses.<\/p>\n","protected":false},"excerpt":{"rendered":"<p>Click here to read the Spanish version. WOW Concept changes its director. Jim\u00e9nez has just reached an agreement to acquire the Madrid building for 70 million euros: a transaction that is expected to be made official this Friday. The building, leased for two years to the former president of El Corte Ingl\u00e9s, Dimas Gimeno, has [&hellip;]<\/p>\n","protected":false},"author":318,"featured_media":246390,"comment_status":"closed","ping_status":"closed","sticky":false,"template":"","format":"standard","meta":{"_acf_changed":false,"footnotes":""},"categories":[15812,15802],"tags":[17825,18921],"class_list":["post-246404","post","type-post","status-publish","format-standard","has-post-thumbnail","hentry","category-breaking-news","category-news","tag-burger-king-en","tag-gregorio-jimenez-en","cat-15812-id","cat-15802-id"],"acf":[],"yoast_head":"<!-- This site is optimized with the Yoast SEO plugin v27.4 - https:\/\/yoast.com\/product\/yoast-seo-wordpress\/ -->\n<title>Who is Gregorio Jim\u00e9nez, president of Burger King and new owner of WOW Gran V\u00eda - Tapas<\/title>\n<meta name=\"description\" content=\"Click here to read the Spanish version. WOW Concept changes its director. Jim\u00e9nez has just reached an agreement to acquire the Madrid building for 70\" \/>\n<meta name=\"robots\" content=\"index, follow, max-snippet:-1, max-image-preview:large, max-video-preview:-1\" \/>\n<link rel=\"canonical\" href=\"https:\/\/www.tapasmagazine.es\/en\/who-is-gregorio-jimenez-president-bk-new-owner-wow-gran-via\/\" \/>\n<meta property=\"og:locale\" content=\"en_US\" \/>\n<meta property=\"og:type\" content=\"article\" \/>\n<meta property=\"og:title\" content=\"Who is Gregorio Jim\u00e9nez, president of Burger King and new owner of WOW Gran V\u00eda - Tapas\" \/>\n<meta property=\"og:description\" content=\"Click here to read the Spanish version. WOW Concept changes its director. Jim\u00e9nez has just reached an agreement to acquire the Madrid building for 70\" \/>\n<meta property=\"og:url\" content=\"https:\/\/www.tapasmagazine.es\/en\/who-is-gregorio-jimenez-president-bk-new-owner-wow-gran-via\/\" \/>\n<meta property=\"og:site_name\" content=\"Tapas\" \/>\n<meta property=\"article:publisher\" content=\"https:\/\/www.facebook.com\/tapasmagazine\" \/>\n<meta property=\"article:published_time\" content=\"2024-04-23T10:23:26+00:00\" \/>\n<meta property=\"article:modified_time\" content=\"2024-04-23T10:26:56+00:00\" \/>\n<meta property=\"og:image\" content=\"https:\/\/www.tapasmagazine.es\/wp-content\/uploads\/2024\/04\/gregorio-jimenez.jpg\" \/>\n\t<meta property=\"og:image:width\" content=\"1200\" \/>\n\t<meta property=\"og:image:height\" content=\"675\" \/>\n\t<meta property=\"og:image:type\" content=\"image\/jpeg\" \/>\n<meta name=\"author\" content=\"Tapas Magazine\" \/>\n<meta name=\"twitter:card\" content=\"summary_large_image\" \/>\n<meta name=\"twitter:creator\" content=\"@TapasMagazine\" \/>\n<meta name=\"twitter:site\" content=\"@TapasMagazine\" \/>\n<meta name=\"twitter:label1\" content=\"Written by\" \/>\n\t<meta name=\"twitter:data1\" content=\"Tapas Magazine\" \/>\n\t<meta name=\"twitter:label2\" content=\"Est. reading time\" \/>\n\t<meta name=\"twitter:data2\" content=\"3 minutes\" \/>\n<script type=\"application\/ld+json\" class=\"yoast-schema-graph\">{\"@context\":\"https:\\\/\\\/schema.org\",\"@graph\":[{\"@type\":\"Article\",\"@id\":\"https:\\\/\\\/www.tapasmagazine.es\\\/en\\\/who-is-gregorio-jimenez-president-bk-new-owner-wow-gran-via\\\/#article\",\"isPartOf\":{\"@id\":\"https:\\\/\\\/www.tapasmagazine.es\\\/en\\\/who-is-gregorio-jimenez-president-bk-new-owner-wow-gran-via\\\/\"},\"author\":{\"name\":\"Tapas Magazine\",\"@id\":\"https:\\\/\\\/www.tapasmagazine.es\\\/#\\\/schema\\\/person\\\/ea9005ac2d36a0c25f3e81c47da0182f\"},\"headline\":\"Who is Gregorio Jim\u00e9nez, president of Burger King and new owner of WOW Gran V\u00eda\",\"datePublished\":\"2024-04-23T10:23:26+00:00\",\"dateModified\":\"2024-04-23T10:26:56+00:00\",\"mainEntityOfPage\":{\"@id\":\"https:\\\/\\\/www.tapasmagazine.es\\\/en\\\/who-is-gregorio-jimenez-president-bk-new-owner-wow-gran-via\\\/\"},\"wordCount\":321,\"publisher\":{\"@id\":\"https:\\\/\\\/www.tapasmagazine.es\\\/#organization\"},\"image\":{\"@id\":\"https:\\\/\\\/www.tapasmagazine.es\\\/en\\\/who-is-gregorio-jimenez-president-bk-new-owner-wow-gran-via\\\/#primaryimage\"},\"thumbnailUrl\":\"https:\\\/\\\/www.tapasmagazine.es\\\/wp-content\\\/uploads\\\/2024\\\/04\\\/gregorio-jimenez.jpg\",\"keywords\":[\"Burger King\",\"Gregorio Jim\u00e9nez\"],\"articleSection\":[\"Breaking News\",\"News\"],\"inLanguage\":\"en-US\"},{\"@type\":\"WebPage\",\"@id\":\"https:\\\/\\\/www.tapasmagazine.es\\\/en\\\/who-is-gregorio-jimenez-president-bk-new-owner-wow-gran-via\\\/\",\"url\":\"https:\\\/\\\/www.tapasmagazine.es\\\/en\\\/who-is-gregorio-jimenez-president-bk-new-owner-wow-gran-via\\\/\",\"name\":\"Who is Gregorio Jim\u00e9nez, president of Burger King and new owner of WOW Gran V\u00eda - Tapas\",\"isPartOf\":{\"@id\":\"https:\\\/\\\/www.tapasmagazine.es\\\/#website\"},\"primaryImageOfPage\":{\"@id\":\"https:\\\/\\\/www.tapasmagazine.es\\\/en\\\/who-is-gregorio-jimenez-president-bk-new-owner-wow-gran-via\\\/#primaryimage\"},\"image\":{\"@id\":\"https:\\\/\\\/www.tapasmagazine.es\\\/en\\\/who-is-gregorio-jimenez-president-bk-new-owner-wow-gran-via\\\/#primaryimage\"},\"thumbnailUrl\":\"https:\\\/\\\/www.tapasmagazine.es\\\/wp-content\\\/uploads\\\/2024\\\/04\\\/gregorio-jimenez.jpg\",\"datePublished\":\"2024-04-23T10:23:26+00:00\",\"dateModified\":\"2024-04-23T10:26:56+00:00\",\"description\":\"Click here to read the Spanish version. WOW Concept changes its director. Jim\u00e9nez has just reached an agreement to acquire the Madrid building for 70\",\"breadcrumb\":{\"@id\":\"https:\\\/\\\/www.tapasmagazine.es\\\/en\\\/who-is-gregorio-jimenez-president-bk-new-owner-wow-gran-via\\\/#breadcrumb\"},\"inLanguage\":\"en-US\",\"potentialAction\":[{\"@type\":\"ReadAction\",\"target\":[\"https:\\\/\\\/www.tapasmagazine.es\\\/en\\\/who-is-gregorio-jimenez-president-bk-new-owner-wow-gran-via\\\/\"]}]},{\"@type\":\"ImageObject\",\"inLanguage\":\"en-US\",\"@id\":\"https:\\\/\\\/www.tapasmagazine.es\\\/en\\\/who-is-gregorio-jimenez-president-bk-new-owner-wow-gran-via\\\/#primaryimage\",\"url\":\"https:\\\/\\\/www.tapasmagazine.es\\\/wp-content\\\/uploads\\\/2024\\\/04\\\/gregorio-jimenez.jpg\",\"contentUrl\":\"https:\\\/\\\/www.tapasmagazine.es\\\/wp-content\\\/uploads\\\/2024\\\/04\\\/gregorio-jimenez.jpg\",\"width\":1200,\"height\":675},{\"@type\":\"BreadcrumbList\",\"@id\":\"https:\\\/\\\/www.tapasmagazine.es\\\/en\\\/who-is-gregorio-jimenez-president-bk-new-owner-wow-gran-via\\\/#breadcrumb\",\"itemListElement\":[{\"@type\":\"ListItem\",\"position\":1,\"name\":\"Portada\",\"item\":\"https:\\\/\\\/www.tapasmagazine.es\\\/\"},{\"@type\":\"ListItem\",\"position\":2,\"name\":\"News\",\"item\":\"https:\\\/\\\/www.tapasmagazine.es\\\/en\\\/categorias\\\/news\\\/\"},{\"@type\":\"ListItem\",\"position\":3,\"name\":\"Who is Gregorio Jim\u00e9nez, president of Burger King and new owner of WOW Gran V\u00eda\"}]},{\"@type\":\"WebSite\",\"@id\":\"https:\\\/\\\/www.tapasmagazine.es\\\/#website\",\"url\":\"https:\\\/\\\/www.tapasmagazine.es\\\/\",\"name\":\"Tapas\",\"description\":\"\u00d1am \u00d1am Lifestyle. La vida a bocados. Premio Nacional de Gastronom\u00eda 2016.\",\"publisher\":{\"@id\":\"https:\\\/\\\/www.tapasmagazine.es\\\/#organization\"},\"potentialAction\":[{\"@type\":\"SearchAction\",\"target\":{\"@type\":\"EntryPoint\",\"urlTemplate\":\"https:\\\/\\\/www.tapasmagazine.es\\\/?s={search_term_string}\"},\"query-input\":{\"@type\":\"PropertyValueSpecification\",\"valueRequired\":true,\"valueName\":\"search_term_string\"}}],\"inLanguage\":\"en-US\"},{\"@type\":\"Organization\",\"@id\":\"https:\\\/\\\/www.tapasmagazine.es\\\/#organization\",\"name\":\"Tapas Magazine\",\"url\":\"https:\\\/\\\/www.tapasmagazine.es\\\/\",\"logo\":{\"@type\":\"ImageObject\",\"inLanguage\":\"en-US\",\"@id\":\"https:\\\/\\\/www.tapasmagazine.es\\\/#\\\/schema\\\/logo\\\/image\\\/\",\"url\":\"https:\\\/\\\/www.tapasmagazine.es\\\/wp-content\\\/uploads\\\/2018\\\/01\\\/logo.png\",\"contentUrl\":\"https:\\\/\\\/www.tapasmagazine.es\\\/wp-content\\\/uploads\\\/2018\\\/01\\\/logo.png\",\"width\":180,\"height\":60,\"caption\":\"Tapas Magazine\"},\"image\":{\"@id\":\"https:\\\/\\\/www.tapasmagazine.es\\\/#\\\/schema\\\/logo\\\/image\\\/\"},\"sameAs\":[\"https:\\\/\\\/www.facebook.com\\\/tapasmagazine\",\"https:\\\/\\\/x.com\\\/TapasMagazine\",\"https:\\\/\\\/www.instagram.com\\\/tapasmagazine\\\/\",\"https:\\\/\\\/www.linkedin.com\\\/company\\\/tapas-magazine\",\"https:\\\/\\\/es.pinterest.com\\\/tapasmagazine\\\/\",\"https:\\\/\\\/www.youtube.com\\\/channel\\\/UCEyxneAaACuR0lfDagrWjjg?sub_confirmation=1\"]},{\"@type\":\"Person\",\"@id\":\"https:\\\/\\\/www.tapasmagazine.es\\\/#\\\/schema\\\/person\\\/ea9005ac2d36a0c25f3e81c47da0182f\",\"name\":\"Tapas Magazine\",\"url\":\"https:\\\/\\\/www.tapasmagazine.es\\\/en\\\/author\\\/tapas-magazine\\\/\"}]}<\/script>\n<!-- \/ Yoast SEO plugin. -->","yoast_head_json":{"title":"Who is Gregorio Jim\u00e9nez, president of Burger King and new owner of WOW Gran V\u00eda - Tapas","description":"Click here to read the Spanish version. WOW Concept changes its director. Jim\u00e9nez has just reached an agreement to acquire the Madrid building for 70","robots":{"index":"index","follow":"follow","max-snippet":"max-snippet:-1","max-image-preview":"max-image-preview:large","max-video-preview":"max-video-preview:-1"},"canonical":"https:\/\/www.tapasmagazine.es\/en\/who-is-gregorio-jimenez-president-bk-new-owner-wow-gran-via\/","og_locale":"en_US","og_type":"article","og_title":"Who is Gregorio Jim\u00e9nez, president of Burger King and new owner of WOW Gran V\u00eda - Tapas","og_description":"Click here to read the Spanish version. WOW Concept changes its director. Jim\u00e9nez has just reached an agreement to acquire the Madrid building for 70","og_url":"https:\/\/www.tapasmagazine.es\/en\/who-is-gregorio-jimenez-president-bk-new-owner-wow-gran-via\/","og_site_name":"Tapas","article_publisher":"https:\/\/www.facebook.com\/tapasmagazine","article_published_time":"2024-04-23T10:23:26+00:00","article_modified_time":"2024-04-23T10:26:56+00:00","og_image":[{"width":1200,"height":675,"url":"https:\/\/www.tapasmagazine.es\/wp-content\/uploads\/2024\/04\/gregorio-jimenez.jpg","type":"image\/jpeg"}],"author":"Tapas Magazine","twitter_card":"summary_large_image","twitter_creator":"@TapasMagazine","twitter_site":"@TapasMagazine","twitter_misc":{"Written by":"Tapas Magazine","Est. reading time":"3 minutes"},"schema":{"@context":"https:\/\/schema.org","@graph":[{"@type":"Article","@id":"https:\/\/www.tapasmagazine.es\/en\/who-is-gregorio-jimenez-president-bk-new-owner-wow-gran-via\/#article","isPartOf":{"@id":"https:\/\/www.tapasmagazine.es\/en\/who-is-gregorio-jimenez-president-bk-new-owner-wow-gran-via\/"},"author":{"name":"Tapas Magazine","@id":"https:\/\/www.tapasmagazine.es\/#\/schema\/person\/ea9005ac2d36a0c25f3e81c47da0182f"},"headline":"Who is Gregorio Jim\u00e9nez, president of Burger King and new owner of WOW Gran V\u00eda","datePublished":"2024-04-23T10:23:26+00:00","dateModified":"2024-04-23T10:26:56+00:00","mainEntityOfPage":{"@id":"https:\/\/www.tapasmagazine.es\/en\/who-is-gregorio-jimenez-president-bk-new-owner-wow-gran-via\/"},"wordCount":321,"publisher":{"@id":"https:\/\/www.tapasmagazine.es\/#organization"},"image":{"@id":"https:\/\/www.tapasmagazine.es\/en\/who-is-gregorio-jimenez-president-bk-new-owner-wow-gran-via\/#primaryimage"},"thumbnailUrl":"https:\/\/www.tapasmagazine.es\/wp-content\/uploads\/2024\/04\/gregorio-jimenez.jpg","keywords":["Burger King","Gregorio Jim\u00e9nez"],"articleSection":["Breaking News","News"],"inLanguage":"en-US"},{"@type":"WebPage","@id":"https:\/\/www.tapasmagazine.es\/en\/who-is-gregorio-jimenez-president-bk-new-owner-wow-gran-via\/","url":"https:\/\/www.tapasmagazine.es\/en\/who-is-gregorio-jimenez-president-bk-new-owner-wow-gran-via\/","name":"Who is Gregorio Jim\u00e9nez, president of Burger King and new owner of WOW Gran V\u00eda - Tapas","isPartOf":{"@id":"https:\/\/www.tapasmagazine.es\/#website"},"primaryImageOfPage":{"@id":"https:\/\/www.tapasmagazine.es\/en\/who-is-gregorio-jimenez-president-bk-new-owner-wow-gran-via\/#primaryimage"},"image":{"@id":"https:\/\/www.tapasmagazine.es\/en\/who-is-gregorio-jimenez-president-bk-new-owner-wow-gran-via\/#primaryimage"},"thumbnailUrl":"https:\/\/www.tapasmagazine.es\/wp-content\/uploads\/2024\/04\/gregorio-jimenez.jpg","datePublished":"2024-04-23T10:23:26+00:00","dateModified":"2024-04-23T10:26:56+00:00","description":"Click here to read the Spanish version. WOW Concept changes its director. Jim\u00e9nez has just reached an agreement to acquire the Madrid building for 70","breadcrumb":{"@id":"https:\/\/www.tapasmagazine.es\/en\/who-is-gregorio-jimenez-president-bk-new-owner-wow-gran-via\/#breadcrumb"},"inLanguage":"en-US","potentialAction":[{"@type":"ReadAction","target":["https:\/\/www.tapasmagazine.es\/en\/who-is-gregorio-jimenez-president-bk-new-owner-wow-gran-via\/"]}]},{"@type":"ImageObject","inLanguage":"en-US","@id":"https:\/\/www.tapasmagazine.es\/en\/who-is-gregorio-jimenez-president-bk-new-owner-wow-gran-via\/#primaryimage","url":"https:\/\/www.tapasmagazine.es\/wp-content\/uploads\/2024\/04\/gregorio-jimenez.jpg","contentUrl":"https:\/\/www.tapasmagazine.es\/wp-content\/uploads\/2024\/04\/gregorio-jimenez.jpg","width":1200,"height":675},{"@type":"BreadcrumbList","@id":"https:\/\/www.tapasmagazine.es\/en\/who-is-gregorio-jimenez-president-bk-new-owner-wow-gran-via\/#breadcrumb","itemListElement":[{"@type":"ListItem","position":1,"name":"Portada","item":"https:\/\/www.tapasmagazine.es\/"},{"@type":"ListItem","position":2,"name":"News","item":"https:\/\/www.tapasmagazine.es\/en\/categorias\/news\/"},{"@type":"ListItem","position":3,"name":"Who is Gregorio Jim\u00e9nez, president of Burger King and new owner of WOW Gran V\u00eda"}]},{"@type":"WebSite","@id":"https:\/\/www.tapasmagazine.es\/#website","url":"https:\/\/www.tapasmagazine.es\/","name":"Tapas","description":"\u00d1am \u00d1am Lifestyle. La vida a bocados. Premio Nacional de Gastronom\u00eda 2016.","publisher":{"@id":"https:\/\/www.tapasmagazine.es\/#organization"},"potentialAction":[{"@type":"SearchAction","target":{"@type":"EntryPoint","urlTemplate":"https:\/\/www.tapasmagazine.es\/?s={search_term_string}"},"query-input":{"@type":"PropertyValueSpecification","valueRequired":true,"valueName":"search_term_string"}}],"inLanguage":"en-US"},{"@type":"Organization","@id":"https:\/\/www.tapasmagazine.es\/#organization","name":"Tapas Magazine","url":"https:\/\/www.tapasmagazine.es\/","logo":{"@type":"ImageObject","inLanguage":"en-US","@id":"https:\/\/www.tapasmagazine.es\/#\/schema\/logo\/image\/","url":"https:\/\/www.tapasmagazine.es\/wp-content\/uploads\/2018\/01\/logo.png","contentUrl":"https:\/\/www.tapasmagazine.es\/wp-content\/uploads\/2018\/01\/logo.png","width":180,"height":60,"caption":"Tapas Magazine"},"image":{"@id":"https:\/\/www.tapasmagazine.es\/#\/schema\/logo\/image\/"},"sameAs":["https:\/\/www.facebook.com\/tapasmagazine","https:\/\/x.com\/TapasMagazine","https:\/\/www.instagram.com\/tapasmagazine\/","https:\/\/www.linkedin.com\/company\/tapas-magazine","https:\/\/es.pinterest.com\/tapasmagazine\/","https:\/\/www.youtube.com\/channel\/UCEyxneAaACuR0lfDagrWjjg?sub_confirmation=1"]},{"@type":"Person","@id":"https:\/\/www.tapasmagazine.es\/#\/schema\/person\/ea9005ac2d36a0c25f3e81c47da0182f","name":"Tapas Magazine","url":"https:\/\/www.tapasmagazine.es\/en\/author\/tapas-magazine\/"}]}},"_links":{"self":[{"href":"https:\/\/www.tapasmagazine.es\/en\/wp-json\/wp\/v2\/posts\/246404","targetHints":{"allow":["GET"]}}],"collection":[{"href":"https:\/\/www.tapasmagazine.es\/en\/wp-json\/wp\/v2\/posts"}],"about":[{"href":"https:\/\/www.tapasmagazine.es\/en\/wp-json\/wp\/v2\/types\/post"}],"author":[{"embeddable":true,"href":"https:\/\/www.tapasmagazine.es\/en\/wp-json\/wp\/v2\/users\/318"}],"replies":[{"embeddable":true,"href":"https:\/\/www.tapasmagazine.es\/en\/wp-json\/wp\/v2\/comments?post=246404"}],"version-history":[{"count":1,"href":"https:\/\/www.tapasmagazine.es\/en\/wp-json\/wp\/v2\/posts\/246404\/revisions"}],"predecessor-version":[{"id":246411,"href":"https:\/\/www.tapasmagazine.es\/en\/wp-json\/wp\/v2\/posts\/246404\/revisions\/246411"}],"wp:featuredmedia":[{"embeddable":true,"href":"https:\/\/www.tapasmagazine.es\/en\/wp-json\/wp\/v2\/media\/246390"}],"wp:attachment":[{"href":"https:\/\/www.tapasmagazine.es\/en\/wp-json\/wp\/v2\/media?parent=246404"}],"wp:term":[{"taxonomy":"category","embeddable":true,"href":"https:\/\/www.tapasmagazine.es\/en\/wp-json\/wp\/v2\/categories?post=246404"},{"taxonomy":"post_tag","embeddable":true,"href":"https:\/\/www.tapasmagazine.es\/en\/wp-json\/wp\/v2\/tags?post=246404"}],"curies":[{"name":"wp","href":"https:\/\/api.w.org\/{rel}","templated":true}]}}