{"id":246362,"date":"2024-04-23T10:43:20","date_gmt":"2024-04-23T08:43:20","guid":{"rendered":"https:\/\/www.tapasmagazine.es\/pablo-isla-se-convierte-en-el-nuevo-vicepresidente-de-nestle\/"},"modified":"2024-04-23T10:56:18","modified_gmt":"2024-04-23T08:56:18","slug":"pablo-iusla-becomes-nestle-new-vice-president","status":"publish","type":"post","link":"https:\/\/www.tapasmagazine.es\/en\/pablo-iusla-becomes-nestle-new-vice-president\/","title":{"rendered":"Pablo Isla becomes Nestl\u00e9&#8217;s new Vice President"},"content":{"rendered":"\n<p><strong>Click <a href=\"https:\/\/www.tapasmagazine.es\/pablo-isla-se-convierte-en-el-nuevo-vicepresidente-de-nestle\/\" target=\"_blank\" rel=\"noreferrer noopener\">here<\/a> to read the Spanish version.<\/strong><\/p>\n\n\n\n<p><strong>Nestl\u00e9<\/strong>, the world&#8217;s largest food company, approved during its last general shareholders&#8217; meeting the appointment of Pablo Isla as the new vice-chairman of its board of directors, coordinating director and chairman of the Swiss conglomerate&#8217;s nomination committee, which closed 2023 with a turnover of close to 96 billion euros.<\/p>\n\n\n\n<p>Isla replaces Frenchman <strong>Henri de Castries<\/strong>, who held the position for 12 years. The ascension to the vice-presidency of the former executive chairman of the INDITEX group until 2022 makes him the second most important figure on Nestl\u00e9&#8217;s board of directors, behind chairman<strong> Paul Bulcke<\/strong>.<\/p>\n\n\n\n<figure class=\"wp-block-image size-large\"><img decoding=\"async\" width=\"1024\" height=\"538\" src=\"https:\/\/www.tapasmagazine.es\/wp-content\/uploads\/2024\/04\/nestle-1024x538.jpg\" alt=\"\" class=\"wp-image-246358\" srcset=\"https:\/\/www.tapasmagazine.es\/wp-content\/uploads\/2024\/04\/nestle-1024x538.jpg 1024w, https:\/\/www.tapasmagazine.es\/wp-content\/uploads\/2024\/04\/nestle-300x158.jpg 300w, https:\/\/www.tapasmagazine.es\/wp-content\/uploads\/2024\/04\/nestle-768x403.jpg 768w, https:\/\/www.tapasmagazine.es\/wp-content\/uploads\/2024\/04\/nestle-1000x525.jpg 1000w, https:\/\/www.tapasmagazine.es\/wp-content\/uploads\/2024\/04\/nestle-400x210.jpg 400w, https:\/\/www.tapasmagazine.es\/wp-content\/uploads\/2024\/04\/nestle.jpg 1200w\" sizes=\"(max-width: 1024px) 100vw, 1024px\" \/><\/figure>\n\n\n\n<p>The Spanish executive, who will focus on the search for and analysis of new investment opportunities and on maximizing the group&#8217;s growth potential, will combine this position with that of <strong>CEO<\/strong> of <strong>Fonte Films<\/strong>, the film production company he founded after leaving the textile giant. In addition, he will maintain his position as global senior advisor at Cinven, the British venture capital giant, as well as chairing the international advisory board of IE University Madrid.<\/p>\n","protected":false},"excerpt":{"rendered":"<p>Click here to read the Spanish version. Nestl\u00e9, the world&#8217;s largest food company, approved during its last general shareholders&#8217; meeting the appointment of Pablo Isla as the new vice-chairman of its board of directors, coordinating director and chairman of the Swiss conglomerate&#8217;s nomination committee, which closed 2023 with a turnover of close to 96 billion [&hellip;]<\/p>\n","protected":false},"author":318,"featured_media":246357,"comment_status":"closed","ping_status":"closed","sticky":false,"template":"","format":"standard","meta":{"_acf_changed":false,"footnotes":""},"categories":[15812],"tags":[18830],"class_list":["post-246362","post","type-post","status-publish","format-standard","has-post-thumbnail","hentry","category-breaking-news","tag-nestle-en","cat-15812-id"],"acf":[],"yoast_head":"<!-- This site is optimized with the Yoast SEO plugin v27.4 - https:\/\/yoast.com\/product\/yoast-seo-wordpress\/ -->\n<title>Pablo Isla becomes Nestl\u00e9&#039;s new Vice President - Tapas<\/title>\n<meta name=\"description\" content=\"Click here to read the Spanish version. Nestl\u00e9, the world&#039;s largest food company, approved during its last general shareholders&#039; meeting the appointment\" \/>\n<meta name=\"robots\" content=\"index, follow, max-snippet:-1, max-image-preview:large, max-video-preview:-1\" \/>\n<link rel=\"canonical\" href=\"https:\/\/www.tapasmagazine.es\/en\/pablo-iusla-becomes-nestle-new-vice-president\/\" \/>\n<meta property=\"og:locale\" content=\"en_US\" \/>\n<meta property=\"og:type\" content=\"article\" \/>\n<meta property=\"og:title\" content=\"Pablo Isla becomes Nestl\u00e9&#039;s new Vice President - Tapas\" \/>\n<meta property=\"og:description\" content=\"Click here to read the Spanish version. Nestl\u00e9, the world&#039;s largest food company, approved during its last general shareholders&#039; meeting the appointment\" \/>\n<meta property=\"og:url\" content=\"https:\/\/www.tapasmagazine.es\/en\/pablo-iusla-becomes-nestle-new-vice-president\/\" \/>\n<meta property=\"og:site_name\" content=\"Tapas\" \/>\n<meta property=\"article:publisher\" content=\"https:\/\/www.facebook.com\/tapasmagazine\" \/>\n<meta property=\"article:published_time\" content=\"2024-04-23T08:43:20+00:00\" \/>\n<meta property=\"article:modified_time\" content=\"2024-04-23T08:56:18+00:00\" \/>\n<meta property=\"og:image\" content=\"https:\/\/www.tapasmagazine.es\/wp-content\/uploads\/2024\/04\/isla.jpg\" \/>\n\t<meta property=\"og:image:width\" content=\"1200\" \/>\n\t<meta property=\"og:image:height\" content=\"675\" \/>\n\t<meta property=\"og:image:type\" content=\"image\/jpeg\" \/>\n<meta name=\"author\" content=\"Tapas Magazine\" \/>\n<meta name=\"twitter:card\" content=\"summary_large_image\" \/>\n<meta name=\"twitter:creator\" content=\"@TapasMagazine\" \/>\n<meta name=\"twitter:site\" content=\"@TapasMagazine\" \/>\n<meta name=\"twitter:label1\" content=\"Written by\" \/>\n\t<meta name=\"twitter:data1\" content=\"Tapas Magazine\" \/>\n\t<meta name=\"twitter:label2\" content=\"Est. reading time\" \/>\n\t<meta name=\"twitter:data2\" content=\"2 minutes\" \/>\n<script type=\"application\/ld+json\" class=\"yoast-schema-graph\">{\"@context\":\"https:\\\/\\\/schema.org\",\"@graph\":[{\"@type\":\"Article\",\"@id\":\"https:\\\/\\\/www.tapasmagazine.es\\\/en\\\/pablo-iusla-becomes-nestle-new-vice-president\\\/#article\",\"isPartOf\":{\"@id\":\"https:\\\/\\\/www.tapasmagazine.es\\\/en\\\/pablo-iusla-becomes-nestle-new-vice-president\\\/\"},\"author\":{\"name\":\"Tapas Magazine\",\"@id\":\"https:\\\/\\\/www.tapasmagazine.es\\\/#\\\/schema\\\/person\\\/ea9005ac2d36a0c25f3e81c47da0182f\"},\"headline\":\"Pablo Isla becomes Nestl\u00e9&#8217;s new Vice President\",\"datePublished\":\"2024-04-23T08:43:20+00:00\",\"dateModified\":\"2024-04-23T08:56:18+00:00\",\"mainEntityOfPage\":{\"@id\":\"https:\\\/\\\/www.tapasmagazine.es\\\/en\\\/pablo-iusla-becomes-nestle-new-vice-president\\\/\"},\"wordCount\":184,\"publisher\":{\"@id\":\"https:\\\/\\\/www.tapasmagazine.es\\\/#organization\"},\"image\":{\"@id\":\"https:\\\/\\\/www.tapasmagazine.es\\\/en\\\/pablo-iusla-becomes-nestle-new-vice-president\\\/#primaryimage\"},\"thumbnailUrl\":\"https:\\\/\\\/www.tapasmagazine.es\\\/wp-content\\\/uploads\\\/2024\\\/04\\\/isla.jpg\",\"keywords\":[\"Nestl\u00e9\"],\"articleSection\":[\"Breaking News\"],\"inLanguage\":\"en-US\"},{\"@type\":\"WebPage\",\"@id\":\"https:\\\/\\\/www.tapasmagazine.es\\\/en\\\/pablo-iusla-becomes-nestle-new-vice-president\\\/\",\"url\":\"https:\\\/\\\/www.tapasmagazine.es\\\/en\\\/pablo-iusla-becomes-nestle-new-vice-president\\\/\",\"name\":\"Pablo Isla becomes Nestl\u00e9's new Vice President - Tapas\",\"isPartOf\":{\"@id\":\"https:\\\/\\\/www.tapasmagazine.es\\\/#website\"},\"primaryImageOfPage\":{\"@id\":\"https:\\\/\\\/www.tapasmagazine.es\\\/en\\\/pablo-iusla-becomes-nestle-new-vice-president\\\/#primaryimage\"},\"image\":{\"@id\":\"https:\\\/\\\/www.tapasmagazine.es\\\/en\\\/pablo-iusla-becomes-nestle-new-vice-president\\\/#primaryimage\"},\"thumbnailUrl\":\"https:\\\/\\\/www.tapasmagazine.es\\\/wp-content\\\/uploads\\\/2024\\\/04\\\/isla.jpg\",\"datePublished\":\"2024-04-23T08:43:20+00:00\",\"dateModified\":\"2024-04-23T08:56:18+00:00\",\"description\":\"Click here to read the Spanish version. Nestl\u00e9, the world's largest food company, approved during its last general shareholders' meeting the appointment\",\"breadcrumb\":{\"@id\":\"https:\\\/\\\/www.tapasmagazine.es\\\/en\\\/pablo-iusla-becomes-nestle-new-vice-president\\\/#breadcrumb\"},\"inLanguage\":\"en-US\",\"potentialAction\":[{\"@type\":\"ReadAction\",\"target\":[\"https:\\\/\\\/www.tapasmagazine.es\\\/en\\\/pablo-iusla-becomes-nestle-new-vice-president\\\/\"]}]},{\"@type\":\"ImageObject\",\"inLanguage\":\"en-US\",\"@id\":\"https:\\\/\\\/www.tapasmagazine.es\\\/en\\\/pablo-iusla-becomes-nestle-new-vice-president\\\/#primaryimage\",\"url\":\"https:\\\/\\\/www.tapasmagazine.es\\\/wp-content\\\/uploads\\\/2024\\\/04\\\/isla.jpg\",\"contentUrl\":\"https:\\\/\\\/www.tapasmagazine.es\\\/wp-content\\\/uploads\\\/2024\\\/04\\\/isla.jpg\",\"width\":1200,\"height\":675},{\"@type\":\"BreadcrumbList\",\"@id\":\"https:\\\/\\\/www.tapasmagazine.es\\\/en\\\/pablo-iusla-becomes-nestle-new-vice-president\\\/#breadcrumb\",\"itemListElement\":[{\"@type\":\"ListItem\",\"position\":1,\"name\":\"Portada\",\"item\":\"https:\\\/\\\/www.tapasmagazine.es\\\/\"},{\"@type\":\"ListItem\",\"position\":2,\"name\":\"Breaking News\",\"item\":\"https:\\\/\\\/www.tapasmagazine.es\\\/en\\\/categorias\\\/breaking-news\\\/\"},{\"@type\":\"ListItem\",\"position\":3,\"name\":\"Pablo Isla becomes Nestl\u00e9&#8217;s new Vice President\"}]},{\"@type\":\"WebSite\",\"@id\":\"https:\\\/\\\/www.tapasmagazine.es\\\/#website\",\"url\":\"https:\\\/\\\/www.tapasmagazine.es\\\/\",\"name\":\"Tapas\",\"description\":\"\u00d1am \u00d1am Lifestyle. La vida a bocados. Premio Nacional de Gastronom\u00eda 2016.\",\"publisher\":{\"@id\":\"https:\\\/\\\/www.tapasmagazine.es\\\/#organization\"},\"potentialAction\":[{\"@type\":\"SearchAction\",\"target\":{\"@type\":\"EntryPoint\",\"urlTemplate\":\"https:\\\/\\\/www.tapasmagazine.es\\\/?s={search_term_string}\"},\"query-input\":{\"@type\":\"PropertyValueSpecification\",\"valueRequired\":true,\"valueName\":\"search_term_string\"}}],\"inLanguage\":\"en-US\"},{\"@type\":\"Organization\",\"@id\":\"https:\\\/\\\/www.tapasmagazine.es\\\/#organization\",\"name\":\"Tapas Magazine\",\"url\":\"https:\\\/\\\/www.tapasmagazine.es\\\/\",\"logo\":{\"@type\":\"ImageObject\",\"inLanguage\":\"en-US\",\"@id\":\"https:\\\/\\\/www.tapasmagazine.es\\\/#\\\/schema\\\/logo\\\/image\\\/\",\"url\":\"https:\\\/\\\/www.tapasmagazine.es\\\/wp-content\\\/uploads\\\/2018\\\/01\\\/logo.png\",\"contentUrl\":\"https:\\\/\\\/www.tapasmagazine.es\\\/wp-content\\\/uploads\\\/2018\\\/01\\\/logo.png\",\"width\":180,\"height\":60,\"caption\":\"Tapas Magazine\"},\"image\":{\"@id\":\"https:\\\/\\\/www.tapasmagazine.es\\\/#\\\/schema\\\/logo\\\/image\\\/\"},\"sameAs\":[\"https:\\\/\\\/www.facebook.com\\\/tapasmagazine\",\"https:\\\/\\\/x.com\\\/TapasMagazine\",\"https:\\\/\\\/www.instagram.com\\\/tapasmagazine\\\/\",\"https:\\\/\\\/www.linkedin.com\\\/company\\\/tapas-magazine\",\"https:\\\/\\\/es.pinterest.com\\\/tapasmagazine\\\/\",\"https:\\\/\\\/www.youtube.com\\\/channel\\\/UCEyxneAaACuR0lfDagrWjjg?sub_confirmation=1\"]},{\"@type\":\"Person\",\"@id\":\"https:\\\/\\\/www.tapasmagazine.es\\\/#\\\/schema\\\/person\\\/ea9005ac2d36a0c25f3e81c47da0182f\",\"name\":\"Tapas Magazine\",\"url\":\"https:\\\/\\\/www.tapasmagazine.es\\\/en\\\/author\\\/tapas-magazine\\\/\"}]}<\/script>\n<!-- \/ Yoast SEO plugin. -->","yoast_head_json":{"title":"Pablo Isla becomes Nestl\u00e9's new Vice President - Tapas","description":"Click here to read the Spanish version. Nestl\u00e9, the world's largest food company, approved during its last general shareholders' meeting the appointment","robots":{"index":"index","follow":"follow","max-snippet":"max-snippet:-1","max-image-preview":"max-image-preview:large","max-video-preview":"max-video-preview:-1"},"canonical":"https:\/\/www.tapasmagazine.es\/en\/pablo-iusla-becomes-nestle-new-vice-president\/","og_locale":"en_US","og_type":"article","og_title":"Pablo Isla becomes Nestl\u00e9's new Vice President - Tapas","og_description":"Click here to read the Spanish version. Nestl\u00e9, the world's largest food company, approved during its last general shareholders' meeting the appointment","og_url":"https:\/\/www.tapasmagazine.es\/en\/pablo-iusla-becomes-nestle-new-vice-president\/","og_site_name":"Tapas","article_publisher":"https:\/\/www.facebook.com\/tapasmagazine","article_published_time":"2024-04-23T08:43:20+00:00","article_modified_time":"2024-04-23T08:56:18+00:00","og_image":[{"width":1200,"height":675,"url":"https:\/\/www.tapasmagazine.es\/wp-content\/uploads\/2024\/04\/isla.jpg","type":"image\/jpeg"}],"author":"Tapas Magazine","twitter_card":"summary_large_image","twitter_creator":"@TapasMagazine","twitter_site":"@TapasMagazine","twitter_misc":{"Written by":"Tapas Magazine","Est. reading time":"2 minutes"},"schema":{"@context":"https:\/\/schema.org","@graph":[{"@type":"Article","@id":"https:\/\/www.tapasmagazine.es\/en\/pablo-iusla-becomes-nestle-new-vice-president\/#article","isPartOf":{"@id":"https:\/\/www.tapasmagazine.es\/en\/pablo-iusla-becomes-nestle-new-vice-president\/"},"author":{"name":"Tapas Magazine","@id":"https:\/\/www.tapasmagazine.es\/#\/schema\/person\/ea9005ac2d36a0c25f3e81c47da0182f"},"headline":"Pablo Isla becomes Nestl\u00e9&#8217;s new Vice President","datePublished":"2024-04-23T08:43:20+00:00","dateModified":"2024-04-23T08:56:18+00:00","mainEntityOfPage":{"@id":"https:\/\/www.tapasmagazine.es\/en\/pablo-iusla-becomes-nestle-new-vice-president\/"},"wordCount":184,"publisher":{"@id":"https:\/\/www.tapasmagazine.es\/#organization"},"image":{"@id":"https:\/\/www.tapasmagazine.es\/en\/pablo-iusla-becomes-nestle-new-vice-president\/#primaryimage"},"thumbnailUrl":"https:\/\/www.tapasmagazine.es\/wp-content\/uploads\/2024\/04\/isla.jpg","keywords":["Nestl\u00e9"],"articleSection":["Breaking News"],"inLanguage":"en-US"},{"@type":"WebPage","@id":"https:\/\/www.tapasmagazine.es\/en\/pablo-iusla-becomes-nestle-new-vice-president\/","url":"https:\/\/www.tapasmagazine.es\/en\/pablo-iusla-becomes-nestle-new-vice-president\/","name":"Pablo Isla becomes Nestl\u00e9's new Vice President - Tapas","isPartOf":{"@id":"https:\/\/www.tapasmagazine.es\/#website"},"primaryImageOfPage":{"@id":"https:\/\/www.tapasmagazine.es\/en\/pablo-iusla-becomes-nestle-new-vice-president\/#primaryimage"},"image":{"@id":"https:\/\/www.tapasmagazine.es\/en\/pablo-iusla-becomes-nestle-new-vice-president\/#primaryimage"},"thumbnailUrl":"https:\/\/www.tapasmagazine.es\/wp-content\/uploads\/2024\/04\/isla.jpg","datePublished":"2024-04-23T08:43:20+00:00","dateModified":"2024-04-23T08:56:18+00:00","description":"Click here to read the Spanish version. Nestl\u00e9, the world's largest food company, approved during its last general shareholders' meeting the appointment","breadcrumb":{"@id":"https:\/\/www.tapasmagazine.es\/en\/pablo-iusla-becomes-nestle-new-vice-president\/#breadcrumb"},"inLanguage":"en-US","potentialAction":[{"@type":"ReadAction","target":["https:\/\/www.tapasmagazine.es\/en\/pablo-iusla-becomes-nestle-new-vice-president\/"]}]},{"@type":"ImageObject","inLanguage":"en-US","@id":"https:\/\/www.tapasmagazine.es\/en\/pablo-iusla-becomes-nestle-new-vice-president\/#primaryimage","url":"https:\/\/www.tapasmagazine.es\/wp-content\/uploads\/2024\/04\/isla.jpg","contentUrl":"https:\/\/www.tapasmagazine.es\/wp-content\/uploads\/2024\/04\/isla.jpg","width":1200,"height":675},{"@type":"BreadcrumbList","@id":"https:\/\/www.tapasmagazine.es\/en\/pablo-iusla-becomes-nestle-new-vice-president\/#breadcrumb","itemListElement":[{"@type":"ListItem","position":1,"name":"Portada","item":"https:\/\/www.tapasmagazine.es\/"},{"@type":"ListItem","position":2,"name":"Breaking News","item":"https:\/\/www.tapasmagazine.es\/en\/categorias\/breaking-news\/"},{"@type":"ListItem","position":3,"name":"Pablo Isla becomes Nestl\u00e9&#8217;s new Vice President"}]},{"@type":"WebSite","@id":"https:\/\/www.tapasmagazine.es\/#website","url":"https:\/\/www.tapasmagazine.es\/","name":"Tapas","description":"\u00d1am \u00d1am Lifestyle. La vida a bocados. Premio Nacional de Gastronom\u00eda 2016.","publisher":{"@id":"https:\/\/www.tapasmagazine.es\/#organization"},"potentialAction":[{"@type":"SearchAction","target":{"@type":"EntryPoint","urlTemplate":"https:\/\/www.tapasmagazine.es\/?s={search_term_string}"},"query-input":{"@type":"PropertyValueSpecification","valueRequired":true,"valueName":"search_term_string"}}],"inLanguage":"en-US"},{"@type":"Organization","@id":"https:\/\/www.tapasmagazine.es\/#organization","name":"Tapas Magazine","url":"https:\/\/www.tapasmagazine.es\/","logo":{"@type":"ImageObject","inLanguage":"en-US","@id":"https:\/\/www.tapasmagazine.es\/#\/schema\/logo\/image\/","url":"https:\/\/www.tapasmagazine.es\/wp-content\/uploads\/2018\/01\/logo.png","contentUrl":"https:\/\/www.tapasmagazine.es\/wp-content\/uploads\/2018\/01\/logo.png","width":180,"height":60,"caption":"Tapas Magazine"},"image":{"@id":"https:\/\/www.tapasmagazine.es\/#\/schema\/logo\/image\/"},"sameAs":["https:\/\/www.facebook.com\/tapasmagazine","https:\/\/x.com\/TapasMagazine","https:\/\/www.instagram.com\/tapasmagazine\/","https:\/\/www.linkedin.com\/company\/tapas-magazine","https:\/\/es.pinterest.com\/tapasmagazine\/","https:\/\/www.youtube.com\/channel\/UCEyxneAaACuR0lfDagrWjjg?sub_confirmation=1"]},{"@type":"Person","@id":"https:\/\/www.tapasmagazine.es\/#\/schema\/person\/ea9005ac2d36a0c25f3e81c47da0182f","name":"Tapas Magazine","url":"https:\/\/www.tapasmagazine.es\/en\/author\/tapas-magazine\/"}]}},"_links":{"self":[{"href":"https:\/\/www.tapasmagazine.es\/en\/wp-json\/wp\/v2\/posts\/246362","targetHints":{"allow":["GET"]}}],"collection":[{"href":"https:\/\/www.tapasmagazine.es\/en\/wp-json\/wp\/v2\/posts"}],"about":[{"href":"https:\/\/www.tapasmagazine.es\/en\/wp-json\/wp\/v2\/types\/post"}],"author":[{"embeddable":true,"href":"https:\/\/www.tapasmagazine.es\/en\/wp-json\/wp\/v2\/users\/318"}],"replies":[{"embeddable":true,"href":"https:\/\/www.tapasmagazine.es\/en\/wp-json\/wp\/v2\/comments?post=246362"}],"version-history":[{"count":2,"href":"https:\/\/www.tapasmagazine.es\/en\/wp-json\/wp\/v2\/posts\/246362\/revisions"}],"predecessor-version":[{"id":246366,"href":"https:\/\/www.tapasmagazine.es\/en\/wp-json\/wp\/v2\/posts\/246362\/revisions\/246366"}],"wp:featuredmedia":[{"embeddable":true,"href":"https:\/\/www.tapasmagazine.es\/en\/wp-json\/wp\/v2\/media\/246357"}],"wp:attachment":[{"href":"https:\/\/www.tapasmagazine.es\/en\/wp-json\/wp\/v2\/media?parent=246362"}],"wp:term":[{"taxonomy":"category","embeddable":true,"href":"https:\/\/www.tapasmagazine.es\/en\/wp-json\/wp\/v2\/categories?post=246362"},{"taxonomy":"post_tag","embeddable":true,"href":"https:\/\/www.tapasmagazine.es\/en\/wp-json\/wp\/v2\/tags?post=246362"}],"curies":[{"name":"wp","href":"https:\/\/api.w.org\/{rel}","templated":true}]}}