{"id":245968,"date":"2024-04-19T13:07:07","date_gmt":"2024-04-19T11:07:07","guid":{"rendered":"https:\/\/www.tapasmagazine.es\/alain-ducasse-profundiza-en-las-comidas-que-le-marcaron-a-lo-largo-de-su-vida\/"},"modified":"2024-04-19T13:15:34","modified_gmt":"2024-04-19T11:15:34","slug":"alain-ducasse-delves-meals-marked-him-throughout-his-life","status":"publish","type":"post","link":"https:\/\/www.tapasmagazine.es\/en\/alain-ducasse-delves-meals-marked-him-throughout-his-life\/","title":{"rendered":"Alain Ducasse delves into the meals that marked him throughout his life"},"content":{"rendered":"\n<p><strong>Click <a href=\"https:\/\/www.tapasmagazine.es\/alain-ducasse-profundiza-en-las-comidas-que-le-marcaron-a-lo-largo-de-su-vida\/\" target=\"_blank\" rel=\"noreferrer noopener\">here<\/a> to read the Spanish version.<\/strong><\/p>\n\n\n\n<p>&#8216;<strong>Good taste: A Life of Food and Passion<\/strong>&#8216; is <strong>Ducasse<\/strong>&#8216;s new work in which he shares a lifetime of culinary inspirations and passions that have moved him throughout his career. These memories are connected to a manifesto in which he travels from the past to the future. From his childhood, when he picked mushrooms with his grandfather on a farm in the Landes, to the creation of pioneering schools and restaurants around the world. Now he&#8217;s taking off his chef&#8217;s suit and passing on his knowledge to the next generation of chefs.<\/p>\n\n\n\n<p>As part of the <strong>Philadelphia Chefs Conference<\/strong>, the chef shared with <strong>Food &amp; Wine<\/strong> the significance of his book, as well as a number of memorable meals that will forever reside in his &#8216;taste&#8217; memory.<\/p>\n\n\n<div class=\"wp-block-image\">\n<figure class=\"aligncenter size-full is-resized\"><img decoding=\"async\" width=\"600\" height=\"935\" src=\"https:\/\/www.tapasmagazine.es\/wp-content\/uploads\/2024\/04\/ducasse-1.webp\" alt=\"\" class=\"wp-image-245955\" style=\"width:1298px;height:auto\" srcset=\"https:\/\/www.tapasmagazine.es\/wp-content\/uploads\/2024\/04\/ducasse-1.webp 600w, https:\/\/www.tapasmagazine.es\/wp-content\/uploads\/2024\/04\/ducasse-1-193x300.webp 193w, https:\/\/www.tapasmagazine.es\/wp-content\/uploads\/2024\/04\/ducasse-1-400x623.webp 400w\" sizes=\"(max-width: 600px) 100vw, 600px\" \/><\/figure>\n<\/div>\n\n\n<p>In the book, the celebrated chef recalls the food of his childhood, when he lived on a farm in the southwest of France. He speaks of them in a poetic and evocative way, alluding to &#8216;sun-drenched tomatoes&#8217;, &#8216;peas picked and eaten raw&#8217; from his grandmother&#8217;s garden, or mushrooms that his family gathered from the surrounding forest. This veneration for fresh produce would be reflected in a gastronomic proposal in which plants take on a certain prominence.<\/p>\n\n\n\n<p>Inspiration also came to Alain from his mother&#8217;s cookbooks such as &#8216;Cuisine et Vins de France, or &#8216;French Food and Wine&#8217;. &#8216;I remember the first dessert I made was a French chocolate log,&#8217; the chef tells Food &amp; Wine. &#8216;And I wonder if the recipe could have come out of the magazine.&#8217; That moment would mark precisely the awakening of his career: after making the dessert when he was just 12 years old, the chef conveyed to his mother that he wanted to be a chef.<\/p>\n\n\n<div class=\"wp-block-image\">\n<figure class=\"aligncenter size-large is-resized\"><img decoding=\"async\" width=\"1024\" height=\"576\" src=\"https:\/\/www.tapasmagazine.es\/wp-content\/uploads\/2024\/04\/ducasse-3-1024x576.jpg\" alt=\"\" class=\"wp-image-245957\" style=\"width:1046px;height:auto\" srcset=\"https:\/\/www.tapasmagazine.es\/wp-content\/uploads\/2024\/04\/ducasse-3-1024x576.jpg 1024w, https:\/\/www.tapasmagazine.es\/wp-content\/uploads\/2024\/04\/ducasse-3-300x169.jpg 300w, https:\/\/www.tapasmagazine.es\/wp-content\/uploads\/2024\/04\/ducasse-3-768x432.jpg 768w, https:\/\/www.tapasmagazine.es\/wp-content\/uploads\/2024\/04\/ducasse-3-1000x563.jpg 1000w, https:\/\/www.tapasmagazine.es\/wp-content\/uploads\/2024\/04\/ducasse-3-400x225.jpg 400w, https:\/\/www.tapasmagazine.es\/wp-content\/uploads\/2024\/04\/ducasse-3.jpg 1200w\" sizes=\"(max-width: 1024px) 100vw, 1024px\" \/><\/figure>\n<\/div>\n\n\n<p><strong>Travels<\/strong> also stimulated Ducasse&#8217;s haute cuisine, from Mediterranean produce to meals in Kyoto, of which he remembers one in particular: a vegan dish cooked by Toshio Tanahashi, the chef known for his plant-based Buddhist cuisine.<\/p>\n\n\n\n<p>Another memorable meal diluted from that culinary journey in search of inspiration was found in New York by chef <strong>Michael White<\/strong>. It was &#8216;an extraordinary veal sandwich made with good bread and perfectly cooked meat. It was like a haute couture veal sandwich, the memory of it has stuck in my mind&#8217;.<\/p>\n","protected":false},"excerpt":{"rendered":"<p>Click here to read the Spanish version. &#8216;Good taste: A Life of Food and Passion&#8216; is Ducasse&#8216;s new work in which he shares a lifetime of culinary inspirations and passions that have moved him throughout his career. These memories are connected to a manifesto in which he travels from the past to the future. From [&hellip;]<\/p>\n","protected":false},"author":285,"featured_media":245953,"comment_status":"closed","ping_status":"closed","sticky":false,"template":"","format":"standard","meta":{"_acf_changed":false,"footnotes":""},"categories":[15848,15851],"tags":[16424],"class_list":["post-245968","post","type-post","status-publish","format-standard","has-post-thumbnail","hentry","category-chefs-en","category-nombres-propios-en","tag-alain-ducasse-en","cat-15848-id","cat-15851-id"],"acf":[],"yoast_head":"<!-- This site is optimized with the Yoast SEO plugin v27.4 - https:\/\/yoast.com\/product\/yoast-seo-wordpress\/ -->\n<title>Alain Ducasse delves into the meals that marked him throughout his life - Tapas<\/title>\n<meta name=\"description\" content=\"Click here to read the Spanish version. &#039;Good taste: A Life of Food and Passion&#039; is Ducasse&#039;s new work in which he shares a lifetime of culinary\" \/>\n<meta name=\"robots\" content=\"index, follow, max-snippet:-1, max-image-preview:large, max-video-preview:-1\" \/>\n<link rel=\"canonical\" href=\"https:\/\/www.tapasmagazine.es\/en\/alain-ducasse-delves-meals-marked-him-throughout-his-life\/\" \/>\n<meta property=\"og:locale\" content=\"en_US\" \/>\n<meta property=\"og:type\" content=\"article\" \/>\n<meta property=\"og:title\" content=\"Alain Ducasse delves into the meals that marked him throughout his life - Tapas\" \/>\n<meta property=\"og:description\" content=\"Click here to read the Spanish version. &#039;Good taste: A Life of Food and Passion&#039; is Ducasse&#039;s new work in which he shares a lifetime of culinary\" \/>\n<meta property=\"og:url\" content=\"https:\/\/www.tapasmagazine.es\/en\/alain-ducasse-delves-meals-marked-him-throughout-his-life\/\" \/>\n<meta property=\"og:site_name\" content=\"Tapas\" \/>\n<meta property=\"article:publisher\" content=\"https:\/\/www.facebook.com\/tapasmagazine\" \/>\n<meta property=\"article:published_time\" content=\"2024-04-19T11:07:07+00:00\" \/>\n<meta property=\"article:modified_time\" content=\"2024-04-19T11:15:34+00:00\" \/>\n<meta property=\"og:image\" content=\"https:\/\/www.tapasmagazine.es\/wp-content\/uploads\/2024\/04\/ducasse.jpg\" \/>\n\t<meta property=\"og:image:width\" content=\"1200\" \/>\n\t<meta property=\"og:image:height\" content=\"675\" \/>\n\t<meta property=\"og:image:type\" content=\"image\/jpeg\" \/>\n<meta name=\"author\" content=\"Laura P\u00e9rez\" \/>\n<meta name=\"twitter:card\" content=\"summary_large_image\" \/>\n<meta name=\"twitter:creator\" content=\"@TapasMagazine\" \/>\n<meta name=\"twitter:site\" content=\"@TapasMagazine\" \/>\n<meta name=\"twitter:label1\" content=\"Written by\" \/>\n\t<meta name=\"twitter:data1\" content=\"Laura P\u00e9rez\" \/>\n\t<meta name=\"twitter:label2\" content=\"Est. reading time\" \/>\n\t<meta name=\"twitter:data2\" content=\"3 minutes\" \/>\n<script type=\"application\/ld+json\" class=\"yoast-schema-graph\">{\"@context\":\"https:\\\/\\\/schema.org\",\"@graph\":[{\"@type\":\"Article\",\"@id\":\"https:\\\/\\\/www.tapasmagazine.es\\\/en\\\/alain-ducasse-delves-meals-marked-him-throughout-his-life\\\/#article\",\"isPartOf\":{\"@id\":\"https:\\\/\\\/www.tapasmagazine.es\\\/en\\\/alain-ducasse-delves-meals-marked-him-throughout-his-life\\\/\"},\"author\":{\"name\":\"Laura P\u00e9rez\",\"@id\":\"https:\\\/\\\/www.tapasmagazine.es\\\/#\\\/schema\\\/person\\\/eb46cbe76a9c8f062660eb609e3ecb4e\"},\"headline\":\"Alain Ducasse delves into the meals that marked him throughout his life\",\"datePublished\":\"2024-04-19T11:07:07+00:00\",\"dateModified\":\"2024-04-19T11:15:34+00:00\",\"mainEntityOfPage\":{\"@id\":\"https:\\\/\\\/www.tapasmagazine.es\\\/en\\\/alain-ducasse-delves-meals-marked-him-throughout-his-life\\\/\"},\"wordCount\":400,\"publisher\":{\"@id\":\"https:\\\/\\\/www.tapasmagazine.es\\\/#organization\"},\"image\":{\"@id\":\"https:\\\/\\\/www.tapasmagazine.es\\\/en\\\/alain-ducasse-delves-meals-marked-him-throughout-his-life\\\/#primaryimage\"},\"thumbnailUrl\":\"https:\\\/\\\/www.tapasmagazine.es\\\/wp-content\\\/uploads\\\/2024\\\/04\\\/ducasse.jpg\",\"keywords\":[\"Alain Ducasse\"],\"articleSection\":[\"Chefs\",\"Nombres propios\"],\"inLanguage\":\"en-US\"},{\"@type\":\"WebPage\",\"@id\":\"https:\\\/\\\/www.tapasmagazine.es\\\/en\\\/alain-ducasse-delves-meals-marked-him-throughout-his-life\\\/\",\"url\":\"https:\\\/\\\/www.tapasmagazine.es\\\/en\\\/alain-ducasse-delves-meals-marked-him-throughout-his-life\\\/\",\"name\":\"Alain Ducasse delves into the meals that marked him throughout his life - Tapas\",\"isPartOf\":{\"@id\":\"https:\\\/\\\/www.tapasmagazine.es\\\/#website\"},\"primaryImageOfPage\":{\"@id\":\"https:\\\/\\\/www.tapasmagazine.es\\\/en\\\/alain-ducasse-delves-meals-marked-him-throughout-his-life\\\/#primaryimage\"},\"image\":{\"@id\":\"https:\\\/\\\/www.tapasmagazine.es\\\/en\\\/alain-ducasse-delves-meals-marked-him-throughout-his-life\\\/#primaryimage\"},\"thumbnailUrl\":\"https:\\\/\\\/www.tapasmagazine.es\\\/wp-content\\\/uploads\\\/2024\\\/04\\\/ducasse.jpg\",\"datePublished\":\"2024-04-19T11:07:07+00:00\",\"dateModified\":\"2024-04-19T11:15:34+00:00\",\"description\":\"Click here to read the Spanish version. 'Good taste: A Life of Food and Passion' is Ducasse's new work in which he shares a lifetime of culinary\",\"breadcrumb\":{\"@id\":\"https:\\\/\\\/www.tapasmagazine.es\\\/en\\\/alain-ducasse-delves-meals-marked-him-throughout-his-life\\\/#breadcrumb\"},\"inLanguage\":\"en-US\",\"potentialAction\":[{\"@type\":\"ReadAction\",\"target\":[\"https:\\\/\\\/www.tapasmagazine.es\\\/en\\\/alain-ducasse-delves-meals-marked-him-throughout-his-life\\\/\"]}]},{\"@type\":\"ImageObject\",\"inLanguage\":\"en-US\",\"@id\":\"https:\\\/\\\/www.tapasmagazine.es\\\/en\\\/alain-ducasse-delves-meals-marked-him-throughout-his-life\\\/#primaryimage\",\"url\":\"https:\\\/\\\/www.tapasmagazine.es\\\/wp-content\\\/uploads\\\/2024\\\/04\\\/ducasse.jpg\",\"contentUrl\":\"https:\\\/\\\/www.tapasmagazine.es\\\/wp-content\\\/uploads\\\/2024\\\/04\\\/ducasse.jpg\",\"width\":1200,\"height\":675},{\"@type\":\"BreadcrumbList\",\"@id\":\"https:\\\/\\\/www.tapasmagazine.es\\\/en\\\/alain-ducasse-delves-meals-marked-him-throughout-his-life\\\/#breadcrumb\",\"itemListElement\":[{\"@type\":\"ListItem\",\"position\":1,\"name\":\"Portada\",\"item\":\"https:\\\/\\\/www.tapasmagazine.es\\\/\"},{\"@type\":\"ListItem\",\"position\":2,\"name\":\"Nombres propios\",\"item\":\"https:\\\/\\\/www.tapasmagazine.es\\\/en\\\/categorias\\\/nombres-propios-en\\\/\"},{\"@type\":\"ListItem\",\"position\":3,\"name\":\"Alain Ducasse delves into the meals that marked him throughout his life\"}]},{\"@type\":\"WebSite\",\"@id\":\"https:\\\/\\\/www.tapasmagazine.es\\\/#website\",\"url\":\"https:\\\/\\\/www.tapasmagazine.es\\\/\",\"name\":\"Tapas\",\"description\":\"\u00d1am \u00d1am Lifestyle. La vida a bocados. Premio Nacional de Gastronom\u00eda 2016.\",\"publisher\":{\"@id\":\"https:\\\/\\\/www.tapasmagazine.es\\\/#organization\"},\"potentialAction\":[{\"@type\":\"SearchAction\",\"target\":{\"@type\":\"EntryPoint\",\"urlTemplate\":\"https:\\\/\\\/www.tapasmagazine.es\\\/?s={search_term_string}\"},\"query-input\":{\"@type\":\"PropertyValueSpecification\",\"valueRequired\":true,\"valueName\":\"search_term_string\"}}],\"inLanguage\":\"en-US\"},{\"@type\":\"Organization\",\"@id\":\"https:\\\/\\\/www.tapasmagazine.es\\\/#organization\",\"name\":\"Tapas Magazine\",\"url\":\"https:\\\/\\\/www.tapasmagazine.es\\\/\",\"logo\":{\"@type\":\"ImageObject\",\"inLanguage\":\"en-US\",\"@id\":\"https:\\\/\\\/www.tapasmagazine.es\\\/#\\\/schema\\\/logo\\\/image\\\/\",\"url\":\"https:\\\/\\\/www.tapasmagazine.es\\\/wp-content\\\/uploads\\\/2018\\\/01\\\/logo.png\",\"contentUrl\":\"https:\\\/\\\/www.tapasmagazine.es\\\/wp-content\\\/uploads\\\/2018\\\/01\\\/logo.png\",\"width\":180,\"height\":60,\"caption\":\"Tapas Magazine\"},\"image\":{\"@id\":\"https:\\\/\\\/www.tapasmagazine.es\\\/#\\\/schema\\\/logo\\\/image\\\/\"},\"sameAs\":[\"https:\\\/\\\/www.facebook.com\\\/tapasmagazine\",\"https:\\\/\\\/x.com\\\/TapasMagazine\",\"https:\\\/\\\/www.instagram.com\\\/tapasmagazine\\\/\",\"https:\\\/\\\/www.linkedin.com\\\/company\\\/tapas-magazine\",\"https:\\\/\\\/es.pinterest.com\\\/tapasmagazine\\\/\",\"https:\\\/\\\/www.youtube.com\\\/channel\\\/UCEyxneAaACuR0lfDagrWjjg?sub_confirmation=1\"]},{\"@type\":\"Person\",\"@id\":\"https:\\\/\\\/www.tapasmagazine.es\\\/#\\\/schema\\\/person\\\/eb46cbe76a9c8f062660eb609e3ecb4e\",\"name\":\"Laura P\u00e9rez\",\"url\":\"https:\\\/\\\/www.tapasmagazine.es\\\/en\\\/author\\\/laura-perez\\\/\"}]}<\/script>\n<!-- \/ Yoast SEO plugin. -->","yoast_head_json":{"title":"Alain Ducasse delves into the meals that marked him throughout his life - Tapas","description":"Click here to read the Spanish version. 'Good taste: A Life of Food and Passion' is Ducasse's new work in which he shares a lifetime of culinary","robots":{"index":"index","follow":"follow","max-snippet":"max-snippet:-1","max-image-preview":"max-image-preview:large","max-video-preview":"max-video-preview:-1"},"canonical":"https:\/\/www.tapasmagazine.es\/en\/alain-ducasse-delves-meals-marked-him-throughout-his-life\/","og_locale":"en_US","og_type":"article","og_title":"Alain Ducasse delves into the meals that marked him throughout his life - Tapas","og_description":"Click here to read the Spanish version. 'Good taste: A Life of Food and Passion' is Ducasse's new work in which he shares a lifetime of culinary","og_url":"https:\/\/www.tapasmagazine.es\/en\/alain-ducasse-delves-meals-marked-him-throughout-his-life\/","og_site_name":"Tapas","article_publisher":"https:\/\/www.facebook.com\/tapasmagazine","article_published_time":"2024-04-19T11:07:07+00:00","article_modified_time":"2024-04-19T11:15:34+00:00","og_image":[{"width":1200,"height":675,"url":"https:\/\/www.tapasmagazine.es\/wp-content\/uploads\/2024\/04\/ducasse.jpg","type":"image\/jpeg"}],"author":"Laura P\u00e9rez","twitter_card":"summary_large_image","twitter_creator":"@TapasMagazine","twitter_site":"@TapasMagazine","twitter_misc":{"Written by":"Laura P\u00e9rez","Est. reading time":"3 minutes"},"schema":{"@context":"https:\/\/schema.org","@graph":[{"@type":"Article","@id":"https:\/\/www.tapasmagazine.es\/en\/alain-ducasse-delves-meals-marked-him-throughout-his-life\/#article","isPartOf":{"@id":"https:\/\/www.tapasmagazine.es\/en\/alain-ducasse-delves-meals-marked-him-throughout-his-life\/"},"author":{"name":"Laura P\u00e9rez","@id":"https:\/\/www.tapasmagazine.es\/#\/schema\/person\/eb46cbe76a9c8f062660eb609e3ecb4e"},"headline":"Alain Ducasse delves into the meals that marked him throughout his life","datePublished":"2024-04-19T11:07:07+00:00","dateModified":"2024-04-19T11:15:34+00:00","mainEntityOfPage":{"@id":"https:\/\/www.tapasmagazine.es\/en\/alain-ducasse-delves-meals-marked-him-throughout-his-life\/"},"wordCount":400,"publisher":{"@id":"https:\/\/www.tapasmagazine.es\/#organization"},"image":{"@id":"https:\/\/www.tapasmagazine.es\/en\/alain-ducasse-delves-meals-marked-him-throughout-his-life\/#primaryimage"},"thumbnailUrl":"https:\/\/www.tapasmagazine.es\/wp-content\/uploads\/2024\/04\/ducasse.jpg","keywords":["Alain Ducasse"],"articleSection":["Chefs","Nombres propios"],"inLanguage":"en-US"},{"@type":"WebPage","@id":"https:\/\/www.tapasmagazine.es\/en\/alain-ducasse-delves-meals-marked-him-throughout-his-life\/","url":"https:\/\/www.tapasmagazine.es\/en\/alain-ducasse-delves-meals-marked-him-throughout-his-life\/","name":"Alain Ducasse delves into the meals that marked him throughout his life - Tapas","isPartOf":{"@id":"https:\/\/www.tapasmagazine.es\/#website"},"primaryImageOfPage":{"@id":"https:\/\/www.tapasmagazine.es\/en\/alain-ducasse-delves-meals-marked-him-throughout-his-life\/#primaryimage"},"image":{"@id":"https:\/\/www.tapasmagazine.es\/en\/alain-ducasse-delves-meals-marked-him-throughout-his-life\/#primaryimage"},"thumbnailUrl":"https:\/\/www.tapasmagazine.es\/wp-content\/uploads\/2024\/04\/ducasse.jpg","datePublished":"2024-04-19T11:07:07+00:00","dateModified":"2024-04-19T11:15:34+00:00","description":"Click here to read the Spanish version. 'Good taste: A Life of Food and Passion' is Ducasse's new work in which he shares a lifetime of culinary","breadcrumb":{"@id":"https:\/\/www.tapasmagazine.es\/en\/alain-ducasse-delves-meals-marked-him-throughout-his-life\/#breadcrumb"},"inLanguage":"en-US","potentialAction":[{"@type":"ReadAction","target":["https:\/\/www.tapasmagazine.es\/en\/alain-ducasse-delves-meals-marked-him-throughout-his-life\/"]}]},{"@type":"ImageObject","inLanguage":"en-US","@id":"https:\/\/www.tapasmagazine.es\/en\/alain-ducasse-delves-meals-marked-him-throughout-his-life\/#primaryimage","url":"https:\/\/www.tapasmagazine.es\/wp-content\/uploads\/2024\/04\/ducasse.jpg","contentUrl":"https:\/\/www.tapasmagazine.es\/wp-content\/uploads\/2024\/04\/ducasse.jpg","width":1200,"height":675},{"@type":"BreadcrumbList","@id":"https:\/\/www.tapasmagazine.es\/en\/alain-ducasse-delves-meals-marked-him-throughout-his-life\/#breadcrumb","itemListElement":[{"@type":"ListItem","position":1,"name":"Portada","item":"https:\/\/www.tapasmagazine.es\/"},{"@type":"ListItem","position":2,"name":"Nombres propios","item":"https:\/\/www.tapasmagazine.es\/en\/categorias\/nombres-propios-en\/"},{"@type":"ListItem","position":3,"name":"Alain Ducasse delves into the meals that marked him throughout his life"}]},{"@type":"WebSite","@id":"https:\/\/www.tapasmagazine.es\/#website","url":"https:\/\/www.tapasmagazine.es\/","name":"Tapas","description":"\u00d1am \u00d1am Lifestyle. La vida a bocados. Premio Nacional de Gastronom\u00eda 2016.","publisher":{"@id":"https:\/\/www.tapasmagazine.es\/#organization"},"potentialAction":[{"@type":"SearchAction","target":{"@type":"EntryPoint","urlTemplate":"https:\/\/www.tapasmagazine.es\/?s={search_term_string}"},"query-input":{"@type":"PropertyValueSpecification","valueRequired":true,"valueName":"search_term_string"}}],"inLanguage":"en-US"},{"@type":"Organization","@id":"https:\/\/www.tapasmagazine.es\/#organization","name":"Tapas Magazine","url":"https:\/\/www.tapasmagazine.es\/","logo":{"@type":"ImageObject","inLanguage":"en-US","@id":"https:\/\/www.tapasmagazine.es\/#\/schema\/logo\/image\/","url":"https:\/\/www.tapasmagazine.es\/wp-content\/uploads\/2018\/01\/logo.png","contentUrl":"https:\/\/www.tapasmagazine.es\/wp-content\/uploads\/2018\/01\/logo.png","width":180,"height":60,"caption":"Tapas Magazine"},"image":{"@id":"https:\/\/www.tapasmagazine.es\/#\/schema\/logo\/image\/"},"sameAs":["https:\/\/www.facebook.com\/tapasmagazine","https:\/\/x.com\/TapasMagazine","https:\/\/www.instagram.com\/tapasmagazine\/","https:\/\/www.linkedin.com\/company\/tapas-magazine","https:\/\/es.pinterest.com\/tapasmagazine\/","https:\/\/www.youtube.com\/channel\/UCEyxneAaACuR0lfDagrWjjg?sub_confirmation=1"]},{"@type":"Person","@id":"https:\/\/www.tapasmagazine.es\/#\/schema\/person\/eb46cbe76a9c8f062660eb609e3ecb4e","name":"Laura P\u00e9rez","url":"https:\/\/www.tapasmagazine.es\/en\/author\/laura-perez\/"}]}},"_links":{"self":[{"href":"https:\/\/www.tapasmagazine.es\/en\/wp-json\/wp\/v2\/posts\/245968","targetHints":{"allow":["GET"]}}],"collection":[{"href":"https:\/\/www.tapasmagazine.es\/en\/wp-json\/wp\/v2\/posts"}],"about":[{"href":"https:\/\/www.tapasmagazine.es\/en\/wp-json\/wp\/v2\/types\/post"}],"author":[{"embeddable":true,"href":"https:\/\/www.tapasmagazine.es\/en\/wp-json\/wp\/v2\/users\/285"}],"replies":[{"embeddable":true,"href":"https:\/\/www.tapasmagazine.es\/en\/wp-json\/wp\/v2\/comments?post=245968"}],"version-history":[{"count":2,"href":"https:\/\/www.tapasmagazine.es\/en\/wp-json\/wp\/v2\/posts\/245968\/revisions"}],"predecessor-version":[{"id":245974,"href":"https:\/\/www.tapasmagazine.es\/en\/wp-json\/wp\/v2\/posts\/245968\/revisions\/245974"}],"wp:featuredmedia":[{"embeddable":true,"href":"https:\/\/www.tapasmagazine.es\/en\/wp-json\/wp\/v2\/media\/245953"}],"wp:attachment":[{"href":"https:\/\/www.tapasmagazine.es\/en\/wp-json\/wp\/v2\/media?parent=245968"}],"wp:term":[{"taxonomy":"category","embeddable":true,"href":"https:\/\/www.tapasmagazine.es\/en\/wp-json\/wp\/v2\/categories?post=245968"},{"taxonomy":"post_tag","embeddable":true,"href":"https:\/\/www.tapasmagazine.es\/en\/wp-json\/wp\/v2\/tags?post=245968"}],"curies":[{"name":"wp","href":"https:\/\/api.w.org\/{rel}","templated":true}]}}