{"id":245527,"date":"2024-04-17T11:25:14","date_gmt":"2024-04-17T09:25:14","guid":{"rendered":"https:\/\/www.tapasmagazine.es\/el-libro-zalacain-50-anos-repasa-la-iconica-historia-del-emblema-gastronomico\/"},"modified":"2024-04-17T11:29:25","modified_gmt":"2024-04-17T09:29:25","slug":"book-zalacain-50-years-reviews-iconic-history-of-the-spanish-restaurant","status":"publish","type":"post","link":"https:\/\/www.tapasmagazine.es\/en\/book-zalacain-50-years-reviews-iconic-history-of-the-spanish-restaurant\/","title":{"rendered":"The book &#8216;Zalaca\u00edn 50 years&#8217; reviews the iconic history of the spanish restaurant"},"content":{"rendered":"\n<p><strong>Click <a href=\"https:\/\/www.tapasmagazine.es\/el-libro-zalacain-50-anos-repasa-la-iconica-historia-del-emblema-gastronomico\/\" target=\"_blank\" rel=\"noreferrer noopener\">here<\/a> to read the Spanish version.<\/strong><\/p>\n\n\n\n<p>&#8216;<strong>Zalaca\u00edn 50 Years. Escenario Gastron\u00f3mico del S.XXI<\/strong>&#8216;, published by the publishing house <strong>Planeta Gastro<\/strong> together with the Academia Iberoamericana de Gastronom\u00eda, revolves around one of the great references of Spanish haute cuisine, spread over 250 pages and six chapters that review the 50 years of Zalaca\u00edn&#8217;s history.<\/p>\n\n\n\n<p>This restaurant, which owes its name to the novel &#8216;Zalaca\u00edn el Aventurero&#8217; by P\u00edo Baroja, has gone down in history for many things. And one of them could already be seen from its beginnings in 1973, becoming the meeting point of great personalities from all walks of life. From the aristocracy to great figures of literature, art or high society and the political class: its halls and private rooms have hosted sumptuous evenings with famous diners such as Salvador Dal\u00ed, the Rolling Stones, Adolfo Su\u00e1rez or Mario Vargas Llosa. A landmark venue in which the political and socio-economic context has always merged with the gastronomic.<\/p>\n\n\n<div class=\"wp-block-image\">\n<figure class=\"aligncenter size-full is-resized\"><img decoding=\"async\" width=\"1024\" height=\"747\" src=\"https:\/\/www.tapasmagazine.es\/wp-content\/uploads\/2024\/04\/zalacain-5.jpeg\" alt=\"\" class=\"wp-image-245468\" style=\"width:944px;height:auto\" srcset=\"https:\/\/www.tapasmagazine.es\/wp-content\/uploads\/2024\/04\/zalacain-5.jpeg 1024w, https:\/\/www.tapasmagazine.es\/wp-content\/uploads\/2024\/04\/zalacain-5-300x219.jpeg 300w, https:\/\/www.tapasmagazine.es\/wp-content\/uploads\/2024\/04\/zalacain-5-768x560.jpeg 768w, https:\/\/www.tapasmagazine.es\/wp-content\/uploads\/2024\/04\/zalacain-5-1000x729.jpeg 1000w, https:\/\/www.tapasmagazine.es\/wp-content\/uploads\/2024\/04\/zalacain-5-400x292.jpeg 400w\" sizes=\"(max-width: 1024px) 100vw, 1024px\" \/><\/figure>\n<\/div>\n\n\n<p>Although if there has been something for which this restaurant has been glorified, it is for having been the first restaurant in Spain to achieve three Michelin stars in 1987, thanks to its elevated gastronomic proposal and the value of its wine cellar, immortalised in the book through the references and the most iconic recipes of the house.<\/p>\n\n\n\n<p>This book, structured around a prologue and epilogue written by Rafael Ans\u00f3n, president of the Ibero-American Academy of Gastronomy, reviews its iconic legacy, including the rediscovery of the classics with chef Jorge Losa, as well as exclusive testimonials from the well-known &#8216;fantastic 4&#8217; who marked its history. They were the main protagonists behind the success of Zalaca\u00edn.<\/p>\n\n\n\n<figure class=\"wp-block-gallery has-nested-images columns-default is-cropped wp-block-gallery-1 is-layout-flex wp-block-gallery-is-layout-flex\">\n<figure class=\"wp-block-image size-large\"><img decoding=\"async\" width=\"878\" height=\"1024\" data-id=\"245470\" src=\"https:\/\/www.tapasmagazine.es\/wp-content\/uploads\/2024\/04\/zalacain-4-878x1024.jpg\" alt=\"\" class=\"wp-image-245470\" srcset=\"https:\/\/www.tapasmagazine.es\/wp-content\/uploads\/2024\/04\/zalacain-4-878x1024.jpg 878w, https:\/\/www.tapasmagazine.es\/wp-content\/uploads\/2024\/04\/zalacain-4-257x300.jpg 257w, https:\/\/www.tapasmagazine.es\/wp-content\/uploads\/2024\/04\/zalacain-4-768x895.jpg 768w, https:\/\/www.tapasmagazine.es\/wp-content\/uploads\/2024\/04\/zalacain-4-1000x1166.jpg 1000w, https:\/\/www.tapasmagazine.es\/wp-content\/uploads\/2024\/04\/zalacain-4-400x466.jpg 400w, https:\/\/www.tapasmagazine.es\/wp-content\/uploads\/2024\/04\/zalacain-4.jpg 1200w\" sizes=\"(max-width: 878px) 100vw, 878px\" \/><\/figure>\n\n\n\n<figure class=\"wp-block-image size-large\"><img decoding=\"async\" width=\"878\" height=\"1024\" data-id=\"245518\" src=\"https:\/\/www.tapasmagazine.es\/wp-content\/uploads\/2024\/04\/zalacain-3-1-878x1024.jpg\" alt=\"\" class=\"wp-image-245518\" srcset=\"https:\/\/www.tapasmagazine.es\/wp-content\/uploads\/2024\/04\/zalacain-3-1-878x1024.jpg 878w, https:\/\/www.tapasmagazine.es\/wp-content\/uploads\/2024\/04\/zalacain-3-1-257x300.jpg 257w, https:\/\/www.tapasmagazine.es\/wp-content\/uploads\/2024\/04\/zalacain-3-1-768x895.jpg 768w, https:\/\/www.tapasmagazine.es\/wp-content\/uploads\/2024\/04\/zalacain-3-1-1000x1166.jpg 1000w, https:\/\/www.tapasmagazine.es\/wp-content\/uploads\/2024\/04\/zalacain-3-1-400x466.jpg 400w, https:\/\/www.tapasmagazine.es\/wp-content\/uploads\/2024\/04\/zalacain-3-1.jpg 1200w\" sizes=\"(max-width: 878px) 100vw, 878px\" \/><\/figure>\n<\/figure>\n\n\n\n<p>Its content has been prepared and edited by the publishing house Planeta Gastro and the authors of the texts are the journalists Susana G\u00f3mez, Noelia Jim\u00e9nez and Sibely Valle, who break down a story also told by its great protagonists such as: the legendary chef Benjam\u00edn Urdiain (who died in 2023); Jos\u00e9 Jim\u00e9nez Blas and Carmelo P\u00e9rez, former head waiters; Custodio L\u00f3pez Zamarra, former sommelier; Jorge Losa, current head chef; Roberto Jim\u00e9nez and Luis Miguel Polo, current ma\u00eetres and Ra\u00fal Revilla, current sommelier, together with other collaborators and witnesses to its history, bringing this editorial creation to life. &#8216;<\/p>\n\n\n\n<p>The resurgence of the new project under the management of the Urrechu Group, under the gastronomic direction of chef I\u00f1igo Urrechu, is also part of its current era and the construction of its future.<\/p>\n\n\n<div class=\"wp-block-image\">\n<figure class=\"aligncenter size-large is-resized\"><img decoding=\"async\" width=\"1024\" height=\"702\" src=\"https:\/\/www.tapasmagazine.es\/wp-content\/uploads\/2024\/04\/Foto-equipo-zalacain-1-1024x702.jpg\" alt=\"\" class=\"wp-image-245516\" style=\"width:1136px;height:auto\" srcset=\"https:\/\/www.tapasmagazine.es\/wp-content\/uploads\/2024\/04\/Foto-equipo-zalacain-1-1024x702.jpg 1024w, https:\/\/www.tapasmagazine.es\/wp-content\/uploads\/2024\/04\/Foto-equipo-zalacain-1-300x206.jpg 300w, https:\/\/www.tapasmagazine.es\/wp-content\/uploads\/2024\/04\/Foto-equipo-zalacain-1-768x527.jpg 768w, https:\/\/www.tapasmagazine.es\/wp-content\/uploads\/2024\/04\/Foto-equipo-zalacain-1-1536x1054.jpg 1536w, https:\/\/www.tapasmagazine.es\/wp-content\/uploads\/2024\/04\/Foto-equipo-zalacain-1-1000x686.jpg 1000w, https:\/\/www.tapasmagazine.es\/wp-content\/uploads\/2024\/04\/Foto-equipo-zalacain-1-400x274.jpg 400w, https:\/\/www.tapasmagazine.es\/wp-content\/uploads\/2024\/04\/Foto-equipo-zalacain-1.jpg 1742w\" sizes=\"(max-width: 1024px) 100vw, 1024px\" \/><\/figure>\n<\/div>\n\n\n<p>In Zalaca\u00edn&#8217;s work, the photographs and unpublished archives emphasise the narrative with which the reader manages to capture the essence and its evolution, which ends with an &#8216;ode to Zalaca\u00edn&#8217;: a tribute written by Luis Su\u00e1rez de Lezo, current president of the Royal Academy of Gastronomy.<\/p>\n","protected":false},"excerpt":{"rendered":"<p>Click here to read the Spanish version. &#8216;Zalaca\u00edn 50 Years. Escenario Gastron\u00f3mico del S.XXI&#8216;, published by the publishing house Planeta Gastro together with the Academia Iberoamericana de Gastronom\u00eda, revolves around one of the great references of Spanish haute cuisine, spread over 250 pages and six chapters that review the 50 years of Zalaca\u00edn&#8217;s history. This [&hellip;]<\/p>\n","protected":false},"author":285,"featured_media":245465,"comment_status":"closed","ping_status":"closed","sticky":false,"template":"","format":"standard","meta":{"_acf_changed":false,"footnotes":""},"categories":[15802],"tags":[18907,16022],"class_list":["post-245527","post","type-post","status-publish","format-standard","has-post-thumbnail","hentry","category-news","tag-restaurante-zalacain-en","tag-zalacain-en","cat-15802-id"],"acf":[],"yoast_head":"<!-- This site is optimized with the Yoast SEO plugin v27.5 - https:\/\/yoast.com\/product\/yoast-seo-wordpress\/ -->\n<title>The book &#039;Zalaca\u00edn 50 years&#039; reviews the iconic history of the spanish restaurant - Tapas<\/title>\n<meta name=\"description\" content=\"Click here to read the Spanish version. &#039;Zalaca\u00edn 50 Years. Escenario Gastron\u00f3mico del S.XXI&#039;, published by the publishing house Planeta Gastro together\" \/>\n<meta name=\"robots\" content=\"index, follow, max-snippet:-1, max-image-preview:large, max-video-preview:-1\" \/>\n<link rel=\"canonical\" href=\"https:\/\/www.tapasmagazine.es\/en\/book-zalacain-50-years-reviews-iconic-history-of-the-spanish-restaurant\/\" \/>\n<meta property=\"og:locale\" content=\"en_US\" \/>\n<meta property=\"og:type\" content=\"article\" \/>\n<meta property=\"og:title\" content=\"The book &#039;Zalaca\u00edn 50 years&#039; reviews the iconic history of the spanish restaurant - Tapas\" \/>\n<meta property=\"og:description\" content=\"Click here to read the Spanish version. &#039;Zalaca\u00edn 50 Years. Escenario Gastron\u00f3mico del S.XXI&#039;, published by the publishing house Planeta Gastro together\" \/>\n<meta property=\"og:url\" content=\"https:\/\/www.tapasmagazine.es\/en\/book-zalacain-50-years-reviews-iconic-history-of-the-spanish-restaurant\/\" \/>\n<meta property=\"og:site_name\" content=\"Tapas\" \/>\n<meta property=\"article:publisher\" content=\"https:\/\/www.facebook.com\/tapasmagazine\" \/>\n<meta property=\"article:published_time\" content=\"2024-04-17T09:25:14+00:00\" \/>\n<meta property=\"article:modified_time\" content=\"2024-04-17T09:29:25+00:00\" \/>\n<meta property=\"og:image\" content=\"https:\/\/www.tapasmagazine.es\/wp-content\/uploads\/2024\/04\/zalacain-50-anos.jpg\" \/>\n\t<meta property=\"og:image:width\" content=\"1200\" \/>\n\t<meta property=\"og:image:height\" content=\"675\" \/>\n\t<meta property=\"og:image:type\" content=\"image\/jpeg\" \/>\n<meta name=\"author\" content=\"Laura P\u00e9rez\" \/>\n<meta name=\"twitter:card\" content=\"summary_large_image\" \/>\n<meta name=\"twitter:creator\" content=\"@TapasMagazine\" \/>\n<meta name=\"twitter:site\" content=\"@TapasMagazine\" \/>\n<meta name=\"twitter:label1\" content=\"Written by\" \/>\n\t<meta name=\"twitter:data1\" content=\"Laura P\u00e9rez\" \/>\n\t<meta name=\"twitter:label2\" content=\"Est. reading time\" \/>\n\t<meta name=\"twitter:data2\" content=\"4 minutes\" \/>\n<script type=\"application\/ld+json\" class=\"yoast-schema-graph\">{\"@context\":\"https:\\\/\\\/schema.org\",\"@graph\":[{\"@type\":\"Article\",\"@id\":\"https:\\\/\\\/www.tapasmagazine.es\\\/en\\\/book-zalacain-50-years-reviews-iconic-history-of-the-spanish-restaurant\\\/#article\",\"isPartOf\":{\"@id\":\"https:\\\/\\\/www.tapasmagazine.es\\\/en\\\/book-zalacain-50-years-reviews-iconic-history-of-the-spanish-restaurant\\\/\"},\"author\":{\"name\":\"Laura P\u00e9rez\",\"@id\":\"https:\\\/\\\/www.tapasmagazine.es\\\/#\\\/schema\\\/person\\\/eb46cbe76a9c8f062660eb609e3ecb4e\"},\"headline\":\"The book &#8216;Zalaca\u00edn 50 years&#8217; reviews the iconic history of the spanish restaurant\",\"datePublished\":\"2024-04-17T09:25:14+00:00\",\"dateModified\":\"2024-04-17T09:29:25+00:00\",\"mainEntityOfPage\":{\"@id\":\"https:\\\/\\\/www.tapasmagazine.es\\\/en\\\/book-zalacain-50-years-reviews-iconic-history-of-the-spanish-restaurant\\\/\"},\"wordCount\":483,\"publisher\":{\"@id\":\"https:\\\/\\\/www.tapasmagazine.es\\\/#organization\"},\"image\":{\"@id\":\"https:\\\/\\\/www.tapasmagazine.es\\\/en\\\/book-zalacain-50-years-reviews-iconic-history-of-the-spanish-restaurant\\\/#primaryimage\"},\"thumbnailUrl\":\"https:\\\/\\\/www.tapasmagazine.es\\\/wp-content\\\/uploads\\\/2024\\\/04\\\/zalacain-50-anos.jpg\",\"keywords\":[\"Restaurante Zalaca\u00edn\",\"Zalaca\u00edn\"],\"articleSection\":[\"News\"],\"inLanguage\":\"en-US\"},{\"@type\":\"WebPage\",\"@id\":\"https:\\\/\\\/www.tapasmagazine.es\\\/en\\\/book-zalacain-50-years-reviews-iconic-history-of-the-spanish-restaurant\\\/\",\"url\":\"https:\\\/\\\/www.tapasmagazine.es\\\/en\\\/book-zalacain-50-years-reviews-iconic-history-of-the-spanish-restaurant\\\/\",\"name\":\"The book 'Zalaca\u00edn 50 years' reviews the iconic history of the spanish restaurant - Tapas\",\"isPartOf\":{\"@id\":\"https:\\\/\\\/www.tapasmagazine.es\\\/#website\"},\"primaryImageOfPage\":{\"@id\":\"https:\\\/\\\/www.tapasmagazine.es\\\/en\\\/book-zalacain-50-years-reviews-iconic-history-of-the-spanish-restaurant\\\/#primaryimage\"},\"image\":{\"@id\":\"https:\\\/\\\/www.tapasmagazine.es\\\/en\\\/book-zalacain-50-years-reviews-iconic-history-of-the-spanish-restaurant\\\/#primaryimage\"},\"thumbnailUrl\":\"https:\\\/\\\/www.tapasmagazine.es\\\/wp-content\\\/uploads\\\/2024\\\/04\\\/zalacain-50-anos.jpg\",\"datePublished\":\"2024-04-17T09:25:14+00:00\",\"dateModified\":\"2024-04-17T09:29:25+00:00\",\"description\":\"Click here to read the Spanish version. 'Zalaca\u00edn 50 Years. Escenario Gastron\u00f3mico del S.XXI', published by the publishing house Planeta Gastro together\",\"breadcrumb\":{\"@id\":\"https:\\\/\\\/www.tapasmagazine.es\\\/en\\\/book-zalacain-50-years-reviews-iconic-history-of-the-spanish-restaurant\\\/#breadcrumb\"},\"inLanguage\":\"en-US\",\"potentialAction\":[{\"@type\":\"ReadAction\",\"target\":[\"https:\\\/\\\/www.tapasmagazine.es\\\/en\\\/book-zalacain-50-years-reviews-iconic-history-of-the-spanish-restaurant\\\/\"]}]},{\"@type\":\"ImageObject\",\"inLanguage\":\"en-US\",\"@id\":\"https:\\\/\\\/www.tapasmagazine.es\\\/en\\\/book-zalacain-50-years-reviews-iconic-history-of-the-spanish-restaurant\\\/#primaryimage\",\"url\":\"https:\\\/\\\/www.tapasmagazine.es\\\/wp-content\\\/uploads\\\/2024\\\/04\\\/zalacain-50-anos.jpg\",\"contentUrl\":\"https:\\\/\\\/www.tapasmagazine.es\\\/wp-content\\\/uploads\\\/2024\\\/04\\\/zalacain-50-anos.jpg\",\"width\":1200,\"height\":675},{\"@type\":\"BreadcrumbList\",\"@id\":\"https:\\\/\\\/www.tapasmagazine.es\\\/en\\\/book-zalacain-50-years-reviews-iconic-history-of-the-spanish-restaurant\\\/#breadcrumb\",\"itemListElement\":[{\"@type\":\"ListItem\",\"position\":1,\"name\":\"Portada\",\"item\":\"https:\\\/\\\/www.tapasmagazine.es\\\/\"},{\"@type\":\"ListItem\",\"position\":2,\"name\":\"News\",\"item\":\"https:\\\/\\\/www.tapasmagazine.es\\\/en\\\/categorias\\\/news\\\/\"},{\"@type\":\"ListItem\",\"position\":3,\"name\":\"The book &#8216;Zalaca\u00edn 50 years&#8217; reviews the iconic history of the spanish restaurant\"}]},{\"@type\":\"WebSite\",\"@id\":\"https:\\\/\\\/www.tapasmagazine.es\\\/#website\",\"url\":\"https:\\\/\\\/www.tapasmagazine.es\\\/\",\"name\":\"Tapas\",\"description\":\"\u00d1am \u00d1am Lifestyle. La vida a bocados. Premio Nacional de Gastronom\u00eda 2016.\",\"publisher\":{\"@id\":\"https:\\\/\\\/www.tapasmagazine.es\\\/#organization\"},\"potentialAction\":[{\"@type\":\"SearchAction\",\"target\":{\"@type\":\"EntryPoint\",\"urlTemplate\":\"https:\\\/\\\/www.tapasmagazine.es\\\/?s={search_term_string}\"},\"query-input\":{\"@type\":\"PropertyValueSpecification\",\"valueRequired\":true,\"valueName\":\"search_term_string\"}}],\"inLanguage\":\"en-US\"},{\"@type\":\"Organization\",\"@id\":\"https:\\\/\\\/www.tapasmagazine.es\\\/#organization\",\"name\":\"Tapas Magazine\",\"url\":\"https:\\\/\\\/www.tapasmagazine.es\\\/\",\"logo\":{\"@type\":\"ImageObject\",\"inLanguage\":\"en-US\",\"@id\":\"https:\\\/\\\/www.tapasmagazine.es\\\/#\\\/schema\\\/logo\\\/image\\\/\",\"url\":\"https:\\\/\\\/www.tapasmagazine.es\\\/wp-content\\\/uploads\\\/2018\\\/01\\\/logo.png\",\"contentUrl\":\"https:\\\/\\\/www.tapasmagazine.es\\\/wp-content\\\/uploads\\\/2018\\\/01\\\/logo.png\",\"width\":180,\"height\":60,\"caption\":\"Tapas Magazine\"},\"image\":{\"@id\":\"https:\\\/\\\/www.tapasmagazine.es\\\/#\\\/schema\\\/logo\\\/image\\\/\"},\"sameAs\":[\"https:\\\/\\\/www.facebook.com\\\/tapasmagazine\",\"https:\\\/\\\/x.com\\\/TapasMagazine\",\"https:\\\/\\\/www.instagram.com\\\/tapasmagazine\\\/\",\"https:\\\/\\\/www.linkedin.com\\\/company\\\/tapas-magazine\",\"https:\\\/\\\/es.pinterest.com\\\/tapasmagazine\\\/\",\"https:\\\/\\\/www.youtube.com\\\/channel\\\/UCEyxneAaACuR0lfDagrWjjg?sub_confirmation=1\"]},{\"@type\":\"Person\",\"@id\":\"https:\\\/\\\/www.tapasmagazine.es\\\/#\\\/schema\\\/person\\\/eb46cbe76a9c8f062660eb609e3ecb4e\",\"name\":\"Laura P\u00e9rez\",\"url\":\"https:\\\/\\\/www.tapasmagazine.es\\\/en\\\/author\\\/laura-perez\\\/\"}]}<\/script>\n<!-- \/ Yoast SEO plugin. -->","yoast_head_json":{"title":"The book 'Zalaca\u00edn 50 years' reviews the iconic history of the spanish restaurant - Tapas","description":"Click here to read the Spanish version. 'Zalaca\u00edn 50 Years. Escenario Gastron\u00f3mico del S.XXI', published by the publishing house Planeta Gastro together","robots":{"index":"index","follow":"follow","max-snippet":"max-snippet:-1","max-image-preview":"max-image-preview:large","max-video-preview":"max-video-preview:-1"},"canonical":"https:\/\/www.tapasmagazine.es\/en\/book-zalacain-50-years-reviews-iconic-history-of-the-spanish-restaurant\/","og_locale":"en_US","og_type":"article","og_title":"The book 'Zalaca\u00edn 50 years' reviews the iconic history of the spanish restaurant - Tapas","og_description":"Click here to read the Spanish version. 'Zalaca\u00edn 50 Years. Escenario Gastron\u00f3mico del S.XXI', published by the publishing house Planeta Gastro together","og_url":"https:\/\/www.tapasmagazine.es\/en\/book-zalacain-50-years-reviews-iconic-history-of-the-spanish-restaurant\/","og_site_name":"Tapas","article_publisher":"https:\/\/www.facebook.com\/tapasmagazine","article_published_time":"2024-04-17T09:25:14+00:00","article_modified_time":"2024-04-17T09:29:25+00:00","og_image":[{"width":1200,"height":675,"url":"https:\/\/www.tapasmagazine.es\/wp-content\/uploads\/2024\/04\/zalacain-50-anos.jpg","type":"image\/jpeg"}],"author":"Laura P\u00e9rez","twitter_card":"summary_large_image","twitter_creator":"@TapasMagazine","twitter_site":"@TapasMagazine","twitter_misc":{"Written by":"Laura P\u00e9rez","Est. reading time":"4 minutes"},"schema":{"@context":"https:\/\/schema.org","@graph":[{"@type":"Article","@id":"https:\/\/www.tapasmagazine.es\/en\/book-zalacain-50-years-reviews-iconic-history-of-the-spanish-restaurant\/#article","isPartOf":{"@id":"https:\/\/www.tapasmagazine.es\/en\/book-zalacain-50-years-reviews-iconic-history-of-the-spanish-restaurant\/"},"author":{"name":"Laura P\u00e9rez","@id":"https:\/\/www.tapasmagazine.es\/#\/schema\/person\/eb46cbe76a9c8f062660eb609e3ecb4e"},"headline":"The book &#8216;Zalaca\u00edn 50 years&#8217; reviews the iconic history of the spanish restaurant","datePublished":"2024-04-17T09:25:14+00:00","dateModified":"2024-04-17T09:29:25+00:00","mainEntityOfPage":{"@id":"https:\/\/www.tapasmagazine.es\/en\/book-zalacain-50-years-reviews-iconic-history-of-the-spanish-restaurant\/"},"wordCount":483,"publisher":{"@id":"https:\/\/www.tapasmagazine.es\/#organization"},"image":{"@id":"https:\/\/www.tapasmagazine.es\/en\/book-zalacain-50-years-reviews-iconic-history-of-the-spanish-restaurant\/#primaryimage"},"thumbnailUrl":"https:\/\/www.tapasmagazine.es\/wp-content\/uploads\/2024\/04\/zalacain-50-anos.jpg","keywords":["Restaurante Zalaca\u00edn","Zalaca\u00edn"],"articleSection":["News"],"inLanguage":"en-US"},{"@type":"WebPage","@id":"https:\/\/www.tapasmagazine.es\/en\/book-zalacain-50-years-reviews-iconic-history-of-the-spanish-restaurant\/","url":"https:\/\/www.tapasmagazine.es\/en\/book-zalacain-50-years-reviews-iconic-history-of-the-spanish-restaurant\/","name":"The book 'Zalaca\u00edn 50 years' reviews the iconic history of the spanish restaurant - Tapas","isPartOf":{"@id":"https:\/\/www.tapasmagazine.es\/#website"},"primaryImageOfPage":{"@id":"https:\/\/www.tapasmagazine.es\/en\/book-zalacain-50-years-reviews-iconic-history-of-the-spanish-restaurant\/#primaryimage"},"image":{"@id":"https:\/\/www.tapasmagazine.es\/en\/book-zalacain-50-years-reviews-iconic-history-of-the-spanish-restaurant\/#primaryimage"},"thumbnailUrl":"https:\/\/www.tapasmagazine.es\/wp-content\/uploads\/2024\/04\/zalacain-50-anos.jpg","datePublished":"2024-04-17T09:25:14+00:00","dateModified":"2024-04-17T09:29:25+00:00","description":"Click here to read the Spanish version. 'Zalaca\u00edn 50 Years. Escenario Gastron\u00f3mico del S.XXI', published by the publishing house Planeta Gastro together","breadcrumb":{"@id":"https:\/\/www.tapasmagazine.es\/en\/book-zalacain-50-years-reviews-iconic-history-of-the-spanish-restaurant\/#breadcrumb"},"inLanguage":"en-US","potentialAction":[{"@type":"ReadAction","target":["https:\/\/www.tapasmagazine.es\/en\/book-zalacain-50-years-reviews-iconic-history-of-the-spanish-restaurant\/"]}]},{"@type":"ImageObject","inLanguage":"en-US","@id":"https:\/\/www.tapasmagazine.es\/en\/book-zalacain-50-years-reviews-iconic-history-of-the-spanish-restaurant\/#primaryimage","url":"https:\/\/www.tapasmagazine.es\/wp-content\/uploads\/2024\/04\/zalacain-50-anos.jpg","contentUrl":"https:\/\/www.tapasmagazine.es\/wp-content\/uploads\/2024\/04\/zalacain-50-anos.jpg","width":1200,"height":675},{"@type":"BreadcrumbList","@id":"https:\/\/www.tapasmagazine.es\/en\/book-zalacain-50-years-reviews-iconic-history-of-the-spanish-restaurant\/#breadcrumb","itemListElement":[{"@type":"ListItem","position":1,"name":"Portada","item":"https:\/\/www.tapasmagazine.es\/"},{"@type":"ListItem","position":2,"name":"News","item":"https:\/\/www.tapasmagazine.es\/en\/categorias\/news\/"},{"@type":"ListItem","position":3,"name":"The book &#8216;Zalaca\u00edn 50 years&#8217; reviews the iconic history of the spanish restaurant"}]},{"@type":"WebSite","@id":"https:\/\/www.tapasmagazine.es\/#website","url":"https:\/\/www.tapasmagazine.es\/","name":"Tapas","description":"\u00d1am \u00d1am Lifestyle. La vida a bocados. Premio Nacional de Gastronom\u00eda 2016.","publisher":{"@id":"https:\/\/www.tapasmagazine.es\/#organization"},"potentialAction":[{"@type":"SearchAction","target":{"@type":"EntryPoint","urlTemplate":"https:\/\/www.tapasmagazine.es\/?s={search_term_string}"},"query-input":{"@type":"PropertyValueSpecification","valueRequired":true,"valueName":"search_term_string"}}],"inLanguage":"en-US"},{"@type":"Organization","@id":"https:\/\/www.tapasmagazine.es\/#organization","name":"Tapas Magazine","url":"https:\/\/www.tapasmagazine.es\/","logo":{"@type":"ImageObject","inLanguage":"en-US","@id":"https:\/\/www.tapasmagazine.es\/#\/schema\/logo\/image\/","url":"https:\/\/www.tapasmagazine.es\/wp-content\/uploads\/2018\/01\/logo.png","contentUrl":"https:\/\/www.tapasmagazine.es\/wp-content\/uploads\/2018\/01\/logo.png","width":180,"height":60,"caption":"Tapas Magazine"},"image":{"@id":"https:\/\/www.tapasmagazine.es\/#\/schema\/logo\/image\/"},"sameAs":["https:\/\/www.facebook.com\/tapasmagazine","https:\/\/x.com\/TapasMagazine","https:\/\/www.instagram.com\/tapasmagazine\/","https:\/\/www.linkedin.com\/company\/tapas-magazine","https:\/\/es.pinterest.com\/tapasmagazine\/","https:\/\/www.youtube.com\/channel\/UCEyxneAaACuR0lfDagrWjjg?sub_confirmation=1"]},{"@type":"Person","@id":"https:\/\/www.tapasmagazine.es\/#\/schema\/person\/eb46cbe76a9c8f062660eb609e3ecb4e","name":"Laura P\u00e9rez","url":"https:\/\/www.tapasmagazine.es\/en\/author\/laura-perez\/"}]}},"_links":{"self":[{"href":"https:\/\/www.tapasmagazine.es\/en\/wp-json\/wp\/v2\/posts\/245527","targetHints":{"allow":["GET"]}}],"collection":[{"href":"https:\/\/www.tapasmagazine.es\/en\/wp-json\/wp\/v2\/posts"}],"about":[{"href":"https:\/\/www.tapasmagazine.es\/en\/wp-json\/wp\/v2\/types\/post"}],"author":[{"embeddable":true,"href":"https:\/\/www.tapasmagazine.es\/en\/wp-json\/wp\/v2\/users\/285"}],"replies":[{"embeddable":true,"href":"https:\/\/www.tapasmagazine.es\/en\/wp-json\/wp\/v2\/comments?post=245527"}],"version-history":[{"count":2,"href":"https:\/\/www.tapasmagazine.es\/en\/wp-json\/wp\/v2\/posts\/245527\/revisions"}],"predecessor-version":[{"id":245533,"href":"https:\/\/www.tapasmagazine.es\/en\/wp-json\/wp\/v2\/posts\/245527\/revisions\/245533"}],"wp:featuredmedia":[{"embeddable":true,"href":"https:\/\/www.tapasmagazine.es\/en\/wp-json\/wp\/v2\/media\/245465"}],"wp:attachment":[{"href":"https:\/\/www.tapasmagazine.es\/en\/wp-json\/wp\/v2\/media?parent=245527"}],"wp:term":[{"taxonomy":"category","embeddable":true,"href":"https:\/\/www.tapasmagazine.es\/en\/wp-json\/wp\/v2\/categories?post=245527"},{"taxonomy":"post_tag","embeddable":true,"href":"https:\/\/www.tapasmagazine.es\/en\/wp-json\/wp\/v2\/tags?post=245527"}],"curies":[{"name":"wp","href":"https:\/\/api.w.org\/{rel}","templated":true}]}}