{"id":244655,"date":"2024-04-11T11:30:26","date_gmt":"2024-04-11T09:30:26","guid":{"rendered":"https:\/\/www.tapasmagazine.es\/camila-cabello-se-convierte-en-la-embajadora-global-de-bacardi\/"},"modified":"2024-04-11T11:38:44","modified_gmt":"2024-04-11T09:38:44","slug":"camila-cabello-becomes-global-ambassador-of-bacardi","status":"publish","type":"post","link":"https:\/\/www.tapasmagazine.es\/en\/camila-cabello-becomes-global-ambassador-of-bacardi\/","title":{"rendered":"Camila Cabello becomes the global ambassador of Bacardi"},"content":{"rendered":"\n<p><strong>Click <a href=\"https:\/\/www.tapasmagazine.es\/camila-cabello-se-convierte-en-la-embajadora-global-de-bacardi\/\" target=\"_blank\" rel=\"noreferrer noopener\">here<\/a> to read the Spanish version.<\/strong><\/p>\n\n\n\n<p>The iconic spirits brand is partnering with <strong>Camila Cabello <\/strong>to open a new era in its legacy. <strong>Ron Bacard\u00ed <\/strong>brings the artist to its stage as its global image, giving way to a collaboration framed in the &#8216;<strong>Do What Moves You<\/strong>&#8216; project.<\/p>\n\n\n\n<p>In this first campaign, the actress and singer stars in a spot set to her new hyper-pop track &#8216;<strong>I Luv It<\/strong>&#8216;, which reflects her timeless connection with the brand. I&#8217;m excited about this collaboration. Bacardi has always been the ultimate rum brand for me. For me, this brand is synonymous with the spirit of the Caribbean and, of course, good cocktails and a great party. The campaign we have worked on is unlike any project I have done before. I can&#8217;t wait for the fans to enjoy and experience it,&#8217; says Camila Cabello about this featuring commercial.<\/p>\n\n\n<div class=\"wp-block-image\">\n<figure class=\"aligncenter size-full is-resized\"><img decoding=\"async\" width=\"1024\" height=\"576\" src=\"https:\/\/www.tapasmagazine.es\/wp-content\/uploads\/2024\/04\/camila-cabello-bacardi-2.jpg\" alt=\"\" class=\"wp-image-244648\" style=\"width:1006px;height:auto\" srcset=\"https:\/\/www.tapasmagazine.es\/wp-content\/uploads\/2024\/04\/camila-cabello-bacardi-2.jpg 1024w, https:\/\/www.tapasmagazine.es\/wp-content\/uploads\/2024\/04\/camila-cabello-bacardi-2-300x169.jpg 300w, https:\/\/www.tapasmagazine.es\/wp-content\/uploads\/2024\/04\/camila-cabello-bacardi-2-768x432.jpg 768w, https:\/\/www.tapasmagazine.es\/wp-content\/uploads\/2024\/04\/camila-cabello-bacardi-2-1000x563.jpg 1000w, https:\/\/www.tapasmagazine.es\/wp-content\/uploads\/2024\/04\/camila-cabello-bacardi-2-400x225.jpg 400w\" sizes=\"(max-width: 1024px) 100vw, 1024px\" \/><\/figure>\n<\/div>\n\n\n<p>Through this synchronisation around their shared Caribbean heritage and love of music, they celebrate the spirit of Cabello&#8217;s music and passion for uniting their community through self-expression. A high-frequency energy is conveyed in the clip directed by Nicolas Mendez, co-founder of Canada, who has worked with the likes of Rosalia, Travis Scott and Tame Impala.<\/p>\n\n\n\n<p>His cinematic and irreverent vision shows the pop star moving to the rhythm of her song in various scenarios that culminate in a big party where they toast with Bacardi cocktails.<\/p>\n\n\n\n<figure class=\"wp-block-embed is-type-video is-provider-youtube wp-block-embed-youtube wp-embed-aspect-16-9 wp-has-aspect-ratio\"><div class=\"wp-block-embed__wrapper\">\n<iframe title=\"BACARD\u00cd x  Camila Cabello Present: A Do What Moves You Film\" width=\"640\" height=\"360\" src=\"https:\/\/www.youtube.com\/embed\/tKv50TW83Po?start=33&#038;feature=oembed\" frameborder=\"0\" allow=\"accelerometer; autoplay; clipboard-write; encrypted-media; gyroscope; picture-in-picture; web-share\" referrerpolicy=\"strict-origin-when-cross-origin\" allowfullscreen><\/iframe>\n<\/div><\/figure>\n\n\n\n<p>Crafted by <strong>Camila Cabello<\/strong> herself, the drink offers a twist on the classic rum punch, combining <strong>Bacardi Carta Blanca<\/strong> with some of her favourite ingredients such as passion fruit nectar, fresh lime juice, elderflower liqueur, coconut water and<strong> St Germain<\/strong>.<\/p>\n","protected":false},"excerpt":{"rendered":"<p>Click here to read the Spanish version. The iconic spirits brand is partnering with Camila Cabello to open a new era in its legacy. Ron Bacard\u00ed brings the artist to its stage as its global image, giving way to a collaboration framed in the &#8216;Do What Moves You&#8216; project. In this first campaign, the actress [&hellip;]<\/p>\n","protected":false},"author":285,"featured_media":244645,"comment_status":"closed","ping_status":"closed","sticky":false,"template":"","format":"standard","meta":{"_acf_changed":false,"footnotes":""},"categories":[15847,15807,15851,15910],"tags":[18901],"class_list":["post-244655","post","type-post","status-publish","format-standard","has-post-thumbnail","hentry","category-bebidas-en","category-gastro-en","category-nombres-propios-en","category-personajes-en","tag-bacardi-en","cat-15847-id","cat-15807-id","cat-15851-id","cat-15910-id"],"acf":[],"yoast_head":"<!-- This site is optimized with the Yoast SEO plugin v27.4 - https:\/\/yoast.com\/product\/yoast-seo-wordpress\/ -->\n<title>Camila Cabello becomes the global ambassador of Bacardi - Tapas<\/title>\n<meta name=\"description\" content=\"Click here to read the Spanish version. The iconic spirits brand is partnering with Camila Cabello to open a new era in its legacy. Ron Bacard\u00ed brings the\" \/>\n<meta name=\"robots\" content=\"index, follow, max-snippet:-1, max-image-preview:large, max-video-preview:-1\" \/>\n<link rel=\"canonical\" href=\"https:\/\/www.tapasmagazine.es\/en\/camila-cabello-becomes-global-ambassador-of-bacardi\/\" \/>\n<meta property=\"og:locale\" content=\"en_US\" \/>\n<meta property=\"og:type\" content=\"article\" \/>\n<meta property=\"og:title\" content=\"Camila Cabello becomes the global ambassador of Bacardi - Tapas\" \/>\n<meta property=\"og:description\" content=\"Click here to read the Spanish version. The iconic spirits brand is partnering with Camila Cabello to open a new era in its legacy. Ron Bacard\u00ed brings the\" \/>\n<meta property=\"og:url\" content=\"https:\/\/www.tapasmagazine.es\/en\/camila-cabello-becomes-global-ambassador-of-bacardi\/\" \/>\n<meta property=\"og:site_name\" content=\"Tapas\" \/>\n<meta property=\"article:publisher\" content=\"https:\/\/www.facebook.com\/tapasmagazine\" \/>\n<meta property=\"article:published_time\" content=\"2024-04-11T09:30:26+00:00\" \/>\n<meta property=\"article:modified_time\" content=\"2024-04-11T09:38:44+00:00\" \/>\n<meta property=\"og:image\" content=\"https:\/\/www.tapasmagazine.es\/wp-content\/uploads\/2024\/04\/camila-cabello-bacardi-1.jpg\" \/>\n\t<meta property=\"og:image:width\" content=\"1200\" \/>\n\t<meta property=\"og:image:height\" content=\"675\" \/>\n\t<meta property=\"og:image:type\" content=\"image\/jpeg\" \/>\n<meta name=\"author\" content=\"Laura P\u00e9rez\" \/>\n<meta name=\"twitter:card\" content=\"summary_large_image\" \/>\n<meta name=\"twitter:creator\" content=\"@TapasMagazine\" \/>\n<meta name=\"twitter:site\" content=\"@TapasMagazine\" \/>\n<meta name=\"twitter:label1\" content=\"Written by\" \/>\n\t<meta name=\"twitter:data1\" content=\"Laura P\u00e9rez\" \/>\n\t<meta name=\"twitter:label2\" content=\"Est. reading time\" \/>\n\t<meta name=\"twitter:data2\" content=\"2 minutes\" \/>\n<script type=\"application\/ld+json\" class=\"yoast-schema-graph\">{\"@context\":\"https:\\\/\\\/schema.org\",\"@graph\":[{\"@type\":\"Article\",\"@id\":\"https:\\\/\\\/www.tapasmagazine.es\\\/en\\\/camila-cabello-becomes-global-ambassador-of-bacardi\\\/#article\",\"isPartOf\":{\"@id\":\"https:\\\/\\\/www.tapasmagazine.es\\\/en\\\/camila-cabello-becomes-global-ambassador-of-bacardi\\\/\"},\"author\":{\"name\":\"Laura P\u00e9rez\",\"@id\":\"https:\\\/\\\/www.tapasmagazine.es\\\/#\\\/schema\\\/person\\\/eb46cbe76a9c8f062660eb609e3ecb4e\"},\"headline\":\"Camila Cabello becomes the global ambassador of Bacardi\",\"datePublished\":\"2024-04-11T09:30:26+00:00\",\"dateModified\":\"2024-04-11T09:38:44+00:00\",\"mainEntityOfPage\":{\"@id\":\"https:\\\/\\\/www.tapasmagazine.es\\\/en\\\/camila-cabello-becomes-global-ambassador-of-bacardi\\\/\"},\"wordCount\":315,\"publisher\":{\"@id\":\"https:\\\/\\\/www.tapasmagazine.es\\\/#organization\"},\"image\":{\"@id\":\"https:\\\/\\\/www.tapasmagazine.es\\\/en\\\/camila-cabello-becomes-global-ambassador-of-bacardi\\\/#primaryimage\"},\"thumbnailUrl\":\"https:\\\/\\\/www.tapasmagazine.es\\\/wp-content\\\/uploads\\\/2024\\\/04\\\/camila-cabello-bacardi-1.jpg\",\"keywords\":[\"Bacardi\"],\"articleSection\":[\"Bebidas\",\"Gastro\",\"Nombres propios\",\"Personajes\"],\"inLanguage\":\"en-US\"},{\"@type\":\"WebPage\",\"@id\":\"https:\\\/\\\/www.tapasmagazine.es\\\/en\\\/camila-cabello-becomes-global-ambassador-of-bacardi\\\/\",\"url\":\"https:\\\/\\\/www.tapasmagazine.es\\\/en\\\/camila-cabello-becomes-global-ambassador-of-bacardi\\\/\",\"name\":\"Camila Cabello becomes the global ambassador of Bacardi - Tapas\",\"isPartOf\":{\"@id\":\"https:\\\/\\\/www.tapasmagazine.es\\\/#website\"},\"primaryImageOfPage\":{\"@id\":\"https:\\\/\\\/www.tapasmagazine.es\\\/en\\\/camila-cabello-becomes-global-ambassador-of-bacardi\\\/#primaryimage\"},\"image\":{\"@id\":\"https:\\\/\\\/www.tapasmagazine.es\\\/en\\\/camila-cabello-becomes-global-ambassador-of-bacardi\\\/#primaryimage\"},\"thumbnailUrl\":\"https:\\\/\\\/www.tapasmagazine.es\\\/wp-content\\\/uploads\\\/2024\\\/04\\\/camila-cabello-bacardi-1.jpg\",\"datePublished\":\"2024-04-11T09:30:26+00:00\",\"dateModified\":\"2024-04-11T09:38:44+00:00\",\"description\":\"Click here to read the Spanish version. The iconic spirits brand is partnering with Camila Cabello to open a new era in its legacy. Ron Bacard\u00ed brings the\",\"breadcrumb\":{\"@id\":\"https:\\\/\\\/www.tapasmagazine.es\\\/en\\\/camila-cabello-becomes-global-ambassador-of-bacardi\\\/#breadcrumb\"},\"inLanguage\":\"en-US\",\"potentialAction\":[{\"@type\":\"ReadAction\",\"target\":[\"https:\\\/\\\/www.tapasmagazine.es\\\/en\\\/camila-cabello-becomes-global-ambassador-of-bacardi\\\/\"]}]},{\"@type\":\"ImageObject\",\"inLanguage\":\"en-US\",\"@id\":\"https:\\\/\\\/www.tapasmagazine.es\\\/en\\\/camila-cabello-becomes-global-ambassador-of-bacardi\\\/#primaryimage\",\"url\":\"https:\\\/\\\/www.tapasmagazine.es\\\/wp-content\\\/uploads\\\/2024\\\/04\\\/camila-cabello-bacardi-1.jpg\",\"contentUrl\":\"https:\\\/\\\/www.tapasmagazine.es\\\/wp-content\\\/uploads\\\/2024\\\/04\\\/camila-cabello-bacardi-1.jpg\",\"width\":1200,\"height\":675},{\"@type\":\"BreadcrumbList\",\"@id\":\"https:\\\/\\\/www.tapasmagazine.es\\\/en\\\/camila-cabello-becomes-global-ambassador-of-bacardi\\\/#breadcrumb\",\"itemListElement\":[{\"@type\":\"ListItem\",\"position\":1,\"name\":\"Portada\",\"item\":\"https:\\\/\\\/www.tapasmagazine.es\\\/\"},{\"@type\":\"ListItem\",\"position\":2,\"name\":\"Gastro\",\"item\":\"https:\\\/\\\/www.tapasmagazine.es\\\/en\\\/categorias\\\/gastro-en\\\/\"},{\"@type\":\"ListItem\",\"position\":3,\"name\":\"Camila Cabello becomes the global ambassador of Bacardi\"}]},{\"@type\":\"WebSite\",\"@id\":\"https:\\\/\\\/www.tapasmagazine.es\\\/#website\",\"url\":\"https:\\\/\\\/www.tapasmagazine.es\\\/\",\"name\":\"Tapas\",\"description\":\"\u00d1am \u00d1am Lifestyle. La vida a bocados. Premio Nacional de Gastronom\u00eda 2016.\",\"publisher\":{\"@id\":\"https:\\\/\\\/www.tapasmagazine.es\\\/#organization\"},\"potentialAction\":[{\"@type\":\"SearchAction\",\"target\":{\"@type\":\"EntryPoint\",\"urlTemplate\":\"https:\\\/\\\/www.tapasmagazine.es\\\/?s={search_term_string}\"},\"query-input\":{\"@type\":\"PropertyValueSpecification\",\"valueRequired\":true,\"valueName\":\"search_term_string\"}}],\"inLanguage\":\"en-US\"},{\"@type\":\"Organization\",\"@id\":\"https:\\\/\\\/www.tapasmagazine.es\\\/#organization\",\"name\":\"Tapas Magazine\",\"url\":\"https:\\\/\\\/www.tapasmagazine.es\\\/\",\"logo\":{\"@type\":\"ImageObject\",\"inLanguage\":\"en-US\",\"@id\":\"https:\\\/\\\/www.tapasmagazine.es\\\/#\\\/schema\\\/logo\\\/image\\\/\",\"url\":\"https:\\\/\\\/www.tapasmagazine.es\\\/wp-content\\\/uploads\\\/2018\\\/01\\\/logo.png\",\"contentUrl\":\"https:\\\/\\\/www.tapasmagazine.es\\\/wp-content\\\/uploads\\\/2018\\\/01\\\/logo.png\",\"width\":180,\"height\":60,\"caption\":\"Tapas Magazine\"},\"image\":{\"@id\":\"https:\\\/\\\/www.tapasmagazine.es\\\/#\\\/schema\\\/logo\\\/image\\\/\"},\"sameAs\":[\"https:\\\/\\\/www.facebook.com\\\/tapasmagazine\",\"https:\\\/\\\/x.com\\\/TapasMagazine\",\"https:\\\/\\\/www.instagram.com\\\/tapasmagazine\\\/\",\"https:\\\/\\\/www.linkedin.com\\\/company\\\/tapas-magazine\",\"https:\\\/\\\/es.pinterest.com\\\/tapasmagazine\\\/\",\"https:\\\/\\\/www.youtube.com\\\/channel\\\/UCEyxneAaACuR0lfDagrWjjg?sub_confirmation=1\"]},{\"@type\":\"Person\",\"@id\":\"https:\\\/\\\/www.tapasmagazine.es\\\/#\\\/schema\\\/person\\\/eb46cbe76a9c8f062660eb609e3ecb4e\",\"name\":\"Laura P\u00e9rez\",\"url\":\"https:\\\/\\\/www.tapasmagazine.es\\\/en\\\/author\\\/laura-perez\\\/\"}]}<\/script>\n<!-- \/ Yoast SEO plugin. -->","yoast_head_json":{"title":"Camila Cabello becomes the global ambassador of Bacardi - Tapas","description":"Click here to read the Spanish version. The iconic spirits brand is partnering with Camila Cabello to open a new era in its legacy. Ron Bacard\u00ed brings the","robots":{"index":"index","follow":"follow","max-snippet":"max-snippet:-1","max-image-preview":"max-image-preview:large","max-video-preview":"max-video-preview:-1"},"canonical":"https:\/\/www.tapasmagazine.es\/en\/camila-cabello-becomes-global-ambassador-of-bacardi\/","og_locale":"en_US","og_type":"article","og_title":"Camila Cabello becomes the global ambassador of Bacardi - Tapas","og_description":"Click here to read the Spanish version. The iconic spirits brand is partnering with Camila Cabello to open a new era in its legacy. Ron Bacard\u00ed brings the","og_url":"https:\/\/www.tapasmagazine.es\/en\/camila-cabello-becomes-global-ambassador-of-bacardi\/","og_site_name":"Tapas","article_publisher":"https:\/\/www.facebook.com\/tapasmagazine","article_published_time":"2024-04-11T09:30:26+00:00","article_modified_time":"2024-04-11T09:38:44+00:00","og_image":[{"width":1200,"height":675,"url":"https:\/\/www.tapasmagazine.es\/wp-content\/uploads\/2024\/04\/camila-cabello-bacardi-1.jpg","type":"image\/jpeg"}],"author":"Laura P\u00e9rez","twitter_card":"summary_large_image","twitter_creator":"@TapasMagazine","twitter_site":"@TapasMagazine","twitter_misc":{"Written by":"Laura P\u00e9rez","Est. reading time":"2 minutes"},"schema":{"@context":"https:\/\/schema.org","@graph":[{"@type":"Article","@id":"https:\/\/www.tapasmagazine.es\/en\/camila-cabello-becomes-global-ambassador-of-bacardi\/#article","isPartOf":{"@id":"https:\/\/www.tapasmagazine.es\/en\/camila-cabello-becomes-global-ambassador-of-bacardi\/"},"author":{"name":"Laura P\u00e9rez","@id":"https:\/\/www.tapasmagazine.es\/#\/schema\/person\/eb46cbe76a9c8f062660eb609e3ecb4e"},"headline":"Camila Cabello becomes the global ambassador of Bacardi","datePublished":"2024-04-11T09:30:26+00:00","dateModified":"2024-04-11T09:38:44+00:00","mainEntityOfPage":{"@id":"https:\/\/www.tapasmagazine.es\/en\/camila-cabello-becomes-global-ambassador-of-bacardi\/"},"wordCount":315,"publisher":{"@id":"https:\/\/www.tapasmagazine.es\/#organization"},"image":{"@id":"https:\/\/www.tapasmagazine.es\/en\/camila-cabello-becomes-global-ambassador-of-bacardi\/#primaryimage"},"thumbnailUrl":"https:\/\/www.tapasmagazine.es\/wp-content\/uploads\/2024\/04\/camila-cabello-bacardi-1.jpg","keywords":["Bacardi"],"articleSection":["Bebidas","Gastro","Nombres propios","Personajes"],"inLanguage":"en-US"},{"@type":"WebPage","@id":"https:\/\/www.tapasmagazine.es\/en\/camila-cabello-becomes-global-ambassador-of-bacardi\/","url":"https:\/\/www.tapasmagazine.es\/en\/camila-cabello-becomes-global-ambassador-of-bacardi\/","name":"Camila Cabello becomes the global ambassador of Bacardi - Tapas","isPartOf":{"@id":"https:\/\/www.tapasmagazine.es\/#website"},"primaryImageOfPage":{"@id":"https:\/\/www.tapasmagazine.es\/en\/camila-cabello-becomes-global-ambassador-of-bacardi\/#primaryimage"},"image":{"@id":"https:\/\/www.tapasmagazine.es\/en\/camila-cabello-becomes-global-ambassador-of-bacardi\/#primaryimage"},"thumbnailUrl":"https:\/\/www.tapasmagazine.es\/wp-content\/uploads\/2024\/04\/camila-cabello-bacardi-1.jpg","datePublished":"2024-04-11T09:30:26+00:00","dateModified":"2024-04-11T09:38:44+00:00","description":"Click here to read the Spanish version. The iconic spirits brand is partnering with Camila Cabello to open a new era in its legacy. Ron Bacard\u00ed brings the","breadcrumb":{"@id":"https:\/\/www.tapasmagazine.es\/en\/camila-cabello-becomes-global-ambassador-of-bacardi\/#breadcrumb"},"inLanguage":"en-US","potentialAction":[{"@type":"ReadAction","target":["https:\/\/www.tapasmagazine.es\/en\/camila-cabello-becomes-global-ambassador-of-bacardi\/"]}]},{"@type":"ImageObject","inLanguage":"en-US","@id":"https:\/\/www.tapasmagazine.es\/en\/camila-cabello-becomes-global-ambassador-of-bacardi\/#primaryimage","url":"https:\/\/www.tapasmagazine.es\/wp-content\/uploads\/2024\/04\/camila-cabello-bacardi-1.jpg","contentUrl":"https:\/\/www.tapasmagazine.es\/wp-content\/uploads\/2024\/04\/camila-cabello-bacardi-1.jpg","width":1200,"height":675},{"@type":"BreadcrumbList","@id":"https:\/\/www.tapasmagazine.es\/en\/camila-cabello-becomes-global-ambassador-of-bacardi\/#breadcrumb","itemListElement":[{"@type":"ListItem","position":1,"name":"Portada","item":"https:\/\/www.tapasmagazine.es\/"},{"@type":"ListItem","position":2,"name":"Gastro","item":"https:\/\/www.tapasmagazine.es\/en\/categorias\/gastro-en\/"},{"@type":"ListItem","position":3,"name":"Camila Cabello becomes the global ambassador of Bacardi"}]},{"@type":"WebSite","@id":"https:\/\/www.tapasmagazine.es\/#website","url":"https:\/\/www.tapasmagazine.es\/","name":"Tapas","description":"\u00d1am \u00d1am Lifestyle. La vida a bocados. Premio Nacional de Gastronom\u00eda 2016.","publisher":{"@id":"https:\/\/www.tapasmagazine.es\/#organization"},"potentialAction":[{"@type":"SearchAction","target":{"@type":"EntryPoint","urlTemplate":"https:\/\/www.tapasmagazine.es\/?s={search_term_string}"},"query-input":{"@type":"PropertyValueSpecification","valueRequired":true,"valueName":"search_term_string"}}],"inLanguage":"en-US"},{"@type":"Organization","@id":"https:\/\/www.tapasmagazine.es\/#organization","name":"Tapas Magazine","url":"https:\/\/www.tapasmagazine.es\/","logo":{"@type":"ImageObject","inLanguage":"en-US","@id":"https:\/\/www.tapasmagazine.es\/#\/schema\/logo\/image\/","url":"https:\/\/www.tapasmagazine.es\/wp-content\/uploads\/2018\/01\/logo.png","contentUrl":"https:\/\/www.tapasmagazine.es\/wp-content\/uploads\/2018\/01\/logo.png","width":180,"height":60,"caption":"Tapas Magazine"},"image":{"@id":"https:\/\/www.tapasmagazine.es\/#\/schema\/logo\/image\/"},"sameAs":["https:\/\/www.facebook.com\/tapasmagazine","https:\/\/x.com\/TapasMagazine","https:\/\/www.instagram.com\/tapasmagazine\/","https:\/\/www.linkedin.com\/company\/tapas-magazine","https:\/\/es.pinterest.com\/tapasmagazine\/","https:\/\/www.youtube.com\/channel\/UCEyxneAaACuR0lfDagrWjjg?sub_confirmation=1"]},{"@type":"Person","@id":"https:\/\/www.tapasmagazine.es\/#\/schema\/person\/eb46cbe76a9c8f062660eb609e3ecb4e","name":"Laura P\u00e9rez","url":"https:\/\/www.tapasmagazine.es\/en\/author\/laura-perez\/"}]}},"_links":{"self":[{"href":"https:\/\/www.tapasmagazine.es\/en\/wp-json\/wp\/v2\/posts\/244655","targetHints":{"allow":["GET"]}}],"collection":[{"href":"https:\/\/www.tapasmagazine.es\/en\/wp-json\/wp\/v2\/posts"}],"about":[{"href":"https:\/\/www.tapasmagazine.es\/en\/wp-json\/wp\/v2\/types\/post"}],"author":[{"embeddable":true,"href":"https:\/\/www.tapasmagazine.es\/en\/wp-json\/wp\/v2\/users\/285"}],"replies":[{"embeddable":true,"href":"https:\/\/www.tapasmagazine.es\/en\/wp-json\/wp\/v2\/comments?post=244655"}],"version-history":[{"count":2,"href":"https:\/\/www.tapasmagazine.es\/en\/wp-json\/wp\/v2\/posts\/244655\/revisions"}],"predecessor-version":[{"id":244661,"href":"https:\/\/www.tapasmagazine.es\/en\/wp-json\/wp\/v2\/posts\/244655\/revisions\/244661"}],"wp:featuredmedia":[{"embeddable":true,"href":"https:\/\/www.tapasmagazine.es\/en\/wp-json\/wp\/v2\/media\/244645"}],"wp:attachment":[{"href":"https:\/\/www.tapasmagazine.es\/en\/wp-json\/wp\/v2\/media?parent=244655"}],"wp:term":[{"taxonomy":"category","embeddable":true,"href":"https:\/\/www.tapasmagazine.es\/en\/wp-json\/wp\/v2\/categories?post=244655"},{"taxonomy":"post_tag","embeddable":true,"href":"https:\/\/www.tapasmagazine.es\/en\/wp-json\/wp\/v2\/tags?post=244655"}],"curies":[{"name":"wp","href":"https:\/\/api.w.org\/{rel}","templated":true}]}}