{"id":242459,"date":"2024-03-25T16:04:47","date_gmt":"2024-03-25T15:04:47","guid":{"rendered":"https:\/\/www.tapasmagazine.es\/jordi-roca-profundiza-en-la-simbologia-de-lactic-su-postre-favorito\/"},"modified":"2024-03-25T16:07:59","modified_gmt":"2024-03-25T15:07:59","slug":"jordi-roca-delves-into-symbolism-of-his-favourit-dessert-lactic","status":"publish","type":"post","link":"https:\/\/www.tapasmagazine.es\/en\/jordi-roca-delves-into-symbolism-of-his-favourit-dessert-lactic\/","title":{"rendered":"Jordi Roca delves into the symbolism of his favourite dessert, &#8216;L\u00e1ctic&#8217;"},"content":{"rendered":"\n<p><strong>Click <a href=\"https:\/\/www.tapasmagazine.es\/jordi-roca-profundiza-en-la-simbologia-de-lactic-su-postre-favorito\/\" target=\"_blank\" rel=\"noreferrer noopener\">here<\/a> to read the Spanish version.<\/strong><\/p>\n\n\n\n<p>In a conversation with <strong>Tasting Table<\/strong>, the pastry chef wanted to share the meaning behind &#8216;<strong>L\u00e1ctic<\/strong>&#8216;, the scientifically inspired dessert he is most proud of. It is one of his extraordinary creations that he devised in <strong>2003<\/strong> for <strong>El Celler de Can Roca<\/strong>, the three-Michelin-starred restaurant he co-directed with his brothers.<\/p>\n\n\n\n<p>To design this experimental dessert, he was inspired by molecular gastronomy, using scientific techniques to obtain new flavours and textures based on milk, which he fused with different dairy products manipulated in various different ways.<\/p>\n\n\n<div class=\"wp-block-image\">\n<figure class=\"aligncenter size-large is-resized\"><img decoding=\"async\" width=\"1024\" height=\"683\" src=\"https:\/\/www.tapasmagazine.es\/wp-content\/uploads\/2024\/03\/jordi-roca-postre-lactico-2-1024x683.jpg\" alt=\"\" class=\"wp-image-242453\" style=\"width:964px;height:auto\" srcset=\"https:\/\/www.tapasmagazine.es\/wp-content\/uploads\/2024\/03\/jordi-roca-postre-lactico-2-1024x683.jpg 1024w, https:\/\/www.tapasmagazine.es\/wp-content\/uploads\/2024\/03\/jordi-roca-postre-lactico-2-300x200.jpg 300w, https:\/\/www.tapasmagazine.es\/wp-content\/uploads\/2024\/03\/jordi-roca-postre-lactico-2-768x512.jpg 768w, https:\/\/www.tapasmagazine.es\/wp-content\/uploads\/2024\/03\/jordi-roca-postre-lactico-2-1536x1024.jpg 1536w, https:\/\/www.tapasmagazine.es\/wp-content\/uploads\/2024\/03\/jordi-roca-postre-lactico-2-1000x667.jpg 1000w, https:\/\/www.tapasmagazine.es\/wp-content\/uploads\/2024\/03\/jordi-roca-postre-lactico-2-400x267.jpg 400w, https:\/\/www.tapasmagazine.es\/wp-content\/uploads\/2024\/03\/jordi-roca-postre-lactico-2.jpg 2048w\" sizes=\"(max-width: 1024px) 100vw, 1024px\" \/><\/figure>\n<\/div>\n\n\n<p><strong>Jordi <\/strong>told the media outlet about the culinary process he followed when developing it: &#8216;I tasted a Ripollesa sheep&#8217;s milk &#8211; which is a breed native to our area that gives a sweet and very creamy milk &#8211; and with it I set out to make a dessert that would result in a base of dulce de leche made with this milk, a ricotta ice cream made with this milk, [and] a whipped cream made with this ricotta&#8217;.<\/p>\n\n\n\n<p>Roca also includes guava sorbet in the dish in which the Ripollesa milk stands out. We serve it with a piece of paper scented with an essential oil of sheep&#8217;s wool so that customers can smell it as they eat it&#8217;.<\/p>\n\n\n\n<figure class=\"wp-block-embed is-type-video is-provider-tiktok wp-block-embed-tiktok\"><div class=\"wp-block-embed__wrapper\">\n<blockquote class=\"tiktok-embed\" cite=\"https:\/\/www.tiktok.com\/@jordirocasan\/video\/7214524730139839750\" data-video-id=\"7214524730139839750\" data-embed-from=\"oembed\" style=\"max-width:605px; min-width:325px;\"> <section> <a target=\"_blank\" title=\"@jordirocasan\" href=\"https:\/\/www.tiktok.com\/@jordirocasan?refer=embed\">@jordirocasan<\/a> <p>Postre l\u00e1ctico, un postre gal\u00e1ctico de @cellercanroca desde el 2003, (hace 20 a\u00f1os!\ud83e\udee3) Hacemos un \u201cperfume\u201d de lana de oveja, envasamos lana de oveja ripollesa com acetato al vac\u00edo, durante 12h, colamos y destilamos en el roto vapor al vac\u00edo, el aroma lo reservamos para acompa\u00f1ar el plato, (no se come! Solo se huele) servimos un dulce de leche de oveja ripollesa, unas gotas de confitura de Guayaba, unas gotas de yogur de oveja, una espuma de reques\u00f3n de oveja, un helado de leche de oveja, m\u00e1s espuma de reques\u00f3n, una nube de az\u00facar, unas l\u00e1minas de nata de leche de oveja deshidratada. Y a comer acercando la cuchara en todo el plato que tiene una ac\u00fastica muy particular que nos recuerda al cascabel de las ovejas. \ud83d\udc11. <a title=\"cellercanroca\" target=\"_blank\" href=\"https:\/\/www.tiktok.com\/tag\/cellercanroca?refer=embed\">#cellercanroca<\/a> <a title=\"cellerdecanroca\" target=\"_blank\" href=\"https:\/\/www.tiktok.com\/tag\/cellerdecanroca?refer=embed\">#cellerdecanroca<\/a> <a title=\"postrelactic\" target=\"_blank\" href=\"https:\/\/www.tiktok.com\/tag\/postrelactic?refer=embed\">#postrelactic<\/a> <a title=\"jordiroca\" target=\"_blank\" href=\"https:\/\/www.tiktok.com\/tag\/jordiroca?refer=embed\">#jordiroca<\/a> <a title=\"deserts\" target=\"_blank\" href=\"https:\/\/www.tiktok.com\/tag\/deserts?refer=embed\">#deserts<\/a> <a title=\"postres\" target=\"_blank\" href=\"https:\/\/www.tiktok.com\/tag\/postres?refer=embed\">#postres<\/a> <a title=\"llet\" target=\"_blank\" href=\"https:\/\/www.tiktok.com\/tag\/llet?refer=embed\">#llet<\/a> <a title=\"leche\" target=\"_blank\" href=\"https:\/\/www.tiktok.com\/tag\/leche?refer=embed\">#leche<\/a> <a title=\"oveja\" target=\"_blank\" href=\"https:\/\/www.tiktok.com\/tag\/oveja?refer=embed\">#oveja<\/a>  <\/p> <a target=\"_blank\" title=\"\u266c La Vaca Lola - El Reino Infantil\" href=\"https:\/\/www.tiktok.com\/music\/La-Vaca-Lola-6868146819323398146?refer=embed\">\u266c La Vaca Lola &#8211; El Reino Infantil<\/a> <\/section> <\/blockquote> <script async src=\"https:\/\/www.tiktok.com\/embed.js\"><\/script>\n<\/div><\/figure>\n\n\n\n<p>Beyond the empirical result, this galactic dessert, which is still one of the essentials on the menu at El Celler, has a poetic and emotional background behind it: &#8216;There is a personal story related to the smell of baby that my nephews had, if you smell a baby&#8217;s head, it smells of milk and caramel, sweet milk&#8217;.<\/p>\n","protected":false},"excerpt":{"rendered":"<p>Click here to read the Spanish version. In a conversation with Tasting Table, the pastry chef wanted to share the meaning behind &#8216;L\u00e1ctic&#8216;, the scientifically inspired dessert he is most proud of. It is one of his extraordinary creations that he devised in 2003 for El Celler de Can Roca, the three-Michelin-starred restaurant he co-directed [&hellip;]<\/p>\n","protected":false},"author":285,"featured_media":242452,"comment_status":"closed","ping_status":"closed","sticky":false,"template":"","format":"standard","meta":{"_acf_changed":false,"footnotes":""},"categories":[15848,15851,15965,1],"tags":[17087],"class_list":["post-242459","post","type-post","status-publish","format-standard","has-post-thumbnail","hentry","category-chefs-en","category-nombres-propios-en","category-recetas-en","category-sin-categorizar","tag-jordi-roca-en","cat-15848-id","cat-15851-id","cat-15965-id","cat-1-id"],"acf":[],"yoast_head":"<!-- This site is optimized with the Yoast SEO plugin v27.4 - https:\/\/yoast.com\/product\/yoast-seo-wordpress\/ -->\n<title>Jordi Roca delves into the symbolism of his favourite dessert, &#039;L\u00e1ctic&#039; - Tapas<\/title>\n<meta name=\"description\" content=\"Click here to read the Spanish version. In a conversation with Tasting Table, the pastry chef wanted to share the meaning behind &#039;L\u00e1ctic&#039;, the\" \/>\n<meta name=\"robots\" content=\"index, follow, max-snippet:-1, max-image-preview:large, max-video-preview:-1\" \/>\n<link rel=\"canonical\" href=\"https:\/\/www.tapasmagazine.es\/en\/jordi-roca-delves-into-symbolism-of-his-favourit-dessert-lactic\/\" \/>\n<meta property=\"og:locale\" content=\"en_US\" \/>\n<meta property=\"og:type\" content=\"article\" \/>\n<meta property=\"og:title\" content=\"Jordi Roca delves into the symbolism of his favourite dessert, &#039;L\u00e1ctic&#039; - Tapas\" \/>\n<meta property=\"og:description\" content=\"Click here to read the Spanish version. In a conversation with Tasting Table, the pastry chef wanted to share the meaning behind &#039;L\u00e1ctic&#039;, the\" \/>\n<meta property=\"og:url\" content=\"https:\/\/www.tapasmagazine.es\/en\/jordi-roca-delves-into-symbolism-of-his-favourit-dessert-lactic\/\" \/>\n<meta property=\"og:site_name\" content=\"Tapas\" \/>\n<meta property=\"article:publisher\" content=\"https:\/\/www.facebook.com\/tapasmagazine\" \/>\n<meta property=\"article:published_time\" content=\"2024-03-25T15:04:47+00:00\" \/>\n<meta property=\"article:modified_time\" content=\"2024-03-25T15:07:59+00:00\" \/>\n<meta property=\"og:image\" content=\"https:\/\/www.tapasmagazine.es\/wp-content\/uploads\/2024\/03\/jordi-roca-postre-lactico-1.jpg\" \/>\n\t<meta property=\"og:image:width\" content=\"1850\" \/>\n\t<meta property=\"og:image:height\" content=\"1234\" \/>\n\t<meta property=\"og:image:type\" content=\"image\/jpeg\" \/>\n<meta name=\"author\" content=\"Laura P\u00e9rez\" \/>\n<meta name=\"twitter:card\" content=\"summary_large_image\" \/>\n<meta name=\"twitter:creator\" content=\"@TapasMagazine\" \/>\n<meta name=\"twitter:site\" content=\"@TapasMagazine\" \/>\n<meta name=\"twitter:label1\" content=\"Written by\" \/>\n\t<meta name=\"twitter:data1\" content=\"Laura P\u00e9rez\" \/>\n\t<meta name=\"twitter:label2\" content=\"Est. reading time\" \/>\n\t<meta name=\"twitter:data2\" content=\"2 minutes\" \/>\n<script type=\"application\/ld+json\" class=\"yoast-schema-graph\">{\"@context\":\"https:\\\/\\\/schema.org\",\"@graph\":[{\"@type\":\"Article\",\"@id\":\"https:\\\/\\\/www.tapasmagazine.es\\\/en\\\/jordi-roca-delves-into-symbolism-of-his-favourit-dessert-lactic\\\/#article\",\"isPartOf\":{\"@id\":\"https:\\\/\\\/www.tapasmagazine.es\\\/en\\\/jordi-roca-delves-into-symbolism-of-his-favourit-dessert-lactic\\\/\"},\"author\":{\"name\":\"Laura P\u00e9rez\",\"@id\":\"https:\\\/\\\/www.tapasmagazine.es\\\/#\\\/schema\\\/person\\\/eb46cbe76a9c8f062660eb609e3ecb4e\"},\"headline\":\"Jordi Roca delves into the symbolism of his favourite dessert, &#8216;L\u00e1ctic&#8217;\",\"datePublished\":\"2024-03-25T15:04:47+00:00\",\"dateModified\":\"2024-03-25T15:07:59+00:00\",\"mainEntityOfPage\":{\"@id\":\"https:\\\/\\\/www.tapasmagazine.es\\\/en\\\/jordi-roca-delves-into-symbolism-of-his-favourit-dessert-lactic\\\/\"},\"wordCount\":292,\"publisher\":{\"@id\":\"https:\\\/\\\/www.tapasmagazine.es\\\/#organization\"},\"image\":{\"@id\":\"https:\\\/\\\/www.tapasmagazine.es\\\/en\\\/jordi-roca-delves-into-symbolism-of-his-favourit-dessert-lactic\\\/#primaryimage\"},\"thumbnailUrl\":\"https:\\\/\\\/www.tapasmagazine.es\\\/wp-content\\\/uploads\\\/2024\\\/03\\\/jordi-roca-postre-lactico-1.jpg\",\"keywords\":[\"Jordi Roca\"],\"articleSection\":[\"Chefs\",\"Nombres propios\",\"Recetas\",\"Sin categorizar\"],\"inLanguage\":\"en-US\"},{\"@type\":\"WebPage\",\"@id\":\"https:\\\/\\\/www.tapasmagazine.es\\\/en\\\/jordi-roca-delves-into-symbolism-of-his-favourit-dessert-lactic\\\/\",\"url\":\"https:\\\/\\\/www.tapasmagazine.es\\\/en\\\/jordi-roca-delves-into-symbolism-of-his-favourit-dessert-lactic\\\/\",\"name\":\"Jordi Roca delves into the symbolism of his favourite dessert, 'L\u00e1ctic' - Tapas\",\"isPartOf\":{\"@id\":\"https:\\\/\\\/www.tapasmagazine.es\\\/#website\"},\"primaryImageOfPage\":{\"@id\":\"https:\\\/\\\/www.tapasmagazine.es\\\/en\\\/jordi-roca-delves-into-symbolism-of-his-favourit-dessert-lactic\\\/#primaryimage\"},\"image\":{\"@id\":\"https:\\\/\\\/www.tapasmagazine.es\\\/en\\\/jordi-roca-delves-into-symbolism-of-his-favourit-dessert-lactic\\\/#primaryimage\"},\"thumbnailUrl\":\"https:\\\/\\\/www.tapasmagazine.es\\\/wp-content\\\/uploads\\\/2024\\\/03\\\/jordi-roca-postre-lactico-1.jpg\",\"datePublished\":\"2024-03-25T15:04:47+00:00\",\"dateModified\":\"2024-03-25T15:07:59+00:00\",\"description\":\"Click here to read the Spanish version. In a conversation with Tasting Table, the pastry chef wanted to share the meaning behind 'L\u00e1ctic', the\",\"breadcrumb\":{\"@id\":\"https:\\\/\\\/www.tapasmagazine.es\\\/en\\\/jordi-roca-delves-into-symbolism-of-his-favourit-dessert-lactic\\\/#breadcrumb\"},\"inLanguage\":\"en-US\",\"potentialAction\":[{\"@type\":\"ReadAction\",\"target\":[\"https:\\\/\\\/www.tapasmagazine.es\\\/en\\\/jordi-roca-delves-into-symbolism-of-his-favourit-dessert-lactic\\\/\"]}]},{\"@type\":\"ImageObject\",\"inLanguage\":\"en-US\",\"@id\":\"https:\\\/\\\/www.tapasmagazine.es\\\/en\\\/jordi-roca-delves-into-symbolism-of-his-favourit-dessert-lactic\\\/#primaryimage\",\"url\":\"https:\\\/\\\/www.tapasmagazine.es\\\/wp-content\\\/uploads\\\/2024\\\/03\\\/jordi-roca-postre-lactico-1.jpg\",\"contentUrl\":\"https:\\\/\\\/www.tapasmagazine.es\\\/wp-content\\\/uploads\\\/2024\\\/03\\\/jordi-roca-postre-lactico-1.jpg\",\"width\":1850,\"height\":1234},{\"@type\":\"BreadcrumbList\",\"@id\":\"https:\\\/\\\/www.tapasmagazine.es\\\/en\\\/jordi-roca-delves-into-symbolism-of-his-favourit-dessert-lactic\\\/#breadcrumb\",\"itemListElement\":[{\"@type\":\"ListItem\",\"position\":1,\"name\":\"Portada\",\"item\":\"https:\\\/\\\/www.tapasmagazine.es\\\/\"},{\"@type\":\"ListItem\",\"position\":2,\"name\":\"Sin categorizar\",\"item\":\"https:\\\/\\\/www.tapasmagazine.es\\\/categorias\\\/sin-categorizar\\\/\"},{\"@type\":\"ListItem\",\"position\":3,\"name\":\"Jordi Roca delves into the symbolism of his favourite dessert, &#8216;L\u00e1ctic&#8217;\"}]},{\"@type\":\"WebSite\",\"@id\":\"https:\\\/\\\/www.tapasmagazine.es\\\/#website\",\"url\":\"https:\\\/\\\/www.tapasmagazine.es\\\/\",\"name\":\"Tapas\",\"description\":\"\u00d1am \u00d1am Lifestyle. La vida a bocados. Premio Nacional de Gastronom\u00eda 2016.\",\"publisher\":{\"@id\":\"https:\\\/\\\/www.tapasmagazine.es\\\/#organization\"},\"potentialAction\":[{\"@type\":\"SearchAction\",\"target\":{\"@type\":\"EntryPoint\",\"urlTemplate\":\"https:\\\/\\\/www.tapasmagazine.es\\\/?s={search_term_string}\"},\"query-input\":{\"@type\":\"PropertyValueSpecification\",\"valueRequired\":true,\"valueName\":\"search_term_string\"}}],\"inLanguage\":\"en-US\"},{\"@type\":\"Organization\",\"@id\":\"https:\\\/\\\/www.tapasmagazine.es\\\/#organization\",\"name\":\"Tapas Magazine\",\"url\":\"https:\\\/\\\/www.tapasmagazine.es\\\/\",\"logo\":{\"@type\":\"ImageObject\",\"inLanguage\":\"en-US\",\"@id\":\"https:\\\/\\\/www.tapasmagazine.es\\\/#\\\/schema\\\/logo\\\/image\\\/\",\"url\":\"https:\\\/\\\/www.tapasmagazine.es\\\/wp-content\\\/uploads\\\/2018\\\/01\\\/logo.png\",\"contentUrl\":\"https:\\\/\\\/www.tapasmagazine.es\\\/wp-content\\\/uploads\\\/2018\\\/01\\\/logo.png\",\"width\":180,\"height\":60,\"caption\":\"Tapas Magazine\"},\"image\":{\"@id\":\"https:\\\/\\\/www.tapasmagazine.es\\\/#\\\/schema\\\/logo\\\/image\\\/\"},\"sameAs\":[\"https:\\\/\\\/www.facebook.com\\\/tapasmagazine\",\"https:\\\/\\\/x.com\\\/TapasMagazine\",\"https:\\\/\\\/www.instagram.com\\\/tapasmagazine\\\/\",\"https:\\\/\\\/www.linkedin.com\\\/company\\\/tapas-magazine\",\"https:\\\/\\\/es.pinterest.com\\\/tapasmagazine\\\/\",\"https:\\\/\\\/www.youtube.com\\\/channel\\\/UCEyxneAaACuR0lfDagrWjjg?sub_confirmation=1\"]},{\"@type\":\"Person\",\"@id\":\"https:\\\/\\\/www.tapasmagazine.es\\\/#\\\/schema\\\/person\\\/eb46cbe76a9c8f062660eb609e3ecb4e\",\"name\":\"Laura P\u00e9rez\",\"url\":\"https:\\\/\\\/www.tapasmagazine.es\\\/en\\\/author\\\/laura-perez\\\/\"}]}<\/script>\n<!-- \/ Yoast SEO plugin. -->","yoast_head_json":{"title":"Jordi Roca delves into the symbolism of his favourite dessert, 'L\u00e1ctic' - Tapas","description":"Click here to read the Spanish version. In a conversation with Tasting Table, the pastry chef wanted to share the meaning behind 'L\u00e1ctic', the","robots":{"index":"index","follow":"follow","max-snippet":"max-snippet:-1","max-image-preview":"max-image-preview:large","max-video-preview":"max-video-preview:-1"},"canonical":"https:\/\/www.tapasmagazine.es\/en\/jordi-roca-delves-into-symbolism-of-his-favourit-dessert-lactic\/","og_locale":"en_US","og_type":"article","og_title":"Jordi Roca delves into the symbolism of his favourite dessert, 'L\u00e1ctic' - Tapas","og_description":"Click here to read the Spanish version. In a conversation with Tasting Table, the pastry chef wanted to share the meaning behind 'L\u00e1ctic', the","og_url":"https:\/\/www.tapasmagazine.es\/en\/jordi-roca-delves-into-symbolism-of-his-favourit-dessert-lactic\/","og_site_name":"Tapas","article_publisher":"https:\/\/www.facebook.com\/tapasmagazine","article_published_time":"2024-03-25T15:04:47+00:00","article_modified_time":"2024-03-25T15:07:59+00:00","og_image":[{"width":1850,"height":1234,"url":"https:\/\/www.tapasmagazine.es\/wp-content\/uploads\/2024\/03\/jordi-roca-postre-lactico-1.jpg","type":"image\/jpeg"}],"author":"Laura P\u00e9rez","twitter_card":"summary_large_image","twitter_creator":"@TapasMagazine","twitter_site":"@TapasMagazine","twitter_misc":{"Written by":"Laura P\u00e9rez","Est. reading time":"2 minutes"},"schema":{"@context":"https:\/\/schema.org","@graph":[{"@type":"Article","@id":"https:\/\/www.tapasmagazine.es\/en\/jordi-roca-delves-into-symbolism-of-his-favourit-dessert-lactic\/#article","isPartOf":{"@id":"https:\/\/www.tapasmagazine.es\/en\/jordi-roca-delves-into-symbolism-of-his-favourit-dessert-lactic\/"},"author":{"name":"Laura P\u00e9rez","@id":"https:\/\/www.tapasmagazine.es\/#\/schema\/person\/eb46cbe76a9c8f062660eb609e3ecb4e"},"headline":"Jordi Roca delves into the symbolism of his favourite dessert, &#8216;L\u00e1ctic&#8217;","datePublished":"2024-03-25T15:04:47+00:00","dateModified":"2024-03-25T15:07:59+00:00","mainEntityOfPage":{"@id":"https:\/\/www.tapasmagazine.es\/en\/jordi-roca-delves-into-symbolism-of-his-favourit-dessert-lactic\/"},"wordCount":292,"publisher":{"@id":"https:\/\/www.tapasmagazine.es\/#organization"},"image":{"@id":"https:\/\/www.tapasmagazine.es\/en\/jordi-roca-delves-into-symbolism-of-his-favourit-dessert-lactic\/#primaryimage"},"thumbnailUrl":"https:\/\/www.tapasmagazine.es\/wp-content\/uploads\/2024\/03\/jordi-roca-postre-lactico-1.jpg","keywords":["Jordi Roca"],"articleSection":["Chefs","Nombres propios","Recetas","Sin categorizar"],"inLanguage":"en-US"},{"@type":"WebPage","@id":"https:\/\/www.tapasmagazine.es\/en\/jordi-roca-delves-into-symbolism-of-his-favourit-dessert-lactic\/","url":"https:\/\/www.tapasmagazine.es\/en\/jordi-roca-delves-into-symbolism-of-his-favourit-dessert-lactic\/","name":"Jordi Roca delves into the symbolism of his favourite dessert, 'L\u00e1ctic' - Tapas","isPartOf":{"@id":"https:\/\/www.tapasmagazine.es\/#website"},"primaryImageOfPage":{"@id":"https:\/\/www.tapasmagazine.es\/en\/jordi-roca-delves-into-symbolism-of-his-favourit-dessert-lactic\/#primaryimage"},"image":{"@id":"https:\/\/www.tapasmagazine.es\/en\/jordi-roca-delves-into-symbolism-of-his-favourit-dessert-lactic\/#primaryimage"},"thumbnailUrl":"https:\/\/www.tapasmagazine.es\/wp-content\/uploads\/2024\/03\/jordi-roca-postre-lactico-1.jpg","datePublished":"2024-03-25T15:04:47+00:00","dateModified":"2024-03-25T15:07:59+00:00","description":"Click here to read the Spanish version. In a conversation with Tasting Table, the pastry chef wanted to share the meaning behind 'L\u00e1ctic', the","breadcrumb":{"@id":"https:\/\/www.tapasmagazine.es\/en\/jordi-roca-delves-into-symbolism-of-his-favourit-dessert-lactic\/#breadcrumb"},"inLanguage":"en-US","potentialAction":[{"@type":"ReadAction","target":["https:\/\/www.tapasmagazine.es\/en\/jordi-roca-delves-into-symbolism-of-his-favourit-dessert-lactic\/"]}]},{"@type":"ImageObject","inLanguage":"en-US","@id":"https:\/\/www.tapasmagazine.es\/en\/jordi-roca-delves-into-symbolism-of-his-favourit-dessert-lactic\/#primaryimage","url":"https:\/\/www.tapasmagazine.es\/wp-content\/uploads\/2024\/03\/jordi-roca-postre-lactico-1.jpg","contentUrl":"https:\/\/www.tapasmagazine.es\/wp-content\/uploads\/2024\/03\/jordi-roca-postre-lactico-1.jpg","width":1850,"height":1234},{"@type":"BreadcrumbList","@id":"https:\/\/www.tapasmagazine.es\/en\/jordi-roca-delves-into-symbolism-of-his-favourit-dessert-lactic\/#breadcrumb","itemListElement":[{"@type":"ListItem","position":1,"name":"Portada","item":"https:\/\/www.tapasmagazine.es\/"},{"@type":"ListItem","position":2,"name":"Sin categorizar","item":"https:\/\/www.tapasmagazine.es\/categorias\/sin-categorizar\/"},{"@type":"ListItem","position":3,"name":"Jordi Roca delves into the symbolism of his favourite dessert, &#8216;L\u00e1ctic&#8217;"}]},{"@type":"WebSite","@id":"https:\/\/www.tapasmagazine.es\/#website","url":"https:\/\/www.tapasmagazine.es\/","name":"Tapas","description":"\u00d1am \u00d1am Lifestyle. La vida a bocados. Premio Nacional de Gastronom\u00eda 2016.","publisher":{"@id":"https:\/\/www.tapasmagazine.es\/#organization"},"potentialAction":[{"@type":"SearchAction","target":{"@type":"EntryPoint","urlTemplate":"https:\/\/www.tapasmagazine.es\/?s={search_term_string}"},"query-input":{"@type":"PropertyValueSpecification","valueRequired":true,"valueName":"search_term_string"}}],"inLanguage":"en-US"},{"@type":"Organization","@id":"https:\/\/www.tapasmagazine.es\/#organization","name":"Tapas Magazine","url":"https:\/\/www.tapasmagazine.es\/","logo":{"@type":"ImageObject","inLanguage":"en-US","@id":"https:\/\/www.tapasmagazine.es\/#\/schema\/logo\/image\/","url":"https:\/\/www.tapasmagazine.es\/wp-content\/uploads\/2018\/01\/logo.png","contentUrl":"https:\/\/www.tapasmagazine.es\/wp-content\/uploads\/2018\/01\/logo.png","width":180,"height":60,"caption":"Tapas Magazine"},"image":{"@id":"https:\/\/www.tapasmagazine.es\/#\/schema\/logo\/image\/"},"sameAs":["https:\/\/www.facebook.com\/tapasmagazine","https:\/\/x.com\/TapasMagazine","https:\/\/www.instagram.com\/tapasmagazine\/","https:\/\/www.linkedin.com\/company\/tapas-magazine","https:\/\/es.pinterest.com\/tapasmagazine\/","https:\/\/www.youtube.com\/channel\/UCEyxneAaACuR0lfDagrWjjg?sub_confirmation=1"]},{"@type":"Person","@id":"https:\/\/www.tapasmagazine.es\/#\/schema\/person\/eb46cbe76a9c8f062660eb609e3ecb4e","name":"Laura P\u00e9rez","url":"https:\/\/www.tapasmagazine.es\/en\/author\/laura-perez\/"}]}},"_links":{"self":[{"href":"https:\/\/www.tapasmagazine.es\/en\/wp-json\/wp\/v2\/posts\/242459","targetHints":{"allow":["GET"]}}],"collection":[{"href":"https:\/\/www.tapasmagazine.es\/en\/wp-json\/wp\/v2\/posts"}],"about":[{"href":"https:\/\/www.tapasmagazine.es\/en\/wp-json\/wp\/v2\/types\/post"}],"author":[{"embeddable":true,"href":"https:\/\/www.tapasmagazine.es\/en\/wp-json\/wp\/v2\/users\/285"}],"replies":[{"embeddable":true,"href":"https:\/\/www.tapasmagazine.es\/en\/wp-json\/wp\/v2\/comments?post=242459"}],"version-history":[{"count":1,"href":"https:\/\/www.tapasmagazine.es\/en\/wp-json\/wp\/v2\/posts\/242459\/revisions"}],"predecessor-version":[{"id":242466,"href":"https:\/\/www.tapasmagazine.es\/en\/wp-json\/wp\/v2\/posts\/242459\/revisions\/242466"}],"wp:featuredmedia":[{"embeddable":true,"href":"https:\/\/www.tapasmagazine.es\/en\/wp-json\/wp\/v2\/media\/242452"}],"wp:attachment":[{"href":"https:\/\/www.tapasmagazine.es\/en\/wp-json\/wp\/v2\/media?parent=242459"}],"wp:term":[{"taxonomy":"category","embeddable":true,"href":"https:\/\/www.tapasmagazine.es\/en\/wp-json\/wp\/v2\/categories?post=242459"},{"taxonomy":"post_tag","embeddable":true,"href":"https:\/\/www.tapasmagazine.es\/en\/wp-json\/wp\/v2\/tags?post=242459"}],"curies":[{"name":"wp","href":"https:\/\/api.w.org\/{rel}","templated":true}]}}