{"id":241727,"date":"2024-03-20T08:27:03","date_gmt":"2024-03-20T07:27:03","guid":{"rendered":"https:\/\/www.tapasmagazine.es\/?p=241727"},"modified":"2024-03-20T09:48:28","modified_gmt":"2024-03-20T08:48:28","slug":"cenador-de-amos-celebrates-its-301-season-with-the-first-regenerative-uniform-in-haute-cuisine-and-a-spectacular-menu","status":"publish","type":"post","link":"https:\/\/www.tapasmagazine.es\/en\/cenador-de-amos-celebrates-its-301-season-with-the-first-regenerative-uniform-in-haute-cuisine-and-a-spectacular-menu\/","title":{"rendered":"Cenador de Am\u00f3s celebrates its 30+1 season with the &#8216;first regenerative uniform&#8217; in haute cuisine and a spectacular menu"},"content":{"rendered":"\n<p><strong>Click <a href=\"https:\/\/www.tapasmagazine.es\/cenador-de-amos-celebra-su-temporada-301-con-el-primer-uniforme-regenerativo-en-la-alta-cocina-y-un-espectacular-menu\/\" target=\"_blank\" rel=\"noreferrer noopener\">here<\/a> to read the Spanish version.<\/strong><br>&#8220;You will leave the world a little better, more sustainable&#8221;, is one of the slogans of <a href=\"https:\/\/www.cenadordeamos.com\/\" target=\"_blank\" rel=\"noreferrer noopener\">Cenador de Am\u00f3s<\/a>. Under that premise, and taking advantage of the fact that Jes\u00fas S\u00e1nchez&#8217;s restaurant is celebrating its 30+1 season, it has joined forces with the <a href=\"https:\/\/hemperstore.com\/\" target=\"_blank\" rel=\"noreferrer noopener\">Hemper<\/a> brand to create the first regenerative uniform for haute cuisine. This is a sustainable and conscious initiative that aims to lay the foundations in the hospitality industry thanks to its firm commitment to the planet, culture and people.<\/p>\n\n\n\n<figure class=\"wp-block-image size-large\"><img decoding=\"async\" width=\"1024\" height=\"576\" src=\"https:\/\/www.tapasmagazine.es\/wp-content\/uploads\/2024\/03\/Cenador-de-Amos-restaurante-1024x576.jpg\" alt=\"\" class=\"wp-image-241719\" srcset=\"https:\/\/www.tapasmagazine.es\/wp-content\/uploads\/2024\/03\/Cenador-de-Amos-restaurante-1024x576.jpg 1024w, https:\/\/www.tapasmagazine.es\/wp-content\/uploads\/2024\/03\/Cenador-de-Amos-restaurante-300x169.jpg 300w, https:\/\/www.tapasmagazine.es\/wp-content\/uploads\/2024\/03\/Cenador-de-Amos-restaurante-768x432.jpg 768w, https:\/\/www.tapasmagazine.es\/wp-content\/uploads\/2024\/03\/Cenador-de-Amos-restaurante-1000x563.jpg 1000w, https:\/\/www.tapasmagazine.es\/wp-content\/uploads\/2024\/03\/Cenador-de-Amos-restaurante-400x225.jpg 400w, https:\/\/www.tapasmagazine.es\/wp-content\/uploads\/2024\/03\/Cenador-de-Amos-restaurante.jpg 1200w\" sizes=\"(max-width: 1024px) 100vw, 1024px\" \/><\/figure>\n\n\n\n<p>This collaboration was born organically from values shared by both the restaurant and the textile firm. On the one hand, Cenador de Am\u00f3s is committed to organic raw materials and puts special focus on preserving the health of the planet and the environment. On the other hand, Hemper is a regenerative fashion brand whose purpose is to create an industrial fabric around hemp, the most sustainable fiber on the planet, which contributes to the development of the most disadvantaged communities in Nepal, becoming a hemp producer led by the most vulnerable groups.<\/p>\n\n\n\n<figure class=\"wp-block-image size-large\"><img decoding=\"async\" width=\"1024\" height=\"576\" src=\"https:\/\/www.tapasmagazine.es\/wp-content\/uploads\/2024\/03\/Cenador-de-Amos-Uniforme-Hemper-1024x576.jpg\" alt=\"\" class=\"wp-image-241715\" srcset=\"https:\/\/www.tapasmagazine.es\/wp-content\/uploads\/2024\/03\/Cenador-de-Amos-Uniforme-Hemper-1024x576.jpg 1024w, https:\/\/www.tapasmagazine.es\/wp-content\/uploads\/2024\/03\/Cenador-de-Amos-Uniforme-Hemper-300x169.jpg 300w, https:\/\/www.tapasmagazine.es\/wp-content\/uploads\/2024\/03\/Cenador-de-Amos-Uniforme-Hemper-768x432.jpg 768w, https:\/\/www.tapasmagazine.es\/wp-content\/uploads\/2024\/03\/Cenador-de-Amos-Uniforme-Hemper-1000x563.jpg 1000w, https:\/\/www.tapasmagazine.es\/wp-content\/uploads\/2024\/03\/Cenador-de-Amos-Uniforme-Hemper-400x225.jpg 400w, https:\/\/www.tapasmagazine.es\/wp-content\/uploads\/2024\/03\/Cenador-de-Amos-Uniforme-Hemper.jpg 1200w\" sizes=\"(max-width: 1024px) 100vw, 1024px\" \/><\/figure>\n\n\n\n<p>From this beautiful symbiosis have emerged the new pieces of the Cenador de Am\u00f3s uniform. A jacket, a shirt and pants -along with accessories such as ties and scrunchies- made under the principle of mono-materiality, that is, the use of a single material that allows the future recycling of the garment to enhance its circularity. In this case, regenerative indigenous cotton and hemp, which come from natural fibers. All this artisanal process has been carried out in Nepal and has been circular, promoting the reduction of waste and reusing it for accessories.<\/p>\n\n\n\n<figure class=\"wp-block-image size-large\"><img decoding=\"async\" width=\"1024\" height=\"576\" src=\"https:\/\/www.tapasmagazine.es\/wp-content\/uploads\/2024\/03\/Cenador-de-Amos-uniforme-de-Hemper-1024x576.jpg\" alt=\"\" class=\"wp-image-241717\" srcset=\"https:\/\/www.tapasmagazine.es\/wp-content\/uploads\/2024\/03\/Cenador-de-Amos-uniforme-de-Hemper-1024x576.jpg 1024w, https:\/\/www.tapasmagazine.es\/wp-content\/uploads\/2024\/03\/Cenador-de-Amos-uniforme-de-Hemper-300x169.jpg 300w, https:\/\/www.tapasmagazine.es\/wp-content\/uploads\/2024\/03\/Cenador-de-Amos-uniforme-de-Hemper-768x432.jpg 768w, https:\/\/www.tapasmagazine.es\/wp-content\/uploads\/2024\/03\/Cenador-de-Amos-uniforme-de-Hemper-1000x563.jpg 1000w, https:\/\/www.tapasmagazine.es\/wp-content\/uploads\/2024\/03\/Cenador-de-Amos-uniforme-de-Hemper-400x225.jpg 400w, https:\/\/www.tapasmagazine.es\/wp-content\/uploads\/2024\/03\/Cenador-de-Amos-uniforme-de-Hemper.jpg 1200w\" sizes=\"(max-width: 1024px) 100vw, 1024px\" \/><\/figure>\n\n\n\n<p>&#8220;The uniform is a statement of principles, a symbol of our dedication to preserving natural resources and honoring the traditions that have shaped us. It is the harmony between functionality and beauty, between sustainability and style. This is a collaboration where the passion for the authentic comes together on every plate, in every seam,&#8221; explained Hemper CEO and founder Gloria Gubianas.<\/p>\n\n\n\n<h2 class=\"wp-block-heading\">&#8216;La Gran Experiencia&#8217; by Jes\u00fas S\u00e1nchez<\/h2>\n\n\n\n<p>This great launch of the new regenerative uniforms has coincided with another very special date, its 30+1 anniversary. After more than three decades, Cenador de Am\u00f3s wanted to organize a gastronomic experience that aims to be unforgettable. For this menu called &#8216;La Gran Experiencia&#8217;, chef Jes\u00fas S\u00e1nchez has designed a proposal that consists of 21 passes that will undoubtedly thrill the diner. An evening that is defined as &#8220;almost theatrical&#8221;, which will involve the five senses and will be cared for in detail so that the diner enjoys and is the real protagonist.<\/p>\n\n\n\n<figure class=\"wp-block-image size-large\"><img decoding=\"async\" width=\"1024\" height=\"576\" src=\"https:\/\/www.tapasmagazine.es\/wp-content\/uploads\/2024\/03\/cenador-de-amos-menu-301-3-1024x576.jpg\" alt=\"\" class=\"wp-image-241721\" srcset=\"https:\/\/www.tapasmagazine.es\/wp-content\/uploads\/2024\/03\/cenador-de-amos-menu-301-3-1024x576.jpg 1024w, https:\/\/www.tapasmagazine.es\/wp-content\/uploads\/2024\/03\/cenador-de-amos-menu-301-3-300x169.jpg 300w, https:\/\/www.tapasmagazine.es\/wp-content\/uploads\/2024\/03\/cenador-de-amos-menu-301-3-768x432.jpg 768w, https:\/\/www.tapasmagazine.es\/wp-content\/uploads\/2024\/03\/cenador-de-amos-menu-301-3-1000x563.jpg 1000w, https:\/\/www.tapasmagazine.es\/wp-content\/uploads\/2024\/03\/cenador-de-amos-menu-301-3-400x225.jpg 400w, https:\/\/www.tapasmagazine.es\/wp-content\/uploads\/2024\/03\/cenador-de-amos-menu-301-3.jpg 1200w\" sizes=\"(max-width: 1024px) 100vw, 1024px\" \/><figcaption class=\"wp-element-caption\">Suprema de pich\u00f3n, su propio jugo y dados de remolacha.<\/figcaption><\/figure>\n\n\n\n<p>&#8220;Our proposal is a combination of product, tradition, creativity, technique and passion for cooking,&#8221; said Jes\u00fas S\u00e1nchez. For this great experience, the chef has created a menu with new and surprising dishes such as &#8216;Cloud of peas and mint broth&#8217;, &#8216;Traditional Cantabrian stew and our interpretation&#8217;, &#8216;Cantabrian lobster, partridge broth, kohlrabi and fennel&#8217;, &#8216;Grouper and &#8216;ode to conger eel broth&#8217; or &#8216;Marrow and almond, asparagus, mountain cheese and whey&#8217;. But he did not want to forget the great classics either. &#8220;This year we are once again reinventing the iconic Am\u00f3s omelette recipe, with a new version that will leave no one indifferent, an exaltation of the omelette that can only be described as spectacular,&#8221; says the chef.<\/p>\n\n\n\n<figure class=\"wp-block-image size-large\"><img decoding=\"async\" width=\"1024\" height=\"576\" src=\"https:\/\/www.tapasmagazine.es\/wp-content\/uploads\/2024\/03\/Cenador-de-Amos-bogavante-1024x576.jpg\" alt=\"\" class=\"wp-image-241723\" srcset=\"https:\/\/www.tapasmagazine.es\/wp-content\/uploads\/2024\/03\/Cenador-de-Amos-bogavante-1024x576.jpg 1024w, https:\/\/www.tapasmagazine.es\/wp-content\/uploads\/2024\/03\/Cenador-de-Amos-bogavante-300x169.jpg 300w, https:\/\/www.tapasmagazine.es\/wp-content\/uploads\/2024\/03\/Cenador-de-Amos-bogavante-768x432.jpg 768w, https:\/\/www.tapasmagazine.es\/wp-content\/uploads\/2024\/03\/Cenador-de-Amos-bogavante-1000x563.jpg 1000w, https:\/\/www.tapasmagazine.es\/wp-content\/uploads\/2024\/03\/Cenador-de-Amos-bogavante-400x225.jpg 400w, https:\/\/www.tapasmagazine.es\/wp-content\/uploads\/2024\/03\/Cenador-de-Amos-bogavante.jpg 1200w\" sizes=\"(max-width: 1024px) 100vw, 1024px\" \/><figcaption class=\"wp-element-caption\">Bogavante del Cant\u00e1brico, caldo de perdiz, colinabo e hinojo.<\/figcaption><\/figure>\n\n\n\n<p>The price of the menu &#8216;The Great Experience&#8217; is 275 \u20ac and it is a unique opportunity to &#8220;look back, remember the past and look to the future&#8221;. You can book <strong><a href=\"https:\/\/www.cenadordeamos.com\/reservas\/haz-tu-reserva\/\" target=\"_blank\" rel=\"noreferrer noopener\">here<\/a><\/strong>.<\/p>\n\n\n\n<p><strong>Where is Cenador de Am\u00f3s? Plaza del Sol s\/n, 39793, Villaverde de Pontones (Cantabria)<\/strong><\/p>\n","protected":false},"excerpt":{"rendered":"<p>Click here to read the Spanish version.&#8220;You will leave the world a little better, more sustainable&#8221;, is one of the slogans of Cenador de Am\u00f3s. Under that premise, and taking advantage of the fact that Jes\u00fas S\u00e1nchez&#8217;s restaurant is celebrating its 30+1 season, it has joined forces with the Hemper brand to create the first [&hellip;]<\/p>\n","protected":false},"author":279,"featured_media":241732,"comment_status":"closed","ping_status":"closed","sticky":false,"template":"","format":"standard","meta":{"_acf_changed":false,"footnotes":""},"categories":[15848,15802,15851],"tags":[],"class_list":["post-241727","post","type-post","status-publish","format-standard","has-post-thumbnail","hentry","category-chefs-en","category-news","category-nombres-propios-en","cat-15848-id","cat-15802-id","cat-15851-id"],"acf":[],"yoast_head":"<!-- This site is optimized with the Yoast SEO plugin v27.5 - https:\/\/yoast.com\/product\/yoast-seo-wordpress\/ -->\n<title>Cenador de Am\u00f3s celebrates its 30+1 season with the &#039;first regenerative uniform&#039; in haute cuisine and a spectacular menu<\/title>\n<meta name=\"description\" content=\"El Cenador de Am\u00f3s presents the menu &#039;La Gran Experiencia&#039; and launches with Hemper the first regenerative uniform, a sustainable initiative.\" \/>\n<meta name=\"robots\" content=\"index, follow, max-snippet:-1, max-image-preview:large, max-video-preview:-1\" \/>\n<link rel=\"canonical\" href=\"https:\/\/www.tapasmagazine.es\/en\/cenador-de-amos-celebrates-its-301-season-with-the-first-regenerative-uniform-in-haute-cuisine-and-a-spectacular-menu\/\" \/>\n<meta property=\"og:locale\" content=\"en_US\" \/>\n<meta property=\"og:type\" content=\"article\" \/>\n<meta property=\"og:title\" content=\"Cenador de Am\u00f3s celebrates its 30+1 season with the &#039;first regenerative uniform&#039; in haute cuisine and a spectacular menu\" \/>\n<meta property=\"og:description\" content=\"El Cenador de Am\u00f3s presents the menu &#039;La Gran Experiencia&#039; and launches with Hemper the first regenerative uniform, a sustainable initiative.\" \/>\n<meta property=\"og:url\" content=\"https:\/\/www.tapasmagazine.es\/en\/cenador-de-amos-celebrates-its-301-season-with-the-first-regenerative-uniform-in-haute-cuisine-and-a-spectacular-menu\/\" \/>\n<meta property=\"og:site_name\" content=\"Tapas\" \/>\n<meta property=\"article:publisher\" content=\"https:\/\/www.facebook.com\/tapasmagazine\" \/>\n<meta property=\"article:published_time\" content=\"2024-03-20T07:27:03+00:00\" \/>\n<meta property=\"article:modified_time\" content=\"2024-03-20T08:48:28+00:00\" \/>\n<meta property=\"og:image\" content=\"https:\/\/www.tapasmagazine.es\/wp-content\/uploads\/2024\/03\/Jesus-Amos-Cenador-de-Amos-30-1.jpg\" \/>\n\t<meta property=\"og:image:width\" content=\"1200\" \/>\n\t<meta property=\"og:image:height\" content=\"675\" \/>\n\t<meta property=\"og:image:type\" content=\"image\/jpeg\" \/>\n<meta name=\"author\" content=\"Toni Alonso\" \/>\n<meta name=\"twitter:card\" content=\"summary_large_image\" \/>\n<meta name=\"twitter:creator\" content=\"@TapasMagazine\" \/>\n<meta name=\"twitter:site\" content=\"@TapasMagazine\" \/>\n<meta name=\"twitter:label1\" content=\"Written by\" \/>\n\t<meta name=\"twitter:data1\" content=\"Toni Alonso\" \/>\n\t<meta name=\"twitter:label2\" content=\"Est. reading time\" \/>\n\t<meta name=\"twitter:data2\" content=\"5 minutes\" \/>\n<script type=\"application\/ld+json\" class=\"yoast-schema-graph\">{\"@context\":\"https:\\\/\\\/schema.org\",\"@graph\":[{\"@type\":\"Article\",\"@id\":\"https:\\\/\\\/www.tapasmagazine.es\\\/en\\\/cenador-de-amos-celebrates-its-301-season-with-the-first-regenerative-uniform-in-haute-cuisine-and-a-spectacular-menu\\\/#article\",\"isPartOf\":{\"@id\":\"https:\\\/\\\/www.tapasmagazine.es\\\/en\\\/cenador-de-amos-celebrates-its-301-season-with-the-first-regenerative-uniform-in-haute-cuisine-and-a-spectacular-menu\\\/\"},\"author\":{\"name\":\"Toni Alonso\",\"@id\":\"https:\\\/\\\/www.tapasmagazine.es\\\/#\\\/schema\\\/person\\\/63bc618d318821aa948ba50d2e18ab3d\"},\"headline\":\"Cenador de Am\u00f3s celebrates its 30+1 season with the &#8216;first regenerative uniform&#8217; in haute cuisine and a spectacular menu\",\"datePublished\":\"2024-03-20T07:27:03+00:00\",\"dateModified\":\"2024-03-20T08:48:28+00:00\",\"mainEntityOfPage\":{\"@id\":\"https:\\\/\\\/www.tapasmagazine.es\\\/en\\\/cenador-de-amos-celebrates-its-301-season-with-the-first-regenerative-uniform-in-haute-cuisine-and-a-spectacular-menu\\\/\"},\"wordCount\":646,\"publisher\":{\"@id\":\"https:\\\/\\\/www.tapasmagazine.es\\\/#organization\"},\"image\":{\"@id\":\"https:\\\/\\\/www.tapasmagazine.es\\\/en\\\/cenador-de-amos-celebrates-its-301-season-with-the-first-regenerative-uniform-in-haute-cuisine-and-a-spectacular-menu\\\/#primaryimage\"},\"thumbnailUrl\":\"https:\\\/\\\/www.tapasmagazine.es\\\/wp-content\\\/uploads\\\/2024\\\/03\\\/Jesus-Amos-Cenador-de-Amos-30-1.jpg\",\"articleSection\":[\"Chefs\",\"News\",\"Nombres propios\"],\"inLanguage\":\"en-US\"},{\"@type\":\"WebPage\",\"@id\":\"https:\\\/\\\/www.tapasmagazine.es\\\/en\\\/cenador-de-amos-celebrates-its-301-season-with-the-first-regenerative-uniform-in-haute-cuisine-and-a-spectacular-menu\\\/\",\"url\":\"https:\\\/\\\/www.tapasmagazine.es\\\/en\\\/cenador-de-amos-celebrates-its-301-season-with-the-first-regenerative-uniform-in-haute-cuisine-and-a-spectacular-menu\\\/\",\"name\":\"Cenador de Am\u00f3s celebrates its 30+1 season with the 'first regenerative uniform' in haute cuisine and a spectacular menu\",\"isPartOf\":{\"@id\":\"https:\\\/\\\/www.tapasmagazine.es\\\/#website\"},\"primaryImageOfPage\":{\"@id\":\"https:\\\/\\\/www.tapasmagazine.es\\\/en\\\/cenador-de-amos-celebrates-its-301-season-with-the-first-regenerative-uniform-in-haute-cuisine-and-a-spectacular-menu\\\/#primaryimage\"},\"image\":{\"@id\":\"https:\\\/\\\/www.tapasmagazine.es\\\/en\\\/cenador-de-amos-celebrates-its-301-season-with-the-first-regenerative-uniform-in-haute-cuisine-and-a-spectacular-menu\\\/#primaryimage\"},\"thumbnailUrl\":\"https:\\\/\\\/www.tapasmagazine.es\\\/wp-content\\\/uploads\\\/2024\\\/03\\\/Jesus-Amos-Cenador-de-Amos-30-1.jpg\",\"datePublished\":\"2024-03-20T07:27:03+00:00\",\"dateModified\":\"2024-03-20T08:48:28+00:00\",\"description\":\"El Cenador de Am\u00f3s presents the menu 'La Gran Experiencia' and launches with Hemper the first regenerative uniform, a sustainable initiative.\",\"breadcrumb\":{\"@id\":\"https:\\\/\\\/www.tapasmagazine.es\\\/en\\\/cenador-de-amos-celebrates-its-301-season-with-the-first-regenerative-uniform-in-haute-cuisine-and-a-spectacular-menu\\\/#breadcrumb\"},\"inLanguage\":\"en-US\",\"potentialAction\":[{\"@type\":\"ReadAction\",\"target\":[\"https:\\\/\\\/www.tapasmagazine.es\\\/en\\\/cenador-de-amos-celebrates-its-301-season-with-the-first-regenerative-uniform-in-haute-cuisine-and-a-spectacular-menu\\\/\"]}]},{\"@type\":\"ImageObject\",\"inLanguage\":\"en-US\",\"@id\":\"https:\\\/\\\/www.tapasmagazine.es\\\/en\\\/cenador-de-amos-celebrates-its-301-season-with-the-first-regenerative-uniform-in-haute-cuisine-and-a-spectacular-menu\\\/#primaryimage\",\"url\":\"https:\\\/\\\/www.tapasmagazine.es\\\/wp-content\\\/uploads\\\/2024\\\/03\\\/Jesus-Amos-Cenador-de-Amos-30-1.jpg\",\"contentUrl\":\"https:\\\/\\\/www.tapasmagazine.es\\\/wp-content\\\/uploads\\\/2024\\\/03\\\/Jesus-Amos-Cenador-de-Amos-30-1.jpg\",\"width\":1200,\"height\":675},{\"@type\":\"BreadcrumbList\",\"@id\":\"https:\\\/\\\/www.tapasmagazine.es\\\/en\\\/cenador-de-amos-celebrates-its-301-season-with-the-first-regenerative-uniform-in-haute-cuisine-and-a-spectacular-menu\\\/#breadcrumb\",\"itemListElement\":[{\"@type\":\"ListItem\",\"position\":1,\"name\":\"Portada\",\"item\":\"https:\\\/\\\/www.tapasmagazine.es\\\/\"},{\"@type\":\"ListItem\",\"position\":2,\"name\":\"News\",\"item\":\"https:\\\/\\\/www.tapasmagazine.es\\\/en\\\/categorias\\\/news\\\/\"},{\"@type\":\"ListItem\",\"position\":3,\"name\":\"Cenador de Am\u00f3s celebrates its 30+1 season with the &#8216;first regenerative uniform&#8217; in haute cuisine and a spectacular menu\"}]},{\"@type\":\"WebSite\",\"@id\":\"https:\\\/\\\/www.tapasmagazine.es\\\/#website\",\"url\":\"https:\\\/\\\/www.tapasmagazine.es\\\/\",\"name\":\"Tapas\",\"description\":\"\u00d1am \u00d1am Lifestyle. La vida a bocados. Premio Nacional de Gastronom\u00eda 2016.\",\"publisher\":{\"@id\":\"https:\\\/\\\/www.tapasmagazine.es\\\/#organization\"},\"potentialAction\":[{\"@type\":\"SearchAction\",\"target\":{\"@type\":\"EntryPoint\",\"urlTemplate\":\"https:\\\/\\\/www.tapasmagazine.es\\\/?s={search_term_string}\"},\"query-input\":{\"@type\":\"PropertyValueSpecification\",\"valueRequired\":true,\"valueName\":\"search_term_string\"}}],\"inLanguage\":\"en-US\"},{\"@type\":\"Organization\",\"@id\":\"https:\\\/\\\/www.tapasmagazine.es\\\/#organization\",\"name\":\"Tapas Magazine\",\"url\":\"https:\\\/\\\/www.tapasmagazine.es\\\/\",\"logo\":{\"@type\":\"ImageObject\",\"inLanguage\":\"en-US\",\"@id\":\"https:\\\/\\\/www.tapasmagazine.es\\\/#\\\/schema\\\/logo\\\/image\\\/\",\"url\":\"https:\\\/\\\/www.tapasmagazine.es\\\/wp-content\\\/uploads\\\/2018\\\/01\\\/logo.png\",\"contentUrl\":\"https:\\\/\\\/www.tapasmagazine.es\\\/wp-content\\\/uploads\\\/2018\\\/01\\\/logo.png\",\"width\":180,\"height\":60,\"caption\":\"Tapas Magazine\"},\"image\":{\"@id\":\"https:\\\/\\\/www.tapasmagazine.es\\\/#\\\/schema\\\/logo\\\/image\\\/\"},\"sameAs\":[\"https:\\\/\\\/www.facebook.com\\\/tapasmagazine\",\"https:\\\/\\\/x.com\\\/TapasMagazine\",\"https:\\\/\\\/www.instagram.com\\\/tapasmagazine\\\/\",\"https:\\\/\\\/www.linkedin.com\\\/company\\\/tapas-magazine\",\"https:\\\/\\\/es.pinterest.com\\\/tapasmagazine\\\/\",\"https:\\\/\\\/www.youtube.com\\\/channel\\\/UCEyxneAaACuR0lfDagrWjjg?sub_confirmation=1\"]},{\"@type\":\"Person\",\"@id\":\"https:\\\/\\\/www.tapasmagazine.es\\\/#\\\/schema\\\/person\\\/63bc618d318821aa948ba50d2e18ab3d\",\"name\":\"Toni Alonso\",\"url\":\"https:\\\/\\\/www.tapasmagazine.es\\\/en\\\/author\\\/antonio-alonso\\\/\"}]}<\/script>\n<!-- \/ Yoast SEO plugin. -->","yoast_head_json":{"title":"Cenador de Am\u00f3s celebrates its 30+1 season with the 'first regenerative uniform' in haute cuisine and a spectacular menu","description":"El Cenador de Am\u00f3s presents the menu 'La Gran Experiencia' and launches with Hemper the first regenerative uniform, a sustainable initiative.","robots":{"index":"index","follow":"follow","max-snippet":"max-snippet:-1","max-image-preview":"max-image-preview:large","max-video-preview":"max-video-preview:-1"},"canonical":"https:\/\/www.tapasmagazine.es\/en\/cenador-de-amos-celebrates-its-301-season-with-the-first-regenerative-uniform-in-haute-cuisine-and-a-spectacular-menu\/","og_locale":"en_US","og_type":"article","og_title":"Cenador de Am\u00f3s celebrates its 30+1 season with the 'first regenerative uniform' in haute cuisine and a spectacular menu","og_description":"El Cenador de Am\u00f3s presents the menu 'La Gran Experiencia' and launches with Hemper the first regenerative uniform, a sustainable initiative.","og_url":"https:\/\/www.tapasmagazine.es\/en\/cenador-de-amos-celebrates-its-301-season-with-the-first-regenerative-uniform-in-haute-cuisine-and-a-spectacular-menu\/","og_site_name":"Tapas","article_publisher":"https:\/\/www.facebook.com\/tapasmagazine","article_published_time":"2024-03-20T07:27:03+00:00","article_modified_time":"2024-03-20T08:48:28+00:00","og_image":[{"width":1200,"height":675,"url":"https:\/\/www.tapasmagazine.es\/wp-content\/uploads\/2024\/03\/Jesus-Amos-Cenador-de-Amos-30-1.jpg","type":"image\/jpeg"}],"author":"Toni Alonso","twitter_card":"summary_large_image","twitter_creator":"@TapasMagazine","twitter_site":"@TapasMagazine","twitter_misc":{"Written by":"Toni Alonso","Est. reading time":"5 minutes"},"schema":{"@context":"https:\/\/schema.org","@graph":[{"@type":"Article","@id":"https:\/\/www.tapasmagazine.es\/en\/cenador-de-amos-celebrates-its-301-season-with-the-first-regenerative-uniform-in-haute-cuisine-and-a-spectacular-menu\/#article","isPartOf":{"@id":"https:\/\/www.tapasmagazine.es\/en\/cenador-de-amos-celebrates-its-301-season-with-the-first-regenerative-uniform-in-haute-cuisine-and-a-spectacular-menu\/"},"author":{"name":"Toni Alonso","@id":"https:\/\/www.tapasmagazine.es\/#\/schema\/person\/63bc618d318821aa948ba50d2e18ab3d"},"headline":"Cenador de Am\u00f3s celebrates its 30+1 season with the &#8216;first regenerative uniform&#8217; in haute cuisine and a spectacular menu","datePublished":"2024-03-20T07:27:03+00:00","dateModified":"2024-03-20T08:48:28+00:00","mainEntityOfPage":{"@id":"https:\/\/www.tapasmagazine.es\/en\/cenador-de-amos-celebrates-its-301-season-with-the-first-regenerative-uniform-in-haute-cuisine-and-a-spectacular-menu\/"},"wordCount":646,"publisher":{"@id":"https:\/\/www.tapasmagazine.es\/#organization"},"image":{"@id":"https:\/\/www.tapasmagazine.es\/en\/cenador-de-amos-celebrates-its-301-season-with-the-first-regenerative-uniform-in-haute-cuisine-and-a-spectacular-menu\/#primaryimage"},"thumbnailUrl":"https:\/\/www.tapasmagazine.es\/wp-content\/uploads\/2024\/03\/Jesus-Amos-Cenador-de-Amos-30-1.jpg","articleSection":["Chefs","News","Nombres propios"],"inLanguage":"en-US"},{"@type":"WebPage","@id":"https:\/\/www.tapasmagazine.es\/en\/cenador-de-amos-celebrates-its-301-season-with-the-first-regenerative-uniform-in-haute-cuisine-and-a-spectacular-menu\/","url":"https:\/\/www.tapasmagazine.es\/en\/cenador-de-amos-celebrates-its-301-season-with-the-first-regenerative-uniform-in-haute-cuisine-and-a-spectacular-menu\/","name":"Cenador de Am\u00f3s celebrates its 30+1 season with the 'first regenerative uniform' in haute cuisine and a spectacular menu","isPartOf":{"@id":"https:\/\/www.tapasmagazine.es\/#website"},"primaryImageOfPage":{"@id":"https:\/\/www.tapasmagazine.es\/en\/cenador-de-amos-celebrates-its-301-season-with-the-first-regenerative-uniform-in-haute-cuisine-and-a-spectacular-menu\/#primaryimage"},"image":{"@id":"https:\/\/www.tapasmagazine.es\/en\/cenador-de-amos-celebrates-its-301-season-with-the-first-regenerative-uniform-in-haute-cuisine-and-a-spectacular-menu\/#primaryimage"},"thumbnailUrl":"https:\/\/www.tapasmagazine.es\/wp-content\/uploads\/2024\/03\/Jesus-Amos-Cenador-de-Amos-30-1.jpg","datePublished":"2024-03-20T07:27:03+00:00","dateModified":"2024-03-20T08:48:28+00:00","description":"El Cenador de Am\u00f3s presents the menu 'La Gran Experiencia' and launches with Hemper the first regenerative uniform, a sustainable initiative.","breadcrumb":{"@id":"https:\/\/www.tapasmagazine.es\/en\/cenador-de-amos-celebrates-its-301-season-with-the-first-regenerative-uniform-in-haute-cuisine-and-a-spectacular-menu\/#breadcrumb"},"inLanguage":"en-US","potentialAction":[{"@type":"ReadAction","target":["https:\/\/www.tapasmagazine.es\/en\/cenador-de-amos-celebrates-its-301-season-with-the-first-regenerative-uniform-in-haute-cuisine-and-a-spectacular-menu\/"]}]},{"@type":"ImageObject","inLanguage":"en-US","@id":"https:\/\/www.tapasmagazine.es\/en\/cenador-de-amos-celebrates-its-301-season-with-the-first-regenerative-uniform-in-haute-cuisine-and-a-spectacular-menu\/#primaryimage","url":"https:\/\/www.tapasmagazine.es\/wp-content\/uploads\/2024\/03\/Jesus-Amos-Cenador-de-Amos-30-1.jpg","contentUrl":"https:\/\/www.tapasmagazine.es\/wp-content\/uploads\/2024\/03\/Jesus-Amos-Cenador-de-Amos-30-1.jpg","width":1200,"height":675},{"@type":"BreadcrumbList","@id":"https:\/\/www.tapasmagazine.es\/en\/cenador-de-amos-celebrates-its-301-season-with-the-first-regenerative-uniform-in-haute-cuisine-and-a-spectacular-menu\/#breadcrumb","itemListElement":[{"@type":"ListItem","position":1,"name":"Portada","item":"https:\/\/www.tapasmagazine.es\/"},{"@type":"ListItem","position":2,"name":"News","item":"https:\/\/www.tapasmagazine.es\/en\/categorias\/news\/"},{"@type":"ListItem","position":3,"name":"Cenador de Am\u00f3s celebrates its 30+1 season with the &#8216;first regenerative uniform&#8217; in haute cuisine and a spectacular menu"}]},{"@type":"WebSite","@id":"https:\/\/www.tapasmagazine.es\/#website","url":"https:\/\/www.tapasmagazine.es\/","name":"Tapas","description":"\u00d1am \u00d1am Lifestyle. La vida a bocados. Premio Nacional de Gastronom\u00eda 2016.","publisher":{"@id":"https:\/\/www.tapasmagazine.es\/#organization"},"potentialAction":[{"@type":"SearchAction","target":{"@type":"EntryPoint","urlTemplate":"https:\/\/www.tapasmagazine.es\/?s={search_term_string}"},"query-input":{"@type":"PropertyValueSpecification","valueRequired":true,"valueName":"search_term_string"}}],"inLanguage":"en-US"},{"@type":"Organization","@id":"https:\/\/www.tapasmagazine.es\/#organization","name":"Tapas Magazine","url":"https:\/\/www.tapasmagazine.es\/","logo":{"@type":"ImageObject","inLanguage":"en-US","@id":"https:\/\/www.tapasmagazine.es\/#\/schema\/logo\/image\/","url":"https:\/\/www.tapasmagazine.es\/wp-content\/uploads\/2018\/01\/logo.png","contentUrl":"https:\/\/www.tapasmagazine.es\/wp-content\/uploads\/2018\/01\/logo.png","width":180,"height":60,"caption":"Tapas Magazine"},"image":{"@id":"https:\/\/www.tapasmagazine.es\/#\/schema\/logo\/image\/"},"sameAs":["https:\/\/www.facebook.com\/tapasmagazine","https:\/\/x.com\/TapasMagazine","https:\/\/www.instagram.com\/tapasmagazine\/","https:\/\/www.linkedin.com\/company\/tapas-magazine","https:\/\/es.pinterest.com\/tapasmagazine\/","https:\/\/www.youtube.com\/channel\/UCEyxneAaACuR0lfDagrWjjg?sub_confirmation=1"]},{"@type":"Person","@id":"https:\/\/www.tapasmagazine.es\/#\/schema\/person\/63bc618d318821aa948ba50d2e18ab3d","name":"Toni Alonso","url":"https:\/\/www.tapasmagazine.es\/en\/author\/antonio-alonso\/"}]}},"_links":{"self":[{"href":"https:\/\/www.tapasmagazine.es\/en\/wp-json\/wp\/v2\/posts\/241727","targetHints":{"allow":["GET"]}}],"collection":[{"href":"https:\/\/www.tapasmagazine.es\/en\/wp-json\/wp\/v2\/posts"}],"about":[{"href":"https:\/\/www.tapasmagazine.es\/en\/wp-json\/wp\/v2\/types\/post"}],"author":[{"embeddable":true,"href":"https:\/\/www.tapasmagazine.es\/en\/wp-json\/wp\/v2\/users\/279"}],"replies":[{"embeddable":true,"href":"https:\/\/www.tapasmagazine.es\/en\/wp-json\/wp\/v2\/comments?post=241727"}],"version-history":[{"count":2,"href":"https:\/\/www.tapasmagazine.es\/en\/wp-json\/wp\/v2\/posts\/241727\/revisions"}],"predecessor-version":[{"id":241729,"href":"https:\/\/www.tapasmagazine.es\/en\/wp-json\/wp\/v2\/posts\/241727\/revisions\/241729"}],"wp:featuredmedia":[{"embeddable":true,"href":"https:\/\/www.tapasmagazine.es\/en\/wp-json\/wp\/v2\/media\/241732"}],"wp:attachment":[{"href":"https:\/\/www.tapasmagazine.es\/en\/wp-json\/wp\/v2\/media?parent=241727"}],"wp:term":[{"taxonomy":"category","embeddable":true,"href":"https:\/\/www.tapasmagazine.es\/en\/wp-json\/wp\/v2\/categories?post=241727"},{"taxonomy":"post_tag","embeddable":true,"href":"https:\/\/www.tapasmagazine.es\/en\/wp-json\/wp\/v2\/tags?post=241727"}],"curies":[{"name":"wp","href":"https:\/\/api.w.org\/{rel}","templated":true}]}}