{"id":241397,"date":"2024-03-18T10:53:57","date_gmt":"2024-03-18T09:53:57","guid":{"rendered":"https:\/\/www.tapasmagazine.es\/travis-kelce-y-patrick-mahomes-abriran-un-asador-moderno-en-kansas-city\/"},"modified":"2024-03-18T10:57:17","modified_gmt":"2024-03-18T09:57:17","slug":"travis-kelce-patrick-mahomes-open-modern-steakhouse-kansas-city","status":"publish","type":"post","link":"https:\/\/www.tapasmagazine.es\/en\/travis-kelce-patrick-mahomes-open-modern-steakhouse-kansas-city\/","title":{"rendered":"Travis Kelce and Patrick Mahomes to open modern steakhouse in Kansas City"},"content":{"rendered":"\n<p><strong>Click <a href=\"https:\/\/www.tapasmagazine.es\/travis-kelce-y-patrick-mahomes-abriran-un-asador-moderno-en-kansas-city\/\" target=\"_blank\" rel=\"noreferrer noopener\">here<\/a> to read the Spanish version.<\/strong><\/p>\n\n\n\n<p><strong>Travis Kelce <\/strong>has travelled with <strong>Taylor Swift<\/strong> -and the media spotlight- to the great fashionable restaurants around the world, demonstrating the love for gastronomy that also unites them. However, the <strong>NFL star<\/strong> has now wanted to go one step further and open his own culinary project with his friend and teammate <strong>Patrick Mahomes<\/strong>.<\/p>\n\n\n\n<p>The duo will open a modern, <strong>experimental steakhouse<\/strong> in <strong>Kansas City <\/strong>that will pay homage to their combined jersey numbers: &#8217;15 &#8211; 87&#8242;. It will be backed by Noble 33, also known as the hospitality group behind some of Kelce&#8217;s favourite places like Toca Madera, Casa Madera, Sparrow Italia or Meduza Mediterrania.<\/p>\n\n\n<div class=\"wp-block-image\">\n<figure class=\"aligncenter size-large is-resized\"><img decoding=\"async\" width=\"1024\" height=\"682\" src=\"https:\/\/www.tapasmagazine.es\/wp-content\/uploads\/2024\/03\/travis-kelce-asador-2-1024x682.jpg\" alt=\"\" class=\"wp-image-241385\" style=\"width:1050px;height:auto\" srcset=\"https:\/\/www.tapasmagazine.es\/wp-content\/uploads\/2024\/03\/travis-kelce-asador-2-1024x682.jpg 1024w, https:\/\/www.tapasmagazine.es\/wp-content\/uploads\/2024\/03\/travis-kelce-asador-2-300x200.jpg 300w, https:\/\/www.tapasmagazine.es\/wp-content\/uploads\/2024\/03\/travis-kelce-asador-2-768x512.jpg 768w, https:\/\/www.tapasmagazine.es\/wp-content\/uploads\/2024\/03\/travis-kelce-asador-2-1000x666.jpg 1000w, https:\/\/www.tapasmagazine.es\/wp-content\/uploads\/2024\/03\/travis-kelce-asador-2-400x267.jpg 400w, https:\/\/www.tapasmagazine.es\/wp-content\/uploads\/2024\/03\/travis-kelce-asador-2.jpg 1400w\" sizes=\"(max-width: 1024px) 100vw, 1024px\" \/><\/figure>\n<\/div>\n\n\n<p><strong>1587<\/strong> will open in early <strong>2025<\/strong> under a grand structure and space spread over 3,000 square metres spread over two floors; which will be represented with subtle nods to Patrick and Travis&#8217; achievements on the playing field.<\/p>\n\n\n\n<p>&#8216;Working with Patrick and Travis has been incredible. As long-time supporters of our other restaurants, we worked together to combine their favourite elements of those experiences into what we developed for 1587 Prime,&#8217; Noble 33 co-founder Tosh Berman told GMA. &#8216;They are natural hosts and can&#8217;t wait to bring a unique modern American steakhouse experience to Kansas City.&#8217;<\/p>\n\n\n<div class=\"wp-block-image\">\n<figure class=\"aligncenter size-large is-resized\"><img decoding=\"async\" width=\"1024\" height=\"682\" src=\"https:\/\/www.tapasmagazine.es\/wp-content\/uploads\/2024\/03\/travis-kelce-asador-3-1024x682.jpg\" alt=\"\" class=\"wp-image-241387\" style=\"width:1084px;height:auto\" srcset=\"https:\/\/www.tapasmagazine.es\/wp-content\/uploads\/2024\/03\/travis-kelce-asador-3-1024x682.jpg 1024w, https:\/\/www.tapasmagazine.es\/wp-content\/uploads\/2024\/03\/travis-kelce-asador-3-300x200.jpg 300w, https:\/\/www.tapasmagazine.es\/wp-content\/uploads\/2024\/03\/travis-kelce-asador-3-768x512.jpg 768w, https:\/\/www.tapasmagazine.es\/wp-content\/uploads\/2024\/03\/travis-kelce-asador-3-1000x666.jpg 1000w, https:\/\/www.tapasmagazine.es\/wp-content\/uploads\/2024\/03\/travis-kelce-asador-3-400x267.jpg 400w, https:\/\/www.tapasmagazine.es\/wp-content\/uploads\/2024\/03\/travis-kelce-asador-3.jpg 1400w\" sizes=\"(max-width: 1024px) 100vw, 1024px\" \/><\/figure>\n<\/div>\n\n\n<p>Co-founder <strong>Mikey Tanha<\/strong> added that this union &#8216;represents a convergence of culinary artistry, athletic prowess, community enrichment and unparalleled hospitality&#8217; to create a steakhouse that will also feature several private dining rooms, an &#8216;amazing meat showroom&#8217; and one of the largest wine collections in the state.<\/p>\n","protected":false},"excerpt":{"rendered":"<p>Click here to read the Spanish version. Travis Kelce has travelled with Taylor Swift -and the media spotlight- to the great fashionable restaurants around the world, demonstrating the love for gastronomy that also unites them. However, the NFL star has now wanted to go one step further and open his own culinary project with his [&hellip;]<\/p>\n","protected":false},"author":285,"featured_media":241384,"comment_status":"closed","ping_status":"closed","sticky":false,"template":"","format":"standard","meta":{"_acf_changed":false,"footnotes":""},"categories":[15802,15851,15910],"tags":[16170,15824,15803],"class_list":["post-241397","post","type-post","status-publish","format-standard","has-post-thumbnail","hentry","category-news","category-nombres-propios-en","category-personajes-en","tag-comida-en","tag-gastronomia-en","tag-restaurants","cat-15802-id","cat-15851-id","cat-15910-id"],"acf":[],"yoast_head":"<!-- This site is optimized with the Yoast SEO plugin v27.5 - https:\/\/yoast.com\/product\/yoast-seo-wordpress\/ -->\n<title>Travis Kelce y Patrick Mahomes abrir\u00e1n un asador en Kansas City<\/title>\n<meta name=\"description\" content=\"Click here to read the Spanish version. Travis Kelce has travelled with Taylor Swift -and the media spotlight- to the great fashionable restaurants around\" \/>\n<meta name=\"robots\" content=\"index, follow, max-snippet:-1, max-image-preview:large, max-video-preview:-1\" \/>\n<link rel=\"canonical\" href=\"https:\/\/www.tapasmagazine.es\/en\/travis-kelce-patrick-mahomes-open-modern-steakhouse-kansas-city\/\" \/>\n<meta property=\"og:locale\" content=\"en_US\" \/>\n<meta property=\"og:type\" content=\"article\" \/>\n<meta property=\"og:title\" content=\"Travis Kelce y Patrick Mahomes abrir\u00e1n un asador en Kansas City\" \/>\n<meta property=\"og:description\" content=\"Click here to read the Spanish version. Travis Kelce has travelled with Taylor Swift -and the media spotlight- to the great fashionable restaurants around\" \/>\n<meta property=\"og:url\" content=\"https:\/\/www.tapasmagazine.es\/en\/travis-kelce-patrick-mahomes-open-modern-steakhouse-kansas-city\/\" \/>\n<meta property=\"og:site_name\" content=\"Tapas\" \/>\n<meta property=\"article:publisher\" content=\"https:\/\/www.facebook.com\/tapasmagazine\" \/>\n<meta property=\"article:published_time\" content=\"2024-03-18T09:53:57+00:00\" \/>\n<meta property=\"article:modified_time\" content=\"2024-03-18T09:57:17+00:00\" \/>\n<meta property=\"og:image\" content=\"https:\/\/www.tapasmagazine.es\/wp-content\/uploads\/2024\/03\/travis-kelce-asador-1.jpg\" \/>\n\t<meta property=\"og:image:width\" content=\"1200\" \/>\n\t<meta property=\"og:image:height\" content=\"675\" \/>\n\t<meta property=\"og:image:type\" content=\"image\/jpeg\" \/>\n<meta name=\"author\" content=\"Laura P\u00e9rez\" \/>\n<meta name=\"twitter:card\" content=\"summary_large_image\" \/>\n<meta name=\"twitter:creator\" content=\"@TapasMagazine\" \/>\n<meta name=\"twitter:site\" content=\"@TapasMagazine\" \/>\n<meta name=\"twitter:label1\" content=\"Written by\" \/>\n\t<meta name=\"twitter:data1\" content=\"Laura P\u00e9rez\" \/>\n\t<meta name=\"twitter:label2\" content=\"Est. reading time\" \/>\n\t<meta name=\"twitter:data2\" content=\"2 minutes\" \/>\n<script type=\"application\/ld+json\" class=\"yoast-schema-graph\">{\"@context\":\"https:\\\/\\\/schema.org\",\"@graph\":[{\"@type\":\"Article\",\"@id\":\"https:\\\/\\\/www.tapasmagazine.es\\\/en\\\/travis-kelce-patrick-mahomes-open-modern-steakhouse-kansas-city\\\/#article\",\"isPartOf\":{\"@id\":\"https:\\\/\\\/www.tapasmagazine.es\\\/en\\\/travis-kelce-patrick-mahomes-open-modern-steakhouse-kansas-city\\\/\"},\"author\":{\"name\":\"Laura P\u00e9rez\",\"@id\":\"https:\\\/\\\/www.tapasmagazine.es\\\/#\\\/schema\\\/person\\\/eb46cbe76a9c8f062660eb609e3ecb4e\"},\"headline\":\"Travis Kelce and Patrick Mahomes to open modern steakhouse in Kansas City\",\"datePublished\":\"2024-03-18T09:53:57+00:00\",\"dateModified\":\"2024-03-18T09:57:17+00:00\",\"mainEntityOfPage\":{\"@id\":\"https:\\\/\\\/www.tapasmagazine.es\\\/en\\\/travis-kelce-patrick-mahomes-open-modern-steakhouse-kansas-city\\\/\"},\"wordCount\":259,\"publisher\":{\"@id\":\"https:\\\/\\\/www.tapasmagazine.es\\\/#organization\"},\"image\":{\"@id\":\"https:\\\/\\\/www.tapasmagazine.es\\\/en\\\/travis-kelce-patrick-mahomes-open-modern-steakhouse-kansas-city\\\/#primaryimage\"},\"thumbnailUrl\":\"https:\\\/\\\/www.tapasmagazine.es\\\/wp-content\\\/uploads\\\/2024\\\/03\\\/travis-kelce-asador-1.jpg\",\"keywords\":[\"Comida\",\"gastronom\u00eda\",\"restaurants\"],\"articleSection\":[\"News\",\"Nombres propios\",\"Personajes\"],\"inLanguage\":\"en-US\"},{\"@type\":\"WebPage\",\"@id\":\"https:\\\/\\\/www.tapasmagazine.es\\\/en\\\/travis-kelce-patrick-mahomes-open-modern-steakhouse-kansas-city\\\/\",\"url\":\"https:\\\/\\\/www.tapasmagazine.es\\\/en\\\/travis-kelce-patrick-mahomes-open-modern-steakhouse-kansas-city\\\/\",\"name\":\"Travis Kelce y Patrick Mahomes abrir\u00e1n un asador en Kansas City\",\"isPartOf\":{\"@id\":\"https:\\\/\\\/www.tapasmagazine.es\\\/#website\"},\"primaryImageOfPage\":{\"@id\":\"https:\\\/\\\/www.tapasmagazine.es\\\/en\\\/travis-kelce-patrick-mahomes-open-modern-steakhouse-kansas-city\\\/#primaryimage\"},\"image\":{\"@id\":\"https:\\\/\\\/www.tapasmagazine.es\\\/en\\\/travis-kelce-patrick-mahomes-open-modern-steakhouse-kansas-city\\\/#primaryimage\"},\"thumbnailUrl\":\"https:\\\/\\\/www.tapasmagazine.es\\\/wp-content\\\/uploads\\\/2024\\\/03\\\/travis-kelce-asador-1.jpg\",\"datePublished\":\"2024-03-18T09:53:57+00:00\",\"dateModified\":\"2024-03-18T09:57:17+00:00\",\"description\":\"Click here to read the Spanish version. Travis Kelce has travelled with Taylor Swift -and the media spotlight- to the great fashionable restaurants around\",\"breadcrumb\":{\"@id\":\"https:\\\/\\\/www.tapasmagazine.es\\\/en\\\/travis-kelce-patrick-mahomes-open-modern-steakhouse-kansas-city\\\/#breadcrumb\"},\"inLanguage\":\"en-US\",\"potentialAction\":[{\"@type\":\"ReadAction\",\"target\":[\"https:\\\/\\\/www.tapasmagazine.es\\\/en\\\/travis-kelce-patrick-mahomes-open-modern-steakhouse-kansas-city\\\/\"]}]},{\"@type\":\"ImageObject\",\"inLanguage\":\"en-US\",\"@id\":\"https:\\\/\\\/www.tapasmagazine.es\\\/en\\\/travis-kelce-patrick-mahomes-open-modern-steakhouse-kansas-city\\\/#primaryimage\",\"url\":\"https:\\\/\\\/www.tapasmagazine.es\\\/wp-content\\\/uploads\\\/2024\\\/03\\\/travis-kelce-asador-1.jpg\",\"contentUrl\":\"https:\\\/\\\/www.tapasmagazine.es\\\/wp-content\\\/uploads\\\/2024\\\/03\\\/travis-kelce-asador-1.jpg\",\"width\":1200,\"height\":675},{\"@type\":\"BreadcrumbList\",\"@id\":\"https:\\\/\\\/www.tapasmagazine.es\\\/en\\\/travis-kelce-patrick-mahomes-open-modern-steakhouse-kansas-city\\\/#breadcrumb\",\"itemListElement\":[{\"@type\":\"ListItem\",\"position\":1,\"name\":\"Portada\",\"item\":\"https:\\\/\\\/www.tapasmagazine.es\\\/\"},{\"@type\":\"ListItem\",\"position\":2,\"name\":\"News\",\"item\":\"https:\\\/\\\/www.tapasmagazine.es\\\/en\\\/categorias\\\/news\\\/\"},{\"@type\":\"ListItem\",\"position\":3,\"name\":\"Travis Kelce and Patrick Mahomes to open modern steakhouse in Kansas City\"}]},{\"@type\":\"WebSite\",\"@id\":\"https:\\\/\\\/www.tapasmagazine.es\\\/#website\",\"url\":\"https:\\\/\\\/www.tapasmagazine.es\\\/\",\"name\":\"Tapas\",\"description\":\"\u00d1am \u00d1am Lifestyle. La vida a bocados. Premio Nacional de Gastronom\u00eda 2016.\",\"publisher\":{\"@id\":\"https:\\\/\\\/www.tapasmagazine.es\\\/#organization\"},\"potentialAction\":[{\"@type\":\"SearchAction\",\"target\":{\"@type\":\"EntryPoint\",\"urlTemplate\":\"https:\\\/\\\/www.tapasmagazine.es\\\/?s={search_term_string}\"},\"query-input\":{\"@type\":\"PropertyValueSpecification\",\"valueRequired\":true,\"valueName\":\"search_term_string\"}}],\"inLanguage\":\"en-US\"},{\"@type\":\"Organization\",\"@id\":\"https:\\\/\\\/www.tapasmagazine.es\\\/#organization\",\"name\":\"Tapas Magazine\",\"url\":\"https:\\\/\\\/www.tapasmagazine.es\\\/\",\"logo\":{\"@type\":\"ImageObject\",\"inLanguage\":\"en-US\",\"@id\":\"https:\\\/\\\/www.tapasmagazine.es\\\/#\\\/schema\\\/logo\\\/image\\\/\",\"url\":\"https:\\\/\\\/www.tapasmagazine.es\\\/wp-content\\\/uploads\\\/2018\\\/01\\\/logo.png\",\"contentUrl\":\"https:\\\/\\\/www.tapasmagazine.es\\\/wp-content\\\/uploads\\\/2018\\\/01\\\/logo.png\",\"width\":180,\"height\":60,\"caption\":\"Tapas Magazine\"},\"image\":{\"@id\":\"https:\\\/\\\/www.tapasmagazine.es\\\/#\\\/schema\\\/logo\\\/image\\\/\"},\"sameAs\":[\"https:\\\/\\\/www.facebook.com\\\/tapasmagazine\",\"https:\\\/\\\/x.com\\\/TapasMagazine\",\"https:\\\/\\\/www.instagram.com\\\/tapasmagazine\\\/\",\"https:\\\/\\\/www.linkedin.com\\\/company\\\/tapas-magazine\",\"https:\\\/\\\/es.pinterest.com\\\/tapasmagazine\\\/\",\"https:\\\/\\\/www.youtube.com\\\/channel\\\/UCEyxneAaACuR0lfDagrWjjg?sub_confirmation=1\"]},{\"@type\":\"Person\",\"@id\":\"https:\\\/\\\/www.tapasmagazine.es\\\/#\\\/schema\\\/person\\\/eb46cbe76a9c8f062660eb609e3ecb4e\",\"name\":\"Laura P\u00e9rez\",\"url\":\"https:\\\/\\\/www.tapasmagazine.es\\\/en\\\/author\\\/laura-perez\\\/\"}]}<\/script>\n<!-- \/ Yoast SEO plugin. -->","yoast_head_json":{"title":"Travis Kelce y Patrick Mahomes abrir\u00e1n un asador en Kansas City","description":"Click here to read the Spanish version. Travis Kelce has travelled with Taylor Swift -and the media spotlight- to the great fashionable restaurants around","robots":{"index":"index","follow":"follow","max-snippet":"max-snippet:-1","max-image-preview":"max-image-preview:large","max-video-preview":"max-video-preview:-1"},"canonical":"https:\/\/www.tapasmagazine.es\/en\/travis-kelce-patrick-mahomes-open-modern-steakhouse-kansas-city\/","og_locale":"en_US","og_type":"article","og_title":"Travis Kelce y Patrick Mahomes abrir\u00e1n un asador en Kansas City","og_description":"Click here to read the Spanish version. Travis Kelce has travelled with Taylor Swift -and the media spotlight- to the great fashionable restaurants around","og_url":"https:\/\/www.tapasmagazine.es\/en\/travis-kelce-patrick-mahomes-open-modern-steakhouse-kansas-city\/","og_site_name":"Tapas","article_publisher":"https:\/\/www.facebook.com\/tapasmagazine","article_published_time":"2024-03-18T09:53:57+00:00","article_modified_time":"2024-03-18T09:57:17+00:00","og_image":[{"width":1200,"height":675,"url":"https:\/\/www.tapasmagazine.es\/wp-content\/uploads\/2024\/03\/travis-kelce-asador-1.jpg","type":"image\/jpeg"}],"author":"Laura P\u00e9rez","twitter_card":"summary_large_image","twitter_creator":"@TapasMagazine","twitter_site":"@TapasMagazine","twitter_misc":{"Written by":"Laura P\u00e9rez","Est. reading time":"2 minutes"},"schema":{"@context":"https:\/\/schema.org","@graph":[{"@type":"Article","@id":"https:\/\/www.tapasmagazine.es\/en\/travis-kelce-patrick-mahomes-open-modern-steakhouse-kansas-city\/#article","isPartOf":{"@id":"https:\/\/www.tapasmagazine.es\/en\/travis-kelce-patrick-mahomes-open-modern-steakhouse-kansas-city\/"},"author":{"name":"Laura P\u00e9rez","@id":"https:\/\/www.tapasmagazine.es\/#\/schema\/person\/eb46cbe76a9c8f062660eb609e3ecb4e"},"headline":"Travis Kelce and Patrick Mahomes to open modern steakhouse in Kansas City","datePublished":"2024-03-18T09:53:57+00:00","dateModified":"2024-03-18T09:57:17+00:00","mainEntityOfPage":{"@id":"https:\/\/www.tapasmagazine.es\/en\/travis-kelce-patrick-mahomes-open-modern-steakhouse-kansas-city\/"},"wordCount":259,"publisher":{"@id":"https:\/\/www.tapasmagazine.es\/#organization"},"image":{"@id":"https:\/\/www.tapasmagazine.es\/en\/travis-kelce-patrick-mahomes-open-modern-steakhouse-kansas-city\/#primaryimage"},"thumbnailUrl":"https:\/\/www.tapasmagazine.es\/wp-content\/uploads\/2024\/03\/travis-kelce-asador-1.jpg","keywords":["Comida","gastronom\u00eda","restaurants"],"articleSection":["News","Nombres propios","Personajes"],"inLanguage":"en-US"},{"@type":"WebPage","@id":"https:\/\/www.tapasmagazine.es\/en\/travis-kelce-patrick-mahomes-open-modern-steakhouse-kansas-city\/","url":"https:\/\/www.tapasmagazine.es\/en\/travis-kelce-patrick-mahomes-open-modern-steakhouse-kansas-city\/","name":"Travis Kelce y Patrick Mahomes abrir\u00e1n un asador en Kansas City","isPartOf":{"@id":"https:\/\/www.tapasmagazine.es\/#website"},"primaryImageOfPage":{"@id":"https:\/\/www.tapasmagazine.es\/en\/travis-kelce-patrick-mahomes-open-modern-steakhouse-kansas-city\/#primaryimage"},"image":{"@id":"https:\/\/www.tapasmagazine.es\/en\/travis-kelce-patrick-mahomes-open-modern-steakhouse-kansas-city\/#primaryimage"},"thumbnailUrl":"https:\/\/www.tapasmagazine.es\/wp-content\/uploads\/2024\/03\/travis-kelce-asador-1.jpg","datePublished":"2024-03-18T09:53:57+00:00","dateModified":"2024-03-18T09:57:17+00:00","description":"Click here to read the Spanish version. Travis Kelce has travelled with Taylor Swift -and the media spotlight- to the great fashionable restaurants around","breadcrumb":{"@id":"https:\/\/www.tapasmagazine.es\/en\/travis-kelce-patrick-mahomes-open-modern-steakhouse-kansas-city\/#breadcrumb"},"inLanguage":"en-US","potentialAction":[{"@type":"ReadAction","target":["https:\/\/www.tapasmagazine.es\/en\/travis-kelce-patrick-mahomes-open-modern-steakhouse-kansas-city\/"]}]},{"@type":"ImageObject","inLanguage":"en-US","@id":"https:\/\/www.tapasmagazine.es\/en\/travis-kelce-patrick-mahomes-open-modern-steakhouse-kansas-city\/#primaryimage","url":"https:\/\/www.tapasmagazine.es\/wp-content\/uploads\/2024\/03\/travis-kelce-asador-1.jpg","contentUrl":"https:\/\/www.tapasmagazine.es\/wp-content\/uploads\/2024\/03\/travis-kelce-asador-1.jpg","width":1200,"height":675},{"@type":"BreadcrumbList","@id":"https:\/\/www.tapasmagazine.es\/en\/travis-kelce-patrick-mahomes-open-modern-steakhouse-kansas-city\/#breadcrumb","itemListElement":[{"@type":"ListItem","position":1,"name":"Portada","item":"https:\/\/www.tapasmagazine.es\/"},{"@type":"ListItem","position":2,"name":"News","item":"https:\/\/www.tapasmagazine.es\/en\/categorias\/news\/"},{"@type":"ListItem","position":3,"name":"Travis Kelce and Patrick Mahomes to open modern steakhouse in Kansas City"}]},{"@type":"WebSite","@id":"https:\/\/www.tapasmagazine.es\/#website","url":"https:\/\/www.tapasmagazine.es\/","name":"Tapas","description":"\u00d1am \u00d1am Lifestyle. La vida a bocados. Premio Nacional de Gastronom\u00eda 2016.","publisher":{"@id":"https:\/\/www.tapasmagazine.es\/#organization"},"potentialAction":[{"@type":"SearchAction","target":{"@type":"EntryPoint","urlTemplate":"https:\/\/www.tapasmagazine.es\/?s={search_term_string}"},"query-input":{"@type":"PropertyValueSpecification","valueRequired":true,"valueName":"search_term_string"}}],"inLanguage":"en-US"},{"@type":"Organization","@id":"https:\/\/www.tapasmagazine.es\/#organization","name":"Tapas Magazine","url":"https:\/\/www.tapasmagazine.es\/","logo":{"@type":"ImageObject","inLanguage":"en-US","@id":"https:\/\/www.tapasmagazine.es\/#\/schema\/logo\/image\/","url":"https:\/\/www.tapasmagazine.es\/wp-content\/uploads\/2018\/01\/logo.png","contentUrl":"https:\/\/www.tapasmagazine.es\/wp-content\/uploads\/2018\/01\/logo.png","width":180,"height":60,"caption":"Tapas Magazine"},"image":{"@id":"https:\/\/www.tapasmagazine.es\/#\/schema\/logo\/image\/"},"sameAs":["https:\/\/www.facebook.com\/tapasmagazine","https:\/\/x.com\/TapasMagazine","https:\/\/www.instagram.com\/tapasmagazine\/","https:\/\/www.linkedin.com\/company\/tapas-magazine","https:\/\/es.pinterest.com\/tapasmagazine\/","https:\/\/www.youtube.com\/channel\/UCEyxneAaACuR0lfDagrWjjg?sub_confirmation=1"]},{"@type":"Person","@id":"https:\/\/www.tapasmagazine.es\/#\/schema\/person\/eb46cbe76a9c8f062660eb609e3ecb4e","name":"Laura P\u00e9rez","url":"https:\/\/www.tapasmagazine.es\/en\/author\/laura-perez\/"}]}},"_links":{"self":[{"href":"https:\/\/www.tapasmagazine.es\/en\/wp-json\/wp\/v2\/posts\/241397","targetHints":{"allow":["GET"]}}],"collection":[{"href":"https:\/\/www.tapasmagazine.es\/en\/wp-json\/wp\/v2\/posts"}],"about":[{"href":"https:\/\/www.tapasmagazine.es\/en\/wp-json\/wp\/v2\/types\/post"}],"author":[{"embeddable":true,"href":"https:\/\/www.tapasmagazine.es\/en\/wp-json\/wp\/v2\/users\/285"}],"replies":[{"embeddable":true,"href":"https:\/\/www.tapasmagazine.es\/en\/wp-json\/wp\/v2\/comments?post=241397"}],"version-history":[{"count":2,"href":"https:\/\/www.tapasmagazine.es\/en\/wp-json\/wp\/v2\/posts\/241397\/revisions"}],"predecessor-version":[{"id":241401,"href":"https:\/\/www.tapasmagazine.es\/en\/wp-json\/wp\/v2\/posts\/241397\/revisions\/241401"}],"wp:featuredmedia":[{"embeddable":true,"href":"https:\/\/www.tapasmagazine.es\/en\/wp-json\/wp\/v2\/media\/241384"}],"wp:attachment":[{"href":"https:\/\/www.tapasmagazine.es\/en\/wp-json\/wp\/v2\/media?parent=241397"}],"wp:term":[{"taxonomy":"category","embeddable":true,"href":"https:\/\/www.tapasmagazine.es\/en\/wp-json\/wp\/v2\/categories?post=241397"},{"taxonomy":"post_tag","embeddable":true,"href":"https:\/\/www.tapasmagazine.es\/en\/wp-json\/wp\/v2\/tags?post=241397"}],"curies":[{"name":"wp","href":"https:\/\/api.w.org\/{rel}","templated":true}]}}