{"id":241284,"date":"2024-03-15T10:41:06","date_gmt":"2024-03-15T09:41:06","guid":{"rendered":"https:\/\/www.tapasmagazine.es\/?p=241284"},"modified":"2024-03-15T10:46:29","modified_gmt":"2024-03-15T09:46:29","slug":"alejandro-hermo-has-been-appointed-as-the-new-ceo-of-goiko","status":"publish","type":"post","link":"https:\/\/www.tapasmagazine.es\/en\/alejandro-hermo-has-been-appointed-as-the-new-ceo-of-goiko\/","title":{"rendered":"Alejandro Hermo has been appointed as the new CEO of Goiko"},"content":{"rendered":"\n<p><strong>Click <a href=\"https:\/\/www.tapasmagazine.es\/alejandro-hermo-ha-sido-nombrado-nuevo-ceo-de-goiko\/\" target=\"_blank\" rel=\"noreferrer noopener\">here<\/a> to read the Spanish version.<\/strong><br>Goiko, one of the leading gourmet hamburger brands in Spain, has just announced Alejandro Hermo as the new CEO of the company, replacing Amir Kremer, as communicated by the company through a post on Linkedin: &#8220;We are happy to announce that we have a new star signing and in this new stage of growth and evolution, we want to welcome Alejandro Hermo as the new CEO&#8221;.<\/p>\n\n\n\n<p><a href=\"https:\/\/www.goiko.com\/es\/\" target=\"_blank\" rel=\"noreferrer noopener\">Goiko<\/a> also highlighted this new addition as a strategy to &#8220;revolutionize everything with his impeccable experience and reinforce both our strategic leadership in Spain and our international expansion&#8221;.<\/p>\n\n\n\n<p>Alejandro Hermo has experience in management and strategy in consulting firms such as BCG and McKinsey, as well as in international restaurant brands such as McDonald&#8217;s and Burger King. For his part, the new CEO has expressed his pride in being part of the brand and his intention to meet the company&#8217;s expansion objectives.<\/p>\n\n\n\n<p>Goiko, created in 2013, has managed in these ten years to have more than 110 restaurants in Spain and has expanded into France and Andorra. In addition, it also triumphs with its smash format restaurants, called Basics by Goiko, and <a href=\"https:\/\/www.tapasmagazine.es\/en\/basics-by-goiko-to-open-15-locations-by-2024\/\" target=\"_blank\" rel=\"noreferrer noopener\">announced a few months ago that during 2024 it will open 15 new restaurants in Spain<\/a>, with the aim of consolidating itself as the great specialist of smash burgers at national level.<\/p>\n","protected":false},"excerpt":{"rendered":"<p>Click here to read the Spanish version.Goiko, one of the leading gourmet hamburger brands in Spain, has just announced Alejandro Hermo as the new CEO of the company, replacing Amir Kremer, as communicated by the company through a post on Linkedin: &#8220;We are happy to announce that we have a new star signing and in [&hellip;]<\/p>\n","protected":false},"author":316,"featured_media":241282,"comment_status":"closed","ping_status":"closed","sticky":false,"template":"","format":"standard","meta":{"_acf_changed":false,"footnotes":""},"categories":[15802],"tags":[],"class_list":["post-241284","post","type-post","status-publish","format-standard","has-post-thumbnail","hentry","category-news","cat-15802-id"],"acf":[],"yoast_head":"<!-- This site is optimized with the Yoast SEO plugin v27.4 - https:\/\/yoast.com\/product\/yoast-seo-wordpress\/ -->\n<title>Alejandro Hermo has been appointed as the new CEO of Goiko - Tapas<\/title>\n<meta name=\"description\" content=\"With the appointment of the new CEO, Goiko expects to innovate and reach new international markets through its new expansion strategy.\" \/>\n<meta name=\"robots\" content=\"index, follow, max-snippet:-1, max-image-preview:large, max-video-preview:-1\" \/>\n<link rel=\"canonical\" href=\"https:\/\/www.tapasmagazine.es\/en\/alejandro-hermo-has-been-appointed-as-the-new-ceo-of-goiko\/\" \/>\n<meta property=\"og:locale\" content=\"en_US\" \/>\n<meta property=\"og:type\" content=\"article\" \/>\n<meta property=\"og:title\" content=\"Alejandro Hermo has been appointed as the new CEO of Goiko - Tapas\" \/>\n<meta property=\"og:description\" content=\"With the appointment of the new CEO, Goiko expects to innovate and reach new international markets through its new expansion strategy.\" \/>\n<meta property=\"og:url\" content=\"https:\/\/www.tapasmagazine.es\/en\/alejandro-hermo-has-been-appointed-as-the-new-ceo-of-goiko\/\" \/>\n<meta property=\"og:site_name\" content=\"Tapas\" \/>\n<meta property=\"article:publisher\" content=\"https:\/\/www.facebook.com\/tapasmagazine\" \/>\n<meta property=\"article:published_time\" content=\"2024-03-15T09:41:06+00:00\" \/>\n<meta property=\"article:modified_time\" content=\"2024-03-15T09:46:29+00:00\" \/>\n<meta property=\"og:image\" content=\"https:\/\/www.tapasmagazine.es\/wp-content\/uploads\/2024\/03\/Goiko-nuevo-CEO.jpg\" \/>\n\t<meta property=\"og:image:width\" content=\"1200\" \/>\n\t<meta property=\"og:image:height\" content=\"675\" \/>\n\t<meta property=\"og:image:type\" content=\"image\/jpeg\" \/>\n<meta name=\"author\" content=\"TAPAS MAGAZINE\" \/>\n<meta name=\"twitter:card\" content=\"summary_large_image\" \/>\n<meta name=\"twitter:creator\" content=\"@TapasMagazine\" \/>\n<meta name=\"twitter:site\" content=\"@TapasMagazine\" \/>\n<meta name=\"twitter:label1\" content=\"Written by\" \/>\n\t<meta name=\"twitter:data1\" content=\"TAPAS MAGAZINE\" \/>\n\t<meta name=\"twitter:label2\" content=\"Est. reading time\" \/>\n\t<meta name=\"twitter:data2\" content=\"2 minutes\" \/>\n<script type=\"application\/ld+json\" class=\"yoast-schema-graph\">{\"@context\":\"https:\\\/\\\/schema.org\",\"@graph\":[{\"@type\":\"Article\",\"@id\":\"https:\\\/\\\/www.tapasmagazine.es\\\/en\\\/alejandro-hermo-has-been-appointed-as-the-new-ceo-of-goiko\\\/#article\",\"isPartOf\":{\"@id\":\"https:\\\/\\\/www.tapasmagazine.es\\\/en\\\/alejandro-hermo-has-been-appointed-as-the-new-ceo-of-goiko\\\/\"},\"author\":{\"name\":\"TAPAS MAGAZINE\",\"@id\":\"https:\\\/\\\/www.tapasmagazine.es\\\/#\\\/schema\\\/person\\\/aa2878f43139547f5e6a3af3b7fd27ef\"},\"headline\":\"Alejandro Hermo has been appointed as the new CEO of Goiko\",\"datePublished\":\"2024-03-15T09:41:06+00:00\",\"dateModified\":\"2024-03-15T09:46:29+00:00\",\"mainEntityOfPage\":{\"@id\":\"https:\\\/\\\/www.tapasmagazine.es\\\/en\\\/alejandro-hermo-has-been-appointed-as-the-new-ceo-of-goiko\\\/\"},\"wordCount\":236,\"publisher\":{\"@id\":\"https:\\\/\\\/www.tapasmagazine.es\\\/#organization\"},\"image\":{\"@id\":\"https:\\\/\\\/www.tapasmagazine.es\\\/en\\\/alejandro-hermo-has-been-appointed-as-the-new-ceo-of-goiko\\\/#primaryimage\"},\"thumbnailUrl\":\"https:\\\/\\\/www.tapasmagazine.es\\\/wp-content\\\/uploads\\\/2024\\\/03\\\/Goiko-nuevo-CEO.jpg\",\"articleSection\":[\"News\"],\"inLanguage\":\"en-US\"},{\"@type\":\"WebPage\",\"@id\":\"https:\\\/\\\/www.tapasmagazine.es\\\/en\\\/alejandro-hermo-has-been-appointed-as-the-new-ceo-of-goiko\\\/\",\"url\":\"https:\\\/\\\/www.tapasmagazine.es\\\/en\\\/alejandro-hermo-has-been-appointed-as-the-new-ceo-of-goiko\\\/\",\"name\":\"Alejandro Hermo has been appointed as the new CEO of Goiko - Tapas\",\"isPartOf\":{\"@id\":\"https:\\\/\\\/www.tapasmagazine.es\\\/#website\"},\"primaryImageOfPage\":{\"@id\":\"https:\\\/\\\/www.tapasmagazine.es\\\/en\\\/alejandro-hermo-has-been-appointed-as-the-new-ceo-of-goiko\\\/#primaryimage\"},\"image\":{\"@id\":\"https:\\\/\\\/www.tapasmagazine.es\\\/en\\\/alejandro-hermo-has-been-appointed-as-the-new-ceo-of-goiko\\\/#primaryimage\"},\"thumbnailUrl\":\"https:\\\/\\\/www.tapasmagazine.es\\\/wp-content\\\/uploads\\\/2024\\\/03\\\/Goiko-nuevo-CEO.jpg\",\"datePublished\":\"2024-03-15T09:41:06+00:00\",\"dateModified\":\"2024-03-15T09:46:29+00:00\",\"description\":\"With the appointment of the new CEO, Goiko expects to innovate and reach new international markets through its new expansion strategy.\",\"breadcrumb\":{\"@id\":\"https:\\\/\\\/www.tapasmagazine.es\\\/en\\\/alejandro-hermo-has-been-appointed-as-the-new-ceo-of-goiko\\\/#breadcrumb\"},\"inLanguage\":\"en-US\",\"potentialAction\":[{\"@type\":\"ReadAction\",\"target\":[\"https:\\\/\\\/www.tapasmagazine.es\\\/en\\\/alejandro-hermo-has-been-appointed-as-the-new-ceo-of-goiko\\\/\"]}]},{\"@type\":\"ImageObject\",\"inLanguage\":\"en-US\",\"@id\":\"https:\\\/\\\/www.tapasmagazine.es\\\/en\\\/alejandro-hermo-has-been-appointed-as-the-new-ceo-of-goiko\\\/#primaryimage\",\"url\":\"https:\\\/\\\/www.tapasmagazine.es\\\/wp-content\\\/uploads\\\/2024\\\/03\\\/Goiko-nuevo-CEO.jpg\",\"contentUrl\":\"https:\\\/\\\/www.tapasmagazine.es\\\/wp-content\\\/uploads\\\/2024\\\/03\\\/Goiko-nuevo-CEO.jpg\",\"width\":1200,\"height\":675},{\"@type\":\"BreadcrumbList\",\"@id\":\"https:\\\/\\\/www.tapasmagazine.es\\\/en\\\/alejandro-hermo-has-been-appointed-as-the-new-ceo-of-goiko\\\/#breadcrumb\",\"itemListElement\":[{\"@type\":\"ListItem\",\"position\":1,\"name\":\"Portada\",\"item\":\"https:\\\/\\\/www.tapasmagazine.es\\\/\"},{\"@type\":\"ListItem\",\"position\":2,\"name\":\"News\",\"item\":\"https:\\\/\\\/www.tapasmagazine.es\\\/en\\\/categorias\\\/news\\\/\"},{\"@type\":\"ListItem\",\"position\":3,\"name\":\"Alejandro Hermo has been appointed as the new CEO of Goiko\"}]},{\"@type\":\"WebSite\",\"@id\":\"https:\\\/\\\/www.tapasmagazine.es\\\/#website\",\"url\":\"https:\\\/\\\/www.tapasmagazine.es\\\/\",\"name\":\"Tapas\",\"description\":\"\u00d1am \u00d1am Lifestyle. La vida a bocados. Premio Nacional de Gastronom\u00eda 2016.\",\"publisher\":{\"@id\":\"https:\\\/\\\/www.tapasmagazine.es\\\/#organization\"},\"potentialAction\":[{\"@type\":\"SearchAction\",\"target\":{\"@type\":\"EntryPoint\",\"urlTemplate\":\"https:\\\/\\\/www.tapasmagazine.es\\\/?s={search_term_string}\"},\"query-input\":{\"@type\":\"PropertyValueSpecification\",\"valueRequired\":true,\"valueName\":\"search_term_string\"}}],\"inLanguage\":\"en-US\"},{\"@type\":\"Organization\",\"@id\":\"https:\\\/\\\/www.tapasmagazine.es\\\/#organization\",\"name\":\"Tapas Magazine\",\"url\":\"https:\\\/\\\/www.tapasmagazine.es\\\/\",\"logo\":{\"@type\":\"ImageObject\",\"inLanguage\":\"en-US\",\"@id\":\"https:\\\/\\\/www.tapasmagazine.es\\\/#\\\/schema\\\/logo\\\/image\\\/\",\"url\":\"https:\\\/\\\/www.tapasmagazine.es\\\/wp-content\\\/uploads\\\/2018\\\/01\\\/logo.png\",\"contentUrl\":\"https:\\\/\\\/www.tapasmagazine.es\\\/wp-content\\\/uploads\\\/2018\\\/01\\\/logo.png\",\"width\":180,\"height\":60,\"caption\":\"Tapas Magazine\"},\"image\":{\"@id\":\"https:\\\/\\\/www.tapasmagazine.es\\\/#\\\/schema\\\/logo\\\/image\\\/\"},\"sameAs\":[\"https:\\\/\\\/www.facebook.com\\\/tapasmagazine\",\"https:\\\/\\\/x.com\\\/TapasMagazine\",\"https:\\\/\\\/www.instagram.com\\\/tapasmagazine\\\/\",\"https:\\\/\\\/www.linkedin.com\\\/company\\\/tapas-magazine\",\"https:\\\/\\\/es.pinterest.com\\\/tapasmagazine\\\/\",\"https:\\\/\\\/www.youtube.com\\\/channel\\\/UCEyxneAaACuR0lfDagrWjjg?sub_confirmation=1\"]},{\"@type\":\"Person\",\"@id\":\"https:\\\/\\\/www.tapasmagazine.es\\\/#\\\/schema\\\/person\\\/aa2878f43139547f5e6a3af3b7fd27ef\",\"name\":\"TAPAS MAGAZINE\",\"url\":\"https:\\\/\\\/www.tapasmagazine.es\\\/en\\\/author\\\/tapasmagazine\\\/\"}]}<\/script>\n<!-- \/ Yoast SEO plugin. -->","yoast_head_json":{"title":"Alejandro Hermo has been appointed as the new CEO of Goiko - Tapas","description":"With the appointment of the new CEO, Goiko expects to innovate and reach new international markets through its new expansion strategy.","robots":{"index":"index","follow":"follow","max-snippet":"max-snippet:-1","max-image-preview":"max-image-preview:large","max-video-preview":"max-video-preview:-1"},"canonical":"https:\/\/www.tapasmagazine.es\/en\/alejandro-hermo-has-been-appointed-as-the-new-ceo-of-goiko\/","og_locale":"en_US","og_type":"article","og_title":"Alejandro Hermo has been appointed as the new CEO of Goiko - Tapas","og_description":"With the appointment of the new CEO, Goiko expects to innovate and reach new international markets through its new expansion strategy.","og_url":"https:\/\/www.tapasmagazine.es\/en\/alejandro-hermo-has-been-appointed-as-the-new-ceo-of-goiko\/","og_site_name":"Tapas","article_publisher":"https:\/\/www.facebook.com\/tapasmagazine","article_published_time":"2024-03-15T09:41:06+00:00","article_modified_time":"2024-03-15T09:46:29+00:00","og_image":[{"width":1200,"height":675,"url":"https:\/\/www.tapasmagazine.es\/wp-content\/uploads\/2024\/03\/Goiko-nuevo-CEO.jpg","type":"image\/jpeg"}],"author":"TAPAS MAGAZINE","twitter_card":"summary_large_image","twitter_creator":"@TapasMagazine","twitter_site":"@TapasMagazine","twitter_misc":{"Written by":"TAPAS MAGAZINE","Est. reading time":"2 minutes"},"schema":{"@context":"https:\/\/schema.org","@graph":[{"@type":"Article","@id":"https:\/\/www.tapasmagazine.es\/en\/alejandro-hermo-has-been-appointed-as-the-new-ceo-of-goiko\/#article","isPartOf":{"@id":"https:\/\/www.tapasmagazine.es\/en\/alejandro-hermo-has-been-appointed-as-the-new-ceo-of-goiko\/"},"author":{"name":"TAPAS MAGAZINE","@id":"https:\/\/www.tapasmagazine.es\/#\/schema\/person\/aa2878f43139547f5e6a3af3b7fd27ef"},"headline":"Alejandro Hermo has been appointed as the new CEO of Goiko","datePublished":"2024-03-15T09:41:06+00:00","dateModified":"2024-03-15T09:46:29+00:00","mainEntityOfPage":{"@id":"https:\/\/www.tapasmagazine.es\/en\/alejandro-hermo-has-been-appointed-as-the-new-ceo-of-goiko\/"},"wordCount":236,"publisher":{"@id":"https:\/\/www.tapasmagazine.es\/#organization"},"image":{"@id":"https:\/\/www.tapasmagazine.es\/en\/alejandro-hermo-has-been-appointed-as-the-new-ceo-of-goiko\/#primaryimage"},"thumbnailUrl":"https:\/\/www.tapasmagazine.es\/wp-content\/uploads\/2024\/03\/Goiko-nuevo-CEO.jpg","articleSection":["News"],"inLanguage":"en-US"},{"@type":"WebPage","@id":"https:\/\/www.tapasmagazine.es\/en\/alejandro-hermo-has-been-appointed-as-the-new-ceo-of-goiko\/","url":"https:\/\/www.tapasmagazine.es\/en\/alejandro-hermo-has-been-appointed-as-the-new-ceo-of-goiko\/","name":"Alejandro Hermo has been appointed as the new CEO of Goiko - Tapas","isPartOf":{"@id":"https:\/\/www.tapasmagazine.es\/#website"},"primaryImageOfPage":{"@id":"https:\/\/www.tapasmagazine.es\/en\/alejandro-hermo-has-been-appointed-as-the-new-ceo-of-goiko\/#primaryimage"},"image":{"@id":"https:\/\/www.tapasmagazine.es\/en\/alejandro-hermo-has-been-appointed-as-the-new-ceo-of-goiko\/#primaryimage"},"thumbnailUrl":"https:\/\/www.tapasmagazine.es\/wp-content\/uploads\/2024\/03\/Goiko-nuevo-CEO.jpg","datePublished":"2024-03-15T09:41:06+00:00","dateModified":"2024-03-15T09:46:29+00:00","description":"With the appointment of the new CEO, Goiko expects to innovate and reach new international markets through its new expansion strategy.","breadcrumb":{"@id":"https:\/\/www.tapasmagazine.es\/en\/alejandro-hermo-has-been-appointed-as-the-new-ceo-of-goiko\/#breadcrumb"},"inLanguage":"en-US","potentialAction":[{"@type":"ReadAction","target":["https:\/\/www.tapasmagazine.es\/en\/alejandro-hermo-has-been-appointed-as-the-new-ceo-of-goiko\/"]}]},{"@type":"ImageObject","inLanguage":"en-US","@id":"https:\/\/www.tapasmagazine.es\/en\/alejandro-hermo-has-been-appointed-as-the-new-ceo-of-goiko\/#primaryimage","url":"https:\/\/www.tapasmagazine.es\/wp-content\/uploads\/2024\/03\/Goiko-nuevo-CEO.jpg","contentUrl":"https:\/\/www.tapasmagazine.es\/wp-content\/uploads\/2024\/03\/Goiko-nuevo-CEO.jpg","width":1200,"height":675},{"@type":"BreadcrumbList","@id":"https:\/\/www.tapasmagazine.es\/en\/alejandro-hermo-has-been-appointed-as-the-new-ceo-of-goiko\/#breadcrumb","itemListElement":[{"@type":"ListItem","position":1,"name":"Portada","item":"https:\/\/www.tapasmagazine.es\/"},{"@type":"ListItem","position":2,"name":"News","item":"https:\/\/www.tapasmagazine.es\/en\/categorias\/news\/"},{"@type":"ListItem","position":3,"name":"Alejandro Hermo has been appointed as the new CEO of Goiko"}]},{"@type":"WebSite","@id":"https:\/\/www.tapasmagazine.es\/#website","url":"https:\/\/www.tapasmagazine.es\/","name":"Tapas","description":"\u00d1am \u00d1am Lifestyle. La vida a bocados. Premio Nacional de Gastronom\u00eda 2016.","publisher":{"@id":"https:\/\/www.tapasmagazine.es\/#organization"},"potentialAction":[{"@type":"SearchAction","target":{"@type":"EntryPoint","urlTemplate":"https:\/\/www.tapasmagazine.es\/?s={search_term_string}"},"query-input":{"@type":"PropertyValueSpecification","valueRequired":true,"valueName":"search_term_string"}}],"inLanguage":"en-US"},{"@type":"Organization","@id":"https:\/\/www.tapasmagazine.es\/#organization","name":"Tapas Magazine","url":"https:\/\/www.tapasmagazine.es\/","logo":{"@type":"ImageObject","inLanguage":"en-US","@id":"https:\/\/www.tapasmagazine.es\/#\/schema\/logo\/image\/","url":"https:\/\/www.tapasmagazine.es\/wp-content\/uploads\/2018\/01\/logo.png","contentUrl":"https:\/\/www.tapasmagazine.es\/wp-content\/uploads\/2018\/01\/logo.png","width":180,"height":60,"caption":"Tapas Magazine"},"image":{"@id":"https:\/\/www.tapasmagazine.es\/#\/schema\/logo\/image\/"},"sameAs":["https:\/\/www.facebook.com\/tapasmagazine","https:\/\/x.com\/TapasMagazine","https:\/\/www.instagram.com\/tapasmagazine\/","https:\/\/www.linkedin.com\/company\/tapas-magazine","https:\/\/es.pinterest.com\/tapasmagazine\/","https:\/\/www.youtube.com\/channel\/UCEyxneAaACuR0lfDagrWjjg?sub_confirmation=1"]},{"@type":"Person","@id":"https:\/\/www.tapasmagazine.es\/#\/schema\/person\/aa2878f43139547f5e6a3af3b7fd27ef","name":"TAPAS MAGAZINE","url":"https:\/\/www.tapasmagazine.es\/en\/author\/tapasmagazine\/"}]}},"_links":{"self":[{"href":"https:\/\/www.tapasmagazine.es\/en\/wp-json\/wp\/v2\/posts\/241284","targetHints":{"allow":["GET"]}}],"collection":[{"href":"https:\/\/www.tapasmagazine.es\/en\/wp-json\/wp\/v2\/posts"}],"about":[{"href":"https:\/\/www.tapasmagazine.es\/en\/wp-json\/wp\/v2\/types\/post"}],"author":[{"embeddable":true,"href":"https:\/\/www.tapasmagazine.es\/en\/wp-json\/wp\/v2\/users\/316"}],"replies":[{"embeddable":true,"href":"https:\/\/www.tapasmagazine.es\/en\/wp-json\/wp\/v2\/comments?post=241284"}],"version-history":[{"count":2,"href":"https:\/\/www.tapasmagazine.es\/en\/wp-json\/wp\/v2\/posts\/241284\/revisions"}],"predecessor-version":[{"id":241298,"href":"https:\/\/www.tapasmagazine.es\/en\/wp-json\/wp\/v2\/posts\/241284\/revisions\/241298"}],"wp:featuredmedia":[{"embeddable":true,"href":"https:\/\/www.tapasmagazine.es\/en\/wp-json\/wp\/v2\/media\/241282"}],"wp:attachment":[{"href":"https:\/\/www.tapasmagazine.es\/en\/wp-json\/wp\/v2\/media?parent=241284"}],"wp:term":[{"taxonomy":"category","embeddable":true,"href":"https:\/\/www.tapasmagazine.es\/en\/wp-json\/wp\/v2\/categories?post=241284"},{"taxonomy":"post_tag","embeddable":true,"href":"https:\/\/www.tapasmagazine.es\/en\/wp-json\/wp\/v2\/tags?post=241284"}],"curies":[{"name":"wp","href":"https:\/\/api.w.org\/{rel}","templated":true}]}}