{"id":241081,"date":"2024-03-14T10:19:58","date_gmt":"2024-03-14T09:19:58","guid":{"rendered":"https:\/\/www.tapasmagazine.es\/?p=241081"},"modified":"2024-03-14T10:24:34","modified_gmt":"2024-03-14T09:24:34","slug":"new-yorks-most-famous-ramen-comes-to-madrid-with-a-pop-up","status":"publish","type":"post","link":"https:\/\/www.tapasmagazine.es\/en\/new-yorks-most-famous-ramen-comes-to-madrid-with-a-pop-up\/","title":{"rendered":"New York&#8217;s most famous ramen comes to Madrid with a pop-up"},"content":{"rendered":"\n<p><strong>Click <a href=\"https:\/\/www.tapasmagazine.es\/el-ramen-mas-famoso-de-nueva-york-llega-a-madrid-con-un-pop-up\/\" target=\"_blank\" rel=\"noreferrer noopener\">here<\/a> to read the Spanish version.<\/strong><br>Ivan Ramen has become the most famous ramen place in New York, thanks in part to its appearance on the Netflix show, Chef&#8217;s table. Behind the restaurant is chef Ivan Orkin, founder and owner, who has now temporarily moved to Madrid to install a temporary pop up in the capital. It will be from March 13 to 17 as part of the eighth edition of &#8216;In Residence&#8217;, the event in which renowned international chefs bring their expertise to Madrid for several weeks.<\/p>\n\n\n\n<figure class=\"wp-block-image size-full\"><img decoding=\"async\" width=\"900\" height=\"676\" src=\"https:\/\/www.tapasmagazine.es\/wp-content\/uploads\/2024\/03\/Ivan-Ramen-Espacio-Semilla.jpg\" alt=\"\" class=\"wp-image-241072\" srcset=\"https:\/\/www.tapasmagazine.es\/wp-content\/uploads\/2024\/03\/Ivan-Ramen-Espacio-Semilla.jpg 900w, https:\/\/www.tapasmagazine.es\/wp-content\/uploads\/2024\/03\/Ivan-Ramen-Espacio-Semilla-300x225.jpg 300w, https:\/\/www.tapasmagazine.es\/wp-content\/uploads\/2024\/03\/Ivan-Ramen-Espacio-Semilla-768x577.jpg 768w, https:\/\/www.tapasmagazine.es\/wp-content\/uploads\/2024\/03\/Ivan-Ramen-Espacio-Semilla-400x300.jpg 400w\" sizes=\"(max-width: 900px) 100vw, 900px\" \/><\/figure>\n\n\n\n<p>The <a href=\"https:\/\/www.ivanramen.com\/\" target=\"_blank\" rel=\"noreferrer noopener\">Ivan Ramen<\/a> pop up, located in the Semilla Food Studio space (Calle Jos\u00e9 Ortega y Gasset 67 in Madrid) will offer a unique menu that will be served at a shared table, with a price of \u20ac100 without food pairing and a service for only 20 diners. It is available for lunch and dinner service until Sunday, March 17.<\/p>\n\n\n\n<figure class=\"wp-block-image size-large\"><img decoding=\"async\" width=\"1024\" height=\"576\" src=\"https:\/\/www.tapasmagazine.es\/wp-content\/uploads\/2024\/03\/Ramen-Ivan-pop-up-1024x576.jpg\" alt=\"El ramen de Ivan Ramen se podr\u00e1 tomar en Madrid.\" class=\"wp-image-241074\" srcset=\"https:\/\/www.tapasmagazine.es\/wp-content\/uploads\/2024\/03\/Ramen-Ivan-pop-up-1024x576.jpg 1024w, https:\/\/www.tapasmagazine.es\/wp-content\/uploads\/2024\/03\/Ramen-Ivan-pop-up-300x169.jpg 300w, https:\/\/www.tapasmagazine.es\/wp-content\/uploads\/2024\/03\/Ramen-Ivan-pop-up-768x432.jpg 768w, https:\/\/www.tapasmagazine.es\/wp-content\/uploads\/2024\/03\/Ramen-Ivan-pop-up-1000x563.jpg 1000w, https:\/\/www.tapasmagazine.es\/wp-content\/uploads\/2024\/03\/Ramen-Ivan-pop-up-400x225.jpg 400w, https:\/\/www.tapasmagazine.es\/wp-content\/uploads\/2024\/03\/Ramen-Ivan-pop-up.jpg 1200w\" sizes=\"(max-width: 1024px) 100vw, 1024px\" \/><\/figure>\n\n\n\n<p>The renowned chef showed his excitement during the presentation of his #IvanRamenInResidence, inside project. &#8220;I am very excited to have the opportunity to bring some of the most iconic dishes from my restaurant in New York to a city like Madrid.&#8221;<\/p>\n\n\n\n<figure class=\"wp-block-image size-large\"><img decoding=\"async\" width=\"1024\" height=\"576\" src=\"https:\/\/www.tapasmagazine.es\/wp-content\/uploads\/2024\/03\/Ivan-Ramen-2-1024x576.jpg\" alt=\"\" class=\"wp-image-241076\" srcset=\"https:\/\/www.tapasmagazine.es\/wp-content\/uploads\/2024\/03\/Ivan-Ramen-2-1024x576.jpg 1024w, https:\/\/www.tapasmagazine.es\/wp-content\/uploads\/2024\/03\/Ivan-Ramen-2-300x169.jpg 300w, https:\/\/www.tapasmagazine.es\/wp-content\/uploads\/2024\/03\/Ivan-Ramen-2-768x432.jpg 768w, https:\/\/www.tapasmagazine.es\/wp-content\/uploads\/2024\/03\/Ivan-Ramen-2-1000x563.jpg 1000w, https:\/\/www.tapasmagazine.es\/wp-content\/uploads\/2024\/03\/Ivan-Ramen-2-400x225.jpg 400w, https:\/\/www.tapasmagazine.es\/wp-content\/uploads\/2024\/03\/Ivan-Ramen-2.jpg 1200w\" sizes=\"(max-width: 1024px) 100vw, 1024px\" \/><\/figure>\n\n\n\n<p>Ivan Orkin&#8217;s professional life has been a long career. He started at the age of 15 washing dishes in a sushi bar and in the 1990s opened his first ramen restaurant in Tokyo, to become a recognized American authority in the world of ramen with his place in New York&#8217;s Lower East Side, which is considered the best-known ramen bar in the world, with a kitchen run by someone who is not Japanese.<\/p>\n","protected":false},"excerpt":{"rendered":"<p>Click here to read the Spanish version.Ivan Ramen has become the most famous ramen place in New York, thanks in part to its appearance on the Netflix show, Chef&#8217;s table. Behind the restaurant is chef Ivan Orkin, founder and owner, who has now temporarily moved to Madrid to install a temporary pop up in the [&hellip;]<\/p>\n","protected":false},"author":279,"featured_media":241080,"comment_status":"closed","ping_status":"closed","sticky":false,"template":"","format":"standard","meta":{"_acf_changed":false,"footnotes":""},"categories":[15807,15802],"tags":[],"class_list":["post-241081","post","type-post","status-publish","format-standard","has-post-thumbnail","hentry","category-gastro-en","category-news","cat-15807-id","cat-15802-id"],"acf":[],"yoast_head":"<!-- This site is optimized with the Yoast SEO plugin v27.5 - https:\/\/yoast.com\/product\/yoast-seo-wordpress\/ -->\n<title>New York&#039;s most famous ramen comes to Madrid with a pop-up - Tapas<\/title>\n<meta name=\"description\" content=\"The well-known chef Ivan Orkin arrives in Madrid to offer his acclaimed ramen. From March 13 to 17 he will be in the capital with a pop up.\" \/>\n<meta name=\"robots\" content=\"index, follow, max-snippet:-1, max-image-preview:large, max-video-preview:-1\" \/>\n<link rel=\"canonical\" href=\"https:\/\/www.tapasmagazine.es\/en\/new-yorks-most-famous-ramen-comes-to-madrid-with-a-pop-up\/\" \/>\n<meta property=\"og:locale\" content=\"en_US\" \/>\n<meta property=\"og:type\" content=\"article\" \/>\n<meta property=\"og:title\" content=\"New York&#039;s most famous ramen comes to Madrid with a pop-up - Tapas\" \/>\n<meta property=\"og:description\" content=\"The well-known chef Ivan Orkin arrives in Madrid to offer his acclaimed ramen. From March 13 to 17 he will be in the capital with a pop up.\" \/>\n<meta property=\"og:url\" content=\"https:\/\/www.tapasmagazine.es\/en\/new-yorks-most-famous-ramen-comes-to-madrid-with-a-pop-up\/\" \/>\n<meta property=\"og:site_name\" content=\"Tapas\" \/>\n<meta property=\"article:publisher\" content=\"https:\/\/www.facebook.com\/tapasmagazine\" \/>\n<meta property=\"article:published_time\" content=\"2024-03-14T09:19:58+00:00\" \/>\n<meta property=\"article:modified_time\" content=\"2024-03-14T09:24:34+00:00\" \/>\n<meta property=\"og:image\" content=\"https:\/\/www.tapasmagazine.es\/wp-content\/uploads\/2024\/03\/Ivan-Orkin-ramen.jpg\" \/>\n\t<meta property=\"og:image:width\" content=\"1200\" \/>\n\t<meta property=\"og:image:height\" content=\"675\" \/>\n\t<meta property=\"og:image:type\" content=\"image\/jpeg\" \/>\n<meta name=\"author\" content=\"Toni Alonso\" \/>\n<meta name=\"twitter:card\" content=\"summary_large_image\" \/>\n<meta name=\"twitter:creator\" content=\"@TapasMagazine\" \/>\n<meta name=\"twitter:site\" content=\"@TapasMagazine\" \/>\n<meta name=\"twitter:label1\" content=\"Written by\" \/>\n\t<meta name=\"twitter:data1\" content=\"Toni Alonso\" \/>\n\t<meta name=\"twitter:label2\" content=\"Est. reading time\" \/>\n\t<meta name=\"twitter:data2\" content=\"3 minutes\" \/>\n<script type=\"application\/ld+json\" class=\"yoast-schema-graph\">{\"@context\":\"https:\\\/\\\/schema.org\",\"@graph\":[{\"@type\":\"Article\",\"@id\":\"https:\\\/\\\/www.tapasmagazine.es\\\/en\\\/new-yorks-most-famous-ramen-comes-to-madrid-with-a-pop-up\\\/#article\",\"isPartOf\":{\"@id\":\"https:\\\/\\\/www.tapasmagazine.es\\\/en\\\/new-yorks-most-famous-ramen-comes-to-madrid-with-a-pop-up\\\/\"},\"author\":{\"name\":\"Toni Alonso\",\"@id\":\"https:\\\/\\\/www.tapasmagazine.es\\\/#\\\/schema\\\/person\\\/63bc618d318821aa948ba50d2e18ab3d\"},\"headline\":\"New York&#8217;s most famous ramen comes to Madrid with a pop-up\",\"datePublished\":\"2024-03-14T09:19:58+00:00\",\"dateModified\":\"2024-03-14T09:24:34+00:00\",\"mainEntityOfPage\":{\"@id\":\"https:\\\/\\\/www.tapasmagazine.es\\\/en\\\/new-yorks-most-famous-ramen-comes-to-madrid-with-a-pop-up\\\/\"},\"wordCount\":271,\"publisher\":{\"@id\":\"https:\\\/\\\/www.tapasmagazine.es\\\/#organization\"},\"image\":{\"@id\":\"https:\\\/\\\/www.tapasmagazine.es\\\/en\\\/new-yorks-most-famous-ramen-comes-to-madrid-with-a-pop-up\\\/#primaryimage\"},\"thumbnailUrl\":\"https:\\\/\\\/www.tapasmagazine.es\\\/wp-content\\\/uploads\\\/2024\\\/03\\\/Ivan-Orkin-ramen.jpg\",\"articleSection\":[\"Gastro\",\"News\"],\"inLanguage\":\"en-US\"},{\"@type\":\"WebPage\",\"@id\":\"https:\\\/\\\/www.tapasmagazine.es\\\/en\\\/new-yorks-most-famous-ramen-comes-to-madrid-with-a-pop-up\\\/\",\"url\":\"https:\\\/\\\/www.tapasmagazine.es\\\/en\\\/new-yorks-most-famous-ramen-comes-to-madrid-with-a-pop-up\\\/\",\"name\":\"New York's most famous ramen comes to Madrid with a pop-up - Tapas\",\"isPartOf\":{\"@id\":\"https:\\\/\\\/www.tapasmagazine.es\\\/#website\"},\"primaryImageOfPage\":{\"@id\":\"https:\\\/\\\/www.tapasmagazine.es\\\/en\\\/new-yorks-most-famous-ramen-comes-to-madrid-with-a-pop-up\\\/#primaryimage\"},\"image\":{\"@id\":\"https:\\\/\\\/www.tapasmagazine.es\\\/en\\\/new-yorks-most-famous-ramen-comes-to-madrid-with-a-pop-up\\\/#primaryimage\"},\"thumbnailUrl\":\"https:\\\/\\\/www.tapasmagazine.es\\\/wp-content\\\/uploads\\\/2024\\\/03\\\/Ivan-Orkin-ramen.jpg\",\"datePublished\":\"2024-03-14T09:19:58+00:00\",\"dateModified\":\"2024-03-14T09:24:34+00:00\",\"description\":\"The well-known chef Ivan Orkin arrives in Madrid to offer his acclaimed ramen. From March 13 to 17 he will be in the capital with a pop up.\",\"breadcrumb\":{\"@id\":\"https:\\\/\\\/www.tapasmagazine.es\\\/en\\\/new-yorks-most-famous-ramen-comes-to-madrid-with-a-pop-up\\\/#breadcrumb\"},\"inLanguage\":\"en-US\",\"potentialAction\":[{\"@type\":\"ReadAction\",\"target\":[\"https:\\\/\\\/www.tapasmagazine.es\\\/en\\\/new-yorks-most-famous-ramen-comes-to-madrid-with-a-pop-up\\\/\"]}]},{\"@type\":\"ImageObject\",\"inLanguage\":\"en-US\",\"@id\":\"https:\\\/\\\/www.tapasmagazine.es\\\/en\\\/new-yorks-most-famous-ramen-comes-to-madrid-with-a-pop-up\\\/#primaryimage\",\"url\":\"https:\\\/\\\/www.tapasmagazine.es\\\/wp-content\\\/uploads\\\/2024\\\/03\\\/Ivan-Orkin-ramen.jpg\",\"contentUrl\":\"https:\\\/\\\/www.tapasmagazine.es\\\/wp-content\\\/uploads\\\/2024\\\/03\\\/Ivan-Orkin-ramen.jpg\",\"width\":1200,\"height\":675},{\"@type\":\"BreadcrumbList\",\"@id\":\"https:\\\/\\\/www.tapasmagazine.es\\\/en\\\/new-yorks-most-famous-ramen-comes-to-madrid-with-a-pop-up\\\/#breadcrumb\",\"itemListElement\":[{\"@type\":\"ListItem\",\"position\":1,\"name\":\"Portada\",\"item\":\"https:\\\/\\\/www.tapasmagazine.es\\\/\"},{\"@type\":\"ListItem\",\"position\":2,\"name\":\"News\",\"item\":\"https:\\\/\\\/www.tapasmagazine.es\\\/en\\\/categorias\\\/news\\\/\"},{\"@type\":\"ListItem\",\"position\":3,\"name\":\"New York&#8217;s most famous ramen comes to Madrid with a pop-up\"}]},{\"@type\":\"WebSite\",\"@id\":\"https:\\\/\\\/www.tapasmagazine.es\\\/#website\",\"url\":\"https:\\\/\\\/www.tapasmagazine.es\\\/\",\"name\":\"Tapas\",\"description\":\"\u00d1am \u00d1am Lifestyle. La vida a bocados. Premio Nacional de Gastronom\u00eda 2016.\",\"publisher\":{\"@id\":\"https:\\\/\\\/www.tapasmagazine.es\\\/#organization\"},\"potentialAction\":[{\"@type\":\"SearchAction\",\"target\":{\"@type\":\"EntryPoint\",\"urlTemplate\":\"https:\\\/\\\/www.tapasmagazine.es\\\/?s={search_term_string}\"},\"query-input\":{\"@type\":\"PropertyValueSpecification\",\"valueRequired\":true,\"valueName\":\"search_term_string\"}}],\"inLanguage\":\"en-US\"},{\"@type\":\"Organization\",\"@id\":\"https:\\\/\\\/www.tapasmagazine.es\\\/#organization\",\"name\":\"Tapas Magazine\",\"url\":\"https:\\\/\\\/www.tapasmagazine.es\\\/\",\"logo\":{\"@type\":\"ImageObject\",\"inLanguage\":\"en-US\",\"@id\":\"https:\\\/\\\/www.tapasmagazine.es\\\/#\\\/schema\\\/logo\\\/image\\\/\",\"url\":\"https:\\\/\\\/www.tapasmagazine.es\\\/wp-content\\\/uploads\\\/2018\\\/01\\\/logo.png\",\"contentUrl\":\"https:\\\/\\\/www.tapasmagazine.es\\\/wp-content\\\/uploads\\\/2018\\\/01\\\/logo.png\",\"width\":180,\"height\":60,\"caption\":\"Tapas Magazine\"},\"image\":{\"@id\":\"https:\\\/\\\/www.tapasmagazine.es\\\/#\\\/schema\\\/logo\\\/image\\\/\"},\"sameAs\":[\"https:\\\/\\\/www.facebook.com\\\/tapasmagazine\",\"https:\\\/\\\/x.com\\\/TapasMagazine\",\"https:\\\/\\\/www.instagram.com\\\/tapasmagazine\\\/\",\"https:\\\/\\\/www.linkedin.com\\\/company\\\/tapas-magazine\",\"https:\\\/\\\/es.pinterest.com\\\/tapasmagazine\\\/\",\"https:\\\/\\\/www.youtube.com\\\/channel\\\/UCEyxneAaACuR0lfDagrWjjg?sub_confirmation=1\"]},{\"@type\":\"Person\",\"@id\":\"https:\\\/\\\/www.tapasmagazine.es\\\/#\\\/schema\\\/person\\\/63bc618d318821aa948ba50d2e18ab3d\",\"name\":\"Toni Alonso\",\"url\":\"https:\\\/\\\/www.tapasmagazine.es\\\/en\\\/author\\\/antonio-alonso\\\/\"}]}<\/script>\n<!-- \/ Yoast SEO plugin. -->","yoast_head_json":{"title":"New York's most famous ramen comes to Madrid with a pop-up - Tapas","description":"The well-known chef Ivan Orkin arrives in Madrid to offer his acclaimed ramen. From March 13 to 17 he will be in the capital with a pop up.","robots":{"index":"index","follow":"follow","max-snippet":"max-snippet:-1","max-image-preview":"max-image-preview:large","max-video-preview":"max-video-preview:-1"},"canonical":"https:\/\/www.tapasmagazine.es\/en\/new-yorks-most-famous-ramen-comes-to-madrid-with-a-pop-up\/","og_locale":"en_US","og_type":"article","og_title":"New York's most famous ramen comes to Madrid with a pop-up - Tapas","og_description":"The well-known chef Ivan Orkin arrives in Madrid to offer his acclaimed ramen. From March 13 to 17 he will be in the capital with a pop up.","og_url":"https:\/\/www.tapasmagazine.es\/en\/new-yorks-most-famous-ramen-comes-to-madrid-with-a-pop-up\/","og_site_name":"Tapas","article_publisher":"https:\/\/www.facebook.com\/tapasmagazine","article_published_time":"2024-03-14T09:19:58+00:00","article_modified_time":"2024-03-14T09:24:34+00:00","og_image":[{"width":1200,"height":675,"url":"https:\/\/www.tapasmagazine.es\/wp-content\/uploads\/2024\/03\/Ivan-Orkin-ramen.jpg","type":"image\/jpeg"}],"author":"Toni Alonso","twitter_card":"summary_large_image","twitter_creator":"@TapasMagazine","twitter_site":"@TapasMagazine","twitter_misc":{"Written by":"Toni Alonso","Est. reading time":"3 minutes"},"schema":{"@context":"https:\/\/schema.org","@graph":[{"@type":"Article","@id":"https:\/\/www.tapasmagazine.es\/en\/new-yorks-most-famous-ramen-comes-to-madrid-with-a-pop-up\/#article","isPartOf":{"@id":"https:\/\/www.tapasmagazine.es\/en\/new-yorks-most-famous-ramen-comes-to-madrid-with-a-pop-up\/"},"author":{"name":"Toni Alonso","@id":"https:\/\/www.tapasmagazine.es\/#\/schema\/person\/63bc618d318821aa948ba50d2e18ab3d"},"headline":"New York&#8217;s most famous ramen comes to Madrid with a pop-up","datePublished":"2024-03-14T09:19:58+00:00","dateModified":"2024-03-14T09:24:34+00:00","mainEntityOfPage":{"@id":"https:\/\/www.tapasmagazine.es\/en\/new-yorks-most-famous-ramen-comes-to-madrid-with-a-pop-up\/"},"wordCount":271,"publisher":{"@id":"https:\/\/www.tapasmagazine.es\/#organization"},"image":{"@id":"https:\/\/www.tapasmagazine.es\/en\/new-yorks-most-famous-ramen-comes-to-madrid-with-a-pop-up\/#primaryimage"},"thumbnailUrl":"https:\/\/www.tapasmagazine.es\/wp-content\/uploads\/2024\/03\/Ivan-Orkin-ramen.jpg","articleSection":["Gastro","News"],"inLanguage":"en-US"},{"@type":"WebPage","@id":"https:\/\/www.tapasmagazine.es\/en\/new-yorks-most-famous-ramen-comes-to-madrid-with-a-pop-up\/","url":"https:\/\/www.tapasmagazine.es\/en\/new-yorks-most-famous-ramen-comes-to-madrid-with-a-pop-up\/","name":"New York's most famous ramen comes to Madrid with a pop-up - Tapas","isPartOf":{"@id":"https:\/\/www.tapasmagazine.es\/#website"},"primaryImageOfPage":{"@id":"https:\/\/www.tapasmagazine.es\/en\/new-yorks-most-famous-ramen-comes-to-madrid-with-a-pop-up\/#primaryimage"},"image":{"@id":"https:\/\/www.tapasmagazine.es\/en\/new-yorks-most-famous-ramen-comes-to-madrid-with-a-pop-up\/#primaryimage"},"thumbnailUrl":"https:\/\/www.tapasmagazine.es\/wp-content\/uploads\/2024\/03\/Ivan-Orkin-ramen.jpg","datePublished":"2024-03-14T09:19:58+00:00","dateModified":"2024-03-14T09:24:34+00:00","description":"The well-known chef Ivan Orkin arrives in Madrid to offer his acclaimed ramen. From March 13 to 17 he will be in the capital with a pop up.","breadcrumb":{"@id":"https:\/\/www.tapasmagazine.es\/en\/new-yorks-most-famous-ramen-comes-to-madrid-with-a-pop-up\/#breadcrumb"},"inLanguage":"en-US","potentialAction":[{"@type":"ReadAction","target":["https:\/\/www.tapasmagazine.es\/en\/new-yorks-most-famous-ramen-comes-to-madrid-with-a-pop-up\/"]}]},{"@type":"ImageObject","inLanguage":"en-US","@id":"https:\/\/www.tapasmagazine.es\/en\/new-yorks-most-famous-ramen-comes-to-madrid-with-a-pop-up\/#primaryimage","url":"https:\/\/www.tapasmagazine.es\/wp-content\/uploads\/2024\/03\/Ivan-Orkin-ramen.jpg","contentUrl":"https:\/\/www.tapasmagazine.es\/wp-content\/uploads\/2024\/03\/Ivan-Orkin-ramen.jpg","width":1200,"height":675},{"@type":"BreadcrumbList","@id":"https:\/\/www.tapasmagazine.es\/en\/new-yorks-most-famous-ramen-comes-to-madrid-with-a-pop-up\/#breadcrumb","itemListElement":[{"@type":"ListItem","position":1,"name":"Portada","item":"https:\/\/www.tapasmagazine.es\/"},{"@type":"ListItem","position":2,"name":"News","item":"https:\/\/www.tapasmagazine.es\/en\/categorias\/news\/"},{"@type":"ListItem","position":3,"name":"New York&#8217;s most famous ramen comes to Madrid with a pop-up"}]},{"@type":"WebSite","@id":"https:\/\/www.tapasmagazine.es\/#website","url":"https:\/\/www.tapasmagazine.es\/","name":"Tapas","description":"\u00d1am \u00d1am Lifestyle. La vida a bocados. Premio Nacional de Gastronom\u00eda 2016.","publisher":{"@id":"https:\/\/www.tapasmagazine.es\/#organization"},"potentialAction":[{"@type":"SearchAction","target":{"@type":"EntryPoint","urlTemplate":"https:\/\/www.tapasmagazine.es\/?s={search_term_string}"},"query-input":{"@type":"PropertyValueSpecification","valueRequired":true,"valueName":"search_term_string"}}],"inLanguage":"en-US"},{"@type":"Organization","@id":"https:\/\/www.tapasmagazine.es\/#organization","name":"Tapas Magazine","url":"https:\/\/www.tapasmagazine.es\/","logo":{"@type":"ImageObject","inLanguage":"en-US","@id":"https:\/\/www.tapasmagazine.es\/#\/schema\/logo\/image\/","url":"https:\/\/www.tapasmagazine.es\/wp-content\/uploads\/2018\/01\/logo.png","contentUrl":"https:\/\/www.tapasmagazine.es\/wp-content\/uploads\/2018\/01\/logo.png","width":180,"height":60,"caption":"Tapas Magazine"},"image":{"@id":"https:\/\/www.tapasmagazine.es\/#\/schema\/logo\/image\/"},"sameAs":["https:\/\/www.facebook.com\/tapasmagazine","https:\/\/x.com\/TapasMagazine","https:\/\/www.instagram.com\/tapasmagazine\/","https:\/\/www.linkedin.com\/company\/tapas-magazine","https:\/\/es.pinterest.com\/tapasmagazine\/","https:\/\/www.youtube.com\/channel\/UCEyxneAaACuR0lfDagrWjjg?sub_confirmation=1"]},{"@type":"Person","@id":"https:\/\/www.tapasmagazine.es\/#\/schema\/person\/63bc618d318821aa948ba50d2e18ab3d","name":"Toni Alonso","url":"https:\/\/www.tapasmagazine.es\/en\/author\/antonio-alonso\/"}]}},"_links":{"self":[{"href":"https:\/\/www.tapasmagazine.es\/en\/wp-json\/wp\/v2\/posts\/241081","targetHints":{"allow":["GET"]}}],"collection":[{"href":"https:\/\/www.tapasmagazine.es\/en\/wp-json\/wp\/v2\/posts"}],"about":[{"href":"https:\/\/www.tapasmagazine.es\/en\/wp-json\/wp\/v2\/types\/post"}],"author":[{"embeddable":true,"href":"https:\/\/www.tapasmagazine.es\/en\/wp-json\/wp\/v2\/users\/279"}],"replies":[{"embeddable":true,"href":"https:\/\/www.tapasmagazine.es\/en\/wp-json\/wp\/v2\/comments?post=241081"}],"version-history":[{"count":1,"href":"https:\/\/www.tapasmagazine.es\/en\/wp-json\/wp\/v2\/posts\/241081\/revisions"}],"predecessor-version":[{"id":241087,"href":"https:\/\/www.tapasmagazine.es\/en\/wp-json\/wp\/v2\/posts\/241081\/revisions\/241087"}],"wp:featuredmedia":[{"embeddable":true,"href":"https:\/\/www.tapasmagazine.es\/en\/wp-json\/wp\/v2\/media\/241080"}],"wp:attachment":[{"href":"https:\/\/www.tapasmagazine.es\/en\/wp-json\/wp\/v2\/media?parent=241081"}],"wp:term":[{"taxonomy":"category","embeddable":true,"href":"https:\/\/www.tapasmagazine.es\/en\/wp-json\/wp\/v2\/categories?post=241081"},{"taxonomy":"post_tag","embeddable":true,"href":"https:\/\/www.tapasmagazine.es\/en\/wp-json\/wp\/v2\/tags?post=241081"}],"curies":[{"name":"wp","href":"https:\/\/api.w.org\/{rel}","templated":true}]}}