{"id":241055,"date":"2024-03-13T16:49:43","date_gmt":"2024-03-13T15:49:43","guid":{"rendered":"https:\/\/www.tapasmagazine.es\/?p=241055"},"modified":"2024-03-13T16:53:39","modified_gmt":"2024-03-13T15:53:39","slug":"these-are-jose-andres-favorite-and-very-spanish-pancakes","status":"publish","type":"post","link":"https:\/\/www.tapasmagazine.es\/en\/these-are-jose-andres-favorite-and-very-spanish-pancakes\/","title":{"rendered":"These are Jos\u00e9 Andr\u00e9s&#8217; favorite -and very Spanish- pancakes"},"content":{"rendered":"\n<p><strong>Click <a href=\"https:\/\/www.tapasmagazine.es\/estas-son-las-tortitas-favoritas-y-muy-espanolas-de-jose-andres\/\" target=\"_blank\" rel=\"noreferrer noopener\">here<\/a> to read the Spanish version.<\/strong><br>There is no better ambassador of Spanish gastronomy than Jos\u00e9 Andr\u00e9s. The Asturian chef is a standard bearer of traditional recipes and products of our country. Proof of this is the very Spanish ingredient that Jos\u00e9 Andr\u00e9s uses to prepare his favorite pancakes.<\/p>\n\n\n\n<p>The media chef has shared on his blog <a href=\"https:\/\/joseandres.substack.com\/\" target=\"_blank\" rel=\"noreferrer noopener\">Longer Tables<\/a> the recipe for homemade pancakes that he has been preparing for more than two decades and have been one of the recurring snacks of his daughters since they were little. They are olive oil pancakes, which are super fluffy and light. They are also healthier because they replace butter.<\/p>\n\n\n\n<figure class=\"wp-block-image size-large\"><img decoding=\"async\" width=\"1024\" height=\"576\" src=\"https:\/\/www.tapasmagazine.es\/wp-content\/uploads\/2024\/03\/Tortitas-Jose-Andres-Longer-Tables-1024x576.jpg\" alt=\"\" class=\"wp-image-241051\" srcset=\"https:\/\/www.tapasmagazine.es\/wp-content\/uploads\/2024\/03\/Tortitas-Jose-Andres-Longer-Tables-1024x576.jpg 1024w, https:\/\/www.tapasmagazine.es\/wp-content\/uploads\/2024\/03\/Tortitas-Jose-Andres-Longer-Tables-300x169.jpg 300w, https:\/\/www.tapasmagazine.es\/wp-content\/uploads\/2024\/03\/Tortitas-Jose-Andres-Longer-Tables-768x432.jpg 768w, https:\/\/www.tapasmagazine.es\/wp-content\/uploads\/2024\/03\/Tortitas-Jose-Andres-Longer-Tables-1000x563.jpg 1000w, https:\/\/www.tapasmagazine.es\/wp-content\/uploads\/2024\/03\/Tortitas-Jose-Andres-Longer-Tables-400x225.jpg 400w, https:\/\/www.tapasmagazine.es\/wp-content\/uploads\/2024\/03\/Tortitas-Jose-Andres-Longer-Tables.jpg 1200w\" sizes=\"(max-width: 1024px) 100vw, 1024px\" \/><\/figure>\n\n\n\n<p>Jos\u00e9 Andr\u00e9s points out that this dish is one of his essential proposals for breakfast and that, although olive oil is associated with savory dishes, it can also be served with sweet pancakes. In addition, the Asturian encourages you to make your own versions by adding toppings or syrups of your choice. His daughters, for example, opt for ounces or pieces of chocolate, red fruits and a good drizzle of honey.<\/p>\n\n\n\n<p>Do you also prepare your pancakes with oil instead of butter?<\/p>\n","protected":false},"excerpt":{"rendered":"<p>Click here to read the Spanish version.There is no better ambassador of Spanish gastronomy than Jos\u00e9 Andr\u00e9s. The Asturian chef is a standard bearer of traditional recipes and products of our country. Proof of this is the very Spanish ingredient that Jos\u00e9 Andr\u00e9s uses to prepare his favorite pancakes. The media chef has shared on [&hellip;]<\/p>\n","protected":false},"author":316,"featured_media":241054,"comment_status":"closed","ping_status":"closed","sticky":false,"template":"","format":"standard","meta":{"_acf_changed":false,"footnotes":""},"categories":[15848,15807,15851],"tags":[],"class_list":["post-241055","post","type-post","status-publish","format-standard","has-post-thumbnail","hentry","category-chefs-en","category-gastro-en","category-nombres-propios-en","cat-15848-id","cat-15807-id","cat-15851-id"],"acf":[],"yoast_head":"<!-- This site is optimized with the Yoast SEO plugin v27.4 - https:\/\/yoast.com\/product\/yoast-seo-wordpress\/ -->\n<title>These are Jos\u00e9 Andr\u00e9s&#039; favorite -and very Spanish- pancakes - Tapas<\/title>\n<meta name=\"description\" content=\"As a good ambassador of our gastronomy, the Asturian chef chooses a national product to elaborate his star pancakes.\" \/>\n<meta name=\"robots\" content=\"index, follow, max-snippet:-1, max-image-preview:large, max-video-preview:-1\" \/>\n<link rel=\"canonical\" href=\"https:\/\/www.tapasmagazine.es\/en\/these-are-jose-andres-favorite-and-very-spanish-pancakes\/\" \/>\n<meta property=\"og:locale\" content=\"en_US\" \/>\n<meta property=\"og:type\" content=\"article\" \/>\n<meta property=\"og:title\" content=\"These are Jos\u00e9 Andr\u00e9s&#039; favorite -and very Spanish- pancakes - Tapas\" \/>\n<meta property=\"og:description\" content=\"As a good ambassador of our gastronomy, the Asturian chef chooses a national product to elaborate his star pancakes.\" \/>\n<meta property=\"og:url\" content=\"https:\/\/www.tapasmagazine.es\/en\/these-are-jose-andres-favorite-and-very-spanish-pancakes\/\" \/>\n<meta property=\"og:site_name\" content=\"Tapas\" \/>\n<meta property=\"article:publisher\" content=\"https:\/\/www.facebook.com\/tapasmagazine\" \/>\n<meta property=\"article:published_time\" content=\"2024-03-13T15:49:43+00:00\" \/>\n<meta property=\"article:modified_time\" content=\"2024-03-13T15:53:39+00:00\" \/>\n<meta property=\"og:image\" content=\"https:\/\/www.tapasmagazine.es\/wp-content\/uploads\/2024\/03\/tortitas-1.jpg\" \/>\n\t<meta property=\"og:image:width\" content=\"1200\" \/>\n\t<meta property=\"og:image:height\" content=\"675\" \/>\n\t<meta property=\"og:image:type\" content=\"image\/jpeg\" \/>\n<meta name=\"author\" content=\"TAPAS MAGAZINE\" \/>\n<meta name=\"twitter:card\" content=\"summary_large_image\" \/>\n<meta name=\"twitter:creator\" content=\"@TapasMagazine\" \/>\n<meta name=\"twitter:site\" content=\"@TapasMagazine\" \/>\n<meta name=\"twitter:label1\" content=\"Written by\" \/>\n\t<meta name=\"twitter:data1\" content=\"TAPAS MAGAZINE\" \/>\n\t<meta name=\"twitter:label2\" content=\"Est. reading time\" \/>\n\t<meta name=\"twitter:data2\" content=\"2 minutes\" \/>\n<script type=\"application\/ld+json\" class=\"yoast-schema-graph\">{\"@context\":\"https:\\\/\\\/schema.org\",\"@graph\":[{\"@type\":\"Article\",\"@id\":\"https:\\\/\\\/www.tapasmagazine.es\\\/en\\\/these-are-jose-andres-favorite-and-very-spanish-pancakes\\\/#article\",\"isPartOf\":{\"@id\":\"https:\\\/\\\/www.tapasmagazine.es\\\/en\\\/these-are-jose-andres-favorite-and-very-spanish-pancakes\\\/\"},\"author\":{\"name\":\"TAPAS MAGAZINE\",\"@id\":\"https:\\\/\\\/www.tapasmagazine.es\\\/#\\\/schema\\\/person\\\/aa2878f43139547f5e6a3af3b7fd27ef\"},\"headline\":\"These are Jos\u00e9 Andr\u00e9s&#8217; favorite -and very Spanish- pancakes\",\"datePublished\":\"2024-03-13T15:49:43+00:00\",\"dateModified\":\"2024-03-13T15:53:39+00:00\",\"mainEntityOfPage\":{\"@id\":\"https:\\\/\\\/www.tapasmagazine.es\\\/en\\\/these-are-jose-andres-favorite-and-very-spanish-pancakes\\\/\"},\"wordCount\":204,\"publisher\":{\"@id\":\"https:\\\/\\\/www.tapasmagazine.es\\\/#organization\"},\"image\":{\"@id\":\"https:\\\/\\\/www.tapasmagazine.es\\\/en\\\/these-are-jose-andres-favorite-and-very-spanish-pancakes\\\/#primaryimage\"},\"thumbnailUrl\":\"https:\\\/\\\/www.tapasmagazine.es\\\/wp-content\\\/uploads\\\/2024\\\/03\\\/tortitas-1.jpg\",\"articleSection\":[\"Chefs\",\"Gastro\",\"Nombres propios\"],\"inLanguage\":\"en-US\"},{\"@type\":\"WebPage\",\"@id\":\"https:\\\/\\\/www.tapasmagazine.es\\\/en\\\/these-are-jose-andres-favorite-and-very-spanish-pancakes\\\/\",\"url\":\"https:\\\/\\\/www.tapasmagazine.es\\\/en\\\/these-are-jose-andres-favorite-and-very-spanish-pancakes\\\/\",\"name\":\"These are Jos\u00e9 Andr\u00e9s' favorite -and very Spanish- pancakes - Tapas\",\"isPartOf\":{\"@id\":\"https:\\\/\\\/www.tapasmagazine.es\\\/#website\"},\"primaryImageOfPage\":{\"@id\":\"https:\\\/\\\/www.tapasmagazine.es\\\/en\\\/these-are-jose-andres-favorite-and-very-spanish-pancakes\\\/#primaryimage\"},\"image\":{\"@id\":\"https:\\\/\\\/www.tapasmagazine.es\\\/en\\\/these-are-jose-andres-favorite-and-very-spanish-pancakes\\\/#primaryimage\"},\"thumbnailUrl\":\"https:\\\/\\\/www.tapasmagazine.es\\\/wp-content\\\/uploads\\\/2024\\\/03\\\/tortitas-1.jpg\",\"datePublished\":\"2024-03-13T15:49:43+00:00\",\"dateModified\":\"2024-03-13T15:53:39+00:00\",\"description\":\"As a good ambassador of our gastronomy, the Asturian chef chooses a national product to elaborate his star pancakes.\",\"breadcrumb\":{\"@id\":\"https:\\\/\\\/www.tapasmagazine.es\\\/en\\\/these-are-jose-andres-favorite-and-very-spanish-pancakes\\\/#breadcrumb\"},\"inLanguage\":\"en-US\",\"potentialAction\":[{\"@type\":\"ReadAction\",\"target\":[\"https:\\\/\\\/www.tapasmagazine.es\\\/en\\\/these-are-jose-andres-favorite-and-very-spanish-pancakes\\\/\"]}]},{\"@type\":\"ImageObject\",\"inLanguage\":\"en-US\",\"@id\":\"https:\\\/\\\/www.tapasmagazine.es\\\/en\\\/these-are-jose-andres-favorite-and-very-spanish-pancakes\\\/#primaryimage\",\"url\":\"https:\\\/\\\/www.tapasmagazine.es\\\/wp-content\\\/uploads\\\/2024\\\/03\\\/tortitas-1.jpg\",\"contentUrl\":\"https:\\\/\\\/www.tapasmagazine.es\\\/wp-content\\\/uploads\\\/2024\\\/03\\\/tortitas-1.jpg\",\"width\":1200,\"height\":675},{\"@type\":\"BreadcrumbList\",\"@id\":\"https:\\\/\\\/www.tapasmagazine.es\\\/en\\\/these-are-jose-andres-favorite-and-very-spanish-pancakes\\\/#breadcrumb\",\"itemListElement\":[{\"@type\":\"ListItem\",\"position\":1,\"name\":\"Portada\",\"item\":\"https:\\\/\\\/www.tapasmagazine.es\\\/\"},{\"@type\":\"ListItem\",\"position\":2,\"name\":\"Gastro\",\"item\":\"https:\\\/\\\/www.tapasmagazine.es\\\/en\\\/categorias\\\/gastro-en\\\/\"},{\"@type\":\"ListItem\",\"position\":3,\"name\":\"These are Jos\u00e9 Andr\u00e9s&#8217; favorite -and very Spanish- pancakes\"}]},{\"@type\":\"WebSite\",\"@id\":\"https:\\\/\\\/www.tapasmagazine.es\\\/#website\",\"url\":\"https:\\\/\\\/www.tapasmagazine.es\\\/\",\"name\":\"Tapas\",\"description\":\"\u00d1am \u00d1am Lifestyle. La vida a bocados. Premio Nacional de Gastronom\u00eda 2016.\",\"publisher\":{\"@id\":\"https:\\\/\\\/www.tapasmagazine.es\\\/#organization\"},\"potentialAction\":[{\"@type\":\"SearchAction\",\"target\":{\"@type\":\"EntryPoint\",\"urlTemplate\":\"https:\\\/\\\/www.tapasmagazine.es\\\/?s={search_term_string}\"},\"query-input\":{\"@type\":\"PropertyValueSpecification\",\"valueRequired\":true,\"valueName\":\"search_term_string\"}}],\"inLanguage\":\"en-US\"},{\"@type\":\"Organization\",\"@id\":\"https:\\\/\\\/www.tapasmagazine.es\\\/#organization\",\"name\":\"Tapas Magazine\",\"url\":\"https:\\\/\\\/www.tapasmagazine.es\\\/\",\"logo\":{\"@type\":\"ImageObject\",\"inLanguage\":\"en-US\",\"@id\":\"https:\\\/\\\/www.tapasmagazine.es\\\/#\\\/schema\\\/logo\\\/image\\\/\",\"url\":\"https:\\\/\\\/www.tapasmagazine.es\\\/wp-content\\\/uploads\\\/2018\\\/01\\\/logo.png\",\"contentUrl\":\"https:\\\/\\\/www.tapasmagazine.es\\\/wp-content\\\/uploads\\\/2018\\\/01\\\/logo.png\",\"width\":180,\"height\":60,\"caption\":\"Tapas Magazine\"},\"image\":{\"@id\":\"https:\\\/\\\/www.tapasmagazine.es\\\/#\\\/schema\\\/logo\\\/image\\\/\"},\"sameAs\":[\"https:\\\/\\\/www.facebook.com\\\/tapasmagazine\",\"https:\\\/\\\/x.com\\\/TapasMagazine\",\"https:\\\/\\\/www.instagram.com\\\/tapasmagazine\\\/\",\"https:\\\/\\\/www.linkedin.com\\\/company\\\/tapas-magazine\",\"https:\\\/\\\/es.pinterest.com\\\/tapasmagazine\\\/\",\"https:\\\/\\\/www.youtube.com\\\/channel\\\/UCEyxneAaACuR0lfDagrWjjg?sub_confirmation=1\"]},{\"@type\":\"Person\",\"@id\":\"https:\\\/\\\/www.tapasmagazine.es\\\/#\\\/schema\\\/person\\\/aa2878f43139547f5e6a3af3b7fd27ef\",\"name\":\"TAPAS MAGAZINE\",\"url\":\"https:\\\/\\\/www.tapasmagazine.es\\\/en\\\/author\\\/tapasmagazine\\\/\"}]}<\/script>\n<!-- \/ Yoast SEO plugin. -->","yoast_head_json":{"title":"These are Jos\u00e9 Andr\u00e9s' favorite -and very Spanish- pancakes - Tapas","description":"As a good ambassador of our gastronomy, the Asturian chef chooses a national product to elaborate his star pancakes.","robots":{"index":"index","follow":"follow","max-snippet":"max-snippet:-1","max-image-preview":"max-image-preview:large","max-video-preview":"max-video-preview:-1"},"canonical":"https:\/\/www.tapasmagazine.es\/en\/these-are-jose-andres-favorite-and-very-spanish-pancakes\/","og_locale":"en_US","og_type":"article","og_title":"These are Jos\u00e9 Andr\u00e9s' favorite -and very Spanish- pancakes - Tapas","og_description":"As a good ambassador of our gastronomy, the Asturian chef chooses a national product to elaborate his star pancakes.","og_url":"https:\/\/www.tapasmagazine.es\/en\/these-are-jose-andres-favorite-and-very-spanish-pancakes\/","og_site_name":"Tapas","article_publisher":"https:\/\/www.facebook.com\/tapasmagazine","article_published_time":"2024-03-13T15:49:43+00:00","article_modified_time":"2024-03-13T15:53:39+00:00","og_image":[{"width":1200,"height":675,"url":"https:\/\/www.tapasmagazine.es\/wp-content\/uploads\/2024\/03\/tortitas-1.jpg","type":"image\/jpeg"}],"author":"TAPAS MAGAZINE","twitter_card":"summary_large_image","twitter_creator":"@TapasMagazine","twitter_site":"@TapasMagazine","twitter_misc":{"Written by":"TAPAS MAGAZINE","Est. reading time":"2 minutes"},"schema":{"@context":"https:\/\/schema.org","@graph":[{"@type":"Article","@id":"https:\/\/www.tapasmagazine.es\/en\/these-are-jose-andres-favorite-and-very-spanish-pancakes\/#article","isPartOf":{"@id":"https:\/\/www.tapasmagazine.es\/en\/these-are-jose-andres-favorite-and-very-spanish-pancakes\/"},"author":{"name":"TAPAS MAGAZINE","@id":"https:\/\/www.tapasmagazine.es\/#\/schema\/person\/aa2878f43139547f5e6a3af3b7fd27ef"},"headline":"These are Jos\u00e9 Andr\u00e9s&#8217; favorite -and very Spanish- pancakes","datePublished":"2024-03-13T15:49:43+00:00","dateModified":"2024-03-13T15:53:39+00:00","mainEntityOfPage":{"@id":"https:\/\/www.tapasmagazine.es\/en\/these-are-jose-andres-favorite-and-very-spanish-pancakes\/"},"wordCount":204,"publisher":{"@id":"https:\/\/www.tapasmagazine.es\/#organization"},"image":{"@id":"https:\/\/www.tapasmagazine.es\/en\/these-are-jose-andres-favorite-and-very-spanish-pancakes\/#primaryimage"},"thumbnailUrl":"https:\/\/www.tapasmagazine.es\/wp-content\/uploads\/2024\/03\/tortitas-1.jpg","articleSection":["Chefs","Gastro","Nombres propios"],"inLanguage":"en-US"},{"@type":"WebPage","@id":"https:\/\/www.tapasmagazine.es\/en\/these-are-jose-andres-favorite-and-very-spanish-pancakes\/","url":"https:\/\/www.tapasmagazine.es\/en\/these-are-jose-andres-favorite-and-very-spanish-pancakes\/","name":"These are Jos\u00e9 Andr\u00e9s' favorite -and very Spanish- pancakes - Tapas","isPartOf":{"@id":"https:\/\/www.tapasmagazine.es\/#website"},"primaryImageOfPage":{"@id":"https:\/\/www.tapasmagazine.es\/en\/these-are-jose-andres-favorite-and-very-spanish-pancakes\/#primaryimage"},"image":{"@id":"https:\/\/www.tapasmagazine.es\/en\/these-are-jose-andres-favorite-and-very-spanish-pancakes\/#primaryimage"},"thumbnailUrl":"https:\/\/www.tapasmagazine.es\/wp-content\/uploads\/2024\/03\/tortitas-1.jpg","datePublished":"2024-03-13T15:49:43+00:00","dateModified":"2024-03-13T15:53:39+00:00","description":"As a good ambassador of our gastronomy, the Asturian chef chooses a national product to elaborate his star pancakes.","breadcrumb":{"@id":"https:\/\/www.tapasmagazine.es\/en\/these-are-jose-andres-favorite-and-very-spanish-pancakes\/#breadcrumb"},"inLanguage":"en-US","potentialAction":[{"@type":"ReadAction","target":["https:\/\/www.tapasmagazine.es\/en\/these-are-jose-andres-favorite-and-very-spanish-pancakes\/"]}]},{"@type":"ImageObject","inLanguage":"en-US","@id":"https:\/\/www.tapasmagazine.es\/en\/these-are-jose-andres-favorite-and-very-spanish-pancakes\/#primaryimage","url":"https:\/\/www.tapasmagazine.es\/wp-content\/uploads\/2024\/03\/tortitas-1.jpg","contentUrl":"https:\/\/www.tapasmagazine.es\/wp-content\/uploads\/2024\/03\/tortitas-1.jpg","width":1200,"height":675},{"@type":"BreadcrumbList","@id":"https:\/\/www.tapasmagazine.es\/en\/these-are-jose-andres-favorite-and-very-spanish-pancakes\/#breadcrumb","itemListElement":[{"@type":"ListItem","position":1,"name":"Portada","item":"https:\/\/www.tapasmagazine.es\/"},{"@type":"ListItem","position":2,"name":"Gastro","item":"https:\/\/www.tapasmagazine.es\/en\/categorias\/gastro-en\/"},{"@type":"ListItem","position":3,"name":"These are Jos\u00e9 Andr\u00e9s&#8217; favorite -and very Spanish- pancakes"}]},{"@type":"WebSite","@id":"https:\/\/www.tapasmagazine.es\/#website","url":"https:\/\/www.tapasmagazine.es\/","name":"Tapas","description":"\u00d1am \u00d1am Lifestyle. La vida a bocados. Premio Nacional de Gastronom\u00eda 2016.","publisher":{"@id":"https:\/\/www.tapasmagazine.es\/#organization"},"potentialAction":[{"@type":"SearchAction","target":{"@type":"EntryPoint","urlTemplate":"https:\/\/www.tapasmagazine.es\/?s={search_term_string}"},"query-input":{"@type":"PropertyValueSpecification","valueRequired":true,"valueName":"search_term_string"}}],"inLanguage":"en-US"},{"@type":"Organization","@id":"https:\/\/www.tapasmagazine.es\/#organization","name":"Tapas Magazine","url":"https:\/\/www.tapasmagazine.es\/","logo":{"@type":"ImageObject","inLanguage":"en-US","@id":"https:\/\/www.tapasmagazine.es\/#\/schema\/logo\/image\/","url":"https:\/\/www.tapasmagazine.es\/wp-content\/uploads\/2018\/01\/logo.png","contentUrl":"https:\/\/www.tapasmagazine.es\/wp-content\/uploads\/2018\/01\/logo.png","width":180,"height":60,"caption":"Tapas Magazine"},"image":{"@id":"https:\/\/www.tapasmagazine.es\/#\/schema\/logo\/image\/"},"sameAs":["https:\/\/www.facebook.com\/tapasmagazine","https:\/\/x.com\/TapasMagazine","https:\/\/www.instagram.com\/tapasmagazine\/","https:\/\/www.linkedin.com\/company\/tapas-magazine","https:\/\/es.pinterest.com\/tapasmagazine\/","https:\/\/www.youtube.com\/channel\/UCEyxneAaACuR0lfDagrWjjg?sub_confirmation=1"]},{"@type":"Person","@id":"https:\/\/www.tapasmagazine.es\/#\/schema\/person\/aa2878f43139547f5e6a3af3b7fd27ef","name":"TAPAS MAGAZINE","url":"https:\/\/www.tapasmagazine.es\/en\/author\/tapasmagazine\/"}]}},"_links":{"self":[{"href":"https:\/\/www.tapasmagazine.es\/en\/wp-json\/wp\/v2\/posts\/241055","targetHints":{"allow":["GET"]}}],"collection":[{"href":"https:\/\/www.tapasmagazine.es\/en\/wp-json\/wp\/v2\/posts"}],"about":[{"href":"https:\/\/www.tapasmagazine.es\/en\/wp-json\/wp\/v2\/types\/post"}],"author":[{"embeddable":true,"href":"https:\/\/www.tapasmagazine.es\/en\/wp-json\/wp\/v2\/users\/316"}],"replies":[{"embeddable":true,"href":"https:\/\/www.tapasmagazine.es\/en\/wp-json\/wp\/v2\/comments?post=241055"}],"version-history":[{"count":1,"href":"https:\/\/www.tapasmagazine.es\/en\/wp-json\/wp\/v2\/posts\/241055\/revisions"}],"predecessor-version":[{"id":241059,"href":"https:\/\/www.tapasmagazine.es\/en\/wp-json\/wp\/v2\/posts\/241055\/revisions\/241059"}],"wp:featuredmedia":[{"embeddable":true,"href":"https:\/\/www.tapasmagazine.es\/en\/wp-json\/wp\/v2\/media\/241054"}],"wp:attachment":[{"href":"https:\/\/www.tapasmagazine.es\/en\/wp-json\/wp\/v2\/media?parent=241055"}],"wp:term":[{"taxonomy":"category","embeddable":true,"href":"https:\/\/www.tapasmagazine.es\/en\/wp-json\/wp\/v2\/categories?post=241055"},{"taxonomy":"post_tag","embeddable":true,"href":"https:\/\/www.tapasmagazine.es\/en\/wp-json\/wp\/v2\/tags?post=241055"}],"curies":[{"name":"wp","href":"https:\/\/api.w.org\/{rel}","templated":true}]}}