{"id":240746,"date":"2024-03-12T11:30:41","date_gmt":"2024-03-12T10:30:41","guid":{"rendered":"https:\/\/www.tapasmagazine.es\/krispy-kreme-celebra-el-dia-de-san-patricio-con-donuts-tematicos\/"},"modified":"2024-03-12T11:36:16","modified_gmt":"2024-03-12T10:36:16","slug":"krispy-kreme-celebrates-st-patricks-day-themed-doughnuts","status":"publish","type":"post","link":"https:\/\/www.tapasmagazine.es\/en\/krispy-kreme-celebrates-st-patricks-day-themed-doughnuts\/","title":{"rendered":"Krispy Kreme celebrates St. Patrick&#8217;s Day with themed doughnuts"},"content":{"rendered":"\n<p><strong>Click <a href=\"https:\/\/www.tapasmagazine.es\/krispy-kreme-celebra-el-dia-de-san-patricio-con-donuts-tematicos\/\" target=\"_blank\" rel=\"noreferrer noopener\">here<\/a> to read the Spanish version.<\/strong><\/p>\n\n\n\n<p><strong>Krispy Kreme<\/strong>&#8216;s doughnut-shaped tribute showcases a series of lucky flavors marked by shamrocks and festive decorative motifs such as stars or icing drawn in an intense green.<\/p>\n\n\n\n<p>Within the U.S. chain&#8217;s special collection, we can find a glazed donut with green frosting entitled &#8216;<strong>Luck of the Rainbow<\/strong>&#8216;, which has rainbow sprinkles and a cloud-shaped icing. Another, called &#8216;<strong>Shooting Shamrock<\/strong>&#8216; with green frosting and topped with a sugared shamrock.<\/p>\n\n\n<div class=\"wp-block-image\">\n<figure class=\"aligncenter size-full is-resized\"><img decoding=\"async\" width=\"780\" height=\"438\" src=\"https:\/\/www.tapasmagazine.es\/wp-content\/uploads\/2024\/03\/krispy-kreme-st-patricks-day-2.webp\" alt=\"\" class=\"wp-image-240740\" style=\"width:1314px;height:auto\" srcset=\"https:\/\/www.tapasmagazine.es\/wp-content\/uploads\/2024\/03\/krispy-kreme-st-patricks-day-2.webp 780w, https:\/\/www.tapasmagazine.es\/wp-content\/uploads\/2024\/03\/krispy-kreme-st-patricks-day-2-300x168.webp 300w, https:\/\/www.tapasmagazine.es\/wp-content\/uploads\/2024\/03\/krispy-kreme-st-patricks-day-2-768x431.webp 768w, https:\/\/www.tapasmagazine.es\/wp-content\/uploads\/2024\/03\/krispy-kreme-st-patricks-day-2-400x225.webp 400w\" sizes=\"(max-width: 780px) 100vw, 780px\" \/><\/figure>\n<\/div>\n\n\n<p>The third treat is the &#8216;<strong>Shamrock Cookies &#8216;N Kreme<\/strong>&#8216; doughnut filled with Oreo cream; it features a white glaze with green shavings in the shape of a clover. The last donut, called &#8216;<strong>Plaid Party<\/strong>&#8216; features a chocolate glaze and cream filling, with a checkered pattern on top.<\/p>\n","protected":false},"excerpt":{"rendered":"<p>Click here to read the Spanish version. Krispy Kreme&#8216;s doughnut-shaped tribute showcases a series of lucky flavors marked by shamrocks and festive decorative motifs such as stars or icing drawn in an intense green. Within the U.S. chain&#8217;s special collection, we can find a glazed donut with green frosting entitled &#8216;Luck of the Rainbow&#8216;, which [&hellip;]<\/p>\n","protected":false},"author":285,"featured_media":240737,"comment_status":"closed","ping_status":"closed","sticky":false,"template":"","format":"standard","meta":{"_acf_changed":false,"footnotes":""},"categories":[15802,1],"tags":[18872],"class_list":["post-240746","post","type-post","status-publish","format-standard","has-post-thumbnail","hentry","category-news","category-sin-categorizar","tag-san-patricio-en","cat-15802-id","cat-1-id"],"acf":[],"yoast_head":"<!-- This site is optimized with the Yoast SEO plugin v27.4 - https:\/\/yoast.com\/product\/yoast-seo-wordpress\/ -->\n<title>Krispy Kreme celebrates St. Patrick&#039;s Day with themed doughnuts - Tapas<\/title>\n<meta name=\"description\" content=\"Click here to read the Spanish version. Krispy Kreme&#039;s doughnut-shaped tribute showcases a series of lucky flavors marked by shamrocks and festive\" \/>\n<meta name=\"robots\" content=\"index, follow, max-snippet:-1, max-image-preview:large, max-video-preview:-1\" \/>\n<link rel=\"canonical\" href=\"https:\/\/www.tapasmagazine.es\/en\/krispy-kreme-celebrates-st-patricks-day-themed-doughnuts\/\" \/>\n<meta property=\"og:locale\" content=\"en_US\" \/>\n<meta property=\"og:type\" content=\"article\" \/>\n<meta property=\"og:title\" content=\"Krispy Kreme celebrates St. Patrick&#039;s Day with themed doughnuts - Tapas\" \/>\n<meta property=\"og:description\" content=\"Click here to read the Spanish version. Krispy Kreme&#039;s doughnut-shaped tribute showcases a series of lucky flavors marked by shamrocks and festive\" \/>\n<meta property=\"og:url\" content=\"https:\/\/www.tapasmagazine.es\/en\/krispy-kreme-celebrates-st-patricks-day-themed-doughnuts\/\" \/>\n<meta property=\"og:site_name\" content=\"Tapas\" \/>\n<meta property=\"article:publisher\" content=\"https:\/\/www.facebook.com\/tapasmagazine\" \/>\n<meta property=\"article:published_time\" content=\"2024-03-12T10:30:41+00:00\" \/>\n<meta property=\"article:modified_time\" content=\"2024-03-12T10:36:16+00:00\" \/>\n<meta property=\"og:image\" content=\"https:\/\/www.tapasmagazine.es\/wp-content\/uploads\/2024\/03\/krispy-kreme-st-patricks-day-1.jpg\" \/>\n\t<meta property=\"og:image:width\" content=\"1200\" \/>\n\t<meta property=\"og:image:height\" content=\"675\" \/>\n\t<meta property=\"og:image:type\" content=\"image\/jpeg\" \/>\n<meta name=\"author\" content=\"Laura P\u00e9rez\" \/>\n<meta name=\"twitter:card\" content=\"summary_large_image\" \/>\n<meta name=\"twitter:creator\" content=\"@TapasMagazine\" \/>\n<meta name=\"twitter:site\" content=\"@TapasMagazine\" \/>\n<meta name=\"twitter:label1\" content=\"Written by\" \/>\n\t<meta name=\"twitter:data1\" content=\"Laura P\u00e9rez\" \/>\n\t<meta name=\"twitter:label2\" content=\"Est. reading time\" \/>\n\t<meta name=\"twitter:data2\" content=\"1 minute\" \/>\n<script type=\"application\/ld+json\" class=\"yoast-schema-graph\">{\"@context\":\"https:\\\/\\\/schema.org\",\"@graph\":[{\"@type\":\"Article\",\"@id\":\"https:\\\/\\\/www.tapasmagazine.es\\\/en\\\/krispy-kreme-celebrates-st-patricks-day-themed-doughnuts\\\/#article\",\"isPartOf\":{\"@id\":\"https:\\\/\\\/www.tapasmagazine.es\\\/en\\\/krispy-kreme-celebrates-st-patricks-day-themed-doughnuts\\\/\"},\"author\":{\"name\":\"Laura P\u00e9rez\",\"@id\":\"https:\\\/\\\/www.tapasmagazine.es\\\/#\\\/schema\\\/person\\\/eb46cbe76a9c8f062660eb609e3ecb4e\"},\"headline\":\"Krispy Kreme celebrates St. Patrick&#8217;s Day with themed doughnuts\",\"datePublished\":\"2024-03-12T10:30:41+00:00\",\"dateModified\":\"2024-03-12T10:36:16+00:00\",\"mainEntityOfPage\":{\"@id\":\"https:\\\/\\\/www.tapasmagazine.es\\\/en\\\/krispy-kreme-celebrates-st-patricks-day-themed-doughnuts\\\/\"},\"wordCount\":135,\"publisher\":{\"@id\":\"https:\\\/\\\/www.tapasmagazine.es\\\/#organization\"},\"image\":{\"@id\":\"https:\\\/\\\/www.tapasmagazine.es\\\/en\\\/krispy-kreme-celebrates-st-patricks-day-themed-doughnuts\\\/#primaryimage\"},\"thumbnailUrl\":\"https:\\\/\\\/www.tapasmagazine.es\\\/wp-content\\\/uploads\\\/2024\\\/03\\\/krispy-kreme-st-patricks-day-1.jpg\",\"keywords\":[\"San Patricio\"],\"articleSection\":[\"News\",\"Sin categorizar\"],\"inLanguage\":\"en-US\"},{\"@type\":\"WebPage\",\"@id\":\"https:\\\/\\\/www.tapasmagazine.es\\\/en\\\/krispy-kreme-celebrates-st-patricks-day-themed-doughnuts\\\/\",\"url\":\"https:\\\/\\\/www.tapasmagazine.es\\\/en\\\/krispy-kreme-celebrates-st-patricks-day-themed-doughnuts\\\/\",\"name\":\"Krispy Kreme celebrates St. Patrick's Day with themed doughnuts - Tapas\",\"isPartOf\":{\"@id\":\"https:\\\/\\\/www.tapasmagazine.es\\\/#website\"},\"primaryImageOfPage\":{\"@id\":\"https:\\\/\\\/www.tapasmagazine.es\\\/en\\\/krispy-kreme-celebrates-st-patricks-day-themed-doughnuts\\\/#primaryimage\"},\"image\":{\"@id\":\"https:\\\/\\\/www.tapasmagazine.es\\\/en\\\/krispy-kreme-celebrates-st-patricks-day-themed-doughnuts\\\/#primaryimage\"},\"thumbnailUrl\":\"https:\\\/\\\/www.tapasmagazine.es\\\/wp-content\\\/uploads\\\/2024\\\/03\\\/krispy-kreme-st-patricks-day-1.jpg\",\"datePublished\":\"2024-03-12T10:30:41+00:00\",\"dateModified\":\"2024-03-12T10:36:16+00:00\",\"description\":\"Click here to read the Spanish version. Krispy Kreme's doughnut-shaped tribute showcases a series of lucky flavors marked by shamrocks and festive\",\"breadcrumb\":{\"@id\":\"https:\\\/\\\/www.tapasmagazine.es\\\/en\\\/krispy-kreme-celebrates-st-patricks-day-themed-doughnuts\\\/#breadcrumb\"},\"inLanguage\":\"en-US\",\"potentialAction\":[{\"@type\":\"ReadAction\",\"target\":[\"https:\\\/\\\/www.tapasmagazine.es\\\/en\\\/krispy-kreme-celebrates-st-patricks-day-themed-doughnuts\\\/\"]}]},{\"@type\":\"ImageObject\",\"inLanguage\":\"en-US\",\"@id\":\"https:\\\/\\\/www.tapasmagazine.es\\\/en\\\/krispy-kreme-celebrates-st-patricks-day-themed-doughnuts\\\/#primaryimage\",\"url\":\"https:\\\/\\\/www.tapasmagazine.es\\\/wp-content\\\/uploads\\\/2024\\\/03\\\/krispy-kreme-st-patricks-day-1.jpg\",\"contentUrl\":\"https:\\\/\\\/www.tapasmagazine.es\\\/wp-content\\\/uploads\\\/2024\\\/03\\\/krispy-kreme-st-patricks-day-1.jpg\",\"width\":1200,\"height\":675},{\"@type\":\"BreadcrumbList\",\"@id\":\"https:\\\/\\\/www.tapasmagazine.es\\\/en\\\/krispy-kreme-celebrates-st-patricks-day-themed-doughnuts\\\/#breadcrumb\",\"itemListElement\":[{\"@type\":\"ListItem\",\"position\":1,\"name\":\"Portada\",\"item\":\"https:\\\/\\\/www.tapasmagazine.es\\\/\"},{\"@type\":\"ListItem\",\"position\":2,\"name\":\"Sin categorizar\",\"item\":\"https:\\\/\\\/www.tapasmagazine.es\\\/categorias\\\/sin-categorizar\\\/\"},{\"@type\":\"ListItem\",\"position\":3,\"name\":\"Krispy Kreme celebrates St. Patrick&#8217;s Day with themed doughnuts\"}]},{\"@type\":\"WebSite\",\"@id\":\"https:\\\/\\\/www.tapasmagazine.es\\\/#website\",\"url\":\"https:\\\/\\\/www.tapasmagazine.es\\\/\",\"name\":\"Tapas\",\"description\":\"\u00d1am \u00d1am Lifestyle. La vida a bocados. Premio Nacional de Gastronom\u00eda 2016.\",\"publisher\":{\"@id\":\"https:\\\/\\\/www.tapasmagazine.es\\\/#organization\"},\"potentialAction\":[{\"@type\":\"SearchAction\",\"target\":{\"@type\":\"EntryPoint\",\"urlTemplate\":\"https:\\\/\\\/www.tapasmagazine.es\\\/?s={search_term_string}\"},\"query-input\":{\"@type\":\"PropertyValueSpecification\",\"valueRequired\":true,\"valueName\":\"search_term_string\"}}],\"inLanguage\":\"en-US\"},{\"@type\":\"Organization\",\"@id\":\"https:\\\/\\\/www.tapasmagazine.es\\\/#organization\",\"name\":\"Tapas Magazine\",\"url\":\"https:\\\/\\\/www.tapasmagazine.es\\\/\",\"logo\":{\"@type\":\"ImageObject\",\"inLanguage\":\"en-US\",\"@id\":\"https:\\\/\\\/www.tapasmagazine.es\\\/#\\\/schema\\\/logo\\\/image\\\/\",\"url\":\"https:\\\/\\\/www.tapasmagazine.es\\\/wp-content\\\/uploads\\\/2018\\\/01\\\/logo.png\",\"contentUrl\":\"https:\\\/\\\/www.tapasmagazine.es\\\/wp-content\\\/uploads\\\/2018\\\/01\\\/logo.png\",\"width\":180,\"height\":60,\"caption\":\"Tapas Magazine\"},\"image\":{\"@id\":\"https:\\\/\\\/www.tapasmagazine.es\\\/#\\\/schema\\\/logo\\\/image\\\/\"},\"sameAs\":[\"https:\\\/\\\/www.facebook.com\\\/tapasmagazine\",\"https:\\\/\\\/x.com\\\/TapasMagazine\",\"https:\\\/\\\/www.instagram.com\\\/tapasmagazine\\\/\",\"https:\\\/\\\/www.linkedin.com\\\/company\\\/tapas-magazine\",\"https:\\\/\\\/es.pinterest.com\\\/tapasmagazine\\\/\",\"https:\\\/\\\/www.youtube.com\\\/channel\\\/UCEyxneAaACuR0lfDagrWjjg?sub_confirmation=1\"]},{\"@type\":\"Person\",\"@id\":\"https:\\\/\\\/www.tapasmagazine.es\\\/#\\\/schema\\\/person\\\/eb46cbe76a9c8f062660eb609e3ecb4e\",\"name\":\"Laura P\u00e9rez\",\"url\":\"https:\\\/\\\/www.tapasmagazine.es\\\/en\\\/author\\\/laura-perez\\\/\"}]}<\/script>\n<!-- \/ Yoast SEO plugin. -->","yoast_head_json":{"title":"Krispy Kreme celebrates St. Patrick's Day with themed doughnuts - Tapas","description":"Click here to read the Spanish version. Krispy Kreme's doughnut-shaped tribute showcases a series of lucky flavors marked by shamrocks and festive","robots":{"index":"index","follow":"follow","max-snippet":"max-snippet:-1","max-image-preview":"max-image-preview:large","max-video-preview":"max-video-preview:-1"},"canonical":"https:\/\/www.tapasmagazine.es\/en\/krispy-kreme-celebrates-st-patricks-day-themed-doughnuts\/","og_locale":"en_US","og_type":"article","og_title":"Krispy Kreme celebrates St. Patrick's Day with themed doughnuts - Tapas","og_description":"Click here to read the Spanish version. Krispy Kreme's doughnut-shaped tribute showcases a series of lucky flavors marked by shamrocks and festive","og_url":"https:\/\/www.tapasmagazine.es\/en\/krispy-kreme-celebrates-st-patricks-day-themed-doughnuts\/","og_site_name":"Tapas","article_publisher":"https:\/\/www.facebook.com\/tapasmagazine","article_published_time":"2024-03-12T10:30:41+00:00","article_modified_time":"2024-03-12T10:36:16+00:00","og_image":[{"width":1200,"height":675,"url":"https:\/\/www.tapasmagazine.es\/wp-content\/uploads\/2024\/03\/krispy-kreme-st-patricks-day-1.jpg","type":"image\/jpeg"}],"author":"Laura P\u00e9rez","twitter_card":"summary_large_image","twitter_creator":"@TapasMagazine","twitter_site":"@TapasMagazine","twitter_misc":{"Written by":"Laura P\u00e9rez","Est. reading time":"1 minute"},"schema":{"@context":"https:\/\/schema.org","@graph":[{"@type":"Article","@id":"https:\/\/www.tapasmagazine.es\/en\/krispy-kreme-celebrates-st-patricks-day-themed-doughnuts\/#article","isPartOf":{"@id":"https:\/\/www.tapasmagazine.es\/en\/krispy-kreme-celebrates-st-patricks-day-themed-doughnuts\/"},"author":{"name":"Laura P\u00e9rez","@id":"https:\/\/www.tapasmagazine.es\/#\/schema\/person\/eb46cbe76a9c8f062660eb609e3ecb4e"},"headline":"Krispy Kreme celebrates St. Patrick&#8217;s Day with themed doughnuts","datePublished":"2024-03-12T10:30:41+00:00","dateModified":"2024-03-12T10:36:16+00:00","mainEntityOfPage":{"@id":"https:\/\/www.tapasmagazine.es\/en\/krispy-kreme-celebrates-st-patricks-day-themed-doughnuts\/"},"wordCount":135,"publisher":{"@id":"https:\/\/www.tapasmagazine.es\/#organization"},"image":{"@id":"https:\/\/www.tapasmagazine.es\/en\/krispy-kreme-celebrates-st-patricks-day-themed-doughnuts\/#primaryimage"},"thumbnailUrl":"https:\/\/www.tapasmagazine.es\/wp-content\/uploads\/2024\/03\/krispy-kreme-st-patricks-day-1.jpg","keywords":["San Patricio"],"articleSection":["News","Sin categorizar"],"inLanguage":"en-US"},{"@type":"WebPage","@id":"https:\/\/www.tapasmagazine.es\/en\/krispy-kreme-celebrates-st-patricks-day-themed-doughnuts\/","url":"https:\/\/www.tapasmagazine.es\/en\/krispy-kreme-celebrates-st-patricks-day-themed-doughnuts\/","name":"Krispy Kreme celebrates St. Patrick's Day with themed doughnuts - Tapas","isPartOf":{"@id":"https:\/\/www.tapasmagazine.es\/#website"},"primaryImageOfPage":{"@id":"https:\/\/www.tapasmagazine.es\/en\/krispy-kreme-celebrates-st-patricks-day-themed-doughnuts\/#primaryimage"},"image":{"@id":"https:\/\/www.tapasmagazine.es\/en\/krispy-kreme-celebrates-st-patricks-day-themed-doughnuts\/#primaryimage"},"thumbnailUrl":"https:\/\/www.tapasmagazine.es\/wp-content\/uploads\/2024\/03\/krispy-kreme-st-patricks-day-1.jpg","datePublished":"2024-03-12T10:30:41+00:00","dateModified":"2024-03-12T10:36:16+00:00","description":"Click here to read the Spanish version. Krispy Kreme's doughnut-shaped tribute showcases a series of lucky flavors marked by shamrocks and festive","breadcrumb":{"@id":"https:\/\/www.tapasmagazine.es\/en\/krispy-kreme-celebrates-st-patricks-day-themed-doughnuts\/#breadcrumb"},"inLanguage":"en-US","potentialAction":[{"@type":"ReadAction","target":["https:\/\/www.tapasmagazine.es\/en\/krispy-kreme-celebrates-st-patricks-day-themed-doughnuts\/"]}]},{"@type":"ImageObject","inLanguage":"en-US","@id":"https:\/\/www.tapasmagazine.es\/en\/krispy-kreme-celebrates-st-patricks-day-themed-doughnuts\/#primaryimage","url":"https:\/\/www.tapasmagazine.es\/wp-content\/uploads\/2024\/03\/krispy-kreme-st-patricks-day-1.jpg","contentUrl":"https:\/\/www.tapasmagazine.es\/wp-content\/uploads\/2024\/03\/krispy-kreme-st-patricks-day-1.jpg","width":1200,"height":675},{"@type":"BreadcrumbList","@id":"https:\/\/www.tapasmagazine.es\/en\/krispy-kreme-celebrates-st-patricks-day-themed-doughnuts\/#breadcrumb","itemListElement":[{"@type":"ListItem","position":1,"name":"Portada","item":"https:\/\/www.tapasmagazine.es\/"},{"@type":"ListItem","position":2,"name":"Sin categorizar","item":"https:\/\/www.tapasmagazine.es\/categorias\/sin-categorizar\/"},{"@type":"ListItem","position":3,"name":"Krispy Kreme celebrates St. Patrick&#8217;s Day with themed doughnuts"}]},{"@type":"WebSite","@id":"https:\/\/www.tapasmagazine.es\/#website","url":"https:\/\/www.tapasmagazine.es\/","name":"Tapas","description":"\u00d1am \u00d1am Lifestyle. La vida a bocados. Premio Nacional de Gastronom\u00eda 2016.","publisher":{"@id":"https:\/\/www.tapasmagazine.es\/#organization"},"potentialAction":[{"@type":"SearchAction","target":{"@type":"EntryPoint","urlTemplate":"https:\/\/www.tapasmagazine.es\/?s={search_term_string}"},"query-input":{"@type":"PropertyValueSpecification","valueRequired":true,"valueName":"search_term_string"}}],"inLanguage":"en-US"},{"@type":"Organization","@id":"https:\/\/www.tapasmagazine.es\/#organization","name":"Tapas Magazine","url":"https:\/\/www.tapasmagazine.es\/","logo":{"@type":"ImageObject","inLanguage":"en-US","@id":"https:\/\/www.tapasmagazine.es\/#\/schema\/logo\/image\/","url":"https:\/\/www.tapasmagazine.es\/wp-content\/uploads\/2018\/01\/logo.png","contentUrl":"https:\/\/www.tapasmagazine.es\/wp-content\/uploads\/2018\/01\/logo.png","width":180,"height":60,"caption":"Tapas Magazine"},"image":{"@id":"https:\/\/www.tapasmagazine.es\/#\/schema\/logo\/image\/"},"sameAs":["https:\/\/www.facebook.com\/tapasmagazine","https:\/\/x.com\/TapasMagazine","https:\/\/www.instagram.com\/tapasmagazine\/","https:\/\/www.linkedin.com\/company\/tapas-magazine","https:\/\/es.pinterest.com\/tapasmagazine\/","https:\/\/www.youtube.com\/channel\/UCEyxneAaACuR0lfDagrWjjg?sub_confirmation=1"]},{"@type":"Person","@id":"https:\/\/www.tapasmagazine.es\/#\/schema\/person\/eb46cbe76a9c8f062660eb609e3ecb4e","name":"Laura P\u00e9rez","url":"https:\/\/www.tapasmagazine.es\/en\/author\/laura-perez\/"}]}},"_links":{"self":[{"href":"https:\/\/www.tapasmagazine.es\/en\/wp-json\/wp\/v2\/posts\/240746","targetHints":{"allow":["GET"]}}],"collection":[{"href":"https:\/\/www.tapasmagazine.es\/en\/wp-json\/wp\/v2\/posts"}],"about":[{"href":"https:\/\/www.tapasmagazine.es\/en\/wp-json\/wp\/v2\/types\/post"}],"author":[{"embeddable":true,"href":"https:\/\/www.tapasmagazine.es\/en\/wp-json\/wp\/v2\/users\/285"}],"replies":[{"embeddable":true,"href":"https:\/\/www.tapasmagazine.es\/en\/wp-json\/wp\/v2\/comments?post=240746"}],"version-history":[{"count":1,"href":"https:\/\/www.tapasmagazine.es\/en\/wp-json\/wp\/v2\/posts\/240746\/revisions"}],"predecessor-version":[{"id":240754,"href":"https:\/\/www.tapasmagazine.es\/en\/wp-json\/wp\/v2\/posts\/240746\/revisions\/240754"}],"wp:featuredmedia":[{"embeddable":true,"href":"https:\/\/www.tapasmagazine.es\/en\/wp-json\/wp\/v2\/media\/240737"}],"wp:attachment":[{"href":"https:\/\/www.tapasmagazine.es\/en\/wp-json\/wp\/v2\/media?parent=240746"}],"wp:term":[{"taxonomy":"category","embeddable":true,"href":"https:\/\/www.tapasmagazine.es\/en\/wp-json\/wp\/v2\/categories?post=240746"},{"taxonomy":"post_tag","embeddable":true,"href":"https:\/\/www.tapasmagazine.es\/en\/wp-json\/wp\/v2\/tags?post=240746"}],"curies":[{"name":"wp","href":"https:\/\/api.w.org\/{rel}","templated":true}]}}