{"id":240603,"date":"2024-03-11T14:13:08","date_gmt":"2024-03-11T13:13:08","guid":{"rendered":"https:\/\/www.tapasmagazine.es\/binu-historia-de-dos-estrellas-el-documental-sobre-la-resistencia-culinaria-que-brilla-en-el-festival-de-malaga\/"},"modified":"2024-03-11T14:17:32","modified_gmt":"2024-03-11T13:17:32","slug":"binu-historia-de-dos-estrellas-documentary-culinary-resistence-shines-malaga-festival","status":"publish","type":"post","link":"https:\/\/www.tapasmagazine.es\/en\/binu-historia-de-dos-estrellas-documentary-culinary-resistence-shines-malaga-festival\/","title":{"rendered":"\u2018Binu, Historia de dos estrellas\u2019, the documentary on culinary resistance that shines at the Malaga Festival"},"content":{"rendered":"\n<p><strong>Click <a href=\"https:\/\/www.tapasmagazine.es\/binu-historia-de-dos-estrellas-el-documental-sobre-la-resistencia-culinaria-que-brilla-en-el-festival-de-malaga\/\" target=\"_blank\" rel=\"noreferrer noopener\">here<\/a> to read the Spanish version.<\/strong><\/p>\n\n\n\n<p>This documentary directed by <strong>Mar Clap\u00e9s<\/strong> and <strong>Guillem Cabra<\/strong>, tells the cathartic story of faith, love and resistance of the current owners of the restaurant <strong>El Rac\u00f3 d&#8217;en Binu<\/strong>. Since its origins in 1970, this institution of French cuisine has been run by<strong> Francesc Fort\u00ed Carbonell<\/strong>, its chef for 60 years -who is part of its sixth generation of chefs- and<strong> Francina Suri\u00f1ach Serra<\/strong>, head waitress for 59 years.<\/p>\n\n\n\n<p>The film &#8216;<strong>Binu, Historia de dos estrellas<\/strong>&#8216; presented at the <strong>Malaga Festival<\/strong> in the &#8216;<strong>Cinema Cocina<\/strong>&#8216; section has dazzled above the rest for the depth of its approach, transcending the restaurant itself, to focus on the story of culinary resistance starring the couple formed by Francesc and Francina.<\/p>\n\n\n<div class=\"wp-block-image\">\n<figure class=\"aligncenter size-large is-resized\"><img decoding=\"async\" width=\"1024\" height=\"576\" src=\"https:\/\/www.tapasmagazine.es\/wp-content\/uploads\/2024\/03\/binu-historia-dos-estrellas-4-1024x576.webp\" alt=\"\" class=\"wp-image-240588\" style=\"width:1148px;height:auto\" srcset=\"https:\/\/www.tapasmagazine.es\/wp-content\/uploads\/2024\/03\/binu-historia-dos-estrellas-4-1024x576.webp 1024w, https:\/\/www.tapasmagazine.es\/wp-content\/uploads\/2024\/03\/binu-historia-dos-estrellas-4-300x169.webp 300w, https:\/\/www.tapasmagazine.es\/wp-content\/uploads\/2024\/03\/binu-historia-dos-estrellas-4-768x432.webp 768w, https:\/\/www.tapasmagazine.es\/wp-content\/uploads\/2024\/03\/binu-historia-dos-estrellas-4-1536x864.webp 1536w, https:\/\/www.tapasmagazine.es\/wp-content\/uploads\/2024\/03\/binu-historia-dos-estrellas-4-1200x675.webp 1200w, https:\/\/www.tapasmagazine.es\/wp-content\/uploads\/2024\/03\/binu-historia-dos-estrellas-4-1000x563.webp 1000w, https:\/\/www.tapasmagazine.es\/wp-content\/uploads\/2024\/03\/binu-historia-dos-estrellas-4-400x225.webp 400w, https:\/\/www.tapasmagazine.es\/wp-content\/uploads\/2024\/03\/binu-historia-dos-estrellas-4.webp 1600w\" sizes=\"(max-width: 1024px) 100vw, 1024px\" \/><\/figure>\n<\/div>\n\n\n<h2 class=\"wp-block-heading\">Binu stars<\/h2>\n\n\n\n<p><strong>El Binu<\/strong>, as this restaurant located in Argentona is known, was a Michelin star pioneer in Catalonia. In fact, it was awarded two stars, although it lost one a few years later and decided to decline the other.<\/p>\n\n\n\n<p>Inspired by the emblematic cuisine of <strong>Auguste Escoffier<\/strong>, Chef Fort\u00ed was one of the first Catalan chefs to serve in his restaurant dishes such as orange souffl\u00e9, lobster gratin, prawn cocktail, crepes or the well-known garottes. Elaborations that would end up representing his identity, and rising to prominence on the national scene.<\/p>\n\n\n<div class=\"wp-block-image\">\n<figure class=\"aligncenter size-large is-resized\"><img decoding=\"async\" width=\"1024\" height=\"434\" src=\"https:\/\/www.tapasmagazine.es\/wp-content\/uploads\/2024\/03\/binu-historia-dos-estrellas-2-1024x434.jpg\" alt=\"\" class=\"wp-image-240592\" style=\"width:992px;height:auto\" srcset=\"https:\/\/www.tapasmagazine.es\/wp-content\/uploads\/2024\/03\/binu-historia-dos-estrellas-2-1024x434.jpg 1024w, https:\/\/www.tapasmagazine.es\/wp-content\/uploads\/2024\/03\/binu-historia-dos-estrellas-2-300x127.jpg 300w, https:\/\/www.tapasmagazine.es\/wp-content\/uploads\/2024\/03\/binu-historia-dos-estrellas-2-768x326.jpg 768w, https:\/\/www.tapasmagazine.es\/wp-content\/uploads\/2024\/03\/binu-historia-dos-estrellas-2-1536x651.jpg 1536w, https:\/\/www.tapasmagazine.es\/wp-content\/uploads\/2024\/03\/binu-historia-dos-estrellas-2-2048x868.jpg 2048w, https:\/\/www.tapasmagazine.es\/wp-content\/uploads\/2024\/03\/binu-historia-dos-estrellas-2-1000x424.jpg 1000w, https:\/\/www.tapasmagazine.es\/wp-content\/uploads\/2024\/03\/binu-historia-dos-estrellas-2-400x170.jpg 400w\" sizes=\"(max-width: 1024px) 100vw, 1024px\" \/><\/figure>\n<\/div>\n\n\n<p>However, it has not been an easy road for this restaurant marked by decadence. Its neighbors and a quarrel between the Fort\u00ed brothers led to rumors of its closure, which would eventually become a reality. The chef would then go on to cook his dishes for others.<\/p>\n\n\n\n<p>Now, coinciding with its <strong>50th anniversary<\/strong>, Binu reflects this new era in which it has once again gained followers and fame, starring in a second boom projected in this film; which, according to its directors, is presented as a story of love and resistance. As a portrait of a couple with character who live with their backs to trends and enjoy maintaining the essence of a cuisine found nowhere else.<\/p>\n","protected":false},"excerpt":{"rendered":"<p>Click here to read the Spanish version. This documentary directed by Mar Clap\u00e9s and Guillem Cabra, tells the cathartic story of faith, love and resistance of the current owners of the restaurant El Rac\u00f3 d&#8217;en Binu. Since its origins in 1970, this institution of French cuisine has been run by Francesc Fort\u00ed Carbonell, its chef [&hellip;]<\/p>\n","protected":false},"author":285,"featured_media":240591,"comment_status":"closed","ping_status":"closed","sticky":false,"template":"","format":"standard","meta":{"_acf_changed":false,"footnotes":""},"categories":[15802,1],"tags":[18079,15837,15824,15803],"class_list":["post-240603","post","type-post","status-publish","format-standard","has-post-thumbnail","hentry","category-news","category-sin-categorizar","tag-cataluna-en","tag-cine-en","tag-gastronomia-en","tag-restaurants","cat-15802-id","cat-1-id"],"acf":[],"yoast_head":"<!-- This site is optimized with the Yoast SEO plugin v27.4 - https:\/\/yoast.com\/product\/yoast-seo-wordpress\/ -->\n<title>\u2018Binu, Historia de dos estrellas\u2019, the documentary on culinary resistance that shines at the Malaga Festival - Tapas<\/title>\n<meta name=\"description\" content=\"Click here to read the Spanish version. This documentary directed by Mar Clap\u00e9s and Guillem Cabra, tells the cathartic story of faith, love and resistance\" \/>\n<meta name=\"robots\" content=\"index, follow, max-snippet:-1, max-image-preview:large, max-video-preview:-1\" \/>\n<link rel=\"canonical\" href=\"https:\/\/www.tapasmagazine.es\/en\/binu-historia-de-dos-estrellas-documentary-culinary-resistence-shines-malaga-festival\/\" \/>\n<meta property=\"og:locale\" content=\"en_US\" \/>\n<meta property=\"og:type\" content=\"article\" \/>\n<meta property=\"og:title\" content=\"\u2018Binu, Historia de dos estrellas\u2019, the documentary on culinary resistance that shines at the Malaga Festival - Tapas\" \/>\n<meta property=\"og:description\" content=\"Click here to read the Spanish version. This documentary directed by Mar Clap\u00e9s and Guillem Cabra, tells the cathartic story of faith, love and resistance\" \/>\n<meta property=\"og:url\" content=\"https:\/\/www.tapasmagazine.es\/en\/binu-historia-de-dos-estrellas-documentary-culinary-resistence-shines-malaga-festival\/\" \/>\n<meta property=\"og:site_name\" content=\"Tapas\" \/>\n<meta property=\"article:publisher\" content=\"https:\/\/www.facebook.com\/tapasmagazine\" \/>\n<meta property=\"article:published_time\" content=\"2024-03-11T13:13:08+00:00\" \/>\n<meta property=\"article:modified_time\" content=\"2024-03-11T13:17:32+00:00\" \/>\n<meta property=\"og:image\" content=\"https:\/\/www.tapasmagazine.es\/wp-content\/uploads\/2024\/03\/binu-historia-dos-estrellas-1.jpg\" \/>\n\t<meta property=\"og:image:width\" content=\"1200\" \/>\n\t<meta property=\"og:image:height\" content=\"675\" \/>\n\t<meta property=\"og:image:type\" content=\"image\/jpeg\" \/>\n<meta name=\"author\" content=\"Laura P\u00e9rez\" \/>\n<meta name=\"twitter:card\" content=\"summary_large_image\" \/>\n<meta name=\"twitter:creator\" content=\"@TapasMagazine\" \/>\n<meta name=\"twitter:site\" content=\"@TapasMagazine\" \/>\n<meta name=\"twitter:label1\" content=\"Written by\" \/>\n\t<meta name=\"twitter:data1\" content=\"Laura P\u00e9rez\" \/>\n\t<meta name=\"twitter:label2\" content=\"Est. reading time\" \/>\n\t<meta name=\"twitter:data2\" content=\"3 minutes\" \/>\n<script type=\"application\/ld+json\" class=\"yoast-schema-graph\">{\"@context\":\"https:\\\/\\\/schema.org\",\"@graph\":[{\"@type\":\"Article\",\"@id\":\"https:\\\/\\\/www.tapasmagazine.es\\\/en\\\/binu-historia-de-dos-estrellas-documentary-culinary-resistence-shines-malaga-festival\\\/#article\",\"isPartOf\":{\"@id\":\"https:\\\/\\\/www.tapasmagazine.es\\\/en\\\/binu-historia-de-dos-estrellas-documentary-culinary-resistence-shines-malaga-festival\\\/\"},\"author\":{\"name\":\"Laura P\u00e9rez\",\"@id\":\"https:\\\/\\\/www.tapasmagazine.es\\\/#\\\/schema\\\/person\\\/eb46cbe76a9c8f062660eb609e3ecb4e\"},\"headline\":\"\u2018Binu, Historia de dos estrellas\u2019, the documentary on culinary resistance that shines at the Malaga Festival\",\"datePublished\":\"2024-03-11T13:13:08+00:00\",\"dateModified\":\"2024-03-11T13:17:32+00:00\",\"mainEntityOfPage\":{\"@id\":\"https:\\\/\\\/www.tapasmagazine.es\\\/en\\\/binu-historia-de-dos-estrellas-documentary-culinary-resistence-shines-malaga-festival\\\/\"},\"wordCount\":349,\"publisher\":{\"@id\":\"https:\\\/\\\/www.tapasmagazine.es\\\/#organization\"},\"image\":{\"@id\":\"https:\\\/\\\/www.tapasmagazine.es\\\/en\\\/binu-historia-de-dos-estrellas-documentary-culinary-resistence-shines-malaga-festival\\\/#primaryimage\"},\"thumbnailUrl\":\"https:\\\/\\\/www.tapasmagazine.es\\\/wp-content\\\/uploads\\\/2024\\\/03\\\/binu-historia-dos-estrellas-1.jpg\",\"keywords\":[\"Catalu\u00f1a\",\"cine\",\"gastronom\u00eda\",\"restaurants\"],\"articleSection\":[\"News\",\"Sin categorizar\"],\"inLanguage\":\"en-US\"},{\"@type\":\"WebPage\",\"@id\":\"https:\\\/\\\/www.tapasmagazine.es\\\/en\\\/binu-historia-de-dos-estrellas-documentary-culinary-resistence-shines-malaga-festival\\\/\",\"url\":\"https:\\\/\\\/www.tapasmagazine.es\\\/en\\\/binu-historia-de-dos-estrellas-documentary-culinary-resistence-shines-malaga-festival\\\/\",\"name\":\"\u2018Binu, Historia de dos estrellas\u2019, the documentary on culinary resistance that shines at the Malaga Festival - Tapas\",\"isPartOf\":{\"@id\":\"https:\\\/\\\/www.tapasmagazine.es\\\/#website\"},\"primaryImageOfPage\":{\"@id\":\"https:\\\/\\\/www.tapasmagazine.es\\\/en\\\/binu-historia-de-dos-estrellas-documentary-culinary-resistence-shines-malaga-festival\\\/#primaryimage\"},\"image\":{\"@id\":\"https:\\\/\\\/www.tapasmagazine.es\\\/en\\\/binu-historia-de-dos-estrellas-documentary-culinary-resistence-shines-malaga-festival\\\/#primaryimage\"},\"thumbnailUrl\":\"https:\\\/\\\/www.tapasmagazine.es\\\/wp-content\\\/uploads\\\/2024\\\/03\\\/binu-historia-dos-estrellas-1.jpg\",\"datePublished\":\"2024-03-11T13:13:08+00:00\",\"dateModified\":\"2024-03-11T13:17:32+00:00\",\"description\":\"Click here to read the Spanish version. This documentary directed by Mar Clap\u00e9s and Guillem Cabra, tells the cathartic story of faith, love and resistance\",\"breadcrumb\":{\"@id\":\"https:\\\/\\\/www.tapasmagazine.es\\\/en\\\/binu-historia-de-dos-estrellas-documentary-culinary-resistence-shines-malaga-festival\\\/#breadcrumb\"},\"inLanguage\":\"en-US\",\"potentialAction\":[{\"@type\":\"ReadAction\",\"target\":[\"https:\\\/\\\/www.tapasmagazine.es\\\/en\\\/binu-historia-de-dos-estrellas-documentary-culinary-resistence-shines-malaga-festival\\\/\"]}]},{\"@type\":\"ImageObject\",\"inLanguage\":\"en-US\",\"@id\":\"https:\\\/\\\/www.tapasmagazine.es\\\/en\\\/binu-historia-de-dos-estrellas-documentary-culinary-resistence-shines-malaga-festival\\\/#primaryimage\",\"url\":\"https:\\\/\\\/www.tapasmagazine.es\\\/wp-content\\\/uploads\\\/2024\\\/03\\\/binu-historia-dos-estrellas-1.jpg\",\"contentUrl\":\"https:\\\/\\\/www.tapasmagazine.es\\\/wp-content\\\/uploads\\\/2024\\\/03\\\/binu-historia-dos-estrellas-1.jpg\",\"width\":1200,\"height\":675},{\"@type\":\"BreadcrumbList\",\"@id\":\"https:\\\/\\\/www.tapasmagazine.es\\\/en\\\/binu-historia-de-dos-estrellas-documentary-culinary-resistence-shines-malaga-festival\\\/#breadcrumb\",\"itemListElement\":[{\"@type\":\"ListItem\",\"position\":1,\"name\":\"Portada\",\"item\":\"https:\\\/\\\/www.tapasmagazine.es\\\/\"},{\"@type\":\"ListItem\",\"position\":2,\"name\":\"Sin categorizar\",\"item\":\"https:\\\/\\\/www.tapasmagazine.es\\\/categorias\\\/sin-categorizar\\\/\"},{\"@type\":\"ListItem\",\"position\":3,\"name\":\"\u2018Binu, Historia de dos estrellas\u2019, the documentary on culinary resistance that shines at the Malaga Festival\"}]},{\"@type\":\"WebSite\",\"@id\":\"https:\\\/\\\/www.tapasmagazine.es\\\/#website\",\"url\":\"https:\\\/\\\/www.tapasmagazine.es\\\/\",\"name\":\"Tapas\",\"description\":\"\u00d1am \u00d1am Lifestyle. La vida a bocados. Premio Nacional de Gastronom\u00eda 2016.\",\"publisher\":{\"@id\":\"https:\\\/\\\/www.tapasmagazine.es\\\/#organization\"},\"potentialAction\":[{\"@type\":\"SearchAction\",\"target\":{\"@type\":\"EntryPoint\",\"urlTemplate\":\"https:\\\/\\\/www.tapasmagazine.es\\\/?s={search_term_string}\"},\"query-input\":{\"@type\":\"PropertyValueSpecification\",\"valueRequired\":true,\"valueName\":\"search_term_string\"}}],\"inLanguage\":\"en-US\"},{\"@type\":\"Organization\",\"@id\":\"https:\\\/\\\/www.tapasmagazine.es\\\/#organization\",\"name\":\"Tapas Magazine\",\"url\":\"https:\\\/\\\/www.tapasmagazine.es\\\/\",\"logo\":{\"@type\":\"ImageObject\",\"inLanguage\":\"en-US\",\"@id\":\"https:\\\/\\\/www.tapasmagazine.es\\\/#\\\/schema\\\/logo\\\/image\\\/\",\"url\":\"https:\\\/\\\/www.tapasmagazine.es\\\/wp-content\\\/uploads\\\/2018\\\/01\\\/logo.png\",\"contentUrl\":\"https:\\\/\\\/www.tapasmagazine.es\\\/wp-content\\\/uploads\\\/2018\\\/01\\\/logo.png\",\"width\":180,\"height\":60,\"caption\":\"Tapas Magazine\"},\"image\":{\"@id\":\"https:\\\/\\\/www.tapasmagazine.es\\\/#\\\/schema\\\/logo\\\/image\\\/\"},\"sameAs\":[\"https:\\\/\\\/www.facebook.com\\\/tapasmagazine\",\"https:\\\/\\\/x.com\\\/TapasMagazine\",\"https:\\\/\\\/www.instagram.com\\\/tapasmagazine\\\/\",\"https:\\\/\\\/www.linkedin.com\\\/company\\\/tapas-magazine\",\"https:\\\/\\\/es.pinterest.com\\\/tapasmagazine\\\/\",\"https:\\\/\\\/www.youtube.com\\\/channel\\\/UCEyxneAaACuR0lfDagrWjjg?sub_confirmation=1\"]},{\"@type\":\"Person\",\"@id\":\"https:\\\/\\\/www.tapasmagazine.es\\\/#\\\/schema\\\/person\\\/eb46cbe76a9c8f062660eb609e3ecb4e\",\"name\":\"Laura P\u00e9rez\",\"url\":\"https:\\\/\\\/www.tapasmagazine.es\\\/en\\\/author\\\/laura-perez\\\/\"}]}<\/script>\n<!-- \/ Yoast SEO plugin. -->","yoast_head_json":{"title":"\u2018Binu, Historia de dos estrellas\u2019, the documentary on culinary resistance that shines at the Malaga Festival - Tapas","description":"Click here to read the Spanish version. This documentary directed by Mar Clap\u00e9s and Guillem Cabra, tells the cathartic story of faith, love and resistance","robots":{"index":"index","follow":"follow","max-snippet":"max-snippet:-1","max-image-preview":"max-image-preview:large","max-video-preview":"max-video-preview:-1"},"canonical":"https:\/\/www.tapasmagazine.es\/en\/binu-historia-de-dos-estrellas-documentary-culinary-resistence-shines-malaga-festival\/","og_locale":"en_US","og_type":"article","og_title":"\u2018Binu, Historia de dos estrellas\u2019, the documentary on culinary resistance that shines at the Malaga Festival - Tapas","og_description":"Click here to read the Spanish version. This documentary directed by Mar Clap\u00e9s and Guillem Cabra, tells the cathartic story of faith, love and resistance","og_url":"https:\/\/www.tapasmagazine.es\/en\/binu-historia-de-dos-estrellas-documentary-culinary-resistence-shines-malaga-festival\/","og_site_name":"Tapas","article_publisher":"https:\/\/www.facebook.com\/tapasmagazine","article_published_time":"2024-03-11T13:13:08+00:00","article_modified_time":"2024-03-11T13:17:32+00:00","og_image":[{"width":1200,"height":675,"url":"https:\/\/www.tapasmagazine.es\/wp-content\/uploads\/2024\/03\/binu-historia-dos-estrellas-1.jpg","type":"image\/jpeg"}],"author":"Laura P\u00e9rez","twitter_card":"summary_large_image","twitter_creator":"@TapasMagazine","twitter_site":"@TapasMagazine","twitter_misc":{"Written by":"Laura P\u00e9rez","Est. reading time":"3 minutes"},"schema":{"@context":"https:\/\/schema.org","@graph":[{"@type":"Article","@id":"https:\/\/www.tapasmagazine.es\/en\/binu-historia-de-dos-estrellas-documentary-culinary-resistence-shines-malaga-festival\/#article","isPartOf":{"@id":"https:\/\/www.tapasmagazine.es\/en\/binu-historia-de-dos-estrellas-documentary-culinary-resistence-shines-malaga-festival\/"},"author":{"name":"Laura P\u00e9rez","@id":"https:\/\/www.tapasmagazine.es\/#\/schema\/person\/eb46cbe76a9c8f062660eb609e3ecb4e"},"headline":"\u2018Binu, Historia de dos estrellas\u2019, the documentary on culinary resistance that shines at the Malaga Festival","datePublished":"2024-03-11T13:13:08+00:00","dateModified":"2024-03-11T13:17:32+00:00","mainEntityOfPage":{"@id":"https:\/\/www.tapasmagazine.es\/en\/binu-historia-de-dos-estrellas-documentary-culinary-resistence-shines-malaga-festival\/"},"wordCount":349,"publisher":{"@id":"https:\/\/www.tapasmagazine.es\/#organization"},"image":{"@id":"https:\/\/www.tapasmagazine.es\/en\/binu-historia-de-dos-estrellas-documentary-culinary-resistence-shines-malaga-festival\/#primaryimage"},"thumbnailUrl":"https:\/\/www.tapasmagazine.es\/wp-content\/uploads\/2024\/03\/binu-historia-dos-estrellas-1.jpg","keywords":["Catalu\u00f1a","cine","gastronom\u00eda","restaurants"],"articleSection":["News","Sin categorizar"],"inLanguage":"en-US"},{"@type":"WebPage","@id":"https:\/\/www.tapasmagazine.es\/en\/binu-historia-de-dos-estrellas-documentary-culinary-resistence-shines-malaga-festival\/","url":"https:\/\/www.tapasmagazine.es\/en\/binu-historia-de-dos-estrellas-documentary-culinary-resistence-shines-malaga-festival\/","name":"\u2018Binu, Historia de dos estrellas\u2019, the documentary on culinary resistance that shines at the Malaga Festival - Tapas","isPartOf":{"@id":"https:\/\/www.tapasmagazine.es\/#website"},"primaryImageOfPage":{"@id":"https:\/\/www.tapasmagazine.es\/en\/binu-historia-de-dos-estrellas-documentary-culinary-resistence-shines-malaga-festival\/#primaryimage"},"image":{"@id":"https:\/\/www.tapasmagazine.es\/en\/binu-historia-de-dos-estrellas-documentary-culinary-resistence-shines-malaga-festival\/#primaryimage"},"thumbnailUrl":"https:\/\/www.tapasmagazine.es\/wp-content\/uploads\/2024\/03\/binu-historia-dos-estrellas-1.jpg","datePublished":"2024-03-11T13:13:08+00:00","dateModified":"2024-03-11T13:17:32+00:00","description":"Click here to read the Spanish version. This documentary directed by Mar Clap\u00e9s and Guillem Cabra, tells the cathartic story of faith, love and resistance","breadcrumb":{"@id":"https:\/\/www.tapasmagazine.es\/en\/binu-historia-de-dos-estrellas-documentary-culinary-resistence-shines-malaga-festival\/#breadcrumb"},"inLanguage":"en-US","potentialAction":[{"@type":"ReadAction","target":["https:\/\/www.tapasmagazine.es\/en\/binu-historia-de-dos-estrellas-documentary-culinary-resistence-shines-malaga-festival\/"]}]},{"@type":"ImageObject","inLanguage":"en-US","@id":"https:\/\/www.tapasmagazine.es\/en\/binu-historia-de-dos-estrellas-documentary-culinary-resistence-shines-malaga-festival\/#primaryimage","url":"https:\/\/www.tapasmagazine.es\/wp-content\/uploads\/2024\/03\/binu-historia-dos-estrellas-1.jpg","contentUrl":"https:\/\/www.tapasmagazine.es\/wp-content\/uploads\/2024\/03\/binu-historia-dos-estrellas-1.jpg","width":1200,"height":675},{"@type":"BreadcrumbList","@id":"https:\/\/www.tapasmagazine.es\/en\/binu-historia-de-dos-estrellas-documentary-culinary-resistence-shines-malaga-festival\/#breadcrumb","itemListElement":[{"@type":"ListItem","position":1,"name":"Portada","item":"https:\/\/www.tapasmagazine.es\/"},{"@type":"ListItem","position":2,"name":"Sin categorizar","item":"https:\/\/www.tapasmagazine.es\/categorias\/sin-categorizar\/"},{"@type":"ListItem","position":3,"name":"\u2018Binu, Historia de dos estrellas\u2019, the documentary on culinary resistance that shines at the Malaga Festival"}]},{"@type":"WebSite","@id":"https:\/\/www.tapasmagazine.es\/#website","url":"https:\/\/www.tapasmagazine.es\/","name":"Tapas","description":"\u00d1am \u00d1am Lifestyle. La vida a bocados. Premio Nacional de Gastronom\u00eda 2016.","publisher":{"@id":"https:\/\/www.tapasmagazine.es\/#organization"},"potentialAction":[{"@type":"SearchAction","target":{"@type":"EntryPoint","urlTemplate":"https:\/\/www.tapasmagazine.es\/?s={search_term_string}"},"query-input":{"@type":"PropertyValueSpecification","valueRequired":true,"valueName":"search_term_string"}}],"inLanguage":"en-US"},{"@type":"Organization","@id":"https:\/\/www.tapasmagazine.es\/#organization","name":"Tapas Magazine","url":"https:\/\/www.tapasmagazine.es\/","logo":{"@type":"ImageObject","inLanguage":"en-US","@id":"https:\/\/www.tapasmagazine.es\/#\/schema\/logo\/image\/","url":"https:\/\/www.tapasmagazine.es\/wp-content\/uploads\/2018\/01\/logo.png","contentUrl":"https:\/\/www.tapasmagazine.es\/wp-content\/uploads\/2018\/01\/logo.png","width":180,"height":60,"caption":"Tapas Magazine"},"image":{"@id":"https:\/\/www.tapasmagazine.es\/#\/schema\/logo\/image\/"},"sameAs":["https:\/\/www.facebook.com\/tapasmagazine","https:\/\/x.com\/TapasMagazine","https:\/\/www.instagram.com\/tapasmagazine\/","https:\/\/www.linkedin.com\/company\/tapas-magazine","https:\/\/es.pinterest.com\/tapasmagazine\/","https:\/\/www.youtube.com\/channel\/UCEyxneAaACuR0lfDagrWjjg?sub_confirmation=1"]},{"@type":"Person","@id":"https:\/\/www.tapasmagazine.es\/#\/schema\/person\/eb46cbe76a9c8f062660eb609e3ecb4e","name":"Laura P\u00e9rez","url":"https:\/\/www.tapasmagazine.es\/en\/author\/laura-perez\/"}]}},"_links":{"self":[{"href":"https:\/\/www.tapasmagazine.es\/en\/wp-json\/wp\/v2\/posts\/240603","targetHints":{"allow":["GET"]}}],"collection":[{"href":"https:\/\/www.tapasmagazine.es\/en\/wp-json\/wp\/v2\/posts"}],"about":[{"href":"https:\/\/www.tapasmagazine.es\/en\/wp-json\/wp\/v2\/types\/post"}],"author":[{"embeddable":true,"href":"https:\/\/www.tapasmagazine.es\/en\/wp-json\/wp\/v2\/users\/285"}],"replies":[{"embeddable":true,"href":"https:\/\/www.tapasmagazine.es\/en\/wp-json\/wp\/v2\/comments?post=240603"}],"version-history":[{"count":2,"href":"https:\/\/www.tapasmagazine.es\/en\/wp-json\/wp\/v2\/posts\/240603\/revisions"}],"predecessor-version":[{"id":240609,"href":"https:\/\/www.tapasmagazine.es\/en\/wp-json\/wp\/v2\/posts\/240603\/revisions\/240609"}],"wp:featuredmedia":[{"embeddable":true,"href":"https:\/\/www.tapasmagazine.es\/en\/wp-json\/wp\/v2\/media\/240591"}],"wp:attachment":[{"href":"https:\/\/www.tapasmagazine.es\/en\/wp-json\/wp\/v2\/media?parent=240603"}],"wp:term":[{"taxonomy":"category","embeddable":true,"href":"https:\/\/www.tapasmagazine.es\/en\/wp-json\/wp\/v2\/categories?post=240603"},{"taxonomy":"post_tag","embeddable":true,"href":"https:\/\/www.tapasmagazine.es\/en\/wp-json\/wp\/v2\/tags?post=240603"}],"curies":[{"name":"wp","href":"https:\/\/api.w.org\/{rel}","templated":true}]}}