{"id":240552,"date":"2024-03-11T12:54:24","date_gmt":"2024-03-11T11:54:24","guid":{"rendered":"https:\/\/www.tapasmagazine.es\/estamos-ya-ante-el-gran-regreso-de-la-leche-de-vaca\/"},"modified":"2024-03-11T12:57:07","modified_gmt":"2024-03-11T11:57:07","slug":"are-we-facing-comeback-cows-milk","status":"publish","type":"post","link":"https:\/\/www.tapasmagazine.es\/en\/are-we-facing-comeback-cows-milk\/","title":{"rendered":"Are we already facing the comeback of cow&#8217;s milk?"},"content":{"rendered":"\n<p><strong>Click <a href=\"https:\/\/www.tapasmagazine.es\/estamos-ya-ante-el-gran-regreso-de-la-leche-de-vaca\/\" target=\"_blank\" rel=\"noreferrer noopener\">here<\/a> to read the Spanish version.<\/strong><\/p>\n\n\n\n<p>The rise of alternative dairy products and\/or plant-based milks, driven by the new generations, has relegated its original cow version to the background during the last few years. And it has even jeopardized the universal power and influence of the dairy industry; which has done its best to lure back into its orbit all those highly conscious personalities who decided to advocate products that were not derived from animals or involved their suffering in any way.<\/p>\n\n\n\n<p>However, this year seems to have ushered in a new era of cow&#8217;s milk resurgence. A change in trend reflected in some US articles, supported by statistics that showed that 2020 was the first year in which consumption remained stable, while from 2021 onwards it began to decline.<\/p>\n\n\n<div class=\"wp-block-image\">\n<figure class=\"aligncenter size-large is-resized\"><img decoding=\"async\" width=\"1024\" height=\"577\" src=\"https:\/\/www.tapasmagazine.es\/wp-content\/uploads\/2024\/03\/vuelta-leche-vaca-1-1024x577.jpg\" alt=\"\" class=\"wp-image-240533\" style=\"width:1002px;height:auto\" srcset=\"https:\/\/www.tapasmagazine.es\/wp-content\/uploads\/2024\/03\/vuelta-leche-vaca-1-1024x577.jpg 1024w, https:\/\/www.tapasmagazine.es\/wp-content\/uploads\/2024\/03\/vuelta-leche-vaca-1-300x169.jpg 300w, https:\/\/www.tapasmagazine.es\/wp-content\/uploads\/2024\/03\/vuelta-leche-vaca-1-768x432.jpg 768w, https:\/\/www.tapasmagazine.es\/wp-content\/uploads\/2024\/03\/vuelta-leche-vaca-1-1536x865.jpg 1536w, https:\/\/www.tapasmagazine.es\/wp-content\/uploads\/2024\/03\/vuelta-leche-vaca-1-2048x1153.jpg 2048w, https:\/\/www.tapasmagazine.es\/wp-content\/uploads\/2024\/03\/vuelta-leche-vaca-1-1200x675.jpg 1200w, https:\/\/www.tapasmagazine.es\/wp-content\/uploads\/2024\/03\/vuelta-leche-vaca-1-1000x563.jpg 1000w, https:\/\/www.tapasmagazine.es\/wp-content\/uploads\/2024\/03\/vuelta-leche-vaca-1-400x225.jpg 400w\" sizes=\"(max-width: 1024px) 100vw, 1024px\" \/><\/figure>\n<\/div>\n\n\n<p>Now, as with every trend of the modern era,<strong> TikTok<\/strong> is once again projecting this transition through an archive of videos that address the comeback of cow&#8217;s milk, most of them in a sarcastic way, joking about the change from oat milk to cow&#8217;s milk.<\/p>\n\n\n\n<p>Whether for health reasons, dairy intolerance or changing habits and perceptions, the consumption of cow&#8217;s milk has been on the decline for the past few decades.<\/p>\n\n\n\n<figure class=\"wp-block-embed is-type-video is-provider-tiktok wp-block-embed-tiktok\"><div class=\"wp-block-embed__wrapper\">\n<blockquote class=\"tiktok-embed\" cite=\"https:\/\/www.tiktok.com\/@zachtaylorfit\/video\/7331002463178411310\" data-video-id=\"7331002463178411310\" data-embed-from=\"oembed\" style=\"max-width:605px; min-width:325px;\"> <section> <a target=\"_blank\" title=\"@zachtaylorfit\" href=\"https:\/\/www.tiktok.com\/@zachtaylorfit?refer=embed\">@zachtaylorfit<\/a> <p><a title=\"stitch\" target=\"_blank\" href=\"https:\/\/www.tiktok.com\/tag\/stitch?refer=embed\">#stitch<\/a> with @Andrea Valls whole milk or nothing! <a title=\"dairy\" target=\"_blank\" href=\"https:\/\/www.tiktok.com\/tag\/dairy?refer=embed\">#dairy<\/a> <a title=\"wholemilk\" target=\"_blank\" href=\"https:\/\/www.tiktok.com\/tag\/wholemilk?refer=embed\">#wholemilk<\/a> <a title=\"weightloss\" target=\"_blank\" href=\"https:\/\/www.tiktok.com\/tag\/weightloss?refer=embed\">#weightloss<\/a> <\/p> <a target=\"_blank\" title=\"\u266c original sound - Zachary A Taylor\" href=\"https:\/\/www.tiktok.com\/music\/original-sound-7331002509164956458?refer=embed\">\u266c original sound &#8211; Zachary A Taylor<\/a> <\/section> <\/blockquote> <script async src=\"https:\/\/www.tiktok.com\/embed.js\"><\/script>\n<\/div><\/figure>\n\n\n\n<p>At the same time, the popularity of plant-based milks was soaring, with options ranging from soy, almond and oat to macadamia, sweet potato and pistachio. And, although on average we now drink less cow&#8217;s milk, <strong>Kuchler<\/strong> points out that we also consume more of it in dairy products such as yogurt and cheese. Per capita consumption of dairy products has increased in recent years.<\/p>\n\n\n\n<figure class=\"wp-block-embed is-type-video is-provider-tiktok wp-block-embed-tiktok\"><div class=\"wp-block-embed__wrapper\">\n<blockquote class=\"tiktok-embed\" cite=\"https:\/\/www.tiktok.com\/@mollys_on_the_move\/video\/7333063500631133483\" data-video-id=\"7333063500631133483\" data-embed-from=\"oembed\" style=\"max-width:605px; min-width:325px;\"> <section> <a target=\"_blank\" title=\"@mollys_on_the_move\" href=\"https:\/\/www.tiktok.com\/@mollys_on_the_move?refer=embed\">@mollys_on_the_move<\/a> <p>Where are my girlies that are back on the cow? Ive been really happy with organic A2 milk. I also highly recommend checking out \u201cEvil Food Supply\u201d on YouTube. <a title=\"capcut\" target=\"_blank\" href=\"https:\/\/www.tiktok.com\/tag\/capcut?refer=embed\">#capcut<\/a> <a title=\"oats\" target=\"_blank\" href=\"https:\/\/www.tiktok.com\/tag\/oats?refer=embed\">#oats<\/a> <a title=\"oatmilk\" target=\"_blank\" href=\"https:\/\/www.tiktok.com\/tag\/oatmilk?refer=embed\">#oatmilk<\/a> <a title=\"inflammation\" target=\"_blank\" href=\"https:\/\/www.tiktok.com\/tag\/inflammation?refer=embed\">#inflammation<\/a> <a title=\"pcos\" target=\"_blank\" href=\"https:\/\/www.tiktok.com\/tag\/pcos?refer=embed\">#pcos<\/a> <a title=\"a2\" target=\"_blank\" href=\"https:\/\/www.tiktok.com\/tag\/a2?refer=embed\">#a2<\/a> <a title=\"fyp\" target=\"_blank\" href=\"https:\/\/www.tiktok.com\/tag\/fyp?refer=embed\">#fyp<\/a> <a title=\"meme\" target=\"_blank\" href=\"https:\/\/www.tiktok.com\/tag\/meme?refer=embed\">#meme<\/a> <a title=\"trending\" target=\"_blank\" href=\"https:\/\/www.tiktok.com\/tag\/trending?refer=embed\">#trending<\/a> <a title=\"food\" target=\"_blank\" href=\"https:\/\/www.tiktok.com\/tag\/food?refer=embed\">#food<\/a> <a title=\"scam\" target=\"_blank\" href=\"https:\/\/www.tiktok.com\/tag\/scam?refer=embed\">#scam<\/a> <a title=\"health\" target=\"_blank\" href=\"https:\/\/www.tiktok.com\/tag\/health?refer=embed\">#health<\/a> <a title=\"drink\" target=\"_blank\" href=\"https:\/\/www.tiktok.com\/tag\/drink?refer=embed\">#drink<\/a> <a title=\"milk\" target=\"_blank\" href=\"https:\/\/www.tiktok.com\/tag\/milk?refer=embed\">#milk<\/a> <a title=\"organic\" target=\"_blank\" href=\"https:\/\/www.tiktok.com\/tag\/organic?refer=embed\">#organic<\/a> <a title=\"environment\" target=\"_blank\" href=\"https:\/\/www.tiktok.com\/tag\/environment?refer=embed\">#environment<\/a> <a title=\"ecofriendly\" target=\"_blank\" href=\"https:\/\/www.tiktok.com\/tag\/ecofriendly?refer=embed\">#ecofriendly<\/a> <a title=\"almondmilk\" target=\"_blank\" href=\"https:\/\/www.tiktok.com\/tag\/almondmilk?refer=embed\">#almondmilk<\/a> <a title=\"factory\" target=\"_blank\" href=\"https:\/\/www.tiktok.com\/tag\/factory?refer=embed\">#factory<\/a> <a title=\"lawsuit\" target=\"_blank\" href=\"https:\/\/www.tiktok.com\/tag\/lawsuit?refer=embed\">#lawsuit<\/a> <a title=\"wellness\" target=\"_blank\" href=\"https:\/\/www.tiktok.com\/tag\/wellness?refer=embed\">#wellness<\/a> <a title=\"foodie\" target=\"_blank\" href=\"https:\/\/www.tiktok.com\/tag\/foodie?refer=embed\">#foodie<\/a> <a title=\"meme\" target=\"_blank\" href=\"https:\/\/www.tiktok.com\/tag\/meme?refer=embed\">#Meme<\/a> <a title=\"memecut\" target=\"_blank\" href=\"https:\/\/www.tiktok.com\/tag\/memecut?refer=embed\">#MemeCut<\/a> <\/p> <a target=\"_blank\" title=\"\u266c Never Lose Me - Flo Milli\" href=\"https:\/\/www.tiktok.com\/music\/Never-Lose-Me-7306623023414495234?refer=embed\">\u266c Never Lose Me &#8211; Flo Milli<\/a> <\/section> <\/blockquote> <script async src=\"https:\/\/www.tiktok.com\/embed.js\"><\/script>\n<\/div><\/figure>\n\n\n\n<p>There may not yet be enough empirical evidence to prove this real return of cow&#8217;s milk consumption, but whether by its projection on the Internet or its media impact, it seems to be gaining popularity again to coexist with all the alternative milks that have now equaled and even elevated its status in many parts of the world.<\/p>\n","protected":false},"excerpt":{"rendered":"<p>Click here to read the Spanish version. The rise of alternative dairy products and\/or plant-based milks, driven by the new generations, has relegated its original cow version to the background during the last few years. And it has even jeopardized the universal power and influence of the dairy industry; which has done its best to [&hellip;]<\/p>\n","protected":false},"author":285,"featured_media":240532,"comment_status":"closed","ping_status":"closed","sticky":false,"template":"","format":"standard","meta":{"_acf_changed":false,"footnotes":""},"categories":[15802],"tags":[16742],"class_list":["post-240552","post","type-post","status-publish","format-standard","has-post-thumbnail","hentry","category-news","tag-leche-en","cat-15802-id"],"acf":[],"yoast_head":"<!-- This site is optimized with the Yoast SEO plugin v27.5 - https:\/\/yoast.com\/product\/yoast-seo-wordpress\/ -->\n<title>Are we already facing the comeback of cow&#039;s milk? - Tapas<\/title>\n<meta name=\"description\" content=\"Click here to read the Spanish version. The rise of alternative dairy products and\/or plant-based milks, driven by the new generations, has relegated its\" \/>\n<meta name=\"robots\" content=\"index, follow, max-snippet:-1, max-image-preview:large, max-video-preview:-1\" \/>\n<link rel=\"canonical\" href=\"https:\/\/www.tapasmagazine.es\/en\/are-we-facing-comeback-cows-milk\/\" \/>\n<meta property=\"og:locale\" content=\"en_US\" \/>\n<meta property=\"og:type\" content=\"article\" \/>\n<meta property=\"og:title\" content=\"Are we already facing the comeback of cow&#039;s milk? - Tapas\" \/>\n<meta property=\"og:description\" content=\"Click here to read the Spanish version. The rise of alternative dairy products and\/or plant-based milks, driven by the new generations, has relegated its\" \/>\n<meta property=\"og:url\" content=\"https:\/\/www.tapasmagazine.es\/en\/are-we-facing-comeback-cows-milk\/\" \/>\n<meta property=\"og:site_name\" content=\"Tapas\" \/>\n<meta property=\"article:publisher\" content=\"https:\/\/www.facebook.com\/tapasmagazine\" \/>\n<meta property=\"article:published_time\" content=\"2024-03-11T11:54:24+00:00\" \/>\n<meta property=\"article:modified_time\" content=\"2024-03-11T11:57:07+00:00\" \/>\n<meta property=\"og:image\" content=\"https:\/\/www.tapasmagazine.es\/wp-content\/uploads\/2024\/03\/vuelta-leche-vaca.jpg\" \/>\n\t<meta property=\"og:image:width\" content=\"1200\" \/>\n\t<meta property=\"og:image:height\" content=\"675\" \/>\n\t<meta property=\"og:image:type\" content=\"image\/jpeg\" \/>\n<meta name=\"author\" content=\"Laura P\u00e9rez\" \/>\n<meta name=\"twitter:card\" content=\"summary_large_image\" \/>\n<meta name=\"twitter:creator\" content=\"@TapasMagazine\" \/>\n<meta name=\"twitter:site\" content=\"@TapasMagazine\" \/>\n<meta name=\"twitter:label1\" content=\"Written by\" \/>\n\t<meta name=\"twitter:data1\" content=\"Laura P\u00e9rez\" \/>\n\t<meta name=\"twitter:label2\" content=\"Est. reading time\" \/>\n\t<meta name=\"twitter:data2\" content=\"2 minutes\" \/>\n<script type=\"application\/ld+json\" class=\"yoast-schema-graph\">{\"@context\":\"https:\\\/\\\/schema.org\",\"@graph\":[{\"@type\":\"Article\",\"@id\":\"https:\\\/\\\/www.tapasmagazine.es\\\/en\\\/are-we-facing-comeback-cows-milk\\\/#article\",\"isPartOf\":{\"@id\":\"https:\\\/\\\/www.tapasmagazine.es\\\/en\\\/are-we-facing-comeback-cows-milk\\\/\"},\"author\":{\"name\":\"Laura P\u00e9rez\",\"@id\":\"https:\\\/\\\/www.tapasmagazine.es\\\/#\\\/schema\\\/person\\\/eb46cbe76a9c8f062660eb609e3ecb4e\"},\"headline\":\"Are we already facing the comeback of cow&#8217;s milk?\",\"datePublished\":\"2024-03-11T11:54:24+00:00\",\"dateModified\":\"2024-03-11T11:57:07+00:00\",\"mainEntityOfPage\":{\"@id\":\"https:\\\/\\\/www.tapasmagazine.es\\\/en\\\/are-we-facing-comeback-cows-milk\\\/\"},\"wordCount\":354,\"publisher\":{\"@id\":\"https:\\\/\\\/www.tapasmagazine.es\\\/#organization\"},\"image\":{\"@id\":\"https:\\\/\\\/www.tapasmagazine.es\\\/en\\\/are-we-facing-comeback-cows-milk\\\/#primaryimage\"},\"thumbnailUrl\":\"https:\\\/\\\/www.tapasmagazine.es\\\/wp-content\\\/uploads\\\/2024\\\/03\\\/vuelta-leche-vaca.jpg\",\"keywords\":[\"leche\"],\"articleSection\":[\"News\"],\"inLanguage\":\"en-US\"},{\"@type\":\"WebPage\",\"@id\":\"https:\\\/\\\/www.tapasmagazine.es\\\/en\\\/are-we-facing-comeback-cows-milk\\\/\",\"url\":\"https:\\\/\\\/www.tapasmagazine.es\\\/en\\\/are-we-facing-comeback-cows-milk\\\/\",\"name\":\"Are we already facing the comeback of cow's milk? - Tapas\",\"isPartOf\":{\"@id\":\"https:\\\/\\\/www.tapasmagazine.es\\\/#website\"},\"primaryImageOfPage\":{\"@id\":\"https:\\\/\\\/www.tapasmagazine.es\\\/en\\\/are-we-facing-comeback-cows-milk\\\/#primaryimage\"},\"image\":{\"@id\":\"https:\\\/\\\/www.tapasmagazine.es\\\/en\\\/are-we-facing-comeback-cows-milk\\\/#primaryimage\"},\"thumbnailUrl\":\"https:\\\/\\\/www.tapasmagazine.es\\\/wp-content\\\/uploads\\\/2024\\\/03\\\/vuelta-leche-vaca.jpg\",\"datePublished\":\"2024-03-11T11:54:24+00:00\",\"dateModified\":\"2024-03-11T11:57:07+00:00\",\"description\":\"Click here to read the Spanish version. The rise of alternative dairy products and\\\/or plant-based milks, driven by the new generations, has relegated its\",\"breadcrumb\":{\"@id\":\"https:\\\/\\\/www.tapasmagazine.es\\\/en\\\/are-we-facing-comeback-cows-milk\\\/#breadcrumb\"},\"inLanguage\":\"en-US\",\"potentialAction\":[{\"@type\":\"ReadAction\",\"target\":[\"https:\\\/\\\/www.tapasmagazine.es\\\/en\\\/are-we-facing-comeback-cows-milk\\\/\"]}]},{\"@type\":\"ImageObject\",\"inLanguage\":\"en-US\",\"@id\":\"https:\\\/\\\/www.tapasmagazine.es\\\/en\\\/are-we-facing-comeback-cows-milk\\\/#primaryimage\",\"url\":\"https:\\\/\\\/www.tapasmagazine.es\\\/wp-content\\\/uploads\\\/2024\\\/03\\\/vuelta-leche-vaca.jpg\",\"contentUrl\":\"https:\\\/\\\/www.tapasmagazine.es\\\/wp-content\\\/uploads\\\/2024\\\/03\\\/vuelta-leche-vaca.jpg\",\"width\":1200,\"height\":675},{\"@type\":\"BreadcrumbList\",\"@id\":\"https:\\\/\\\/www.tapasmagazine.es\\\/en\\\/are-we-facing-comeback-cows-milk\\\/#breadcrumb\",\"itemListElement\":[{\"@type\":\"ListItem\",\"position\":1,\"name\":\"Portada\",\"item\":\"https:\\\/\\\/www.tapasmagazine.es\\\/\"},{\"@type\":\"ListItem\",\"position\":2,\"name\":\"News\",\"item\":\"https:\\\/\\\/www.tapasmagazine.es\\\/en\\\/categorias\\\/news\\\/\"},{\"@type\":\"ListItem\",\"position\":3,\"name\":\"Are we already facing the comeback of cow&#8217;s milk?\"}]},{\"@type\":\"WebSite\",\"@id\":\"https:\\\/\\\/www.tapasmagazine.es\\\/#website\",\"url\":\"https:\\\/\\\/www.tapasmagazine.es\\\/\",\"name\":\"Tapas\",\"description\":\"\u00d1am \u00d1am Lifestyle. La vida a bocados. Premio Nacional de Gastronom\u00eda 2016.\",\"publisher\":{\"@id\":\"https:\\\/\\\/www.tapasmagazine.es\\\/#organization\"},\"potentialAction\":[{\"@type\":\"SearchAction\",\"target\":{\"@type\":\"EntryPoint\",\"urlTemplate\":\"https:\\\/\\\/www.tapasmagazine.es\\\/?s={search_term_string}\"},\"query-input\":{\"@type\":\"PropertyValueSpecification\",\"valueRequired\":true,\"valueName\":\"search_term_string\"}}],\"inLanguage\":\"en-US\"},{\"@type\":\"Organization\",\"@id\":\"https:\\\/\\\/www.tapasmagazine.es\\\/#organization\",\"name\":\"Tapas Magazine\",\"url\":\"https:\\\/\\\/www.tapasmagazine.es\\\/\",\"logo\":{\"@type\":\"ImageObject\",\"inLanguage\":\"en-US\",\"@id\":\"https:\\\/\\\/www.tapasmagazine.es\\\/#\\\/schema\\\/logo\\\/image\\\/\",\"url\":\"https:\\\/\\\/www.tapasmagazine.es\\\/wp-content\\\/uploads\\\/2018\\\/01\\\/logo.png\",\"contentUrl\":\"https:\\\/\\\/www.tapasmagazine.es\\\/wp-content\\\/uploads\\\/2018\\\/01\\\/logo.png\",\"width\":180,\"height\":60,\"caption\":\"Tapas Magazine\"},\"image\":{\"@id\":\"https:\\\/\\\/www.tapasmagazine.es\\\/#\\\/schema\\\/logo\\\/image\\\/\"},\"sameAs\":[\"https:\\\/\\\/www.facebook.com\\\/tapasmagazine\",\"https:\\\/\\\/x.com\\\/TapasMagazine\",\"https:\\\/\\\/www.instagram.com\\\/tapasmagazine\\\/\",\"https:\\\/\\\/www.linkedin.com\\\/company\\\/tapas-magazine\",\"https:\\\/\\\/es.pinterest.com\\\/tapasmagazine\\\/\",\"https:\\\/\\\/www.youtube.com\\\/channel\\\/UCEyxneAaACuR0lfDagrWjjg?sub_confirmation=1\"]},{\"@type\":\"Person\",\"@id\":\"https:\\\/\\\/www.tapasmagazine.es\\\/#\\\/schema\\\/person\\\/eb46cbe76a9c8f062660eb609e3ecb4e\",\"name\":\"Laura P\u00e9rez\",\"url\":\"https:\\\/\\\/www.tapasmagazine.es\\\/en\\\/author\\\/laura-perez\\\/\"}]}<\/script>\n<!-- \/ Yoast SEO plugin. -->","yoast_head_json":{"title":"Are we already facing the comeback of cow's milk? - Tapas","description":"Click here to read the Spanish version. The rise of alternative dairy products and\/or plant-based milks, driven by the new generations, has relegated its","robots":{"index":"index","follow":"follow","max-snippet":"max-snippet:-1","max-image-preview":"max-image-preview:large","max-video-preview":"max-video-preview:-1"},"canonical":"https:\/\/www.tapasmagazine.es\/en\/are-we-facing-comeback-cows-milk\/","og_locale":"en_US","og_type":"article","og_title":"Are we already facing the comeback of cow's milk? - Tapas","og_description":"Click here to read the Spanish version. The rise of alternative dairy products and\/or plant-based milks, driven by the new generations, has relegated its","og_url":"https:\/\/www.tapasmagazine.es\/en\/are-we-facing-comeback-cows-milk\/","og_site_name":"Tapas","article_publisher":"https:\/\/www.facebook.com\/tapasmagazine","article_published_time":"2024-03-11T11:54:24+00:00","article_modified_time":"2024-03-11T11:57:07+00:00","og_image":[{"width":1200,"height":675,"url":"https:\/\/www.tapasmagazine.es\/wp-content\/uploads\/2024\/03\/vuelta-leche-vaca.jpg","type":"image\/jpeg"}],"author":"Laura P\u00e9rez","twitter_card":"summary_large_image","twitter_creator":"@TapasMagazine","twitter_site":"@TapasMagazine","twitter_misc":{"Written by":"Laura P\u00e9rez","Est. reading time":"2 minutes"},"schema":{"@context":"https:\/\/schema.org","@graph":[{"@type":"Article","@id":"https:\/\/www.tapasmagazine.es\/en\/are-we-facing-comeback-cows-milk\/#article","isPartOf":{"@id":"https:\/\/www.tapasmagazine.es\/en\/are-we-facing-comeback-cows-milk\/"},"author":{"name":"Laura P\u00e9rez","@id":"https:\/\/www.tapasmagazine.es\/#\/schema\/person\/eb46cbe76a9c8f062660eb609e3ecb4e"},"headline":"Are we already facing the comeback of cow&#8217;s milk?","datePublished":"2024-03-11T11:54:24+00:00","dateModified":"2024-03-11T11:57:07+00:00","mainEntityOfPage":{"@id":"https:\/\/www.tapasmagazine.es\/en\/are-we-facing-comeback-cows-milk\/"},"wordCount":354,"publisher":{"@id":"https:\/\/www.tapasmagazine.es\/#organization"},"image":{"@id":"https:\/\/www.tapasmagazine.es\/en\/are-we-facing-comeback-cows-milk\/#primaryimage"},"thumbnailUrl":"https:\/\/www.tapasmagazine.es\/wp-content\/uploads\/2024\/03\/vuelta-leche-vaca.jpg","keywords":["leche"],"articleSection":["News"],"inLanguage":"en-US"},{"@type":"WebPage","@id":"https:\/\/www.tapasmagazine.es\/en\/are-we-facing-comeback-cows-milk\/","url":"https:\/\/www.tapasmagazine.es\/en\/are-we-facing-comeback-cows-milk\/","name":"Are we already facing the comeback of cow's milk? - Tapas","isPartOf":{"@id":"https:\/\/www.tapasmagazine.es\/#website"},"primaryImageOfPage":{"@id":"https:\/\/www.tapasmagazine.es\/en\/are-we-facing-comeback-cows-milk\/#primaryimage"},"image":{"@id":"https:\/\/www.tapasmagazine.es\/en\/are-we-facing-comeback-cows-milk\/#primaryimage"},"thumbnailUrl":"https:\/\/www.tapasmagazine.es\/wp-content\/uploads\/2024\/03\/vuelta-leche-vaca.jpg","datePublished":"2024-03-11T11:54:24+00:00","dateModified":"2024-03-11T11:57:07+00:00","description":"Click here to read the Spanish version. The rise of alternative dairy products and\/or plant-based milks, driven by the new generations, has relegated its","breadcrumb":{"@id":"https:\/\/www.tapasmagazine.es\/en\/are-we-facing-comeback-cows-milk\/#breadcrumb"},"inLanguage":"en-US","potentialAction":[{"@type":"ReadAction","target":["https:\/\/www.tapasmagazine.es\/en\/are-we-facing-comeback-cows-milk\/"]}]},{"@type":"ImageObject","inLanguage":"en-US","@id":"https:\/\/www.tapasmagazine.es\/en\/are-we-facing-comeback-cows-milk\/#primaryimage","url":"https:\/\/www.tapasmagazine.es\/wp-content\/uploads\/2024\/03\/vuelta-leche-vaca.jpg","contentUrl":"https:\/\/www.tapasmagazine.es\/wp-content\/uploads\/2024\/03\/vuelta-leche-vaca.jpg","width":1200,"height":675},{"@type":"BreadcrumbList","@id":"https:\/\/www.tapasmagazine.es\/en\/are-we-facing-comeback-cows-milk\/#breadcrumb","itemListElement":[{"@type":"ListItem","position":1,"name":"Portada","item":"https:\/\/www.tapasmagazine.es\/"},{"@type":"ListItem","position":2,"name":"News","item":"https:\/\/www.tapasmagazine.es\/en\/categorias\/news\/"},{"@type":"ListItem","position":3,"name":"Are we already facing the comeback of cow&#8217;s milk?"}]},{"@type":"WebSite","@id":"https:\/\/www.tapasmagazine.es\/#website","url":"https:\/\/www.tapasmagazine.es\/","name":"Tapas","description":"\u00d1am \u00d1am Lifestyle. La vida a bocados. Premio Nacional de Gastronom\u00eda 2016.","publisher":{"@id":"https:\/\/www.tapasmagazine.es\/#organization"},"potentialAction":[{"@type":"SearchAction","target":{"@type":"EntryPoint","urlTemplate":"https:\/\/www.tapasmagazine.es\/?s={search_term_string}"},"query-input":{"@type":"PropertyValueSpecification","valueRequired":true,"valueName":"search_term_string"}}],"inLanguage":"en-US"},{"@type":"Organization","@id":"https:\/\/www.tapasmagazine.es\/#organization","name":"Tapas Magazine","url":"https:\/\/www.tapasmagazine.es\/","logo":{"@type":"ImageObject","inLanguage":"en-US","@id":"https:\/\/www.tapasmagazine.es\/#\/schema\/logo\/image\/","url":"https:\/\/www.tapasmagazine.es\/wp-content\/uploads\/2018\/01\/logo.png","contentUrl":"https:\/\/www.tapasmagazine.es\/wp-content\/uploads\/2018\/01\/logo.png","width":180,"height":60,"caption":"Tapas Magazine"},"image":{"@id":"https:\/\/www.tapasmagazine.es\/#\/schema\/logo\/image\/"},"sameAs":["https:\/\/www.facebook.com\/tapasmagazine","https:\/\/x.com\/TapasMagazine","https:\/\/www.instagram.com\/tapasmagazine\/","https:\/\/www.linkedin.com\/company\/tapas-magazine","https:\/\/es.pinterest.com\/tapasmagazine\/","https:\/\/www.youtube.com\/channel\/UCEyxneAaACuR0lfDagrWjjg?sub_confirmation=1"]},{"@type":"Person","@id":"https:\/\/www.tapasmagazine.es\/#\/schema\/person\/eb46cbe76a9c8f062660eb609e3ecb4e","name":"Laura P\u00e9rez","url":"https:\/\/www.tapasmagazine.es\/en\/author\/laura-perez\/"}]}},"_links":{"self":[{"href":"https:\/\/www.tapasmagazine.es\/en\/wp-json\/wp\/v2\/posts\/240552","targetHints":{"allow":["GET"]}}],"collection":[{"href":"https:\/\/www.tapasmagazine.es\/en\/wp-json\/wp\/v2\/posts"}],"about":[{"href":"https:\/\/www.tapasmagazine.es\/en\/wp-json\/wp\/v2\/types\/post"}],"author":[{"embeddable":true,"href":"https:\/\/www.tapasmagazine.es\/en\/wp-json\/wp\/v2\/users\/285"}],"replies":[{"embeddable":true,"href":"https:\/\/www.tapasmagazine.es\/en\/wp-json\/wp\/v2\/comments?post=240552"}],"version-history":[{"count":1,"href":"https:\/\/www.tapasmagazine.es\/en\/wp-json\/wp\/v2\/posts\/240552\/revisions"}],"predecessor-version":[{"id":240559,"href":"https:\/\/www.tapasmagazine.es\/en\/wp-json\/wp\/v2\/posts\/240552\/revisions\/240559"}],"wp:featuredmedia":[{"embeddable":true,"href":"https:\/\/www.tapasmagazine.es\/en\/wp-json\/wp\/v2\/media\/240532"}],"wp:attachment":[{"href":"https:\/\/www.tapasmagazine.es\/en\/wp-json\/wp\/v2\/media?parent=240552"}],"wp:term":[{"taxonomy":"category","embeddable":true,"href":"https:\/\/www.tapasmagazine.es\/en\/wp-json\/wp\/v2\/categories?post=240552"},{"taxonomy":"post_tag","embeddable":true,"href":"https:\/\/www.tapasmagazine.es\/en\/wp-json\/wp\/v2\/tags?post=240552"}],"curies":[{"name":"wp","href":"https:\/\/api.w.org\/{rel}","templated":true}]}}