{"id":239938,"date":"2024-03-06T11:52:46","date_gmt":"2024-03-06T10:52:46","guid":{"rendered":"https:\/\/www.tapasmagazine.es\/benny-blanco-revela-la-comida-favorita-de-selena-gomez\/"},"modified":"2024-03-06T12:01:36","modified_gmt":"2024-03-06T11:01:36","slug":"benny-blanco-reveals-selena-gomez-favorite-food","status":"publish","type":"post","link":"https:\/\/www.tapasmagazine.es\/en\/benny-blanco-reveals-selena-gomez-favorite-food\/","title":{"rendered":"Benny Blanco reveals Selena Gomez&#8217;s favorite food"},"content":{"rendered":"\n<p><strong>Click <a href=\"https:\/\/www.tapasmagazine.es\/benny-blanco-revela-la-comida-favorita-de-selena-gomez\/\" target=\"_blank\" rel=\"noreferrer noopener\">here<\/a> to read the Spanish version.<\/strong><\/p>\n\n\n\n<p><strong>Benny Blanco <\/strong>and <strong>Selena Gomez<\/strong> are also intensely connected by their love for gastronomy, and for eating. A sentiment they constantly share both in their culinary programs and on social media. Now, Blanco has also glimpsed that culinary obsession in his cookbook, which he produced and wrote, titled &#8216;<strong>Open Wide: A Cookbook for Friends<\/strong>&#8216;.<\/p>\n\n\n\n<p>On &#8216;<strong>TalkShopLive<\/strong>,&#8217; the producer talked about his girlfriend&#8217;s favorite dishes. And steaks and soup have to be in them. &#8216;She&#8217;s a big fan of steak. So anything with steak in it. Or, yesterday I took her, it&#8217;s not in my book, but I took her, she loves soup,&#8217; Blanco said. &#8216;So yesterday I was shooting a show, so I made some soup and I took it to him,&#8217; he stated.<\/p>\n\n\n<div class=\"wp-block-image\">\n<figure class=\"aligncenter size-large is-resized\"><img decoding=\"async\" width=\"1024\" height=\"576\" src=\"https:\/\/www.tapasmagazine.es\/wp-content\/uploads\/2024\/03\/benny-blanco-selena-gomez-2-1024x576.jpg\" alt=\"\" class=\"wp-image-239928\" style=\"width:994px;height:auto\" srcset=\"https:\/\/www.tapasmagazine.es\/wp-content\/uploads\/2024\/03\/benny-blanco-selena-gomez-2-1024x576.jpg 1024w, https:\/\/www.tapasmagazine.es\/wp-content\/uploads\/2024\/03\/benny-blanco-selena-gomez-2-300x169.jpg 300w, https:\/\/www.tapasmagazine.es\/wp-content\/uploads\/2024\/03\/benny-blanco-selena-gomez-2-768x432.jpg 768w, https:\/\/www.tapasmagazine.es\/wp-content\/uploads\/2024\/03\/benny-blanco-selena-gomez-2-1200x675.jpg 1200w, https:\/\/www.tapasmagazine.es\/wp-content\/uploads\/2024\/03\/benny-blanco-selena-gomez-2-1000x563.jpg 1000w, https:\/\/www.tapasmagazine.es\/wp-content\/uploads\/2024\/03\/benny-blanco-selena-gomez-2-400x225.jpg 400w, https:\/\/www.tapasmagazine.es\/wp-content\/uploads\/2024\/03\/benny-blanco-selena-gomez-2.jpg 1280w\" sizes=\"(max-width: 1024px) 100vw, 1024px\" \/><\/figure>\n<\/div>\n\n\n<p>Beyond those dishes,<strong> Benny<\/strong> talked about others that the singer and actress also loves: &#8216;She always orders those perfect little fries from the book. She loves them. And she loves pasta.&#8217;<\/p>\n\n\n\n<p>While he may be the one to launch a cookbook, <strong>Selena<\/strong> has also demonstrated her extensive culinary skills on his show &#8216;<strong>Selena + Chef<\/strong>&#8216;. Something Blanco also alluded to during the conversation, saying that the star is a talented chef herself, and that they cook together every day.<\/p>\n\n\n\n<figure class=\"wp-block-embed is-type-video is-provider-tiktok wp-block-embed-tiktok\"><div class=\"wp-block-embed__wrapper\">\n<blockquote class=\"tiktok-embed\" cite=\"https:\/\/www.tiktok.com\/@itsbennyblanco\/video\/7335724565328334122\" data-video-id=\"7335724565328334122\" data-embed-from=\"oembed\" style=\"max-width:605px; min-width:325px;\"> <section> <a target=\"_blank\" title=\"@itsbennyblanco\" href=\"https:\/\/www.tiktok.com\/@itsbennyblanco?refer=embed\">@itsbennyblanco<\/a> <p>fry pickles and get laid<\/p> <a target=\"_blank\" title=\"\u266c Little Things - Adrian Berenguer\" href=\"https:\/\/www.tiktok.com\/music\/Little-Things-6981828410792216577?refer=embed\">\u266c Little Things &#8211; Adrian Berenguer<\/a> <\/section> <\/blockquote> <script async src=\"https:\/\/www.tiktok.com\/embed.js\"><\/script>\n<\/div><\/figure>\n\n\n\n<p>&#8216;We always cook together, she&#8217;s such a good cook. It&#8217;s not just for her show, she&#8217;s an amazing cook,&#8217; he added. &#8216;We have so much fun cooking together. All we do is eat.&#8217; And, asked if they would ever share a kitchen to do some elaborate or four-less menu, Blanco joked, &#8216;Maybe someday.&#8217;<\/p>\n","protected":false},"excerpt":{"rendered":"<p>Click here to read the Spanish version. Benny Blanco and Selena Gomez are also intensely connected by their love for gastronomy, and for eating. A sentiment they constantly share both in their culinary programs and on social media. Now, Blanco has also glimpsed that culinary obsession in his cookbook, which he produced and wrote, titled [&hellip;]<\/p>\n","protected":false},"author":285,"featured_media":239926,"comment_status":"closed","ping_status":"closed","sticky":false,"template":"","format":"standard","meta":{"_acf_changed":false,"footnotes":""},"categories":[15802,15851,15910],"tags":[16575],"class_list":["post-239938","post","type-post","status-publish","format-standard","has-post-thumbnail","hentry","category-news","category-nombres-propios-en","category-personajes-en","tag-selena-gomez-en","cat-15802-id","cat-15851-id","cat-15910-id"],"acf":[],"yoast_head":"<!-- This site is optimized with the Yoast SEO plugin v27.4 - https:\/\/yoast.com\/product\/yoast-seo-wordpress\/ -->\n<title>Benny Blanco reveals Selena Gomez&#039;s favorite food - Tapas<\/title>\n<meta name=\"description\" content=\"Click here to read the Spanish version. Benny Blanco and Selena Gomez are also intensely connected by their love for gastronomy, and for eating. A\" \/>\n<meta name=\"robots\" content=\"index, follow, max-snippet:-1, max-image-preview:large, max-video-preview:-1\" \/>\n<link rel=\"canonical\" href=\"https:\/\/www.tapasmagazine.es\/en\/benny-blanco-reveals-selena-gomez-favorite-food\/\" \/>\n<meta property=\"og:locale\" content=\"en_US\" \/>\n<meta property=\"og:type\" content=\"article\" \/>\n<meta property=\"og:title\" content=\"Benny Blanco reveals Selena Gomez&#039;s favorite food - Tapas\" \/>\n<meta property=\"og:description\" content=\"Click here to read the Spanish version. Benny Blanco and Selena Gomez are also intensely connected by their love for gastronomy, and for eating. A\" \/>\n<meta property=\"og:url\" content=\"https:\/\/www.tapasmagazine.es\/en\/benny-blanco-reveals-selena-gomez-favorite-food\/\" \/>\n<meta property=\"og:site_name\" content=\"Tapas\" \/>\n<meta property=\"article:publisher\" content=\"https:\/\/www.facebook.com\/tapasmagazine\" \/>\n<meta property=\"article:published_time\" content=\"2024-03-06T10:52:46+00:00\" \/>\n<meta property=\"article:modified_time\" content=\"2024-03-06T11:01:36+00:00\" \/>\n<meta property=\"og:image\" content=\"https:\/\/www.tapasmagazine.es\/wp-content\/uploads\/2024\/03\/benny-blanco-selena-gomez.jpg\" \/>\n\t<meta property=\"og:image:width\" content=\"1200\" \/>\n\t<meta property=\"og:image:height\" content=\"675\" \/>\n\t<meta property=\"og:image:type\" content=\"image\/jpeg\" \/>\n<meta name=\"author\" content=\"Laura P\u00e9rez\" \/>\n<meta name=\"twitter:card\" content=\"summary_large_image\" \/>\n<meta name=\"twitter:creator\" content=\"@TapasMagazine\" \/>\n<meta name=\"twitter:site\" content=\"@TapasMagazine\" \/>\n<meta name=\"twitter:label1\" content=\"Written by\" \/>\n\t<meta name=\"twitter:data1\" content=\"Laura P\u00e9rez\" \/>\n\t<meta name=\"twitter:label2\" content=\"Est. reading time\" \/>\n\t<meta name=\"twitter:data2\" content=\"2 minutes\" \/>\n<script type=\"application\/ld+json\" class=\"yoast-schema-graph\">{\"@context\":\"https:\\\/\\\/schema.org\",\"@graph\":[{\"@type\":\"Article\",\"@id\":\"https:\\\/\\\/www.tapasmagazine.es\\\/en\\\/benny-blanco-reveals-selena-gomez-favorite-food\\\/#article\",\"isPartOf\":{\"@id\":\"https:\\\/\\\/www.tapasmagazine.es\\\/en\\\/benny-blanco-reveals-selena-gomez-favorite-food\\\/\"},\"author\":{\"name\":\"Laura P\u00e9rez\",\"@id\":\"https:\\\/\\\/www.tapasmagazine.es\\\/#\\\/schema\\\/person\\\/eb46cbe76a9c8f062660eb609e3ecb4e\"},\"headline\":\"Benny Blanco reveals Selena Gomez&#8217;s favorite food\",\"datePublished\":\"2024-03-06T10:52:46+00:00\",\"dateModified\":\"2024-03-06T11:01:36+00:00\",\"mainEntityOfPage\":{\"@id\":\"https:\\\/\\\/www.tapasmagazine.es\\\/en\\\/benny-blanco-reveals-selena-gomez-favorite-food\\\/\"},\"wordCount\":306,\"publisher\":{\"@id\":\"https:\\\/\\\/www.tapasmagazine.es\\\/#organization\"},\"image\":{\"@id\":\"https:\\\/\\\/www.tapasmagazine.es\\\/en\\\/benny-blanco-reveals-selena-gomez-favorite-food\\\/#primaryimage\"},\"thumbnailUrl\":\"https:\\\/\\\/www.tapasmagazine.es\\\/wp-content\\\/uploads\\\/2024\\\/03\\\/benny-blanco-selena-gomez.jpg\",\"keywords\":[\"selena gomez\"],\"articleSection\":[\"News\",\"Nombres propios\",\"Personajes\"],\"inLanguage\":\"en-US\"},{\"@type\":\"WebPage\",\"@id\":\"https:\\\/\\\/www.tapasmagazine.es\\\/en\\\/benny-blanco-reveals-selena-gomez-favorite-food\\\/\",\"url\":\"https:\\\/\\\/www.tapasmagazine.es\\\/en\\\/benny-blanco-reveals-selena-gomez-favorite-food\\\/\",\"name\":\"Benny Blanco reveals Selena Gomez's favorite food - Tapas\",\"isPartOf\":{\"@id\":\"https:\\\/\\\/www.tapasmagazine.es\\\/#website\"},\"primaryImageOfPage\":{\"@id\":\"https:\\\/\\\/www.tapasmagazine.es\\\/en\\\/benny-blanco-reveals-selena-gomez-favorite-food\\\/#primaryimage\"},\"image\":{\"@id\":\"https:\\\/\\\/www.tapasmagazine.es\\\/en\\\/benny-blanco-reveals-selena-gomez-favorite-food\\\/#primaryimage\"},\"thumbnailUrl\":\"https:\\\/\\\/www.tapasmagazine.es\\\/wp-content\\\/uploads\\\/2024\\\/03\\\/benny-blanco-selena-gomez.jpg\",\"datePublished\":\"2024-03-06T10:52:46+00:00\",\"dateModified\":\"2024-03-06T11:01:36+00:00\",\"description\":\"Click here to read the Spanish version. Benny Blanco and Selena Gomez are also intensely connected by their love for gastronomy, and for eating. A\",\"breadcrumb\":{\"@id\":\"https:\\\/\\\/www.tapasmagazine.es\\\/en\\\/benny-blanco-reveals-selena-gomez-favorite-food\\\/#breadcrumb\"},\"inLanguage\":\"en-US\",\"potentialAction\":[{\"@type\":\"ReadAction\",\"target\":[\"https:\\\/\\\/www.tapasmagazine.es\\\/en\\\/benny-blanco-reveals-selena-gomez-favorite-food\\\/\"]}]},{\"@type\":\"ImageObject\",\"inLanguage\":\"en-US\",\"@id\":\"https:\\\/\\\/www.tapasmagazine.es\\\/en\\\/benny-blanco-reveals-selena-gomez-favorite-food\\\/#primaryimage\",\"url\":\"https:\\\/\\\/www.tapasmagazine.es\\\/wp-content\\\/uploads\\\/2024\\\/03\\\/benny-blanco-selena-gomez.jpg\",\"contentUrl\":\"https:\\\/\\\/www.tapasmagazine.es\\\/wp-content\\\/uploads\\\/2024\\\/03\\\/benny-blanco-selena-gomez.jpg\",\"width\":1200,\"height\":675},{\"@type\":\"BreadcrumbList\",\"@id\":\"https:\\\/\\\/www.tapasmagazine.es\\\/en\\\/benny-blanco-reveals-selena-gomez-favorite-food\\\/#breadcrumb\",\"itemListElement\":[{\"@type\":\"ListItem\",\"position\":1,\"name\":\"Portada\",\"item\":\"https:\\\/\\\/www.tapasmagazine.es\\\/\"},{\"@type\":\"ListItem\",\"position\":2,\"name\":\"News\",\"item\":\"https:\\\/\\\/www.tapasmagazine.es\\\/en\\\/categorias\\\/news\\\/\"},{\"@type\":\"ListItem\",\"position\":3,\"name\":\"Benny Blanco reveals Selena Gomez&#8217;s favorite food\"}]},{\"@type\":\"WebSite\",\"@id\":\"https:\\\/\\\/www.tapasmagazine.es\\\/#website\",\"url\":\"https:\\\/\\\/www.tapasmagazine.es\\\/\",\"name\":\"Tapas\",\"description\":\"\u00d1am \u00d1am Lifestyle. La vida a bocados. Premio Nacional de Gastronom\u00eda 2016.\",\"publisher\":{\"@id\":\"https:\\\/\\\/www.tapasmagazine.es\\\/#organization\"},\"potentialAction\":[{\"@type\":\"SearchAction\",\"target\":{\"@type\":\"EntryPoint\",\"urlTemplate\":\"https:\\\/\\\/www.tapasmagazine.es\\\/?s={search_term_string}\"},\"query-input\":{\"@type\":\"PropertyValueSpecification\",\"valueRequired\":true,\"valueName\":\"search_term_string\"}}],\"inLanguage\":\"en-US\"},{\"@type\":\"Organization\",\"@id\":\"https:\\\/\\\/www.tapasmagazine.es\\\/#organization\",\"name\":\"Tapas Magazine\",\"url\":\"https:\\\/\\\/www.tapasmagazine.es\\\/\",\"logo\":{\"@type\":\"ImageObject\",\"inLanguage\":\"en-US\",\"@id\":\"https:\\\/\\\/www.tapasmagazine.es\\\/#\\\/schema\\\/logo\\\/image\\\/\",\"url\":\"https:\\\/\\\/www.tapasmagazine.es\\\/wp-content\\\/uploads\\\/2018\\\/01\\\/logo.png\",\"contentUrl\":\"https:\\\/\\\/www.tapasmagazine.es\\\/wp-content\\\/uploads\\\/2018\\\/01\\\/logo.png\",\"width\":180,\"height\":60,\"caption\":\"Tapas Magazine\"},\"image\":{\"@id\":\"https:\\\/\\\/www.tapasmagazine.es\\\/#\\\/schema\\\/logo\\\/image\\\/\"},\"sameAs\":[\"https:\\\/\\\/www.facebook.com\\\/tapasmagazine\",\"https:\\\/\\\/x.com\\\/TapasMagazine\",\"https:\\\/\\\/www.instagram.com\\\/tapasmagazine\\\/\",\"https:\\\/\\\/www.linkedin.com\\\/company\\\/tapas-magazine\",\"https:\\\/\\\/es.pinterest.com\\\/tapasmagazine\\\/\",\"https:\\\/\\\/www.youtube.com\\\/channel\\\/UCEyxneAaACuR0lfDagrWjjg?sub_confirmation=1\"]},{\"@type\":\"Person\",\"@id\":\"https:\\\/\\\/www.tapasmagazine.es\\\/#\\\/schema\\\/person\\\/eb46cbe76a9c8f062660eb609e3ecb4e\",\"name\":\"Laura P\u00e9rez\",\"url\":\"https:\\\/\\\/www.tapasmagazine.es\\\/en\\\/author\\\/laura-perez\\\/\"}]}<\/script>\n<!-- \/ Yoast SEO plugin. -->","yoast_head_json":{"title":"Benny Blanco reveals Selena Gomez's favorite food - Tapas","description":"Click here to read the Spanish version. Benny Blanco and Selena Gomez are also intensely connected by their love for gastronomy, and for eating. A","robots":{"index":"index","follow":"follow","max-snippet":"max-snippet:-1","max-image-preview":"max-image-preview:large","max-video-preview":"max-video-preview:-1"},"canonical":"https:\/\/www.tapasmagazine.es\/en\/benny-blanco-reveals-selena-gomez-favorite-food\/","og_locale":"en_US","og_type":"article","og_title":"Benny Blanco reveals Selena Gomez's favorite food - Tapas","og_description":"Click here to read the Spanish version. Benny Blanco and Selena Gomez are also intensely connected by their love for gastronomy, and for eating. A","og_url":"https:\/\/www.tapasmagazine.es\/en\/benny-blanco-reveals-selena-gomez-favorite-food\/","og_site_name":"Tapas","article_publisher":"https:\/\/www.facebook.com\/tapasmagazine","article_published_time":"2024-03-06T10:52:46+00:00","article_modified_time":"2024-03-06T11:01:36+00:00","og_image":[{"width":1200,"height":675,"url":"https:\/\/www.tapasmagazine.es\/wp-content\/uploads\/2024\/03\/benny-blanco-selena-gomez.jpg","type":"image\/jpeg"}],"author":"Laura P\u00e9rez","twitter_card":"summary_large_image","twitter_creator":"@TapasMagazine","twitter_site":"@TapasMagazine","twitter_misc":{"Written by":"Laura P\u00e9rez","Est. reading time":"2 minutes"},"schema":{"@context":"https:\/\/schema.org","@graph":[{"@type":"Article","@id":"https:\/\/www.tapasmagazine.es\/en\/benny-blanco-reveals-selena-gomez-favorite-food\/#article","isPartOf":{"@id":"https:\/\/www.tapasmagazine.es\/en\/benny-blanco-reveals-selena-gomez-favorite-food\/"},"author":{"name":"Laura P\u00e9rez","@id":"https:\/\/www.tapasmagazine.es\/#\/schema\/person\/eb46cbe76a9c8f062660eb609e3ecb4e"},"headline":"Benny Blanco reveals Selena Gomez&#8217;s favorite food","datePublished":"2024-03-06T10:52:46+00:00","dateModified":"2024-03-06T11:01:36+00:00","mainEntityOfPage":{"@id":"https:\/\/www.tapasmagazine.es\/en\/benny-blanco-reveals-selena-gomez-favorite-food\/"},"wordCount":306,"publisher":{"@id":"https:\/\/www.tapasmagazine.es\/#organization"},"image":{"@id":"https:\/\/www.tapasmagazine.es\/en\/benny-blanco-reveals-selena-gomez-favorite-food\/#primaryimage"},"thumbnailUrl":"https:\/\/www.tapasmagazine.es\/wp-content\/uploads\/2024\/03\/benny-blanco-selena-gomez.jpg","keywords":["selena gomez"],"articleSection":["News","Nombres propios","Personajes"],"inLanguage":"en-US"},{"@type":"WebPage","@id":"https:\/\/www.tapasmagazine.es\/en\/benny-blanco-reveals-selena-gomez-favorite-food\/","url":"https:\/\/www.tapasmagazine.es\/en\/benny-blanco-reveals-selena-gomez-favorite-food\/","name":"Benny Blanco reveals Selena Gomez's favorite food - Tapas","isPartOf":{"@id":"https:\/\/www.tapasmagazine.es\/#website"},"primaryImageOfPage":{"@id":"https:\/\/www.tapasmagazine.es\/en\/benny-blanco-reveals-selena-gomez-favorite-food\/#primaryimage"},"image":{"@id":"https:\/\/www.tapasmagazine.es\/en\/benny-blanco-reveals-selena-gomez-favorite-food\/#primaryimage"},"thumbnailUrl":"https:\/\/www.tapasmagazine.es\/wp-content\/uploads\/2024\/03\/benny-blanco-selena-gomez.jpg","datePublished":"2024-03-06T10:52:46+00:00","dateModified":"2024-03-06T11:01:36+00:00","description":"Click here to read the Spanish version. Benny Blanco and Selena Gomez are also intensely connected by their love for gastronomy, and for eating. A","breadcrumb":{"@id":"https:\/\/www.tapasmagazine.es\/en\/benny-blanco-reveals-selena-gomez-favorite-food\/#breadcrumb"},"inLanguage":"en-US","potentialAction":[{"@type":"ReadAction","target":["https:\/\/www.tapasmagazine.es\/en\/benny-blanco-reveals-selena-gomez-favorite-food\/"]}]},{"@type":"ImageObject","inLanguage":"en-US","@id":"https:\/\/www.tapasmagazine.es\/en\/benny-blanco-reveals-selena-gomez-favorite-food\/#primaryimage","url":"https:\/\/www.tapasmagazine.es\/wp-content\/uploads\/2024\/03\/benny-blanco-selena-gomez.jpg","contentUrl":"https:\/\/www.tapasmagazine.es\/wp-content\/uploads\/2024\/03\/benny-blanco-selena-gomez.jpg","width":1200,"height":675},{"@type":"BreadcrumbList","@id":"https:\/\/www.tapasmagazine.es\/en\/benny-blanco-reveals-selena-gomez-favorite-food\/#breadcrumb","itemListElement":[{"@type":"ListItem","position":1,"name":"Portada","item":"https:\/\/www.tapasmagazine.es\/"},{"@type":"ListItem","position":2,"name":"News","item":"https:\/\/www.tapasmagazine.es\/en\/categorias\/news\/"},{"@type":"ListItem","position":3,"name":"Benny Blanco reveals Selena Gomez&#8217;s favorite food"}]},{"@type":"WebSite","@id":"https:\/\/www.tapasmagazine.es\/#website","url":"https:\/\/www.tapasmagazine.es\/","name":"Tapas","description":"\u00d1am \u00d1am Lifestyle. La vida a bocados. Premio Nacional de Gastronom\u00eda 2016.","publisher":{"@id":"https:\/\/www.tapasmagazine.es\/#organization"},"potentialAction":[{"@type":"SearchAction","target":{"@type":"EntryPoint","urlTemplate":"https:\/\/www.tapasmagazine.es\/?s={search_term_string}"},"query-input":{"@type":"PropertyValueSpecification","valueRequired":true,"valueName":"search_term_string"}}],"inLanguage":"en-US"},{"@type":"Organization","@id":"https:\/\/www.tapasmagazine.es\/#organization","name":"Tapas Magazine","url":"https:\/\/www.tapasmagazine.es\/","logo":{"@type":"ImageObject","inLanguage":"en-US","@id":"https:\/\/www.tapasmagazine.es\/#\/schema\/logo\/image\/","url":"https:\/\/www.tapasmagazine.es\/wp-content\/uploads\/2018\/01\/logo.png","contentUrl":"https:\/\/www.tapasmagazine.es\/wp-content\/uploads\/2018\/01\/logo.png","width":180,"height":60,"caption":"Tapas Magazine"},"image":{"@id":"https:\/\/www.tapasmagazine.es\/#\/schema\/logo\/image\/"},"sameAs":["https:\/\/www.facebook.com\/tapasmagazine","https:\/\/x.com\/TapasMagazine","https:\/\/www.instagram.com\/tapasmagazine\/","https:\/\/www.linkedin.com\/company\/tapas-magazine","https:\/\/es.pinterest.com\/tapasmagazine\/","https:\/\/www.youtube.com\/channel\/UCEyxneAaACuR0lfDagrWjjg?sub_confirmation=1"]},{"@type":"Person","@id":"https:\/\/www.tapasmagazine.es\/#\/schema\/person\/eb46cbe76a9c8f062660eb609e3ecb4e","name":"Laura P\u00e9rez","url":"https:\/\/www.tapasmagazine.es\/en\/author\/laura-perez\/"}]}},"_links":{"self":[{"href":"https:\/\/www.tapasmagazine.es\/en\/wp-json\/wp\/v2\/posts\/239938","targetHints":{"allow":["GET"]}}],"collection":[{"href":"https:\/\/www.tapasmagazine.es\/en\/wp-json\/wp\/v2\/posts"}],"about":[{"href":"https:\/\/www.tapasmagazine.es\/en\/wp-json\/wp\/v2\/types\/post"}],"author":[{"embeddable":true,"href":"https:\/\/www.tapasmagazine.es\/en\/wp-json\/wp\/v2\/users\/285"}],"replies":[{"embeddable":true,"href":"https:\/\/www.tapasmagazine.es\/en\/wp-json\/wp\/v2\/comments?post=239938"}],"version-history":[{"count":2,"href":"https:\/\/www.tapasmagazine.es\/en\/wp-json\/wp\/v2\/posts\/239938\/revisions"}],"predecessor-version":[{"id":239945,"href":"https:\/\/www.tapasmagazine.es\/en\/wp-json\/wp\/v2\/posts\/239938\/revisions\/239945"}],"wp:featuredmedia":[{"embeddable":true,"href":"https:\/\/www.tapasmagazine.es\/en\/wp-json\/wp\/v2\/media\/239926"}],"wp:attachment":[{"href":"https:\/\/www.tapasmagazine.es\/en\/wp-json\/wp\/v2\/media?parent=239938"}],"wp:term":[{"taxonomy":"category","embeddable":true,"href":"https:\/\/www.tapasmagazine.es\/en\/wp-json\/wp\/v2\/categories?post=239938"},{"taxonomy":"post_tag","embeddable":true,"href":"https:\/\/www.tapasmagazine.es\/en\/wp-json\/wp\/v2\/tags?post=239938"}],"curies":[{"name":"wp","href":"https:\/\/api.w.org\/{rel}","templated":true}]}}