{"id":239727,"date":"2024-03-05T10:40:52","date_gmt":"2024-03-05T09:40:52","guid":{"rendered":"https:\/\/www.tapasmagazine.es\/?p=239727"},"modified":"2024-03-05T10:48:24","modified_gmt":"2024-03-05T09:48:24","slug":"cervezas-la-virgen-announces-the-cessation-of-its-operations","status":"publish","type":"post","link":"https:\/\/www.tapasmagazine.es\/en\/cervezas-la-virgen-announces-the-cessation-of-its-operations\/","title":{"rendered":"Cervezas La Virgen announces the cessation of its operations"},"content":{"rendered":"\n<p><strong>Click <a href=\"https:\/\/www.tapasmagazine.es\/cervezas-la-virgen-anuncia-el-cese-de-su-actividad\/\" target=\"_blank\" rel=\"noreferrer noopener\">here<\/a> to read the Spanish version.<\/strong><br>The Spanish craft brewery <a href=\"https:\/\/www.cervezaslavirgen.com\/\" target=\"_blank\" rel=\"noreferrer noopener\">Cervezas La Virgen<\/a> has announced the cessation of its activity, which will also entail the dismissal of its 78 workers. Thereafter, a process of &#8220;dialogue and negotiation&#8221; will be opened with the unions, as well as the closure of its establishments, as reported by Europa Press.<\/p>\n\n\n\n<p>In this regard, the company has explained that it will cease its activity both in its factory and in the taproom and bars, as it currently has six different premises of La Virgen, which are distributed in Majadahonda, Alcorc\u00f3n and four in Madrid capital.<\/p>\n\n\n\n<figure class=\"wp-block-image size-full\"><img decoding=\"async\" width=\"900\" height=\"767\" src=\"https:\/\/www.tapasmagazine.es\/wp-content\/uploads\/2024\/03\/Comunicado-La-Virgen.jpg\" alt=\"\" class=\"wp-image-239722\" srcset=\"https:\/\/www.tapasmagazine.es\/wp-content\/uploads\/2024\/03\/Comunicado-La-Virgen.jpg 900w, https:\/\/www.tapasmagazine.es\/wp-content\/uploads\/2024\/03\/Comunicado-La-Virgen-300x256.jpg 300w, https:\/\/www.tapasmagazine.es\/wp-content\/uploads\/2024\/03\/Comunicado-La-Virgen-768x655.jpg 768w, https:\/\/www.tapasmagazine.es\/wp-content\/uploads\/2024\/03\/Comunicado-La-Virgen-400x341.jpg 400w\" sizes=\"(max-width: 900px) 100vw, 900px\" \/><figcaption class=\"wp-element-caption\">El comunicado que ha compartido Cervezas La Virgen en su <a href=\"https:\/\/www.instagram.com\/p\/C4GVRFAtVU-\/\" target=\"_blank\" rel=\"noreferrer noopener\">Instagram<\/a>.<\/figcaption><\/figure>\n\n\n\n<p>&#8220;We have faced a complex situation in terms of obtaining permits for the company&#8217;s flagship location in Las Rozas. This fact, combined with the difficult financial situation, has led Cervezas La Virgen to take this difficult decision,&#8221; the craft brewery has assured. It should be remembered that in December it had already announced that it was forced to <a href=\"https:\/\/www.tapasmagazine.es\/en\/cervezas-la-virgen-closes-its-las-rozas-factory\/\" target=\"_blank\" rel=\"noreferrer noopener\">close its factory in Las Rozas<\/a>, but it was confident that this was a temporary decision and that a reasonable solution to the doubts of the City Council could be found, something that finally could not be.<\/p>\n\n\n\n<p>In this way, the company has assured that it will carry out this process with the &#8220;utmost respect&#8221; for its workers, with the aim of reaching an agreement that minimizes, as far as possible, the social impact of this decision.<\/p>\n","protected":false},"excerpt":{"rendered":"<p>Click here to read the Spanish version.The Spanish craft brewery Cervezas La Virgen has announced the cessation of its activity, which will also entail the dismissal of its 78 workers. Thereafter, a process of &#8220;dialogue and negotiation&#8221; will be opened with the unions, as well as the closure of its establishments, as reported by Europa [&hellip;]<\/p>\n","protected":false},"author":316,"featured_media":239725,"comment_status":"closed","ping_status":"closed","sticky":false,"template":"","format":"standard","meta":{"_acf_changed":false,"footnotes":""},"categories":[15802],"tags":[],"class_list":["post-239727","post","type-post","status-publish","format-standard","has-post-thumbnail","hentry","category-news","cat-15802-id"],"acf":[],"yoast_head":"<!-- This site is optimized with the Yoast SEO plugin v27.4 - https:\/\/yoast.com\/product\/yoast-seo-wordpress\/ -->\n<title>Cervezas La Virgen announces the cessation of its operations<\/title>\n<meta name=\"description\" content=\"Cervezas La Virgen has announced that the cessation will also entail the dismissal of its 78 workers. We reveal more details.\" \/>\n<meta name=\"robots\" content=\"index, follow, max-snippet:-1, max-image-preview:large, max-video-preview:-1\" \/>\n<link rel=\"canonical\" href=\"https:\/\/www.tapasmagazine.es\/en\/cervezas-la-virgen-announces-the-cessation-of-its-operations\/\" \/>\n<meta property=\"og:locale\" content=\"en_US\" \/>\n<meta property=\"og:type\" content=\"article\" \/>\n<meta property=\"og:title\" content=\"Cervezas La Virgen announces the cessation of its operations\" \/>\n<meta property=\"og:description\" content=\"Cervezas La Virgen has announced that the cessation will also entail the dismissal of its 78 workers. We reveal more details.\" \/>\n<meta property=\"og:url\" content=\"https:\/\/www.tapasmagazine.es\/en\/cervezas-la-virgen-announces-the-cessation-of-its-operations\/\" \/>\n<meta property=\"og:site_name\" content=\"Tapas\" \/>\n<meta property=\"article:publisher\" content=\"https:\/\/www.facebook.com\/tapasmagazine\" \/>\n<meta property=\"article:published_time\" content=\"2024-03-05T09:40:52+00:00\" \/>\n<meta property=\"article:modified_time\" content=\"2024-03-05T09:48:24+00:00\" \/>\n<meta property=\"og:image\" content=\"https:\/\/www.tapasmagazine.es\/wp-content\/uploads\/2024\/03\/Cervezas-La-Virgen-cesa-su-actividad.jpg\" \/>\n\t<meta property=\"og:image:width\" content=\"1200\" \/>\n\t<meta property=\"og:image:height\" content=\"675\" \/>\n\t<meta property=\"og:image:type\" content=\"image\/jpeg\" \/>\n<meta name=\"author\" content=\"TAPAS MAGAZINE\" \/>\n<meta name=\"twitter:card\" content=\"summary_large_image\" \/>\n<meta name=\"twitter:creator\" content=\"@TapasMagazine\" \/>\n<meta name=\"twitter:site\" content=\"@TapasMagazine\" \/>\n<meta name=\"twitter:label1\" content=\"Written by\" \/>\n\t<meta name=\"twitter:data1\" content=\"TAPAS MAGAZINE\" \/>\n\t<meta name=\"twitter:label2\" content=\"Est. reading time\" \/>\n\t<meta name=\"twitter:data2\" content=\"2 minutes\" \/>\n<script type=\"application\/ld+json\" class=\"yoast-schema-graph\">{\"@context\":\"https:\\\/\\\/schema.org\",\"@graph\":[{\"@type\":\"Article\",\"@id\":\"https:\\\/\\\/www.tapasmagazine.es\\\/en\\\/cervezas-la-virgen-announces-the-cessation-of-its-operations\\\/#article\",\"isPartOf\":{\"@id\":\"https:\\\/\\\/www.tapasmagazine.es\\\/en\\\/cervezas-la-virgen-announces-the-cessation-of-its-operations\\\/\"},\"author\":{\"name\":\"TAPAS MAGAZINE\",\"@id\":\"https:\\\/\\\/www.tapasmagazine.es\\\/#\\\/schema\\\/person\\\/aa2878f43139547f5e6a3af3b7fd27ef\"},\"headline\":\"Cervezas La Virgen announces the cessation of its operations\",\"datePublished\":\"2024-03-05T09:40:52+00:00\",\"dateModified\":\"2024-03-05T09:48:24+00:00\",\"mainEntityOfPage\":{\"@id\":\"https:\\\/\\\/www.tapasmagazine.es\\\/en\\\/cervezas-la-virgen-announces-the-cessation-of-its-operations\\\/\"},\"wordCount\":257,\"publisher\":{\"@id\":\"https:\\\/\\\/www.tapasmagazine.es\\\/#organization\"},\"image\":{\"@id\":\"https:\\\/\\\/www.tapasmagazine.es\\\/en\\\/cervezas-la-virgen-announces-the-cessation-of-its-operations\\\/#primaryimage\"},\"thumbnailUrl\":\"https:\\\/\\\/www.tapasmagazine.es\\\/wp-content\\\/uploads\\\/2024\\\/03\\\/Cervezas-La-Virgen-cesa-su-actividad.jpg\",\"articleSection\":[\"News\"],\"inLanguage\":\"en-US\"},{\"@type\":\"WebPage\",\"@id\":\"https:\\\/\\\/www.tapasmagazine.es\\\/en\\\/cervezas-la-virgen-announces-the-cessation-of-its-operations\\\/\",\"url\":\"https:\\\/\\\/www.tapasmagazine.es\\\/en\\\/cervezas-la-virgen-announces-the-cessation-of-its-operations\\\/\",\"name\":\"Cervezas La Virgen announces the cessation of its operations\",\"isPartOf\":{\"@id\":\"https:\\\/\\\/www.tapasmagazine.es\\\/#website\"},\"primaryImageOfPage\":{\"@id\":\"https:\\\/\\\/www.tapasmagazine.es\\\/en\\\/cervezas-la-virgen-announces-the-cessation-of-its-operations\\\/#primaryimage\"},\"image\":{\"@id\":\"https:\\\/\\\/www.tapasmagazine.es\\\/en\\\/cervezas-la-virgen-announces-the-cessation-of-its-operations\\\/#primaryimage\"},\"thumbnailUrl\":\"https:\\\/\\\/www.tapasmagazine.es\\\/wp-content\\\/uploads\\\/2024\\\/03\\\/Cervezas-La-Virgen-cesa-su-actividad.jpg\",\"datePublished\":\"2024-03-05T09:40:52+00:00\",\"dateModified\":\"2024-03-05T09:48:24+00:00\",\"description\":\"Cervezas La Virgen has announced that the cessation will also entail the dismissal of its 78 workers. We reveal more details.\",\"breadcrumb\":{\"@id\":\"https:\\\/\\\/www.tapasmagazine.es\\\/en\\\/cervezas-la-virgen-announces-the-cessation-of-its-operations\\\/#breadcrumb\"},\"inLanguage\":\"en-US\",\"potentialAction\":[{\"@type\":\"ReadAction\",\"target\":[\"https:\\\/\\\/www.tapasmagazine.es\\\/en\\\/cervezas-la-virgen-announces-the-cessation-of-its-operations\\\/\"]}]},{\"@type\":\"ImageObject\",\"inLanguage\":\"en-US\",\"@id\":\"https:\\\/\\\/www.tapasmagazine.es\\\/en\\\/cervezas-la-virgen-announces-the-cessation-of-its-operations\\\/#primaryimage\",\"url\":\"https:\\\/\\\/www.tapasmagazine.es\\\/wp-content\\\/uploads\\\/2024\\\/03\\\/Cervezas-La-Virgen-cesa-su-actividad.jpg\",\"contentUrl\":\"https:\\\/\\\/www.tapasmagazine.es\\\/wp-content\\\/uploads\\\/2024\\\/03\\\/Cervezas-La-Virgen-cesa-su-actividad.jpg\",\"width\":1200,\"height\":675},{\"@type\":\"BreadcrumbList\",\"@id\":\"https:\\\/\\\/www.tapasmagazine.es\\\/en\\\/cervezas-la-virgen-announces-the-cessation-of-its-operations\\\/#breadcrumb\",\"itemListElement\":[{\"@type\":\"ListItem\",\"position\":1,\"name\":\"Portada\",\"item\":\"https:\\\/\\\/www.tapasmagazine.es\\\/\"},{\"@type\":\"ListItem\",\"position\":2,\"name\":\"News\",\"item\":\"https:\\\/\\\/www.tapasmagazine.es\\\/en\\\/categorias\\\/news\\\/\"},{\"@type\":\"ListItem\",\"position\":3,\"name\":\"Cervezas La Virgen announces the cessation of its operations\"}]},{\"@type\":\"WebSite\",\"@id\":\"https:\\\/\\\/www.tapasmagazine.es\\\/#website\",\"url\":\"https:\\\/\\\/www.tapasmagazine.es\\\/\",\"name\":\"Tapas\",\"description\":\"\u00d1am \u00d1am Lifestyle. La vida a bocados. Premio Nacional de Gastronom\u00eda 2016.\",\"publisher\":{\"@id\":\"https:\\\/\\\/www.tapasmagazine.es\\\/#organization\"},\"potentialAction\":[{\"@type\":\"SearchAction\",\"target\":{\"@type\":\"EntryPoint\",\"urlTemplate\":\"https:\\\/\\\/www.tapasmagazine.es\\\/?s={search_term_string}\"},\"query-input\":{\"@type\":\"PropertyValueSpecification\",\"valueRequired\":true,\"valueName\":\"search_term_string\"}}],\"inLanguage\":\"en-US\"},{\"@type\":\"Organization\",\"@id\":\"https:\\\/\\\/www.tapasmagazine.es\\\/#organization\",\"name\":\"Tapas Magazine\",\"url\":\"https:\\\/\\\/www.tapasmagazine.es\\\/\",\"logo\":{\"@type\":\"ImageObject\",\"inLanguage\":\"en-US\",\"@id\":\"https:\\\/\\\/www.tapasmagazine.es\\\/#\\\/schema\\\/logo\\\/image\\\/\",\"url\":\"https:\\\/\\\/www.tapasmagazine.es\\\/wp-content\\\/uploads\\\/2018\\\/01\\\/logo.png\",\"contentUrl\":\"https:\\\/\\\/www.tapasmagazine.es\\\/wp-content\\\/uploads\\\/2018\\\/01\\\/logo.png\",\"width\":180,\"height\":60,\"caption\":\"Tapas Magazine\"},\"image\":{\"@id\":\"https:\\\/\\\/www.tapasmagazine.es\\\/#\\\/schema\\\/logo\\\/image\\\/\"},\"sameAs\":[\"https:\\\/\\\/www.facebook.com\\\/tapasmagazine\",\"https:\\\/\\\/x.com\\\/TapasMagazine\",\"https:\\\/\\\/www.instagram.com\\\/tapasmagazine\\\/\",\"https:\\\/\\\/www.linkedin.com\\\/company\\\/tapas-magazine\",\"https:\\\/\\\/es.pinterest.com\\\/tapasmagazine\\\/\",\"https:\\\/\\\/www.youtube.com\\\/channel\\\/UCEyxneAaACuR0lfDagrWjjg?sub_confirmation=1\"]},{\"@type\":\"Person\",\"@id\":\"https:\\\/\\\/www.tapasmagazine.es\\\/#\\\/schema\\\/person\\\/aa2878f43139547f5e6a3af3b7fd27ef\",\"name\":\"TAPAS MAGAZINE\",\"url\":\"https:\\\/\\\/www.tapasmagazine.es\\\/en\\\/author\\\/tapasmagazine\\\/\"}]}<\/script>\n<!-- \/ Yoast SEO plugin. -->","yoast_head_json":{"title":"Cervezas La Virgen announces the cessation of its operations","description":"Cervezas La Virgen has announced that the cessation will also entail the dismissal of its 78 workers. We reveal more details.","robots":{"index":"index","follow":"follow","max-snippet":"max-snippet:-1","max-image-preview":"max-image-preview:large","max-video-preview":"max-video-preview:-1"},"canonical":"https:\/\/www.tapasmagazine.es\/en\/cervezas-la-virgen-announces-the-cessation-of-its-operations\/","og_locale":"en_US","og_type":"article","og_title":"Cervezas La Virgen announces the cessation of its operations","og_description":"Cervezas La Virgen has announced that the cessation will also entail the dismissal of its 78 workers. We reveal more details.","og_url":"https:\/\/www.tapasmagazine.es\/en\/cervezas-la-virgen-announces-the-cessation-of-its-operations\/","og_site_name":"Tapas","article_publisher":"https:\/\/www.facebook.com\/tapasmagazine","article_published_time":"2024-03-05T09:40:52+00:00","article_modified_time":"2024-03-05T09:48:24+00:00","og_image":[{"width":1200,"height":675,"url":"https:\/\/www.tapasmagazine.es\/wp-content\/uploads\/2024\/03\/Cervezas-La-Virgen-cesa-su-actividad.jpg","type":"image\/jpeg"}],"author":"TAPAS MAGAZINE","twitter_card":"summary_large_image","twitter_creator":"@TapasMagazine","twitter_site":"@TapasMagazine","twitter_misc":{"Written by":"TAPAS MAGAZINE","Est. reading time":"2 minutes"},"schema":{"@context":"https:\/\/schema.org","@graph":[{"@type":"Article","@id":"https:\/\/www.tapasmagazine.es\/en\/cervezas-la-virgen-announces-the-cessation-of-its-operations\/#article","isPartOf":{"@id":"https:\/\/www.tapasmagazine.es\/en\/cervezas-la-virgen-announces-the-cessation-of-its-operations\/"},"author":{"name":"TAPAS MAGAZINE","@id":"https:\/\/www.tapasmagazine.es\/#\/schema\/person\/aa2878f43139547f5e6a3af3b7fd27ef"},"headline":"Cervezas La Virgen announces the cessation of its operations","datePublished":"2024-03-05T09:40:52+00:00","dateModified":"2024-03-05T09:48:24+00:00","mainEntityOfPage":{"@id":"https:\/\/www.tapasmagazine.es\/en\/cervezas-la-virgen-announces-the-cessation-of-its-operations\/"},"wordCount":257,"publisher":{"@id":"https:\/\/www.tapasmagazine.es\/#organization"},"image":{"@id":"https:\/\/www.tapasmagazine.es\/en\/cervezas-la-virgen-announces-the-cessation-of-its-operations\/#primaryimage"},"thumbnailUrl":"https:\/\/www.tapasmagazine.es\/wp-content\/uploads\/2024\/03\/Cervezas-La-Virgen-cesa-su-actividad.jpg","articleSection":["News"],"inLanguage":"en-US"},{"@type":"WebPage","@id":"https:\/\/www.tapasmagazine.es\/en\/cervezas-la-virgen-announces-the-cessation-of-its-operations\/","url":"https:\/\/www.tapasmagazine.es\/en\/cervezas-la-virgen-announces-the-cessation-of-its-operations\/","name":"Cervezas La Virgen announces the cessation of its operations","isPartOf":{"@id":"https:\/\/www.tapasmagazine.es\/#website"},"primaryImageOfPage":{"@id":"https:\/\/www.tapasmagazine.es\/en\/cervezas-la-virgen-announces-the-cessation-of-its-operations\/#primaryimage"},"image":{"@id":"https:\/\/www.tapasmagazine.es\/en\/cervezas-la-virgen-announces-the-cessation-of-its-operations\/#primaryimage"},"thumbnailUrl":"https:\/\/www.tapasmagazine.es\/wp-content\/uploads\/2024\/03\/Cervezas-La-Virgen-cesa-su-actividad.jpg","datePublished":"2024-03-05T09:40:52+00:00","dateModified":"2024-03-05T09:48:24+00:00","description":"Cervezas La Virgen has announced that the cessation will also entail the dismissal of its 78 workers. We reveal more details.","breadcrumb":{"@id":"https:\/\/www.tapasmagazine.es\/en\/cervezas-la-virgen-announces-the-cessation-of-its-operations\/#breadcrumb"},"inLanguage":"en-US","potentialAction":[{"@type":"ReadAction","target":["https:\/\/www.tapasmagazine.es\/en\/cervezas-la-virgen-announces-the-cessation-of-its-operations\/"]}]},{"@type":"ImageObject","inLanguage":"en-US","@id":"https:\/\/www.tapasmagazine.es\/en\/cervezas-la-virgen-announces-the-cessation-of-its-operations\/#primaryimage","url":"https:\/\/www.tapasmagazine.es\/wp-content\/uploads\/2024\/03\/Cervezas-La-Virgen-cesa-su-actividad.jpg","contentUrl":"https:\/\/www.tapasmagazine.es\/wp-content\/uploads\/2024\/03\/Cervezas-La-Virgen-cesa-su-actividad.jpg","width":1200,"height":675},{"@type":"BreadcrumbList","@id":"https:\/\/www.tapasmagazine.es\/en\/cervezas-la-virgen-announces-the-cessation-of-its-operations\/#breadcrumb","itemListElement":[{"@type":"ListItem","position":1,"name":"Portada","item":"https:\/\/www.tapasmagazine.es\/"},{"@type":"ListItem","position":2,"name":"News","item":"https:\/\/www.tapasmagazine.es\/en\/categorias\/news\/"},{"@type":"ListItem","position":3,"name":"Cervezas La Virgen announces the cessation of its operations"}]},{"@type":"WebSite","@id":"https:\/\/www.tapasmagazine.es\/#website","url":"https:\/\/www.tapasmagazine.es\/","name":"Tapas","description":"\u00d1am \u00d1am Lifestyle. La vida a bocados. Premio Nacional de Gastronom\u00eda 2016.","publisher":{"@id":"https:\/\/www.tapasmagazine.es\/#organization"},"potentialAction":[{"@type":"SearchAction","target":{"@type":"EntryPoint","urlTemplate":"https:\/\/www.tapasmagazine.es\/?s={search_term_string}"},"query-input":{"@type":"PropertyValueSpecification","valueRequired":true,"valueName":"search_term_string"}}],"inLanguage":"en-US"},{"@type":"Organization","@id":"https:\/\/www.tapasmagazine.es\/#organization","name":"Tapas Magazine","url":"https:\/\/www.tapasmagazine.es\/","logo":{"@type":"ImageObject","inLanguage":"en-US","@id":"https:\/\/www.tapasmagazine.es\/#\/schema\/logo\/image\/","url":"https:\/\/www.tapasmagazine.es\/wp-content\/uploads\/2018\/01\/logo.png","contentUrl":"https:\/\/www.tapasmagazine.es\/wp-content\/uploads\/2018\/01\/logo.png","width":180,"height":60,"caption":"Tapas Magazine"},"image":{"@id":"https:\/\/www.tapasmagazine.es\/#\/schema\/logo\/image\/"},"sameAs":["https:\/\/www.facebook.com\/tapasmagazine","https:\/\/x.com\/TapasMagazine","https:\/\/www.instagram.com\/tapasmagazine\/","https:\/\/www.linkedin.com\/company\/tapas-magazine","https:\/\/es.pinterest.com\/tapasmagazine\/","https:\/\/www.youtube.com\/channel\/UCEyxneAaACuR0lfDagrWjjg?sub_confirmation=1"]},{"@type":"Person","@id":"https:\/\/www.tapasmagazine.es\/#\/schema\/person\/aa2878f43139547f5e6a3af3b7fd27ef","name":"TAPAS MAGAZINE","url":"https:\/\/www.tapasmagazine.es\/en\/author\/tapasmagazine\/"}]}},"_links":{"self":[{"href":"https:\/\/www.tapasmagazine.es\/en\/wp-json\/wp\/v2\/posts\/239727","targetHints":{"allow":["GET"]}}],"collection":[{"href":"https:\/\/www.tapasmagazine.es\/en\/wp-json\/wp\/v2\/posts"}],"about":[{"href":"https:\/\/www.tapasmagazine.es\/en\/wp-json\/wp\/v2\/types\/post"}],"author":[{"embeddable":true,"href":"https:\/\/www.tapasmagazine.es\/en\/wp-json\/wp\/v2\/users\/316"}],"replies":[{"embeddable":true,"href":"https:\/\/www.tapasmagazine.es\/en\/wp-json\/wp\/v2\/comments?post=239727"}],"version-history":[{"count":1,"href":"https:\/\/www.tapasmagazine.es\/en\/wp-json\/wp\/v2\/posts\/239727\/revisions"}],"predecessor-version":[{"id":239738,"href":"https:\/\/www.tapasmagazine.es\/en\/wp-json\/wp\/v2\/posts\/239727\/revisions\/239738"}],"wp:featuredmedia":[{"embeddable":true,"href":"https:\/\/www.tapasmagazine.es\/en\/wp-json\/wp\/v2\/media\/239725"}],"wp:attachment":[{"href":"https:\/\/www.tapasmagazine.es\/en\/wp-json\/wp\/v2\/media?parent=239727"}],"wp:term":[{"taxonomy":"category","embeddable":true,"href":"https:\/\/www.tapasmagazine.es\/en\/wp-json\/wp\/v2\/categories?post=239727"},{"taxonomy":"post_tag","embeddable":true,"href":"https:\/\/www.tapasmagazine.es\/en\/wp-json\/wp\/v2\/tags?post=239727"}],"curies":[{"name":"wp","href":"https:\/\/api.w.org\/{rel}","templated":true}]}}