{"id":239215,"date":"2024-02-29T14:20:00","date_gmt":"2024-02-29T13:20:00","guid":{"rendered":"https:\/\/www.tapasmagazine.es\/?p=239215"},"modified":"2024-02-29T15:29:18","modified_gmt":"2024-02-29T14:29:18","slug":"adam-sandler-calls-for-the-return-of-this-chocolate-bar-discontinued-43-years-ago","status":"publish","type":"post","link":"https:\/\/www.tapasmagazine.es\/en\/adam-sandler-calls-for-the-return-of-this-chocolate-bar-discontinued-43-years-ago\/","title":{"rendered":"Adam Sandler calls for the return of this chocolate bar discontinued 43 years ago"},"content":{"rendered":"\n<p><strong>Click <a href=\"https:\/\/www.tapasmagazine.es\/adam-sandler-pide-el-regreso-de-esta-chocolatina-descatalogada-hace-43-anos\/\" target=\"_blank\" rel=\"noreferrer noopener\">here<\/a> to read the Spanish version.<\/strong><br>Actor Adam Sandler is promoting his upcoming movie, <em>Spaceman<\/em>, which premieres on Netflix on March 1. During the presentation, some journalists wanted to know what snack he would take with him into space, in reference to his character in the movie. To the surprise of those present, Adam Sandler commented that his chocolate bar of choice would be the Marathon, an elongated chocolate and caramel bar that, paradoxically, has been discontinued for more than 43 years.<\/p>\n\n\n<div class=\"wp-block-image\">\n<figure class=\"aligncenter size-full\"><img decoding=\"async\" width=\"600\" height=\"467\" src=\"https:\/\/www.tapasmagazine.es\/wp-content\/uploads\/2024\/02\/Marathon-chocolatina.jpg\" alt=\"\" class=\"wp-image-239213\" srcset=\"https:\/\/www.tapasmagazine.es\/wp-content\/uploads\/2024\/02\/Marathon-chocolatina.jpg 600w, https:\/\/www.tapasmagazine.es\/wp-content\/uploads\/2024\/02\/Marathon-chocolatina-300x234.jpg 300w, https:\/\/www.tapasmagazine.es\/wp-content\/uploads\/2024\/02\/Marathon-chocolatina-400x311.jpg 400w\" sizes=\"(max-width: 600px) 100vw, 600px\" \/><\/figure>\n<\/div>\n\n\n<p>&#8220;Did you ever have one of those? They don&#8217;t make them anymore. Maybe they only make a few,&#8221; the actor detailed, while joking about the possibility of having a &#8220;secret factory.&#8221; &#8220;No, I don&#8217;t. Maybe I do. I&#8217;m Sandler, for God&#8217;s sake, I can get a Marathon bar.&#8221;<\/p>\n\n\n\n<figure class=\"wp-block-embed is-type-video is-provider-youtube wp-block-embed-youtube wp-embed-aspect-16-9 wp-has-aspect-ratio\"><div class=\"wp-block-embed__wrapper\">\n<iframe title=\"Marathon Candy Bar Commercial (1975)\" width=\"640\" height=\"360\" src=\"https:\/\/www.youtube.com\/embed\/Evp187KImq4?feature=oembed\" frameborder=\"0\" allow=\"accelerometer; autoplay; clipboard-write; encrypted-media; gyroscope; picture-in-picture; web-share\" referrerpolicy=\"strict-origin-when-cross-origin\" allowfullscreen><\/iframe>\n<\/div><\/figure>\n\n\n\n<p>Few will probably remember the Marathon chocolate bars, since they were only on sale from 1973 to 1981. These Mars brand bars combined chocolate and caramel and were shaped like a braid. There are no clear reasons for their withdrawal from the market. Although it has been more than four decades since they ceased to exist, it seems that actor Adam Sandler has not forgotten his favorite chocolate bars. The Daily Meal suggests an alternative that is quite similar: <a href=\"https:\/\/americanmarket.es\/producto\/cadbury-curly-wurly-5x21-5gr\/\" target=\"_blank\" rel=\"noreferrer noopener\">Cadbury<\/a>&#8216;s <a href=\"https:\/\/americanmarket.es\/producto\/cadbury-curly-wurly-5x21-5gr\/\" target=\"_blank\" rel=\"noreferrer noopener\">Curly Wurly bars<\/a>.<\/p>\n\n\n\n<p>Did you know Adam Sandler&#8217;s favorite chocolate bar?<\/p>\n","protected":false},"excerpt":{"rendered":"<p>Click here to read the Spanish version.Actor Adam Sandler is promoting his upcoming movie, Spaceman, which premieres on Netflix on March 1. During the presentation, some journalists wanted to know what snack he would take with him into space, in reference to his character in the movie. To the surprise of those present, Adam Sandler [&hellip;]<\/p>\n","protected":false},"author":316,"featured_media":239212,"comment_status":"closed","ping_status":"closed","sticky":false,"template":"","format":"standard","meta":{"_acf_changed":false,"footnotes":""},"categories":[15802,15851,15910],"tags":[],"class_list":["post-239215","post","type-post","status-publish","format-standard","has-post-thumbnail","hentry","category-news","category-nombres-propios-en","category-personajes-en","cat-15802-id","cat-15851-id","cat-15910-id"],"acf":[],"yoast_head":"<!-- This site is optimized with the Yoast SEO plugin v27.4 - https:\/\/yoast.com\/product\/yoast-seo-wordpress\/ -->\n<title>Adam Sandler calls for the return of this chocolate bar discontinued 43 years ago<\/title>\n<meta name=\"description\" content=\"Durante el estreno de su nueva pel\u00edcula para Netflix, Adam Sandler ha revelado cu\u00e1l era su chocolatina favorita.\" \/>\n<meta name=\"robots\" content=\"index, follow, max-snippet:-1, max-image-preview:large, max-video-preview:-1\" \/>\n<link rel=\"canonical\" href=\"https:\/\/www.tapasmagazine.es\/en\/adam-sandler-calls-for-the-return-of-this-chocolate-bar-discontinued-43-years-ago\/\" \/>\n<meta property=\"og:locale\" content=\"en_US\" \/>\n<meta property=\"og:type\" content=\"article\" \/>\n<meta property=\"og:title\" content=\"Adam Sandler calls for the return of this chocolate bar discontinued 43 years ago\" \/>\n<meta property=\"og:description\" content=\"Durante el estreno de su nueva pel\u00edcula para Netflix, Adam Sandler ha revelado cu\u00e1l era su chocolatina favorita.\" \/>\n<meta property=\"og:url\" content=\"https:\/\/www.tapasmagazine.es\/en\/adam-sandler-calls-for-the-return-of-this-chocolate-bar-discontinued-43-years-ago\/\" \/>\n<meta property=\"og:site_name\" content=\"Tapas\" \/>\n<meta property=\"article:publisher\" content=\"https:\/\/www.facebook.com\/tapasmagazine\" \/>\n<meta property=\"article:published_time\" content=\"2024-02-29T13:20:00+00:00\" \/>\n<meta property=\"article:modified_time\" content=\"2024-02-29T14:29:18+00:00\" \/>\n<meta property=\"og:image\" content=\"https:\/\/www.tapasmagazine.es\/wp-content\/uploads\/2024\/02\/Adam-Sandler-chocolatina.jpg\" \/>\n\t<meta property=\"og:image:width\" content=\"1200\" \/>\n\t<meta property=\"og:image:height\" content=\"675\" \/>\n\t<meta property=\"og:image:type\" content=\"image\/jpeg\" \/>\n<meta name=\"author\" content=\"TAPAS MAGAZINE\" \/>\n<meta name=\"twitter:card\" content=\"summary_large_image\" \/>\n<meta name=\"twitter:creator\" content=\"@TapasMagazine\" \/>\n<meta name=\"twitter:site\" content=\"@TapasMagazine\" \/>\n<meta name=\"twitter:label1\" content=\"Written by\" \/>\n\t<meta name=\"twitter:data1\" content=\"TAPAS MAGAZINE\" \/>\n\t<meta name=\"twitter:label2\" content=\"Est. reading time\" \/>\n\t<meta name=\"twitter:data2\" content=\"2 minutes\" \/>\n<script type=\"application\/ld+json\" class=\"yoast-schema-graph\">{\"@context\":\"https:\\\/\\\/schema.org\",\"@graph\":[{\"@type\":\"Article\",\"@id\":\"https:\\\/\\\/www.tapasmagazine.es\\\/en\\\/adam-sandler-calls-for-the-return-of-this-chocolate-bar-discontinued-43-years-ago\\\/#article\",\"isPartOf\":{\"@id\":\"https:\\\/\\\/www.tapasmagazine.es\\\/en\\\/adam-sandler-calls-for-the-return-of-this-chocolate-bar-discontinued-43-years-ago\\\/\"},\"author\":{\"name\":\"TAPAS MAGAZINE\",\"@id\":\"https:\\\/\\\/www.tapasmagazine.es\\\/#\\\/schema\\\/person\\\/aa2878f43139547f5e6a3af3b7fd27ef\"},\"headline\":\"Adam Sandler calls for the return of this chocolate bar discontinued 43 years ago\",\"datePublished\":\"2024-02-29T13:20:00+00:00\",\"dateModified\":\"2024-02-29T14:29:18+00:00\",\"mainEntityOfPage\":{\"@id\":\"https:\\\/\\\/www.tapasmagazine.es\\\/en\\\/adam-sandler-calls-for-the-return-of-this-chocolate-bar-discontinued-43-years-ago\\\/\"},\"wordCount\":244,\"publisher\":{\"@id\":\"https:\\\/\\\/www.tapasmagazine.es\\\/#organization\"},\"image\":{\"@id\":\"https:\\\/\\\/www.tapasmagazine.es\\\/en\\\/adam-sandler-calls-for-the-return-of-this-chocolate-bar-discontinued-43-years-ago\\\/#primaryimage\"},\"thumbnailUrl\":\"https:\\\/\\\/www.tapasmagazine.es\\\/wp-content\\\/uploads\\\/2024\\\/02\\\/Adam-Sandler-chocolatina.jpg\",\"articleSection\":[\"News\",\"Nombres propios\",\"Personajes\"],\"inLanguage\":\"en-US\"},{\"@type\":\"WebPage\",\"@id\":\"https:\\\/\\\/www.tapasmagazine.es\\\/en\\\/adam-sandler-calls-for-the-return-of-this-chocolate-bar-discontinued-43-years-ago\\\/\",\"url\":\"https:\\\/\\\/www.tapasmagazine.es\\\/en\\\/adam-sandler-calls-for-the-return-of-this-chocolate-bar-discontinued-43-years-ago\\\/\",\"name\":\"Adam Sandler calls for the return of this chocolate bar discontinued 43 years ago\",\"isPartOf\":{\"@id\":\"https:\\\/\\\/www.tapasmagazine.es\\\/#website\"},\"primaryImageOfPage\":{\"@id\":\"https:\\\/\\\/www.tapasmagazine.es\\\/en\\\/adam-sandler-calls-for-the-return-of-this-chocolate-bar-discontinued-43-years-ago\\\/#primaryimage\"},\"image\":{\"@id\":\"https:\\\/\\\/www.tapasmagazine.es\\\/en\\\/adam-sandler-calls-for-the-return-of-this-chocolate-bar-discontinued-43-years-ago\\\/#primaryimage\"},\"thumbnailUrl\":\"https:\\\/\\\/www.tapasmagazine.es\\\/wp-content\\\/uploads\\\/2024\\\/02\\\/Adam-Sandler-chocolatina.jpg\",\"datePublished\":\"2024-02-29T13:20:00+00:00\",\"dateModified\":\"2024-02-29T14:29:18+00:00\",\"description\":\"Durante el estreno de su nueva pel\u00edcula para Netflix, Adam Sandler ha revelado cu\u00e1l era su chocolatina favorita.\",\"breadcrumb\":{\"@id\":\"https:\\\/\\\/www.tapasmagazine.es\\\/en\\\/adam-sandler-calls-for-the-return-of-this-chocolate-bar-discontinued-43-years-ago\\\/#breadcrumb\"},\"inLanguage\":\"en-US\",\"potentialAction\":[{\"@type\":\"ReadAction\",\"target\":[\"https:\\\/\\\/www.tapasmagazine.es\\\/en\\\/adam-sandler-calls-for-the-return-of-this-chocolate-bar-discontinued-43-years-ago\\\/\"]}]},{\"@type\":\"ImageObject\",\"inLanguage\":\"en-US\",\"@id\":\"https:\\\/\\\/www.tapasmagazine.es\\\/en\\\/adam-sandler-calls-for-the-return-of-this-chocolate-bar-discontinued-43-years-ago\\\/#primaryimage\",\"url\":\"https:\\\/\\\/www.tapasmagazine.es\\\/wp-content\\\/uploads\\\/2024\\\/02\\\/Adam-Sandler-chocolatina.jpg\",\"contentUrl\":\"https:\\\/\\\/www.tapasmagazine.es\\\/wp-content\\\/uploads\\\/2024\\\/02\\\/Adam-Sandler-chocolatina.jpg\",\"width\":1200,\"height\":675},{\"@type\":\"BreadcrumbList\",\"@id\":\"https:\\\/\\\/www.tapasmagazine.es\\\/en\\\/adam-sandler-calls-for-the-return-of-this-chocolate-bar-discontinued-43-years-ago\\\/#breadcrumb\",\"itemListElement\":[{\"@type\":\"ListItem\",\"position\":1,\"name\":\"Portada\",\"item\":\"https:\\\/\\\/www.tapasmagazine.es\\\/\"},{\"@type\":\"ListItem\",\"position\":2,\"name\":\"Actualidad\",\"item\":\"https:\\\/\\\/www.tapasmagazine.es\\\/categorias\\\/actualidad\\\/\"},{\"@type\":\"ListItem\",\"position\":3,\"name\":\"Adam Sandler calls for the return of this chocolate bar discontinued 43 years ago\"}]},{\"@type\":\"WebSite\",\"@id\":\"https:\\\/\\\/www.tapasmagazine.es\\\/#website\",\"url\":\"https:\\\/\\\/www.tapasmagazine.es\\\/\",\"name\":\"Tapas\",\"description\":\"\u00d1am \u00d1am Lifestyle. La vida a bocados. Premio Nacional de Gastronom\u00eda 2016.\",\"publisher\":{\"@id\":\"https:\\\/\\\/www.tapasmagazine.es\\\/#organization\"},\"potentialAction\":[{\"@type\":\"SearchAction\",\"target\":{\"@type\":\"EntryPoint\",\"urlTemplate\":\"https:\\\/\\\/www.tapasmagazine.es\\\/?s={search_term_string}\"},\"query-input\":{\"@type\":\"PropertyValueSpecification\",\"valueRequired\":true,\"valueName\":\"search_term_string\"}}],\"inLanguage\":\"en-US\"},{\"@type\":\"Organization\",\"@id\":\"https:\\\/\\\/www.tapasmagazine.es\\\/#organization\",\"name\":\"Tapas Magazine\",\"url\":\"https:\\\/\\\/www.tapasmagazine.es\\\/\",\"logo\":{\"@type\":\"ImageObject\",\"inLanguage\":\"en-US\",\"@id\":\"https:\\\/\\\/www.tapasmagazine.es\\\/#\\\/schema\\\/logo\\\/image\\\/\",\"url\":\"https:\\\/\\\/www.tapasmagazine.es\\\/wp-content\\\/uploads\\\/2018\\\/01\\\/logo.png\",\"contentUrl\":\"https:\\\/\\\/www.tapasmagazine.es\\\/wp-content\\\/uploads\\\/2018\\\/01\\\/logo.png\",\"width\":180,\"height\":60,\"caption\":\"Tapas Magazine\"},\"image\":{\"@id\":\"https:\\\/\\\/www.tapasmagazine.es\\\/#\\\/schema\\\/logo\\\/image\\\/\"},\"sameAs\":[\"https:\\\/\\\/www.facebook.com\\\/tapasmagazine\",\"https:\\\/\\\/x.com\\\/TapasMagazine\",\"https:\\\/\\\/www.instagram.com\\\/tapasmagazine\\\/\",\"https:\\\/\\\/www.linkedin.com\\\/company\\\/tapas-magazine\",\"https:\\\/\\\/es.pinterest.com\\\/tapasmagazine\\\/\",\"https:\\\/\\\/www.youtube.com\\\/channel\\\/UCEyxneAaACuR0lfDagrWjjg?sub_confirmation=1\"]},{\"@type\":\"Person\",\"@id\":\"https:\\\/\\\/www.tapasmagazine.es\\\/#\\\/schema\\\/person\\\/aa2878f43139547f5e6a3af3b7fd27ef\",\"name\":\"TAPAS MAGAZINE\",\"url\":\"https:\\\/\\\/www.tapasmagazine.es\\\/en\\\/author\\\/tapasmagazine\\\/\"}]}<\/script>\n<!-- \/ Yoast SEO plugin. -->","yoast_head_json":{"title":"Adam Sandler calls for the return of this chocolate bar discontinued 43 years ago","description":"Durante el estreno de su nueva pel\u00edcula para Netflix, Adam Sandler ha revelado cu\u00e1l era su chocolatina favorita.","robots":{"index":"index","follow":"follow","max-snippet":"max-snippet:-1","max-image-preview":"max-image-preview:large","max-video-preview":"max-video-preview:-1"},"canonical":"https:\/\/www.tapasmagazine.es\/en\/adam-sandler-calls-for-the-return-of-this-chocolate-bar-discontinued-43-years-ago\/","og_locale":"en_US","og_type":"article","og_title":"Adam Sandler calls for the return of this chocolate bar discontinued 43 years ago","og_description":"Durante el estreno de su nueva pel\u00edcula para Netflix, Adam Sandler ha revelado cu\u00e1l era su chocolatina favorita.","og_url":"https:\/\/www.tapasmagazine.es\/en\/adam-sandler-calls-for-the-return-of-this-chocolate-bar-discontinued-43-years-ago\/","og_site_name":"Tapas","article_publisher":"https:\/\/www.facebook.com\/tapasmagazine","article_published_time":"2024-02-29T13:20:00+00:00","article_modified_time":"2024-02-29T14:29:18+00:00","og_image":[{"width":1200,"height":675,"url":"https:\/\/www.tapasmagazine.es\/wp-content\/uploads\/2024\/02\/Adam-Sandler-chocolatina.jpg","type":"image\/jpeg"}],"author":"TAPAS MAGAZINE","twitter_card":"summary_large_image","twitter_creator":"@TapasMagazine","twitter_site":"@TapasMagazine","twitter_misc":{"Written by":"TAPAS MAGAZINE","Est. reading time":"2 minutes"},"schema":{"@context":"https:\/\/schema.org","@graph":[{"@type":"Article","@id":"https:\/\/www.tapasmagazine.es\/en\/adam-sandler-calls-for-the-return-of-this-chocolate-bar-discontinued-43-years-ago\/#article","isPartOf":{"@id":"https:\/\/www.tapasmagazine.es\/en\/adam-sandler-calls-for-the-return-of-this-chocolate-bar-discontinued-43-years-ago\/"},"author":{"name":"TAPAS MAGAZINE","@id":"https:\/\/www.tapasmagazine.es\/#\/schema\/person\/aa2878f43139547f5e6a3af3b7fd27ef"},"headline":"Adam Sandler calls for the return of this chocolate bar discontinued 43 years ago","datePublished":"2024-02-29T13:20:00+00:00","dateModified":"2024-02-29T14:29:18+00:00","mainEntityOfPage":{"@id":"https:\/\/www.tapasmagazine.es\/en\/adam-sandler-calls-for-the-return-of-this-chocolate-bar-discontinued-43-years-ago\/"},"wordCount":244,"publisher":{"@id":"https:\/\/www.tapasmagazine.es\/#organization"},"image":{"@id":"https:\/\/www.tapasmagazine.es\/en\/adam-sandler-calls-for-the-return-of-this-chocolate-bar-discontinued-43-years-ago\/#primaryimage"},"thumbnailUrl":"https:\/\/www.tapasmagazine.es\/wp-content\/uploads\/2024\/02\/Adam-Sandler-chocolatina.jpg","articleSection":["News","Nombres propios","Personajes"],"inLanguage":"en-US"},{"@type":"WebPage","@id":"https:\/\/www.tapasmagazine.es\/en\/adam-sandler-calls-for-the-return-of-this-chocolate-bar-discontinued-43-years-ago\/","url":"https:\/\/www.tapasmagazine.es\/en\/adam-sandler-calls-for-the-return-of-this-chocolate-bar-discontinued-43-years-ago\/","name":"Adam Sandler calls for the return of this chocolate bar discontinued 43 years ago","isPartOf":{"@id":"https:\/\/www.tapasmagazine.es\/#website"},"primaryImageOfPage":{"@id":"https:\/\/www.tapasmagazine.es\/en\/adam-sandler-calls-for-the-return-of-this-chocolate-bar-discontinued-43-years-ago\/#primaryimage"},"image":{"@id":"https:\/\/www.tapasmagazine.es\/en\/adam-sandler-calls-for-the-return-of-this-chocolate-bar-discontinued-43-years-ago\/#primaryimage"},"thumbnailUrl":"https:\/\/www.tapasmagazine.es\/wp-content\/uploads\/2024\/02\/Adam-Sandler-chocolatina.jpg","datePublished":"2024-02-29T13:20:00+00:00","dateModified":"2024-02-29T14:29:18+00:00","description":"Durante el estreno de su nueva pel\u00edcula para Netflix, Adam Sandler ha revelado cu\u00e1l era su chocolatina favorita.","breadcrumb":{"@id":"https:\/\/www.tapasmagazine.es\/en\/adam-sandler-calls-for-the-return-of-this-chocolate-bar-discontinued-43-years-ago\/#breadcrumb"},"inLanguage":"en-US","potentialAction":[{"@type":"ReadAction","target":["https:\/\/www.tapasmagazine.es\/en\/adam-sandler-calls-for-the-return-of-this-chocolate-bar-discontinued-43-years-ago\/"]}]},{"@type":"ImageObject","inLanguage":"en-US","@id":"https:\/\/www.tapasmagazine.es\/en\/adam-sandler-calls-for-the-return-of-this-chocolate-bar-discontinued-43-years-ago\/#primaryimage","url":"https:\/\/www.tapasmagazine.es\/wp-content\/uploads\/2024\/02\/Adam-Sandler-chocolatina.jpg","contentUrl":"https:\/\/www.tapasmagazine.es\/wp-content\/uploads\/2024\/02\/Adam-Sandler-chocolatina.jpg","width":1200,"height":675},{"@type":"BreadcrumbList","@id":"https:\/\/www.tapasmagazine.es\/en\/adam-sandler-calls-for-the-return-of-this-chocolate-bar-discontinued-43-years-ago\/#breadcrumb","itemListElement":[{"@type":"ListItem","position":1,"name":"Portada","item":"https:\/\/www.tapasmagazine.es\/"},{"@type":"ListItem","position":2,"name":"Actualidad","item":"https:\/\/www.tapasmagazine.es\/categorias\/actualidad\/"},{"@type":"ListItem","position":3,"name":"Adam Sandler calls for the return of this chocolate bar discontinued 43 years ago"}]},{"@type":"WebSite","@id":"https:\/\/www.tapasmagazine.es\/#website","url":"https:\/\/www.tapasmagazine.es\/","name":"Tapas","description":"\u00d1am \u00d1am Lifestyle. La vida a bocados. Premio Nacional de Gastronom\u00eda 2016.","publisher":{"@id":"https:\/\/www.tapasmagazine.es\/#organization"},"potentialAction":[{"@type":"SearchAction","target":{"@type":"EntryPoint","urlTemplate":"https:\/\/www.tapasmagazine.es\/?s={search_term_string}"},"query-input":{"@type":"PropertyValueSpecification","valueRequired":true,"valueName":"search_term_string"}}],"inLanguage":"en-US"},{"@type":"Organization","@id":"https:\/\/www.tapasmagazine.es\/#organization","name":"Tapas Magazine","url":"https:\/\/www.tapasmagazine.es\/","logo":{"@type":"ImageObject","inLanguage":"en-US","@id":"https:\/\/www.tapasmagazine.es\/#\/schema\/logo\/image\/","url":"https:\/\/www.tapasmagazine.es\/wp-content\/uploads\/2018\/01\/logo.png","contentUrl":"https:\/\/www.tapasmagazine.es\/wp-content\/uploads\/2018\/01\/logo.png","width":180,"height":60,"caption":"Tapas Magazine"},"image":{"@id":"https:\/\/www.tapasmagazine.es\/#\/schema\/logo\/image\/"},"sameAs":["https:\/\/www.facebook.com\/tapasmagazine","https:\/\/x.com\/TapasMagazine","https:\/\/www.instagram.com\/tapasmagazine\/","https:\/\/www.linkedin.com\/company\/tapas-magazine","https:\/\/es.pinterest.com\/tapasmagazine\/","https:\/\/www.youtube.com\/channel\/UCEyxneAaACuR0lfDagrWjjg?sub_confirmation=1"]},{"@type":"Person","@id":"https:\/\/www.tapasmagazine.es\/#\/schema\/person\/aa2878f43139547f5e6a3af3b7fd27ef","name":"TAPAS MAGAZINE","url":"https:\/\/www.tapasmagazine.es\/en\/author\/tapasmagazine\/"}]}},"_links":{"self":[{"href":"https:\/\/www.tapasmagazine.es\/en\/wp-json\/wp\/v2\/posts\/239215","targetHints":{"allow":["GET"]}}],"collection":[{"href":"https:\/\/www.tapasmagazine.es\/en\/wp-json\/wp\/v2\/posts"}],"about":[{"href":"https:\/\/www.tapasmagazine.es\/en\/wp-json\/wp\/v2\/types\/post"}],"author":[{"embeddable":true,"href":"https:\/\/www.tapasmagazine.es\/en\/wp-json\/wp\/v2\/users\/316"}],"replies":[{"embeddable":true,"href":"https:\/\/www.tapasmagazine.es\/en\/wp-json\/wp\/v2\/comments?post=239215"}],"version-history":[{"count":2,"href":"https:\/\/www.tapasmagazine.es\/en\/wp-json\/wp\/v2\/posts\/239215\/revisions"}],"predecessor-version":[{"id":239222,"href":"https:\/\/www.tapasmagazine.es\/en\/wp-json\/wp\/v2\/posts\/239215\/revisions\/239222"}],"wp:featuredmedia":[{"embeddable":true,"href":"https:\/\/www.tapasmagazine.es\/en\/wp-json\/wp\/v2\/media\/239212"}],"wp:attachment":[{"href":"https:\/\/www.tapasmagazine.es\/en\/wp-json\/wp\/v2\/media?parent=239215"}],"wp:term":[{"taxonomy":"category","embeddable":true,"href":"https:\/\/www.tapasmagazine.es\/en\/wp-json\/wp\/v2\/categories?post=239215"},{"taxonomy":"post_tag","embeddable":true,"href":"https:\/\/www.tapasmagazine.es\/en\/wp-json\/wp\/v2\/tags?post=239215"}],"curies":[{"name":"wp","href":"https:\/\/api.w.org\/{rel}","templated":true}]}}