{"id":235969,"date":"2024-02-14T14:05:01","date_gmt":"2024-02-14T13:05:01","guid":{"rendered":"https:\/\/www.tapasmagazine.es\/bad-bunny-se-habria-dedicado-a-las-artes-culinarias-si-no-fuese-musico\/"},"modified":"2024-02-14T14:09:07","modified_gmt":"2024-02-14T13:09:07","slug":"bad-bunny-would-have-gone-into-culinary-arts-if-he-wasnt-musician","status":"publish","type":"post","link":"https:\/\/www.tapasmagazine.es\/en\/bad-bunny-would-have-gone-into-culinary-arts-if-he-wasnt-musician\/","title":{"rendered":"Bad Bunny would have gone into &#8216;culinary arts&#8217; if he wasn&#8217;t a musician"},"content":{"rendered":"\n<p><strong>Click\u00a0<a href=\"https:\/\/www.tapasmagazine.es\/bad-bunny-se-habria-dedicado-a-las-artes-culinarias-si-no-fuese-musico\/\" target=\"_blank\" rel=\"noreferrer noopener\">here<\/a>\u00a0to read the Spanish version.<\/strong><\/p>\n\n\n\n<p>In the March issue of <strong>Interview <\/strong>magazine, <strong>Bad Bunny<\/strong> reveals a side that his community probably wasn&#8217;t aware of: instead of cooking up music hits, he would have designed elaborate concoctions as a chef.<\/p>\n\n\n\n<p>The pop icon opens up about what career he would have pursued if music hadn&#8217;t worked out for him. Although he admitted that he found it hard to imagine any scenario where he wasn&#8217;t making music: &#8220;If I wasn&#8217;t going anywhere with my music, I was going to work in the culinary arts&#8221;. &#8220;I saw cooking as a creative thing, because sure, there are recipes, but there&#8217;s also the opportunity to make your own dishes, to create your own flavour.<\/p>\n\n\n\n<figure class=\"wp-block-gallery has-nested-images columns-default is-cropped wp-block-gallery-1 is-layout-flex wp-block-gallery-is-layout-flex\">\n<figure class=\"wp-block-image size-large\"><a href=\"https:\/\/www.tapasmagazine.es\/wp-content\/uploads\/2024\/02\/bad-bunny-artes-culinarias-2-scaled.webp\"><img decoding=\"async\" width=\"683\" height=\"1024\" data-id=\"235961\" src=\"https:\/\/www.tapasmagazine.es\/wp-content\/uploads\/2024\/02\/bad-bunny-artes-culinarias-2-683x1024.webp\" alt=\"\" class=\"wp-image-235961\" srcset=\"https:\/\/www.tapasmagazine.es\/wp-content\/uploads\/2024\/02\/bad-bunny-artes-culinarias-2-683x1024.webp 683w, https:\/\/www.tapasmagazine.es\/wp-content\/uploads\/2024\/02\/bad-bunny-artes-culinarias-2-200x300.webp 200w, https:\/\/www.tapasmagazine.es\/wp-content\/uploads\/2024\/02\/bad-bunny-artes-culinarias-2-768x1152.webp 768w, https:\/\/www.tapasmagazine.es\/wp-content\/uploads\/2024\/02\/bad-bunny-artes-culinarias-2-1024x1536.webp 1024w, https:\/\/www.tapasmagazine.es\/wp-content\/uploads\/2024\/02\/bad-bunny-artes-culinarias-2-1365x2048.webp 1365w, https:\/\/www.tapasmagazine.es\/wp-content\/uploads\/2024\/02\/bad-bunny-artes-culinarias-2-1000x1500.webp 1000w, https:\/\/www.tapasmagazine.es\/wp-content\/uploads\/2024\/02\/bad-bunny-artes-culinarias-2-400x600.webp 400w, https:\/\/www.tapasmagazine.es\/wp-content\/uploads\/2024\/02\/bad-bunny-artes-culinarias-2-scaled.webp 1707w\" sizes=\"(max-width: 683px) 100vw, 683px\" \/><\/a><\/figure>\n\n\n\n<figure class=\"wp-block-image size-large\"><a href=\"https:\/\/www.tapasmagazine.es\/wp-content\/uploads\/2024\/02\/bad-bunny-artes-culinarias-3.jpg\"><img decoding=\"async\" width=\"1024\" height=\"1024\" data-id=\"235963\" src=\"https:\/\/www.tapasmagazine.es\/wp-content\/uploads\/2024\/02\/bad-bunny-artes-culinarias-3-1024x1024.jpg\" alt=\"\" class=\"wp-image-235963\" srcset=\"https:\/\/www.tapasmagazine.es\/wp-content\/uploads\/2024\/02\/bad-bunny-artes-culinarias-3-1024x1024.jpg 1024w, https:\/\/www.tapasmagazine.es\/wp-content\/uploads\/2024\/02\/bad-bunny-artes-culinarias-3-300x300.jpg 300w, https:\/\/www.tapasmagazine.es\/wp-content\/uploads\/2024\/02\/bad-bunny-artes-culinarias-3-150x150.jpg 150w, https:\/\/www.tapasmagazine.es\/wp-content\/uploads\/2024\/02\/bad-bunny-artes-culinarias-3-768x768.jpg 768w, https:\/\/www.tapasmagazine.es\/wp-content\/uploads\/2024\/02\/bad-bunny-artes-culinarias-3-1000x1000.jpg 1000w, https:\/\/www.tapasmagazine.es\/wp-content\/uploads\/2024\/02\/bad-bunny-artes-culinarias-3-400x400.jpg 400w, https:\/\/www.tapasmagazine.es\/wp-content\/uploads\/2024\/02\/bad-bunny-artes-culinarias-3.jpg 1400w\" sizes=\"(max-width: 1024px) 100vw, 1024px\" \/><\/a><\/figure>\n<\/figure>\n\n\n\n<p>The Grammy winner explained his passion for music since childhood as a dream that would finally come true, and more than that, he has also ventured into the culinary universe with his restaurant <strong><a href=\"https:\/\/www.tapasmagazine.es\/en\/this-is-how-much-it-costs-to-dine-at-gekko-bad-bunny-restaurant-in-miami\/\" target=\"_blank\" rel=\"noreferrer noopener\">Gekko<\/a><\/strong>, together with David Grutman.<\/p>\n\n\n\n<p>It is a Japanese steakhouse, which is already a culinary institution in Miami, where the Hollywood stars who pass by its tables dazzle, its high aesthetics and its proposal in which Wagyu beef stands out.<\/p>\n","protected":false},"excerpt":{"rendered":"<p>Click\u00a0here\u00a0to read the Spanish version. In the March issue of Interview magazine, Bad Bunny reveals a side that his community probably wasn&#8217;t aware of: instead of cooking up music hits, he would have designed elaborate concoctions as a chef. The pop icon opens up about what career he would have pursued if music hadn&#8217;t worked [&hellip;]<\/p>\n","protected":false},"author":285,"featured_media":235960,"comment_status":"open","ping_status":"closed","sticky":false,"template":"single-feature.php","format":"standard","meta":{"_acf_changed":false,"footnotes":""},"categories":[15802,15851,15910],"tags":[18542],"class_list":["post-235969","post","type-post","status-publish","format-standard","has-post-thumbnail","hentry","category-news","category-nombres-propios-en","category-personajes-en","tag-bad-bunny-en","cat-15802-id","cat-15851-id","cat-15910-id"],"acf":[],"yoast_head":"<!-- This site is optimized with the Yoast SEO plugin v27.4 - https:\/\/yoast.com\/product\/yoast-seo-wordpress\/ -->\n<title>Bad Bunny would have gone into &#039;culinary arts&#039; if he wasn&#039;t a musician - Tapas<\/title>\n<meta name=\"description\" content=\"Click\u00a0here\u00a0to read the Spanish version. In the March issue of Interview magazine, Bad Bunny reveals a side that his community probably wasn&#039;t aware of:\" \/>\n<meta name=\"robots\" content=\"index, follow, max-snippet:-1, max-image-preview:large, max-video-preview:-1\" \/>\n<link rel=\"canonical\" href=\"https:\/\/www.tapasmagazine.es\/en\/bad-bunny-would-have-gone-into-culinary-arts-if-he-wasnt-musician\/\" \/>\n<meta property=\"og:locale\" content=\"en_US\" \/>\n<meta property=\"og:type\" content=\"article\" \/>\n<meta property=\"og:title\" content=\"Bad Bunny would have gone into &#039;culinary arts&#039; if he wasn&#039;t a musician - Tapas\" \/>\n<meta property=\"og:description\" content=\"Click\u00a0here\u00a0to read the Spanish version. In the March issue of Interview magazine, Bad Bunny reveals a side that his community probably wasn&#039;t aware of:\" \/>\n<meta property=\"og:url\" content=\"https:\/\/www.tapasmagazine.es\/en\/bad-bunny-would-have-gone-into-culinary-arts-if-he-wasnt-musician\/\" \/>\n<meta property=\"og:site_name\" content=\"Tapas\" \/>\n<meta property=\"article:publisher\" content=\"https:\/\/www.facebook.com\/tapasmagazine\" \/>\n<meta property=\"article:published_time\" content=\"2024-02-14T13:05:01+00:00\" \/>\n<meta property=\"article:modified_time\" content=\"2024-02-14T13:09:07+00:00\" \/>\n<meta property=\"og:image\" content=\"https:\/\/www.tapasmagazine.es\/wp-content\/uploads\/2024\/02\/bad-bunny-artes-culinarias-1.jpg\" \/>\n\t<meta property=\"og:image:width\" content=\"1200\" \/>\n\t<meta property=\"og:image:height\" content=\"675\" \/>\n\t<meta property=\"og:image:type\" content=\"image\/jpeg\" \/>\n<meta name=\"author\" content=\"Laura P\u00e9rez\" \/>\n<meta name=\"twitter:card\" content=\"summary_large_image\" \/>\n<meta name=\"twitter:creator\" content=\"@TapasMagazine\" \/>\n<meta name=\"twitter:site\" content=\"@TapasMagazine\" \/>\n<meta name=\"twitter:label1\" content=\"Written by\" \/>\n\t<meta name=\"twitter:data1\" content=\"Laura P\u00e9rez\" \/>\n\t<meta name=\"twitter:label2\" content=\"Est. reading time\" \/>\n\t<meta name=\"twitter:data2\" content=\"2 minutes\" \/>\n<script type=\"application\/ld+json\" class=\"yoast-schema-graph\">{\"@context\":\"https:\\\/\\\/schema.org\",\"@graph\":[{\"@type\":\"Article\",\"@id\":\"https:\\\/\\\/www.tapasmagazine.es\\\/en\\\/bad-bunny-would-have-gone-into-culinary-arts-if-he-wasnt-musician\\\/#article\",\"isPartOf\":{\"@id\":\"https:\\\/\\\/www.tapasmagazine.es\\\/en\\\/bad-bunny-would-have-gone-into-culinary-arts-if-he-wasnt-musician\\\/\"},\"author\":{\"name\":\"Laura P\u00e9rez\",\"@id\":\"https:\\\/\\\/www.tapasmagazine.es\\\/#\\\/schema\\\/person\\\/eb46cbe76a9c8f062660eb609e3ecb4e\"},\"headline\":\"Bad Bunny would have gone into &#8216;culinary arts&#8217; if he wasn&#8217;t a musician\",\"datePublished\":\"2024-02-14T13:05:01+00:00\",\"dateModified\":\"2024-02-14T13:09:07+00:00\",\"mainEntityOfPage\":{\"@id\":\"https:\\\/\\\/www.tapasmagazine.es\\\/en\\\/bad-bunny-would-have-gone-into-culinary-arts-if-he-wasnt-musician\\\/\"},\"wordCount\":213,\"commentCount\":0,\"publisher\":{\"@id\":\"https:\\\/\\\/www.tapasmagazine.es\\\/#organization\"},\"image\":{\"@id\":\"https:\\\/\\\/www.tapasmagazine.es\\\/en\\\/bad-bunny-would-have-gone-into-culinary-arts-if-he-wasnt-musician\\\/#primaryimage\"},\"thumbnailUrl\":\"https:\\\/\\\/www.tapasmagazine.es\\\/wp-content\\\/uploads\\\/2024\\\/02\\\/bad-bunny-artes-culinarias-1.jpg\",\"keywords\":[\"Bad Bunny\"],\"articleSection\":[\"News\",\"Nombres propios\",\"Personajes\"],\"inLanguage\":\"en-US\",\"potentialAction\":[{\"@type\":\"CommentAction\",\"name\":\"Comment\",\"target\":[\"https:\\\/\\\/www.tapasmagazine.es\\\/en\\\/bad-bunny-would-have-gone-into-culinary-arts-if-he-wasnt-musician\\\/#respond\"]}]},{\"@type\":\"WebPage\",\"@id\":\"https:\\\/\\\/www.tapasmagazine.es\\\/en\\\/bad-bunny-would-have-gone-into-culinary-arts-if-he-wasnt-musician\\\/\",\"url\":\"https:\\\/\\\/www.tapasmagazine.es\\\/en\\\/bad-bunny-would-have-gone-into-culinary-arts-if-he-wasnt-musician\\\/\",\"name\":\"Bad Bunny would have gone into 'culinary arts' if he wasn't a musician - Tapas\",\"isPartOf\":{\"@id\":\"https:\\\/\\\/www.tapasmagazine.es\\\/#website\"},\"primaryImageOfPage\":{\"@id\":\"https:\\\/\\\/www.tapasmagazine.es\\\/en\\\/bad-bunny-would-have-gone-into-culinary-arts-if-he-wasnt-musician\\\/#primaryimage\"},\"image\":{\"@id\":\"https:\\\/\\\/www.tapasmagazine.es\\\/en\\\/bad-bunny-would-have-gone-into-culinary-arts-if-he-wasnt-musician\\\/#primaryimage\"},\"thumbnailUrl\":\"https:\\\/\\\/www.tapasmagazine.es\\\/wp-content\\\/uploads\\\/2024\\\/02\\\/bad-bunny-artes-culinarias-1.jpg\",\"datePublished\":\"2024-02-14T13:05:01+00:00\",\"dateModified\":\"2024-02-14T13:09:07+00:00\",\"description\":\"Click\u00a0here\u00a0to read the Spanish version. In the March issue of Interview magazine, Bad Bunny reveals a side that his community probably wasn't aware of:\",\"breadcrumb\":{\"@id\":\"https:\\\/\\\/www.tapasmagazine.es\\\/en\\\/bad-bunny-would-have-gone-into-culinary-arts-if-he-wasnt-musician\\\/#breadcrumb\"},\"inLanguage\":\"en-US\",\"potentialAction\":[{\"@type\":\"ReadAction\",\"target\":[\"https:\\\/\\\/www.tapasmagazine.es\\\/en\\\/bad-bunny-would-have-gone-into-culinary-arts-if-he-wasnt-musician\\\/\"]}]},{\"@type\":\"ImageObject\",\"inLanguage\":\"en-US\",\"@id\":\"https:\\\/\\\/www.tapasmagazine.es\\\/en\\\/bad-bunny-would-have-gone-into-culinary-arts-if-he-wasnt-musician\\\/#primaryimage\",\"url\":\"https:\\\/\\\/www.tapasmagazine.es\\\/wp-content\\\/uploads\\\/2024\\\/02\\\/bad-bunny-artes-culinarias-1.jpg\",\"contentUrl\":\"https:\\\/\\\/www.tapasmagazine.es\\\/wp-content\\\/uploads\\\/2024\\\/02\\\/bad-bunny-artes-culinarias-1.jpg\",\"width\":1200,\"height\":675},{\"@type\":\"BreadcrumbList\",\"@id\":\"https:\\\/\\\/www.tapasmagazine.es\\\/en\\\/bad-bunny-would-have-gone-into-culinary-arts-if-he-wasnt-musician\\\/#breadcrumb\",\"itemListElement\":[{\"@type\":\"ListItem\",\"position\":1,\"name\":\"Portada\",\"item\":\"https:\\\/\\\/www.tapasmagazine.es\\\/\"},{\"@type\":\"ListItem\",\"position\":2,\"name\":\"Actualidad\",\"item\":\"https:\\\/\\\/www.tapasmagazine.es\\\/categorias\\\/actualidad\\\/\"},{\"@type\":\"ListItem\",\"position\":3,\"name\":\"Bad Bunny would have gone into &#8216;culinary arts&#8217; if he wasn&#8217;t a musician\"}]},{\"@type\":\"WebSite\",\"@id\":\"https:\\\/\\\/www.tapasmagazine.es\\\/#website\",\"url\":\"https:\\\/\\\/www.tapasmagazine.es\\\/\",\"name\":\"Tapas\",\"description\":\"\u00d1am \u00d1am Lifestyle. La vida a bocados. Premio Nacional de Gastronom\u00eda 2016.\",\"publisher\":{\"@id\":\"https:\\\/\\\/www.tapasmagazine.es\\\/#organization\"},\"potentialAction\":[{\"@type\":\"SearchAction\",\"target\":{\"@type\":\"EntryPoint\",\"urlTemplate\":\"https:\\\/\\\/www.tapasmagazine.es\\\/?s={search_term_string}\"},\"query-input\":{\"@type\":\"PropertyValueSpecification\",\"valueRequired\":true,\"valueName\":\"search_term_string\"}}],\"inLanguage\":\"en-US\"},{\"@type\":\"Organization\",\"@id\":\"https:\\\/\\\/www.tapasmagazine.es\\\/#organization\",\"name\":\"Tapas Magazine\",\"url\":\"https:\\\/\\\/www.tapasmagazine.es\\\/\",\"logo\":{\"@type\":\"ImageObject\",\"inLanguage\":\"en-US\",\"@id\":\"https:\\\/\\\/www.tapasmagazine.es\\\/#\\\/schema\\\/logo\\\/image\\\/\",\"url\":\"https:\\\/\\\/www.tapasmagazine.es\\\/wp-content\\\/uploads\\\/2018\\\/01\\\/logo.png\",\"contentUrl\":\"https:\\\/\\\/www.tapasmagazine.es\\\/wp-content\\\/uploads\\\/2018\\\/01\\\/logo.png\",\"width\":180,\"height\":60,\"caption\":\"Tapas Magazine\"},\"image\":{\"@id\":\"https:\\\/\\\/www.tapasmagazine.es\\\/#\\\/schema\\\/logo\\\/image\\\/\"},\"sameAs\":[\"https:\\\/\\\/www.facebook.com\\\/tapasmagazine\",\"https:\\\/\\\/x.com\\\/TapasMagazine\",\"https:\\\/\\\/www.instagram.com\\\/tapasmagazine\\\/\",\"https:\\\/\\\/www.linkedin.com\\\/company\\\/tapas-magazine\",\"https:\\\/\\\/es.pinterest.com\\\/tapasmagazine\\\/\",\"https:\\\/\\\/www.youtube.com\\\/channel\\\/UCEyxneAaACuR0lfDagrWjjg?sub_confirmation=1\"]},{\"@type\":\"Person\",\"@id\":\"https:\\\/\\\/www.tapasmagazine.es\\\/#\\\/schema\\\/person\\\/eb46cbe76a9c8f062660eb609e3ecb4e\",\"name\":\"Laura P\u00e9rez\",\"url\":\"https:\\\/\\\/www.tapasmagazine.es\\\/en\\\/author\\\/laura-perez\\\/\"}]}<\/script>\n<!-- \/ Yoast SEO plugin. -->","yoast_head_json":{"title":"Bad Bunny would have gone into 'culinary arts' if he wasn't a musician - Tapas","description":"Click\u00a0here\u00a0to read the Spanish version. In the March issue of Interview magazine, Bad Bunny reveals a side that his community probably wasn't aware of:","robots":{"index":"index","follow":"follow","max-snippet":"max-snippet:-1","max-image-preview":"max-image-preview:large","max-video-preview":"max-video-preview:-1"},"canonical":"https:\/\/www.tapasmagazine.es\/en\/bad-bunny-would-have-gone-into-culinary-arts-if-he-wasnt-musician\/","og_locale":"en_US","og_type":"article","og_title":"Bad Bunny would have gone into 'culinary arts' if he wasn't a musician - Tapas","og_description":"Click\u00a0here\u00a0to read the Spanish version. In the March issue of Interview magazine, Bad Bunny reveals a side that his community probably wasn't aware of:","og_url":"https:\/\/www.tapasmagazine.es\/en\/bad-bunny-would-have-gone-into-culinary-arts-if-he-wasnt-musician\/","og_site_name":"Tapas","article_publisher":"https:\/\/www.facebook.com\/tapasmagazine","article_published_time":"2024-02-14T13:05:01+00:00","article_modified_time":"2024-02-14T13:09:07+00:00","og_image":[{"width":1200,"height":675,"url":"https:\/\/www.tapasmagazine.es\/wp-content\/uploads\/2024\/02\/bad-bunny-artes-culinarias-1.jpg","type":"image\/jpeg"}],"author":"Laura P\u00e9rez","twitter_card":"summary_large_image","twitter_creator":"@TapasMagazine","twitter_site":"@TapasMagazine","twitter_misc":{"Written by":"Laura P\u00e9rez","Est. reading time":"2 minutes"},"schema":{"@context":"https:\/\/schema.org","@graph":[{"@type":"Article","@id":"https:\/\/www.tapasmagazine.es\/en\/bad-bunny-would-have-gone-into-culinary-arts-if-he-wasnt-musician\/#article","isPartOf":{"@id":"https:\/\/www.tapasmagazine.es\/en\/bad-bunny-would-have-gone-into-culinary-arts-if-he-wasnt-musician\/"},"author":{"name":"Laura P\u00e9rez","@id":"https:\/\/www.tapasmagazine.es\/#\/schema\/person\/eb46cbe76a9c8f062660eb609e3ecb4e"},"headline":"Bad Bunny would have gone into &#8216;culinary arts&#8217; if he wasn&#8217;t a musician","datePublished":"2024-02-14T13:05:01+00:00","dateModified":"2024-02-14T13:09:07+00:00","mainEntityOfPage":{"@id":"https:\/\/www.tapasmagazine.es\/en\/bad-bunny-would-have-gone-into-culinary-arts-if-he-wasnt-musician\/"},"wordCount":213,"commentCount":0,"publisher":{"@id":"https:\/\/www.tapasmagazine.es\/#organization"},"image":{"@id":"https:\/\/www.tapasmagazine.es\/en\/bad-bunny-would-have-gone-into-culinary-arts-if-he-wasnt-musician\/#primaryimage"},"thumbnailUrl":"https:\/\/www.tapasmagazine.es\/wp-content\/uploads\/2024\/02\/bad-bunny-artes-culinarias-1.jpg","keywords":["Bad Bunny"],"articleSection":["News","Nombres propios","Personajes"],"inLanguage":"en-US","potentialAction":[{"@type":"CommentAction","name":"Comment","target":["https:\/\/www.tapasmagazine.es\/en\/bad-bunny-would-have-gone-into-culinary-arts-if-he-wasnt-musician\/#respond"]}]},{"@type":"WebPage","@id":"https:\/\/www.tapasmagazine.es\/en\/bad-bunny-would-have-gone-into-culinary-arts-if-he-wasnt-musician\/","url":"https:\/\/www.tapasmagazine.es\/en\/bad-bunny-would-have-gone-into-culinary-arts-if-he-wasnt-musician\/","name":"Bad Bunny would have gone into 'culinary arts' if he wasn't a musician - Tapas","isPartOf":{"@id":"https:\/\/www.tapasmagazine.es\/#website"},"primaryImageOfPage":{"@id":"https:\/\/www.tapasmagazine.es\/en\/bad-bunny-would-have-gone-into-culinary-arts-if-he-wasnt-musician\/#primaryimage"},"image":{"@id":"https:\/\/www.tapasmagazine.es\/en\/bad-bunny-would-have-gone-into-culinary-arts-if-he-wasnt-musician\/#primaryimage"},"thumbnailUrl":"https:\/\/www.tapasmagazine.es\/wp-content\/uploads\/2024\/02\/bad-bunny-artes-culinarias-1.jpg","datePublished":"2024-02-14T13:05:01+00:00","dateModified":"2024-02-14T13:09:07+00:00","description":"Click\u00a0here\u00a0to read the Spanish version. In the March issue of Interview magazine, Bad Bunny reveals a side that his community probably wasn't aware of:","breadcrumb":{"@id":"https:\/\/www.tapasmagazine.es\/en\/bad-bunny-would-have-gone-into-culinary-arts-if-he-wasnt-musician\/#breadcrumb"},"inLanguage":"en-US","potentialAction":[{"@type":"ReadAction","target":["https:\/\/www.tapasmagazine.es\/en\/bad-bunny-would-have-gone-into-culinary-arts-if-he-wasnt-musician\/"]}]},{"@type":"ImageObject","inLanguage":"en-US","@id":"https:\/\/www.tapasmagazine.es\/en\/bad-bunny-would-have-gone-into-culinary-arts-if-he-wasnt-musician\/#primaryimage","url":"https:\/\/www.tapasmagazine.es\/wp-content\/uploads\/2024\/02\/bad-bunny-artes-culinarias-1.jpg","contentUrl":"https:\/\/www.tapasmagazine.es\/wp-content\/uploads\/2024\/02\/bad-bunny-artes-culinarias-1.jpg","width":1200,"height":675},{"@type":"BreadcrumbList","@id":"https:\/\/www.tapasmagazine.es\/en\/bad-bunny-would-have-gone-into-culinary-arts-if-he-wasnt-musician\/#breadcrumb","itemListElement":[{"@type":"ListItem","position":1,"name":"Portada","item":"https:\/\/www.tapasmagazine.es\/"},{"@type":"ListItem","position":2,"name":"Actualidad","item":"https:\/\/www.tapasmagazine.es\/categorias\/actualidad\/"},{"@type":"ListItem","position":3,"name":"Bad Bunny would have gone into &#8216;culinary arts&#8217; if he wasn&#8217;t a musician"}]},{"@type":"WebSite","@id":"https:\/\/www.tapasmagazine.es\/#website","url":"https:\/\/www.tapasmagazine.es\/","name":"Tapas","description":"\u00d1am \u00d1am Lifestyle. La vida a bocados. Premio Nacional de Gastronom\u00eda 2016.","publisher":{"@id":"https:\/\/www.tapasmagazine.es\/#organization"},"potentialAction":[{"@type":"SearchAction","target":{"@type":"EntryPoint","urlTemplate":"https:\/\/www.tapasmagazine.es\/?s={search_term_string}"},"query-input":{"@type":"PropertyValueSpecification","valueRequired":true,"valueName":"search_term_string"}}],"inLanguage":"en-US"},{"@type":"Organization","@id":"https:\/\/www.tapasmagazine.es\/#organization","name":"Tapas Magazine","url":"https:\/\/www.tapasmagazine.es\/","logo":{"@type":"ImageObject","inLanguage":"en-US","@id":"https:\/\/www.tapasmagazine.es\/#\/schema\/logo\/image\/","url":"https:\/\/www.tapasmagazine.es\/wp-content\/uploads\/2018\/01\/logo.png","contentUrl":"https:\/\/www.tapasmagazine.es\/wp-content\/uploads\/2018\/01\/logo.png","width":180,"height":60,"caption":"Tapas Magazine"},"image":{"@id":"https:\/\/www.tapasmagazine.es\/#\/schema\/logo\/image\/"},"sameAs":["https:\/\/www.facebook.com\/tapasmagazine","https:\/\/x.com\/TapasMagazine","https:\/\/www.instagram.com\/tapasmagazine\/","https:\/\/www.linkedin.com\/company\/tapas-magazine","https:\/\/es.pinterest.com\/tapasmagazine\/","https:\/\/www.youtube.com\/channel\/UCEyxneAaACuR0lfDagrWjjg?sub_confirmation=1"]},{"@type":"Person","@id":"https:\/\/www.tapasmagazine.es\/#\/schema\/person\/eb46cbe76a9c8f062660eb609e3ecb4e","name":"Laura P\u00e9rez","url":"https:\/\/www.tapasmagazine.es\/en\/author\/laura-perez\/"}]}},"_links":{"self":[{"href":"https:\/\/www.tapasmagazine.es\/en\/wp-json\/wp\/v2\/posts\/235969","targetHints":{"allow":["GET"]}}],"collection":[{"href":"https:\/\/www.tapasmagazine.es\/en\/wp-json\/wp\/v2\/posts"}],"about":[{"href":"https:\/\/www.tapasmagazine.es\/en\/wp-json\/wp\/v2\/types\/post"}],"author":[{"embeddable":true,"href":"https:\/\/www.tapasmagazine.es\/en\/wp-json\/wp\/v2\/users\/285"}],"replies":[{"embeddable":true,"href":"https:\/\/www.tapasmagazine.es\/en\/wp-json\/wp\/v2\/comments?post=235969"}],"version-history":[{"count":6,"href":"https:\/\/www.tapasmagazine.es\/en\/wp-json\/wp\/v2\/posts\/235969\/revisions"}],"predecessor-version":[{"id":235978,"href":"https:\/\/www.tapasmagazine.es\/en\/wp-json\/wp\/v2\/posts\/235969\/revisions\/235978"}],"wp:featuredmedia":[{"embeddable":true,"href":"https:\/\/www.tapasmagazine.es\/en\/wp-json\/wp\/v2\/media\/235960"}],"wp:attachment":[{"href":"https:\/\/www.tapasmagazine.es\/en\/wp-json\/wp\/v2\/media?parent=235969"}],"wp:term":[{"taxonomy":"category","embeddable":true,"href":"https:\/\/www.tapasmagazine.es\/en\/wp-json\/wp\/v2\/categories?post=235969"},{"taxonomy":"post_tag","embeddable":true,"href":"https:\/\/www.tapasmagazine.es\/en\/wp-json\/wp\/v2\/tags?post=235969"}],"curies":[{"name":"wp","href":"https:\/\/api.w.org\/{rel}","templated":true}]}}