{"id":235656,"date":"2024-02-13T14:36:13","date_gmt":"2024-02-13T13:36:13","guid":{"rendered":"https:\/\/www.tapasmagazine.es\/?p=235656"},"modified":"2024-02-13T14:46:14","modified_gmt":"2024-02-13T13:46:14","slug":"jose-andres-to-cook-with-jamie-lee-curtis-and-bryan-cranston-in-his-new-program-on-prime-video","status":"publish","type":"post","link":"https:\/\/www.tapasmagazine.es\/en\/jose-andres-to-cook-with-jamie-lee-curtis-and-bryan-cranston-in-his-new-program-on-prime-video\/","title":{"rendered":"Jos\u00e9 Andr\u00e9s to cook with Jamie Lee Curtis and Bryan Cranston in his new program on Prime Video"},"content":{"rendered":"\n<p><strong>Click <a href=\"https:\/\/www.tapasmagazine.es\/jose-andres-cocinara-con-jamie-lee-curtis-y-bryan-cranston-en-su-nuevo-programa-en-prime-video\/\" target=\"_blank\" rel=\"noreferrer noopener\">here<\/a> to read the Spanish version.<\/strong><br>Jos\u00e9 Andr\u00e9s is one of the most mediatic Spanish chefs and we have already seen him in numerous programs, documentaries and specials, both on television and streaming platforms. If last year he already toured Spain with his daughters to know the culinary ins and outs of our country, with the HBO program, Jos\u00e9 Andr\u00e9s and family in Spain, now the <a href=\"https:\/\/www.primevideo.com\/offers\/nonprimehomepage\/ref=dv_web_force_root\" target=\"_blank\" rel=\"noreferrer noopener\">Prime Video<\/a> platform has announced a special of the Asturian chef that will premiere next March 19.<\/p>\n\n\n\n<figure class=\"wp-block-embed is-type-rich is-provider-instagram wp-block-embed-instagram\"><div class=\"wp-block-embed__wrapper\">\nhttps:\/\/www.instagram.com\/jamieleecurtis\/p\/C3GNoaKxvQL\/\n<\/div><\/figure>\n\n\n\n<p>Entitled Dinner Party Diaries with Jos\u00e9 Andr\u00e9s, it is a half-hour program that will be released in different countries through Prime Video and Amazon Freevee (in the United States and the United Kingdom). In this special program, the Asturian chef will invite different celebrities to eat and talk. In this way, celebrities such as Jamie Lee Curtis, Bryan Cranston and O&#8217;Shea Jackson Jr. will visit Jos\u00e9 Andr\u00e9s&#8217; kitchen to lend him a hand in the kitchen and prepare Spanish-influenced recipes, while exchanging anecdotes.<\/p>\n\n\n\n<figure class=\"wp-block-image size-large\"><a href=\"https:\/\/www.tapasmagazine.es\/wp-content\/uploads\/2024\/02\/jose-andres-prime.jpg\"><img decoding=\"async\" width=\"1024\" height=\"576\" src=\"https:\/\/www.tapasmagazine.es\/wp-content\/uploads\/2024\/02\/jose-andres-prime-1024x576.jpg\" alt=\"Im\u00e1genes de Jos\u00e9 Andr\u00e9s en su nuevo especial para Amazon Prime.\" class=\"wp-image-235654\" srcset=\"https:\/\/www.tapasmagazine.es\/wp-content\/uploads\/2024\/02\/jose-andres-prime-1024x576.jpg 1024w, https:\/\/www.tapasmagazine.es\/wp-content\/uploads\/2024\/02\/jose-andres-prime-300x169.jpg 300w, https:\/\/www.tapasmagazine.es\/wp-content\/uploads\/2024\/02\/jose-andres-prime-768x432.jpg 768w, https:\/\/www.tapasmagazine.es\/wp-content\/uploads\/2024\/02\/jose-andres-prime-1000x563.jpg 1000w, https:\/\/www.tapasmagazine.es\/wp-content\/uploads\/2024\/02\/jose-andres-prime-400x225.jpg 400w, https:\/\/www.tapasmagazine.es\/wp-content\/uploads\/2024\/02\/jose-andres-prime.jpg 1200w\" sizes=\"(max-width: 1024px) 100vw, 1024px\" \/><\/a><\/figure>\n\n\n\n<p>According to the platform, the special will celebrate the joy of cooking together and will focus on how food is a source of hope, in a clear reference to the chef&#8217;s work with his NGO World Central Kitchen. In addition, the show will be dynamic and very entertaining, as there will be large doses of improvisation and spontaneity, as well as instructive culinary tips and information.<\/p>\n","protected":false},"excerpt":{"rendered":"<p>Click here to read the Spanish version.Jos\u00e9 Andr\u00e9s is one of the most mediatic Spanish chefs and we have already seen him in numerous programs, documentaries and specials, both on television and streaming platforms. If last year he already toured Spain with his daughters to know the culinary ins and outs of our country, with [&hellip;]<\/p>\n","protected":false},"author":279,"featured_media":235651,"comment_status":"open","ping_status":"closed","sticky":false,"template":"single-feature.php","format":"standard","meta":{"_acf_changed":false,"footnotes":""},"categories":[15848,15802,15851],"tags":[],"class_list":["post-235656","post","type-post","status-publish","format-standard","has-post-thumbnail","hentry","category-chefs-en","category-news","category-nombres-propios-en","cat-15848-id","cat-15802-id","cat-15851-id"],"acf":[],"yoast_head":"<!-- This site is optimized with the Yoast SEO plugin v27.4 - https:\/\/yoast.com\/product\/yoast-seo-wordpress\/ -->\n<title>Jos\u00e9 Andr\u00e9s to cook with Jamie Lee Curtis and Bryan Cranston in his new program on Prime Video<\/title>\n<meta name=\"description\" content=\"Jos\u00e9 Andr\u00e9s will premiere in March a new culinary special for the Prime Video platform and the participation of several celebrities.\" \/>\n<meta name=\"robots\" content=\"index, follow, max-snippet:-1, max-image-preview:large, max-video-preview:-1\" \/>\n<link rel=\"canonical\" href=\"https:\/\/www.tapasmagazine.es\/en\/jose-andres-to-cook-with-jamie-lee-curtis-and-bryan-cranston-in-his-new-program-on-prime-video\/\" \/>\n<meta property=\"og:locale\" content=\"en_US\" \/>\n<meta property=\"og:type\" content=\"article\" \/>\n<meta property=\"og:title\" content=\"Jos\u00e9 Andr\u00e9s to cook with Jamie Lee Curtis and Bryan Cranston in his new program on Prime Video\" \/>\n<meta property=\"og:description\" content=\"Jos\u00e9 Andr\u00e9s will premiere in March a new culinary special for the Prime Video platform and the participation of several celebrities.\" \/>\n<meta property=\"og:url\" content=\"https:\/\/www.tapasmagazine.es\/en\/jose-andres-to-cook-with-jamie-lee-curtis-and-bryan-cranston-in-his-new-program-on-prime-video\/\" \/>\n<meta property=\"og:site_name\" content=\"Tapas\" \/>\n<meta property=\"article:publisher\" content=\"https:\/\/www.facebook.com\/tapasmagazine\" \/>\n<meta property=\"article:published_time\" content=\"2024-02-13T13:36:13+00:00\" \/>\n<meta property=\"article:modified_time\" content=\"2024-02-13T13:46:14+00:00\" \/>\n<meta property=\"og:image\" content=\"https:\/\/www.tapasmagazine.es\/wp-content\/uploads\/2024\/02\/Jose-Andres-Jamie-Lee-Curtis-Bryan-Cranston.jpg\" \/>\n\t<meta property=\"og:image:width\" content=\"1200\" \/>\n\t<meta property=\"og:image:height\" content=\"675\" \/>\n\t<meta property=\"og:image:type\" content=\"image\/jpeg\" \/>\n<meta name=\"author\" content=\"Toni Alonso\" \/>\n<meta name=\"twitter:card\" content=\"summary_large_image\" \/>\n<meta name=\"twitter:creator\" content=\"@TapasMagazine\" \/>\n<meta name=\"twitter:site\" content=\"@TapasMagazine\" \/>\n<meta name=\"twitter:label1\" content=\"Written by\" \/>\n\t<meta name=\"twitter:data1\" content=\"Toni Alonso\" \/>\n\t<meta name=\"twitter:label2\" content=\"Est. reading time\" \/>\n\t<meta name=\"twitter:data2\" content=\"2 minutes\" \/>\n<script type=\"application\/ld+json\" class=\"yoast-schema-graph\">{\"@context\":\"https:\\\/\\\/schema.org\",\"@graph\":[{\"@type\":\"Article\",\"@id\":\"https:\\\/\\\/www.tapasmagazine.es\\\/en\\\/jose-andres-to-cook-with-jamie-lee-curtis-and-bryan-cranston-in-his-new-program-on-prime-video\\\/#article\",\"isPartOf\":{\"@id\":\"https:\\\/\\\/www.tapasmagazine.es\\\/en\\\/jose-andres-to-cook-with-jamie-lee-curtis-and-bryan-cranston-in-his-new-program-on-prime-video\\\/\"},\"author\":{\"name\":\"Toni Alonso\",\"@id\":\"https:\\\/\\\/www.tapasmagazine.es\\\/#\\\/schema\\\/person\\\/63bc618d318821aa948ba50d2e18ab3d\"},\"headline\":\"Jos\u00e9 Andr\u00e9s to cook with Jamie Lee Curtis and Bryan Cranston in his new program on Prime Video\",\"datePublished\":\"2024-02-13T13:36:13+00:00\",\"dateModified\":\"2024-02-13T13:46:14+00:00\",\"mainEntityOfPage\":{\"@id\":\"https:\\\/\\\/www.tapasmagazine.es\\\/en\\\/jose-andres-to-cook-with-jamie-lee-curtis-and-bryan-cranston-in-his-new-program-on-prime-video\\\/\"},\"wordCount\":265,\"commentCount\":0,\"publisher\":{\"@id\":\"https:\\\/\\\/www.tapasmagazine.es\\\/#organization\"},\"image\":{\"@id\":\"https:\\\/\\\/www.tapasmagazine.es\\\/en\\\/jose-andres-to-cook-with-jamie-lee-curtis-and-bryan-cranston-in-his-new-program-on-prime-video\\\/#primaryimage\"},\"thumbnailUrl\":\"https:\\\/\\\/www.tapasmagazine.es\\\/wp-content\\\/uploads\\\/2024\\\/02\\\/Jose-Andres-Jamie-Lee-Curtis-Bryan-Cranston.jpg\",\"articleSection\":[\"Chefs\",\"News\",\"Nombres propios\"],\"inLanguage\":\"en-US\",\"potentialAction\":[{\"@type\":\"CommentAction\",\"name\":\"Comment\",\"target\":[\"https:\\\/\\\/www.tapasmagazine.es\\\/en\\\/jose-andres-to-cook-with-jamie-lee-curtis-and-bryan-cranston-in-his-new-program-on-prime-video\\\/#respond\"]}]},{\"@type\":\"WebPage\",\"@id\":\"https:\\\/\\\/www.tapasmagazine.es\\\/en\\\/jose-andres-to-cook-with-jamie-lee-curtis-and-bryan-cranston-in-his-new-program-on-prime-video\\\/\",\"url\":\"https:\\\/\\\/www.tapasmagazine.es\\\/en\\\/jose-andres-to-cook-with-jamie-lee-curtis-and-bryan-cranston-in-his-new-program-on-prime-video\\\/\",\"name\":\"Jos\u00e9 Andr\u00e9s to cook with Jamie Lee Curtis and Bryan Cranston in his new program on Prime Video\",\"isPartOf\":{\"@id\":\"https:\\\/\\\/www.tapasmagazine.es\\\/#website\"},\"primaryImageOfPage\":{\"@id\":\"https:\\\/\\\/www.tapasmagazine.es\\\/en\\\/jose-andres-to-cook-with-jamie-lee-curtis-and-bryan-cranston-in-his-new-program-on-prime-video\\\/#primaryimage\"},\"image\":{\"@id\":\"https:\\\/\\\/www.tapasmagazine.es\\\/en\\\/jose-andres-to-cook-with-jamie-lee-curtis-and-bryan-cranston-in-his-new-program-on-prime-video\\\/#primaryimage\"},\"thumbnailUrl\":\"https:\\\/\\\/www.tapasmagazine.es\\\/wp-content\\\/uploads\\\/2024\\\/02\\\/Jose-Andres-Jamie-Lee-Curtis-Bryan-Cranston.jpg\",\"datePublished\":\"2024-02-13T13:36:13+00:00\",\"dateModified\":\"2024-02-13T13:46:14+00:00\",\"description\":\"Jos\u00e9 Andr\u00e9s will premiere in March a new culinary special for the Prime Video platform and the participation of several celebrities.\",\"breadcrumb\":{\"@id\":\"https:\\\/\\\/www.tapasmagazine.es\\\/en\\\/jose-andres-to-cook-with-jamie-lee-curtis-and-bryan-cranston-in-his-new-program-on-prime-video\\\/#breadcrumb\"},\"inLanguage\":\"en-US\",\"potentialAction\":[{\"@type\":\"ReadAction\",\"target\":[\"https:\\\/\\\/www.tapasmagazine.es\\\/en\\\/jose-andres-to-cook-with-jamie-lee-curtis-and-bryan-cranston-in-his-new-program-on-prime-video\\\/\"]}]},{\"@type\":\"ImageObject\",\"inLanguage\":\"en-US\",\"@id\":\"https:\\\/\\\/www.tapasmagazine.es\\\/en\\\/jose-andres-to-cook-with-jamie-lee-curtis-and-bryan-cranston-in-his-new-program-on-prime-video\\\/#primaryimage\",\"url\":\"https:\\\/\\\/www.tapasmagazine.es\\\/wp-content\\\/uploads\\\/2024\\\/02\\\/Jose-Andres-Jamie-Lee-Curtis-Bryan-Cranston.jpg\",\"contentUrl\":\"https:\\\/\\\/www.tapasmagazine.es\\\/wp-content\\\/uploads\\\/2024\\\/02\\\/Jose-Andres-Jamie-Lee-Curtis-Bryan-Cranston.jpg\",\"width\":1200,\"height\":675},{\"@type\":\"BreadcrumbList\",\"@id\":\"https:\\\/\\\/www.tapasmagazine.es\\\/en\\\/jose-andres-to-cook-with-jamie-lee-curtis-and-bryan-cranston-in-his-new-program-on-prime-video\\\/#breadcrumb\",\"itemListElement\":[{\"@type\":\"ListItem\",\"position\":1,\"name\":\"Portada\",\"item\":\"https:\\\/\\\/www.tapasmagazine.es\\\/\"},{\"@type\":\"ListItem\",\"position\":2,\"name\":\"News\",\"item\":\"https:\\\/\\\/www.tapasmagazine.es\\\/en\\\/categorias\\\/news\\\/\"},{\"@type\":\"ListItem\",\"position\":3,\"name\":\"Jos\u00e9 Andr\u00e9s to cook with Jamie Lee Curtis and Bryan Cranston in his new program on Prime Video\"}]},{\"@type\":\"WebSite\",\"@id\":\"https:\\\/\\\/www.tapasmagazine.es\\\/#website\",\"url\":\"https:\\\/\\\/www.tapasmagazine.es\\\/\",\"name\":\"Tapas\",\"description\":\"\u00d1am \u00d1am Lifestyle. La vida a bocados. Premio Nacional de Gastronom\u00eda 2016.\",\"publisher\":{\"@id\":\"https:\\\/\\\/www.tapasmagazine.es\\\/#organization\"},\"potentialAction\":[{\"@type\":\"SearchAction\",\"target\":{\"@type\":\"EntryPoint\",\"urlTemplate\":\"https:\\\/\\\/www.tapasmagazine.es\\\/?s={search_term_string}\"},\"query-input\":{\"@type\":\"PropertyValueSpecification\",\"valueRequired\":true,\"valueName\":\"search_term_string\"}}],\"inLanguage\":\"en-US\"},{\"@type\":\"Organization\",\"@id\":\"https:\\\/\\\/www.tapasmagazine.es\\\/#organization\",\"name\":\"Tapas Magazine\",\"url\":\"https:\\\/\\\/www.tapasmagazine.es\\\/\",\"logo\":{\"@type\":\"ImageObject\",\"inLanguage\":\"en-US\",\"@id\":\"https:\\\/\\\/www.tapasmagazine.es\\\/#\\\/schema\\\/logo\\\/image\\\/\",\"url\":\"https:\\\/\\\/www.tapasmagazine.es\\\/wp-content\\\/uploads\\\/2018\\\/01\\\/logo.png\",\"contentUrl\":\"https:\\\/\\\/www.tapasmagazine.es\\\/wp-content\\\/uploads\\\/2018\\\/01\\\/logo.png\",\"width\":180,\"height\":60,\"caption\":\"Tapas Magazine\"},\"image\":{\"@id\":\"https:\\\/\\\/www.tapasmagazine.es\\\/#\\\/schema\\\/logo\\\/image\\\/\"},\"sameAs\":[\"https:\\\/\\\/www.facebook.com\\\/tapasmagazine\",\"https:\\\/\\\/x.com\\\/TapasMagazine\",\"https:\\\/\\\/www.instagram.com\\\/tapasmagazine\\\/\",\"https:\\\/\\\/www.linkedin.com\\\/company\\\/tapas-magazine\",\"https:\\\/\\\/es.pinterest.com\\\/tapasmagazine\\\/\",\"https:\\\/\\\/www.youtube.com\\\/channel\\\/UCEyxneAaACuR0lfDagrWjjg?sub_confirmation=1\"]},{\"@type\":\"Person\",\"@id\":\"https:\\\/\\\/www.tapasmagazine.es\\\/#\\\/schema\\\/person\\\/63bc618d318821aa948ba50d2e18ab3d\",\"name\":\"Toni Alonso\",\"url\":\"https:\\\/\\\/www.tapasmagazine.es\\\/en\\\/author\\\/antonio-alonso\\\/\"}]}<\/script>\n<!-- \/ Yoast SEO plugin. -->","yoast_head_json":{"title":"Jos\u00e9 Andr\u00e9s to cook with Jamie Lee Curtis and Bryan Cranston in his new program on Prime Video","description":"Jos\u00e9 Andr\u00e9s will premiere in March a new culinary special for the Prime Video platform and the participation of several celebrities.","robots":{"index":"index","follow":"follow","max-snippet":"max-snippet:-1","max-image-preview":"max-image-preview:large","max-video-preview":"max-video-preview:-1"},"canonical":"https:\/\/www.tapasmagazine.es\/en\/jose-andres-to-cook-with-jamie-lee-curtis-and-bryan-cranston-in-his-new-program-on-prime-video\/","og_locale":"en_US","og_type":"article","og_title":"Jos\u00e9 Andr\u00e9s to cook with Jamie Lee Curtis and Bryan Cranston in his new program on Prime Video","og_description":"Jos\u00e9 Andr\u00e9s will premiere in March a new culinary special for the Prime Video platform and the participation of several celebrities.","og_url":"https:\/\/www.tapasmagazine.es\/en\/jose-andres-to-cook-with-jamie-lee-curtis-and-bryan-cranston-in-his-new-program-on-prime-video\/","og_site_name":"Tapas","article_publisher":"https:\/\/www.facebook.com\/tapasmagazine","article_published_time":"2024-02-13T13:36:13+00:00","article_modified_time":"2024-02-13T13:46:14+00:00","og_image":[{"width":1200,"height":675,"url":"https:\/\/www.tapasmagazine.es\/wp-content\/uploads\/2024\/02\/Jose-Andres-Jamie-Lee-Curtis-Bryan-Cranston.jpg","type":"image\/jpeg"}],"author":"Toni Alonso","twitter_card":"summary_large_image","twitter_creator":"@TapasMagazine","twitter_site":"@TapasMagazine","twitter_misc":{"Written by":"Toni Alonso","Est. reading time":"2 minutes"},"schema":{"@context":"https:\/\/schema.org","@graph":[{"@type":"Article","@id":"https:\/\/www.tapasmagazine.es\/en\/jose-andres-to-cook-with-jamie-lee-curtis-and-bryan-cranston-in-his-new-program-on-prime-video\/#article","isPartOf":{"@id":"https:\/\/www.tapasmagazine.es\/en\/jose-andres-to-cook-with-jamie-lee-curtis-and-bryan-cranston-in-his-new-program-on-prime-video\/"},"author":{"name":"Toni Alonso","@id":"https:\/\/www.tapasmagazine.es\/#\/schema\/person\/63bc618d318821aa948ba50d2e18ab3d"},"headline":"Jos\u00e9 Andr\u00e9s to cook with Jamie Lee Curtis and Bryan Cranston in his new program on Prime Video","datePublished":"2024-02-13T13:36:13+00:00","dateModified":"2024-02-13T13:46:14+00:00","mainEntityOfPage":{"@id":"https:\/\/www.tapasmagazine.es\/en\/jose-andres-to-cook-with-jamie-lee-curtis-and-bryan-cranston-in-his-new-program-on-prime-video\/"},"wordCount":265,"commentCount":0,"publisher":{"@id":"https:\/\/www.tapasmagazine.es\/#organization"},"image":{"@id":"https:\/\/www.tapasmagazine.es\/en\/jose-andres-to-cook-with-jamie-lee-curtis-and-bryan-cranston-in-his-new-program-on-prime-video\/#primaryimage"},"thumbnailUrl":"https:\/\/www.tapasmagazine.es\/wp-content\/uploads\/2024\/02\/Jose-Andres-Jamie-Lee-Curtis-Bryan-Cranston.jpg","articleSection":["Chefs","News","Nombres propios"],"inLanguage":"en-US","potentialAction":[{"@type":"CommentAction","name":"Comment","target":["https:\/\/www.tapasmagazine.es\/en\/jose-andres-to-cook-with-jamie-lee-curtis-and-bryan-cranston-in-his-new-program-on-prime-video\/#respond"]}]},{"@type":"WebPage","@id":"https:\/\/www.tapasmagazine.es\/en\/jose-andres-to-cook-with-jamie-lee-curtis-and-bryan-cranston-in-his-new-program-on-prime-video\/","url":"https:\/\/www.tapasmagazine.es\/en\/jose-andres-to-cook-with-jamie-lee-curtis-and-bryan-cranston-in-his-new-program-on-prime-video\/","name":"Jos\u00e9 Andr\u00e9s to cook with Jamie Lee Curtis and Bryan Cranston in his new program on Prime Video","isPartOf":{"@id":"https:\/\/www.tapasmagazine.es\/#website"},"primaryImageOfPage":{"@id":"https:\/\/www.tapasmagazine.es\/en\/jose-andres-to-cook-with-jamie-lee-curtis-and-bryan-cranston-in-his-new-program-on-prime-video\/#primaryimage"},"image":{"@id":"https:\/\/www.tapasmagazine.es\/en\/jose-andres-to-cook-with-jamie-lee-curtis-and-bryan-cranston-in-his-new-program-on-prime-video\/#primaryimage"},"thumbnailUrl":"https:\/\/www.tapasmagazine.es\/wp-content\/uploads\/2024\/02\/Jose-Andres-Jamie-Lee-Curtis-Bryan-Cranston.jpg","datePublished":"2024-02-13T13:36:13+00:00","dateModified":"2024-02-13T13:46:14+00:00","description":"Jos\u00e9 Andr\u00e9s will premiere in March a new culinary special for the Prime Video platform and the participation of several celebrities.","breadcrumb":{"@id":"https:\/\/www.tapasmagazine.es\/en\/jose-andres-to-cook-with-jamie-lee-curtis-and-bryan-cranston-in-his-new-program-on-prime-video\/#breadcrumb"},"inLanguage":"en-US","potentialAction":[{"@type":"ReadAction","target":["https:\/\/www.tapasmagazine.es\/en\/jose-andres-to-cook-with-jamie-lee-curtis-and-bryan-cranston-in-his-new-program-on-prime-video\/"]}]},{"@type":"ImageObject","inLanguage":"en-US","@id":"https:\/\/www.tapasmagazine.es\/en\/jose-andres-to-cook-with-jamie-lee-curtis-and-bryan-cranston-in-his-new-program-on-prime-video\/#primaryimage","url":"https:\/\/www.tapasmagazine.es\/wp-content\/uploads\/2024\/02\/Jose-Andres-Jamie-Lee-Curtis-Bryan-Cranston.jpg","contentUrl":"https:\/\/www.tapasmagazine.es\/wp-content\/uploads\/2024\/02\/Jose-Andres-Jamie-Lee-Curtis-Bryan-Cranston.jpg","width":1200,"height":675},{"@type":"BreadcrumbList","@id":"https:\/\/www.tapasmagazine.es\/en\/jose-andres-to-cook-with-jamie-lee-curtis-and-bryan-cranston-in-his-new-program-on-prime-video\/#breadcrumb","itemListElement":[{"@type":"ListItem","position":1,"name":"Portada","item":"https:\/\/www.tapasmagazine.es\/"},{"@type":"ListItem","position":2,"name":"News","item":"https:\/\/www.tapasmagazine.es\/en\/categorias\/news\/"},{"@type":"ListItem","position":3,"name":"Jos\u00e9 Andr\u00e9s to cook with Jamie Lee Curtis and Bryan Cranston in his new program on Prime Video"}]},{"@type":"WebSite","@id":"https:\/\/www.tapasmagazine.es\/#website","url":"https:\/\/www.tapasmagazine.es\/","name":"Tapas","description":"\u00d1am \u00d1am Lifestyle. La vida a bocados. Premio Nacional de Gastronom\u00eda 2016.","publisher":{"@id":"https:\/\/www.tapasmagazine.es\/#organization"},"potentialAction":[{"@type":"SearchAction","target":{"@type":"EntryPoint","urlTemplate":"https:\/\/www.tapasmagazine.es\/?s={search_term_string}"},"query-input":{"@type":"PropertyValueSpecification","valueRequired":true,"valueName":"search_term_string"}}],"inLanguage":"en-US"},{"@type":"Organization","@id":"https:\/\/www.tapasmagazine.es\/#organization","name":"Tapas Magazine","url":"https:\/\/www.tapasmagazine.es\/","logo":{"@type":"ImageObject","inLanguage":"en-US","@id":"https:\/\/www.tapasmagazine.es\/#\/schema\/logo\/image\/","url":"https:\/\/www.tapasmagazine.es\/wp-content\/uploads\/2018\/01\/logo.png","contentUrl":"https:\/\/www.tapasmagazine.es\/wp-content\/uploads\/2018\/01\/logo.png","width":180,"height":60,"caption":"Tapas Magazine"},"image":{"@id":"https:\/\/www.tapasmagazine.es\/#\/schema\/logo\/image\/"},"sameAs":["https:\/\/www.facebook.com\/tapasmagazine","https:\/\/x.com\/TapasMagazine","https:\/\/www.instagram.com\/tapasmagazine\/","https:\/\/www.linkedin.com\/company\/tapas-magazine","https:\/\/es.pinterest.com\/tapasmagazine\/","https:\/\/www.youtube.com\/channel\/UCEyxneAaACuR0lfDagrWjjg?sub_confirmation=1"]},{"@type":"Person","@id":"https:\/\/www.tapasmagazine.es\/#\/schema\/person\/63bc618d318821aa948ba50d2e18ab3d","name":"Toni Alonso","url":"https:\/\/www.tapasmagazine.es\/en\/author\/antonio-alonso\/"}]}},"_links":{"self":[{"href":"https:\/\/www.tapasmagazine.es\/en\/wp-json\/wp\/v2\/posts\/235656","targetHints":{"allow":["GET"]}}],"collection":[{"href":"https:\/\/www.tapasmagazine.es\/en\/wp-json\/wp\/v2\/posts"}],"about":[{"href":"https:\/\/www.tapasmagazine.es\/en\/wp-json\/wp\/v2\/types\/post"}],"author":[{"embeddable":true,"href":"https:\/\/www.tapasmagazine.es\/en\/wp-json\/wp\/v2\/users\/279"}],"replies":[{"embeddable":true,"href":"https:\/\/www.tapasmagazine.es\/en\/wp-json\/wp\/v2\/comments?post=235656"}],"version-history":[{"count":3,"href":"https:\/\/www.tapasmagazine.es\/en\/wp-json\/wp\/v2\/posts\/235656\/revisions"}],"predecessor-version":[{"id":235660,"href":"https:\/\/www.tapasmagazine.es\/en\/wp-json\/wp\/v2\/posts\/235656\/revisions\/235660"}],"wp:featuredmedia":[{"embeddable":true,"href":"https:\/\/www.tapasmagazine.es\/en\/wp-json\/wp\/v2\/media\/235651"}],"wp:attachment":[{"href":"https:\/\/www.tapasmagazine.es\/en\/wp-json\/wp\/v2\/media?parent=235656"}],"wp:term":[{"taxonomy":"category","embeddable":true,"href":"https:\/\/www.tapasmagazine.es\/en\/wp-json\/wp\/v2\/categories?post=235656"},{"taxonomy":"post_tag","embeddable":true,"href":"https:\/\/www.tapasmagazine.es\/en\/wp-json\/wp\/v2\/tags?post=235656"}],"curies":[{"name":"wp","href":"https:\/\/api.w.org\/{rel}","templated":true}]}}