{"id":235576,"date":"2024-02-13T10:40:39","date_gmt":"2024-02-13T09:40:39","guid":{"rendered":"https:\/\/www.tapasmagazine.es\/kourtney-kardashian-dedica-a-sus-hijos-unos-pasteles-de-san-valentin\/"},"modified":"2024-02-13T10:44:32","modified_gmt":"2024-02-13T09:44:32","slug":"kourtney-kardashian-dedicates-valentines-day-cakes-to-her-kids","status":"publish","type":"post","link":"https:\/\/www.tapasmagazine.es\/en\/kourtney-kardashian-dedicates-valentines-day-cakes-to-her-kids\/","title":{"rendered":"Kourtney Kardashian dedicates Valentine&#8217;s Day cakes to her kids"},"content":{"rendered":"\n<p><strong>Click <a href=\"https:\/\/www.tapasmagazine.es\/kourtney-kardashian-dedica-a-sus-hijos-unos-pasteles-de-san-valentin\/\" target=\"_blank\" rel=\"noreferrer noopener\">here<\/a> to read the Spanish version.<\/strong><\/p>\n\n\n\n<p>The eldest of the<strong> Kardashian Jenner <\/strong>sisters shared a series of images showing six heart-shaped cakes that were made for her and her husband Travis Barker&#8217;s children.<\/p>\n\n\n\n<p>A first image showed the sweets, which featured the names of six of the seven children the couple are linked to.<\/p>\n\n\n\n<figure class=\"wp-block-gallery has-nested-images columns-default is-cropped wp-block-gallery-1 is-layout-flex wp-block-gallery-is-layout-flex\">\n<figure class=\"wp-block-image size-large\"><a href=\"https:\/\/www.tapasmagazine.es\/wp-content\/uploads\/2024\/02\/kourtney-san-valentin-1.webp\"><img decoding=\"async\" width=\"819\" height=\"1024\" data-id=\"235557\" src=\"https:\/\/www.tapasmagazine.es\/wp-content\/uploads\/2024\/02\/kourtney-san-valentin-1-819x1024.webp\" alt=\"\" class=\"wp-image-235557\" srcset=\"https:\/\/www.tapasmagazine.es\/wp-content\/uploads\/2024\/02\/kourtney-san-valentin-1-819x1024.webp 819w, https:\/\/www.tapasmagazine.es\/wp-content\/uploads\/2024\/02\/kourtney-san-valentin-1-240x300.webp 240w, https:\/\/www.tapasmagazine.es\/wp-content\/uploads\/2024\/02\/kourtney-san-valentin-1-768x960.webp 768w, https:\/\/www.tapasmagazine.es\/wp-content\/uploads\/2024\/02\/kourtney-san-valentin-1-1229x1536.webp 1229w, https:\/\/www.tapasmagazine.es\/wp-content\/uploads\/2024\/02\/kourtney-san-valentin-1-1000x1250.webp 1000w, https:\/\/www.tapasmagazine.es\/wp-content\/uploads\/2024\/02\/kourtney-san-valentin-1-400x500.webp 400w, https:\/\/www.tapasmagazine.es\/wp-content\/uploads\/2024\/02\/kourtney-san-valentin-1.webp 1500w\" sizes=\"(max-width: 819px) 100vw, 819px\" \/><\/a><\/figure>\n\n\n\n<figure class=\"wp-block-image size-large\"><a href=\"https:\/\/www.tapasmagazine.es\/wp-content\/uploads\/2024\/02\/kourtney-san-valentin-2.webp\"><img decoding=\"async\" width=\"821\" height=\"1024\" data-id=\"235559\" src=\"https:\/\/www.tapasmagazine.es\/wp-content\/uploads\/2024\/02\/kourtney-san-valentin-2-821x1024.webp\" alt=\"\" class=\"wp-image-235559\" srcset=\"https:\/\/www.tapasmagazine.es\/wp-content\/uploads\/2024\/02\/kourtney-san-valentin-2-821x1024.webp 821w, https:\/\/www.tapasmagazine.es\/wp-content\/uploads\/2024\/02\/kourtney-san-valentin-2-241x300.webp 241w, https:\/\/www.tapasmagazine.es\/wp-content\/uploads\/2024\/02\/kourtney-san-valentin-2-768x957.webp 768w, https:\/\/www.tapasmagazine.es\/wp-content\/uploads\/2024\/02\/kourtney-san-valentin-2-1232x1536.webp 1232w, https:\/\/www.tapasmagazine.es\/wp-content\/uploads\/2024\/02\/kourtney-san-valentin-2-1000x1247.webp 1000w, https:\/\/www.tapasmagazine.es\/wp-content\/uploads\/2024\/02\/kourtney-san-valentin-2-400x499.webp 400w, https:\/\/www.tapasmagazine.es\/wp-content\/uploads\/2024\/02\/kourtney-san-valentin-2.webp 1500w\" sizes=\"(max-width: 821px) 100vw, 821px\" \/><\/a><\/figure>\n<\/figure>\n\n\n\n<p>The <strong>vintage-inspired cakes<\/strong> designed by <strong>Kourt<\/strong> had the names of her three children, Penelope Scotland, Reign, and Mason, inscribed in icing, while Barker&#8217;s daughter Alabama Luella and son Landon, and stepdaughter Atiana De La Hoya, also had theirs.<\/p>\n\n\n\n<figure class=\"wp-block-gallery has-nested-images columns-default is-cropped wp-block-gallery-2 is-layout-flex wp-block-gallery-is-layout-flex\">\n<figure class=\"wp-block-image size-large\"><a href=\"https:\/\/www.tapasmagazine.es\/wp-content\/uploads\/2024\/02\/kourtney-san-valentin-3.jpg\"><img decoding=\"async\" width=\"819\" height=\"1024\" data-id=\"235563\" src=\"https:\/\/www.tapasmagazine.es\/wp-content\/uploads\/2024\/02\/kourtney-san-valentin-3-819x1024.jpg\" alt=\"\" class=\"wp-image-235563\" srcset=\"https:\/\/www.tapasmagazine.es\/wp-content\/uploads\/2024\/02\/kourtney-san-valentin-3-819x1024.jpg 819w, https:\/\/www.tapasmagazine.es\/wp-content\/uploads\/2024\/02\/kourtney-san-valentin-3-240x300.jpg 240w, https:\/\/www.tapasmagazine.es\/wp-content\/uploads\/2024\/02\/kourtney-san-valentin-3-768x960.jpg 768w, https:\/\/www.tapasmagazine.es\/wp-content\/uploads\/2024\/02\/kourtney-san-valentin-3-1000x1250.jpg 1000w, https:\/\/www.tapasmagazine.es\/wp-content\/uploads\/2024\/02\/kourtney-san-valentin-3-400x500.jpg 400w, https:\/\/www.tapasmagazine.es\/wp-content\/uploads\/2024\/02\/kourtney-san-valentin-3.jpg 1080w\" sizes=\"(max-width: 819px) 100vw, 819px\" \/><\/a><\/figure>\n\n\n\n<figure class=\"wp-block-image size-large\"><a href=\"https:\/\/www.tapasmagazine.es\/wp-content\/uploads\/2024\/02\/kourtney-san-valentin-4.jpg\"><img decoding=\"async\" width=\"819\" height=\"1024\" data-id=\"235561\" src=\"https:\/\/www.tapasmagazine.es\/wp-content\/uploads\/2024\/02\/kourtney-san-valentin-4-819x1024.jpg\" alt=\"\" class=\"wp-image-235561\" srcset=\"https:\/\/www.tapasmagazine.es\/wp-content\/uploads\/2024\/02\/kourtney-san-valentin-4-819x1024.jpg 819w, https:\/\/www.tapasmagazine.es\/wp-content\/uploads\/2024\/02\/kourtney-san-valentin-4-240x300.jpg 240w, https:\/\/www.tapasmagazine.es\/wp-content\/uploads\/2024\/02\/kourtney-san-valentin-4-768x960.jpg 768w, https:\/\/www.tapasmagazine.es\/wp-content\/uploads\/2024\/02\/kourtney-san-valentin-4-1000x1250.jpg 1000w, https:\/\/www.tapasmagazine.es\/wp-content\/uploads\/2024\/02\/kourtney-san-valentin-4-400x500.jpg 400w, https:\/\/www.tapasmagazine.es\/wp-content\/uploads\/2024\/02\/kourtney-san-valentin-4.jpg 1080w\" sizes=\"(max-width: 819px) 100vw, 819px\" \/><\/a><\/figure>\n<\/figure>\n\n\n\n<p>In another shared snapshot, she and Barker are seen enjoying a<strong> glass of wine<\/strong> in red bodysuits amidst an idyllic natural setting, while another is a gastronomic one of a still life with <strong>heart-shaped waffles<\/strong>.<\/p>\n","protected":false},"excerpt":{"rendered":"<p>Click here to read the Spanish version. The eldest of the Kardashian Jenner sisters shared a series of images showing six heart-shaped cakes that were made for her and her husband Travis Barker&#8217;s children. A first image showed the sweets, which featured the names of six of the seven children the couple are linked to. [&hellip;]<\/p>\n","protected":false},"author":285,"featured_media":235552,"comment_status":"open","ping_status":"closed","sticky":false,"template":"single-feature.php","format":"standard","meta":{"_acf_changed":false,"footnotes":""},"categories":[15802,15851,15910],"tags":[18590,16011],"class_list":["post-235576","post","type-post","status-publish","format-standard","has-post-thumbnail","hentry","category-news","category-nombres-propios-en","category-personajes-en","tag-kourtney-kardashian-en","tag-san-valentin-en","cat-15802-id","cat-15851-id","cat-15910-id"],"acf":[],"yoast_head":"<!-- This site is optimized with the Yoast SEO plugin v27.4 - https:\/\/yoast.com\/product\/yoast-seo-wordpress\/ -->\n<title>Kourtney Kardashian dedicates Valentine&#039;s Day cakes to her kids - Tapas<\/title>\n<meta name=\"description\" content=\"Click here to read the Spanish version. The eldest of the Kardashian Jenner sisters shared a series of images showing six heart-shaped cakes that were\" \/>\n<meta name=\"robots\" content=\"index, follow, max-snippet:-1, max-image-preview:large, max-video-preview:-1\" \/>\n<link rel=\"canonical\" href=\"https:\/\/www.tapasmagazine.es\/en\/kourtney-kardashian-dedicates-valentines-day-cakes-to-her-kids\/\" \/>\n<meta property=\"og:locale\" content=\"en_US\" \/>\n<meta property=\"og:type\" content=\"article\" \/>\n<meta property=\"og:title\" content=\"Kourtney Kardashian dedicates Valentine&#039;s Day cakes to her kids - Tapas\" \/>\n<meta property=\"og:description\" content=\"Click here to read the Spanish version. The eldest of the Kardashian Jenner sisters shared a series of images showing six heart-shaped cakes that were\" \/>\n<meta property=\"og:url\" content=\"https:\/\/www.tapasmagazine.es\/en\/kourtney-kardashian-dedicates-valentines-day-cakes-to-her-kids\/\" \/>\n<meta property=\"og:site_name\" content=\"Tapas\" \/>\n<meta property=\"article:publisher\" content=\"https:\/\/www.facebook.com\/tapasmagazine\" \/>\n<meta property=\"article:published_time\" content=\"2024-02-13T09:40:39+00:00\" \/>\n<meta property=\"article:modified_time\" content=\"2024-02-13T09:44:32+00:00\" \/>\n<meta property=\"og:image\" content=\"https:\/\/www.tapasmagazine.es\/wp-content\/uploads\/2024\/02\/kourtney-san-valentin.jpg\" \/>\n\t<meta property=\"og:image:width\" content=\"1200\" \/>\n\t<meta property=\"og:image:height\" content=\"675\" \/>\n\t<meta property=\"og:image:type\" content=\"image\/jpeg\" \/>\n<meta name=\"author\" content=\"Laura P\u00e9rez\" \/>\n<meta name=\"twitter:card\" content=\"summary_large_image\" \/>\n<meta name=\"twitter:creator\" content=\"@TapasMagazine\" \/>\n<meta name=\"twitter:site\" content=\"@TapasMagazine\" \/>\n<meta name=\"twitter:label1\" content=\"Written by\" \/>\n\t<meta name=\"twitter:data1\" content=\"Laura P\u00e9rez\" \/>\n\t<meta name=\"twitter:label2\" content=\"Est. reading time\" \/>\n\t<meta name=\"twitter:data2\" content=\"2 minutes\" \/>\n<script type=\"application\/ld+json\" class=\"yoast-schema-graph\">{\"@context\":\"https:\\\/\\\/schema.org\",\"@graph\":[{\"@type\":\"Article\",\"@id\":\"https:\\\/\\\/www.tapasmagazine.es\\\/en\\\/kourtney-kardashian-dedicates-valentines-day-cakes-to-her-kids\\\/#article\",\"isPartOf\":{\"@id\":\"https:\\\/\\\/www.tapasmagazine.es\\\/en\\\/kourtney-kardashian-dedicates-valentines-day-cakes-to-her-kids\\\/\"},\"author\":{\"name\":\"Laura P\u00e9rez\",\"@id\":\"https:\\\/\\\/www.tapasmagazine.es\\\/#\\\/schema\\\/person\\\/eb46cbe76a9c8f062660eb609e3ecb4e\"},\"headline\":\"Kourtney Kardashian dedicates Valentine&#8217;s Day cakes to her kids\",\"datePublished\":\"2024-02-13T09:40:39+00:00\",\"dateModified\":\"2024-02-13T09:44:32+00:00\",\"mainEntityOfPage\":{\"@id\":\"https:\\\/\\\/www.tapasmagazine.es\\\/en\\\/kourtney-kardashian-dedicates-valentines-day-cakes-to-her-kids\\\/\"},\"wordCount\":140,\"commentCount\":0,\"publisher\":{\"@id\":\"https:\\\/\\\/www.tapasmagazine.es\\\/#organization\"},\"image\":{\"@id\":\"https:\\\/\\\/www.tapasmagazine.es\\\/en\\\/kourtney-kardashian-dedicates-valentines-day-cakes-to-her-kids\\\/#primaryimage\"},\"thumbnailUrl\":\"https:\\\/\\\/www.tapasmagazine.es\\\/wp-content\\\/uploads\\\/2024\\\/02\\\/kourtney-san-valentin.jpg\",\"keywords\":[\"Kourtney Kardashian\",\"san valent\u00edn\"],\"articleSection\":[\"News\",\"Nombres propios\",\"Personajes\"],\"inLanguage\":\"en-US\",\"potentialAction\":[{\"@type\":\"CommentAction\",\"name\":\"Comment\",\"target\":[\"https:\\\/\\\/www.tapasmagazine.es\\\/en\\\/kourtney-kardashian-dedicates-valentines-day-cakes-to-her-kids\\\/#respond\"]}]},{\"@type\":\"WebPage\",\"@id\":\"https:\\\/\\\/www.tapasmagazine.es\\\/en\\\/kourtney-kardashian-dedicates-valentines-day-cakes-to-her-kids\\\/\",\"url\":\"https:\\\/\\\/www.tapasmagazine.es\\\/en\\\/kourtney-kardashian-dedicates-valentines-day-cakes-to-her-kids\\\/\",\"name\":\"Kourtney Kardashian dedicates Valentine's Day cakes to her kids - Tapas\",\"isPartOf\":{\"@id\":\"https:\\\/\\\/www.tapasmagazine.es\\\/#website\"},\"primaryImageOfPage\":{\"@id\":\"https:\\\/\\\/www.tapasmagazine.es\\\/en\\\/kourtney-kardashian-dedicates-valentines-day-cakes-to-her-kids\\\/#primaryimage\"},\"image\":{\"@id\":\"https:\\\/\\\/www.tapasmagazine.es\\\/en\\\/kourtney-kardashian-dedicates-valentines-day-cakes-to-her-kids\\\/#primaryimage\"},\"thumbnailUrl\":\"https:\\\/\\\/www.tapasmagazine.es\\\/wp-content\\\/uploads\\\/2024\\\/02\\\/kourtney-san-valentin.jpg\",\"datePublished\":\"2024-02-13T09:40:39+00:00\",\"dateModified\":\"2024-02-13T09:44:32+00:00\",\"description\":\"Click here to read the Spanish version. The eldest of the Kardashian Jenner sisters shared a series of images showing six heart-shaped cakes that were\",\"breadcrumb\":{\"@id\":\"https:\\\/\\\/www.tapasmagazine.es\\\/en\\\/kourtney-kardashian-dedicates-valentines-day-cakes-to-her-kids\\\/#breadcrumb\"},\"inLanguage\":\"en-US\",\"potentialAction\":[{\"@type\":\"ReadAction\",\"target\":[\"https:\\\/\\\/www.tapasmagazine.es\\\/en\\\/kourtney-kardashian-dedicates-valentines-day-cakes-to-her-kids\\\/\"]}]},{\"@type\":\"ImageObject\",\"inLanguage\":\"en-US\",\"@id\":\"https:\\\/\\\/www.tapasmagazine.es\\\/en\\\/kourtney-kardashian-dedicates-valentines-day-cakes-to-her-kids\\\/#primaryimage\",\"url\":\"https:\\\/\\\/www.tapasmagazine.es\\\/wp-content\\\/uploads\\\/2024\\\/02\\\/kourtney-san-valentin.jpg\",\"contentUrl\":\"https:\\\/\\\/www.tapasmagazine.es\\\/wp-content\\\/uploads\\\/2024\\\/02\\\/kourtney-san-valentin.jpg\",\"width\":1200,\"height\":675},{\"@type\":\"BreadcrumbList\",\"@id\":\"https:\\\/\\\/www.tapasmagazine.es\\\/en\\\/kourtney-kardashian-dedicates-valentines-day-cakes-to-her-kids\\\/#breadcrumb\",\"itemListElement\":[{\"@type\":\"ListItem\",\"position\":1,\"name\":\"Portada\",\"item\":\"https:\\\/\\\/www.tapasmagazine.es\\\/\"},{\"@type\":\"ListItem\",\"position\":2,\"name\":\"News\",\"item\":\"https:\\\/\\\/www.tapasmagazine.es\\\/en\\\/categorias\\\/news\\\/\"},{\"@type\":\"ListItem\",\"position\":3,\"name\":\"Kourtney Kardashian dedicates Valentine&#8217;s Day cakes to her kids\"}]},{\"@type\":\"WebSite\",\"@id\":\"https:\\\/\\\/www.tapasmagazine.es\\\/#website\",\"url\":\"https:\\\/\\\/www.tapasmagazine.es\\\/\",\"name\":\"Tapas\",\"description\":\"\u00d1am \u00d1am Lifestyle. La vida a bocados. Premio Nacional de Gastronom\u00eda 2016.\",\"publisher\":{\"@id\":\"https:\\\/\\\/www.tapasmagazine.es\\\/#organization\"},\"potentialAction\":[{\"@type\":\"SearchAction\",\"target\":{\"@type\":\"EntryPoint\",\"urlTemplate\":\"https:\\\/\\\/www.tapasmagazine.es\\\/?s={search_term_string}\"},\"query-input\":{\"@type\":\"PropertyValueSpecification\",\"valueRequired\":true,\"valueName\":\"search_term_string\"}}],\"inLanguage\":\"en-US\"},{\"@type\":\"Organization\",\"@id\":\"https:\\\/\\\/www.tapasmagazine.es\\\/#organization\",\"name\":\"Tapas Magazine\",\"url\":\"https:\\\/\\\/www.tapasmagazine.es\\\/\",\"logo\":{\"@type\":\"ImageObject\",\"inLanguage\":\"en-US\",\"@id\":\"https:\\\/\\\/www.tapasmagazine.es\\\/#\\\/schema\\\/logo\\\/image\\\/\",\"url\":\"https:\\\/\\\/www.tapasmagazine.es\\\/wp-content\\\/uploads\\\/2018\\\/01\\\/logo.png\",\"contentUrl\":\"https:\\\/\\\/www.tapasmagazine.es\\\/wp-content\\\/uploads\\\/2018\\\/01\\\/logo.png\",\"width\":180,\"height\":60,\"caption\":\"Tapas Magazine\"},\"image\":{\"@id\":\"https:\\\/\\\/www.tapasmagazine.es\\\/#\\\/schema\\\/logo\\\/image\\\/\"},\"sameAs\":[\"https:\\\/\\\/www.facebook.com\\\/tapasmagazine\",\"https:\\\/\\\/x.com\\\/TapasMagazine\",\"https:\\\/\\\/www.instagram.com\\\/tapasmagazine\\\/\",\"https:\\\/\\\/www.linkedin.com\\\/company\\\/tapas-magazine\",\"https:\\\/\\\/es.pinterest.com\\\/tapasmagazine\\\/\",\"https:\\\/\\\/www.youtube.com\\\/channel\\\/UCEyxneAaACuR0lfDagrWjjg?sub_confirmation=1\"]},{\"@type\":\"Person\",\"@id\":\"https:\\\/\\\/www.tapasmagazine.es\\\/#\\\/schema\\\/person\\\/eb46cbe76a9c8f062660eb609e3ecb4e\",\"name\":\"Laura P\u00e9rez\",\"url\":\"https:\\\/\\\/www.tapasmagazine.es\\\/en\\\/author\\\/laura-perez\\\/\"}]}<\/script>\n<!-- \/ Yoast SEO plugin. -->","yoast_head_json":{"title":"Kourtney Kardashian dedicates Valentine's Day cakes to her kids - Tapas","description":"Click here to read the Spanish version. The eldest of the Kardashian Jenner sisters shared a series of images showing six heart-shaped cakes that were","robots":{"index":"index","follow":"follow","max-snippet":"max-snippet:-1","max-image-preview":"max-image-preview:large","max-video-preview":"max-video-preview:-1"},"canonical":"https:\/\/www.tapasmagazine.es\/en\/kourtney-kardashian-dedicates-valentines-day-cakes-to-her-kids\/","og_locale":"en_US","og_type":"article","og_title":"Kourtney Kardashian dedicates Valentine's Day cakes to her kids - Tapas","og_description":"Click here to read the Spanish version. The eldest of the Kardashian Jenner sisters shared a series of images showing six heart-shaped cakes that were","og_url":"https:\/\/www.tapasmagazine.es\/en\/kourtney-kardashian-dedicates-valentines-day-cakes-to-her-kids\/","og_site_name":"Tapas","article_publisher":"https:\/\/www.facebook.com\/tapasmagazine","article_published_time":"2024-02-13T09:40:39+00:00","article_modified_time":"2024-02-13T09:44:32+00:00","og_image":[{"width":1200,"height":675,"url":"https:\/\/www.tapasmagazine.es\/wp-content\/uploads\/2024\/02\/kourtney-san-valentin.jpg","type":"image\/jpeg"}],"author":"Laura P\u00e9rez","twitter_card":"summary_large_image","twitter_creator":"@TapasMagazine","twitter_site":"@TapasMagazine","twitter_misc":{"Written by":"Laura P\u00e9rez","Est. reading time":"2 minutes"},"schema":{"@context":"https:\/\/schema.org","@graph":[{"@type":"Article","@id":"https:\/\/www.tapasmagazine.es\/en\/kourtney-kardashian-dedicates-valentines-day-cakes-to-her-kids\/#article","isPartOf":{"@id":"https:\/\/www.tapasmagazine.es\/en\/kourtney-kardashian-dedicates-valentines-day-cakes-to-her-kids\/"},"author":{"name":"Laura P\u00e9rez","@id":"https:\/\/www.tapasmagazine.es\/#\/schema\/person\/eb46cbe76a9c8f062660eb609e3ecb4e"},"headline":"Kourtney Kardashian dedicates Valentine&#8217;s Day cakes to her kids","datePublished":"2024-02-13T09:40:39+00:00","dateModified":"2024-02-13T09:44:32+00:00","mainEntityOfPage":{"@id":"https:\/\/www.tapasmagazine.es\/en\/kourtney-kardashian-dedicates-valentines-day-cakes-to-her-kids\/"},"wordCount":140,"commentCount":0,"publisher":{"@id":"https:\/\/www.tapasmagazine.es\/#organization"},"image":{"@id":"https:\/\/www.tapasmagazine.es\/en\/kourtney-kardashian-dedicates-valentines-day-cakes-to-her-kids\/#primaryimage"},"thumbnailUrl":"https:\/\/www.tapasmagazine.es\/wp-content\/uploads\/2024\/02\/kourtney-san-valentin.jpg","keywords":["Kourtney Kardashian","san valent\u00edn"],"articleSection":["News","Nombres propios","Personajes"],"inLanguage":"en-US","potentialAction":[{"@type":"CommentAction","name":"Comment","target":["https:\/\/www.tapasmagazine.es\/en\/kourtney-kardashian-dedicates-valentines-day-cakes-to-her-kids\/#respond"]}]},{"@type":"WebPage","@id":"https:\/\/www.tapasmagazine.es\/en\/kourtney-kardashian-dedicates-valentines-day-cakes-to-her-kids\/","url":"https:\/\/www.tapasmagazine.es\/en\/kourtney-kardashian-dedicates-valentines-day-cakes-to-her-kids\/","name":"Kourtney Kardashian dedicates Valentine's Day cakes to her kids - Tapas","isPartOf":{"@id":"https:\/\/www.tapasmagazine.es\/#website"},"primaryImageOfPage":{"@id":"https:\/\/www.tapasmagazine.es\/en\/kourtney-kardashian-dedicates-valentines-day-cakes-to-her-kids\/#primaryimage"},"image":{"@id":"https:\/\/www.tapasmagazine.es\/en\/kourtney-kardashian-dedicates-valentines-day-cakes-to-her-kids\/#primaryimage"},"thumbnailUrl":"https:\/\/www.tapasmagazine.es\/wp-content\/uploads\/2024\/02\/kourtney-san-valentin.jpg","datePublished":"2024-02-13T09:40:39+00:00","dateModified":"2024-02-13T09:44:32+00:00","description":"Click here to read the Spanish version. The eldest of the Kardashian Jenner sisters shared a series of images showing six heart-shaped cakes that were","breadcrumb":{"@id":"https:\/\/www.tapasmagazine.es\/en\/kourtney-kardashian-dedicates-valentines-day-cakes-to-her-kids\/#breadcrumb"},"inLanguage":"en-US","potentialAction":[{"@type":"ReadAction","target":["https:\/\/www.tapasmagazine.es\/en\/kourtney-kardashian-dedicates-valentines-day-cakes-to-her-kids\/"]}]},{"@type":"ImageObject","inLanguage":"en-US","@id":"https:\/\/www.tapasmagazine.es\/en\/kourtney-kardashian-dedicates-valentines-day-cakes-to-her-kids\/#primaryimage","url":"https:\/\/www.tapasmagazine.es\/wp-content\/uploads\/2024\/02\/kourtney-san-valentin.jpg","contentUrl":"https:\/\/www.tapasmagazine.es\/wp-content\/uploads\/2024\/02\/kourtney-san-valentin.jpg","width":1200,"height":675},{"@type":"BreadcrumbList","@id":"https:\/\/www.tapasmagazine.es\/en\/kourtney-kardashian-dedicates-valentines-day-cakes-to-her-kids\/#breadcrumb","itemListElement":[{"@type":"ListItem","position":1,"name":"Portada","item":"https:\/\/www.tapasmagazine.es\/"},{"@type":"ListItem","position":2,"name":"News","item":"https:\/\/www.tapasmagazine.es\/en\/categorias\/news\/"},{"@type":"ListItem","position":3,"name":"Kourtney Kardashian dedicates Valentine&#8217;s Day cakes to her kids"}]},{"@type":"WebSite","@id":"https:\/\/www.tapasmagazine.es\/#website","url":"https:\/\/www.tapasmagazine.es\/","name":"Tapas","description":"\u00d1am \u00d1am Lifestyle. La vida a bocados. Premio Nacional de Gastronom\u00eda 2016.","publisher":{"@id":"https:\/\/www.tapasmagazine.es\/#organization"},"potentialAction":[{"@type":"SearchAction","target":{"@type":"EntryPoint","urlTemplate":"https:\/\/www.tapasmagazine.es\/?s={search_term_string}"},"query-input":{"@type":"PropertyValueSpecification","valueRequired":true,"valueName":"search_term_string"}}],"inLanguage":"en-US"},{"@type":"Organization","@id":"https:\/\/www.tapasmagazine.es\/#organization","name":"Tapas Magazine","url":"https:\/\/www.tapasmagazine.es\/","logo":{"@type":"ImageObject","inLanguage":"en-US","@id":"https:\/\/www.tapasmagazine.es\/#\/schema\/logo\/image\/","url":"https:\/\/www.tapasmagazine.es\/wp-content\/uploads\/2018\/01\/logo.png","contentUrl":"https:\/\/www.tapasmagazine.es\/wp-content\/uploads\/2018\/01\/logo.png","width":180,"height":60,"caption":"Tapas Magazine"},"image":{"@id":"https:\/\/www.tapasmagazine.es\/#\/schema\/logo\/image\/"},"sameAs":["https:\/\/www.facebook.com\/tapasmagazine","https:\/\/x.com\/TapasMagazine","https:\/\/www.instagram.com\/tapasmagazine\/","https:\/\/www.linkedin.com\/company\/tapas-magazine","https:\/\/es.pinterest.com\/tapasmagazine\/","https:\/\/www.youtube.com\/channel\/UCEyxneAaACuR0lfDagrWjjg?sub_confirmation=1"]},{"@type":"Person","@id":"https:\/\/www.tapasmagazine.es\/#\/schema\/person\/eb46cbe76a9c8f062660eb609e3ecb4e","name":"Laura P\u00e9rez","url":"https:\/\/www.tapasmagazine.es\/en\/author\/laura-perez\/"}]}},"_links":{"self":[{"href":"https:\/\/www.tapasmagazine.es\/en\/wp-json\/wp\/v2\/posts\/235576","targetHints":{"allow":["GET"]}}],"collection":[{"href":"https:\/\/www.tapasmagazine.es\/en\/wp-json\/wp\/v2\/posts"}],"about":[{"href":"https:\/\/www.tapasmagazine.es\/en\/wp-json\/wp\/v2\/types\/post"}],"author":[{"embeddable":true,"href":"https:\/\/www.tapasmagazine.es\/en\/wp-json\/wp\/v2\/users\/285"}],"replies":[{"embeddable":true,"href":"https:\/\/www.tapasmagazine.es\/en\/wp-json\/wp\/v2\/comments?post=235576"}],"version-history":[{"count":4,"href":"https:\/\/www.tapasmagazine.es\/en\/wp-json\/wp\/v2\/posts\/235576\/revisions"}],"predecessor-version":[{"id":235591,"href":"https:\/\/www.tapasmagazine.es\/en\/wp-json\/wp\/v2\/posts\/235576\/revisions\/235591"}],"wp:featuredmedia":[{"embeddable":true,"href":"https:\/\/www.tapasmagazine.es\/en\/wp-json\/wp\/v2\/media\/235552"}],"wp:attachment":[{"href":"https:\/\/www.tapasmagazine.es\/en\/wp-json\/wp\/v2\/media?parent=235576"}],"wp:term":[{"taxonomy":"category","embeddable":true,"href":"https:\/\/www.tapasmagazine.es\/en\/wp-json\/wp\/v2\/categories?post=235576"},{"taxonomy":"post_tag","embeddable":true,"href":"https:\/\/www.tapasmagazine.es\/en\/wp-json\/wp\/v2\/tags?post=235576"}],"curies":[{"name":"wp","href":"https:\/\/api.w.org\/{rel}","templated":true}]}}