{"id":235259,"date":"2024-02-12T11:12:16","date_gmt":"2024-02-12T10:12:16","guid":{"rendered":"https:\/\/www.tapasmagazine.es\/la-tercera-temporada-de-the-bear-ya-tiene-fecha-de-estreno\/"},"modified":"2024-02-12T11:25:55","modified_gmt":"2024-02-12T10:25:55","slug":"the-bear-already-has-premiere-date-third-season","status":"publish","type":"post","link":"https:\/\/www.tapasmagazine.es\/en\/the-bear-already-has-premiere-date-third-season\/","title":{"rendered":"&#8216;The Bear&#8217; already has a premiere date for its third season"},"content":{"rendered":"\n<p><strong>Click\u00a0<a href=\"https:\/\/www.tapasmagazine.es\/la-tercera-temporada-de-the-bear-ya-tiene-fecha-de-estreno\/\" target=\"_blank\" rel=\"noreferrer noopener\">here<\/a>\u00a0to read the Spanish version.<\/strong><\/p>\n\n\n\n<p>The mass cultural phenomenon has continued to cook up episodes that follow the story of <strong>Carmy<\/strong> (Jeremy Allen White), and the construction of his dream restaurant along with parallel scenes &#8211; outside of the kitchen &#8211; that elevate his high-end menu.<\/p>\n\n\n\n<p>The hit series, which received<strong> 10 Emmy Awards<\/strong>, will premiere its <strong><a href=\"https:\/\/www.tapasmagazine.es\/en\/the-bear-renewed-third-season-what-to-expect\/\" target=\"_blank\" rel=\"noreferrer noopener\">third season<\/a><\/strong> in <strong>June 2024<\/strong>. News that was unveiled via an official announcement on Friday by FX president John Landgraf at the Television Critics Association winter press tour.<\/p>\n\n\n\n<figure class=\"wp-block-image size-large\"><a href=\"https:\/\/www.tapasmagazine.es\/wp-content\/uploads\/2023\/09\/jeremy-allen-the-bear-1.jpg\"><img decoding=\"async\" width=\"1024\" height=\"576\" src=\"https:\/\/www.tapasmagazine.es\/wp-content\/uploads\/2023\/09\/jeremy-allen-the-bear-1-1024x576.jpg\" alt=\"\" class=\"wp-image-207824\" srcset=\"https:\/\/www.tapasmagazine.es\/wp-content\/uploads\/2023\/09\/jeremy-allen-the-bear-1-1024x576.jpg 1024w, https:\/\/www.tapasmagazine.es\/wp-content\/uploads\/2023\/09\/jeremy-allen-the-bear-1-300x169.jpg 300w, https:\/\/www.tapasmagazine.es\/wp-content\/uploads\/2023\/09\/jeremy-allen-the-bear-1-768x432.jpg 768w, https:\/\/www.tapasmagazine.es\/wp-content\/uploads\/2023\/09\/jeremy-allen-the-bear-1-1000x563.jpg 1000w, https:\/\/www.tapasmagazine.es\/wp-content\/uploads\/2023\/09\/jeremy-allen-the-bear-1-400x225.jpg 400w, https:\/\/www.tapasmagazine.es\/wp-content\/uploads\/2023\/09\/jeremy-allen-the-bear-1.jpg 1200w\" sizes=\"(max-width: 1024px) 100vw, 1024px\" \/><\/a><\/figure>\n\n\n\n<p>The most desired chef on television, along with Ayo Edebiri, Ebon Moss-Bachrach, Abby Elliott, Lionel Boyce, Liza Col\u00f3n-Zayas, Matty Matheson or Edwin Lee Gibson, will continue to develop the culinary plots of the series, between love, success and decadence, serving delicious dialogues elaborated by its creator and screenwriter Christopher Sto.<\/p>\n\n\n\n<p>&#8216;<strong>The Bear<\/strong>&#8216; will screen on <strong>Hulu<\/strong> all new episodes in one day, rather than week to week as previously, returning to that functional kitchen environment evoked in the early days of the production.<\/p>\n","protected":false},"excerpt":{"rendered":"<p>Click\u00a0here\u00a0to read the Spanish version. The mass cultural phenomenon has continued to cook up episodes that follow the story of Carmy (Jeremy Allen White), and the construction of his dream restaurant along with parallel scenes &#8211; outside of the kitchen &#8211; that elevate his high-end menu. The hit series, which received 10 Emmy Awards, will [&hellip;]<\/p>\n","protected":false},"author":285,"featured_media":235237,"comment_status":"open","ping_status":"closed","sticky":false,"template":"single-feature.php","format":"standard","meta":{"_acf_changed":false,"footnotes":""},"categories":[15802,1],"tags":[15903],"class_list":["post-235259","post","type-post","status-publish","format-standard","has-post-thumbnail","hentry","category-news","category-sin-categorizar","tag-the-bear-en","cat-15802-id","cat-1-id"],"acf":[],"yoast_head":"<!-- This site is optimized with the Yoast SEO plugin v27.4 - https:\/\/yoast.com\/product\/yoast-seo-wordpress\/ -->\n<title>&#039;The Bear&#039; already has a premiere date for its third season - Tapas<\/title>\n<meta name=\"description\" content=\"Click\u00a0here\u00a0to read the Spanish version. The mass cultural phenomenon has continued to cook up episodes that follow the story of Carmy (Jeremy Allen\" \/>\n<meta name=\"robots\" content=\"index, follow, max-snippet:-1, max-image-preview:large, max-video-preview:-1\" \/>\n<link rel=\"canonical\" href=\"https:\/\/www.tapasmagazine.es\/en\/the-bear-already-has-premiere-date-third-season\/\" \/>\n<meta property=\"og:locale\" content=\"en_US\" \/>\n<meta property=\"og:type\" content=\"article\" \/>\n<meta property=\"og:title\" content=\"&#039;The Bear&#039; already has a premiere date for its third season - Tapas\" \/>\n<meta property=\"og:description\" content=\"Click\u00a0here\u00a0to read the Spanish version. The mass cultural phenomenon has continued to cook up episodes that follow the story of Carmy (Jeremy Allen\" \/>\n<meta property=\"og:url\" content=\"https:\/\/www.tapasmagazine.es\/en\/the-bear-already-has-premiere-date-third-season\/\" \/>\n<meta property=\"og:site_name\" content=\"Tapas\" \/>\n<meta property=\"article:publisher\" content=\"https:\/\/www.facebook.com\/tapasmagazine\" \/>\n<meta property=\"article:published_time\" content=\"2024-02-12T10:12:16+00:00\" \/>\n<meta property=\"article:modified_time\" content=\"2024-02-12T10:25:55+00:00\" \/>\n<meta property=\"og:image\" content=\"https:\/\/www.tapasmagazine.es\/wp-content\/uploads\/2024\/02\/the-bear-season-3.jpg\" \/>\n\t<meta property=\"og:image:width\" content=\"1200\" \/>\n\t<meta property=\"og:image:height\" content=\"675\" \/>\n\t<meta property=\"og:image:type\" content=\"image\/jpeg\" \/>\n<meta name=\"author\" content=\"Laura P\u00e9rez\" \/>\n<meta name=\"twitter:card\" content=\"summary_large_image\" \/>\n<meta name=\"twitter:creator\" content=\"@TapasMagazine\" \/>\n<meta name=\"twitter:site\" content=\"@TapasMagazine\" \/>\n<meta name=\"twitter:label1\" content=\"Written by\" \/>\n\t<meta name=\"twitter:data1\" content=\"Laura P\u00e9rez\" \/>\n\t<meta name=\"twitter:label2\" content=\"Est. reading time\" \/>\n\t<meta name=\"twitter:data2\" content=\"2 minutes\" \/>\n<script type=\"application\/ld+json\" class=\"yoast-schema-graph\">{\"@context\":\"https:\\\/\\\/schema.org\",\"@graph\":[{\"@type\":\"Article\",\"@id\":\"https:\\\/\\\/www.tapasmagazine.es\\\/en\\\/the-bear-already-has-premiere-date-third-season\\\/#article\",\"isPartOf\":{\"@id\":\"https:\\\/\\\/www.tapasmagazine.es\\\/en\\\/the-bear-already-has-premiere-date-third-season\\\/\"},\"author\":{\"name\":\"Laura P\u00e9rez\",\"@id\":\"https:\\\/\\\/www.tapasmagazine.es\\\/#\\\/schema\\\/person\\\/eb46cbe76a9c8f062660eb609e3ecb4e\"},\"headline\":\"&#8216;The Bear&#8217; already has a premiere date for its third season\",\"datePublished\":\"2024-02-12T10:12:16+00:00\",\"dateModified\":\"2024-02-12T10:25:55+00:00\",\"mainEntityOfPage\":{\"@id\":\"https:\\\/\\\/www.tapasmagazine.es\\\/en\\\/the-bear-already-has-premiere-date-third-season\\\/\"},\"wordCount\":180,\"commentCount\":0,\"publisher\":{\"@id\":\"https:\\\/\\\/www.tapasmagazine.es\\\/#organization\"},\"image\":{\"@id\":\"https:\\\/\\\/www.tapasmagazine.es\\\/en\\\/the-bear-already-has-premiere-date-third-season\\\/#primaryimage\"},\"thumbnailUrl\":\"https:\\\/\\\/www.tapasmagazine.es\\\/wp-content\\\/uploads\\\/2024\\\/02\\\/the-bear-season-3.jpg\",\"keywords\":[\"The Bear\"],\"articleSection\":[\"News\",\"Sin categorizar\"],\"inLanguage\":\"en-US\",\"potentialAction\":[{\"@type\":\"CommentAction\",\"name\":\"Comment\",\"target\":[\"https:\\\/\\\/www.tapasmagazine.es\\\/en\\\/the-bear-already-has-premiere-date-third-season\\\/#respond\"]}]},{\"@type\":\"WebPage\",\"@id\":\"https:\\\/\\\/www.tapasmagazine.es\\\/en\\\/the-bear-already-has-premiere-date-third-season\\\/\",\"url\":\"https:\\\/\\\/www.tapasmagazine.es\\\/en\\\/the-bear-already-has-premiere-date-third-season\\\/\",\"name\":\"'The Bear' already has a premiere date for its third season - Tapas\",\"isPartOf\":{\"@id\":\"https:\\\/\\\/www.tapasmagazine.es\\\/#website\"},\"primaryImageOfPage\":{\"@id\":\"https:\\\/\\\/www.tapasmagazine.es\\\/en\\\/the-bear-already-has-premiere-date-third-season\\\/#primaryimage\"},\"image\":{\"@id\":\"https:\\\/\\\/www.tapasmagazine.es\\\/en\\\/the-bear-already-has-premiere-date-third-season\\\/#primaryimage\"},\"thumbnailUrl\":\"https:\\\/\\\/www.tapasmagazine.es\\\/wp-content\\\/uploads\\\/2024\\\/02\\\/the-bear-season-3.jpg\",\"datePublished\":\"2024-02-12T10:12:16+00:00\",\"dateModified\":\"2024-02-12T10:25:55+00:00\",\"description\":\"Click\u00a0here\u00a0to read the Spanish version. The mass cultural phenomenon has continued to cook up episodes that follow the story of Carmy (Jeremy Allen\",\"breadcrumb\":{\"@id\":\"https:\\\/\\\/www.tapasmagazine.es\\\/en\\\/the-bear-already-has-premiere-date-third-season\\\/#breadcrumb\"},\"inLanguage\":\"en-US\",\"potentialAction\":[{\"@type\":\"ReadAction\",\"target\":[\"https:\\\/\\\/www.tapasmagazine.es\\\/en\\\/the-bear-already-has-premiere-date-third-season\\\/\"]}]},{\"@type\":\"ImageObject\",\"inLanguage\":\"en-US\",\"@id\":\"https:\\\/\\\/www.tapasmagazine.es\\\/en\\\/the-bear-already-has-premiere-date-third-season\\\/#primaryimage\",\"url\":\"https:\\\/\\\/www.tapasmagazine.es\\\/wp-content\\\/uploads\\\/2024\\\/02\\\/the-bear-season-3.jpg\",\"contentUrl\":\"https:\\\/\\\/www.tapasmagazine.es\\\/wp-content\\\/uploads\\\/2024\\\/02\\\/the-bear-season-3.jpg\",\"width\":1200,\"height\":675},{\"@type\":\"BreadcrumbList\",\"@id\":\"https:\\\/\\\/www.tapasmagazine.es\\\/en\\\/the-bear-already-has-premiere-date-third-season\\\/#breadcrumb\",\"itemListElement\":[{\"@type\":\"ListItem\",\"position\":1,\"name\":\"Portada\",\"item\":\"https:\\\/\\\/www.tapasmagazine.es\\\/\"},{\"@type\":\"ListItem\",\"position\":2,\"name\":\"Sin categorizar\",\"item\":\"https:\\\/\\\/www.tapasmagazine.es\\\/categorias\\\/sin-categorizar\\\/\"},{\"@type\":\"ListItem\",\"position\":3,\"name\":\"&#8216;The Bear&#8217; already has a premiere date for its third season\"}]},{\"@type\":\"WebSite\",\"@id\":\"https:\\\/\\\/www.tapasmagazine.es\\\/#website\",\"url\":\"https:\\\/\\\/www.tapasmagazine.es\\\/\",\"name\":\"Tapas\",\"description\":\"\u00d1am \u00d1am Lifestyle. La vida a bocados. Premio Nacional de Gastronom\u00eda 2016.\",\"publisher\":{\"@id\":\"https:\\\/\\\/www.tapasmagazine.es\\\/#organization\"},\"potentialAction\":[{\"@type\":\"SearchAction\",\"target\":{\"@type\":\"EntryPoint\",\"urlTemplate\":\"https:\\\/\\\/www.tapasmagazine.es\\\/?s={search_term_string}\"},\"query-input\":{\"@type\":\"PropertyValueSpecification\",\"valueRequired\":true,\"valueName\":\"search_term_string\"}}],\"inLanguage\":\"en-US\"},{\"@type\":\"Organization\",\"@id\":\"https:\\\/\\\/www.tapasmagazine.es\\\/#organization\",\"name\":\"Tapas Magazine\",\"url\":\"https:\\\/\\\/www.tapasmagazine.es\\\/\",\"logo\":{\"@type\":\"ImageObject\",\"inLanguage\":\"en-US\",\"@id\":\"https:\\\/\\\/www.tapasmagazine.es\\\/#\\\/schema\\\/logo\\\/image\\\/\",\"url\":\"https:\\\/\\\/www.tapasmagazine.es\\\/wp-content\\\/uploads\\\/2018\\\/01\\\/logo.png\",\"contentUrl\":\"https:\\\/\\\/www.tapasmagazine.es\\\/wp-content\\\/uploads\\\/2018\\\/01\\\/logo.png\",\"width\":180,\"height\":60,\"caption\":\"Tapas Magazine\"},\"image\":{\"@id\":\"https:\\\/\\\/www.tapasmagazine.es\\\/#\\\/schema\\\/logo\\\/image\\\/\"},\"sameAs\":[\"https:\\\/\\\/www.facebook.com\\\/tapasmagazine\",\"https:\\\/\\\/x.com\\\/TapasMagazine\",\"https:\\\/\\\/www.instagram.com\\\/tapasmagazine\\\/\",\"https:\\\/\\\/www.linkedin.com\\\/company\\\/tapas-magazine\",\"https:\\\/\\\/es.pinterest.com\\\/tapasmagazine\\\/\",\"https:\\\/\\\/www.youtube.com\\\/channel\\\/UCEyxneAaACuR0lfDagrWjjg?sub_confirmation=1\"]},{\"@type\":\"Person\",\"@id\":\"https:\\\/\\\/www.tapasmagazine.es\\\/#\\\/schema\\\/person\\\/eb46cbe76a9c8f062660eb609e3ecb4e\",\"name\":\"Laura P\u00e9rez\",\"url\":\"https:\\\/\\\/www.tapasmagazine.es\\\/en\\\/author\\\/laura-perez\\\/\"}]}<\/script>\n<!-- \/ Yoast SEO plugin. -->","yoast_head_json":{"title":"'The Bear' already has a premiere date for its third season - Tapas","description":"Click\u00a0here\u00a0to read the Spanish version. The mass cultural phenomenon has continued to cook up episodes that follow the story of Carmy (Jeremy Allen","robots":{"index":"index","follow":"follow","max-snippet":"max-snippet:-1","max-image-preview":"max-image-preview:large","max-video-preview":"max-video-preview:-1"},"canonical":"https:\/\/www.tapasmagazine.es\/en\/the-bear-already-has-premiere-date-third-season\/","og_locale":"en_US","og_type":"article","og_title":"'The Bear' already has a premiere date for its third season - Tapas","og_description":"Click\u00a0here\u00a0to read the Spanish version. The mass cultural phenomenon has continued to cook up episodes that follow the story of Carmy (Jeremy Allen","og_url":"https:\/\/www.tapasmagazine.es\/en\/the-bear-already-has-premiere-date-third-season\/","og_site_name":"Tapas","article_publisher":"https:\/\/www.facebook.com\/tapasmagazine","article_published_time":"2024-02-12T10:12:16+00:00","article_modified_time":"2024-02-12T10:25:55+00:00","og_image":[{"width":1200,"height":675,"url":"https:\/\/www.tapasmagazine.es\/wp-content\/uploads\/2024\/02\/the-bear-season-3.jpg","type":"image\/jpeg"}],"author":"Laura P\u00e9rez","twitter_card":"summary_large_image","twitter_creator":"@TapasMagazine","twitter_site":"@TapasMagazine","twitter_misc":{"Written by":"Laura P\u00e9rez","Est. reading time":"2 minutes"},"schema":{"@context":"https:\/\/schema.org","@graph":[{"@type":"Article","@id":"https:\/\/www.tapasmagazine.es\/en\/the-bear-already-has-premiere-date-third-season\/#article","isPartOf":{"@id":"https:\/\/www.tapasmagazine.es\/en\/the-bear-already-has-premiere-date-third-season\/"},"author":{"name":"Laura P\u00e9rez","@id":"https:\/\/www.tapasmagazine.es\/#\/schema\/person\/eb46cbe76a9c8f062660eb609e3ecb4e"},"headline":"&#8216;The Bear&#8217; already has a premiere date for its third season","datePublished":"2024-02-12T10:12:16+00:00","dateModified":"2024-02-12T10:25:55+00:00","mainEntityOfPage":{"@id":"https:\/\/www.tapasmagazine.es\/en\/the-bear-already-has-premiere-date-third-season\/"},"wordCount":180,"commentCount":0,"publisher":{"@id":"https:\/\/www.tapasmagazine.es\/#organization"},"image":{"@id":"https:\/\/www.tapasmagazine.es\/en\/the-bear-already-has-premiere-date-third-season\/#primaryimage"},"thumbnailUrl":"https:\/\/www.tapasmagazine.es\/wp-content\/uploads\/2024\/02\/the-bear-season-3.jpg","keywords":["The Bear"],"articleSection":["News","Sin categorizar"],"inLanguage":"en-US","potentialAction":[{"@type":"CommentAction","name":"Comment","target":["https:\/\/www.tapasmagazine.es\/en\/the-bear-already-has-premiere-date-third-season\/#respond"]}]},{"@type":"WebPage","@id":"https:\/\/www.tapasmagazine.es\/en\/the-bear-already-has-premiere-date-third-season\/","url":"https:\/\/www.tapasmagazine.es\/en\/the-bear-already-has-premiere-date-third-season\/","name":"'The Bear' already has a premiere date for its third season - Tapas","isPartOf":{"@id":"https:\/\/www.tapasmagazine.es\/#website"},"primaryImageOfPage":{"@id":"https:\/\/www.tapasmagazine.es\/en\/the-bear-already-has-premiere-date-third-season\/#primaryimage"},"image":{"@id":"https:\/\/www.tapasmagazine.es\/en\/the-bear-already-has-premiere-date-third-season\/#primaryimage"},"thumbnailUrl":"https:\/\/www.tapasmagazine.es\/wp-content\/uploads\/2024\/02\/the-bear-season-3.jpg","datePublished":"2024-02-12T10:12:16+00:00","dateModified":"2024-02-12T10:25:55+00:00","description":"Click\u00a0here\u00a0to read the Spanish version. The mass cultural phenomenon has continued to cook up episodes that follow the story of Carmy (Jeremy Allen","breadcrumb":{"@id":"https:\/\/www.tapasmagazine.es\/en\/the-bear-already-has-premiere-date-third-season\/#breadcrumb"},"inLanguage":"en-US","potentialAction":[{"@type":"ReadAction","target":["https:\/\/www.tapasmagazine.es\/en\/the-bear-already-has-premiere-date-third-season\/"]}]},{"@type":"ImageObject","inLanguage":"en-US","@id":"https:\/\/www.tapasmagazine.es\/en\/the-bear-already-has-premiere-date-third-season\/#primaryimage","url":"https:\/\/www.tapasmagazine.es\/wp-content\/uploads\/2024\/02\/the-bear-season-3.jpg","contentUrl":"https:\/\/www.tapasmagazine.es\/wp-content\/uploads\/2024\/02\/the-bear-season-3.jpg","width":1200,"height":675},{"@type":"BreadcrumbList","@id":"https:\/\/www.tapasmagazine.es\/en\/the-bear-already-has-premiere-date-third-season\/#breadcrumb","itemListElement":[{"@type":"ListItem","position":1,"name":"Portada","item":"https:\/\/www.tapasmagazine.es\/"},{"@type":"ListItem","position":2,"name":"Sin categorizar","item":"https:\/\/www.tapasmagazine.es\/categorias\/sin-categorizar\/"},{"@type":"ListItem","position":3,"name":"&#8216;The Bear&#8217; already has a premiere date for its third season"}]},{"@type":"WebSite","@id":"https:\/\/www.tapasmagazine.es\/#website","url":"https:\/\/www.tapasmagazine.es\/","name":"Tapas","description":"\u00d1am \u00d1am Lifestyle. La vida a bocados. Premio Nacional de Gastronom\u00eda 2016.","publisher":{"@id":"https:\/\/www.tapasmagazine.es\/#organization"},"potentialAction":[{"@type":"SearchAction","target":{"@type":"EntryPoint","urlTemplate":"https:\/\/www.tapasmagazine.es\/?s={search_term_string}"},"query-input":{"@type":"PropertyValueSpecification","valueRequired":true,"valueName":"search_term_string"}}],"inLanguage":"en-US"},{"@type":"Organization","@id":"https:\/\/www.tapasmagazine.es\/#organization","name":"Tapas Magazine","url":"https:\/\/www.tapasmagazine.es\/","logo":{"@type":"ImageObject","inLanguage":"en-US","@id":"https:\/\/www.tapasmagazine.es\/#\/schema\/logo\/image\/","url":"https:\/\/www.tapasmagazine.es\/wp-content\/uploads\/2018\/01\/logo.png","contentUrl":"https:\/\/www.tapasmagazine.es\/wp-content\/uploads\/2018\/01\/logo.png","width":180,"height":60,"caption":"Tapas Magazine"},"image":{"@id":"https:\/\/www.tapasmagazine.es\/#\/schema\/logo\/image\/"},"sameAs":["https:\/\/www.facebook.com\/tapasmagazine","https:\/\/x.com\/TapasMagazine","https:\/\/www.instagram.com\/tapasmagazine\/","https:\/\/www.linkedin.com\/company\/tapas-magazine","https:\/\/es.pinterest.com\/tapasmagazine\/","https:\/\/www.youtube.com\/channel\/UCEyxneAaACuR0lfDagrWjjg?sub_confirmation=1"]},{"@type":"Person","@id":"https:\/\/www.tapasmagazine.es\/#\/schema\/person\/eb46cbe76a9c8f062660eb609e3ecb4e","name":"Laura P\u00e9rez","url":"https:\/\/www.tapasmagazine.es\/en\/author\/laura-perez\/"}]}},"_links":{"self":[{"href":"https:\/\/www.tapasmagazine.es\/en\/wp-json\/wp\/v2\/posts\/235259","targetHints":{"allow":["GET"]}}],"collection":[{"href":"https:\/\/www.tapasmagazine.es\/en\/wp-json\/wp\/v2\/posts"}],"about":[{"href":"https:\/\/www.tapasmagazine.es\/en\/wp-json\/wp\/v2\/types\/post"}],"author":[{"embeddable":true,"href":"https:\/\/www.tapasmagazine.es\/en\/wp-json\/wp\/v2\/users\/285"}],"replies":[{"embeddable":true,"href":"https:\/\/www.tapasmagazine.es\/en\/wp-json\/wp\/v2\/comments?post=235259"}],"version-history":[{"count":12,"href":"https:\/\/www.tapasmagazine.es\/en\/wp-json\/wp\/v2\/posts\/235259\/revisions"}],"predecessor-version":[{"id":235287,"href":"https:\/\/www.tapasmagazine.es\/en\/wp-json\/wp\/v2\/posts\/235259\/revisions\/235287"}],"wp:featuredmedia":[{"embeddable":true,"href":"https:\/\/www.tapasmagazine.es\/en\/wp-json\/wp\/v2\/media\/235237"}],"wp:attachment":[{"href":"https:\/\/www.tapasmagazine.es\/en\/wp-json\/wp\/v2\/media?parent=235259"}],"wp:term":[{"taxonomy":"category","embeddable":true,"href":"https:\/\/www.tapasmagazine.es\/en\/wp-json\/wp\/v2\/categories?post=235259"},{"taxonomy":"post_tag","embeddable":true,"href":"https:\/\/www.tapasmagazine.es\/en\/wp-json\/wp\/v2\/tags?post=235259"}],"curies":[{"name":"wp","href":"https:\/\/api.w.org\/{rel}","templated":true}]}}