{"id":234611,"date":"2024-02-08T10:31:18","date_gmt":"2024-02-08T09:31:18","guid":{"rendered":"https:\/\/www.tapasmagazine.es\/mcdonalds-oficializa-la-mcdalena-en-su-menu\/"},"modified":"2024-02-08T10:36:11","modified_gmt":"2024-02-08T09:36:11","slug":"mcdonalds-makes-mcdalena-official-on-its-menu","status":"publish","type":"post","link":"https:\/\/www.tapasmagazine.es\/en\/mcdonalds-makes-mcdalena-official-on-its-menu\/","title":{"rendered":"McDonald&#8217;s makes &#8216;McDalena&#8217; official on its menu"},"content":{"rendered":"\n<p><strong>Click <a href=\"https:\/\/www.tapasmagazine.es\/mcdonalds-oficializa-la-mcdalena-en-su-menu\/\" target=\"_blank\" rel=\"noreferrer noopener\">here<\/a> to read the Spanish version.<\/strong><\/p>\n\n\n\n<p>The chain&#8217;s community has been asking for it for some time. <strong>McDonald&#8217;s <\/strong>has now fulfilled their wish.<\/p>\n\n\n\n<p>&#8216;<strong>Don&#8217;t call me Muffin, call me McDalena<\/strong>&#8216;, reads the slogan of this official event that now hangs on a large banner in Alcal\u00e1 street with which McDonald&#8217;s announces the change. One that has ended up going viral on the internet, along with images of the chocolate and salted caramel versions of the sweet, by the same people who demanded this &#8216;lost marketing&#8217; opportunity, requesting its official incorporation into the desserts on their menu.<\/p>\n\n\n<div class=\"wp-block-image\">\n<figure class=\"aligncenter size-large is-resized\"><a href=\"https:\/\/www.tapasmagazine.es\/wp-content\/uploads\/2024\/02\/mcdalena-2.jpg\"><img decoding=\"async\" width=\"1024\" height=\"462\" src=\"https:\/\/www.tapasmagazine.es\/wp-content\/uploads\/2024\/02\/mcdalena-2-1024x462.jpg\" alt=\"\" class=\"wp-image-234597\" style=\"width:1118px;height:auto\" srcset=\"https:\/\/www.tapasmagazine.es\/wp-content\/uploads\/2024\/02\/mcdalena-2-1024x462.jpg 1024w, https:\/\/www.tapasmagazine.es\/wp-content\/uploads\/2024\/02\/mcdalena-2-300x135.jpg 300w, https:\/\/www.tapasmagazine.es\/wp-content\/uploads\/2024\/02\/mcdalena-2-768x347.jpg 768w, https:\/\/www.tapasmagazine.es\/wp-content\/uploads\/2024\/02\/mcdalena-2-1200x540.jpg 1200w, https:\/\/www.tapasmagazine.es\/wp-content\/uploads\/2024\/02\/mcdalena-2-1000x451.jpg 1000w, https:\/\/www.tapasmagazine.es\/wp-content\/uploads\/2024\/02\/mcdalena-2-400x181.jpg 400w, https:\/\/www.tapasmagazine.es\/wp-content\/uploads\/2024\/02\/mcdalena-2.jpg 1440w\" sizes=\"(max-width: 1024px) 100vw, 1024px\" \/><\/a><\/figure>\n<\/div>\n\n\n<p>In parallel to the activation, the official account of McDonald&#8217;s Spanish subsidiary uploaded a video on Instagram of a cupcake with a &#8216;Hello my name is Muffin&#8217; sign attached to it travelling through several streets and riding the Metro until it reached the Single Civil Registry of the Community of Madrid. When she leaves the building, she has transformed into McDalena.<\/p>\n\n\n\n<p>The company then materialises this strategy by including in its <strong>McCaf\u00e9 menu <\/strong>the Spanish version of the muffin in two flavours of chocolate and caramel called <strong>McDalenas<\/strong>.<\/p>\n","protected":false},"excerpt":{"rendered":"<p>Click here to read the Spanish version. The chain&#8217;s community has been asking for it for some time. McDonald&#8217;s has now fulfilled their wish. &#8216;Don&#8217;t call me Muffin, call me McDalena&#8216;, reads the slogan of this official event that now hangs on a large banner in Alcal\u00e1 street with which McDonald&#8217;s announces the change. One [&hellip;]<\/p>\n","protected":false},"author":285,"featured_media":234596,"comment_status":"open","ping_status":"closed","sticky":false,"template":"single-feature.php","format":"standard","meta":{"_acf_changed":false,"footnotes":""},"categories":[15802],"tags":[18185],"class_list":["post-234611","post","type-post","status-publish","format-standard","has-post-thumbnail","hentry","category-news","tag-mcdonalds-3-en","cat-15802-id"],"acf":[],"yoast_head":"<!-- This site is optimized with the Yoast SEO plugin v27.5 - https:\/\/yoast.com\/product\/yoast-seo-wordpress\/ -->\n<title>McDonald&#039;s makes &#039;McDalena&#039; official on its menu - Tapas<\/title>\n<meta name=\"description\" content=\"Click here to read the Spanish version. The chain&#039;s community has been asking for it for some time. McDonald&#039;s has now fulfilled their wish. &#039;Don&#039;t call\" \/>\n<meta name=\"robots\" content=\"index, follow, max-snippet:-1, max-image-preview:large, max-video-preview:-1\" \/>\n<link rel=\"canonical\" href=\"https:\/\/www.tapasmagazine.es\/en\/mcdonalds-makes-mcdalena-official-on-its-menu\/\" \/>\n<meta property=\"og:locale\" content=\"en_US\" \/>\n<meta property=\"og:type\" content=\"article\" \/>\n<meta property=\"og:title\" content=\"McDonald&#039;s makes &#039;McDalena&#039; official on its menu - Tapas\" \/>\n<meta property=\"og:description\" content=\"Click here to read the Spanish version. The chain&#039;s community has been asking for it for some time. McDonald&#039;s has now fulfilled their wish. &#039;Don&#039;t call\" \/>\n<meta property=\"og:url\" content=\"https:\/\/www.tapasmagazine.es\/en\/mcdonalds-makes-mcdalena-official-on-its-menu\/\" \/>\n<meta property=\"og:site_name\" content=\"Tapas\" \/>\n<meta property=\"article:publisher\" content=\"https:\/\/www.facebook.com\/tapasmagazine\" \/>\n<meta property=\"article:published_time\" content=\"2024-02-08T09:31:18+00:00\" \/>\n<meta property=\"article:modified_time\" content=\"2024-02-08T09:36:11+00:00\" \/>\n<meta property=\"og:image\" content=\"https:\/\/www.tapasmagazine.es\/wp-content\/uploads\/2024\/02\/mcdalena-1.jpg\" \/>\n\t<meta property=\"og:image:width\" content=\"1200\" \/>\n\t<meta property=\"og:image:height\" content=\"675\" \/>\n\t<meta property=\"og:image:type\" content=\"image\/jpeg\" \/>\n<meta name=\"author\" content=\"Laura P\u00e9rez\" \/>\n<meta name=\"twitter:card\" content=\"summary_large_image\" \/>\n<meta name=\"twitter:creator\" content=\"@TapasMagazine\" \/>\n<meta name=\"twitter:site\" content=\"@TapasMagazine\" \/>\n<meta name=\"twitter:label1\" content=\"Written by\" \/>\n\t<meta name=\"twitter:data1\" content=\"Laura P\u00e9rez\" \/>\n\t<meta name=\"twitter:label2\" content=\"Est. reading time\" \/>\n\t<meta name=\"twitter:data2\" content=\"2 minutes\" \/>\n<script type=\"application\/ld+json\" class=\"yoast-schema-graph\">{\"@context\":\"https:\\\/\\\/schema.org\",\"@graph\":[{\"@type\":\"Article\",\"@id\":\"https:\\\/\\\/www.tapasmagazine.es\\\/en\\\/mcdonalds-makes-mcdalena-official-on-its-menu\\\/#article\",\"isPartOf\":{\"@id\":\"https:\\\/\\\/www.tapasmagazine.es\\\/en\\\/mcdonalds-makes-mcdalena-official-on-its-menu\\\/\"},\"author\":{\"name\":\"Laura P\u00e9rez\",\"@id\":\"https:\\\/\\\/www.tapasmagazine.es\\\/#\\\/schema\\\/person\\\/eb46cbe76a9c8f062660eb609e3ecb4e\"},\"headline\":\"McDonald&#8217;s makes &#8216;McDalena&#8217; official on its menu\",\"datePublished\":\"2024-02-08T09:31:18+00:00\",\"dateModified\":\"2024-02-08T09:36:11+00:00\",\"mainEntityOfPage\":{\"@id\":\"https:\\\/\\\/www.tapasmagazine.es\\\/en\\\/mcdonalds-makes-mcdalena-official-on-its-menu\\\/\"},\"wordCount\":198,\"commentCount\":0,\"publisher\":{\"@id\":\"https:\\\/\\\/www.tapasmagazine.es\\\/#organization\"},\"image\":{\"@id\":\"https:\\\/\\\/www.tapasmagazine.es\\\/en\\\/mcdonalds-makes-mcdalena-official-on-its-menu\\\/#primaryimage\"},\"thumbnailUrl\":\"https:\\\/\\\/www.tapasmagazine.es\\\/wp-content\\\/uploads\\\/2024\\\/02\\\/mcdalena-1.jpg\",\"keywords\":[\"McDonald\u00b4s\"],\"articleSection\":[\"News\"],\"inLanguage\":\"en-US\",\"potentialAction\":[{\"@type\":\"CommentAction\",\"name\":\"Comment\",\"target\":[\"https:\\\/\\\/www.tapasmagazine.es\\\/en\\\/mcdonalds-makes-mcdalena-official-on-its-menu\\\/#respond\"]}]},{\"@type\":\"WebPage\",\"@id\":\"https:\\\/\\\/www.tapasmagazine.es\\\/en\\\/mcdonalds-makes-mcdalena-official-on-its-menu\\\/\",\"url\":\"https:\\\/\\\/www.tapasmagazine.es\\\/en\\\/mcdonalds-makes-mcdalena-official-on-its-menu\\\/\",\"name\":\"McDonald's makes 'McDalena' official on its menu - Tapas\",\"isPartOf\":{\"@id\":\"https:\\\/\\\/www.tapasmagazine.es\\\/#website\"},\"primaryImageOfPage\":{\"@id\":\"https:\\\/\\\/www.tapasmagazine.es\\\/en\\\/mcdonalds-makes-mcdalena-official-on-its-menu\\\/#primaryimage\"},\"image\":{\"@id\":\"https:\\\/\\\/www.tapasmagazine.es\\\/en\\\/mcdonalds-makes-mcdalena-official-on-its-menu\\\/#primaryimage\"},\"thumbnailUrl\":\"https:\\\/\\\/www.tapasmagazine.es\\\/wp-content\\\/uploads\\\/2024\\\/02\\\/mcdalena-1.jpg\",\"datePublished\":\"2024-02-08T09:31:18+00:00\",\"dateModified\":\"2024-02-08T09:36:11+00:00\",\"description\":\"Click here to read the Spanish version. The chain's community has been asking for it for some time. McDonald's has now fulfilled their wish. 'Don't call\",\"breadcrumb\":{\"@id\":\"https:\\\/\\\/www.tapasmagazine.es\\\/en\\\/mcdonalds-makes-mcdalena-official-on-its-menu\\\/#breadcrumb\"},\"inLanguage\":\"en-US\",\"potentialAction\":[{\"@type\":\"ReadAction\",\"target\":[\"https:\\\/\\\/www.tapasmagazine.es\\\/en\\\/mcdonalds-makes-mcdalena-official-on-its-menu\\\/\"]}]},{\"@type\":\"ImageObject\",\"inLanguage\":\"en-US\",\"@id\":\"https:\\\/\\\/www.tapasmagazine.es\\\/en\\\/mcdonalds-makes-mcdalena-official-on-its-menu\\\/#primaryimage\",\"url\":\"https:\\\/\\\/www.tapasmagazine.es\\\/wp-content\\\/uploads\\\/2024\\\/02\\\/mcdalena-1.jpg\",\"contentUrl\":\"https:\\\/\\\/www.tapasmagazine.es\\\/wp-content\\\/uploads\\\/2024\\\/02\\\/mcdalena-1.jpg\",\"width\":1200,\"height\":675},{\"@type\":\"BreadcrumbList\",\"@id\":\"https:\\\/\\\/www.tapasmagazine.es\\\/en\\\/mcdonalds-makes-mcdalena-official-on-its-menu\\\/#breadcrumb\",\"itemListElement\":[{\"@type\":\"ListItem\",\"position\":1,\"name\":\"Portada\",\"item\":\"https:\\\/\\\/www.tapasmagazine.es\\\/\"},{\"@type\":\"ListItem\",\"position\":2,\"name\":\"News\",\"item\":\"https:\\\/\\\/www.tapasmagazine.es\\\/en\\\/categorias\\\/news\\\/\"},{\"@type\":\"ListItem\",\"position\":3,\"name\":\"McDonald&#8217;s makes &#8216;McDalena&#8217; official on its menu\"}]},{\"@type\":\"WebSite\",\"@id\":\"https:\\\/\\\/www.tapasmagazine.es\\\/#website\",\"url\":\"https:\\\/\\\/www.tapasmagazine.es\\\/\",\"name\":\"Tapas\",\"description\":\"\u00d1am \u00d1am Lifestyle. La vida a bocados. Premio Nacional de Gastronom\u00eda 2016.\",\"publisher\":{\"@id\":\"https:\\\/\\\/www.tapasmagazine.es\\\/#organization\"},\"potentialAction\":[{\"@type\":\"SearchAction\",\"target\":{\"@type\":\"EntryPoint\",\"urlTemplate\":\"https:\\\/\\\/www.tapasmagazine.es\\\/?s={search_term_string}\"},\"query-input\":{\"@type\":\"PropertyValueSpecification\",\"valueRequired\":true,\"valueName\":\"search_term_string\"}}],\"inLanguage\":\"en-US\"},{\"@type\":\"Organization\",\"@id\":\"https:\\\/\\\/www.tapasmagazine.es\\\/#organization\",\"name\":\"Tapas Magazine\",\"url\":\"https:\\\/\\\/www.tapasmagazine.es\\\/\",\"logo\":{\"@type\":\"ImageObject\",\"inLanguage\":\"en-US\",\"@id\":\"https:\\\/\\\/www.tapasmagazine.es\\\/#\\\/schema\\\/logo\\\/image\\\/\",\"url\":\"https:\\\/\\\/www.tapasmagazine.es\\\/wp-content\\\/uploads\\\/2018\\\/01\\\/logo.png\",\"contentUrl\":\"https:\\\/\\\/www.tapasmagazine.es\\\/wp-content\\\/uploads\\\/2018\\\/01\\\/logo.png\",\"width\":180,\"height\":60,\"caption\":\"Tapas Magazine\"},\"image\":{\"@id\":\"https:\\\/\\\/www.tapasmagazine.es\\\/#\\\/schema\\\/logo\\\/image\\\/\"},\"sameAs\":[\"https:\\\/\\\/www.facebook.com\\\/tapasmagazine\",\"https:\\\/\\\/x.com\\\/TapasMagazine\",\"https:\\\/\\\/www.instagram.com\\\/tapasmagazine\\\/\",\"https:\\\/\\\/www.linkedin.com\\\/company\\\/tapas-magazine\",\"https:\\\/\\\/es.pinterest.com\\\/tapasmagazine\\\/\",\"https:\\\/\\\/www.youtube.com\\\/channel\\\/UCEyxneAaACuR0lfDagrWjjg?sub_confirmation=1\"]},{\"@type\":\"Person\",\"@id\":\"https:\\\/\\\/www.tapasmagazine.es\\\/#\\\/schema\\\/person\\\/eb46cbe76a9c8f062660eb609e3ecb4e\",\"name\":\"Laura P\u00e9rez\",\"url\":\"https:\\\/\\\/www.tapasmagazine.es\\\/en\\\/author\\\/laura-perez\\\/\"}]}<\/script>\n<!-- \/ Yoast SEO plugin. -->","yoast_head_json":{"title":"McDonald's makes 'McDalena' official on its menu - Tapas","description":"Click here to read the Spanish version. The chain's community has been asking for it for some time. McDonald's has now fulfilled their wish. 'Don't call","robots":{"index":"index","follow":"follow","max-snippet":"max-snippet:-1","max-image-preview":"max-image-preview:large","max-video-preview":"max-video-preview:-1"},"canonical":"https:\/\/www.tapasmagazine.es\/en\/mcdonalds-makes-mcdalena-official-on-its-menu\/","og_locale":"en_US","og_type":"article","og_title":"McDonald's makes 'McDalena' official on its menu - Tapas","og_description":"Click here to read the Spanish version. The chain's community has been asking for it for some time. McDonald's has now fulfilled their wish. 'Don't call","og_url":"https:\/\/www.tapasmagazine.es\/en\/mcdonalds-makes-mcdalena-official-on-its-menu\/","og_site_name":"Tapas","article_publisher":"https:\/\/www.facebook.com\/tapasmagazine","article_published_time":"2024-02-08T09:31:18+00:00","article_modified_time":"2024-02-08T09:36:11+00:00","og_image":[{"width":1200,"height":675,"url":"https:\/\/www.tapasmagazine.es\/wp-content\/uploads\/2024\/02\/mcdalena-1.jpg","type":"image\/jpeg"}],"author":"Laura P\u00e9rez","twitter_card":"summary_large_image","twitter_creator":"@TapasMagazine","twitter_site":"@TapasMagazine","twitter_misc":{"Written by":"Laura P\u00e9rez","Est. reading time":"2 minutes"},"schema":{"@context":"https:\/\/schema.org","@graph":[{"@type":"Article","@id":"https:\/\/www.tapasmagazine.es\/en\/mcdonalds-makes-mcdalena-official-on-its-menu\/#article","isPartOf":{"@id":"https:\/\/www.tapasmagazine.es\/en\/mcdonalds-makes-mcdalena-official-on-its-menu\/"},"author":{"name":"Laura P\u00e9rez","@id":"https:\/\/www.tapasmagazine.es\/#\/schema\/person\/eb46cbe76a9c8f062660eb609e3ecb4e"},"headline":"McDonald&#8217;s makes &#8216;McDalena&#8217; official on its menu","datePublished":"2024-02-08T09:31:18+00:00","dateModified":"2024-02-08T09:36:11+00:00","mainEntityOfPage":{"@id":"https:\/\/www.tapasmagazine.es\/en\/mcdonalds-makes-mcdalena-official-on-its-menu\/"},"wordCount":198,"commentCount":0,"publisher":{"@id":"https:\/\/www.tapasmagazine.es\/#organization"},"image":{"@id":"https:\/\/www.tapasmagazine.es\/en\/mcdonalds-makes-mcdalena-official-on-its-menu\/#primaryimage"},"thumbnailUrl":"https:\/\/www.tapasmagazine.es\/wp-content\/uploads\/2024\/02\/mcdalena-1.jpg","keywords":["McDonald\u00b4s"],"articleSection":["News"],"inLanguage":"en-US","potentialAction":[{"@type":"CommentAction","name":"Comment","target":["https:\/\/www.tapasmagazine.es\/en\/mcdonalds-makes-mcdalena-official-on-its-menu\/#respond"]}]},{"@type":"WebPage","@id":"https:\/\/www.tapasmagazine.es\/en\/mcdonalds-makes-mcdalena-official-on-its-menu\/","url":"https:\/\/www.tapasmagazine.es\/en\/mcdonalds-makes-mcdalena-official-on-its-menu\/","name":"McDonald's makes 'McDalena' official on its menu - Tapas","isPartOf":{"@id":"https:\/\/www.tapasmagazine.es\/#website"},"primaryImageOfPage":{"@id":"https:\/\/www.tapasmagazine.es\/en\/mcdonalds-makes-mcdalena-official-on-its-menu\/#primaryimage"},"image":{"@id":"https:\/\/www.tapasmagazine.es\/en\/mcdonalds-makes-mcdalena-official-on-its-menu\/#primaryimage"},"thumbnailUrl":"https:\/\/www.tapasmagazine.es\/wp-content\/uploads\/2024\/02\/mcdalena-1.jpg","datePublished":"2024-02-08T09:31:18+00:00","dateModified":"2024-02-08T09:36:11+00:00","description":"Click here to read the Spanish version. The chain's community has been asking for it for some time. McDonald's has now fulfilled their wish. 'Don't call","breadcrumb":{"@id":"https:\/\/www.tapasmagazine.es\/en\/mcdonalds-makes-mcdalena-official-on-its-menu\/#breadcrumb"},"inLanguage":"en-US","potentialAction":[{"@type":"ReadAction","target":["https:\/\/www.tapasmagazine.es\/en\/mcdonalds-makes-mcdalena-official-on-its-menu\/"]}]},{"@type":"ImageObject","inLanguage":"en-US","@id":"https:\/\/www.tapasmagazine.es\/en\/mcdonalds-makes-mcdalena-official-on-its-menu\/#primaryimage","url":"https:\/\/www.tapasmagazine.es\/wp-content\/uploads\/2024\/02\/mcdalena-1.jpg","contentUrl":"https:\/\/www.tapasmagazine.es\/wp-content\/uploads\/2024\/02\/mcdalena-1.jpg","width":1200,"height":675},{"@type":"BreadcrumbList","@id":"https:\/\/www.tapasmagazine.es\/en\/mcdonalds-makes-mcdalena-official-on-its-menu\/#breadcrumb","itemListElement":[{"@type":"ListItem","position":1,"name":"Portada","item":"https:\/\/www.tapasmagazine.es\/"},{"@type":"ListItem","position":2,"name":"News","item":"https:\/\/www.tapasmagazine.es\/en\/categorias\/news\/"},{"@type":"ListItem","position":3,"name":"McDonald&#8217;s makes &#8216;McDalena&#8217; official on its menu"}]},{"@type":"WebSite","@id":"https:\/\/www.tapasmagazine.es\/#website","url":"https:\/\/www.tapasmagazine.es\/","name":"Tapas","description":"\u00d1am \u00d1am Lifestyle. La vida a bocados. Premio Nacional de Gastronom\u00eda 2016.","publisher":{"@id":"https:\/\/www.tapasmagazine.es\/#organization"},"potentialAction":[{"@type":"SearchAction","target":{"@type":"EntryPoint","urlTemplate":"https:\/\/www.tapasmagazine.es\/?s={search_term_string}"},"query-input":{"@type":"PropertyValueSpecification","valueRequired":true,"valueName":"search_term_string"}}],"inLanguage":"en-US"},{"@type":"Organization","@id":"https:\/\/www.tapasmagazine.es\/#organization","name":"Tapas Magazine","url":"https:\/\/www.tapasmagazine.es\/","logo":{"@type":"ImageObject","inLanguage":"en-US","@id":"https:\/\/www.tapasmagazine.es\/#\/schema\/logo\/image\/","url":"https:\/\/www.tapasmagazine.es\/wp-content\/uploads\/2018\/01\/logo.png","contentUrl":"https:\/\/www.tapasmagazine.es\/wp-content\/uploads\/2018\/01\/logo.png","width":180,"height":60,"caption":"Tapas Magazine"},"image":{"@id":"https:\/\/www.tapasmagazine.es\/#\/schema\/logo\/image\/"},"sameAs":["https:\/\/www.facebook.com\/tapasmagazine","https:\/\/x.com\/TapasMagazine","https:\/\/www.instagram.com\/tapasmagazine\/","https:\/\/www.linkedin.com\/company\/tapas-magazine","https:\/\/es.pinterest.com\/tapasmagazine\/","https:\/\/www.youtube.com\/channel\/UCEyxneAaACuR0lfDagrWjjg?sub_confirmation=1"]},{"@type":"Person","@id":"https:\/\/www.tapasmagazine.es\/#\/schema\/person\/eb46cbe76a9c8f062660eb609e3ecb4e","name":"Laura P\u00e9rez","url":"https:\/\/www.tapasmagazine.es\/en\/author\/laura-perez\/"}]}},"_links":{"self":[{"href":"https:\/\/www.tapasmagazine.es\/en\/wp-json\/wp\/v2\/posts\/234611","targetHints":{"allow":["GET"]}}],"collection":[{"href":"https:\/\/www.tapasmagazine.es\/en\/wp-json\/wp\/v2\/posts"}],"about":[{"href":"https:\/\/www.tapasmagazine.es\/en\/wp-json\/wp\/v2\/types\/post"}],"author":[{"embeddable":true,"href":"https:\/\/www.tapasmagazine.es\/en\/wp-json\/wp\/v2\/users\/285"}],"replies":[{"embeddable":true,"href":"https:\/\/www.tapasmagazine.es\/en\/wp-json\/wp\/v2\/comments?post=234611"}],"version-history":[{"count":3,"href":"https:\/\/www.tapasmagazine.es\/en\/wp-json\/wp\/v2\/posts\/234611\/revisions"}],"predecessor-version":[{"id":234616,"href":"https:\/\/www.tapasmagazine.es\/en\/wp-json\/wp\/v2\/posts\/234611\/revisions\/234616"}],"wp:featuredmedia":[{"embeddable":true,"href":"https:\/\/www.tapasmagazine.es\/en\/wp-json\/wp\/v2\/media\/234596"}],"wp:attachment":[{"href":"https:\/\/www.tapasmagazine.es\/en\/wp-json\/wp\/v2\/media?parent=234611"}],"wp:term":[{"taxonomy":"category","embeddable":true,"href":"https:\/\/www.tapasmagazine.es\/en\/wp-json\/wp\/v2\/categories?post=234611"},{"taxonomy":"post_tag","embeddable":true,"href":"https:\/\/www.tapasmagazine.es\/en\/wp-json\/wp\/v2\/tags?post=234611"}],"curies":[{"name":"wp","href":"https:\/\/api.w.org\/{rel}","templated":true}]}}