{"id":233866,"date":"2024-02-06T09:29:18","date_gmt":"2024-02-06T08:29:18","guid":{"rendered":"https:\/\/www.tapasmagazine.es\/lentrecote-cafe-de-paris-un-repaso-por-los-10-anos-de-historia-del-emblema-culinario-en-madrid\/"},"modified":"2024-02-06T09:36:07","modified_gmt":"2024-02-06T08:36:07","slug":"lentrecote-cafe-de-paris-a-loo-back-10-years-history-madrid-culinary-landmark","status":"publish","type":"post","link":"https:\/\/www.tapasmagazine.es\/en\/lentrecote-cafe-de-paris-a-loo-back-10-years-history-madrid-culinary-landmark\/","title":{"rendered":"L&#8217;Entrecote Caf\u00e9 de Par\u00eds: a look back over the 10-year history of Madrid&#8217;s culinary landmark"},"content":{"rendered":"\n<p><strong>Click <a href=\"https:\/\/www.tapasmagazine.es\/lentrecote-cafe-de-paris-un-repaso-por-los-10-anos-de-historia-del-emblema-culinario-en-madrid\/\" target=\"_blank\" rel=\"noreferrer noopener\">here<\/a> to read the Spanish version.<\/strong><\/p>\n\n\n\n<p><strong>L&#8217;Entrecote Caf\u00e9 de Par\u00eds<\/strong> is now celebrating its first decade in Madrid with a new opening in the Chamber\u00ed neighbourhood, marking another milestone for the legendary Parisian bistro that generated a cult following for the world&#8217;s most famous entrecote. But first, let&#8217;s delve into the keys to the success of this gastronomic institution, taking a throwback to where it all began.<\/p>\n\n\n\n<p>The bistro&#8217;s story begins in <strong>1930<\/strong>, when <strong>Monsieur Boubier<\/strong> and his wife, owners of the restaurant Le Coq d&#8217;Or in <strong>Geneva<\/strong>, Switzerland, cooked up the magic formula: their iconic sauce that would end up captivating countless diners around the world.<\/p>\n\n\n<div class=\"wp-block-image\">\n<figure class=\"aligncenter size-large is-resized\"><a href=\"https:\/\/www.tapasmagazine.es\/wp-content\/uploads\/2024\/02\/cafe-de-paris-1.jpg\"><img decoding=\"async\" width=\"1024\" height=\"1008\" src=\"https:\/\/www.tapasmagazine.es\/wp-content\/uploads\/2024\/02\/cafe-de-paris-1-1024x1008.jpg\" alt=\"\" class=\"wp-image-233819\" style=\"width:1112px;height:auto\" srcset=\"https:\/\/www.tapasmagazine.es\/wp-content\/uploads\/2024\/02\/cafe-de-paris-1-1024x1008.jpg 1024w, https:\/\/www.tapasmagazine.es\/wp-content\/uploads\/2024\/02\/cafe-de-paris-1-300x295.jpg 300w, https:\/\/www.tapasmagazine.es\/wp-content\/uploads\/2024\/02\/cafe-de-paris-1-768x756.jpg 768w, https:\/\/www.tapasmagazine.es\/wp-content\/uploads\/2024\/02\/cafe-de-paris-1-1000x985.jpg 1000w, https:\/\/www.tapasmagazine.es\/wp-content\/uploads\/2024\/02\/cafe-de-paris-1-400x394.jpg 400w, https:\/\/www.tapasmagazine.es\/wp-content\/uploads\/2024\/02\/cafe-de-paris-1.jpg 1052w\" sizes=\"(max-width: 1024px) 100vw, 1024px\" \/><\/a><\/figure>\n<\/div>\n\n\n<p>It was the parents who passed on the sauce <strong>recipe <\/strong>to their daughter, who then married <strong>Arthur-Fran\u00e7ois Dumont<\/strong>, owner of the Caf\u00e9 de Paris restaurant, also in Geneva, and passed on the unusual recipe to him.<\/p>\n\n\n\n<h2 class=\"wp-block-heading\">A single dish on the menu<\/h2>\n\n\n\n<p>Since <strong>1942<\/strong>, having seen the impact generated by the proposal itself, Dumont decided to centralise his proposal to a single dish: a piece of filleted beef with sauce, served on a silver platter.<\/p>\n\n\n\n<div class=\"wp-block-cover aligncenter\"><span aria-hidden=\"true\" class=\"wp-block-cover__background has-background-dim\"><\/span><img decoding=\"async\" width=\"980\" height=\"654\" class=\"wp-block-cover__image-background wp-image-233821\" alt=\"\" src=\"https:\/\/www.tapasmagazine.es\/wp-content\/uploads\/2024\/02\/cafe-de-paris-3.jpg\" data-object-fit=\"cover\" srcset=\"https:\/\/www.tapasmagazine.es\/wp-content\/uploads\/2024\/02\/cafe-de-paris-3.jpg 980w, https:\/\/www.tapasmagazine.es\/wp-content\/uploads\/2024\/02\/cafe-de-paris-3-300x200.jpg 300w, https:\/\/www.tapasmagazine.es\/wp-content\/uploads\/2024\/02\/cafe-de-paris-3-768x513.jpg 768w, https:\/\/www.tapasmagazine.es\/wp-content\/uploads\/2024\/02\/cafe-de-paris-3-400x267.jpg 400w\" sizes=\"(max-width: 980px) 100vw, 980px\" \/><div class=\"wp-block-cover__inner-container is-layout-flow wp-block-cover-is-layout-flow\">\n<p class=\"has-text-align-center has-large-font-size\"><\/p>\n<\/div><\/div>\n\n\n\n<p>En los restaurantes instalados en la capital madrile\u00f1a, que evocan el interiorismo y la est\u00e9tica de un aut\u00e9ntico<strong> bistr\u00f3 franc\u00e9s<\/strong>, con grandes espejos cubriendo las paredes, monumentales l\u00e1mparas de cristal, y todo el romanticismo que lo envuelve, se puede solicitar precisamente ese <strong>men\u00fa por 24\u20ac<\/strong>. <\/p>\n\n\n\n<p>Aunque de manera previa al inicio del ritual, los camareros proponen varios tipos de cocci\u00f3n de la carne:<strong> <\/strong><em>Bleu, Saignant, A Point, Rose<\/em> y <em>Bien Cuit.<\/em>&nbsp;La fuente viene acompa\u00f1ada de un panecillo de estilo pay\u00e9s, una ensalada y patatas fritas artesanales.<\/p>\n\n\n\n<h2 class=\"wp-block-heading\">The secret sauce<\/h2>\n\n\n\n<p>If there has been one thing for which<strong> Caf\u00e9 de Par\u00eds <\/strong>has stood out, it has been its sauce, which has eclipsed visitors since it opened its doors in Madrid a decade ago by entrepreneur<strong> Pablo Caruncho<\/strong>, who is now directing the opening of his third establishment in the capital.<\/p>\n\n\n\n<p>The legend suspended in the mysticism of its <strong>butter sauce<\/strong> with <strong>24 other secret ingredients<\/strong>, which no chef has been able to recreate, remains codified to this day.<\/p>\n\n\n<div class=\"wp-block-image\">\n<figure class=\"aligncenter size-large is-resized\"><a href=\"https:\/\/www.tapasmagazine.es\/wp-content\/uploads\/2024\/02\/cafe-de-paris-4.jpg\"><img decoding=\"async\" width=\"683\" height=\"1024\" src=\"https:\/\/www.tapasmagazine.es\/wp-content\/uploads\/2024\/02\/cafe-de-paris-4-683x1024.jpg\" alt=\"\" class=\"wp-image-233823\" style=\"width:1161px;height:auto\" srcset=\"https:\/\/www.tapasmagazine.es\/wp-content\/uploads\/2024\/02\/cafe-de-paris-4-683x1024.jpg 683w, https:\/\/www.tapasmagazine.es\/wp-content\/uploads\/2024\/02\/cafe-de-paris-4-200x300.jpg 200w, https:\/\/www.tapasmagazine.es\/wp-content\/uploads\/2024\/02\/cafe-de-paris-4-768x1151.jpg 768w, https:\/\/www.tapasmagazine.es\/wp-content\/uploads\/2024\/02\/cafe-de-paris-4-400x600.jpg 400w, https:\/\/www.tapasmagazine.es\/wp-content\/uploads\/2024\/02\/cafe-de-paris-4.jpg 980w\" sizes=\"(max-width: 683px) 100vw, 683px\" \/><\/a><\/figure>\n<\/div>\n\n\n<p>In this sense, not even the chefs in the restaurants have been able to decipher it, and so every day they receive the sauce from the original Caf\u00e9 de Paris entrecote from Geneva, which is flown in early in the morning to arrive on time at the table.<\/p>\n\n\n\n<h2 class=\"wp-block-heading\">The new opening<\/h2>\n\n\n\n<p>The restaurant located at number 13 <strong>Eduardo Dato <\/strong>Street joins its two establishments in<strong> Madrid<\/strong>, located in Conde de Aranda and F\u00e9lix Boix, and another establishment on the Benabola quay in <strong>Marbella<\/strong>; all synchronised in the same line as its original in Geneva, sharing the identity, the menu, as well as that evocative aesthetic and its design elements such as the checkerboard floor or the burgundy leather benches.<\/p>\n\n\n\n<figure class=\"wp-block-gallery has-nested-images columns-default is-cropped wp-block-gallery-1 is-layout-flex wp-block-gallery-is-layout-flex\">\n<figure class=\"wp-block-image size-large\"><a href=\"https:\/\/www.tapasmagazine.es\/wp-content\/uploads\/2024\/02\/cafe-de-paris-5.jpg\"><img decoding=\"async\" width=\"683\" height=\"1024\" data-id=\"233825\" src=\"https:\/\/www.tapasmagazine.es\/wp-content\/uploads\/2024\/02\/cafe-de-paris-5-683x1024.jpg\" alt=\"\" class=\"wp-image-233825\" srcset=\"https:\/\/www.tapasmagazine.es\/wp-content\/uploads\/2024\/02\/cafe-de-paris-5-683x1024.jpg 683w, https:\/\/www.tapasmagazine.es\/wp-content\/uploads\/2024\/02\/cafe-de-paris-5-200x300.jpg 200w, https:\/\/www.tapasmagazine.es\/wp-content\/uploads\/2024\/02\/cafe-de-paris-5-768x1152.jpg 768w, https:\/\/www.tapasmagazine.es\/wp-content\/uploads\/2024\/02\/cafe-de-paris-5-400x600.jpg 400w, https:\/\/www.tapasmagazine.es\/wp-content\/uploads\/2024\/02\/cafe-de-paris-5.jpg 1000w\" sizes=\"(max-width: 683px) 100vw, 683px\" \/><\/a><\/figure>\n\n\n\n<figure class=\"wp-block-image size-large\"><a href=\"https:\/\/www.tapasmagazine.es\/wp-content\/uploads\/2024\/02\/cafe-de-paris-6.jpg\"><img decoding=\"async\" width=\"1024\" height=\"682\" data-id=\"233827\" src=\"https:\/\/www.tapasmagazine.es\/wp-content\/uploads\/2024\/02\/cafe-de-paris-6-1024x682.jpg\" alt=\"\" class=\"wp-image-233827\" srcset=\"https:\/\/www.tapasmagazine.es\/wp-content\/uploads\/2024\/02\/cafe-de-paris-6-1024x682.jpg 1024w, https:\/\/www.tapasmagazine.es\/wp-content\/uploads\/2024\/02\/cafe-de-paris-6-300x200.jpg 300w, https:\/\/www.tapasmagazine.es\/wp-content\/uploads\/2024\/02\/cafe-de-paris-6-768x511.jpg 768w, https:\/\/www.tapasmagazine.es\/wp-content\/uploads\/2024\/02\/cafe-de-paris-6-1000x666.jpg 1000w, https:\/\/www.tapasmagazine.es\/wp-content\/uploads\/2024\/02\/cafe-de-paris-6-400x266.jpg 400w, https:\/\/www.tapasmagazine.es\/wp-content\/uploads\/2024\/02\/cafe-de-paris-6.jpg 1500w\" sizes=\"(max-width: 1024px) 100vw, 1024px\" \/><\/a><\/figure>\n<\/figure>\n\n\n\n<p>The kitchen, with uninterrupted opening hours, will allow you to enjoy at any time of the day its famous dishes to be paired with its selection of national and French wines, to which you can add the icing on the cake with delicious desserts such as Cr\u00e8me Brul\u00e9e or Cr\u00eape Suzette.<\/p>\n","protected":false},"excerpt":{"rendered":"<p>Click here to read the Spanish version. L&#8217;Entrecote Caf\u00e9 de Par\u00eds is now celebrating its first decade in Madrid with a new opening in the Chamber\u00ed neighbourhood, marking another milestone for the legendary Parisian bistro that generated a cult following for the world&#8217;s most famous entrecote. But first, let&#8217;s delve into the keys to the [&hellip;]<\/p>\n","protected":false},"author":285,"featured_media":233818,"comment_status":"open","ping_status":"closed","sticky":false,"template":"single-feature.php","format":"standard","meta":{"_acf_changed":false,"footnotes":""},"categories":[15802,16002,1],"tags":[15824,16033,15803],"class_list":["post-233866","post","type-post","status-publish","format-standard","has-post-thumbnail","hentry","category-news","category-reportajes-en","category-sin-categorizar","tag-gastronomia-en","tag-madrid-en","tag-restaurants","cat-15802-id","cat-16002-id","cat-1-id"],"acf":[],"yoast_head":"<!-- This site is optimized with the Yoast SEO plugin v27.4 - https:\/\/yoast.com\/product\/yoast-seo-wordpress\/ -->\n<title>L&#039;Entrecote Caf\u00e9 de Par\u00eds: a look back over the 10-year history of Madrid&#039;s culinary landmark - Tapas<\/title>\n<meta name=\"description\" content=\"Click here to read the Spanish version. L&#039;Entrecote Caf\u00e9 de Par\u00eds is now celebrating its first decade in Madrid with a new opening in the Chamber\u00ed\" \/>\n<meta name=\"robots\" content=\"index, follow, max-snippet:-1, max-image-preview:large, max-video-preview:-1\" \/>\n<link rel=\"canonical\" href=\"https:\/\/www.tapasmagazine.es\/en\/lentrecote-cafe-de-paris-a-loo-back-10-years-history-madrid-culinary-landmark\/\" \/>\n<meta property=\"og:locale\" content=\"en_US\" \/>\n<meta property=\"og:type\" content=\"article\" \/>\n<meta property=\"og:title\" content=\"L&#039;Entrecote Caf\u00e9 de Par\u00eds: a look back over the 10-year history of Madrid&#039;s culinary landmark - Tapas\" \/>\n<meta property=\"og:description\" content=\"Click here to read the Spanish version. L&#039;Entrecote Caf\u00e9 de Par\u00eds is now celebrating its first decade in Madrid with a new opening in the Chamber\u00ed\" \/>\n<meta property=\"og:url\" content=\"https:\/\/www.tapasmagazine.es\/en\/lentrecote-cafe-de-paris-a-loo-back-10-years-history-madrid-culinary-landmark\/\" \/>\n<meta property=\"og:site_name\" content=\"Tapas\" \/>\n<meta property=\"article:publisher\" content=\"https:\/\/www.facebook.com\/tapasmagazine\" \/>\n<meta property=\"article:published_time\" content=\"2024-02-06T08:29:18+00:00\" \/>\n<meta property=\"article:modified_time\" content=\"2024-02-06T08:36:07+00:00\" \/>\n<meta property=\"og:image\" content=\"https:\/\/www.tapasmagazine.es\/wp-content\/uploads\/2024\/02\/cafe-de-paris-2.jpg\" \/>\n\t<meta property=\"og:image:width\" content=\"1200\" \/>\n\t<meta property=\"og:image:height\" content=\"675\" \/>\n\t<meta property=\"og:image:type\" content=\"image\/jpeg\" \/>\n<meta name=\"author\" content=\"Laura P\u00e9rez\" \/>\n<meta name=\"twitter:card\" content=\"summary_large_image\" \/>\n<meta name=\"twitter:creator\" content=\"@TapasMagazine\" \/>\n<meta name=\"twitter:site\" content=\"@TapasMagazine\" \/>\n<meta name=\"twitter:label1\" content=\"Written by\" \/>\n\t<meta name=\"twitter:data1\" content=\"Laura P\u00e9rez\" \/>\n\t<meta name=\"twitter:label2\" content=\"Est. reading time\" \/>\n\t<meta name=\"twitter:data2\" content=\"4 minutes\" \/>\n<script type=\"application\/ld+json\" class=\"yoast-schema-graph\">{\"@context\":\"https:\\\/\\\/schema.org\",\"@graph\":[{\"@type\":\"Article\",\"@id\":\"https:\\\/\\\/www.tapasmagazine.es\\\/en\\\/lentrecote-cafe-de-paris-a-loo-back-10-years-history-madrid-culinary-landmark\\\/#article\",\"isPartOf\":{\"@id\":\"https:\\\/\\\/www.tapasmagazine.es\\\/en\\\/lentrecote-cafe-de-paris-a-loo-back-10-years-history-madrid-culinary-landmark\\\/\"},\"author\":{\"name\":\"Laura P\u00e9rez\",\"@id\":\"https:\\\/\\\/www.tapasmagazine.es\\\/#\\\/schema\\\/person\\\/eb46cbe76a9c8f062660eb609e3ecb4e\"},\"headline\":\"L&#8217;Entrecote Caf\u00e9 de Par\u00eds: a look back over the 10-year history of Madrid&#8217;s culinary landmark\",\"datePublished\":\"2024-02-06T08:29:18+00:00\",\"dateModified\":\"2024-02-06T08:36:07+00:00\",\"mainEntityOfPage\":{\"@id\":\"https:\\\/\\\/www.tapasmagazine.es\\\/en\\\/lentrecote-cafe-de-paris-a-loo-back-10-years-history-madrid-culinary-landmark\\\/\"},\"wordCount\":555,\"commentCount\":0,\"publisher\":{\"@id\":\"https:\\\/\\\/www.tapasmagazine.es\\\/#organization\"},\"image\":{\"@id\":\"https:\\\/\\\/www.tapasmagazine.es\\\/en\\\/lentrecote-cafe-de-paris-a-loo-back-10-years-history-madrid-culinary-landmark\\\/#primaryimage\"},\"thumbnailUrl\":\"https:\\\/\\\/www.tapasmagazine.es\\\/wp-content\\\/uploads\\\/2024\\\/02\\\/cafe-de-paris-2.jpg\",\"keywords\":[\"gastronom\u00eda\",\"Madrid\",\"restaurants\"],\"articleSection\":[\"News\",\"Reportajes\",\"Sin categorizar\"],\"inLanguage\":\"en-US\",\"potentialAction\":[{\"@type\":\"CommentAction\",\"name\":\"Comment\",\"target\":[\"https:\\\/\\\/www.tapasmagazine.es\\\/en\\\/lentrecote-cafe-de-paris-a-loo-back-10-years-history-madrid-culinary-landmark\\\/#respond\"]}]},{\"@type\":\"WebPage\",\"@id\":\"https:\\\/\\\/www.tapasmagazine.es\\\/en\\\/lentrecote-cafe-de-paris-a-loo-back-10-years-history-madrid-culinary-landmark\\\/\",\"url\":\"https:\\\/\\\/www.tapasmagazine.es\\\/en\\\/lentrecote-cafe-de-paris-a-loo-back-10-years-history-madrid-culinary-landmark\\\/\",\"name\":\"L'Entrecote Caf\u00e9 de Par\u00eds: a look back over the 10-year history of Madrid's culinary landmark - Tapas\",\"isPartOf\":{\"@id\":\"https:\\\/\\\/www.tapasmagazine.es\\\/#website\"},\"primaryImageOfPage\":{\"@id\":\"https:\\\/\\\/www.tapasmagazine.es\\\/en\\\/lentrecote-cafe-de-paris-a-loo-back-10-years-history-madrid-culinary-landmark\\\/#primaryimage\"},\"image\":{\"@id\":\"https:\\\/\\\/www.tapasmagazine.es\\\/en\\\/lentrecote-cafe-de-paris-a-loo-back-10-years-history-madrid-culinary-landmark\\\/#primaryimage\"},\"thumbnailUrl\":\"https:\\\/\\\/www.tapasmagazine.es\\\/wp-content\\\/uploads\\\/2024\\\/02\\\/cafe-de-paris-2.jpg\",\"datePublished\":\"2024-02-06T08:29:18+00:00\",\"dateModified\":\"2024-02-06T08:36:07+00:00\",\"description\":\"Click here to read the Spanish version. L'Entrecote Caf\u00e9 de Par\u00eds is now celebrating its first decade in Madrid with a new opening in the Chamber\u00ed\",\"breadcrumb\":{\"@id\":\"https:\\\/\\\/www.tapasmagazine.es\\\/en\\\/lentrecote-cafe-de-paris-a-loo-back-10-years-history-madrid-culinary-landmark\\\/#breadcrumb\"},\"inLanguage\":\"en-US\",\"potentialAction\":[{\"@type\":\"ReadAction\",\"target\":[\"https:\\\/\\\/www.tapasmagazine.es\\\/en\\\/lentrecote-cafe-de-paris-a-loo-back-10-years-history-madrid-culinary-landmark\\\/\"]}]},{\"@type\":\"ImageObject\",\"inLanguage\":\"en-US\",\"@id\":\"https:\\\/\\\/www.tapasmagazine.es\\\/en\\\/lentrecote-cafe-de-paris-a-loo-back-10-years-history-madrid-culinary-landmark\\\/#primaryimage\",\"url\":\"https:\\\/\\\/www.tapasmagazine.es\\\/wp-content\\\/uploads\\\/2024\\\/02\\\/cafe-de-paris-2.jpg\",\"contentUrl\":\"https:\\\/\\\/www.tapasmagazine.es\\\/wp-content\\\/uploads\\\/2024\\\/02\\\/cafe-de-paris-2.jpg\",\"width\":1200,\"height\":675},{\"@type\":\"BreadcrumbList\",\"@id\":\"https:\\\/\\\/www.tapasmagazine.es\\\/en\\\/lentrecote-cafe-de-paris-a-loo-back-10-years-history-madrid-culinary-landmark\\\/#breadcrumb\",\"itemListElement\":[{\"@type\":\"ListItem\",\"position\":1,\"name\":\"Portada\",\"item\":\"https:\\\/\\\/www.tapasmagazine.es\\\/\"},{\"@type\":\"ListItem\",\"position\":2,\"name\":\"Sin categorizar\",\"item\":\"https:\\\/\\\/www.tapasmagazine.es\\\/categorias\\\/sin-categorizar\\\/\"},{\"@type\":\"ListItem\",\"position\":3,\"name\":\"L&#8217;Entrecote Caf\u00e9 de Par\u00eds: a look back over the 10-year history of Madrid&#8217;s culinary landmark\"}]},{\"@type\":\"WebSite\",\"@id\":\"https:\\\/\\\/www.tapasmagazine.es\\\/#website\",\"url\":\"https:\\\/\\\/www.tapasmagazine.es\\\/\",\"name\":\"Tapas\",\"description\":\"\u00d1am \u00d1am Lifestyle. La vida a bocados. Premio Nacional de Gastronom\u00eda 2016.\",\"publisher\":{\"@id\":\"https:\\\/\\\/www.tapasmagazine.es\\\/#organization\"},\"potentialAction\":[{\"@type\":\"SearchAction\",\"target\":{\"@type\":\"EntryPoint\",\"urlTemplate\":\"https:\\\/\\\/www.tapasmagazine.es\\\/?s={search_term_string}\"},\"query-input\":{\"@type\":\"PropertyValueSpecification\",\"valueRequired\":true,\"valueName\":\"search_term_string\"}}],\"inLanguage\":\"en-US\"},{\"@type\":\"Organization\",\"@id\":\"https:\\\/\\\/www.tapasmagazine.es\\\/#organization\",\"name\":\"Tapas Magazine\",\"url\":\"https:\\\/\\\/www.tapasmagazine.es\\\/\",\"logo\":{\"@type\":\"ImageObject\",\"inLanguage\":\"en-US\",\"@id\":\"https:\\\/\\\/www.tapasmagazine.es\\\/#\\\/schema\\\/logo\\\/image\\\/\",\"url\":\"https:\\\/\\\/www.tapasmagazine.es\\\/wp-content\\\/uploads\\\/2018\\\/01\\\/logo.png\",\"contentUrl\":\"https:\\\/\\\/www.tapasmagazine.es\\\/wp-content\\\/uploads\\\/2018\\\/01\\\/logo.png\",\"width\":180,\"height\":60,\"caption\":\"Tapas Magazine\"},\"image\":{\"@id\":\"https:\\\/\\\/www.tapasmagazine.es\\\/#\\\/schema\\\/logo\\\/image\\\/\"},\"sameAs\":[\"https:\\\/\\\/www.facebook.com\\\/tapasmagazine\",\"https:\\\/\\\/x.com\\\/TapasMagazine\",\"https:\\\/\\\/www.instagram.com\\\/tapasmagazine\\\/\",\"https:\\\/\\\/www.linkedin.com\\\/company\\\/tapas-magazine\",\"https:\\\/\\\/es.pinterest.com\\\/tapasmagazine\\\/\",\"https:\\\/\\\/www.youtube.com\\\/channel\\\/UCEyxneAaACuR0lfDagrWjjg?sub_confirmation=1\"]},{\"@type\":\"Person\",\"@id\":\"https:\\\/\\\/www.tapasmagazine.es\\\/#\\\/schema\\\/person\\\/eb46cbe76a9c8f062660eb609e3ecb4e\",\"name\":\"Laura P\u00e9rez\",\"url\":\"https:\\\/\\\/www.tapasmagazine.es\\\/en\\\/author\\\/laura-perez\\\/\"}]}<\/script>\n<!-- \/ Yoast SEO plugin. -->","yoast_head_json":{"title":"L'Entrecote Caf\u00e9 de Par\u00eds: a look back over the 10-year history of Madrid's culinary landmark - Tapas","description":"Click here to read the Spanish version. L'Entrecote Caf\u00e9 de Par\u00eds is now celebrating its first decade in Madrid with a new opening in the Chamber\u00ed","robots":{"index":"index","follow":"follow","max-snippet":"max-snippet:-1","max-image-preview":"max-image-preview:large","max-video-preview":"max-video-preview:-1"},"canonical":"https:\/\/www.tapasmagazine.es\/en\/lentrecote-cafe-de-paris-a-loo-back-10-years-history-madrid-culinary-landmark\/","og_locale":"en_US","og_type":"article","og_title":"L'Entrecote Caf\u00e9 de Par\u00eds: a look back over the 10-year history of Madrid's culinary landmark - Tapas","og_description":"Click here to read the Spanish version. L'Entrecote Caf\u00e9 de Par\u00eds is now celebrating its first decade in Madrid with a new opening in the Chamber\u00ed","og_url":"https:\/\/www.tapasmagazine.es\/en\/lentrecote-cafe-de-paris-a-loo-back-10-years-history-madrid-culinary-landmark\/","og_site_name":"Tapas","article_publisher":"https:\/\/www.facebook.com\/tapasmagazine","article_published_time":"2024-02-06T08:29:18+00:00","article_modified_time":"2024-02-06T08:36:07+00:00","og_image":[{"width":1200,"height":675,"url":"https:\/\/www.tapasmagazine.es\/wp-content\/uploads\/2024\/02\/cafe-de-paris-2.jpg","type":"image\/jpeg"}],"author":"Laura P\u00e9rez","twitter_card":"summary_large_image","twitter_creator":"@TapasMagazine","twitter_site":"@TapasMagazine","twitter_misc":{"Written by":"Laura P\u00e9rez","Est. reading time":"4 minutes"},"schema":{"@context":"https:\/\/schema.org","@graph":[{"@type":"Article","@id":"https:\/\/www.tapasmagazine.es\/en\/lentrecote-cafe-de-paris-a-loo-back-10-years-history-madrid-culinary-landmark\/#article","isPartOf":{"@id":"https:\/\/www.tapasmagazine.es\/en\/lentrecote-cafe-de-paris-a-loo-back-10-years-history-madrid-culinary-landmark\/"},"author":{"name":"Laura P\u00e9rez","@id":"https:\/\/www.tapasmagazine.es\/#\/schema\/person\/eb46cbe76a9c8f062660eb609e3ecb4e"},"headline":"L&#8217;Entrecote Caf\u00e9 de Par\u00eds: a look back over the 10-year history of Madrid&#8217;s culinary landmark","datePublished":"2024-02-06T08:29:18+00:00","dateModified":"2024-02-06T08:36:07+00:00","mainEntityOfPage":{"@id":"https:\/\/www.tapasmagazine.es\/en\/lentrecote-cafe-de-paris-a-loo-back-10-years-history-madrid-culinary-landmark\/"},"wordCount":555,"commentCount":0,"publisher":{"@id":"https:\/\/www.tapasmagazine.es\/#organization"},"image":{"@id":"https:\/\/www.tapasmagazine.es\/en\/lentrecote-cafe-de-paris-a-loo-back-10-years-history-madrid-culinary-landmark\/#primaryimage"},"thumbnailUrl":"https:\/\/www.tapasmagazine.es\/wp-content\/uploads\/2024\/02\/cafe-de-paris-2.jpg","keywords":["gastronom\u00eda","Madrid","restaurants"],"articleSection":["News","Reportajes","Sin categorizar"],"inLanguage":"en-US","potentialAction":[{"@type":"CommentAction","name":"Comment","target":["https:\/\/www.tapasmagazine.es\/en\/lentrecote-cafe-de-paris-a-loo-back-10-years-history-madrid-culinary-landmark\/#respond"]}]},{"@type":"WebPage","@id":"https:\/\/www.tapasmagazine.es\/en\/lentrecote-cafe-de-paris-a-loo-back-10-years-history-madrid-culinary-landmark\/","url":"https:\/\/www.tapasmagazine.es\/en\/lentrecote-cafe-de-paris-a-loo-back-10-years-history-madrid-culinary-landmark\/","name":"L'Entrecote Caf\u00e9 de Par\u00eds: a look back over the 10-year history of Madrid's culinary landmark - Tapas","isPartOf":{"@id":"https:\/\/www.tapasmagazine.es\/#website"},"primaryImageOfPage":{"@id":"https:\/\/www.tapasmagazine.es\/en\/lentrecote-cafe-de-paris-a-loo-back-10-years-history-madrid-culinary-landmark\/#primaryimage"},"image":{"@id":"https:\/\/www.tapasmagazine.es\/en\/lentrecote-cafe-de-paris-a-loo-back-10-years-history-madrid-culinary-landmark\/#primaryimage"},"thumbnailUrl":"https:\/\/www.tapasmagazine.es\/wp-content\/uploads\/2024\/02\/cafe-de-paris-2.jpg","datePublished":"2024-02-06T08:29:18+00:00","dateModified":"2024-02-06T08:36:07+00:00","description":"Click here to read the Spanish version. L'Entrecote Caf\u00e9 de Par\u00eds is now celebrating its first decade in Madrid with a new opening in the Chamber\u00ed","breadcrumb":{"@id":"https:\/\/www.tapasmagazine.es\/en\/lentrecote-cafe-de-paris-a-loo-back-10-years-history-madrid-culinary-landmark\/#breadcrumb"},"inLanguage":"en-US","potentialAction":[{"@type":"ReadAction","target":["https:\/\/www.tapasmagazine.es\/en\/lentrecote-cafe-de-paris-a-loo-back-10-years-history-madrid-culinary-landmark\/"]}]},{"@type":"ImageObject","inLanguage":"en-US","@id":"https:\/\/www.tapasmagazine.es\/en\/lentrecote-cafe-de-paris-a-loo-back-10-years-history-madrid-culinary-landmark\/#primaryimage","url":"https:\/\/www.tapasmagazine.es\/wp-content\/uploads\/2024\/02\/cafe-de-paris-2.jpg","contentUrl":"https:\/\/www.tapasmagazine.es\/wp-content\/uploads\/2024\/02\/cafe-de-paris-2.jpg","width":1200,"height":675},{"@type":"BreadcrumbList","@id":"https:\/\/www.tapasmagazine.es\/en\/lentrecote-cafe-de-paris-a-loo-back-10-years-history-madrid-culinary-landmark\/#breadcrumb","itemListElement":[{"@type":"ListItem","position":1,"name":"Portada","item":"https:\/\/www.tapasmagazine.es\/"},{"@type":"ListItem","position":2,"name":"Sin categorizar","item":"https:\/\/www.tapasmagazine.es\/categorias\/sin-categorizar\/"},{"@type":"ListItem","position":3,"name":"L&#8217;Entrecote Caf\u00e9 de Par\u00eds: a look back over the 10-year history of Madrid&#8217;s culinary landmark"}]},{"@type":"WebSite","@id":"https:\/\/www.tapasmagazine.es\/#website","url":"https:\/\/www.tapasmagazine.es\/","name":"Tapas","description":"\u00d1am \u00d1am Lifestyle. La vida a bocados. Premio Nacional de Gastronom\u00eda 2016.","publisher":{"@id":"https:\/\/www.tapasmagazine.es\/#organization"},"potentialAction":[{"@type":"SearchAction","target":{"@type":"EntryPoint","urlTemplate":"https:\/\/www.tapasmagazine.es\/?s={search_term_string}"},"query-input":{"@type":"PropertyValueSpecification","valueRequired":true,"valueName":"search_term_string"}}],"inLanguage":"en-US"},{"@type":"Organization","@id":"https:\/\/www.tapasmagazine.es\/#organization","name":"Tapas Magazine","url":"https:\/\/www.tapasmagazine.es\/","logo":{"@type":"ImageObject","inLanguage":"en-US","@id":"https:\/\/www.tapasmagazine.es\/#\/schema\/logo\/image\/","url":"https:\/\/www.tapasmagazine.es\/wp-content\/uploads\/2018\/01\/logo.png","contentUrl":"https:\/\/www.tapasmagazine.es\/wp-content\/uploads\/2018\/01\/logo.png","width":180,"height":60,"caption":"Tapas Magazine"},"image":{"@id":"https:\/\/www.tapasmagazine.es\/#\/schema\/logo\/image\/"},"sameAs":["https:\/\/www.facebook.com\/tapasmagazine","https:\/\/x.com\/TapasMagazine","https:\/\/www.instagram.com\/tapasmagazine\/","https:\/\/www.linkedin.com\/company\/tapas-magazine","https:\/\/es.pinterest.com\/tapasmagazine\/","https:\/\/www.youtube.com\/channel\/UCEyxneAaACuR0lfDagrWjjg?sub_confirmation=1"]},{"@type":"Person","@id":"https:\/\/www.tapasmagazine.es\/#\/schema\/person\/eb46cbe76a9c8f062660eb609e3ecb4e","name":"Laura P\u00e9rez","url":"https:\/\/www.tapasmagazine.es\/en\/author\/laura-perez\/"}]}},"_links":{"self":[{"href":"https:\/\/www.tapasmagazine.es\/en\/wp-json\/wp\/v2\/posts\/233866","targetHints":{"allow":["GET"]}}],"collection":[{"href":"https:\/\/www.tapasmagazine.es\/en\/wp-json\/wp\/v2\/posts"}],"about":[{"href":"https:\/\/www.tapasmagazine.es\/en\/wp-json\/wp\/v2\/types\/post"}],"author":[{"embeddable":true,"href":"https:\/\/www.tapasmagazine.es\/en\/wp-json\/wp\/v2\/users\/285"}],"replies":[{"embeddable":true,"href":"https:\/\/www.tapasmagazine.es\/en\/wp-json\/wp\/v2\/comments?post=233866"}],"version-history":[{"count":4,"href":"https:\/\/www.tapasmagazine.es\/en\/wp-json\/wp\/v2\/posts\/233866\/revisions"}],"predecessor-version":[{"id":233872,"href":"https:\/\/www.tapasmagazine.es\/en\/wp-json\/wp\/v2\/posts\/233866\/revisions\/233872"}],"wp:featuredmedia":[{"embeddable":true,"href":"https:\/\/www.tapasmagazine.es\/en\/wp-json\/wp\/v2\/media\/233818"}],"wp:attachment":[{"href":"https:\/\/www.tapasmagazine.es\/en\/wp-json\/wp\/v2\/media?parent=233866"}],"wp:term":[{"taxonomy":"category","embeddable":true,"href":"https:\/\/www.tapasmagazine.es\/en\/wp-json\/wp\/v2\/categories?post=233866"},{"taxonomy":"post_tag","embeddable":true,"href":"https:\/\/www.tapasmagazine.es\/en\/wp-json\/wp\/v2\/tags?post=233866"}],"curies":[{"name":"wp","href":"https:\/\/api.w.org\/{rel}","templated":true}]}}