{"id":232772,"date":"2024-01-31T10:45:45","date_gmt":"2024-01-31T09:45:45","guid":{"rendered":"https:\/\/www.tapasmagazine.es\/david-y-victoria-beckham-protagonizan-el-anuncio-de-uber-eats-de-la-super-bowl\/"},"modified":"2024-01-31T10:49:13","modified_gmt":"2024-01-31T09:49:13","slug":"the-beckhams-star-uber-eats-super-bowl-spot","status":"publish","type":"post","link":"https:\/\/www.tapasmagazine.es\/en\/the-beckhams-star-uber-eats-super-bowl-spot\/","title":{"rendered":"The Beckhams star in Uber Eats Super Bowl spot"},"content":{"rendered":"\n<p><strong>Click <a href=\"https:\/\/www.tapasmagazine.es\/david-y-victoria-beckham-protagonizan-el-anuncio-de-uber-eats-de-la-super-bowl\/\" target=\"_blank\" rel=\"noreferrer noopener\">here<\/a> to read the Spanish version.<\/strong><\/p>\n\n\n\n<p>The former Spice Girl wears a T-shirt that reads &#8216;my dad had a Rolls Royce&#8217;, referencing the viral clip from October&#8217;s &#8216;<strong>Beckham<\/strong>&#8216; documentary, in which <strong>David <\/strong>interrupts Victoria during an on-camera interview.<\/p>\n\n\n\n<p>That line was then inspired by Victoria&#8217;s confession that she and David came from &#8216;very working class families&#8217;. To which David sarcastically replied: &#8216;Be honest, what car did your father drive you to school in?&#8217; before she confessed that her father drove a Rolls-Royce in the 1980s.<\/p>\n\n\n<div class=\"wp-block-image\">\n<figure class=\"aligncenter size-large is-resized\"><a href=\"https:\/\/www.tapasmagazine.es\/wp-content\/uploads\/2024\/01\/beckham-anuncio-uber-eats-2.webp\"><img decoding=\"async\" width=\"1024\" height=\"576\" src=\"https:\/\/www.tapasmagazine.es\/wp-content\/uploads\/2024\/01\/beckham-anuncio-uber-eats-2-1024x576.webp\" alt=\"\" class=\"wp-image-232762\" style=\"width:1256px;height:auto\" srcset=\"https:\/\/www.tapasmagazine.es\/wp-content\/uploads\/2024\/01\/beckham-anuncio-uber-eats-2-1024x576.webp 1024w, https:\/\/www.tapasmagazine.es\/wp-content\/uploads\/2024\/01\/beckham-anuncio-uber-eats-2-300x169.webp 300w, https:\/\/www.tapasmagazine.es\/wp-content\/uploads\/2024\/01\/beckham-anuncio-uber-eats-2-768x432.webp 768w, https:\/\/www.tapasmagazine.es\/wp-content\/uploads\/2024\/01\/beckham-anuncio-uber-eats-2-1200x675.webp 1200w, https:\/\/www.tapasmagazine.es\/wp-content\/uploads\/2024\/01\/beckham-anuncio-uber-eats-2-1000x563.webp 1000w, https:\/\/www.tapasmagazine.es\/wp-content\/uploads\/2024\/01\/beckham-anuncio-uber-eats-2-400x225.webp 400w, https:\/\/www.tapasmagazine.es\/wp-content\/uploads\/2024\/01\/beckham-anuncio-uber-eats-2.webp 1500w\" sizes=\"(max-width: 1024px) 100vw, 1024px\" \/><\/a><\/figure>\n<\/div>\n\n\n<p>In the <strong>Uber Eats<\/strong> ad, he appears in the background leaning out to remind his wife to be honest, letting fans know that they have a Super Bowl ad on their hands.<\/p>\n\n\n\n<p>&#8216;So David and I are going to be in a little commercial,&#8217; Victoria begins the clip above as she sits on a couch in her &#8216;my dad had a Rolls-Royce&#8217; t-shirt. David then pokes his head into the frame, reminding her: &#8216;Be honest, be honest!<\/p>\n\n\n\n<figure class=\"wp-block-embed is-type-video is-provider-youtube wp-block-embed-youtube wp-embed-aspect-16-9 wp-has-aspect-ratio\"><div class=\"wp-block-embed__wrapper\">\n<iframe title=\"DAVID AND VICTORIA BECKHAM FORGET  | UBER EATS\" width=\"640\" height=\"360\" src=\"https:\/\/www.youtube.com\/embed\/s4uxGe7gU5I?start=32&#038;feature=oembed\" frameborder=\"0\" allow=\"accelerometer; autoplay; clipboard-write; encrypted-media; gyroscope; picture-in-picture; web-share\" referrerpolicy=\"strict-origin-when-cross-origin\" allowfullscreen><\/iframe>\n<\/div><\/figure>\n\n\n\n<p>Victoria finally tells the camera crew that the ad will air during &#8216;the big baseball game.&#8217; A key pop culture date on which this full ad featuring the iconic couple will be screened, ending with bold text that reads: &#8216;Whatever you forget this Sunday, remember Uber Eats.<\/p>\n","protected":false},"excerpt":{"rendered":"<p>Click here to read the Spanish version. The former Spice Girl wears a T-shirt that reads &#8216;my dad had a Rolls Royce&#8217;, referencing the viral clip from October&#8217;s &#8216;Beckham&#8216; documentary, in which David interrupts Victoria during an on-camera interview. That line was then inspired by Victoria&#8217;s confession that she and David came from &#8216;very working [&hellip;]<\/p>\n","protected":false},"author":285,"featured_media":232761,"comment_status":"open","ping_status":"closed","sticky":false,"template":"single-feature.php","format":"standard","meta":{"_acf_changed":false,"footnotes":""},"categories":[15802,15851,15910],"tags":[18563],"class_list":["post-232772","post","type-post","status-publish","format-standard","has-post-thumbnail","hentry","category-news","category-nombres-propios-en","category-personajes-en","tag-david-beckham-en","cat-15802-id","cat-15851-id","cat-15910-id"],"acf":[],"yoast_head":"<!-- This site is optimized with the Yoast SEO plugin v27.4 - https:\/\/yoast.com\/product\/yoast-seo-wordpress\/ -->\n<title>Los Beckham protagonizan el anuncio de Uber Eats de la Super Bowl<\/title>\n<meta name=\"description\" content=\"Click here to read the Spanish version. The former Spice Girl wears a T-shirt that reads &#039;my dad had a Rolls Royce&#039;, referencing the viral clip from\" \/>\n<meta name=\"robots\" content=\"index, follow, max-snippet:-1, max-image-preview:large, max-video-preview:-1\" \/>\n<link rel=\"canonical\" href=\"https:\/\/www.tapasmagazine.es\/en\/the-beckhams-star-uber-eats-super-bowl-spot\/\" \/>\n<meta property=\"og:locale\" content=\"en_US\" \/>\n<meta property=\"og:type\" content=\"article\" \/>\n<meta property=\"og:title\" content=\"Los Beckham protagonizan el anuncio de Uber Eats de la Super Bowl\" \/>\n<meta property=\"og:description\" content=\"Click here to read the Spanish version. The former Spice Girl wears a T-shirt that reads &#039;my dad had a Rolls Royce&#039;, referencing the viral clip from\" \/>\n<meta property=\"og:url\" content=\"https:\/\/www.tapasmagazine.es\/en\/the-beckhams-star-uber-eats-super-bowl-spot\/\" \/>\n<meta property=\"og:site_name\" content=\"Tapas\" \/>\n<meta property=\"article:publisher\" content=\"https:\/\/www.facebook.com\/tapasmagazine\" \/>\n<meta property=\"article:published_time\" content=\"2024-01-31T09:45:45+00:00\" \/>\n<meta property=\"article:modified_time\" content=\"2024-01-31T09:49:13+00:00\" \/>\n<meta property=\"og:image\" content=\"https:\/\/www.tapasmagazine.es\/wp-content\/uploads\/2024\/01\/beckham-anuncio-uber-eats-1.jpg\" \/>\n\t<meta property=\"og:image:width\" content=\"1200\" \/>\n\t<meta property=\"og:image:height\" content=\"675\" \/>\n\t<meta property=\"og:image:type\" content=\"image\/jpeg\" \/>\n<meta name=\"author\" content=\"Laura P\u00e9rez\" \/>\n<meta name=\"twitter:card\" content=\"summary_large_image\" \/>\n<meta name=\"twitter:creator\" content=\"@TapasMagazine\" \/>\n<meta name=\"twitter:site\" content=\"@TapasMagazine\" \/>\n<meta name=\"twitter:label1\" content=\"Written by\" \/>\n\t<meta name=\"twitter:data1\" content=\"Laura P\u00e9rez\" \/>\n\t<meta name=\"twitter:label2\" content=\"Est. reading time\" \/>\n\t<meta name=\"twitter:data2\" content=\"2 minutes\" \/>\n<script type=\"application\/ld+json\" class=\"yoast-schema-graph\">{\"@context\":\"https:\\\/\\\/schema.org\",\"@graph\":[{\"@type\":\"Article\",\"@id\":\"https:\\\/\\\/www.tapasmagazine.es\\\/en\\\/the-beckhams-star-uber-eats-super-bowl-spot\\\/#article\",\"isPartOf\":{\"@id\":\"https:\\\/\\\/www.tapasmagazine.es\\\/en\\\/the-beckhams-star-uber-eats-super-bowl-spot\\\/\"},\"author\":{\"name\":\"Laura P\u00e9rez\",\"@id\":\"https:\\\/\\\/www.tapasmagazine.es\\\/#\\\/schema\\\/person\\\/eb46cbe76a9c8f062660eb609e3ecb4e\"},\"headline\":\"The Beckhams star in Uber Eats Super Bowl spot\",\"datePublished\":\"2024-01-31T09:45:45+00:00\",\"dateModified\":\"2024-01-31T09:49:13+00:00\",\"mainEntityOfPage\":{\"@id\":\"https:\\\/\\\/www.tapasmagazine.es\\\/en\\\/the-beckhams-star-uber-eats-super-bowl-spot\\\/\"},\"wordCount\":254,\"commentCount\":0,\"publisher\":{\"@id\":\"https:\\\/\\\/www.tapasmagazine.es\\\/#organization\"},\"image\":{\"@id\":\"https:\\\/\\\/www.tapasmagazine.es\\\/en\\\/the-beckhams-star-uber-eats-super-bowl-spot\\\/#primaryimage\"},\"thumbnailUrl\":\"https:\\\/\\\/www.tapasmagazine.es\\\/wp-content\\\/uploads\\\/2024\\\/01\\\/beckham-anuncio-uber-eats-1.jpg\",\"keywords\":[\"David Beckham\"],\"articleSection\":[\"News\",\"Nombres propios\",\"Personajes\"],\"inLanguage\":\"en-US\",\"potentialAction\":[{\"@type\":\"CommentAction\",\"name\":\"Comment\",\"target\":[\"https:\\\/\\\/www.tapasmagazine.es\\\/en\\\/the-beckhams-star-uber-eats-super-bowl-spot\\\/#respond\"]}]},{\"@type\":\"WebPage\",\"@id\":\"https:\\\/\\\/www.tapasmagazine.es\\\/en\\\/the-beckhams-star-uber-eats-super-bowl-spot\\\/\",\"url\":\"https:\\\/\\\/www.tapasmagazine.es\\\/en\\\/the-beckhams-star-uber-eats-super-bowl-spot\\\/\",\"name\":\"Los Beckham protagonizan el anuncio de Uber Eats de la Super Bowl\",\"isPartOf\":{\"@id\":\"https:\\\/\\\/www.tapasmagazine.es\\\/#website\"},\"primaryImageOfPage\":{\"@id\":\"https:\\\/\\\/www.tapasmagazine.es\\\/en\\\/the-beckhams-star-uber-eats-super-bowl-spot\\\/#primaryimage\"},\"image\":{\"@id\":\"https:\\\/\\\/www.tapasmagazine.es\\\/en\\\/the-beckhams-star-uber-eats-super-bowl-spot\\\/#primaryimage\"},\"thumbnailUrl\":\"https:\\\/\\\/www.tapasmagazine.es\\\/wp-content\\\/uploads\\\/2024\\\/01\\\/beckham-anuncio-uber-eats-1.jpg\",\"datePublished\":\"2024-01-31T09:45:45+00:00\",\"dateModified\":\"2024-01-31T09:49:13+00:00\",\"description\":\"Click here to read the Spanish version. The former Spice Girl wears a T-shirt that reads 'my dad had a Rolls Royce', referencing the viral clip from\",\"breadcrumb\":{\"@id\":\"https:\\\/\\\/www.tapasmagazine.es\\\/en\\\/the-beckhams-star-uber-eats-super-bowl-spot\\\/#breadcrumb\"},\"inLanguage\":\"en-US\",\"potentialAction\":[{\"@type\":\"ReadAction\",\"target\":[\"https:\\\/\\\/www.tapasmagazine.es\\\/en\\\/the-beckhams-star-uber-eats-super-bowl-spot\\\/\"]}]},{\"@type\":\"ImageObject\",\"inLanguage\":\"en-US\",\"@id\":\"https:\\\/\\\/www.tapasmagazine.es\\\/en\\\/the-beckhams-star-uber-eats-super-bowl-spot\\\/#primaryimage\",\"url\":\"https:\\\/\\\/www.tapasmagazine.es\\\/wp-content\\\/uploads\\\/2024\\\/01\\\/beckham-anuncio-uber-eats-1.jpg\",\"contentUrl\":\"https:\\\/\\\/www.tapasmagazine.es\\\/wp-content\\\/uploads\\\/2024\\\/01\\\/beckham-anuncio-uber-eats-1.jpg\",\"width\":1200,\"height\":675},{\"@type\":\"BreadcrumbList\",\"@id\":\"https:\\\/\\\/www.tapasmagazine.es\\\/en\\\/the-beckhams-star-uber-eats-super-bowl-spot\\\/#breadcrumb\",\"itemListElement\":[{\"@type\":\"ListItem\",\"position\":1,\"name\":\"Portada\",\"item\":\"https:\\\/\\\/www.tapasmagazine.es\\\/\"},{\"@type\":\"ListItem\",\"position\":2,\"name\":\"News\",\"item\":\"https:\\\/\\\/www.tapasmagazine.es\\\/en\\\/categorias\\\/news\\\/\"},{\"@type\":\"ListItem\",\"position\":3,\"name\":\"The Beckhams star in Uber Eats Super Bowl spot\"}]},{\"@type\":\"WebSite\",\"@id\":\"https:\\\/\\\/www.tapasmagazine.es\\\/#website\",\"url\":\"https:\\\/\\\/www.tapasmagazine.es\\\/\",\"name\":\"Tapas\",\"description\":\"\u00d1am \u00d1am Lifestyle. La vida a bocados. Premio Nacional de Gastronom\u00eda 2016.\",\"publisher\":{\"@id\":\"https:\\\/\\\/www.tapasmagazine.es\\\/#organization\"},\"potentialAction\":[{\"@type\":\"SearchAction\",\"target\":{\"@type\":\"EntryPoint\",\"urlTemplate\":\"https:\\\/\\\/www.tapasmagazine.es\\\/?s={search_term_string}\"},\"query-input\":{\"@type\":\"PropertyValueSpecification\",\"valueRequired\":true,\"valueName\":\"search_term_string\"}}],\"inLanguage\":\"en-US\"},{\"@type\":\"Organization\",\"@id\":\"https:\\\/\\\/www.tapasmagazine.es\\\/#organization\",\"name\":\"Tapas Magazine\",\"url\":\"https:\\\/\\\/www.tapasmagazine.es\\\/\",\"logo\":{\"@type\":\"ImageObject\",\"inLanguage\":\"en-US\",\"@id\":\"https:\\\/\\\/www.tapasmagazine.es\\\/#\\\/schema\\\/logo\\\/image\\\/\",\"url\":\"https:\\\/\\\/www.tapasmagazine.es\\\/wp-content\\\/uploads\\\/2018\\\/01\\\/logo.png\",\"contentUrl\":\"https:\\\/\\\/www.tapasmagazine.es\\\/wp-content\\\/uploads\\\/2018\\\/01\\\/logo.png\",\"width\":180,\"height\":60,\"caption\":\"Tapas Magazine\"},\"image\":{\"@id\":\"https:\\\/\\\/www.tapasmagazine.es\\\/#\\\/schema\\\/logo\\\/image\\\/\"},\"sameAs\":[\"https:\\\/\\\/www.facebook.com\\\/tapasmagazine\",\"https:\\\/\\\/x.com\\\/TapasMagazine\",\"https:\\\/\\\/www.instagram.com\\\/tapasmagazine\\\/\",\"https:\\\/\\\/www.linkedin.com\\\/company\\\/tapas-magazine\",\"https:\\\/\\\/es.pinterest.com\\\/tapasmagazine\\\/\",\"https:\\\/\\\/www.youtube.com\\\/channel\\\/UCEyxneAaACuR0lfDagrWjjg?sub_confirmation=1\"]},{\"@type\":\"Person\",\"@id\":\"https:\\\/\\\/www.tapasmagazine.es\\\/#\\\/schema\\\/person\\\/eb46cbe76a9c8f062660eb609e3ecb4e\",\"name\":\"Laura P\u00e9rez\",\"url\":\"https:\\\/\\\/www.tapasmagazine.es\\\/en\\\/author\\\/laura-perez\\\/\"}]}<\/script>\n<!-- \/ Yoast SEO plugin. -->","yoast_head_json":{"title":"Los Beckham protagonizan el anuncio de Uber Eats de la Super Bowl","description":"Click here to read the Spanish version. The former Spice Girl wears a T-shirt that reads 'my dad had a Rolls Royce', referencing the viral clip from","robots":{"index":"index","follow":"follow","max-snippet":"max-snippet:-1","max-image-preview":"max-image-preview:large","max-video-preview":"max-video-preview:-1"},"canonical":"https:\/\/www.tapasmagazine.es\/en\/the-beckhams-star-uber-eats-super-bowl-spot\/","og_locale":"en_US","og_type":"article","og_title":"Los Beckham protagonizan el anuncio de Uber Eats de la Super Bowl","og_description":"Click here to read the Spanish version. The former Spice Girl wears a T-shirt that reads 'my dad had a Rolls Royce', referencing the viral clip from","og_url":"https:\/\/www.tapasmagazine.es\/en\/the-beckhams-star-uber-eats-super-bowl-spot\/","og_site_name":"Tapas","article_publisher":"https:\/\/www.facebook.com\/tapasmagazine","article_published_time":"2024-01-31T09:45:45+00:00","article_modified_time":"2024-01-31T09:49:13+00:00","og_image":[{"width":1200,"height":675,"url":"https:\/\/www.tapasmagazine.es\/wp-content\/uploads\/2024\/01\/beckham-anuncio-uber-eats-1.jpg","type":"image\/jpeg"}],"author":"Laura P\u00e9rez","twitter_card":"summary_large_image","twitter_creator":"@TapasMagazine","twitter_site":"@TapasMagazine","twitter_misc":{"Written by":"Laura P\u00e9rez","Est. reading time":"2 minutes"},"schema":{"@context":"https:\/\/schema.org","@graph":[{"@type":"Article","@id":"https:\/\/www.tapasmagazine.es\/en\/the-beckhams-star-uber-eats-super-bowl-spot\/#article","isPartOf":{"@id":"https:\/\/www.tapasmagazine.es\/en\/the-beckhams-star-uber-eats-super-bowl-spot\/"},"author":{"name":"Laura P\u00e9rez","@id":"https:\/\/www.tapasmagazine.es\/#\/schema\/person\/eb46cbe76a9c8f062660eb609e3ecb4e"},"headline":"The Beckhams star in Uber Eats Super Bowl spot","datePublished":"2024-01-31T09:45:45+00:00","dateModified":"2024-01-31T09:49:13+00:00","mainEntityOfPage":{"@id":"https:\/\/www.tapasmagazine.es\/en\/the-beckhams-star-uber-eats-super-bowl-spot\/"},"wordCount":254,"commentCount":0,"publisher":{"@id":"https:\/\/www.tapasmagazine.es\/#organization"},"image":{"@id":"https:\/\/www.tapasmagazine.es\/en\/the-beckhams-star-uber-eats-super-bowl-spot\/#primaryimage"},"thumbnailUrl":"https:\/\/www.tapasmagazine.es\/wp-content\/uploads\/2024\/01\/beckham-anuncio-uber-eats-1.jpg","keywords":["David Beckham"],"articleSection":["News","Nombres propios","Personajes"],"inLanguage":"en-US","potentialAction":[{"@type":"CommentAction","name":"Comment","target":["https:\/\/www.tapasmagazine.es\/en\/the-beckhams-star-uber-eats-super-bowl-spot\/#respond"]}]},{"@type":"WebPage","@id":"https:\/\/www.tapasmagazine.es\/en\/the-beckhams-star-uber-eats-super-bowl-spot\/","url":"https:\/\/www.tapasmagazine.es\/en\/the-beckhams-star-uber-eats-super-bowl-spot\/","name":"Los Beckham protagonizan el anuncio de Uber Eats de la Super Bowl","isPartOf":{"@id":"https:\/\/www.tapasmagazine.es\/#website"},"primaryImageOfPage":{"@id":"https:\/\/www.tapasmagazine.es\/en\/the-beckhams-star-uber-eats-super-bowl-spot\/#primaryimage"},"image":{"@id":"https:\/\/www.tapasmagazine.es\/en\/the-beckhams-star-uber-eats-super-bowl-spot\/#primaryimage"},"thumbnailUrl":"https:\/\/www.tapasmagazine.es\/wp-content\/uploads\/2024\/01\/beckham-anuncio-uber-eats-1.jpg","datePublished":"2024-01-31T09:45:45+00:00","dateModified":"2024-01-31T09:49:13+00:00","description":"Click here to read the Spanish version. The former Spice Girl wears a T-shirt that reads 'my dad had a Rolls Royce', referencing the viral clip from","breadcrumb":{"@id":"https:\/\/www.tapasmagazine.es\/en\/the-beckhams-star-uber-eats-super-bowl-spot\/#breadcrumb"},"inLanguage":"en-US","potentialAction":[{"@type":"ReadAction","target":["https:\/\/www.tapasmagazine.es\/en\/the-beckhams-star-uber-eats-super-bowl-spot\/"]}]},{"@type":"ImageObject","inLanguage":"en-US","@id":"https:\/\/www.tapasmagazine.es\/en\/the-beckhams-star-uber-eats-super-bowl-spot\/#primaryimage","url":"https:\/\/www.tapasmagazine.es\/wp-content\/uploads\/2024\/01\/beckham-anuncio-uber-eats-1.jpg","contentUrl":"https:\/\/www.tapasmagazine.es\/wp-content\/uploads\/2024\/01\/beckham-anuncio-uber-eats-1.jpg","width":1200,"height":675},{"@type":"BreadcrumbList","@id":"https:\/\/www.tapasmagazine.es\/en\/the-beckhams-star-uber-eats-super-bowl-spot\/#breadcrumb","itemListElement":[{"@type":"ListItem","position":1,"name":"Portada","item":"https:\/\/www.tapasmagazine.es\/"},{"@type":"ListItem","position":2,"name":"News","item":"https:\/\/www.tapasmagazine.es\/en\/categorias\/news\/"},{"@type":"ListItem","position":3,"name":"The Beckhams star in Uber Eats Super Bowl spot"}]},{"@type":"WebSite","@id":"https:\/\/www.tapasmagazine.es\/#website","url":"https:\/\/www.tapasmagazine.es\/","name":"Tapas","description":"\u00d1am \u00d1am Lifestyle. La vida a bocados. Premio Nacional de Gastronom\u00eda 2016.","publisher":{"@id":"https:\/\/www.tapasmagazine.es\/#organization"},"potentialAction":[{"@type":"SearchAction","target":{"@type":"EntryPoint","urlTemplate":"https:\/\/www.tapasmagazine.es\/?s={search_term_string}"},"query-input":{"@type":"PropertyValueSpecification","valueRequired":true,"valueName":"search_term_string"}}],"inLanguage":"en-US"},{"@type":"Organization","@id":"https:\/\/www.tapasmagazine.es\/#organization","name":"Tapas Magazine","url":"https:\/\/www.tapasmagazine.es\/","logo":{"@type":"ImageObject","inLanguage":"en-US","@id":"https:\/\/www.tapasmagazine.es\/#\/schema\/logo\/image\/","url":"https:\/\/www.tapasmagazine.es\/wp-content\/uploads\/2018\/01\/logo.png","contentUrl":"https:\/\/www.tapasmagazine.es\/wp-content\/uploads\/2018\/01\/logo.png","width":180,"height":60,"caption":"Tapas Magazine"},"image":{"@id":"https:\/\/www.tapasmagazine.es\/#\/schema\/logo\/image\/"},"sameAs":["https:\/\/www.facebook.com\/tapasmagazine","https:\/\/x.com\/TapasMagazine","https:\/\/www.instagram.com\/tapasmagazine\/","https:\/\/www.linkedin.com\/company\/tapas-magazine","https:\/\/es.pinterest.com\/tapasmagazine\/","https:\/\/www.youtube.com\/channel\/UCEyxneAaACuR0lfDagrWjjg?sub_confirmation=1"]},{"@type":"Person","@id":"https:\/\/www.tapasmagazine.es\/#\/schema\/person\/eb46cbe76a9c8f062660eb609e3ecb4e","name":"Laura P\u00e9rez","url":"https:\/\/www.tapasmagazine.es\/en\/author\/laura-perez\/"}]}},"_links":{"self":[{"href":"https:\/\/www.tapasmagazine.es\/en\/wp-json\/wp\/v2\/posts\/232772","targetHints":{"allow":["GET"]}}],"collection":[{"href":"https:\/\/www.tapasmagazine.es\/en\/wp-json\/wp\/v2\/posts"}],"about":[{"href":"https:\/\/www.tapasmagazine.es\/en\/wp-json\/wp\/v2\/types\/post"}],"author":[{"embeddable":true,"href":"https:\/\/www.tapasmagazine.es\/en\/wp-json\/wp\/v2\/users\/285"}],"replies":[{"embeddable":true,"href":"https:\/\/www.tapasmagazine.es\/en\/wp-json\/wp\/v2\/comments?post=232772"}],"version-history":[{"count":4,"href":"https:\/\/www.tapasmagazine.es\/en\/wp-json\/wp\/v2\/posts\/232772\/revisions"}],"predecessor-version":[{"id":232780,"href":"https:\/\/www.tapasmagazine.es\/en\/wp-json\/wp\/v2\/posts\/232772\/revisions\/232780"}],"wp:featuredmedia":[{"embeddable":true,"href":"https:\/\/www.tapasmagazine.es\/en\/wp-json\/wp\/v2\/media\/232761"}],"wp:attachment":[{"href":"https:\/\/www.tapasmagazine.es\/en\/wp-json\/wp\/v2\/media?parent=232772"}],"wp:term":[{"taxonomy":"category","embeddable":true,"href":"https:\/\/www.tapasmagazine.es\/en\/wp-json\/wp\/v2\/categories?post=232772"},{"taxonomy":"post_tag","embeddable":true,"href":"https:\/\/www.tapasmagazine.es\/en\/wp-json\/wp\/v2\/tags?post=232772"}],"curies":[{"name":"wp","href":"https:\/\/api.w.org\/{rel}","templated":true}]}}