{"id":232232,"date":"2024-01-29T13:53:25","date_gmt":"2024-01-29T12:53:25","guid":{"rendered":"https:\/\/www.tapasmagazine.es\/la-chef-privada-de-las-kardashian-habla-de-los-rituales-culinarios-y-fiestas-del-clan\/"},"modified":"2024-01-29T13:58:09","modified_gmt":"2024-01-29T12:58:09","slug":"kardashian-private-chef-talks-about-culinary-rituals-parties","status":"publish","type":"post","link":"https:\/\/www.tapasmagazine.es\/en\/kardashian-private-chef-talks-about-culinary-rituals-parties\/","title":{"rendered":"The Kardashian&#8217;s private chef talks about her iconic feasts and culinary rituals"},"content":{"rendered":"\n<p><strong>Click <a href=\"https:\/\/www.tapasmagazine.es\/la-chef-privada-de-las-kardashian-habla-de-los-rituales-culinarios-y-fiestas-del-clan\/\" target=\"_blank\" rel=\"noreferrer noopener\">here<\/a> to read the Spanish version.<\/strong><\/p>\n\n\n\n<p><strong>Chef K <\/strong>reveals to<strong> PEOPLE<\/strong> how she got her start in the Kardashian-Jenner family kitchen and the details behind the iconic parties she culinary helms.<\/p>\n\n\n\n<p>Uy&#8217;s career has been spent in celebrity kitchens, traversing a long list of Hollywood&#8217;s who&#8217;s who, despite only really getting her start in the spotlight due to the Kardashian&#8217;s powerful media impact.<\/p>\n\n\n\n<p>Her origins in stardom can be traced back to <strong>Ryan Seacrest<\/strong>, the former American Idol host, when she became his personal chef in New York when he was tapped to host &#8216;Live with Kelly and Ryan&#8217; in 2017.<\/p>\n\n\n<div class=\"wp-block-image\">\n<figure class=\"aligncenter size-large is-resized\"><a href=\"https:\/\/www.tapasmagazine.es\/wp-content\/uploads\/2024\/01\/chef-k-kardashian-2.webp\"><img decoding=\"async\" width=\"1024\" height=\"683\" src=\"https:\/\/www.tapasmagazine.es\/wp-content\/uploads\/2024\/01\/chef-k-kardashian-2-1024x683.webp\" alt=\"\" class=\"wp-image-232210\" style=\"width:1080px;height:auto\" srcset=\"https:\/\/www.tapasmagazine.es\/wp-content\/uploads\/2024\/01\/chef-k-kardashian-2-1024x683.webp 1024w, https:\/\/www.tapasmagazine.es\/wp-content\/uploads\/2024\/01\/chef-k-kardashian-2-300x200.webp 300w, https:\/\/www.tapasmagazine.es\/wp-content\/uploads\/2024\/01\/chef-k-kardashian-2-768x512.webp 768w, https:\/\/www.tapasmagazine.es\/wp-content\/uploads\/2024\/01\/chef-k-kardashian-2-1000x667.webp 1000w, https:\/\/www.tapasmagazine.es\/wp-content\/uploads\/2024\/01\/chef-k-kardashian-2-400x267.webp 400w, https:\/\/www.tapasmagazine.es\/wp-content\/uploads\/2024\/01\/chef-k-kardashian-2.webp 1500w\" sizes=\"(max-width: 1024px) 100vw, 1024px\" \/><\/a><\/figure>\n<\/div>\n\n\n<p>After passing through her kitchen, he put him in touch with Kris Jenner, who introduced him to the Kardashian&#8217;s sumptuous culinary universe. Today, the Filipina chef has been working for the family for more than a decade, first more intimately in their kitchens, then exclusively in their big space events, birthdays and parties, such as Kourtney&#8217;s bachelorette party.<\/p>\n\n\n\n<p>This past Christmas, for example, Uy helped recreate one of Kris&#8217; favourite dishes through a collaboration with <strong>Rao&#8217;s Homemade<\/strong>: an aubergine stew with ricotta, turkey stuffing and Rao&#8217;s homemade marinara.<\/p>\n\n\n\n<p>As for the <strong>Kardashian-Jenners&#8217; holiday meals<\/strong>, the chef explains that they are structured around themed dinners that are spread out over three days such as: &#8216;Mexican Tuesday, Asian Wednesday, Italian Thursday&#8217;.<\/p>\n","protected":false},"excerpt":{"rendered":"<p>Click here to read the Spanish version. Chef K reveals to PEOPLE how she got her start in the Kardashian-Jenner family kitchen and the details behind the iconic parties she culinary helms. Uy&#8217;s career has been spent in celebrity kitchens, traversing a long list of Hollywood&#8217;s who&#8217;s who, despite only really getting her start in [&hellip;]<\/p>\n","protected":false},"author":285,"featured_media":232209,"comment_status":"open","ping_status":"closed","sticky":false,"template":"single-feature.php","format":"standard","meta":{"_acf_changed":false,"footnotes":""},"categories":[15848,15851],"tags":[18135],"class_list":["post-232232","post","type-post","status-publish","format-standard","has-post-thumbnail","hentry","category-chefs-en","category-nombres-propios-en","tag-kardashian-en","cat-15848-id","cat-15851-id"],"acf":[],"yoast_head":"<!-- This site is optimized with the Yoast SEO plugin v27.4 - https:\/\/yoast.com\/product\/yoast-seo-wordpress\/ -->\n<title>The Kardashian&#039;s private chef talks about her iconic feasts and culinary rituals - Tapas<\/title>\n<meta name=\"description\" content=\"Click here to read the Spanish version. Chef K reveals to PEOPLE how she got her start in the Kardashian-Jenner family kitchen and the details behind the\" \/>\n<meta name=\"robots\" content=\"index, follow, max-snippet:-1, max-image-preview:large, max-video-preview:-1\" \/>\n<link rel=\"canonical\" href=\"https:\/\/www.tapasmagazine.es\/en\/kardashian-private-chef-talks-about-culinary-rituals-parties\/\" \/>\n<meta property=\"og:locale\" content=\"en_US\" \/>\n<meta property=\"og:type\" content=\"article\" \/>\n<meta property=\"og:title\" content=\"The Kardashian&#039;s private chef talks about her iconic feasts and culinary rituals - Tapas\" \/>\n<meta property=\"og:description\" content=\"Click here to read the Spanish version. Chef K reveals to PEOPLE how she got her start in the Kardashian-Jenner family kitchen and the details behind the\" \/>\n<meta property=\"og:url\" content=\"https:\/\/www.tapasmagazine.es\/en\/kardashian-private-chef-talks-about-culinary-rituals-parties\/\" \/>\n<meta property=\"og:site_name\" content=\"Tapas\" \/>\n<meta property=\"article:publisher\" content=\"https:\/\/www.facebook.com\/tapasmagazine\" \/>\n<meta property=\"article:published_time\" content=\"2024-01-29T12:53:25+00:00\" \/>\n<meta property=\"article:modified_time\" content=\"2024-01-29T12:58:09+00:00\" \/>\n<meta property=\"og:image\" content=\"https:\/\/www.tapasmagazine.es\/wp-content\/uploads\/2024\/01\/chef-k-kardashian-1.jpg\" \/>\n\t<meta property=\"og:image:width\" content=\"1200\" \/>\n\t<meta property=\"og:image:height\" content=\"675\" \/>\n\t<meta property=\"og:image:type\" content=\"image\/jpeg\" \/>\n<meta name=\"author\" content=\"Laura P\u00e9rez\" \/>\n<meta name=\"twitter:card\" content=\"summary_large_image\" \/>\n<meta name=\"twitter:creator\" content=\"@TapasMagazine\" \/>\n<meta name=\"twitter:site\" content=\"@TapasMagazine\" \/>\n<meta name=\"twitter:label1\" content=\"Written by\" \/>\n\t<meta name=\"twitter:data1\" content=\"Laura P\u00e9rez\" \/>\n\t<meta name=\"twitter:label2\" content=\"Est. reading time\" \/>\n\t<meta name=\"twitter:data2\" content=\"2 minutes\" \/>\n<script type=\"application\/ld+json\" class=\"yoast-schema-graph\">{\"@context\":\"https:\\\/\\\/schema.org\",\"@graph\":[{\"@type\":\"Article\",\"@id\":\"https:\\\/\\\/www.tapasmagazine.es\\\/en\\\/kardashian-private-chef-talks-about-culinary-rituals-parties\\\/#article\",\"isPartOf\":{\"@id\":\"https:\\\/\\\/www.tapasmagazine.es\\\/en\\\/kardashian-private-chef-talks-about-culinary-rituals-parties\\\/\"},\"author\":{\"name\":\"Laura P\u00e9rez\",\"@id\":\"https:\\\/\\\/www.tapasmagazine.es\\\/#\\\/schema\\\/person\\\/eb46cbe76a9c8f062660eb609e3ecb4e\"},\"headline\":\"The Kardashian&#8217;s private chef talks about her iconic feasts and culinary rituals\",\"datePublished\":\"2024-01-29T12:53:25+00:00\",\"dateModified\":\"2024-01-29T12:58:09+00:00\",\"mainEntityOfPage\":{\"@id\":\"https:\\\/\\\/www.tapasmagazine.es\\\/en\\\/kardashian-private-chef-talks-about-culinary-rituals-parties\\\/\"},\"wordCount\":241,\"commentCount\":0,\"publisher\":{\"@id\":\"https:\\\/\\\/www.tapasmagazine.es\\\/#organization\"},\"image\":{\"@id\":\"https:\\\/\\\/www.tapasmagazine.es\\\/en\\\/kardashian-private-chef-talks-about-culinary-rituals-parties\\\/#primaryimage\"},\"thumbnailUrl\":\"https:\\\/\\\/www.tapasmagazine.es\\\/wp-content\\\/uploads\\\/2024\\\/01\\\/chef-k-kardashian-1.jpg\",\"keywords\":[\"Kardashian\"],\"articleSection\":[\"Chefs\",\"Nombres propios\"],\"inLanguage\":\"en-US\",\"potentialAction\":[{\"@type\":\"CommentAction\",\"name\":\"Comment\",\"target\":[\"https:\\\/\\\/www.tapasmagazine.es\\\/en\\\/kardashian-private-chef-talks-about-culinary-rituals-parties\\\/#respond\"]}]},{\"@type\":\"WebPage\",\"@id\":\"https:\\\/\\\/www.tapasmagazine.es\\\/en\\\/kardashian-private-chef-talks-about-culinary-rituals-parties\\\/\",\"url\":\"https:\\\/\\\/www.tapasmagazine.es\\\/en\\\/kardashian-private-chef-talks-about-culinary-rituals-parties\\\/\",\"name\":\"The Kardashian's private chef talks about her iconic feasts and culinary rituals - Tapas\",\"isPartOf\":{\"@id\":\"https:\\\/\\\/www.tapasmagazine.es\\\/#website\"},\"primaryImageOfPage\":{\"@id\":\"https:\\\/\\\/www.tapasmagazine.es\\\/en\\\/kardashian-private-chef-talks-about-culinary-rituals-parties\\\/#primaryimage\"},\"image\":{\"@id\":\"https:\\\/\\\/www.tapasmagazine.es\\\/en\\\/kardashian-private-chef-talks-about-culinary-rituals-parties\\\/#primaryimage\"},\"thumbnailUrl\":\"https:\\\/\\\/www.tapasmagazine.es\\\/wp-content\\\/uploads\\\/2024\\\/01\\\/chef-k-kardashian-1.jpg\",\"datePublished\":\"2024-01-29T12:53:25+00:00\",\"dateModified\":\"2024-01-29T12:58:09+00:00\",\"description\":\"Click here to read the Spanish version. Chef K reveals to PEOPLE how she got her start in the Kardashian-Jenner family kitchen and the details behind the\",\"breadcrumb\":{\"@id\":\"https:\\\/\\\/www.tapasmagazine.es\\\/en\\\/kardashian-private-chef-talks-about-culinary-rituals-parties\\\/#breadcrumb\"},\"inLanguage\":\"en-US\",\"potentialAction\":[{\"@type\":\"ReadAction\",\"target\":[\"https:\\\/\\\/www.tapasmagazine.es\\\/en\\\/kardashian-private-chef-talks-about-culinary-rituals-parties\\\/\"]}]},{\"@type\":\"ImageObject\",\"inLanguage\":\"en-US\",\"@id\":\"https:\\\/\\\/www.tapasmagazine.es\\\/en\\\/kardashian-private-chef-talks-about-culinary-rituals-parties\\\/#primaryimage\",\"url\":\"https:\\\/\\\/www.tapasmagazine.es\\\/wp-content\\\/uploads\\\/2024\\\/01\\\/chef-k-kardashian-1.jpg\",\"contentUrl\":\"https:\\\/\\\/www.tapasmagazine.es\\\/wp-content\\\/uploads\\\/2024\\\/01\\\/chef-k-kardashian-1.jpg\",\"width\":1200,\"height\":675},{\"@type\":\"BreadcrumbList\",\"@id\":\"https:\\\/\\\/www.tapasmagazine.es\\\/en\\\/kardashian-private-chef-talks-about-culinary-rituals-parties\\\/#breadcrumb\",\"itemListElement\":[{\"@type\":\"ListItem\",\"position\":1,\"name\":\"Portada\",\"item\":\"https:\\\/\\\/www.tapasmagazine.es\\\/\"},{\"@type\":\"ListItem\",\"position\":2,\"name\":\"Nombres propios\",\"item\":\"https:\\\/\\\/www.tapasmagazine.es\\\/en\\\/categorias\\\/nombres-propios-en\\\/\"},{\"@type\":\"ListItem\",\"position\":3,\"name\":\"The Kardashian&#8217;s private chef talks about her iconic feasts and culinary rituals\"}]},{\"@type\":\"WebSite\",\"@id\":\"https:\\\/\\\/www.tapasmagazine.es\\\/#website\",\"url\":\"https:\\\/\\\/www.tapasmagazine.es\\\/\",\"name\":\"Tapas\",\"description\":\"\u00d1am \u00d1am Lifestyle. La vida a bocados. Premio Nacional de Gastronom\u00eda 2016.\",\"publisher\":{\"@id\":\"https:\\\/\\\/www.tapasmagazine.es\\\/#organization\"},\"potentialAction\":[{\"@type\":\"SearchAction\",\"target\":{\"@type\":\"EntryPoint\",\"urlTemplate\":\"https:\\\/\\\/www.tapasmagazine.es\\\/?s={search_term_string}\"},\"query-input\":{\"@type\":\"PropertyValueSpecification\",\"valueRequired\":true,\"valueName\":\"search_term_string\"}}],\"inLanguage\":\"en-US\"},{\"@type\":\"Organization\",\"@id\":\"https:\\\/\\\/www.tapasmagazine.es\\\/#organization\",\"name\":\"Tapas Magazine\",\"url\":\"https:\\\/\\\/www.tapasmagazine.es\\\/\",\"logo\":{\"@type\":\"ImageObject\",\"inLanguage\":\"en-US\",\"@id\":\"https:\\\/\\\/www.tapasmagazine.es\\\/#\\\/schema\\\/logo\\\/image\\\/\",\"url\":\"https:\\\/\\\/www.tapasmagazine.es\\\/wp-content\\\/uploads\\\/2018\\\/01\\\/logo.png\",\"contentUrl\":\"https:\\\/\\\/www.tapasmagazine.es\\\/wp-content\\\/uploads\\\/2018\\\/01\\\/logo.png\",\"width\":180,\"height\":60,\"caption\":\"Tapas Magazine\"},\"image\":{\"@id\":\"https:\\\/\\\/www.tapasmagazine.es\\\/#\\\/schema\\\/logo\\\/image\\\/\"},\"sameAs\":[\"https:\\\/\\\/www.facebook.com\\\/tapasmagazine\",\"https:\\\/\\\/x.com\\\/TapasMagazine\",\"https:\\\/\\\/www.instagram.com\\\/tapasmagazine\\\/\",\"https:\\\/\\\/www.linkedin.com\\\/company\\\/tapas-magazine\",\"https:\\\/\\\/es.pinterest.com\\\/tapasmagazine\\\/\",\"https:\\\/\\\/www.youtube.com\\\/channel\\\/UCEyxneAaACuR0lfDagrWjjg?sub_confirmation=1\"]},{\"@type\":\"Person\",\"@id\":\"https:\\\/\\\/www.tapasmagazine.es\\\/#\\\/schema\\\/person\\\/eb46cbe76a9c8f062660eb609e3ecb4e\",\"name\":\"Laura P\u00e9rez\",\"url\":\"https:\\\/\\\/www.tapasmagazine.es\\\/en\\\/author\\\/laura-perez\\\/\"}]}<\/script>\n<!-- \/ Yoast SEO plugin. -->","yoast_head_json":{"title":"The Kardashian's private chef talks about her iconic feasts and culinary rituals - Tapas","description":"Click here to read the Spanish version. Chef K reveals to PEOPLE how she got her start in the Kardashian-Jenner family kitchen and the details behind the","robots":{"index":"index","follow":"follow","max-snippet":"max-snippet:-1","max-image-preview":"max-image-preview:large","max-video-preview":"max-video-preview:-1"},"canonical":"https:\/\/www.tapasmagazine.es\/en\/kardashian-private-chef-talks-about-culinary-rituals-parties\/","og_locale":"en_US","og_type":"article","og_title":"The Kardashian's private chef talks about her iconic feasts and culinary rituals - Tapas","og_description":"Click here to read the Spanish version. Chef K reveals to PEOPLE how she got her start in the Kardashian-Jenner family kitchen and the details behind the","og_url":"https:\/\/www.tapasmagazine.es\/en\/kardashian-private-chef-talks-about-culinary-rituals-parties\/","og_site_name":"Tapas","article_publisher":"https:\/\/www.facebook.com\/tapasmagazine","article_published_time":"2024-01-29T12:53:25+00:00","article_modified_time":"2024-01-29T12:58:09+00:00","og_image":[{"width":1200,"height":675,"url":"https:\/\/www.tapasmagazine.es\/wp-content\/uploads\/2024\/01\/chef-k-kardashian-1.jpg","type":"image\/jpeg"}],"author":"Laura P\u00e9rez","twitter_card":"summary_large_image","twitter_creator":"@TapasMagazine","twitter_site":"@TapasMagazine","twitter_misc":{"Written by":"Laura P\u00e9rez","Est. reading time":"2 minutes"},"schema":{"@context":"https:\/\/schema.org","@graph":[{"@type":"Article","@id":"https:\/\/www.tapasmagazine.es\/en\/kardashian-private-chef-talks-about-culinary-rituals-parties\/#article","isPartOf":{"@id":"https:\/\/www.tapasmagazine.es\/en\/kardashian-private-chef-talks-about-culinary-rituals-parties\/"},"author":{"name":"Laura P\u00e9rez","@id":"https:\/\/www.tapasmagazine.es\/#\/schema\/person\/eb46cbe76a9c8f062660eb609e3ecb4e"},"headline":"The Kardashian&#8217;s private chef talks about her iconic feasts and culinary rituals","datePublished":"2024-01-29T12:53:25+00:00","dateModified":"2024-01-29T12:58:09+00:00","mainEntityOfPage":{"@id":"https:\/\/www.tapasmagazine.es\/en\/kardashian-private-chef-talks-about-culinary-rituals-parties\/"},"wordCount":241,"commentCount":0,"publisher":{"@id":"https:\/\/www.tapasmagazine.es\/#organization"},"image":{"@id":"https:\/\/www.tapasmagazine.es\/en\/kardashian-private-chef-talks-about-culinary-rituals-parties\/#primaryimage"},"thumbnailUrl":"https:\/\/www.tapasmagazine.es\/wp-content\/uploads\/2024\/01\/chef-k-kardashian-1.jpg","keywords":["Kardashian"],"articleSection":["Chefs","Nombres propios"],"inLanguage":"en-US","potentialAction":[{"@type":"CommentAction","name":"Comment","target":["https:\/\/www.tapasmagazine.es\/en\/kardashian-private-chef-talks-about-culinary-rituals-parties\/#respond"]}]},{"@type":"WebPage","@id":"https:\/\/www.tapasmagazine.es\/en\/kardashian-private-chef-talks-about-culinary-rituals-parties\/","url":"https:\/\/www.tapasmagazine.es\/en\/kardashian-private-chef-talks-about-culinary-rituals-parties\/","name":"The Kardashian's private chef talks about her iconic feasts and culinary rituals - Tapas","isPartOf":{"@id":"https:\/\/www.tapasmagazine.es\/#website"},"primaryImageOfPage":{"@id":"https:\/\/www.tapasmagazine.es\/en\/kardashian-private-chef-talks-about-culinary-rituals-parties\/#primaryimage"},"image":{"@id":"https:\/\/www.tapasmagazine.es\/en\/kardashian-private-chef-talks-about-culinary-rituals-parties\/#primaryimage"},"thumbnailUrl":"https:\/\/www.tapasmagazine.es\/wp-content\/uploads\/2024\/01\/chef-k-kardashian-1.jpg","datePublished":"2024-01-29T12:53:25+00:00","dateModified":"2024-01-29T12:58:09+00:00","description":"Click here to read the Spanish version. Chef K reveals to PEOPLE how she got her start in the Kardashian-Jenner family kitchen and the details behind the","breadcrumb":{"@id":"https:\/\/www.tapasmagazine.es\/en\/kardashian-private-chef-talks-about-culinary-rituals-parties\/#breadcrumb"},"inLanguage":"en-US","potentialAction":[{"@type":"ReadAction","target":["https:\/\/www.tapasmagazine.es\/en\/kardashian-private-chef-talks-about-culinary-rituals-parties\/"]}]},{"@type":"ImageObject","inLanguage":"en-US","@id":"https:\/\/www.tapasmagazine.es\/en\/kardashian-private-chef-talks-about-culinary-rituals-parties\/#primaryimage","url":"https:\/\/www.tapasmagazine.es\/wp-content\/uploads\/2024\/01\/chef-k-kardashian-1.jpg","contentUrl":"https:\/\/www.tapasmagazine.es\/wp-content\/uploads\/2024\/01\/chef-k-kardashian-1.jpg","width":1200,"height":675},{"@type":"BreadcrumbList","@id":"https:\/\/www.tapasmagazine.es\/en\/kardashian-private-chef-talks-about-culinary-rituals-parties\/#breadcrumb","itemListElement":[{"@type":"ListItem","position":1,"name":"Portada","item":"https:\/\/www.tapasmagazine.es\/"},{"@type":"ListItem","position":2,"name":"Nombres propios","item":"https:\/\/www.tapasmagazine.es\/en\/categorias\/nombres-propios-en\/"},{"@type":"ListItem","position":3,"name":"The Kardashian&#8217;s private chef talks about her iconic feasts and culinary rituals"}]},{"@type":"WebSite","@id":"https:\/\/www.tapasmagazine.es\/#website","url":"https:\/\/www.tapasmagazine.es\/","name":"Tapas","description":"\u00d1am \u00d1am Lifestyle. La vida a bocados. Premio Nacional de Gastronom\u00eda 2016.","publisher":{"@id":"https:\/\/www.tapasmagazine.es\/#organization"},"potentialAction":[{"@type":"SearchAction","target":{"@type":"EntryPoint","urlTemplate":"https:\/\/www.tapasmagazine.es\/?s={search_term_string}"},"query-input":{"@type":"PropertyValueSpecification","valueRequired":true,"valueName":"search_term_string"}}],"inLanguage":"en-US"},{"@type":"Organization","@id":"https:\/\/www.tapasmagazine.es\/#organization","name":"Tapas Magazine","url":"https:\/\/www.tapasmagazine.es\/","logo":{"@type":"ImageObject","inLanguage":"en-US","@id":"https:\/\/www.tapasmagazine.es\/#\/schema\/logo\/image\/","url":"https:\/\/www.tapasmagazine.es\/wp-content\/uploads\/2018\/01\/logo.png","contentUrl":"https:\/\/www.tapasmagazine.es\/wp-content\/uploads\/2018\/01\/logo.png","width":180,"height":60,"caption":"Tapas Magazine"},"image":{"@id":"https:\/\/www.tapasmagazine.es\/#\/schema\/logo\/image\/"},"sameAs":["https:\/\/www.facebook.com\/tapasmagazine","https:\/\/x.com\/TapasMagazine","https:\/\/www.instagram.com\/tapasmagazine\/","https:\/\/www.linkedin.com\/company\/tapas-magazine","https:\/\/es.pinterest.com\/tapasmagazine\/","https:\/\/www.youtube.com\/channel\/UCEyxneAaACuR0lfDagrWjjg?sub_confirmation=1"]},{"@type":"Person","@id":"https:\/\/www.tapasmagazine.es\/#\/schema\/person\/eb46cbe76a9c8f062660eb609e3ecb4e","name":"Laura P\u00e9rez","url":"https:\/\/www.tapasmagazine.es\/en\/author\/laura-perez\/"}]}},"_links":{"self":[{"href":"https:\/\/www.tapasmagazine.es\/en\/wp-json\/wp\/v2\/posts\/232232","targetHints":{"allow":["GET"]}}],"collection":[{"href":"https:\/\/www.tapasmagazine.es\/en\/wp-json\/wp\/v2\/posts"}],"about":[{"href":"https:\/\/www.tapasmagazine.es\/en\/wp-json\/wp\/v2\/types\/post"}],"author":[{"embeddable":true,"href":"https:\/\/www.tapasmagazine.es\/en\/wp-json\/wp\/v2\/users\/285"}],"replies":[{"embeddable":true,"href":"https:\/\/www.tapasmagazine.es\/en\/wp-json\/wp\/v2\/comments?post=232232"}],"version-history":[{"count":5,"href":"https:\/\/www.tapasmagazine.es\/en\/wp-json\/wp\/v2\/posts\/232232\/revisions"}],"predecessor-version":[{"id":232239,"href":"https:\/\/www.tapasmagazine.es\/en\/wp-json\/wp\/v2\/posts\/232232\/revisions\/232239"}],"wp:featuredmedia":[{"embeddable":true,"href":"https:\/\/www.tapasmagazine.es\/en\/wp-json\/wp\/v2\/media\/232209"}],"wp:attachment":[{"href":"https:\/\/www.tapasmagazine.es\/en\/wp-json\/wp\/v2\/media?parent=232232"}],"wp:term":[{"taxonomy":"category","embeddable":true,"href":"https:\/\/www.tapasmagazine.es\/en\/wp-json\/wp\/v2\/categories?post=232232"},{"taxonomy":"post_tag","embeddable":true,"href":"https:\/\/www.tapasmagazine.es\/en\/wp-json\/wp\/v2\/tags?post=232232"}],"curies":[{"name":"wp","href":"https:\/\/api.w.org\/{rel}","templated":true}]}}