{"id":231664,"date":"2024-01-24T11:45:54","date_gmt":"2024-01-24T10:45:54","guid":{"rendered":"https:\/\/www.tapasmagazine.es\/la-marca-blanca-consiguio-record-en-2023-aunque-ralentizara-su-crecimiento-este-ano\/"},"modified":"2024-01-25T11:14:37","modified_gmt":"2024-01-25T10:14:37","slug":"the-private-label-achieved-a-record-high-in-2023-but-will-slow-its-growth-this-year","status":"publish","type":"post","link":"https:\/\/www.tapasmagazine.es\/en\/the-private-label-achieved-a-record-high-in-2023-but-will-slow-its-growth-this-year\/","title":{"rendered":"The private label achieved a record high in 2023, but will slow its growth this year"},"content":{"rendered":"\n<p><strong>Click <a href=\"https:\/\/www.tapasmagazine.es\/la-marca-blanca-consiguio-record-en-2023-aunque-ralentizara-su-crecimiento-este-ano\/\" target=\"_blank\" rel=\"noreferrer noopener\">here<\/a> to read the Spanish version.<\/strong><br>In a context marked by inflation and constant price increases, private label brands have been favored, reaching a historical share of 43.7% in 2023, a record figure achieved in particular by the Lidl, Mercadona, Aldi and Dia chains.<\/p>\n\n\n\n<figure class=\"wp-block-image size-large\"><a href=\"https:\/\/www.tapasmagazine.es\/wp-content\/uploads\/2024\/01\/Lidl-11.jpg\"><img decoding=\"async\" width=\"1024\" height=\"576\" src=\"https:\/\/www.tapasmagazine.es\/wp-content\/uploads\/2024\/01\/Lidl-11-1024x576.jpg\" alt=\"\" class=\"wp-image-231667\" srcset=\"https:\/\/www.tapasmagazine.es\/wp-content\/uploads\/2024\/01\/Lidl-11-1024x576.jpg 1024w, https:\/\/www.tapasmagazine.es\/wp-content\/uploads\/2024\/01\/Lidl-11-300x169.jpg 300w, https:\/\/www.tapasmagazine.es\/wp-content\/uploads\/2024\/01\/Lidl-11-768x432.jpg 768w, https:\/\/www.tapasmagazine.es\/wp-content\/uploads\/2024\/01\/Lidl-11-1000x563.jpg 1000w, https:\/\/www.tapasmagazine.es\/wp-content\/uploads\/2024\/01\/Lidl-11-400x225.jpg 400w, https:\/\/www.tapasmagazine.es\/wp-content\/uploads\/2024\/01\/Lidl-11.jpg 1200w\" sizes=\"(max-width: 1024px) 100vw, 1024px\" \/><\/a><\/figure>\n\n\n\n<p>Lidl is the leader in terms of sales of its private label, since last year the German chain&#8217;s own brand accounted for 82.1% of sales by value. It is closely followed by Mercadona, with 74.8%. Aldi and Grupo Dia also have higher sales for their private label than for the manufacturer&#8217;s brand, obtaining 69.3% and 68.7%, respectively.<\/p>\n\n\n\n<figure class=\"wp-block-image size-large\"><a href=\"https:\/\/www.tapasmagazine.es\/wp-content\/uploads\/2024\/01\/mercadona-11.jpg\"><img decoding=\"async\" width=\"1024\" height=\"576\" src=\"https:\/\/www.tapasmagazine.es\/wp-content\/uploads\/2024\/01\/mercadona-11-1024x576.jpg\" alt=\"\" class=\"wp-image-231669\" srcset=\"https:\/\/www.tapasmagazine.es\/wp-content\/uploads\/2024\/01\/mercadona-11-1024x576.jpg 1024w, https:\/\/www.tapasmagazine.es\/wp-content\/uploads\/2024\/01\/mercadona-11-300x169.jpg 300w, https:\/\/www.tapasmagazine.es\/wp-content\/uploads\/2024\/01\/mercadona-11-768x432.jpg 768w, https:\/\/www.tapasmagazine.es\/wp-content\/uploads\/2024\/01\/mercadona-11-1000x563.jpg 1000w, https:\/\/www.tapasmagazine.es\/wp-content\/uploads\/2024\/01\/mercadona-11-400x225.jpg 400w, https:\/\/www.tapasmagazine.es\/wp-content\/uploads\/2024\/01\/mercadona-11.jpg 1200w\" sizes=\"(max-width: 1024px) 100vw, 1024px\" \/><\/a><\/figure>\n\n\n\n<p>Overall, private label has gained almost five points in market share in two years, driven by rising prices. C\u00e9sar Valencoso, director of Consumer Insights at Kantar Worldpanel, explained that private label prices have risen more than those of manufacturers and that all retailers in Spain have raised their own brand &#8220;without exception and all aligned&#8221; by the competition in the food sector. &#8220;Almost half of them have already stopped raising prices and we presume that this will not happen in the future. What is to be expected is that some of them will start to slow down their private label, so their growth will slow down,&#8221; he explained.<\/p>\n\n\n\n<h2 class=\"wp-block-heading\">It will continue to rise but stabilize and slow down<\/h2>\n\n\n\n<p>The consulting firm Kantar Worldpanel forecasts that by 2024 there will be a new cycle marked by stability with stable volume, moderate growth of the retail brand and the recovery of trends that were already occurring before the pandemic. &#8220;This year will probably be one of transition, where we believe we will be moving from a situation of crisis to one of more normality, which will obviously continue to have its challenges,&#8221; he said.<\/p>\n\n\n\n<figure class=\"wp-block-image size-large\"><a href=\"https:\/\/www.tapasmagazine.es\/wp-content\/uploads\/2024\/01\/mercadona-marca-blanca.jpg\"><img decoding=\"async\" width=\"1024\" height=\"576\" src=\"https:\/\/www.tapasmagazine.es\/wp-content\/uploads\/2024\/01\/mercadona-marca-blanca-1024x576.jpg\" alt=\"\" class=\"wp-image-231671\" srcset=\"https:\/\/www.tapasmagazine.es\/wp-content\/uploads\/2024\/01\/mercadona-marca-blanca-1024x576.jpg 1024w, https:\/\/www.tapasmagazine.es\/wp-content\/uploads\/2024\/01\/mercadona-marca-blanca-300x169.jpg 300w, https:\/\/www.tapasmagazine.es\/wp-content\/uploads\/2024\/01\/mercadona-marca-blanca-768x432.jpg 768w, https:\/\/www.tapasmagazine.es\/wp-content\/uploads\/2024\/01\/mercadona-marca-blanca-1000x563.jpg 1000w, https:\/\/www.tapasmagazine.es\/wp-content\/uploads\/2024\/01\/mercadona-marca-blanca-400x225.jpg 400w, https:\/\/www.tapasmagazine.es\/wp-content\/uploads\/2024\/01\/mercadona-marca-blanca.jpg 1200w\" sizes=\"(max-width: 1024px) 100vw, 1024px\" \/><\/a><\/figure>\n\n\n\n<p>Among the trends that will occur this year, he also speaks of the transfer of sales volumes from the specialist to the dynamic channel, the decrease in food waste or the progressive consolidation of prepared options and delivery. Of the total volume lost by mass consumption, 14.5% is due to the continuous transfer of sales from the specialist and small retail channel to the dynamic channel, a long-standing trend that is expected to continue in 2024 and beyond.<\/p>\n\n\n\n<p>As such, major operators are expected to invest more in key levers, such as advertising, promotion and innovation, which should gain momentum in 2024, especially as an opportunity for brands to differentiate themselves and generate growth.<\/p>\n","protected":false},"excerpt":{"rendered":"<p>Click here to read the Spanish version.In a context marked by inflation and constant price increases, private label brands have been favored, reaching a historical share of 43.7% in 2023, a record figure achieved in particular by the Lidl, Mercadona, Aldi and Dia chains. Lidl is the leader in terms of sales of its private [&hellip;]<\/p>\n","protected":false},"author":249,"featured_media":231666,"comment_status":"closed","ping_status":"closed","sticky":false,"template":"single-feature.php","format":"standard","meta":{"_acf_changed":false,"footnotes":""},"categories":[15802],"tags":[],"class_list":["post-231664","post","type-post","status-publish","format-standard","has-post-thumbnail","hentry","category-news","cat-15802-id"],"acf":[],"yoast_head":"<!-- This site is optimized with the Yoast SEO plugin v27.5 - https:\/\/yoast.com\/product\/yoast-seo-wordpress\/ -->\n<title>The private label achieved a record high in 2023, but will slow its growth this year - Tapas<\/title>\n<meta name=\"description\" content=\"Click here to read the Spanish version.In a context marked by inflation and constant price increases, private label brands have been favored, reaching a\" \/>\n<meta name=\"robots\" content=\"index, follow, max-snippet:-1, max-image-preview:large, max-video-preview:-1\" \/>\n<link rel=\"canonical\" href=\"https:\/\/www.tapasmagazine.es\/en\/the-private-label-achieved-a-record-high-in-2023-but-will-slow-its-growth-this-year\/\" \/>\n<meta property=\"og:locale\" content=\"en_US\" \/>\n<meta property=\"og:type\" content=\"article\" \/>\n<meta property=\"og:title\" content=\"The private label achieved a record high in 2023, but will slow its growth this year - Tapas\" \/>\n<meta property=\"og:description\" content=\"Click here to read the Spanish version.In a context marked by inflation and constant price increases, private label brands have been favored, reaching a\" \/>\n<meta property=\"og:url\" content=\"https:\/\/www.tapasmagazine.es\/en\/the-private-label-achieved-a-record-high-in-2023-but-will-slow-its-growth-this-year\/\" \/>\n<meta property=\"og:site_name\" content=\"Tapas\" \/>\n<meta property=\"article:publisher\" content=\"https:\/\/www.facebook.com\/tapasmagazine\" \/>\n<meta property=\"article:published_time\" content=\"2024-01-24T10:45:54+00:00\" \/>\n<meta property=\"article:modified_time\" content=\"2024-01-25T10:14:37+00:00\" \/>\n<meta property=\"og:image\" content=\"https:\/\/www.tapasmagazine.es\/wp-content\/uploads\/2024\/01\/Lidl-Marca-blanca.jpg\" \/>\n\t<meta property=\"og:image:width\" content=\"1200\" \/>\n\t<meta property=\"og:image:height\" content=\"675\" \/>\n\t<meta property=\"og:image:type\" content=\"image\/jpeg\" \/>\n<meta name=\"author\" content=\"TAPAS\" \/>\n<meta name=\"twitter:card\" content=\"summary_large_image\" \/>\n<meta name=\"twitter:creator\" content=\"@TapasMagazine\" \/>\n<meta name=\"twitter:site\" content=\"@TapasMagazine\" \/>\n<meta name=\"twitter:label1\" content=\"Written by\" \/>\n\t<meta name=\"twitter:data1\" content=\"TAPAS\" \/>\n\t<meta name=\"twitter:label2\" content=\"Est. reading time\" \/>\n\t<meta name=\"twitter:data2\" content=\"3 minutes\" \/>\n<script type=\"application\/ld+json\" class=\"yoast-schema-graph\">{\"@context\":\"https:\\\/\\\/schema.org\",\"@graph\":[{\"@type\":\"Article\",\"@id\":\"https:\\\/\\\/www.tapasmagazine.es\\\/en\\\/the-private-label-achieved-a-record-high-in-2023-but-will-slow-its-growth-this-year\\\/#article\",\"isPartOf\":{\"@id\":\"https:\\\/\\\/www.tapasmagazine.es\\\/en\\\/the-private-label-achieved-a-record-high-in-2023-but-will-slow-its-growth-this-year\\\/\"},\"author\":{\"name\":\"TAPAS\",\"@id\":\"https:\\\/\\\/www.tapasmagazine.es\\\/#\\\/schema\\\/person\\\/906ea2ea4697837608d99f4cc085cea3\"},\"headline\":\"The private label achieved a record high in 2023, but will slow its growth this year\",\"datePublished\":\"2024-01-24T10:45:54+00:00\",\"dateModified\":\"2024-01-25T10:14:37+00:00\",\"mainEntityOfPage\":{\"@id\":\"https:\\\/\\\/www.tapasmagazine.es\\\/en\\\/the-private-label-achieved-a-record-high-in-2023-but-will-slow-its-growth-this-year\\\/\"},\"wordCount\":416,\"publisher\":{\"@id\":\"https:\\\/\\\/www.tapasmagazine.es\\\/#organization\"},\"image\":{\"@id\":\"https:\\\/\\\/www.tapasmagazine.es\\\/en\\\/the-private-label-achieved-a-record-high-in-2023-but-will-slow-its-growth-this-year\\\/#primaryimage\"},\"thumbnailUrl\":\"https:\\\/\\\/www.tapasmagazine.es\\\/wp-content\\\/uploads\\\/2024\\\/01\\\/Lidl-Marca-blanca.jpg\",\"articleSection\":[\"News\"],\"inLanguage\":\"en-US\"},{\"@type\":\"WebPage\",\"@id\":\"https:\\\/\\\/www.tapasmagazine.es\\\/en\\\/the-private-label-achieved-a-record-high-in-2023-but-will-slow-its-growth-this-year\\\/\",\"url\":\"https:\\\/\\\/www.tapasmagazine.es\\\/en\\\/the-private-label-achieved-a-record-high-in-2023-but-will-slow-its-growth-this-year\\\/\",\"name\":\"The private label achieved a record high in 2023, but will slow its growth this year - Tapas\",\"isPartOf\":{\"@id\":\"https:\\\/\\\/www.tapasmagazine.es\\\/#website\"},\"primaryImageOfPage\":{\"@id\":\"https:\\\/\\\/www.tapasmagazine.es\\\/en\\\/the-private-label-achieved-a-record-high-in-2023-but-will-slow-its-growth-this-year\\\/#primaryimage\"},\"image\":{\"@id\":\"https:\\\/\\\/www.tapasmagazine.es\\\/en\\\/the-private-label-achieved-a-record-high-in-2023-but-will-slow-its-growth-this-year\\\/#primaryimage\"},\"thumbnailUrl\":\"https:\\\/\\\/www.tapasmagazine.es\\\/wp-content\\\/uploads\\\/2024\\\/01\\\/Lidl-Marca-blanca.jpg\",\"datePublished\":\"2024-01-24T10:45:54+00:00\",\"dateModified\":\"2024-01-25T10:14:37+00:00\",\"description\":\"Click here to read the Spanish version.In a context marked by inflation and constant price increases, private label brands have been favored, reaching a\",\"breadcrumb\":{\"@id\":\"https:\\\/\\\/www.tapasmagazine.es\\\/en\\\/the-private-label-achieved-a-record-high-in-2023-but-will-slow-its-growth-this-year\\\/#breadcrumb\"},\"inLanguage\":\"en-US\",\"potentialAction\":[{\"@type\":\"ReadAction\",\"target\":[\"https:\\\/\\\/www.tapasmagazine.es\\\/en\\\/the-private-label-achieved-a-record-high-in-2023-but-will-slow-its-growth-this-year\\\/\"]}]},{\"@type\":\"ImageObject\",\"inLanguage\":\"en-US\",\"@id\":\"https:\\\/\\\/www.tapasmagazine.es\\\/en\\\/the-private-label-achieved-a-record-high-in-2023-but-will-slow-its-growth-this-year\\\/#primaryimage\",\"url\":\"https:\\\/\\\/www.tapasmagazine.es\\\/wp-content\\\/uploads\\\/2024\\\/01\\\/Lidl-Marca-blanca.jpg\",\"contentUrl\":\"https:\\\/\\\/www.tapasmagazine.es\\\/wp-content\\\/uploads\\\/2024\\\/01\\\/Lidl-Marca-blanca.jpg\",\"width\":1200,\"height\":675},{\"@type\":\"BreadcrumbList\",\"@id\":\"https:\\\/\\\/www.tapasmagazine.es\\\/en\\\/the-private-label-achieved-a-record-high-in-2023-but-will-slow-its-growth-this-year\\\/#breadcrumb\",\"itemListElement\":[{\"@type\":\"ListItem\",\"position\":1,\"name\":\"Portada\",\"item\":\"https:\\\/\\\/www.tapasmagazine.es\\\/\"},{\"@type\":\"ListItem\",\"position\":2,\"name\":\"News\",\"item\":\"https:\\\/\\\/www.tapasmagazine.es\\\/en\\\/categorias\\\/news\\\/\"},{\"@type\":\"ListItem\",\"position\":3,\"name\":\"The private label achieved a record high in 2023, but will slow its growth this year\"}]},{\"@type\":\"WebSite\",\"@id\":\"https:\\\/\\\/www.tapasmagazine.es\\\/#website\",\"url\":\"https:\\\/\\\/www.tapasmagazine.es\\\/\",\"name\":\"Tapas\",\"description\":\"\u00d1am \u00d1am Lifestyle. La vida a bocados. Premio Nacional de Gastronom\u00eda 2016.\",\"publisher\":{\"@id\":\"https:\\\/\\\/www.tapasmagazine.es\\\/#organization\"},\"potentialAction\":[{\"@type\":\"SearchAction\",\"target\":{\"@type\":\"EntryPoint\",\"urlTemplate\":\"https:\\\/\\\/www.tapasmagazine.es\\\/?s={search_term_string}\"},\"query-input\":{\"@type\":\"PropertyValueSpecification\",\"valueRequired\":true,\"valueName\":\"search_term_string\"}}],\"inLanguage\":\"en-US\"},{\"@type\":\"Organization\",\"@id\":\"https:\\\/\\\/www.tapasmagazine.es\\\/#organization\",\"name\":\"Tapas Magazine\",\"url\":\"https:\\\/\\\/www.tapasmagazine.es\\\/\",\"logo\":{\"@type\":\"ImageObject\",\"inLanguage\":\"en-US\",\"@id\":\"https:\\\/\\\/www.tapasmagazine.es\\\/#\\\/schema\\\/logo\\\/image\\\/\",\"url\":\"https:\\\/\\\/www.tapasmagazine.es\\\/wp-content\\\/uploads\\\/2018\\\/01\\\/logo.png\",\"contentUrl\":\"https:\\\/\\\/www.tapasmagazine.es\\\/wp-content\\\/uploads\\\/2018\\\/01\\\/logo.png\",\"width\":180,\"height\":60,\"caption\":\"Tapas Magazine\"},\"image\":{\"@id\":\"https:\\\/\\\/www.tapasmagazine.es\\\/#\\\/schema\\\/logo\\\/image\\\/\"},\"sameAs\":[\"https:\\\/\\\/www.facebook.com\\\/tapasmagazine\",\"https:\\\/\\\/x.com\\\/TapasMagazine\",\"https:\\\/\\\/www.instagram.com\\\/tapasmagazine\\\/\",\"https:\\\/\\\/www.linkedin.com\\\/company\\\/tapas-magazine\",\"https:\\\/\\\/es.pinterest.com\\\/tapasmagazine\\\/\",\"https:\\\/\\\/www.youtube.com\\\/channel\\\/UCEyxneAaACuR0lfDagrWjjg?sub_confirmation=1\"]},{\"@type\":\"Person\",\"@id\":\"https:\\\/\\\/www.tapasmagazine.es\\\/#\\\/schema\\\/person\\\/906ea2ea4697837608d99f4cc085cea3\",\"name\":\"TAPAS\",\"url\":\"https:\\\/\\\/www.tapasmagazine.es\\\/en\\\/author\\\/tapas\\\/\"}]}<\/script>\n<!-- \/ Yoast SEO plugin. -->","yoast_head_json":{"title":"The private label achieved a record high in 2023, but will slow its growth this year - Tapas","description":"Click here to read the Spanish version.In a context marked by inflation and constant price increases, private label brands have been favored, reaching a","robots":{"index":"index","follow":"follow","max-snippet":"max-snippet:-1","max-image-preview":"max-image-preview:large","max-video-preview":"max-video-preview:-1"},"canonical":"https:\/\/www.tapasmagazine.es\/en\/the-private-label-achieved-a-record-high-in-2023-but-will-slow-its-growth-this-year\/","og_locale":"en_US","og_type":"article","og_title":"The private label achieved a record high in 2023, but will slow its growth this year - Tapas","og_description":"Click here to read the Spanish version.In a context marked by inflation and constant price increases, private label brands have been favored, reaching a","og_url":"https:\/\/www.tapasmagazine.es\/en\/the-private-label-achieved-a-record-high-in-2023-but-will-slow-its-growth-this-year\/","og_site_name":"Tapas","article_publisher":"https:\/\/www.facebook.com\/tapasmagazine","article_published_time":"2024-01-24T10:45:54+00:00","article_modified_time":"2024-01-25T10:14:37+00:00","og_image":[{"width":1200,"height":675,"url":"https:\/\/www.tapasmagazine.es\/wp-content\/uploads\/2024\/01\/Lidl-Marca-blanca.jpg","type":"image\/jpeg"}],"author":"TAPAS","twitter_card":"summary_large_image","twitter_creator":"@TapasMagazine","twitter_site":"@TapasMagazine","twitter_misc":{"Written by":"TAPAS","Est. reading time":"3 minutes"},"schema":{"@context":"https:\/\/schema.org","@graph":[{"@type":"Article","@id":"https:\/\/www.tapasmagazine.es\/en\/the-private-label-achieved-a-record-high-in-2023-but-will-slow-its-growth-this-year\/#article","isPartOf":{"@id":"https:\/\/www.tapasmagazine.es\/en\/the-private-label-achieved-a-record-high-in-2023-but-will-slow-its-growth-this-year\/"},"author":{"name":"TAPAS","@id":"https:\/\/www.tapasmagazine.es\/#\/schema\/person\/906ea2ea4697837608d99f4cc085cea3"},"headline":"The private label achieved a record high in 2023, but will slow its growth this year","datePublished":"2024-01-24T10:45:54+00:00","dateModified":"2024-01-25T10:14:37+00:00","mainEntityOfPage":{"@id":"https:\/\/www.tapasmagazine.es\/en\/the-private-label-achieved-a-record-high-in-2023-but-will-slow-its-growth-this-year\/"},"wordCount":416,"publisher":{"@id":"https:\/\/www.tapasmagazine.es\/#organization"},"image":{"@id":"https:\/\/www.tapasmagazine.es\/en\/the-private-label-achieved-a-record-high-in-2023-but-will-slow-its-growth-this-year\/#primaryimage"},"thumbnailUrl":"https:\/\/www.tapasmagazine.es\/wp-content\/uploads\/2024\/01\/Lidl-Marca-blanca.jpg","articleSection":["News"],"inLanguage":"en-US"},{"@type":"WebPage","@id":"https:\/\/www.tapasmagazine.es\/en\/the-private-label-achieved-a-record-high-in-2023-but-will-slow-its-growth-this-year\/","url":"https:\/\/www.tapasmagazine.es\/en\/the-private-label-achieved-a-record-high-in-2023-but-will-slow-its-growth-this-year\/","name":"The private label achieved a record high in 2023, but will slow its growth this year - Tapas","isPartOf":{"@id":"https:\/\/www.tapasmagazine.es\/#website"},"primaryImageOfPage":{"@id":"https:\/\/www.tapasmagazine.es\/en\/the-private-label-achieved-a-record-high-in-2023-but-will-slow-its-growth-this-year\/#primaryimage"},"image":{"@id":"https:\/\/www.tapasmagazine.es\/en\/the-private-label-achieved-a-record-high-in-2023-but-will-slow-its-growth-this-year\/#primaryimage"},"thumbnailUrl":"https:\/\/www.tapasmagazine.es\/wp-content\/uploads\/2024\/01\/Lidl-Marca-blanca.jpg","datePublished":"2024-01-24T10:45:54+00:00","dateModified":"2024-01-25T10:14:37+00:00","description":"Click here to read the Spanish version.In a context marked by inflation and constant price increases, private label brands have been favored, reaching a","breadcrumb":{"@id":"https:\/\/www.tapasmagazine.es\/en\/the-private-label-achieved-a-record-high-in-2023-but-will-slow-its-growth-this-year\/#breadcrumb"},"inLanguage":"en-US","potentialAction":[{"@type":"ReadAction","target":["https:\/\/www.tapasmagazine.es\/en\/the-private-label-achieved-a-record-high-in-2023-but-will-slow-its-growth-this-year\/"]}]},{"@type":"ImageObject","inLanguage":"en-US","@id":"https:\/\/www.tapasmagazine.es\/en\/the-private-label-achieved-a-record-high-in-2023-but-will-slow-its-growth-this-year\/#primaryimage","url":"https:\/\/www.tapasmagazine.es\/wp-content\/uploads\/2024\/01\/Lidl-Marca-blanca.jpg","contentUrl":"https:\/\/www.tapasmagazine.es\/wp-content\/uploads\/2024\/01\/Lidl-Marca-blanca.jpg","width":1200,"height":675},{"@type":"BreadcrumbList","@id":"https:\/\/www.tapasmagazine.es\/en\/the-private-label-achieved-a-record-high-in-2023-but-will-slow-its-growth-this-year\/#breadcrumb","itemListElement":[{"@type":"ListItem","position":1,"name":"Portada","item":"https:\/\/www.tapasmagazine.es\/"},{"@type":"ListItem","position":2,"name":"News","item":"https:\/\/www.tapasmagazine.es\/en\/categorias\/news\/"},{"@type":"ListItem","position":3,"name":"The private label achieved a record high in 2023, but will slow its growth this year"}]},{"@type":"WebSite","@id":"https:\/\/www.tapasmagazine.es\/#website","url":"https:\/\/www.tapasmagazine.es\/","name":"Tapas","description":"\u00d1am \u00d1am Lifestyle. La vida a bocados. Premio Nacional de Gastronom\u00eda 2016.","publisher":{"@id":"https:\/\/www.tapasmagazine.es\/#organization"},"potentialAction":[{"@type":"SearchAction","target":{"@type":"EntryPoint","urlTemplate":"https:\/\/www.tapasmagazine.es\/?s={search_term_string}"},"query-input":{"@type":"PropertyValueSpecification","valueRequired":true,"valueName":"search_term_string"}}],"inLanguage":"en-US"},{"@type":"Organization","@id":"https:\/\/www.tapasmagazine.es\/#organization","name":"Tapas Magazine","url":"https:\/\/www.tapasmagazine.es\/","logo":{"@type":"ImageObject","inLanguage":"en-US","@id":"https:\/\/www.tapasmagazine.es\/#\/schema\/logo\/image\/","url":"https:\/\/www.tapasmagazine.es\/wp-content\/uploads\/2018\/01\/logo.png","contentUrl":"https:\/\/www.tapasmagazine.es\/wp-content\/uploads\/2018\/01\/logo.png","width":180,"height":60,"caption":"Tapas Magazine"},"image":{"@id":"https:\/\/www.tapasmagazine.es\/#\/schema\/logo\/image\/"},"sameAs":["https:\/\/www.facebook.com\/tapasmagazine","https:\/\/x.com\/TapasMagazine","https:\/\/www.instagram.com\/tapasmagazine\/","https:\/\/www.linkedin.com\/company\/tapas-magazine","https:\/\/es.pinterest.com\/tapasmagazine\/","https:\/\/www.youtube.com\/channel\/UCEyxneAaACuR0lfDagrWjjg?sub_confirmation=1"]},{"@type":"Person","@id":"https:\/\/www.tapasmagazine.es\/#\/schema\/person\/906ea2ea4697837608d99f4cc085cea3","name":"TAPAS","url":"https:\/\/www.tapasmagazine.es\/en\/author\/tapas\/"}]}},"_links":{"self":[{"href":"https:\/\/www.tapasmagazine.es\/en\/wp-json\/wp\/v2\/posts\/231664","targetHints":{"allow":["GET"]}}],"collection":[{"href":"https:\/\/www.tapasmagazine.es\/en\/wp-json\/wp\/v2\/posts"}],"about":[{"href":"https:\/\/www.tapasmagazine.es\/en\/wp-json\/wp\/v2\/types\/post"}],"author":[{"embeddable":true,"href":"https:\/\/www.tapasmagazine.es\/en\/wp-json\/wp\/v2\/users\/249"}],"replies":[{"embeddable":true,"href":"https:\/\/www.tapasmagazine.es\/en\/wp-json\/wp\/v2\/comments?post=231664"}],"version-history":[{"count":5,"href":"https:\/\/www.tapasmagazine.es\/en\/wp-json\/wp\/v2\/posts\/231664\/revisions"}],"predecessor-version":[{"id":231679,"href":"https:\/\/www.tapasmagazine.es\/en\/wp-json\/wp\/v2\/posts\/231664\/revisions\/231679"}],"wp:featuredmedia":[{"embeddable":true,"href":"https:\/\/www.tapasmagazine.es\/en\/wp-json\/wp\/v2\/media\/231666"}],"wp:attachment":[{"href":"https:\/\/www.tapasmagazine.es\/en\/wp-json\/wp\/v2\/media?parent=231664"}],"wp:term":[{"taxonomy":"category","embeddable":true,"href":"https:\/\/www.tapasmagazine.es\/en\/wp-json\/wp\/v2\/categories?post=231664"},{"taxonomy":"post_tag","embeddable":true,"href":"https:\/\/www.tapasmagazine.es\/en\/wp-json\/wp\/v2\/tags?post=231664"}],"curies":[{"name":"wp","href":"https:\/\/api.w.org\/{rel}","templated":true}]}}