{"id":231177,"date":"2024-01-23T13:15:48","date_gmt":"2024-01-23T12:15:48","guid":{"rendered":"https:\/\/www.tapasmagazine.es\/cafe-del-centre-recibe-un-premio-nacional-por-sus-150-anos-de-historia-en-barcelona\/"},"modified":"2024-01-23T13:18:51","modified_gmt":"2024-01-23T12:18:51","slug":"cafe-del-centre-receives-national-award-for-150-history-barcelona","status":"publish","type":"post","link":"https:\/\/www.tapasmagazine.es\/en\/cafe-del-centre-receives-national-award-for-150-history-barcelona\/","title":{"rendered":"Caf\u00e8 del Centre receives a national award for its 150 years of history in Barcelona"},"content":{"rendered":"\n<p><strong>Click <a href=\"https:\/\/www.tapasmagazine.es\/cafe-del-centre-recibe-un-premio-nacional-por-sus-150-anos-de-historia-en-barcelona\/\" target=\"_blank\" rel=\"noreferrer noopener\">here<\/a> to read the Spanish version.<\/strong><\/p>\n\n\n\n<p>The oldest caf\u00e9 in <strong>El Eixample<\/strong>, represented for the occasion by Quim Mora, received this award from government president Pere Aragon\u00e9s for its great legacy on the Barcelona scene.<\/p>\n\n\n\n<p>The open-plan atmosphere of the Caf\u00e9 del Centro is welcoming and calm, different from the bustling times of yesteryear. The large space has marble tables with iron feet, wooden ashlars, mirrors, oils and an old bar illuminated by ball lights hanging from the ceiling. All this has been valued by the Barcelona City Council, which has awarded the establishment the title of Emblematic,&#8217; read the notes on this iconic bar celebrating <strong>150 years of history<\/strong> in Barcelona.<\/p>\n\n\n<div class=\"wp-block-image\">\n<figure class=\"aligncenter size-full is-resized\"><a href=\"https:\/\/www.tapasmagazine.es\/wp-content\/uploads\/2024\/01\/cafe-centre-premio-nacional-2.png\"><img decoding=\"async\" width=\"1024\" height=\"682\" src=\"https:\/\/www.tapasmagazine.es\/wp-content\/uploads\/2024\/01\/cafe-centre-premio-nacional-2.png\" alt=\"\" class=\"wp-image-231166\" style=\"width:978px;height:auto\" srcset=\"https:\/\/www.tapasmagazine.es\/wp-content\/uploads\/2024\/01\/cafe-centre-premio-nacional-2.png 1024w, https:\/\/www.tapasmagazine.es\/wp-content\/uploads\/2024\/01\/cafe-centre-premio-nacional-2-300x200.png 300w, https:\/\/www.tapasmagazine.es\/wp-content\/uploads\/2024\/01\/cafe-centre-premio-nacional-2-768x512.png 768w, https:\/\/www.tapasmagazine.es\/wp-content\/uploads\/2024\/01\/cafe-centre-premio-nacional-2-1000x666.png 1000w, https:\/\/www.tapasmagazine.es\/wp-content\/uploads\/2024\/01\/cafe-centre-premio-nacional-2-400x266.png 400w\" sizes=\"(max-width: 1024px) 100vw, 1024px\" \/><\/a><\/figure>\n<\/div>\n\n\n<h2 class=\"wp-block-heading\">The history behind the institution<\/h2>\n\n\n\n<p>It all began as a leisure destination; as a casino that Primo de Rivera&#8217;s dictatorship would convert -with its ban on gambling- into a neighbourhood bar that from the 1960s onwards became one of the great fashionable venues frequented by the political and cultural elite.<\/p>\n\n\n<div class=\"wp-block-image\">\n<figure class=\"aligncenter size-full is-resized\"><a href=\"https:\/\/www.tapasmagazine.es\/wp-content\/uploads\/2024\/01\/cafe-centre-premio-nacional-3.png\"><img decoding=\"async\" width=\"1024\" height=\"682\" src=\"https:\/\/www.tapasmagazine.es\/wp-content\/uploads\/2024\/01\/cafe-centre-premio-nacional-3.png\" alt=\"\" class=\"wp-image-231168\" style=\"width:986px;height:auto\" srcset=\"https:\/\/www.tapasmagazine.es\/wp-content\/uploads\/2024\/01\/cafe-centre-premio-nacional-3.png 1024w, https:\/\/www.tapasmagazine.es\/wp-content\/uploads\/2024\/01\/cafe-centre-premio-nacional-3-300x200.png 300w, https:\/\/www.tapasmagazine.es\/wp-content\/uploads\/2024\/01\/cafe-centre-premio-nacional-3-768x512.png 768w, https:\/\/www.tapasmagazine.es\/wp-content\/uploads\/2024\/01\/cafe-centre-premio-nacional-3-1000x666.png 1000w, https:\/\/www.tapasmagazine.es\/wp-content\/uploads\/2024\/01\/cafe-centre-premio-nacional-3-400x266.png 400w\" sizes=\"(max-width: 1024px) 100vw, 1024px\" \/><\/a><\/figure>\n<\/div>\n\n\n<p>In 2021, the <strong>Bel family <\/strong>transferred the family business to the <strong>Confectionery Group<\/strong>, which has maintained its original aesthetics and has reinterpreted its menu, redesigned since 2022 by chef V\u00edctor Ferrer. He is in charge of orchestrating its gastronomic proposal, which praises <strong>Catalan cuisine<\/strong> through elaborations such as traditional tapas or classic flavours fused with the modernist decoration of the premises.<\/p>\n","protected":false},"excerpt":{"rendered":"<p>Click here to read the Spanish version. The oldest caf\u00e9 in El Eixample, represented for the occasion by Quim Mora, received this award from government president Pere Aragon\u00e9s for its great legacy on the Barcelona scene. The open-plan atmosphere of the Caf\u00e9 del Centro is welcoming and calm, different from the bustling times of yesteryear. [&hellip;]<\/p>\n","protected":false},"author":285,"featured_media":231165,"comment_status":"open","ping_status":"closed","sticky":false,"template":"single-feature.php","format":"standard","meta":{"_acf_changed":false,"footnotes":""},"categories":[15802],"tags":[16260],"class_list":["post-231177","post","type-post","status-publish","format-standard","has-post-thumbnail","hentry","category-news","tag-barcelona-en","cat-15802-id"],"acf":[],"yoast_head":"<!-- This site is optimized with the Yoast SEO plugin v27.5 - https:\/\/yoast.com\/product\/yoast-seo-wordpress\/ -->\n<title>Caf\u00e8 del Centre receives a national award for its 150 years of history in Barcelona - Tapas<\/title>\n<meta name=\"description\" content=\"Click here to read the Spanish version. The oldest caf\u00e9 in El Eixample, represented for the occasion by Quim Mora, received this award from government\" \/>\n<meta name=\"robots\" content=\"index, follow, max-snippet:-1, max-image-preview:large, max-video-preview:-1\" \/>\n<link rel=\"canonical\" href=\"https:\/\/www.tapasmagazine.es\/en\/cafe-del-centre-receives-national-award-for-150-history-barcelona\/\" \/>\n<meta property=\"og:locale\" content=\"en_US\" \/>\n<meta property=\"og:type\" content=\"article\" \/>\n<meta property=\"og:title\" content=\"Caf\u00e8 del Centre receives a national award for its 150 years of history in Barcelona - Tapas\" \/>\n<meta property=\"og:description\" content=\"Click here to read the Spanish version. The oldest caf\u00e9 in El Eixample, represented for the occasion by Quim Mora, received this award from government\" \/>\n<meta property=\"og:url\" content=\"https:\/\/www.tapasmagazine.es\/en\/cafe-del-centre-receives-national-award-for-150-history-barcelona\/\" \/>\n<meta property=\"og:site_name\" content=\"Tapas\" \/>\n<meta property=\"article:publisher\" content=\"https:\/\/www.facebook.com\/tapasmagazine\" \/>\n<meta property=\"article:published_time\" content=\"2024-01-23T12:15:48+00:00\" \/>\n<meta property=\"article:modified_time\" content=\"2024-01-23T12:18:51+00:00\" \/>\n<meta property=\"og:image\" content=\"https:\/\/www.tapasmagazine.es\/wp-content\/uploads\/2024\/01\/cafe-centre-premio-nacional-1.jpg\" \/>\n\t<meta property=\"og:image:width\" content=\"1200\" \/>\n\t<meta property=\"og:image:height\" content=\"675\" \/>\n\t<meta property=\"og:image:type\" content=\"image\/jpeg\" \/>\n<meta name=\"author\" content=\"Laura P\u00e9rez\" \/>\n<meta name=\"twitter:card\" content=\"summary_large_image\" \/>\n<meta name=\"twitter:creator\" content=\"@TapasMagazine\" \/>\n<meta name=\"twitter:site\" content=\"@TapasMagazine\" \/>\n<meta name=\"twitter:label1\" content=\"Written by\" \/>\n\t<meta name=\"twitter:data1\" content=\"Laura P\u00e9rez\" \/>\n\t<meta name=\"twitter:label2\" content=\"Est. reading time\" \/>\n\t<meta name=\"twitter:data2\" content=\"2 minutes\" \/>\n<script type=\"application\/ld+json\" class=\"yoast-schema-graph\">{\"@context\":\"https:\\\/\\\/schema.org\",\"@graph\":[{\"@type\":\"Article\",\"@id\":\"https:\\\/\\\/www.tapasmagazine.es\\\/en\\\/cafe-del-centre-receives-national-award-for-150-history-barcelona\\\/#article\",\"isPartOf\":{\"@id\":\"https:\\\/\\\/www.tapasmagazine.es\\\/en\\\/cafe-del-centre-receives-national-award-for-150-history-barcelona\\\/\"},\"author\":{\"name\":\"Laura P\u00e9rez\",\"@id\":\"https:\\\/\\\/www.tapasmagazine.es\\\/#\\\/schema\\\/person\\\/eb46cbe76a9c8f062660eb609e3ecb4e\"},\"headline\":\"Caf\u00e8 del Centre receives a national award for its 150 years of history in Barcelona\",\"datePublished\":\"2024-01-23T12:15:48+00:00\",\"dateModified\":\"2024-01-23T12:18:51+00:00\",\"mainEntityOfPage\":{\"@id\":\"https:\\\/\\\/www.tapasmagazine.es\\\/en\\\/cafe-del-centre-receives-national-award-for-150-history-barcelona\\\/\"},\"wordCount\":238,\"commentCount\":0,\"publisher\":{\"@id\":\"https:\\\/\\\/www.tapasmagazine.es\\\/#organization\"},\"image\":{\"@id\":\"https:\\\/\\\/www.tapasmagazine.es\\\/en\\\/cafe-del-centre-receives-national-award-for-150-history-barcelona\\\/#primaryimage\"},\"thumbnailUrl\":\"https:\\\/\\\/www.tapasmagazine.es\\\/wp-content\\\/uploads\\\/2024\\\/01\\\/cafe-centre-premio-nacional-1.jpg\",\"keywords\":[\"Barcelona\"],\"articleSection\":[\"News\"],\"inLanguage\":\"en-US\",\"potentialAction\":[{\"@type\":\"CommentAction\",\"name\":\"Comment\",\"target\":[\"https:\\\/\\\/www.tapasmagazine.es\\\/en\\\/cafe-del-centre-receives-national-award-for-150-history-barcelona\\\/#respond\"]}]},{\"@type\":\"WebPage\",\"@id\":\"https:\\\/\\\/www.tapasmagazine.es\\\/en\\\/cafe-del-centre-receives-national-award-for-150-history-barcelona\\\/\",\"url\":\"https:\\\/\\\/www.tapasmagazine.es\\\/en\\\/cafe-del-centre-receives-national-award-for-150-history-barcelona\\\/\",\"name\":\"Caf\u00e8 del Centre receives a national award for its 150 years of history in Barcelona - Tapas\",\"isPartOf\":{\"@id\":\"https:\\\/\\\/www.tapasmagazine.es\\\/#website\"},\"primaryImageOfPage\":{\"@id\":\"https:\\\/\\\/www.tapasmagazine.es\\\/en\\\/cafe-del-centre-receives-national-award-for-150-history-barcelona\\\/#primaryimage\"},\"image\":{\"@id\":\"https:\\\/\\\/www.tapasmagazine.es\\\/en\\\/cafe-del-centre-receives-national-award-for-150-history-barcelona\\\/#primaryimage\"},\"thumbnailUrl\":\"https:\\\/\\\/www.tapasmagazine.es\\\/wp-content\\\/uploads\\\/2024\\\/01\\\/cafe-centre-premio-nacional-1.jpg\",\"datePublished\":\"2024-01-23T12:15:48+00:00\",\"dateModified\":\"2024-01-23T12:18:51+00:00\",\"description\":\"Click here to read the Spanish version. The oldest caf\u00e9 in El Eixample, represented for the occasion by Quim Mora, received this award from government\",\"breadcrumb\":{\"@id\":\"https:\\\/\\\/www.tapasmagazine.es\\\/en\\\/cafe-del-centre-receives-national-award-for-150-history-barcelona\\\/#breadcrumb\"},\"inLanguage\":\"en-US\",\"potentialAction\":[{\"@type\":\"ReadAction\",\"target\":[\"https:\\\/\\\/www.tapasmagazine.es\\\/en\\\/cafe-del-centre-receives-national-award-for-150-history-barcelona\\\/\"]}]},{\"@type\":\"ImageObject\",\"inLanguage\":\"en-US\",\"@id\":\"https:\\\/\\\/www.tapasmagazine.es\\\/en\\\/cafe-del-centre-receives-national-award-for-150-history-barcelona\\\/#primaryimage\",\"url\":\"https:\\\/\\\/www.tapasmagazine.es\\\/wp-content\\\/uploads\\\/2024\\\/01\\\/cafe-centre-premio-nacional-1.jpg\",\"contentUrl\":\"https:\\\/\\\/www.tapasmagazine.es\\\/wp-content\\\/uploads\\\/2024\\\/01\\\/cafe-centre-premio-nacional-1.jpg\",\"width\":1200,\"height\":675},{\"@type\":\"BreadcrumbList\",\"@id\":\"https:\\\/\\\/www.tapasmagazine.es\\\/en\\\/cafe-del-centre-receives-national-award-for-150-history-barcelona\\\/#breadcrumb\",\"itemListElement\":[{\"@type\":\"ListItem\",\"position\":1,\"name\":\"Portada\",\"item\":\"https:\\\/\\\/www.tapasmagazine.es\\\/\"},{\"@type\":\"ListItem\",\"position\":2,\"name\":\"News\",\"item\":\"https:\\\/\\\/www.tapasmagazine.es\\\/en\\\/categorias\\\/news\\\/\"},{\"@type\":\"ListItem\",\"position\":3,\"name\":\"Caf\u00e8 del Centre receives a national award for its 150 years of history in Barcelona\"}]},{\"@type\":\"WebSite\",\"@id\":\"https:\\\/\\\/www.tapasmagazine.es\\\/#website\",\"url\":\"https:\\\/\\\/www.tapasmagazine.es\\\/\",\"name\":\"Tapas\",\"description\":\"\u00d1am \u00d1am Lifestyle. La vida a bocados. Premio Nacional de Gastronom\u00eda 2016.\",\"publisher\":{\"@id\":\"https:\\\/\\\/www.tapasmagazine.es\\\/#organization\"},\"potentialAction\":[{\"@type\":\"SearchAction\",\"target\":{\"@type\":\"EntryPoint\",\"urlTemplate\":\"https:\\\/\\\/www.tapasmagazine.es\\\/?s={search_term_string}\"},\"query-input\":{\"@type\":\"PropertyValueSpecification\",\"valueRequired\":true,\"valueName\":\"search_term_string\"}}],\"inLanguage\":\"en-US\"},{\"@type\":\"Organization\",\"@id\":\"https:\\\/\\\/www.tapasmagazine.es\\\/#organization\",\"name\":\"Tapas Magazine\",\"url\":\"https:\\\/\\\/www.tapasmagazine.es\\\/\",\"logo\":{\"@type\":\"ImageObject\",\"inLanguage\":\"en-US\",\"@id\":\"https:\\\/\\\/www.tapasmagazine.es\\\/#\\\/schema\\\/logo\\\/image\\\/\",\"url\":\"https:\\\/\\\/www.tapasmagazine.es\\\/wp-content\\\/uploads\\\/2018\\\/01\\\/logo.png\",\"contentUrl\":\"https:\\\/\\\/www.tapasmagazine.es\\\/wp-content\\\/uploads\\\/2018\\\/01\\\/logo.png\",\"width\":180,\"height\":60,\"caption\":\"Tapas Magazine\"},\"image\":{\"@id\":\"https:\\\/\\\/www.tapasmagazine.es\\\/#\\\/schema\\\/logo\\\/image\\\/\"},\"sameAs\":[\"https:\\\/\\\/www.facebook.com\\\/tapasmagazine\",\"https:\\\/\\\/x.com\\\/TapasMagazine\",\"https:\\\/\\\/www.instagram.com\\\/tapasmagazine\\\/\",\"https:\\\/\\\/www.linkedin.com\\\/company\\\/tapas-magazine\",\"https:\\\/\\\/es.pinterest.com\\\/tapasmagazine\\\/\",\"https:\\\/\\\/www.youtube.com\\\/channel\\\/UCEyxneAaACuR0lfDagrWjjg?sub_confirmation=1\"]},{\"@type\":\"Person\",\"@id\":\"https:\\\/\\\/www.tapasmagazine.es\\\/#\\\/schema\\\/person\\\/eb46cbe76a9c8f062660eb609e3ecb4e\",\"name\":\"Laura P\u00e9rez\",\"url\":\"https:\\\/\\\/www.tapasmagazine.es\\\/en\\\/author\\\/laura-perez\\\/\"}]}<\/script>\n<!-- \/ Yoast SEO plugin. -->","yoast_head_json":{"title":"Caf\u00e8 del Centre receives a national award for its 150 years of history in Barcelona - Tapas","description":"Click here to read the Spanish version. The oldest caf\u00e9 in El Eixample, represented for the occasion by Quim Mora, received this award from government","robots":{"index":"index","follow":"follow","max-snippet":"max-snippet:-1","max-image-preview":"max-image-preview:large","max-video-preview":"max-video-preview:-1"},"canonical":"https:\/\/www.tapasmagazine.es\/en\/cafe-del-centre-receives-national-award-for-150-history-barcelona\/","og_locale":"en_US","og_type":"article","og_title":"Caf\u00e8 del Centre receives a national award for its 150 years of history in Barcelona - Tapas","og_description":"Click here to read the Spanish version. The oldest caf\u00e9 in El Eixample, represented for the occasion by Quim Mora, received this award from government","og_url":"https:\/\/www.tapasmagazine.es\/en\/cafe-del-centre-receives-national-award-for-150-history-barcelona\/","og_site_name":"Tapas","article_publisher":"https:\/\/www.facebook.com\/tapasmagazine","article_published_time":"2024-01-23T12:15:48+00:00","article_modified_time":"2024-01-23T12:18:51+00:00","og_image":[{"width":1200,"height":675,"url":"https:\/\/www.tapasmagazine.es\/wp-content\/uploads\/2024\/01\/cafe-centre-premio-nacional-1.jpg","type":"image\/jpeg"}],"author":"Laura P\u00e9rez","twitter_card":"summary_large_image","twitter_creator":"@TapasMagazine","twitter_site":"@TapasMagazine","twitter_misc":{"Written by":"Laura P\u00e9rez","Est. reading time":"2 minutes"},"schema":{"@context":"https:\/\/schema.org","@graph":[{"@type":"Article","@id":"https:\/\/www.tapasmagazine.es\/en\/cafe-del-centre-receives-national-award-for-150-history-barcelona\/#article","isPartOf":{"@id":"https:\/\/www.tapasmagazine.es\/en\/cafe-del-centre-receives-national-award-for-150-history-barcelona\/"},"author":{"name":"Laura P\u00e9rez","@id":"https:\/\/www.tapasmagazine.es\/#\/schema\/person\/eb46cbe76a9c8f062660eb609e3ecb4e"},"headline":"Caf\u00e8 del Centre receives a national award for its 150 years of history in Barcelona","datePublished":"2024-01-23T12:15:48+00:00","dateModified":"2024-01-23T12:18:51+00:00","mainEntityOfPage":{"@id":"https:\/\/www.tapasmagazine.es\/en\/cafe-del-centre-receives-national-award-for-150-history-barcelona\/"},"wordCount":238,"commentCount":0,"publisher":{"@id":"https:\/\/www.tapasmagazine.es\/#organization"},"image":{"@id":"https:\/\/www.tapasmagazine.es\/en\/cafe-del-centre-receives-national-award-for-150-history-barcelona\/#primaryimage"},"thumbnailUrl":"https:\/\/www.tapasmagazine.es\/wp-content\/uploads\/2024\/01\/cafe-centre-premio-nacional-1.jpg","keywords":["Barcelona"],"articleSection":["News"],"inLanguage":"en-US","potentialAction":[{"@type":"CommentAction","name":"Comment","target":["https:\/\/www.tapasmagazine.es\/en\/cafe-del-centre-receives-national-award-for-150-history-barcelona\/#respond"]}]},{"@type":"WebPage","@id":"https:\/\/www.tapasmagazine.es\/en\/cafe-del-centre-receives-national-award-for-150-history-barcelona\/","url":"https:\/\/www.tapasmagazine.es\/en\/cafe-del-centre-receives-national-award-for-150-history-barcelona\/","name":"Caf\u00e8 del Centre receives a national award for its 150 years of history in Barcelona - Tapas","isPartOf":{"@id":"https:\/\/www.tapasmagazine.es\/#website"},"primaryImageOfPage":{"@id":"https:\/\/www.tapasmagazine.es\/en\/cafe-del-centre-receives-national-award-for-150-history-barcelona\/#primaryimage"},"image":{"@id":"https:\/\/www.tapasmagazine.es\/en\/cafe-del-centre-receives-national-award-for-150-history-barcelona\/#primaryimage"},"thumbnailUrl":"https:\/\/www.tapasmagazine.es\/wp-content\/uploads\/2024\/01\/cafe-centre-premio-nacional-1.jpg","datePublished":"2024-01-23T12:15:48+00:00","dateModified":"2024-01-23T12:18:51+00:00","description":"Click here to read the Spanish version. The oldest caf\u00e9 in El Eixample, represented for the occasion by Quim Mora, received this award from government","breadcrumb":{"@id":"https:\/\/www.tapasmagazine.es\/en\/cafe-del-centre-receives-national-award-for-150-history-barcelona\/#breadcrumb"},"inLanguage":"en-US","potentialAction":[{"@type":"ReadAction","target":["https:\/\/www.tapasmagazine.es\/en\/cafe-del-centre-receives-national-award-for-150-history-barcelona\/"]}]},{"@type":"ImageObject","inLanguage":"en-US","@id":"https:\/\/www.tapasmagazine.es\/en\/cafe-del-centre-receives-national-award-for-150-history-barcelona\/#primaryimage","url":"https:\/\/www.tapasmagazine.es\/wp-content\/uploads\/2024\/01\/cafe-centre-premio-nacional-1.jpg","contentUrl":"https:\/\/www.tapasmagazine.es\/wp-content\/uploads\/2024\/01\/cafe-centre-premio-nacional-1.jpg","width":1200,"height":675},{"@type":"BreadcrumbList","@id":"https:\/\/www.tapasmagazine.es\/en\/cafe-del-centre-receives-national-award-for-150-history-barcelona\/#breadcrumb","itemListElement":[{"@type":"ListItem","position":1,"name":"Portada","item":"https:\/\/www.tapasmagazine.es\/"},{"@type":"ListItem","position":2,"name":"News","item":"https:\/\/www.tapasmagazine.es\/en\/categorias\/news\/"},{"@type":"ListItem","position":3,"name":"Caf\u00e8 del Centre receives a national award for its 150 years of history in Barcelona"}]},{"@type":"WebSite","@id":"https:\/\/www.tapasmagazine.es\/#website","url":"https:\/\/www.tapasmagazine.es\/","name":"Tapas","description":"\u00d1am \u00d1am Lifestyle. La vida a bocados. Premio Nacional de Gastronom\u00eda 2016.","publisher":{"@id":"https:\/\/www.tapasmagazine.es\/#organization"},"potentialAction":[{"@type":"SearchAction","target":{"@type":"EntryPoint","urlTemplate":"https:\/\/www.tapasmagazine.es\/?s={search_term_string}"},"query-input":{"@type":"PropertyValueSpecification","valueRequired":true,"valueName":"search_term_string"}}],"inLanguage":"en-US"},{"@type":"Organization","@id":"https:\/\/www.tapasmagazine.es\/#organization","name":"Tapas Magazine","url":"https:\/\/www.tapasmagazine.es\/","logo":{"@type":"ImageObject","inLanguage":"en-US","@id":"https:\/\/www.tapasmagazine.es\/#\/schema\/logo\/image\/","url":"https:\/\/www.tapasmagazine.es\/wp-content\/uploads\/2018\/01\/logo.png","contentUrl":"https:\/\/www.tapasmagazine.es\/wp-content\/uploads\/2018\/01\/logo.png","width":180,"height":60,"caption":"Tapas Magazine"},"image":{"@id":"https:\/\/www.tapasmagazine.es\/#\/schema\/logo\/image\/"},"sameAs":["https:\/\/www.facebook.com\/tapasmagazine","https:\/\/x.com\/TapasMagazine","https:\/\/www.instagram.com\/tapasmagazine\/","https:\/\/www.linkedin.com\/company\/tapas-magazine","https:\/\/es.pinterest.com\/tapasmagazine\/","https:\/\/www.youtube.com\/channel\/UCEyxneAaACuR0lfDagrWjjg?sub_confirmation=1"]},{"@type":"Person","@id":"https:\/\/www.tapasmagazine.es\/#\/schema\/person\/eb46cbe76a9c8f062660eb609e3ecb4e","name":"Laura P\u00e9rez","url":"https:\/\/www.tapasmagazine.es\/en\/author\/laura-perez\/"}]}},"_links":{"self":[{"href":"https:\/\/www.tapasmagazine.es\/en\/wp-json\/wp\/v2\/posts\/231177","targetHints":{"allow":["GET"]}}],"collection":[{"href":"https:\/\/www.tapasmagazine.es\/en\/wp-json\/wp\/v2\/posts"}],"about":[{"href":"https:\/\/www.tapasmagazine.es\/en\/wp-json\/wp\/v2\/types\/post"}],"author":[{"embeddable":true,"href":"https:\/\/www.tapasmagazine.es\/en\/wp-json\/wp\/v2\/users\/285"}],"replies":[{"embeddable":true,"href":"https:\/\/www.tapasmagazine.es\/en\/wp-json\/wp\/v2\/comments?post=231177"}],"version-history":[{"count":4,"href":"https:\/\/www.tapasmagazine.es\/en\/wp-json\/wp\/v2\/posts\/231177\/revisions"}],"predecessor-version":[{"id":231182,"href":"https:\/\/www.tapasmagazine.es\/en\/wp-json\/wp\/v2\/posts\/231177\/revisions\/231182"}],"wp:featuredmedia":[{"embeddable":true,"href":"https:\/\/www.tapasmagazine.es\/en\/wp-json\/wp\/v2\/media\/231165"}],"wp:attachment":[{"href":"https:\/\/www.tapasmagazine.es\/en\/wp-json\/wp\/v2\/media?parent=231177"}],"wp:term":[{"taxonomy":"category","embeddable":true,"href":"https:\/\/www.tapasmagazine.es\/en\/wp-json\/wp\/v2\/categories?post=231177"},{"taxonomy":"post_tag","embeddable":true,"href":"https:\/\/www.tapasmagazine.es\/en\/wp-json\/wp\/v2\/tags?post=231177"}],"curies":[{"name":"wp","href":"https:\/\/api.w.org\/{rel}","templated":true}]}}