{"id":231042,"date":"2024-01-23T10:30:00","date_gmt":"2024-01-23T09:30:00","guid":{"rendered":"https:\/\/www.tapasmagazine.es\/carrefour-anuncia-una-bajada-permanente-de-precios-en-500-productos-de-su-marca-blanca\/"},"modified":"2024-01-23T10:44:01","modified_gmt":"2024-01-23T09:44:01","slug":"carrefour-announces-permanent-price-cuts-on-500-private-label-products","status":"publish","type":"post","link":"https:\/\/www.tapasmagazine.es\/en\/carrefour-announces-permanent-price-cuts-on-500-private-label-products\/","title":{"rendered":"Carrefour announces permanent price cut on 500 private label products"},"content":{"rendered":"\n<p><strong>Click <a href=\"https:\/\/www.tapasmagazine.es\/carrefour-anuncia-una-bajada-permanente-de-precios-en-500-productos-de-su-marca-blanca\/\" target=\"_blank\" rel=\"noreferrer noopener\">here<\/a> to read the Spanish version.<\/strong><br><a href=\"https:\/\/www.carrefour.es\/\" target=\"_blank\" rel=\"noreferrer noopener\">Carrefour<\/a> has started the year with good news for its regular customers. It has announced that during this 2024 will permanently lower the price of about 500 products of its private label, as reported by the company in a statement. With this measure, some products will drop by up to 13%.<\/p>\n\n\n\n<p>Among the half thousand items that will be reduced, there are food products, liquids, drugstore, perfumery and babies, all of them of more frequent purchase. In addition, Carrefour has also stressed that the price reduction will also be compatible with other savings measures already in place in supermarkets.<\/p>\n\n\n\n<figure class=\"wp-block-image size-large\"><a href=\"https:\/\/www.tapasmagazine.es\/wp-content\/uploads\/2024\/01\/fotonoticia_20240122171302_9999.jpg\"><img decoding=\"async\" width=\"1024\" height=\"543\" src=\"https:\/\/www.tapasmagazine.es\/wp-content\/uploads\/2024\/01\/fotonoticia_20240122171302_9999-1024x543.jpg\" alt=\"\" class=\"wp-image-231006\" srcset=\"https:\/\/www.tapasmagazine.es\/wp-content\/uploads\/2024\/01\/fotonoticia_20240122171302_9999-1024x543.jpg 1024w, https:\/\/www.tapasmagazine.es\/wp-content\/uploads\/2024\/01\/fotonoticia_20240122171302_9999-300x159.jpg 300w, https:\/\/www.tapasmagazine.es\/wp-content\/uploads\/2024\/01\/fotonoticia_20240122171302_9999-768x407.jpg 768w, https:\/\/www.tapasmagazine.es\/wp-content\/uploads\/2024\/01\/fotonoticia_20240122171302_9999-1536x815.jpg 1536w, https:\/\/www.tapasmagazine.es\/wp-content\/uploads\/2024\/01\/fotonoticia_20240122171302_9999-1000x530.jpg 1000w, https:\/\/www.tapasmagazine.es\/wp-content\/uploads\/2024\/01\/fotonoticia_20240122171302_9999-400x212.jpg 400w, https:\/\/www.tapasmagazine.es\/wp-content\/uploads\/2024\/01\/fotonoticia_20240122171302_9999.jpg 2048w\" sizes=\"(max-width: 1024px) 100vw, 1024px\" \/><\/a><\/figure>\n\n\n\n<p>Carrefour will implement it permanently, with which it intends to help customers in the current situation of constant price increases, in a strategy &#8220;to protect the purchasing power of consumers and make the best products available to all households&#8221;. In this way, it will also give a blow on the table with respect to other competitors such as Lidl or Mercadona.<\/p>\n\n\n\n<p>Carrefour currently manages 203 hypermarkets in Spain, in addition to 156 Carrefour Market supermarkets, 1,056 Carrefour Express supermarkets and 63 Supeco supermarkets, together with its online store.<\/p>\n","protected":false},"excerpt":{"rendered":"<p>Click here to read the Spanish version.Carrefour has started the year with good news for its regular customers. It has announced that during this 2024 will permanently lower the price of about 500 products of its private label, as reported by the company in a statement. With this measure, some products will drop by up [&hellip;]<\/p>\n","protected":false},"author":249,"featured_media":231040,"comment_status":"closed","ping_status":"closed","sticky":false,"template":"single-feature.php","format":"standard","meta":{"_acf_changed":false,"footnotes":""},"categories":[15802],"tags":[],"class_list":["post-231042","post","type-post","status-publish","format-standard","has-post-thumbnail","hentry","category-news","cat-15802-id"],"acf":[],"yoast_head":"<!-- This site is optimized with the Yoast SEO plugin v27.5 - https:\/\/yoast.com\/product\/yoast-seo-wordpress\/ -->\n<title>Carrefour announces permanent price cut on 500 private label products<\/title>\n<meta name=\"description\" content=\"This price cut will be permanent in order to &quot;protect consumers&#039; purchasing power,&quot; according to Carrefour.\" \/>\n<meta name=\"robots\" content=\"index, follow, max-snippet:-1, max-image-preview:large, max-video-preview:-1\" \/>\n<link rel=\"canonical\" href=\"https:\/\/www.tapasmagazine.es\/en\/carrefour-announces-permanent-price-cuts-on-500-private-label-products\/\" \/>\n<meta property=\"og:locale\" content=\"en_US\" \/>\n<meta property=\"og:type\" content=\"article\" \/>\n<meta property=\"og:title\" content=\"Carrefour announces permanent price cut on 500 private label products\" \/>\n<meta property=\"og:description\" content=\"This price cut will be permanent in order to &quot;protect consumers&#039; purchasing power,&quot; according to Carrefour.\" \/>\n<meta property=\"og:url\" content=\"https:\/\/www.tapasmagazine.es\/en\/carrefour-announces-permanent-price-cuts-on-500-private-label-products\/\" \/>\n<meta property=\"og:site_name\" content=\"Tapas\" \/>\n<meta property=\"article:publisher\" content=\"https:\/\/www.facebook.com\/tapasmagazine\" \/>\n<meta property=\"article:published_time\" content=\"2024-01-23T09:30:00+00:00\" \/>\n<meta property=\"article:modified_time\" content=\"2024-01-23T09:44:01+00:00\" \/>\n<meta property=\"og:image\" content=\"https:\/\/www.tapasmagazine.es\/wp-content\/uploads\/2024\/01\/carrefour-bajada-precios.jpg\" \/>\n\t<meta property=\"og:image:width\" content=\"1200\" \/>\n\t<meta property=\"og:image:height\" content=\"675\" \/>\n\t<meta property=\"og:image:type\" content=\"image\/jpeg\" \/>\n<meta name=\"author\" content=\"TAPAS\" \/>\n<meta name=\"twitter:card\" content=\"summary_large_image\" \/>\n<meta name=\"twitter:creator\" content=\"@TapasMagazine\" \/>\n<meta name=\"twitter:site\" content=\"@TapasMagazine\" \/>\n<meta name=\"twitter:label1\" content=\"Written by\" \/>\n\t<meta name=\"twitter:data1\" content=\"TAPAS\" \/>\n\t<meta name=\"twitter:label2\" content=\"Est. reading time\" \/>\n\t<meta name=\"twitter:data2\" content=\"2 minutes\" \/>\n<script type=\"application\/ld+json\" class=\"yoast-schema-graph\">{\"@context\":\"https:\\\/\\\/schema.org\",\"@graph\":[{\"@type\":\"Article\",\"@id\":\"https:\\\/\\\/www.tapasmagazine.es\\\/en\\\/carrefour-announces-permanent-price-cuts-on-500-private-label-products\\\/#article\",\"isPartOf\":{\"@id\":\"https:\\\/\\\/www.tapasmagazine.es\\\/en\\\/carrefour-announces-permanent-price-cuts-on-500-private-label-products\\\/\"},\"author\":{\"name\":\"TAPAS\",\"@id\":\"https:\\\/\\\/www.tapasmagazine.es\\\/#\\\/schema\\\/person\\\/906ea2ea4697837608d99f4cc085cea3\"},\"headline\":\"Carrefour announces permanent price cut on 500 private label products\",\"datePublished\":\"2024-01-23T09:30:00+00:00\",\"dateModified\":\"2024-01-23T09:44:01+00:00\",\"mainEntityOfPage\":{\"@id\":\"https:\\\/\\\/www.tapasmagazine.es\\\/en\\\/carrefour-announces-permanent-price-cuts-on-500-private-label-products\\\/\"},\"wordCount\":196,\"publisher\":{\"@id\":\"https:\\\/\\\/www.tapasmagazine.es\\\/#organization\"},\"image\":{\"@id\":\"https:\\\/\\\/www.tapasmagazine.es\\\/en\\\/carrefour-announces-permanent-price-cuts-on-500-private-label-products\\\/#primaryimage\"},\"thumbnailUrl\":\"https:\\\/\\\/www.tapasmagazine.es\\\/wp-content\\\/uploads\\\/2024\\\/01\\\/carrefour-bajada-precios.jpg\",\"articleSection\":[\"News\"],\"inLanguage\":\"en-US\"},{\"@type\":\"WebPage\",\"@id\":\"https:\\\/\\\/www.tapasmagazine.es\\\/en\\\/carrefour-announces-permanent-price-cuts-on-500-private-label-products\\\/\",\"url\":\"https:\\\/\\\/www.tapasmagazine.es\\\/en\\\/carrefour-announces-permanent-price-cuts-on-500-private-label-products\\\/\",\"name\":\"Carrefour announces permanent price cut on 500 private label products\",\"isPartOf\":{\"@id\":\"https:\\\/\\\/www.tapasmagazine.es\\\/#website\"},\"primaryImageOfPage\":{\"@id\":\"https:\\\/\\\/www.tapasmagazine.es\\\/en\\\/carrefour-announces-permanent-price-cuts-on-500-private-label-products\\\/#primaryimage\"},\"image\":{\"@id\":\"https:\\\/\\\/www.tapasmagazine.es\\\/en\\\/carrefour-announces-permanent-price-cuts-on-500-private-label-products\\\/#primaryimage\"},\"thumbnailUrl\":\"https:\\\/\\\/www.tapasmagazine.es\\\/wp-content\\\/uploads\\\/2024\\\/01\\\/carrefour-bajada-precios.jpg\",\"datePublished\":\"2024-01-23T09:30:00+00:00\",\"dateModified\":\"2024-01-23T09:44:01+00:00\",\"description\":\"This price cut will be permanent in order to \\\"protect consumers' purchasing power,\\\" according to Carrefour.\",\"breadcrumb\":{\"@id\":\"https:\\\/\\\/www.tapasmagazine.es\\\/en\\\/carrefour-announces-permanent-price-cuts-on-500-private-label-products\\\/#breadcrumb\"},\"inLanguage\":\"en-US\",\"potentialAction\":[{\"@type\":\"ReadAction\",\"target\":[\"https:\\\/\\\/www.tapasmagazine.es\\\/en\\\/carrefour-announces-permanent-price-cuts-on-500-private-label-products\\\/\"]}]},{\"@type\":\"ImageObject\",\"inLanguage\":\"en-US\",\"@id\":\"https:\\\/\\\/www.tapasmagazine.es\\\/en\\\/carrefour-announces-permanent-price-cuts-on-500-private-label-products\\\/#primaryimage\",\"url\":\"https:\\\/\\\/www.tapasmagazine.es\\\/wp-content\\\/uploads\\\/2024\\\/01\\\/carrefour-bajada-precios.jpg\",\"contentUrl\":\"https:\\\/\\\/www.tapasmagazine.es\\\/wp-content\\\/uploads\\\/2024\\\/01\\\/carrefour-bajada-precios.jpg\",\"width\":1200,\"height\":675},{\"@type\":\"BreadcrumbList\",\"@id\":\"https:\\\/\\\/www.tapasmagazine.es\\\/en\\\/carrefour-announces-permanent-price-cuts-on-500-private-label-products\\\/#breadcrumb\",\"itemListElement\":[{\"@type\":\"ListItem\",\"position\":1,\"name\":\"Portada\",\"item\":\"https:\\\/\\\/www.tapasmagazine.es\\\/\"},{\"@type\":\"ListItem\",\"position\":2,\"name\":\"News\",\"item\":\"https:\\\/\\\/www.tapasmagazine.es\\\/en\\\/categorias\\\/news\\\/\"},{\"@type\":\"ListItem\",\"position\":3,\"name\":\"Carrefour announces permanent price cut on 500 private label products\"}]},{\"@type\":\"WebSite\",\"@id\":\"https:\\\/\\\/www.tapasmagazine.es\\\/#website\",\"url\":\"https:\\\/\\\/www.tapasmagazine.es\\\/\",\"name\":\"Tapas\",\"description\":\"\u00d1am \u00d1am Lifestyle. La vida a bocados. Premio Nacional de Gastronom\u00eda 2016.\",\"publisher\":{\"@id\":\"https:\\\/\\\/www.tapasmagazine.es\\\/#organization\"},\"potentialAction\":[{\"@type\":\"SearchAction\",\"target\":{\"@type\":\"EntryPoint\",\"urlTemplate\":\"https:\\\/\\\/www.tapasmagazine.es\\\/?s={search_term_string}\"},\"query-input\":{\"@type\":\"PropertyValueSpecification\",\"valueRequired\":true,\"valueName\":\"search_term_string\"}}],\"inLanguage\":\"en-US\"},{\"@type\":\"Organization\",\"@id\":\"https:\\\/\\\/www.tapasmagazine.es\\\/#organization\",\"name\":\"Tapas Magazine\",\"url\":\"https:\\\/\\\/www.tapasmagazine.es\\\/\",\"logo\":{\"@type\":\"ImageObject\",\"inLanguage\":\"en-US\",\"@id\":\"https:\\\/\\\/www.tapasmagazine.es\\\/#\\\/schema\\\/logo\\\/image\\\/\",\"url\":\"https:\\\/\\\/www.tapasmagazine.es\\\/wp-content\\\/uploads\\\/2018\\\/01\\\/logo.png\",\"contentUrl\":\"https:\\\/\\\/www.tapasmagazine.es\\\/wp-content\\\/uploads\\\/2018\\\/01\\\/logo.png\",\"width\":180,\"height\":60,\"caption\":\"Tapas Magazine\"},\"image\":{\"@id\":\"https:\\\/\\\/www.tapasmagazine.es\\\/#\\\/schema\\\/logo\\\/image\\\/\"},\"sameAs\":[\"https:\\\/\\\/www.facebook.com\\\/tapasmagazine\",\"https:\\\/\\\/x.com\\\/TapasMagazine\",\"https:\\\/\\\/www.instagram.com\\\/tapasmagazine\\\/\",\"https:\\\/\\\/www.linkedin.com\\\/company\\\/tapas-magazine\",\"https:\\\/\\\/es.pinterest.com\\\/tapasmagazine\\\/\",\"https:\\\/\\\/www.youtube.com\\\/channel\\\/UCEyxneAaACuR0lfDagrWjjg?sub_confirmation=1\"]},{\"@type\":\"Person\",\"@id\":\"https:\\\/\\\/www.tapasmagazine.es\\\/#\\\/schema\\\/person\\\/906ea2ea4697837608d99f4cc085cea3\",\"name\":\"TAPAS\",\"url\":\"https:\\\/\\\/www.tapasmagazine.es\\\/en\\\/author\\\/tapas\\\/\"}]}<\/script>\n<!-- \/ Yoast SEO plugin. -->","yoast_head_json":{"title":"Carrefour announces permanent price cut on 500 private label products","description":"This price cut will be permanent in order to \"protect consumers' purchasing power,\" according to Carrefour.","robots":{"index":"index","follow":"follow","max-snippet":"max-snippet:-1","max-image-preview":"max-image-preview:large","max-video-preview":"max-video-preview:-1"},"canonical":"https:\/\/www.tapasmagazine.es\/en\/carrefour-announces-permanent-price-cuts-on-500-private-label-products\/","og_locale":"en_US","og_type":"article","og_title":"Carrefour announces permanent price cut on 500 private label products","og_description":"This price cut will be permanent in order to \"protect consumers' purchasing power,\" according to Carrefour.","og_url":"https:\/\/www.tapasmagazine.es\/en\/carrefour-announces-permanent-price-cuts-on-500-private-label-products\/","og_site_name":"Tapas","article_publisher":"https:\/\/www.facebook.com\/tapasmagazine","article_published_time":"2024-01-23T09:30:00+00:00","article_modified_time":"2024-01-23T09:44:01+00:00","og_image":[{"width":1200,"height":675,"url":"https:\/\/www.tapasmagazine.es\/wp-content\/uploads\/2024\/01\/carrefour-bajada-precios.jpg","type":"image\/jpeg"}],"author":"TAPAS","twitter_card":"summary_large_image","twitter_creator":"@TapasMagazine","twitter_site":"@TapasMagazine","twitter_misc":{"Written by":"TAPAS","Est. reading time":"2 minutes"},"schema":{"@context":"https:\/\/schema.org","@graph":[{"@type":"Article","@id":"https:\/\/www.tapasmagazine.es\/en\/carrefour-announces-permanent-price-cuts-on-500-private-label-products\/#article","isPartOf":{"@id":"https:\/\/www.tapasmagazine.es\/en\/carrefour-announces-permanent-price-cuts-on-500-private-label-products\/"},"author":{"name":"TAPAS","@id":"https:\/\/www.tapasmagazine.es\/#\/schema\/person\/906ea2ea4697837608d99f4cc085cea3"},"headline":"Carrefour announces permanent price cut on 500 private label products","datePublished":"2024-01-23T09:30:00+00:00","dateModified":"2024-01-23T09:44:01+00:00","mainEntityOfPage":{"@id":"https:\/\/www.tapasmagazine.es\/en\/carrefour-announces-permanent-price-cuts-on-500-private-label-products\/"},"wordCount":196,"publisher":{"@id":"https:\/\/www.tapasmagazine.es\/#organization"},"image":{"@id":"https:\/\/www.tapasmagazine.es\/en\/carrefour-announces-permanent-price-cuts-on-500-private-label-products\/#primaryimage"},"thumbnailUrl":"https:\/\/www.tapasmagazine.es\/wp-content\/uploads\/2024\/01\/carrefour-bajada-precios.jpg","articleSection":["News"],"inLanguage":"en-US"},{"@type":"WebPage","@id":"https:\/\/www.tapasmagazine.es\/en\/carrefour-announces-permanent-price-cuts-on-500-private-label-products\/","url":"https:\/\/www.tapasmagazine.es\/en\/carrefour-announces-permanent-price-cuts-on-500-private-label-products\/","name":"Carrefour announces permanent price cut on 500 private label products","isPartOf":{"@id":"https:\/\/www.tapasmagazine.es\/#website"},"primaryImageOfPage":{"@id":"https:\/\/www.tapasmagazine.es\/en\/carrefour-announces-permanent-price-cuts-on-500-private-label-products\/#primaryimage"},"image":{"@id":"https:\/\/www.tapasmagazine.es\/en\/carrefour-announces-permanent-price-cuts-on-500-private-label-products\/#primaryimage"},"thumbnailUrl":"https:\/\/www.tapasmagazine.es\/wp-content\/uploads\/2024\/01\/carrefour-bajada-precios.jpg","datePublished":"2024-01-23T09:30:00+00:00","dateModified":"2024-01-23T09:44:01+00:00","description":"This price cut will be permanent in order to \"protect consumers' purchasing power,\" according to Carrefour.","breadcrumb":{"@id":"https:\/\/www.tapasmagazine.es\/en\/carrefour-announces-permanent-price-cuts-on-500-private-label-products\/#breadcrumb"},"inLanguage":"en-US","potentialAction":[{"@type":"ReadAction","target":["https:\/\/www.tapasmagazine.es\/en\/carrefour-announces-permanent-price-cuts-on-500-private-label-products\/"]}]},{"@type":"ImageObject","inLanguage":"en-US","@id":"https:\/\/www.tapasmagazine.es\/en\/carrefour-announces-permanent-price-cuts-on-500-private-label-products\/#primaryimage","url":"https:\/\/www.tapasmagazine.es\/wp-content\/uploads\/2024\/01\/carrefour-bajada-precios.jpg","contentUrl":"https:\/\/www.tapasmagazine.es\/wp-content\/uploads\/2024\/01\/carrefour-bajada-precios.jpg","width":1200,"height":675},{"@type":"BreadcrumbList","@id":"https:\/\/www.tapasmagazine.es\/en\/carrefour-announces-permanent-price-cuts-on-500-private-label-products\/#breadcrumb","itemListElement":[{"@type":"ListItem","position":1,"name":"Portada","item":"https:\/\/www.tapasmagazine.es\/"},{"@type":"ListItem","position":2,"name":"News","item":"https:\/\/www.tapasmagazine.es\/en\/categorias\/news\/"},{"@type":"ListItem","position":3,"name":"Carrefour announces permanent price cut on 500 private label products"}]},{"@type":"WebSite","@id":"https:\/\/www.tapasmagazine.es\/#website","url":"https:\/\/www.tapasmagazine.es\/","name":"Tapas","description":"\u00d1am \u00d1am Lifestyle. La vida a bocados. Premio Nacional de Gastronom\u00eda 2016.","publisher":{"@id":"https:\/\/www.tapasmagazine.es\/#organization"},"potentialAction":[{"@type":"SearchAction","target":{"@type":"EntryPoint","urlTemplate":"https:\/\/www.tapasmagazine.es\/?s={search_term_string}"},"query-input":{"@type":"PropertyValueSpecification","valueRequired":true,"valueName":"search_term_string"}}],"inLanguage":"en-US"},{"@type":"Organization","@id":"https:\/\/www.tapasmagazine.es\/#organization","name":"Tapas Magazine","url":"https:\/\/www.tapasmagazine.es\/","logo":{"@type":"ImageObject","inLanguage":"en-US","@id":"https:\/\/www.tapasmagazine.es\/#\/schema\/logo\/image\/","url":"https:\/\/www.tapasmagazine.es\/wp-content\/uploads\/2018\/01\/logo.png","contentUrl":"https:\/\/www.tapasmagazine.es\/wp-content\/uploads\/2018\/01\/logo.png","width":180,"height":60,"caption":"Tapas Magazine"},"image":{"@id":"https:\/\/www.tapasmagazine.es\/#\/schema\/logo\/image\/"},"sameAs":["https:\/\/www.facebook.com\/tapasmagazine","https:\/\/x.com\/TapasMagazine","https:\/\/www.instagram.com\/tapasmagazine\/","https:\/\/www.linkedin.com\/company\/tapas-magazine","https:\/\/es.pinterest.com\/tapasmagazine\/","https:\/\/www.youtube.com\/channel\/UCEyxneAaACuR0lfDagrWjjg?sub_confirmation=1"]},{"@type":"Person","@id":"https:\/\/www.tapasmagazine.es\/#\/schema\/person\/906ea2ea4697837608d99f4cc085cea3","name":"TAPAS","url":"https:\/\/www.tapasmagazine.es\/en\/author\/tapas\/"}]}},"_links":{"self":[{"href":"https:\/\/www.tapasmagazine.es\/en\/wp-json\/wp\/v2\/posts\/231042","targetHints":{"allow":["GET"]}}],"collection":[{"href":"https:\/\/www.tapasmagazine.es\/en\/wp-json\/wp\/v2\/posts"}],"about":[{"href":"https:\/\/www.tapasmagazine.es\/en\/wp-json\/wp\/v2\/types\/post"}],"author":[{"embeddable":true,"href":"https:\/\/www.tapasmagazine.es\/en\/wp-json\/wp\/v2\/users\/249"}],"replies":[{"embeddable":true,"href":"https:\/\/www.tapasmagazine.es\/en\/wp-json\/wp\/v2\/comments?post=231042"}],"version-history":[{"count":4,"href":"https:\/\/www.tapasmagazine.es\/en\/wp-json\/wp\/v2\/posts\/231042\/revisions"}],"predecessor-version":[{"id":231053,"href":"https:\/\/www.tapasmagazine.es\/en\/wp-json\/wp\/v2\/posts\/231042\/revisions\/231053"}],"wp:featuredmedia":[{"embeddable":true,"href":"https:\/\/www.tapasmagazine.es\/en\/wp-json\/wp\/v2\/media\/231040"}],"wp:attachment":[{"href":"https:\/\/www.tapasmagazine.es\/en\/wp-json\/wp\/v2\/media?parent=231042"}],"wp:term":[{"taxonomy":"category","embeddable":true,"href":"https:\/\/www.tapasmagazine.es\/en\/wp-json\/wp\/v2\/categories?post=231042"},{"taxonomy":"post_tag","embeddable":true,"href":"https:\/\/www.tapasmagazine.es\/en\/wp-json\/wp\/v2\/tags?post=231042"}],"curies":[{"name":"wp","href":"https:\/\/api.w.org\/{rel}","templated":true}]}}