{"id":230587,"date":"2024-01-19T11:25:58","date_gmt":"2024-01-19T10:25:58","guid":{"rendered":"https:\/\/www.tapasmagazine.es\/jim-carrey-celebra-su-aniversario-con-una-iconica-cena-comedia\/"},"modified":"2024-01-19T11:31:09","modified_gmt":"2024-01-19T10:31:09","slug":"jim-carrey-celebrates-birthday-iconic-comedy-dinner","status":"publish","type":"post","link":"https:\/\/www.tapasmagazine.es\/en\/jim-carrey-celebrates-birthday-iconic-comedy-dinner\/","title":{"rendered":"Jim Carrey celebrates his birthday with an iconic comedy dinner"},"content":{"rendered":"\n<p><strong>Click <a href=\"https:\/\/www.tapasmagazine.es\/jim-carrey-celebra-su-aniversario-con-una-iconica-cena-comedia\/\" target=\"_blank\" rel=\"noreferrer noopener\">here<\/a> to read the Spanish version<\/strong>.<\/p>\n\n\n\n<p>The actor celebrated his 62nd birthday with an all-star party with a cast of stars including <strong>Adam Sandler <\/strong>and <strong>David Spade<\/strong> entitled &#8216;<strong>The Laughter Dinner<\/strong>&#8216;.<\/p>\n\n\n\n<p>In this sense, <strong>Spade<\/strong> wanted to immortalise this iconic moment by sharing a snapshot posing with other friends and comedians at Carrey&#8217;s birthday dinner staged on a West Hollywood restaurant.<\/p>\n\n\n<div class=\"wp-block-image\">\n<figure class=\"aligncenter size-large is-resized\"><a href=\"https:\/\/www.tapasmagazine.es\/wp-content\/uploads\/2024\/01\/cumpleanos-jim-carrey-2.webp\"><img decoding=\"async\" width=\"996\" height=\"1024\" src=\"https:\/\/www.tapasmagazine.es\/wp-content\/uploads\/2024\/01\/cumpleanos-jim-carrey-2-996x1024.webp\" alt=\"\" class=\"wp-image-230581\" style=\"width:980px;height:auto\" srcset=\"https:\/\/www.tapasmagazine.es\/wp-content\/uploads\/2024\/01\/cumpleanos-jim-carrey-2-996x1024.webp 996w, https:\/\/www.tapasmagazine.es\/wp-content\/uploads\/2024\/01\/cumpleanos-jim-carrey-2-292x300.webp 292w, https:\/\/www.tapasmagazine.es\/wp-content\/uploads\/2024\/01\/cumpleanos-jim-carrey-2-768x789.webp 768w, https:\/\/www.tapasmagazine.es\/wp-content\/uploads\/2024\/01\/cumpleanos-jim-carrey-2-1000x1028.webp 1000w, https:\/\/www.tapasmagazine.es\/wp-content\/uploads\/2024\/01\/cumpleanos-jim-carrey-2-400x411.webp 400w, https:\/\/www.tapasmagazine.es\/wp-content\/uploads\/2024\/01\/cumpleanos-jim-carrey-2.webp 1296w\" sizes=\"(max-width: 996px) 100vw, 996px\" \/><\/a><\/figure>\n<\/div>\n\n\n<p>For his part, comedian <strong>Jeff Ross<\/strong> also shared a series of photos of the party on Instagram, revealing the rest of the famous faces such as Jimmy Kimmel, Seth Green, Howie Mandel, Craig Robinson, Ben Schwartz, Cary Elwes or Paul Vincent.<\/p>\n\n\n\n<p>The internet community, of course, freaked out about this comedy dinner party that brought together many legends at the same table, somehow evoking an updated and sarcastic version of Da Vinci&#8217;s &#8216;The Last Supper&#8217; fresco.<\/p>\n","protected":false},"excerpt":{"rendered":"<p>Click here to read the Spanish version. The actor celebrated his 62nd birthday with an all-star party with a cast of stars including Adam Sandler and David Spade entitled &#8216;The Laughter Dinner&#8216;. In this sense, Spade wanted to immortalise this iconic moment by sharing a snapshot posing with other friends and comedians at Carrey&#8217;s birthday [&hellip;]<\/p>\n","protected":false},"author":285,"featured_media":230580,"comment_status":"open","ping_status":"closed","sticky":false,"template":"single-feature.php","format":"standard","meta":{"_acf_changed":false,"footnotes":""},"categories":[15802,15851,15910],"tags":[18767],"class_list":["post-230587","post","type-post","status-publish","format-standard","has-post-thumbnail","hentry","category-news","category-nombres-propios-en","category-personajes-en","tag-jim-carrey-en","cat-15802-id","cat-15851-id","cat-15910-id"],"acf":[],"yoast_head":"<!-- This site is optimized with the Yoast SEO plugin v27.4 - https:\/\/yoast.com\/product\/yoast-seo-wordpress\/ -->\n<title>Jim Carrey celebra su aniversario con una cena de la comedia<\/title>\n<meta name=\"description\" content=\"Click here to read the Spanish version. The actor celebrated his 62nd birthday with an all-star party with a cast of stars including Adam Sandler and\" \/>\n<meta name=\"robots\" content=\"index, follow, max-snippet:-1, max-image-preview:large, max-video-preview:-1\" \/>\n<link rel=\"canonical\" href=\"https:\/\/www.tapasmagazine.es\/en\/jim-carrey-celebrates-birthday-iconic-comedy-dinner\/\" \/>\n<meta property=\"og:locale\" content=\"en_US\" \/>\n<meta property=\"og:type\" content=\"article\" \/>\n<meta property=\"og:title\" content=\"Jim Carrey celebra su aniversario con una cena de la comedia\" \/>\n<meta property=\"og:description\" content=\"Click here to read the Spanish version. The actor celebrated his 62nd birthday with an all-star party with a cast of stars including Adam Sandler and\" \/>\n<meta property=\"og:url\" content=\"https:\/\/www.tapasmagazine.es\/en\/jim-carrey-celebrates-birthday-iconic-comedy-dinner\/\" \/>\n<meta property=\"og:site_name\" content=\"Tapas\" \/>\n<meta property=\"article:publisher\" content=\"https:\/\/www.facebook.com\/tapasmagazine\" \/>\n<meta property=\"article:published_time\" content=\"2024-01-19T10:25:58+00:00\" \/>\n<meta property=\"article:modified_time\" content=\"2024-01-19T10:31:09+00:00\" \/>\n<meta property=\"og:image\" content=\"https:\/\/www.tapasmagazine.es\/wp-content\/uploads\/2024\/01\/cumpleanos-jim-carrey-1.jpg\" \/>\n\t<meta property=\"og:image:width\" content=\"1200\" \/>\n\t<meta property=\"og:image:height\" content=\"675\" \/>\n\t<meta property=\"og:image:type\" content=\"image\/jpeg\" \/>\n<meta name=\"author\" content=\"Laura P\u00e9rez\" \/>\n<meta name=\"twitter:card\" content=\"summary_large_image\" \/>\n<meta name=\"twitter:creator\" content=\"@TapasMagazine\" \/>\n<meta name=\"twitter:site\" content=\"@TapasMagazine\" \/>\n<meta name=\"twitter:label1\" content=\"Written by\" \/>\n\t<meta name=\"twitter:data1\" content=\"Laura P\u00e9rez\" \/>\n\t<meta name=\"twitter:label2\" content=\"Est. reading time\" \/>\n\t<meta name=\"twitter:data2\" content=\"2 minutes\" \/>\n<script type=\"application\/ld+json\" class=\"yoast-schema-graph\">{\"@context\":\"https:\\\/\\\/schema.org\",\"@graph\":[{\"@type\":\"Article\",\"@id\":\"https:\\\/\\\/www.tapasmagazine.es\\\/en\\\/jim-carrey-celebrates-birthday-iconic-comedy-dinner\\\/#article\",\"isPartOf\":{\"@id\":\"https:\\\/\\\/www.tapasmagazine.es\\\/en\\\/jim-carrey-celebrates-birthday-iconic-comedy-dinner\\\/\"},\"author\":{\"name\":\"Laura P\u00e9rez\",\"@id\":\"https:\\\/\\\/www.tapasmagazine.es\\\/#\\\/schema\\\/person\\\/eb46cbe76a9c8f062660eb609e3ecb4e\"},\"headline\":\"Jim Carrey celebrates his birthday with an iconic comedy dinner\",\"datePublished\":\"2024-01-19T10:25:58+00:00\",\"dateModified\":\"2024-01-19T10:31:09+00:00\",\"mainEntityOfPage\":{\"@id\":\"https:\\\/\\\/www.tapasmagazine.es\\\/en\\\/jim-carrey-celebrates-birthday-iconic-comedy-dinner\\\/\"},\"wordCount\":150,\"commentCount\":0,\"publisher\":{\"@id\":\"https:\\\/\\\/www.tapasmagazine.es\\\/#organization\"},\"image\":{\"@id\":\"https:\\\/\\\/www.tapasmagazine.es\\\/en\\\/jim-carrey-celebrates-birthday-iconic-comedy-dinner\\\/#primaryimage\"},\"thumbnailUrl\":\"https:\\\/\\\/www.tapasmagazine.es\\\/wp-content\\\/uploads\\\/2024\\\/01\\\/cumpleanos-jim-carrey-1.jpg\",\"keywords\":[\"Jim Carrey\"],\"articleSection\":[\"News\",\"Nombres propios\",\"Personajes\"],\"inLanguage\":\"en-US\",\"potentialAction\":[{\"@type\":\"CommentAction\",\"name\":\"Comment\",\"target\":[\"https:\\\/\\\/www.tapasmagazine.es\\\/en\\\/jim-carrey-celebrates-birthday-iconic-comedy-dinner\\\/#respond\"]}]},{\"@type\":\"WebPage\",\"@id\":\"https:\\\/\\\/www.tapasmagazine.es\\\/en\\\/jim-carrey-celebrates-birthday-iconic-comedy-dinner\\\/\",\"url\":\"https:\\\/\\\/www.tapasmagazine.es\\\/en\\\/jim-carrey-celebrates-birthday-iconic-comedy-dinner\\\/\",\"name\":\"Jim Carrey celebra su aniversario con una cena de la comedia\",\"isPartOf\":{\"@id\":\"https:\\\/\\\/www.tapasmagazine.es\\\/#website\"},\"primaryImageOfPage\":{\"@id\":\"https:\\\/\\\/www.tapasmagazine.es\\\/en\\\/jim-carrey-celebrates-birthday-iconic-comedy-dinner\\\/#primaryimage\"},\"image\":{\"@id\":\"https:\\\/\\\/www.tapasmagazine.es\\\/en\\\/jim-carrey-celebrates-birthday-iconic-comedy-dinner\\\/#primaryimage\"},\"thumbnailUrl\":\"https:\\\/\\\/www.tapasmagazine.es\\\/wp-content\\\/uploads\\\/2024\\\/01\\\/cumpleanos-jim-carrey-1.jpg\",\"datePublished\":\"2024-01-19T10:25:58+00:00\",\"dateModified\":\"2024-01-19T10:31:09+00:00\",\"description\":\"Click here to read the Spanish version. The actor celebrated his 62nd birthday with an all-star party with a cast of stars including Adam Sandler and\",\"breadcrumb\":{\"@id\":\"https:\\\/\\\/www.tapasmagazine.es\\\/en\\\/jim-carrey-celebrates-birthday-iconic-comedy-dinner\\\/#breadcrumb\"},\"inLanguage\":\"en-US\",\"potentialAction\":[{\"@type\":\"ReadAction\",\"target\":[\"https:\\\/\\\/www.tapasmagazine.es\\\/en\\\/jim-carrey-celebrates-birthday-iconic-comedy-dinner\\\/\"]}]},{\"@type\":\"ImageObject\",\"inLanguage\":\"en-US\",\"@id\":\"https:\\\/\\\/www.tapasmagazine.es\\\/en\\\/jim-carrey-celebrates-birthday-iconic-comedy-dinner\\\/#primaryimage\",\"url\":\"https:\\\/\\\/www.tapasmagazine.es\\\/wp-content\\\/uploads\\\/2024\\\/01\\\/cumpleanos-jim-carrey-1.jpg\",\"contentUrl\":\"https:\\\/\\\/www.tapasmagazine.es\\\/wp-content\\\/uploads\\\/2024\\\/01\\\/cumpleanos-jim-carrey-1.jpg\",\"width\":1200,\"height\":675},{\"@type\":\"BreadcrumbList\",\"@id\":\"https:\\\/\\\/www.tapasmagazine.es\\\/en\\\/jim-carrey-celebrates-birthday-iconic-comedy-dinner\\\/#breadcrumb\",\"itemListElement\":[{\"@type\":\"ListItem\",\"position\":1,\"name\":\"Portada\",\"item\":\"https:\\\/\\\/www.tapasmagazine.es\\\/\"},{\"@type\":\"ListItem\",\"position\":2,\"name\":\"News\",\"item\":\"https:\\\/\\\/www.tapasmagazine.es\\\/en\\\/categorias\\\/news\\\/\"},{\"@type\":\"ListItem\",\"position\":3,\"name\":\"Jim Carrey celebrates his birthday with an iconic comedy dinner\"}]},{\"@type\":\"WebSite\",\"@id\":\"https:\\\/\\\/www.tapasmagazine.es\\\/#website\",\"url\":\"https:\\\/\\\/www.tapasmagazine.es\\\/\",\"name\":\"Tapas\",\"description\":\"\u00d1am \u00d1am Lifestyle. La vida a bocados. Premio Nacional de Gastronom\u00eda 2016.\",\"publisher\":{\"@id\":\"https:\\\/\\\/www.tapasmagazine.es\\\/#organization\"},\"potentialAction\":[{\"@type\":\"SearchAction\",\"target\":{\"@type\":\"EntryPoint\",\"urlTemplate\":\"https:\\\/\\\/www.tapasmagazine.es\\\/?s={search_term_string}\"},\"query-input\":{\"@type\":\"PropertyValueSpecification\",\"valueRequired\":true,\"valueName\":\"search_term_string\"}}],\"inLanguage\":\"en-US\"},{\"@type\":\"Organization\",\"@id\":\"https:\\\/\\\/www.tapasmagazine.es\\\/#organization\",\"name\":\"Tapas Magazine\",\"url\":\"https:\\\/\\\/www.tapasmagazine.es\\\/\",\"logo\":{\"@type\":\"ImageObject\",\"inLanguage\":\"en-US\",\"@id\":\"https:\\\/\\\/www.tapasmagazine.es\\\/#\\\/schema\\\/logo\\\/image\\\/\",\"url\":\"https:\\\/\\\/www.tapasmagazine.es\\\/wp-content\\\/uploads\\\/2018\\\/01\\\/logo.png\",\"contentUrl\":\"https:\\\/\\\/www.tapasmagazine.es\\\/wp-content\\\/uploads\\\/2018\\\/01\\\/logo.png\",\"width\":180,\"height\":60,\"caption\":\"Tapas Magazine\"},\"image\":{\"@id\":\"https:\\\/\\\/www.tapasmagazine.es\\\/#\\\/schema\\\/logo\\\/image\\\/\"},\"sameAs\":[\"https:\\\/\\\/www.facebook.com\\\/tapasmagazine\",\"https:\\\/\\\/x.com\\\/TapasMagazine\",\"https:\\\/\\\/www.instagram.com\\\/tapasmagazine\\\/\",\"https:\\\/\\\/www.linkedin.com\\\/company\\\/tapas-magazine\",\"https:\\\/\\\/es.pinterest.com\\\/tapasmagazine\\\/\",\"https:\\\/\\\/www.youtube.com\\\/channel\\\/UCEyxneAaACuR0lfDagrWjjg?sub_confirmation=1\"]},{\"@type\":\"Person\",\"@id\":\"https:\\\/\\\/www.tapasmagazine.es\\\/#\\\/schema\\\/person\\\/eb46cbe76a9c8f062660eb609e3ecb4e\",\"name\":\"Laura P\u00e9rez\",\"url\":\"https:\\\/\\\/www.tapasmagazine.es\\\/en\\\/author\\\/laura-perez\\\/\"}]}<\/script>\n<!-- \/ Yoast SEO plugin. -->","yoast_head_json":{"title":"Jim Carrey celebra su aniversario con una cena de la comedia","description":"Click here to read the Spanish version. The actor celebrated his 62nd birthday with an all-star party with a cast of stars including Adam Sandler and","robots":{"index":"index","follow":"follow","max-snippet":"max-snippet:-1","max-image-preview":"max-image-preview:large","max-video-preview":"max-video-preview:-1"},"canonical":"https:\/\/www.tapasmagazine.es\/en\/jim-carrey-celebrates-birthday-iconic-comedy-dinner\/","og_locale":"en_US","og_type":"article","og_title":"Jim Carrey celebra su aniversario con una cena de la comedia","og_description":"Click here to read the Spanish version. The actor celebrated his 62nd birthday with an all-star party with a cast of stars including Adam Sandler and","og_url":"https:\/\/www.tapasmagazine.es\/en\/jim-carrey-celebrates-birthday-iconic-comedy-dinner\/","og_site_name":"Tapas","article_publisher":"https:\/\/www.facebook.com\/tapasmagazine","article_published_time":"2024-01-19T10:25:58+00:00","article_modified_time":"2024-01-19T10:31:09+00:00","og_image":[{"width":1200,"height":675,"url":"https:\/\/www.tapasmagazine.es\/wp-content\/uploads\/2024\/01\/cumpleanos-jim-carrey-1.jpg","type":"image\/jpeg"}],"author":"Laura P\u00e9rez","twitter_card":"summary_large_image","twitter_creator":"@TapasMagazine","twitter_site":"@TapasMagazine","twitter_misc":{"Written by":"Laura P\u00e9rez","Est. reading time":"2 minutes"},"schema":{"@context":"https:\/\/schema.org","@graph":[{"@type":"Article","@id":"https:\/\/www.tapasmagazine.es\/en\/jim-carrey-celebrates-birthday-iconic-comedy-dinner\/#article","isPartOf":{"@id":"https:\/\/www.tapasmagazine.es\/en\/jim-carrey-celebrates-birthday-iconic-comedy-dinner\/"},"author":{"name":"Laura P\u00e9rez","@id":"https:\/\/www.tapasmagazine.es\/#\/schema\/person\/eb46cbe76a9c8f062660eb609e3ecb4e"},"headline":"Jim Carrey celebrates his birthday with an iconic comedy dinner","datePublished":"2024-01-19T10:25:58+00:00","dateModified":"2024-01-19T10:31:09+00:00","mainEntityOfPage":{"@id":"https:\/\/www.tapasmagazine.es\/en\/jim-carrey-celebrates-birthday-iconic-comedy-dinner\/"},"wordCount":150,"commentCount":0,"publisher":{"@id":"https:\/\/www.tapasmagazine.es\/#organization"},"image":{"@id":"https:\/\/www.tapasmagazine.es\/en\/jim-carrey-celebrates-birthday-iconic-comedy-dinner\/#primaryimage"},"thumbnailUrl":"https:\/\/www.tapasmagazine.es\/wp-content\/uploads\/2024\/01\/cumpleanos-jim-carrey-1.jpg","keywords":["Jim Carrey"],"articleSection":["News","Nombres propios","Personajes"],"inLanguage":"en-US","potentialAction":[{"@type":"CommentAction","name":"Comment","target":["https:\/\/www.tapasmagazine.es\/en\/jim-carrey-celebrates-birthday-iconic-comedy-dinner\/#respond"]}]},{"@type":"WebPage","@id":"https:\/\/www.tapasmagazine.es\/en\/jim-carrey-celebrates-birthday-iconic-comedy-dinner\/","url":"https:\/\/www.tapasmagazine.es\/en\/jim-carrey-celebrates-birthday-iconic-comedy-dinner\/","name":"Jim Carrey celebra su aniversario con una cena de la comedia","isPartOf":{"@id":"https:\/\/www.tapasmagazine.es\/#website"},"primaryImageOfPage":{"@id":"https:\/\/www.tapasmagazine.es\/en\/jim-carrey-celebrates-birthday-iconic-comedy-dinner\/#primaryimage"},"image":{"@id":"https:\/\/www.tapasmagazine.es\/en\/jim-carrey-celebrates-birthday-iconic-comedy-dinner\/#primaryimage"},"thumbnailUrl":"https:\/\/www.tapasmagazine.es\/wp-content\/uploads\/2024\/01\/cumpleanos-jim-carrey-1.jpg","datePublished":"2024-01-19T10:25:58+00:00","dateModified":"2024-01-19T10:31:09+00:00","description":"Click here to read the Spanish version. The actor celebrated his 62nd birthday with an all-star party with a cast of stars including Adam Sandler and","breadcrumb":{"@id":"https:\/\/www.tapasmagazine.es\/en\/jim-carrey-celebrates-birthday-iconic-comedy-dinner\/#breadcrumb"},"inLanguage":"en-US","potentialAction":[{"@type":"ReadAction","target":["https:\/\/www.tapasmagazine.es\/en\/jim-carrey-celebrates-birthday-iconic-comedy-dinner\/"]}]},{"@type":"ImageObject","inLanguage":"en-US","@id":"https:\/\/www.tapasmagazine.es\/en\/jim-carrey-celebrates-birthday-iconic-comedy-dinner\/#primaryimage","url":"https:\/\/www.tapasmagazine.es\/wp-content\/uploads\/2024\/01\/cumpleanos-jim-carrey-1.jpg","contentUrl":"https:\/\/www.tapasmagazine.es\/wp-content\/uploads\/2024\/01\/cumpleanos-jim-carrey-1.jpg","width":1200,"height":675},{"@type":"BreadcrumbList","@id":"https:\/\/www.tapasmagazine.es\/en\/jim-carrey-celebrates-birthday-iconic-comedy-dinner\/#breadcrumb","itemListElement":[{"@type":"ListItem","position":1,"name":"Portada","item":"https:\/\/www.tapasmagazine.es\/"},{"@type":"ListItem","position":2,"name":"News","item":"https:\/\/www.tapasmagazine.es\/en\/categorias\/news\/"},{"@type":"ListItem","position":3,"name":"Jim Carrey celebrates his birthday with an iconic comedy dinner"}]},{"@type":"WebSite","@id":"https:\/\/www.tapasmagazine.es\/#website","url":"https:\/\/www.tapasmagazine.es\/","name":"Tapas","description":"\u00d1am \u00d1am Lifestyle. La vida a bocados. Premio Nacional de Gastronom\u00eda 2016.","publisher":{"@id":"https:\/\/www.tapasmagazine.es\/#organization"},"potentialAction":[{"@type":"SearchAction","target":{"@type":"EntryPoint","urlTemplate":"https:\/\/www.tapasmagazine.es\/?s={search_term_string}"},"query-input":{"@type":"PropertyValueSpecification","valueRequired":true,"valueName":"search_term_string"}}],"inLanguage":"en-US"},{"@type":"Organization","@id":"https:\/\/www.tapasmagazine.es\/#organization","name":"Tapas Magazine","url":"https:\/\/www.tapasmagazine.es\/","logo":{"@type":"ImageObject","inLanguage":"en-US","@id":"https:\/\/www.tapasmagazine.es\/#\/schema\/logo\/image\/","url":"https:\/\/www.tapasmagazine.es\/wp-content\/uploads\/2018\/01\/logo.png","contentUrl":"https:\/\/www.tapasmagazine.es\/wp-content\/uploads\/2018\/01\/logo.png","width":180,"height":60,"caption":"Tapas Magazine"},"image":{"@id":"https:\/\/www.tapasmagazine.es\/#\/schema\/logo\/image\/"},"sameAs":["https:\/\/www.facebook.com\/tapasmagazine","https:\/\/x.com\/TapasMagazine","https:\/\/www.instagram.com\/tapasmagazine\/","https:\/\/www.linkedin.com\/company\/tapas-magazine","https:\/\/es.pinterest.com\/tapasmagazine\/","https:\/\/www.youtube.com\/channel\/UCEyxneAaACuR0lfDagrWjjg?sub_confirmation=1"]},{"@type":"Person","@id":"https:\/\/www.tapasmagazine.es\/#\/schema\/person\/eb46cbe76a9c8f062660eb609e3ecb4e","name":"Laura P\u00e9rez","url":"https:\/\/www.tapasmagazine.es\/en\/author\/laura-perez\/"}]}},"_links":{"self":[{"href":"https:\/\/www.tapasmagazine.es\/en\/wp-json\/wp\/v2\/posts\/230587","targetHints":{"allow":["GET"]}}],"collection":[{"href":"https:\/\/www.tapasmagazine.es\/en\/wp-json\/wp\/v2\/posts"}],"about":[{"href":"https:\/\/www.tapasmagazine.es\/en\/wp-json\/wp\/v2\/types\/post"}],"author":[{"embeddable":true,"href":"https:\/\/www.tapasmagazine.es\/en\/wp-json\/wp\/v2\/users\/285"}],"replies":[{"embeddable":true,"href":"https:\/\/www.tapasmagazine.es\/en\/wp-json\/wp\/v2\/comments?post=230587"}],"version-history":[{"count":4,"href":"https:\/\/www.tapasmagazine.es\/en\/wp-json\/wp\/v2\/posts\/230587\/revisions"}],"predecessor-version":[{"id":230592,"href":"https:\/\/www.tapasmagazine.es\/en\/wp-json\/wp\/v2\/posts\/230587\/revisions\/230592"}],"wp:featuredmedia":[{"embeddable":true,"href":"https:\/\/www.tapasmagazine.es\/en\/wp-json\/wp\/v2\/media\/230580"}],"wp:attachment":[{"href":"https:\/\/www.tapasmagazine.es\/en\/wp-json\/wp\/v2\/media?parent=230587"}],"wp:term":[{"taxonomy":"category","embeddable":true,"href":"https:\/\/www.tapasmagazine.es\/en\/wp-json\/wp\/v2\/categories?post=230587"},{"taxonomy":"post_tag","embeddable":true,"href":"https:\/\/www.tapasmagazine.es\/en\/wp-json\/wp\/v2\/tags?post=230587"}],"curies":[{"name":"wp","href":"https:\/\/api.w.org\/{rel}","templated":true}]}}