{"id":230336,"date":"2024-01-18T11:58:59","date_gmt":"2024-01-18T10:58:59","guid":{"rendered":"https:\/\/www.tapasmagazine.es\/?p=230336"},"modified":"2024-01-18T12:04:03","modified_gmt":"2024-01-18T11:04:03","slug":"mercadona-will-open-a-supermarket-in-the-current-ac-aravaca-hotel","status":"publish","type":"post","link":"https:\/\/www.tapasmagazine.es\/en\/mercadona-will-open-a-supermarket-in-the-current-ac-aravaca-hotel\/","title":{"rendered":"Mercadona will open a supermarket in the current AC Aravaca hotel"},"content":{"rendered":"\n<p><strong>Click <a href=\"https:\/\/www.tapasmagazine.es\/mercadona-abrira-un-supermercado-en-el-actual-hotel-ac-aravaca\/\" target=\"_blank\" rel=\"noreferrer noopener\">here<\/a> to read the Spanish version.<\/strong><br>Spain&#8217;s largest supermarket chain continues its unstoppable expansion and wants to continue growing in the capital by 2024. As reported by Expansi\u00f3n, Mercadona has just signed an agreement with the company Beluga 2013, owned by Antonio Catal\u00e1n, to buy the AC Aravaca hotel and open a new supermarket there by 2025.<\/p>\n\n\n\n<p>According to <a href=\"https:\/\/www.expansion.com\/\" target=\"_blank\" rel=\"noreferrer noopener\">Expansi\u00f3n<\/a>, the amount of this transaction would be around 16 million euros. The hotel, located in a privileged location next to the A-6 highway, in the Moncloa-Aravaca district, has been open for two decades and has 110 rooms. As the space needs to be properly fitted out in order to convert it into the usual Mercadona supermarket, it is estimated that the process will take a few months and the premises will be ready for next year.<\/p>\n\n\n\n<figure class=\"wp-block-image size-large\"><a href=\"https:\/\/www.tapasmagazine.es\/wp-content\/uploads\/2024\/01\/mercadona1.jpg\"><img decoding=\"async\" width=\"1024\" height=\"576\" src=\"https:\/\/www.tapasmagazine.es\/wp-content\/uploads\/2024\/01\/mercadona1-1024x576.jpg\" alt=\"\" class=\"wp-image-230333\" srcset=\"https:\/\/www.tapasmagazine.es\/wp-content\/uploads\/2024\/01\/mercadona1-1024x576.jpg 1024w, https:\/\/www.tapasmagazine.es\/wp-content\/uploads\/2024\/01\/mercadona1-300x169.jpg 300w, https:\/\/www.tapasmagazine.es\/wp-content\/uploads\/2024\/01\/mercadona1-768x432.jpg 768w, https:\/\/www.tapasmagazine.es\/wp-content\/uploads\/2024\/01\/mercadona1-1000x563.jpg 1000w, https:\/\/www.tapasmagazine.es\/wp-content\/uploads\/2024\/01\/mercadona1-400x225.jpg 400w, https:\/\/www.tapasmagazine.es\/wp-content\/uploads\/2024\/01\/mercadona1.jpg 1200w\" sizes=\"(max-width: 1024px) 100vw, 1024px\" \/><\/a><\/figure>\n\n\n\n<p>With this new store in the Aravaca hotel, Mercadona will now have four establishments in the Moncloa-Aravaca district, one of the best areas of the capital. In addition, the supermarket giant has more than 1,600 stores in Spain and 50 in Portugal, with a workforce of more than 100,000 employees.<\/p>\n","protected":false},"excerpt":{"rendered":"<p>Click here to read the Spanish version.Spain&#8217;s largest supermarket chain continues its unstoppable expansion and wants to continue growing in the capital by 2024. As reported by Expansi\u00f3n, Mercadona has just signed an agreement with the company Beluga 2013, owned by Antonio Catal\u00e1n, to buy the AC Aravaca hotel and open a new supermarket there [&hellip;]<\/p>\n","protected":false},"author":249,"featured_media":230332,"comment_status":"open","ping_status":"closed","sticky":false,"template":"single-feature.php","format":"standard","meta":{"_acf_changed":false,"footnotes":""},"categories":[15802],"tags":[],"class_list":["post-230336","post","type-post","status-publish","format-standard","has-post-thumbnail","hentry","category-news","cat-15802-id"],"acf":[],"yoast_head":"<!-- This site is optimized with the Yoast SEO plugin v27.5 - https:\/\/yoast.com\/product\/yoast-seo-wordpress\/ -->\n<title>Mercadona will open a supermarket in the current AC Aravaca hotel - Tapas<\/title>\n<meta name=\"description\" content=\"Mercadona continues its expansion in the western area of Madrid with a new store in this hotel in Aravaca that will open in 2025.\" \/>\n<meta name=\"robots\" content=\"index, follow, max-snippet:-1, max-image-preview:large, max-video-preview:-1\" \/>\n<link rel=\"canonical\" href=\"https:\/\/www.tapasmagazine.es\/en\/mercadona-will-open-a-supermarket-in-the-current-ac-aravaca-hotel\/\" \/>\n<meta property=\"og:locale\" content=\"en_US\" \/>\n<meta property=\"og:type\" content=\"article\" \/>\n<meta property=\"og:title\" content=\"Mercadona will open a supermarket in the current AC Aravaca hotel - Tapas\" \/>\n<meta property=\"og:description\" content=\"Mercadona continues its expansion in the western area of Madrid with a new store in this hotel in Aravaca that will open in 2025.\" \/>\n<meta property=\"og:url\" content=\"https:\/\/www.tapasmagazine.es\/en\/mercadona-will-open-a-supermarket-in-the-current-ac-aravaca-hotel\/\" \/>\n<meta property=\"og:site_name\" content=\"Tapas\" \/>\n<meta property=\"article:publisher\" content=\"https:\/\/www.facebook.com\/tapasmagazine\" \/>\n<meta property=\"article:published_time\" content=\"2024-01-18T10:58:59+00:00\" \/>\n<meta property=\"article:modified_time\" content=\"2024-01-18T11:04:03+00:00\" \/>\n<meta property=\"og:image\" content=\"https:\/\/www.tapasmagazine.es\/wp-content\/uploads\/2024\/01\/ac-hotel-aravaca-mercadona.jpg\" \/>\n\t<meta property=\"og:image:width\" content=\"1200\" \/>\n\t<meta property=\"og:image:height\" content=\"675\" \/>\n\t<meta property=\"og:image:type\" content=\"image\/jpeg\" \/>\n<meta name=\"author\" content=\"TAPAS\" \/>\n<meta name=\"twitter:card\" content=\"summary_large_image\" \/>\n<meta name=\"twitter:creator\" content=\"@TapasMagazine\" \/>\n<meta name=\"twitter:site\" content=\"@TapasMagazine\" \/>\n<meta name=\"twitter:label1\" content=\"Written by\" \/>\n\t<meta name=\"twitter:data1\" content=\"TAPAS\" \/>\n\t<meta name=\"twitter:label2\" content=\"Est. reading time\" \/>\n\t<meta name=\"twitter:data2\" content=\"2 minutes\" \/>\n<script type=\"application\/ld+json\" class=\"yoast-schema-graph\">{\"@context\":\"https:\\\/\\\/schema.org\",\"@graph\":[{\"@type\":\"Article\",\"@id\":\"https:\\\/\\\/www.tapasmagazine.es\\\/en\\\/mercadona-will-open-a-supermarket-in-the-current-ac-aravaca-hotel\\\/#article\",\"isPartOf\":{\"@id\":\"https:\\\/\\\/www.tapasmagazine.es\\\/en\\\/mercadona-will-open-a-supermarket-in-the-current-ac-aravaca-hotel\\\/\"},\"author\":{\"name\":\"TAPAS\",\"@id\":\"https:\\\/\\\/www.tapasmagazine.es\\\/#\\\/schema\\\/person\\\/906ea2ea4697837608d99f4cc085cea3\"},\"headline\":\"Mercadona will open a supermarket in the current AC Aravaca hotel\",\"datePublished\":\"2024-01-18T10:58:59+00:00\",\"dateModified\":\"2024-01-18T11:04:03+00:00\",\"mainEntityOfPage\":{\"@id\":\"https:\\\/\\\/www.tapasmagazine.es\\\/en\\\/mercadona-will-open-a-supermarket-in-the-current-ac-aravaca-hotel\\\/\"},\"wordCount\":194,\"commentCount\":0,\"publisher\":{\"@id\":\"https:\\\/\\\/www.tapasmagazine.es\\\/#organization\"},\"image\":{\"@id\":\"https:\\\/\\\/www.tapasmagazine.es\\\/en\\\/mercadona-will-open-a-supermarket-in-the-current-ac-aravaca-hotel\\\/#primaryimage\"},\"thumbnailUrl\":\"https:\\\/\\\/www.tapasmagazine.es\\\/wp-content\\\/uploads\\\/2024\\\/01\\\/ac-hotel-aravaca-mercadona.jpg\",\"articleSection\":[\"News\"],\"inLanguage\":\"en-US\",\"potentialAction\":[{\"@type\":\"CommentAction\",\"name\":\"Comment\",\"target\":[\"https:\\\/\\\/www.tapasmagazine.es\\\/en\\\/mercadona-will-open-a-supermarket-in-the-current-ac-aravaca-hotel\\\/#respond\"]}]},{\"@type\":\"WebPage\",\"@id\":\"https:\\\/\\\/www.tapasmagazine.es\\\/en\\\/mercadona-will-open-a-supermarket-in-the-current-ac-aravaca-hotel\\\/\",\"url\":\"https:\\\/\\\/www.tapasmagazine.es\\\/en\\\/mercadona-will-open-a-supermarket-in-the-current-ac-aravaca-hotel\\\/\",\"name\":\"Mercadona will open a supermarket in the current AC Aravaca hotel - Tapas\",\"isPartOf\":{\"@id\":\"https:\\\/\\\/www.tapasmagazine.es\\\/#website\"},\"primaryImageOfPage\":{\"@id\":\"https:\\\/\\\/www.tapasmagazine.es\\\/en\\\/mercadona-will-open-a-supermarket-in-the-current-ac-aravaca-hotel\\\/#primaryimage\"},\"image\":{\"@id\":\"https:\\\/\\\/www.tapasmagazine.es\\\/en\\\/mercadona-will-open-a-supermarket-in-the-current-ac-aravaca-hotel\\\/#primaryimage\"},\"thumbnailUrl\":\"https:\\\/\\\/www.tapasmagazine.es\\\/wp-content\\\/uploads\\\/2024\\\/01\\\/ac-hotel-aravaca-mercadona.jpg\",\"datePublished\":\"2024-01-18T10:58:59+00:00\",\"dateModified\":\"2024-01-18T11:04:03+00:00\",\"description\":\"Mercadona continues its expansion in the western area of Madrid with a new store in this hotel in Aravaca that will open in 2025.\",\"breadcrumb\":{\"@id\":\"https:\\\/\\\/www.tapasmagazine.es\\\/en\\\/mercadona-will-open-a-supermarket-in-the-current-ac-aravaca-hotel\\\/#breadcrumb\"},\"inLanguage\":\"en-US\",\"potentialAction\":[{\"@type\":\"ReadAction\",\"target\":[\"https:\\\/\\\/www.tapasmagazine.es\\\/en\\\/mercadona-will-open-a-supermarket-in-the-current-ac-aravaca-hotel\\\/\"]}]},{\"@type\":\"ImageObject\",\"inLanguage\":\"en-US\",\"@id\":\"https:\\\/\\\/www.tapasmagazine.es\\\/en\\\/mercadona-will-open-a-supermarket-in-the-current-ac-aravaca-hotel\\\/#primaryimage\",\"url\":\"https:\\\/\\\/www.tapasmagazine.es\\\/wp-content\\\/uploads\\\/2024\\\/01\\\/ac-hotel-aravaca-mercadona.jpg\",\"contentUrl\":\"https:\\\/\\\/www.tapasmagazine.es\\\/wp-content\\\/uploads\\\/2024\\\/01\\\/ac-hotel-aravaca-mercadona.jpg\",\"width\":1200,\"height\":675},{\"@type\":\"BreadcrumbList\",\"@id\":\"https:\\\/\\\/www.tapasmagazine.es\\\/en\\\/mercadona-will-open-a-supermarket-in-the-current-ac-aravaca-hotel\\\/#breadcrumb\",\"itemListElement\":[{\"@type\":\"ListItem\",\"position\":1,\"name\":\"Portada\",\"item\":\"https:\\\/\\\/www.tapasmagazine.es\\\/\"},{\"@type\":\"ListItem\",\"position\":2,\"name\":\"News\",\"item\":\"https:\\\/\\\/www.tapasmagazine.es\\\/en\\\/categorias\\\/news\\\/\"},{\"@type\":\"ListItem\",\"position\":3,\"name\":\"Mercadona will open a supermarket in the current AC Aravaca hotel\"}]},{\"@type\":\"WebSite\",\"@id\":\"https:\\\/\\\/www.tapasmagazine.es\\\/#website\",\"url\":\"https:\\\/\\\/www.tapasmagazine.es\\\/\",\"name\":\"Tapas\",\"description\":\"\u00d1am \u00d1am Lifestyle. La vida a bocados. Premio Nacional de Gastronom\u00eda 2016.\",\"publisher\":{\"@id\":\"https:\\\/\\\/www.tapasmagazine.es\\\/#organization\"},\"potentialAction\":[{\"@type\":\"SearchAction\",\"target\":{\"@type\":\"EntryPoint\",\"urlTemplate\":\"https:\\\/\\\/www.tapasmagazine.es\\\/?s={search_term_string}\"},\"query-input\":{\"@type\":\"PropertyValueSpecification\",\"valueRequired\":true,\"valueName\":\"search_term_string\"}}],\"inLanguage\":\"en-US\"},{\"@type\":\"Organization\",\"@id\":\"https:\\\/\\\/www.tapasmagazine.es\\\/#organization\",\"name\":\"Tapas Magazine\",\"url\":\"https:\\\/\\\/www.tapasmagazine.es\\\/\",\"logo\":{\"@type\":\"ImageObject\",\"inLanguage\":\"en-US\",\"@id\":\"https:\\\/\\\/www.tapasmagazine.es\\\/#\\\/schema\\\/logo\\\/image\\\/\",\"url\":\"https:\\\/\\\/www.tapasmagazine.es\\\/wp-content\\\/uploads\\\/2018\\\/01\\\/logo.png\",\"contentUrl\":\"https:\\\/\\\/www.tapasmagazine.es\\\/wp-content\\\/uploads\\\/2018\\\/01\\\/logo.png\",\"width\":180,\"height\":60,\"caption\":\"Tapas Magazine\"},\"image\":{\"@id\":\"https:\\\/\\\/www.tapasmagazine.es\\\/#\\\/schema\\\/logo\\\/image\\\/\"},\"sameAs\":[\"https:\\\/\\\/www.facebook.com\\\/tapasmagazine\",\"https:\\\/\\\/x.com\\\/TapasMagazine\",\"https:\\\/\\\/www.instagram.com\\\/tapasmagazine\\\/\",\"https:\\\/\\\/www.linkedin.com\\\/company\\\/tapas-magazine\",\"https:\\\/\\\/es.pinterest.com\\\/tapasmagazine\\\/\",\"https:\\\/\\\/www.youtube.com\\\/channel\\\/UCEyxneAaACuR0lfDagrWjjg?sub_confirmation=1\"]},{\"@type\":\"Person\",\"@id\":\"https:\\\/\\\/www.tapasmagazine.es\\\/#\\\/schema\\\/person\\\/906ea2ea4697837608d99f4cc085cea3\",\"name\":\"TAPAS\",\"url\":\"https:\\\/\\\/www.tapasmagazine.es\\\/en\\\/author\\\/tapas\\\/\"}]}<\/script>\n<!-- \/ Yoast SEO plugin. -->","yoast_head_json":{"title":"Mercadona will open a supermarket in the current AC Aravaca hotel - Tapas","description":"Mercadona continues its expansion in the western area of Madrid with a new store in this hotel in Aravaca that will open in 2025.","robots":{"index":"index","follow":"follow","max-snippet":"max-snippet:-1","max-image-preview":"max-image-preview:large","max-video-preview":"max-video-preview:-1"},"canonical":"https:\/\/www.tapasmagazine.es\/en\/mercadona-will-open-a-supermarket-in-the-current-ac-aravaca-hotel\/","og_locale":"en_US","og_type":"article","og_title":"Mercadona will open a supermarket in the current AC Aravaca hotel - Tapas","og_description":"Mercadona continues its expansion in the western area of Madrid with a new store in this hotel in Aravaca that will open in 2025.","og_url":"https:\/\/www.tapasmagazine.es\/en\/mercadona-will-open-a-supermarket-in-the-current-ac-aravaca-hotel\/","og_site_name":"Tapas","article_publisher":"https:\/\/www.facebook.com\/tapasmagazine","article_published_time":"2024-01-18T10:58:59+00:00","article_modified_time":"2024-01-18T11:04:03+00:00","og_image":[{"width":1200,"height":675,"url":"https:\/\/www.tapasmagazine.es\/wp-content\/uploads\/2024\/01\/ac-hotel-aravaca-mercadona.jpg","type":"image\/jpeg"}],"author":"TAPAS","twitter_card":"summary_large_image","twitter_creator":"@TapasMagazine","twitter_site":"@TapasMagazine","twitter_misc":{"Written by":"TAPAS","Est. reading time":"2 minutes"},"schema":{"@context":"https:\/\/schema.org","@graph":[{"@type":"Article","@id":"https:\/\/www.tapasmagazine.es\/en\/mercadona-will-open-a-supermarket-in-the-current-ac-aravaca-hotel\/#article","isPartOf":{"@id":"https:\/\/www.tapasmagazine.es\/en\/mercadona-will-open-a-supermarket-in-the-current-ac-aravaca-hotel\/"},"author":{"name":"TAPAS","@id":"https:\/\/www.tapasmagazine.es\/#\/schema\/person\/906ea2ea4697837608d99f4cc085cea3"},"headline":"Mercadona will open a supermarket in the current AC Aravaca hotel","datePublished":"2024-01-18T10:58:59+00:00","dateModified":"2024-01-18T11:04:03+00:00","mainEntityOfPage":{"@id":"https:\/\/www.tapasmagazine.es\/en\/mercadona-will-open-a-supermarket-in-the-current-ac-aravaca-hotel\/"},"wordCount":194,"commentCount":0,"publisher":{"@id":"https:\/\/www.tapasmagazine.es\/#organization"},"image":{"@id":"https:\/\/www.tapasmagazine.es\/en\/mercadona-will-open-a-supermarket-in-the-current-ac-aravaca-hotel\/#primaryimage"},"thumbnailUrl":"https:\/\/www.tapasmagazine.es\/wp-content\/uploads\/2024\/01\/ac-hotel-aravaca-mercadona.jpg","articleSection":["News"],"inLanguage":"en-US","potentialAction":[{"@type":"CommentAction","name":"Comment","target":["https:\/\/www.tapasmagazine.es\/en\/mercadona-will-open-a-supermarket-in-the-current-ac-aravaca-hotel\/#respond"]}]},{"@type":"WebPage","@id":"https:\/\/www.tapasmagazine.es\/en\/mercadona-will-open-a-supermarket-in-the-current-ac-aravaca-hotel\/","url":"https:\/\/www.tapasmagazine.es\/en\/mercadona-will-open-a-supermarket-in-the-current-ac-aravaca-hotel\/","name":"Mercadona will open a supermarket in the current AC Aravaca hotel - Tapas","isPartOf":{"@id":"https:\/\/www.tapasmagazine.es\/#website"},"primaryImageOfPage":{"@id":"https:\/\/www.tapasmagazine.es\/en\/mercadona-will-open-a-supermarket-in-the-current-ac-aravaca-hotel\/#primaryimage"},"image":{"@id":"https:\/\/www.tapasmagazine.es\/en\/mercadona-will-open-a-supermarket-in-the-current-ac-aravaca-hotel\/#primaryimage"},"thumbnailUrl":"https:\/\/www.tapasmagazine.es\/wp-content\/uploads\/2024\/01\/ac-hotel-aravaca-mercadona.jpg","datePublished":"2024-01-18T10:58:59+00:00","dateModified":"2024-01-18T11:04:03+00:00","description":"Mercadona continues its expansion in the western area of Madrid with a new store in this hotel in Aravaca that will open in 2025.","breadcrumb":{"@id":"https:\/\/www.tapasmagazine.es\/en\/mercadona-will-open-a-supermarket-in-the-current-ac-aravaca-hotel\/#breadcrumb"},"inLanguage":"en-US","potentialAction":[{"@type":"ReadAction","target":["https:\/\/www.tapasmagazine.es\/en\/mercadona-will-open-a-supermarket-in-the-current-ac-aravaca-hotel\/"]}]},{"@type":"ImageObject","inLanguage":"en-US","@id":"https:\/\/www.tapasmagazine.es\/en\/mercadona-will-open-a-supermarket-in-the-current-ac-aravaca-hotel\/#primaryimage","url":"https:\/\/www.tapasmagazine.es\/wp-content\/uploads\/2024\/01\/ac-hotel-aravaca-mercadona.jpg","contentUrl":"https:\/\/www.tapasmagazine.es\/wp-content\/uploads\/2024\/01\/ac-hotel-aravaca-mercadona.jpg","width":1200,"height":675},{"@type":"BreadcrumbList","@id":"https:\/\/www.tapasmagazine.es\/en\/mercadona-will-open-a-supermarket-in-the-current-ac-aravaca-hotel\/#breadcrumb","itemListElement":[{"@type":"ListItem","position":1,"name":"Portada","item":"https:\/\/www.tapasmagazine.es\/"},{"@type":"ListItem","position":2,"name":"News","item":"https:\/\/www.tapasmagazine.es\/en\/categorias\/news\/"},{"@type":"ListItem","position":3,"name":"Mercadona will open a supermarket in the current AC Aravaca hotel"}]},{"@type":"WebSite","@id":"https:\/\/www.tapasmagazine.es\/#website","url":"https:\/\/www.tapasmagazine.es\/","name":"Tapas","description":"\u00d1am \u00d1am Lifestyle. La vida a bocados. Premio Nacional de Gastronom\u00eda 2016.","publisher":{"@id":"https:\/\/www.tapasmagazine.es\/#organization"},"potentialAction":[{"@type":"SearchAction","target":{"@type":"EntryPoint","urlTemplate":"https:\/\/www.tapasmagazine.es\/?s={search_term_string}"},"query-input":{"@type":"PropertyValueSpecification","valueRequired":true,"valueName":"search_term_string"}}],"inLanguage":"en-US"},{"@type":"Organization","@id":"https:\/\/www.tapasmagazine.es\/#organization","name":"Tapas Magazine","url":"https:\/\/www.tapasmagazine.es\/","logo":{"@type":"ImageObject","inLanguage":"en-US","@id":"https:\/\/www.tapasmagazine.es\/#\/schema\/logo\/image\/","url":"https:\/\/www.tapasmagazine.es\/wp-content\/uploads\/2018\/01\/logo.png","contentUrl":"https:\/\/www.tapasmagazine.es\/wp-content\/uploads\/2018\/01\/logo.png","width":180,"height":60,"caption":"Tapas Magazine"},"image":{"@id":"https:\/\/www.tapasmagazine.es\/#\/schema\/logo\/image\/"},"sameAs":["https:\/\/www.facebook.com\/tapasmagazine","https:\/\/x.com\/TapasMagazine","https:\/\/www.instagram.com\/tapasmagazine\/","https:\/\/www.linkedin.com\/company\/tapas-magazine","https:\/\/es.pinterest.com\/tapasmagazine\/","https:\/\/www.youtube.com\/channel\/UCEyxneAaACuR0lfDagrWjjg?sub_confirmation=1"]},{"@type":"Person","@id":"https:\/\/www.tapasmagazine.es\/#\/schema\/person\/906ea2ea4697837608d99f4cc085cea3","name":"TAPAS","url":"https:\/\/www.tapasmagazine.es\/en\/author\/tapas\/"}]}},"_links":{"self":[{"href":"https:\/\/www.tapasmagazine.es\/en\/wp-json\/wp\/v2\/posts\/230336","targetHints":{"allow":["GET"]}}],"collection":[{"href":"https:\/\/www.tapasmagazine.es\/en\/wp-json\/wp\/v2\/posts"}],"about":[{"href":"https:\/\/www.tapasmagazine.es\/en\/wp-json\/wp\/v2\/types\/post"}],"author":[{"embeddable":true,"href":"https:\/\/www.tapasmagazine.es\/en\/wp-json\/wp\/v2\/users\/249"}],"replies":[{"embeddable":true,"href":"https:\/\/www.tapasmagazine.es\/en\/wp-json\/wp\/v2\/comments?post=230336"}],"version-history":[{"count":4,"href":"https:\/\/www.tapasmagazine.es\/en\/wp-json\/wp\/v2\/posts\/230336\/revisions"}],"predecessor-version":[{"id":230343,"href":"https:\/\/www.tapasmagazine.es\/en\/wp-json\/wp\/v2\/posts\/230336\/revisions\/230343"}],"wp:featuredmedia":[{"embeddable":true,"href":"https:\/\/www.tapasmagazine.es\/en\/wp-json\/wp\/v2\/media\/230332"}],"wp:attachment":[{"href":"https:\/\/www.tapasmagazine.es\/en\/wp-json\/wp\/v2\/media?parent=230336"}],"wp:term":[{"taxonomy":"category","embeddable":true,"href":"https:\/\/www.tapasmagazine.es\/en\/wp-json\/wp\/v2\/categories?post=230336"},{"taxonomy":"post_tag","embeddable":true,"href":"https:\/\/www.tapasmagazine.es\/en\/wp-json\/wp\/v2\/tags?post=230336"}],"curies":[{"name":"wp","href":"https:\/\/api.w.org\/{rel}","templated":true}]}}