{"id":229926,"date":"2024-01-16T15:51:09","date_gmt":"2024-01-16T14:51:09","guid":{"rendered":"https:\/\/www.tapasmagazine.es\/rd-kitchen-asi-es-el-restaurante-en-el-que-dua-lipa-y-callum-tuvieron-una-cita\/"},"modified":"2024-01-16T15:55:14","modified_gmt":"2024-01-16T14:55:14","slug":"rd-kitchen-this-is-the-restaurant-where-dua-lipa-callum-went-on-a-date","status":"publish","type":"post","link":"https:\/\/www.tapasmagazine.es\/en\/rd-kitchen-this-is-the-restaurant-where-dua-lipa-callum-went-on-a-date\/","title":{"rendered":"R+D Kitchen, this is the restaurant where Dua Lipa and Callum went on a date"},"content":{"rendered":"\n<p><strong>Click <a href=\"https:\/\/www.tapasmagazine.es\/rd-kitchen-asi-es-el-restaurante-en-el-que-dua-lipa-y-callum-tuvieron-una-cita\/\" target=\"_blank\" rel=\"noreferrer noopener\">here<\/a> to read the Spanish version<\/strong>.<\/p>\n\n\n\n<p>The alleged romance between actor <strong>Callum Turner<\/strong> and <strong>Dua<\/strong> seemed to intensify after the premiere of the drama miniseries &#8216;The Masters of Air&#8217;, where the celebrities were spotted cuddling throughout the night.<\/p>\n\n\n\n<p>From there, they would star in another romantic sequence at the end of the Critics Choice Awards 2024 gala on Sunday. Once the event was over, Dua and Turner had an after party at the <strong>R+D Kitchen<\/strong> restaurant with some friends.<\/p>\n\n\n<div class=\"wp-block-image\">\n<figure class=\"aligncenter size-large is-resized\"><a href=\"https:\/\/www.tapasmagazine.es\/wp-content\/uploads\/2024\/01\/dua-lipa-callum-restaurante-2.jpg\"><img decoding=\"async\" width=\"1024\" height=\"819\" src=\"https:\/\/www.tapasmagazine.es\/wp-content\/uploads\/2024\/01\/dua-lipa-callum-restaurante-2-1024x819.jpg\" alt=\"\" class=\"wp-image-229919\" style=\"width:1002px;height:auto\" srcset=\"https:\/\/www.tapasmagazine.es\/wp-content\/uploads\/2024\/01\/dua-lipa-callum-restaurante-2-1024x819.jpg 1024w, https:\/\/www.tapasmagazine.es\/wp-content\/uploads\/2024\/01\/dua-lipa-callum-restaurante-2-300x240.jpg 300w, https:\/\/www.tapasmagazine.es\/wp-content\/uploads\/2024\/01\/dua-lipa-callum-restaurante-2-768x614.jpg 768w, https:\/\/www.tapasmagazine.es\/wp-content\/uploads\/2024\/01\/dua-lipa-callum-restaurante-2-1000x800.jpg 1000w, https:\/\/www.tapasmagazine.es\/wp-content\/uploads\/2024\/01\/dua-lipa-callum-restaurante-2-400x320.jpg 400w, https:\/\/www.tapasmagazine.es\/wp-content\/uploads\/2024\/01\/dua-lipa-callum-restaurante-2.jpg 1500w\" sizes=\"(max-width: 1024px) 100vw, 1024px\" \/><\/a><\/figure>\n<\/div>\n\n\n<p>The two dined at this gastronomic emblem located on the effervescent Santa Monica Avenue, which has two other locations in the same area, and another in Dallas.<\/p>\n\n\n\n<p>R+D Kitchen is known for presenting a sophisticated and fresh approach to meat and seafood in a lively and relaxed atmosphere.<\/p>\n\n\n\n<figure class=\"wp-block-embed is-type-video is-provider-tiktok wp-block-embed-tiktok\"><div class=\"wp-block-embed__wrapper\">\n<blockquote class=\"tiktok-embed\" cite=\"https:\/\/www.tiktok.com\/@papibrum\/video\/7324393313006538017\" data-video-id=\"7324393313006538017\" data-embed-from=\"oembed\" style=\"max-width:605px; min-width:325px;\"> <section> <a target=\"_blank\" title=\"@papibrum\" href=\"https:\/\/www.tiktok.com\/@papibrum?refer=embed\">@papibrum<\/a> <p>Dua Lipa and Callum Turner leaving &#8220;R+D Kitchen&#8221; in LA after a dinner. <a title=\"dualipa\" target=\"_blank\" href=\"https:\/\/www.tiktok.com\/tag\/dualipa?refer=embed\">#dualipa<\/a> <a title=\"callumturner\" target=\"_blank\" href=\"https:\/\/www.tiktok.com\/tag\/callumturner?refer=embed\">#callumturner<\/a> <a title=\"viral\" target=\"_blank\" href=\"https:\/\/www.tiktok.com\/tag\/viral?refer=embed\">#viral<\/a> <a title=\"fyp\" target=\"_blank\" href=\"https:\/\/www.tiktok.com\/tag\/fyp?refer=embed\">#fyp<\/a> <a title=\"mastersoftheair\" target=\"_blank\" href=\"https:\/\/www.tiktok.com\/tag\/mastersoftheair?refer=embed\">#mastersoftheair<\/a> <a title=\"foryoupage\" target=\"_blank\" href=\"https:\/\/www.tiktok.com\/tag\/foryoupage?refer=embed\">#foryoupage<\/a> <a title=\"foru\" target=\"_blank\" href=\"https:\/\/www.tiktok.com\/tag\/foru?refer=embed\">#foru<\/a> <a title=\"foryou\" target=\"_blank\" href=\"https:\/\/www.tiktok.com\/tag\/foryou?refer=embed\">#foryou<\/a> <a title=\"goviral\" target=\"_blank\" href=\"https:\/\/www.tiktok.com\/tag\/goviral?refer=embed\">#goviral<\/a> <a title=\"couple\" target=\"_blank\" href=\"https:\/\/www.tiktok.com\/tag\/couple?refer=embed\">#couple<\/a> <a title=\"fyp\u30b7\" target=\"_blank\" href=\"https:\/\/www.tiktok.com\/tag\/fyp%E3%82%B7?refer=embed\">#fyp\u30b7<\/a> <a title=\"fy\" target=\"_blank\" href=\"https:\/\/www.tiktok.com\/tag\/fy?refer=embed\">#fy<\/a> <a title=\"trend\" target=\"_blank\" href=\"https:\/\/www.tiktok.com\/tag\/trend?refer=embed\">#trend<\/a> <a title=\"fyp\u30b7\u309aviral\" target=\"_blank\" href=\"https:\/\/www.tiktok.com\/tag\/fyp%E3%82%B7%E3%82%9Aviral?refer=embed\">#fyp\u30b7\u309aviral<\/a> <a title=\"blowthisup\" target=\"_blank\" href=\"https:\/\/www.tiktok.com\/tag\/blowthisup?refer=embed\">#blowthisup<\/a> <\/p> <a target=\"_blank\" title=\"\u266c p\u016fvodn\u00ed zvuk - \ud83d\udd77\ufe0f\" href=\"https:\/\/www.tiktok.com\/music\/p\u016fvodn\u00ed-zvuk-7211205991143721734?refer=embed\">\u266c p\u016fvodn\u00ed zvuk &#8211; \ud83d\udd77\ufe0f<\/a> <\/section> <\/blockquote> <script async src=\"https:\/\/www.tiktok.com\/embed.js\"><\/script>\n<\/div><\/figure>\n\n\n\n<p>But if there&#8217;s one thing this Santa Monica restaurant stands out for, it&#8217;s the artisanal sandwiches on offer, such as Ding&#8217;s crispy fried chicken, along with a menu of inventive cocktails that the stars in attendance would enjoy.<\/p>\n","protected":false},"excerpt":{"rendered":"<p>Click here to read the Spanish version. The alleged romance between actor Callum Turner and Dua seemed to intensify after the premiere of the drama miniseries &#8216;The Masters of Air&#8217;, where the celebrities were spotted cuddling throughout the night. From there, they would star in another romantic sequence at the end of the Critics Choice [&hellip;]<\/p>\n","protected":false},"author":285,"featured_media":229918,"comment_status":"open","ping_status":"closed","sticky":false,"template":"single-feature.php","format":"standard","meta":{"_acf_changed":false,"footnotes":""},"categories":[15802,15851,15910,1],"tags":[15824,15803],"class_list":["post-229926","post","type-post","status-publish","format-standard","has-post-thumbnail","hentry","category-news","category-nombres-propios-en","category-personajes-en","category-sin-categorizar","tag-gastronomia-en","tag-restaurants","cat-15802-id","cat-15851-id","cat-15910-id","cat-1-id"],"acf":[],"yoast_head":"<!-- This site is optimized with the Yoast SEO plugin v27.5 - https:\/\/yoast.com\/product\/yoast-seo-wordpress\/ -->\n<title>R+D Kitchen, this is the restaurant where Dua Lipa and Callum went on a date - Tapas<\/title>\n<meta name=\"description\" content=\"Click here to read the Spanish version. The alleged romance between actor Callum Turner and Dua seemed to intensify after the premiere of the drama\" \/>\n<meta name=\"robots\" content=\"index, follow, max-snippet:-1, max-image-preview:large, max-video-preview:-1\" \/>\n<link rel=\"canonical\" href=\"https:\/\/www.tapasmagazine.es\/en\/rd-kitchen-this-is-the-restaurant-where-dua-lipa-callum-went-on-a-date\/\" \/>\n<meta property=\"og:locale\" content=\"en_US\" \/>\n<meta property=\"og:type\" content=\"article\" \/>\n<meta property=\"og:title\" content=\"R+D Kitchen, this is the restaurant where Dua Lipa and Callum went on a date - Tapas\" \/>\n<meta property=\"og:description\" content=\"Click here to read the Spanish version. The alleged romance between actor Callum Turner and Dua seemed to intensify after the premiere of the drama\" \/>\n<meta property=\"og:url\" content=\"https:\/\/www.tapasmagazine.es\/en\/rd-kitchen-this-is-the-restaurant-where-dua-lipa-callum-went-on-a-date\/\" \/>\n<meta property=\"og:site_name\" content=\"Tapas\" \/>\n<meta property=\"article:publisher\" content=\"https:\/\/www.facebook.com\/tapasmagazine\" \/>\n<meta property=\"article:published_time\" content=\"2024-01-16T14:51:09+00:00\" \/>\n<meta property=\"article:modified_time\" content=\"2024-01-16T14:55:14+00:00\" \/>\n<meta property=\"og:image\" content=\"https:\/\/www.tapasmagazine.es\/wp-content\/uploads\/2024\/01\/dua-lipa-callum-restaurante-1.jpg\" \/>\n\t<meta property=\"og:image:width\" content=\"1200\" \/>\n\t<meta property=\"og:image:height\" content=\"675\" \/>\n\t<meta property=\"og:image:type\" content=\"image\/jpeg\" \/>\n<meta name=\"author\" content=\"Laura P\u00e9rez\" \/>\n<meta name=\"twitter:card\" content=\"summary_large_image\" \/>\n<meta name=\"twitter:creator\" content=\"@TapasMagazine\" \/>\n<meta name=\"twitter:site\" content=\"@TapasMagazine\" \/>\n<meta name=\"twitter:label1\" content=\"Written by\" \/>\n\t<meta name=\"twitter:data1\" content=\"Laura P\u00e9rez\" \/>\n\t<meta name=\"twitter:label2\" content=\"Est. reading time\" \/>\n\t<meta name=\"twitter:data2\" content=\"2 minutes\" \/>\n<script type=\"application\/ld+json\" class=\"yoast-schema-graph\">{\"@context\":\"https:\\\/\\\/schema.org\",\"@graph\":[{\"@type\":\"Article\",\"@id\":\"https:\\\/\\\/www.tapasmagazine.es\\\/en\\\/rd-kitchen-this-is-the-restaurant-where-dua-lipa-callum-went-on-a-date\\\/#article\",\"isPartOf\":{\"@id\":\"https:\\\/\\\/www.tapasmagazine.es\\\/en\\\/rd-kitchen-this-is-the-restaurant-where-dua-lipa-callum-went-on-a-date\\\/\"},\"author\":{\"name\":\"Laura P\u00e9rez\",\"@id\":\"https:\\\/\\\/www.tapasmagazine.es\\\/#\\\/schema\\\/person\\\/eb46cbe76a9c8f062660eb609e3ecb4e\"},\"headline\":\"R+D Kitchen, this is the restaurant where Dua Lipa and Callum went on a date\",\"datePublished\":\"2024-01-16T14:51:09+00:00\",\"dateModified\":\"2024-01-16T14:55:14+00:00\",\"mainEntityOfPage\":{\"@id\":\"https:\\\/\\\/www.tapasmagazine.es\\\/en\\\/rd-kitchen-this-is-the-restaurant-where-dua-lipa-callum-went-on-a-date\\\/\"},\"wordCount\":192,\"commentCount\":0,\"publisher\":{\"@id\":\"https:\\\/\\\/www.tapasmagazine.es\\\/#organization\"},\"image\":{\"@id\":\"https:\\\/\\\/www.tapasmagazine.es\\\/en\\\/rd-kitchen-this-is-the-restaurant-where-dua-lipa-callum-went-on-a-date\\\/#primaryimage\"},\"thumbnailUrl\":\"https:\\\/\\\/www.tapasmagazine.es\\\/wp-content\\\/uploads\\\/2024\\\/01\\\/dua-lipa-callum-restaurante-1.jpg\",\"keywords\":[\"gastronom\u00eda\",\"restaurants\"],\"articleSection\":[\"News\",\"Nombres propios\",\"Personajes\",\"Sin categorizar\"],\"inLanguage\":\"en-US\",\"potentialAction\":[{\"@type\":\"CommentAction\",\"name\":\"Comment\",\"target\":[\"https:\\\/\\\/www.tapasmagazine.es\\\/en\\\/rd-kitchen-this-is-the-restaurant-where-dua-lipa-callum-went-on-a-date\\\/#respond\"]}]},{\"@type\":\"WebPage\",\"@id\":\"https:\\\/\\\/www.tapasmagazine.es\\\/en\\\/rd-kitchen-this-is-the-restaurant-where-dua-lipa-callum-went-on-a-date\\\/\",\"url\":\"https:\\\/\\\/www.tapasmagazine.es\\\/en\\\/rd-kitchen-this-is-the-restaurant-where-dua-lipa-callum-went-on-a-date\\\/\",\"name\":\"R+D Kitchen, this is the restaurant where Dua Lipa and Callum went on a date - Tapas\",\"isPartOf\":{\"@id\":\"https:\\\/\\\/www.tapasmagazine.es\\\/#website\"},\"primaryImageOfPage\":{\"@id\":\"https:\\\/\\\/www.tapasmagazine.es\\\/en\\\/rd-kitchen-this-is-the-restaurant-where-dua-lipa-callum-went-on-a-date\\\/#primaryimage\"},\"image\":{\"@id\":\"https:\\\/\\\/www.tapasmagazine.es\\\/en\\\/rd-kitchen-this-is-the-restaurant-where-dua-lipa-callum-went-on-a-date\\\/#primaryimage\"},\"thumbnailUrl\":\"https:\\\/\\\/www.tapasmagazine.es\\\/wp-content\\\/uploads\\\/2024\\\/01\\\/dua-lipa-callum-restaurante-1.jpg\",\"datePublished\":\"2024-01-16T14:51:09+00:00\",\"dateModified\":\"2024-01-16T14:55:14+00:00\",\"description\":\"Click here to read the Spanish version. The alleged romance between actor Callum Turner and Dua seemed to intensify after the premiere of the drama\",\"breadcrumb\":{\"@id\":\"https:\\\/\\\/www.tapasmagazine.es\\\/en\\\/rd-kitchen-this-is-the-restaurant-where-dua-lipa-callum-went-on-a-date\\\/#breadcrumb\"},\"inLanguage\":\"en-US\",\"potentialAction\":[{\"@type\":\"ReadAction\",\"target\":[\"https:\\\/\\\/www.tapasmagazine.es\\\/en\\\/rd-kitchen-this-is-the-restaurant-where-dua-lipa-callum-went-on-a-date\\\/\"]}]},{\"@type\":\"ImageObject\",\"inLanguage\":\"en-US\",\"@id\":\"https:\\\/\\\/www.tapasmagazine.es\\\/en\\\/rd-kitchen-this-is-the-restaurant-where-dua-lipa-callum-went-on-a-date\\\/#primaryimage\",\"url\":\"https:\\\/\\\/www.tapasmagazine.es\\\/wp-content\\\/uploads\\\/2024\\\/01\\\/dua-lipa-callum-restaurante-1.jpg\",\"contentUrl\":\"https:\\\/\\\/www.tapasmagazine.es\\\/wp-content\\\/uploads\\\/2024\\\/01\\\/dua-lipa-callum-restaurante-1.jpg\",\"width\":1200,\"height\":675},{\"@type\":\"BreadcrumbList\",\"@id\":\"https:\\\/\\\/www.tapasmagazine.es\\\/en\\\/rd-kitchen-this-is-the-restaurant-where-dua-lipa-callum-went-on-a-date\\\/#breadcrumb\",\"itemListElement\":[{\"@type\":\"ListItem\",\"position\":1,\"name\":\"Portada\",\"item\":\"https:\\\/\\\/www.tapasmagazine.es\\\/\"},{\"@type\":\"ListItem\",\"position\":2,\"name\":\"Sin categorizar\",\"item\":\"https:\\\/\\\/www.tapasmagazine.es\\\/categorias\\\/sin-categorizar\\\/\"},{\"@type\":\"ListItem\",\"position\":3,\"name\":\"R+D Kitchen, this is the restaurant where Dua Lipa and Callum went on a date\"}]},{\"@type\":\"WebSite\",\"@id\":\"https:\\\/\\\/www.tapasmagazine.es\\\/#website\",\"url\":\"https:\\\/\\\/www.tapasmagazine.es\\\/\",\"name\":\"Tapas\",\"description\":\"\u00d1am \u00d1am Lifestyle. La vida a bocados. Premio Nacional de Gastronom\u00eda 2016.\",\"publisher\":{\"@id\":\"https:\\\/\\\/www.tapasmagazine.es\\\/#organization\"},\"potentialAction\":[{\"@type\":\"SearchAction\",\"target\":{\"@type\":\"EntryPoint\",\"urlTemplate\":\"https:\\\/\\\/www.tapasmagazine.es\\\/?s={search_term_string}\"},\"query-input\":{\"@type\":\"PropertyValueSpecification\",\"valueRequired\":true,\"valueName\":\"search_term_string\"}}],\"inLanguage\":\"en-US\"},{\"@type\":\"Organization\",\"@id\":\"https:\\\/\\\/www.tapasmagazine.es\\\/#organization\",\"name\":\"Tapas Magazine\",\"url\":\"https:\\\/\\\/www.tapasmagazine.es\\\/\",\"logo\":{\"@type\":\"ImageObject\",\"inLanguage\":\"en-US\",\"@id\":\"https:\\\/\\\/www.tapasmagazine.es\\\/#\\\/schema\\\/logo\\\/image\\\/\",\"url\":\"https:\\\/\\\/www.tapasmagazine.es\\\/wp-content\\\/uploads\\\/2018\\\/01\\\/logo.png\",\"contentUrl\":\"https:\\\/\\\/www.tapasmagazine.es\\\/wp-content\\\/uploads\\\/2018\\\/01\\\/logo.png\",\"width\":180,\"height\":60,\"caption\":\"Tapas Magazine\"},\"image\":{\"@id\":\"https:\\\/\\\/www.tapasmagazine.es\\\/#\\\/schema\\\/logo\\\/image\\\/\"},\"sameAs\":[\"https:\\\/\\\/www.facebook.com\\\/tapasmagazine\",\"https:\\\/\\\/x.com\\\/TapasMagazine\",\"https:\\\/\\\/www.instagram.com\\\/tapasmagazine\\\/\",\"https:\\\/\\\/www.linkedin.com\\\/company\\\/tapas-magazine\",\"https:\\\/\\\/es.pinterest.com\\\/tapasmagazine\\\/\",\"https:\\\/\\\/www.youtube.com\\\/channel\\\/UCEyxneAaACuR0lfDagrWjjg?sub_confirmation=1\"]},{\"@type\":\"Person\",\"@id\":\"https:\\\/\\\/www.tapasmagazine.es\\\/#\\\/schema\\\/person\\\/eb46cbe76a9c8f062660eb609e3ecb4e\",\"name\":\"Laura P\u00e9rez\",\"url\":\"https:\\\/\\\/www.tapasmagazine.es\\\/en\\\/author\\\/laura-perez\\\/\"}]}<\/script>\n<!-- \/ Yoast SEO plugin. -->","yoast_head_json":{"title":"R+D Kitchen, this is the restaurant where Dua Lipa and Callum went on a date - Tapas","description":"Click here to read the Spanish version. The alleged romance between actor Callum Turner and Dua seemed to intensify after the premiere of the drama","robots":{"index":"index","follow":"follow","max-snippet":"max-snippet:-1","max-image-preview":"max-image-preview:large","max-video-preview":"max-video-preview:-1"},"canonical":"https:\/\/www.tapasmagazine.es\/en\/rd-kitchen-this-is-the-restaurant-where-dua-lipa-callum-went-on-a-date\/","og_locale":"en_US","og_type":"article","og_title":"R+D Kitchen, this is the restaurant where Dua Lipa and Callum went on a date - Tapas","og_description":"Click here to read the Spanish version. The alleged romance between actor Callum Turner and Dua seemed to intensify after the premiere of the drama","og_url":"https:\/\/www.tapasmagazine.es\/en\/rd-kitchen-this-is-the-restaurant-where-dua-lipa-callum-went-on-a-date\/","og_site_name":"Tapas","article_publisher":"https:\/\/www.facebook.com\/tapasmagazine","article_published_time":"2024-01-16T14:51:09+00:00","article_modified_time":"2024-01-16T14:55:14+00:00","og_image":[{"width":1200,"height":675,"url":"https:\/\/www.tapasmagazine.es\/wp-content\/uploads\/2024\/01\/dua-lipa-callum-restaurante-1.jpg","type":"image\/jpeg"}],"author":"Laura P\u00e9rez","twitter_card":"summary_large_image","twitter_creator":"@TapasMagazine","twitter_site":"@TapasMagazine","twitter_misc":{"Written by":"Laura P\u00e9rez","Est. reading time":"2 minutes"},"schema":{"@context":"https:\/\/schema.org","@graph":[{"@type":"Article","@id":"https:\/\/www.tapasmagazine.es\/en\/rd-kitchen-this-is-the-restaurant-where-dua-lipa-callum-went-on-a-date\/#article","isPartOf":{"@id":"https:\/\/www.tapasmagazine.es\/en\/rd-kitchen-this-is-the-restaurant-where-dua-lipa-callum-went-on-a-date\/"},"author":{"name":"Laura P\u00e9rez","@id":"https:\/\/www.tapasmagazine.es\/#\/schema\/person\/eb46cbe76a9c8f062660eb609e3ecb4e"},"headline":"R+D Kitchen, this is the restaurant where Dua Lipa and Callum went on a date","datePublished":"2024-01-16T14:51:09+00:00","dateModified":"2024-01-16T14:55:14+00:00","mainEntityOfPage":{"@id":"https:\/\/www.tapasmagazine.es\/en\/rd-kitchen-this-is-the-restaurant-where-dua-lipa-callum-went-on-a-date\/"},"wordCount":192,"commentCount":0,"publisher":{"@id":"https:\/\/www.tapasmagazine.es\/#organization"},"image":{"@id":"https:\/\/www.tapasmagazine.es\/en\/rd-kitchen-this-is-the-restaurant-where-dua-lipa-callum-went-on-a-date\/#primaryimage"},"thumbnailUrl":"https:\/\/www.tapasmagazine.es\/wp-content\/uploads\/2024\/01\/dua-lipa-callum-restaurante-1.jpg","keywords":["gastronom\u00eda","restaurants"],"articleSection":["News","Nombres propios","Personajes","Sin categorizar"],"inLanguage":"en-US","potentialAction":[{"@type":"CommentAction","name":"Comment","target":["https:\/\/www.tapasmagazine.es\/en\/rd-kitchen-this-is-the-restaurant-where-dua-lipa-callum-went-on-a-date\/#respond"]}]},{"@type":"WebPage","@id":"https:\/\/www.tapasmagazine.es\/en\/rd-kitchen-this-is-the-restaurant-where-dua-lipa-callum-went-on-a-date\/","url":"https:\/\/www.tapasmagazine.es\/en\/rd-kitchen-this-is-the-restaurant-where-dua-lipa-callum-went-on-a-date\/","name":"R+D Kitchen, this is the restaurant where Dua Lipa and Callum went on a date - Tapas","isPartOf":{"@id":"https:\/\/www.tapasmagazine.es\/#website"},"primaryImageOfPage":{"@id":"https:\/\/www.tapasmagazine.es\/en\/rd-kitchen-this-is-the-restaurant-where-dua-lipa-callum-went-on-a-date\/#primaryimage"},"image":{"@id":"https:\/\/www.tapasmagazine.es\/en\/rd-kitchen-this-is-the-restaurant-where-dua-lipa-callum-went-on-a-date\/#primaryimage"},"thumbnailUrl":"https:\/\/www.tapasmagazine.es\/wp-content\/uploads\/2024\/01\/dua-lipa-callum-restaurante-1.jpg","datePublished":"2024-01-16T14:51:09+00:00","dateModified":"2024-01-16T14:55:14+00:00","description":"Click here to read the Spanish version. The alleged romance between actor Callum Turner and Dua seemed to intensify after the premiere of the drama","breadcrumb":{"@id":"https:\/\/www.tapasmagazine.es\/en\/rd-kitchen-this-is-the-restaurant-where-dua-lipa-callum-went-on-a-date\/#breadcrumb"},"inLanguage":"en-US","potentialAction":[{"@type":"ReadAction","target":["https:\/\/www.tapasmagazine.es\/en\/rd-kitchen-this-is-the-restaurant-where-dua-lipa-callum-went-on-a-date\/"]}]},{"@type":"ImageObject","inLanguage":"en-US","@id":"https:\/\/www.tapasmagazine.es\/en\/rd-kitchen-this-is-the-restaurant-where-dua-lipa-callum-went-on-a-date\/#primaryimage","url":"https:\/\/www.tapasmagazine.es\/wp-content\/uploads\/2024\/01\/dua-lipa-callum-restaurante-1.jpg","contentUrl":"https:\/\/www.tapasmagazine.es\/wp-content\/uploads\/2024\/01\/dua-lipa-callum-restaurante-1.jpg","width":1200,"height":675},{"@type":"BreadcrumbList","@id":"https:\/\/www.tapasmagazine.es\/en\/rd-kitchen-this-is-the-restaurant-where-dua-lipa-callum-went-on-a-date\/#breadcrumb","itemListElement":[{"@type":"ListItem","position":1,"name":"Portada","item":"https:\/\/www.tapasmagazine.es\/"},{"@type":"ListItem","position":2,"name":"Sin categorizar","item":"https:\/\/www.tapasmagazine.es\/categorias\/sin-categorizar\/"},{"@type":"ListItem","position":3,"name":"R+D Kitchen, this is the restaurant where Dua Lipa and Callum went on a date"}]},{"@type":"WebSite","@id":"https:\/\/www.tapasmagazine.es\/#website","url":"https:\/\/www.tapasmagazine.es\/","name":"Tapas","description":"\u00d1am \u00d1am Lifestyle. La vida a bocados. Premio Nacional de Gastronom\u00eda 2016.","publisher":{"@id":"https:\/\/www.tapasmagazine.es\/#organization"},"potentialAction":[{"@type":"SearchAction","target":{"@type":"EntryPoint","urlTemplate":"https:\/\/www.tapasmagazine.es\/?s={search_term_string}"},"query-input":{"@type":"PropertyValueSpecification","valueRequired":true,"valueName":"search_term_string"}}],"inLanguage":"en-US"},{"@type":"Organization","@id":"https:\/\/www.tapasmagazine.es\/#organization","name":"Tapas Magazine","url":"https:\/\/www.tapasmagazine.es\/","logo":{"@type":"ImageObject","inLanguage":"en-US","@id":"https:\/\/www.tapasmagazine.es\/#\/schema\/logo\/image\/","url":"https:\/\/www.tapasmagazine.es\/wp-content\/uploads\/2018\/01\/logo.png","contentUrl":"https:\/\/www.tapasmagazine.es\/wp-content\/uploads\/2018\/01\/logo.png","width":180,"height":60,"caption":"Tapas Magazine"},"image":{"@id":"https:\/\/www.tapasmagazine.es\/#\/schema\/logo\/image\/"},"sameAs":["https:\/\/www.facebook.com\/tapasmagazine","https:\/\/x.com\/TapasMagazine","https:\/\/www.instagram.com\/tapasmagazine\/","https:\/\/www.linkedin.com\/company\/tapas-magazine","https:\/\/es.pinterest.com\/tapasmagazine\/","https:\/\/www.youtube.com\/channel\/UCEyxneAaACuR0lfDagrWjjg?sub_confirmation=1"]},{"@type":"Person","@id":"https:\/\/www.tapasmagazine.es\/#\/schema\/person\/eb46cbe76a9c8f062660eb609e3ecb4e","name":"Laura P\u00e9rez","url":"https:\/\/www.tapasmagazine.es\/en\/author\/laura-perez\/"}]}},"_links":{"self":[{"href":"https:\/\/www.tapasmagazine.es\/en\/wp-json\/wp\/v2\/posts\/229926","targetHints":{"allow":["GET"]}}],"collection":[{"href":"https:\/\/www.tapasmagazine.es\/en\/wp-json\/wp\/v2\/posts"}],"about":[{"href":"https:\/\/www.tapasmagazine.es\/en\/wp-json\/wp\/v2\/types\/post"}],"author":[{"embeddable":true,"href":"https:\/\/www.tapasmagazine.es\/en\/wp-json\/wp\/v2\/users\/285"}],"replies":[{"embeddable":true,"href":"https:\/\/www.tapasmagazine.es\/en\/wp-json\/wp\/v2\/comments?post=229926"}],"version-history":[{"count":4,"href":"https:\/\/www.tapasmagazine.es\/en\/wp-json\/wp\/v2\/posts\/229926\/revisions"}],"predecessor-version":[{"id":229931,"href":"https:\/\/www.tapasmagazine.es\/en\/wp-json\/wp\/v2\/posts\/229926\/revisions\/229931"}],"wp:featuredmedia":[{"embeddable":true,"href":"https:\/\/www.tapasmagazine.es\/en\/wp-json\/wp\/v2\/media\/229918"}],"wp:attachment":[{"href":"https:\/\/www.tapasmagazine.es\/en\/wp-json\/wp\/v2\/media?parent=229926"}],"wp:term":[{"taxonomy":"category","embeddable":true,"href":"https:\/\/www.tapasmagazine.es\/en\/wp-json\/wp\/v2\/categories?post=229926"},{"taxonomy":"post_tag","embeddable":true,"href":"https:\/\/www.tapasmagazine.es\/en\/wp-json\/wp\/v2\/tags?post=229926"}],"curies":[{"name":"wp","href":"https:\/\/api.w.org\/{rel}","templated":true}]}}