{"id":229759,"date":"2024-01-16T10:43:19","date_gmt":"2024-01-16T09:43:19","guid":{"rendered":"https:\/\/www.tapasmagazine.es\/pharrell-reinterpreta-el-sandwich-bag-en-clave-de-lujo-para-louis-vuitton\/"},"modified":"2024-01-16T10:51:11","modified_gmt":"2024-01-16T09:51:11","slug":"pharrell-reinterprets-sandwich-bag-luxury-louis-vuitton","status":"publish","type":"post","link":"https:\/\/www.tapasmagazine.es\/en\/pharrell-reinterprets-sandwich-bag-luxury-louis-vuitton\/","title":{"rendered":"Pharrell reinterprets the &#8216;sandwich bag&#8217; in luxury for Louis Vuitton"},"content":{"rendered":"\n<p><strong>Click <a href=\"https:\/\/www.tapasmagazine.es\/pharrell-reinterpreta-el-sandwich-bag-en-clave-de-lujo-para-louis-vuitton\/\" target=\"_blank\" rel=\"noreferrer noopener\">here<\/a> to read the Spanish version<\/strong>.<\/p>\n\n\n\n<p>The luxury house&#8217;s new creative director made his <strong>Louis Vuitton<\/strong> debut in June 2023 on the Parisian catwalk with a pixelated collection inspired by everyday streetwear. <strong>Williams<\/strong>&#8216; proposal, beyond standing out for his elevated interpretation of the archive with which he paid tribute to the powerful legacy of his predecessor Virgil Abloh, captured all eyes with one accessory in particular.<\/p>\n\n\n\n<figure class=\"wp-block-image size-large is-resized\"><a href=\"https:\/\/www.tapasmagazine.es\/wp-content\/uploads\/2024\/01\/sandwich-bag-louis-vuitton-2-scaled.jpg\"><img decoding=\"async\" width=\"683\" height=\"1024\" src=\"https:\/\/www.tapasmagazine.es\/wp-content\/uploads\/2024\/01\/sandwich-bag-louis-vuitton-2-683x1024.jpg\" alt=\"\" class=\"wp-image-229742\" style=\"width:983px;height:auto\" srcset=\"https:\/\/www.tapasmagazine.es\/wp-content\/uploads\/2024\/01\/sandwich-bag-louis-vuitton-2-683x1024.jpg 683w, https:\/\/www.tapasmagazine.es\/wp-content\/uploads\/2024\/01\/sandwich-bag-louis-vuitton-2-200x300.jpg 200w, https:\/\/www.tapasmagazine.es\/wp-content\/uploads\/2024\/01\/sandwich-bag-louis-vuitton-2-768x1152.jpg 768w, https:\/\/www.tapasmagazine.es\/wp-content\/uploads\/2024\/01\/sandwich-bag-louis-vuitton-2-1024x1536.jpg 1024w, https:\/\/www.tapasmagazine.es\/wp-content\/uploads\/2024\/01\/sandwich-bag-louis-vuitton-2-1365x2048.jpg 1365w, https:\/\/www.tapasmagazine.es\/wp-content\/uploads\/2024\/01\/sandwich-bag-louis-vuitton-2-1000x1500.jpg 1000w, https:\/\/www.tapasmagazine.es\/wp-content\/uploads\/2024\/01\/sandwich-bag-louis-vuitton-2-400x600.jpg 400w, https:\/\/www.tapasmagazine.es\/wp-content\/uploads\/2024\/01\/sandwich-bag-louis-vuitton-2-scaled.jpg 1707w\" sizes=\"(max-width: 683px) 100vw, 683px\" \/><\/a><\/figure>\n\n\n\n<p>And that was the <strong>sandwich bag<\/strong> valued at 3,000 dollars. A concept based on decontextualising an everyday item in order to elevate it to high fashion: a <strong>clutch <\/strong>bag constructed in smooth leather that mimics the house&#8217;s tan shoppers, with a folded opening for easy access to lunch.<\/p>\n\n\n<div class=\"wp-block-image\">\n<figure class=\"aligncenter size-large is-resized\"><a href=\"https:\/\/www.tapasmagazine.es\/wp-content\/uploads\/2024\/01\/sandwich-bag-louis-vuitton-3.webp\"><img decoding=\"async\" width=\"1024\" height=\"682\" src=\"https:\/\/www.tapasmagazine.es\/wp-content\/uploads\/2024\/01\/sandwich-bag-louis-vuitton-3-1024x682.webp\" alt=\"\" class=\"wp-image-229744\" style=\"width:1360px;height:auto\" srcset=\"https:\/\/www.tapasmagazine.es\/wp-content\/uploads\/2024\/01\/sandwich-bag-louis-vuitton-3-1024x682.webp 1024w, https:\/\/www.tapasmagazine.es\/wp-content\/uploads\/2024\/01\/sandwich-bag-louis-vuitton-3-300x200.webp 300w, https:\/\/www.tapasmagazine.es\/wp-content\/uploads\/2024\/01\/sandwich-bag-louis-vuitton-3-768x512.webp 768w, https:\/\/www.tapasmagazine.es\/wp-content\/uploads\/2024\/01\/sandwich-bag-louis-vuitton-3-1000x666.webp 1000w, https:\/\/www.tapasmagazine.es\/wp-content\/uploads\/2024\/01\/sandwich-bag-louis-vuitton-3-400x266.webp 400w, https:\/\/www.tapasmagazine.es\/wp-content\/uploads\/2024\/01\/sandwich-bag-louis-vuitton-3.webp 1318w\" sizes=\"(max-width: 1024px) 100vw, 1024px\" \/><\/a><\/figure>\n<\/div>\n\n\n<p>Moreover, <strong>Louis Vuitton<\/strong> lettering embosses the centre of the bag, while the blue tab secures the flap in place. Louis Vuitton&#8217;s founding year is inscribed underneath, completing the loose design with matte finishes that finish the sophistication of the lunch bag.<\/p>\n","protected":false},"excerpt":{"rendered":"<p>Click here to read the Spanish version. The luxury house&#8217;s new creative director made his Louis Vuitton debut in June 2023 on the Parisian catwalk with a pixelated collection inspired by everyday streetwear. Williams&#8216; proposal, beyond standing out for his elevated interpretation of the archive with which he paid tribute to the powerful legacy of [&hellip;]<\/p>\n","protected":false},"author":285,"featured_media":229749,"comment_status":"open","ping_status":"closed","sticky":false,"template":"single-feature.php","format":"standard","meta":{"_acf_changed":false,"footnotes":""},"categories":[15802],"tags":[17640],"class_list":["post-229759","post","type-post","status-publish","format-standard","has-post-thumbnail","hentry","category-news","tag-moda-en","cat-15802-id"],"acf":[],"yoast_head":"<!-- This site is optimized with the Yoast SEO plugin v27.5 - https:\/\/yoast.com\/product\/yoast-seo-wordpress\/ -->\n<title>Pharrell reinterpreta el \u2018sandwich bag\u2019 en clave de lujo para LV<\/title>\n<meta name=\"description\" content=\"Click here to read the Spanish version. The luxury house&#039;s new creative director made his Louis Vuitton debut in June 2023 on the Parisian catwalk with a\" \/>\n<meta name=\"robots\" content=\"index, follow, max-snippet:-1, max-image-preview:large, max-video-preview:-1\" \/>\n<link rel=\"canonical\" href=\"https:\/\/www.tapasmagazine.es\/en\/pharrell-reinterprets-sandwich-bag-luxury-louis-vuitton\/\" \/>\n<meta property=\"og:locale\" content=\"en_US\" \/>\n<meta property=\"og:type\" content=\"article\" \/>\n<meta property=\"og:title\" content=\"Pharrell reinterpreta el \u2018sandwich bag\u2019 en clave de lujo para LV\" \/>\n<meta property=\"og:description\" content=\"Click here to read the Spanish version. The luxury house&#039;s new creative director made his Louis Vuitton debut in June 2023 on the Parisian catwalk with a\" \/>\n<meta property=\"og:url\" content=\"https:\/\/www.tapasmagazine.es\/en\/pharrell-reinterprets-sandwich-bag-luxury-louis-vuitton\/\" \/>\n<meta property=\"og:site_name\" content=\"Tapas\" \/>\n<meta property=\"article:publisher\" content=\"https:\/\/www.facebook.com\/tapasmagazine\" \/>\n<meta property=\"article:published_time\" content=\"2024-01-16T09:43:19+00:00\" \/>\n<meta property=\"article:modified_time\" content=\"2024-01-16T09:51:11+00:00\" \/>\n<meta property=\"og:image\" content=\"https:\/\/www.tapasmagazine.es\/wp-content\/uploads\/2024\/01\/sandwich-bag-louis-vuitton-1.jpg\" \/>\n\t<meta property=\"og:image:width\" content=\"1200\" \/>\n\t<meta property=\"og:image:height\" content=\"675\" \/>\n\t<meta property=\"og:image:type\" content=\"image\/jpeg\" \/>\n<meta name=\"author\" content=\"Laura P\u00e9rez\" \/>\n<meta name=\"twitter:card\" content=\"summary_large_image\" \/>\n<meta name=\"twitter:creator\" content=\"@TapasMagazine\" \/>\n<meta name=\"twitter:site\" content=\"@TapasMagazine\" \/>\n<meta name=\"twitter:label1\" content=\"Written by\" \/>\n\t<meta name=\"twitter:data1\" content=\"Laura P\u00e9rez\" \/>\n\t<meta name=\"twitter:label2\" content=\"Est. reading time\" \/>\n\t<meta name=\"twitter:data2\" content=\"2 minutes\" \/>\n<script type=\"application\/ld+json\" class=\"yoast-schema-graph\">{\"@context\":\"https:\\\/\\\/schema.org\",\"@graph\":[{\"@type\":\"Article\",\"@id\":\"https:\\\/\\\/www.tapasmagazine.es\\\/en\\\/pharrell-reinterprets-sandwich-bag-luxury-louis-vuitton\\\/#article\",\"isPartOf\":{\"@id\":\"https:\\\/\\\/www.tapasmagazine.es\\\/en\\\/pharrell-reinterprets-sandwich-bag-luxury-louis-vuitton\\\/\"},\"author\":{\"name\":\"Laura P\u00e9rez\",\"@id\":\"https:\\\/\\\/www.tapasmagazine.es\\\/#\\\/schema\\\/person\\\/eb46cbe76a9c8f062660eb609e3ecb4e\"},\"headline\":\"Pharrell reinterprets the &#8216;sandwich bag&#8217; in luxury for Louis Vuitton\",\"datePublished\":\"2024-01-16T09:43:19+00:00\",\"dateModified\":\"2024-01-16T09:51:11+00:00\",\"mainEntityOfPage\":{\"@id\":\"https:\\\/\\\/www.tapasmagazine.es\\\/en\\\/pharrell-reinterprets-sandwich-bag-luxury-louis-vuitton\\\/\"},\"wordCount\":167,\"commentCount\":0,\"publisher\":{\"@id\":\"https:\\\/\\\/www.tapasmagazine.es\\\/#organization\"},\"image\":{\"@id\":\"https:\\\/\\\/www.tapasmagazine.es\\\/en\\\/pharrell-reinterprets-sandwich-bag-luxury-louis-vuitton\\\/#primaryimage\"},\"thumbnailUrl\":\"https:\\\/\\\/www.tapasmagazine.es\\\/wp-content\\\/uploads\\\/2024\\\/01\\\/sandwich-bag-louis-vuitton-1.jpg\",\"keywords\":[\"Moda\"],\"articleSection\":[\"News\"],\"inLanguage\":\"en-US\",\"potentialAction\":[{\"@type\":\"CommentAction\",\"name\":\"Comment\",\"target\":[\"https:\\\/\\\/www.tapasmagazine.es\\\/en\\\/pharrell-reinterprets-sandwich-bag-luxury-louis-vuitton\\\/#respond\"]}]},{\"@type\":\"WebPage\",\"@id\":\"https:\\\/\\\/www.tapasmagazine.es\\\/en\\\/pharrell-reinterprets-sandwich-bag-luxury-louis-vuitton\\\/\",\"url\":\"https:\\\/\\\/www.tapasmagazine.es\\\/en\\\/pharrell-reinterprets-sandwich-bag-luxury-louis-vuitton\\\/\",\"name\":\"Pharrell reinterpreta el \u2018sandwich bag\u2019 en clave de lujo para LV\",\"isPartOf\":{\"@id\":\"https:\\\/\\\/www.tapasmagazine.es\\\/#website\"},\"primaryImageOfPage\":{\"@id\":\"https:\\\/\\\/www.tapasmagazine.es\\\/en\\\/pharrell-reinterprets-sandwich-bag-luxury-louis-vuitton\\\/#primaryimage\"},\"image\":{\"@id\":\"https:\\\/\\\/www.tapasmagazine.es\\\/en\\\/pharrell-reinterprets-sandwich-bag-luxury-louis-vuitton\\\/#primaryimage\"},\"thumbnailUrl\":\"https:\\\/\\\/www.tapasmagazine.es\\\/wp-content\\\/uploads\\\/2024\\\/01\\\/sandwich-bag-louis-vuitton-1.jpg\",\"datePublished\":\"2024-01-16T09:43:19+00:00\",\"dateModified\":\"2024-01-16T09:51:11+00:00\",\"description\":\"Click here to read the Spanish version. The luxury house's new creative director made his Louis Vuitton debut in June 2023 on the Parisian catwalk with a\",\"breadcrumb\":{\"@id\":\"https:\\\/\\\/www.tapasmagazine.es\\\/en\\\/pharrell-reinterprets-sandwich-bag-luxury-louis-vuitton\\\/#breadcrumb\"},\"inLanguage\":\"en-US\",\"potentialAction\":[{\"@type\":\"ReadAction\",\"target\":[\"https:\\\/\\\/www.tapasmagazine.es\\\/en\\\/pharrell-reinterprets-sandwich-bag-luxury-louis-vuitton\\\/\"]}]},{\"@type\":\"ImageObject\",\"inLanguage\":\"en-US\",\"@id\":\"https:\\\/\\\/www.tapasmagazine.es\\\/en\\\/pharrell-reinterprets-sandwich-bag-luxury-louis-vuitton\\\/#primaryimage\",\"url\":\"https:\\\/\\\/www.tapasmagazine.es\\\/wp-content\\\/uploads\\\/2024\\\/01\\\/sandwich-bag-louis-vuitton-1.jpg\",\"contentUrl\":\"https:\\\/\\\/www.tapasmagazine.es\\\/wp-content\\\/uploads\\\/2024\\\/01\\\/sandwich-bag-louis-vuitton-1.jpg\",\"width\":1200,\"height\":675},{\"@type\":\"BreadcrumbList\",\"@id\":\"https:\\\/\\\/www.tapasmagazine.es\\\/en\\\/pharrell-reinterprets-sandwich-bag-luxury-louis-vuitton\\\/#breadcrumb\",\"itemListElement\":[{\"@type\":\"ListItem\",\"position\":1,\"name\":\"Portada\",\"item\":\"https:\\\/\\\/www.tapasmagazine.es\\\/\"},{\"@type\":\"ListItem\",\"position\":2,\"name\":\"News\",\"item\":\"https:\\\/\\\/www.tapasmagazine.es\\\/en\\\/categorias\\\/news\\\/\"},{\"@type\":\"ListItem\",\"position\":3,\"name\":\"Pharrell reinterprets the &#8216;sandwich bag&#8217; in luxury for Louis Vuitton\"}]},{\"@type\":\"WebSite\",\"@id\":\"https:\\\/\\\/www.tapasmagazine.es\\\/#website\",\"url\":\"https:\\\/\\\/www.tapasmagazine.es\\\/\",\"name\":\"Tapas\",\"description\":\"\u00d1am \u00d1am Lifestyle. La vida a bocados. Premio Nacional de Gastronom\u00eda 2016.\",\"publisher\":{\"@id\":\"https:\\\/\\\/www.tapasmagazine.es\\\/#organization\"},\"potentialAction\":[{\"@type\":\"SearchAction\",\"target\":{\"@type\":\"EntryPoint\",\"urlTemplate\":\"https:\\\/\\\/www.tapasmagazine.es\\\/?s={search_term_string}\"},\"query-input\":{\"@type\":\"PropertyValueSpecification\",\"valueRequired\":true,\"valueName\":\"search_term_string\"}}],\"inLanguage\":\"en-US\"},{\"@type\":\"Organization\",\"@id\":\"https:\\\/\\\/www.tapasmagazine.es\\\/#organization\",\"name\":\"Tapas Magazine\",\"url\":\"https:\\\/\\\/www.tapasmagazine.es\\\/\",\"logo\":{\"@type\":\"ImageObject\",\"inLanguage\":\"en-US\",\"@id\":\"https:\\\/\\\/www.tapasmagazine.es\\\/#\\\/schema\\\/logo\\\/image\\\/\",\"url\":\"https:\\\/\\\/www.tapasmagazine.es\\\/wp-content\\\/uploads\\\/2018\\\/01\\\/logo.png\",\"contentUrl\":\"https:\\\/\\\/www.tapasmagazine.es\\\/wp-content\\\/uploads\\\/2018\\\/01\\\/logo.png\",\"width\":180,\"height\":60,\"caption\":\"Tapas Magazine\"},\"image\":{\"@id\":\"https:\\\/\\\/www.tapasmagazine.es\\\/#\\\/schema\\\/logo\\\/image\\\/\"},\"sameAs\":[\"https:\\\/\\\/www.facebook.com\\\/tapasmagazine\",\"https:\\\/\\\/x.com\\\/TapasMagazine\",\"https:\\\/\\\/www.instagram.com\\\/tapasmagazine\\\/\",\"https:\\\/\\\/www.linkedin.com\\\/company\\\/tapas-magazine\",\"https:\\\/\\\/es.pinterest.com\\\/tapasmagazine\\\/\",\"https:\\\/\\\/www.youtube.com\\\/channel\\\/UCEyxneAaACuR0lfDagrWjjg?sub_confirmation=1\"]},{\"@type\":\"Person\",\"@id\":\"https:\\\/\\\/www.tapasmagazine.es\\\/#\\\/schema\\\/person\\\/eb46cbe76a9c8f062660eb609e3ecb4e\",\"name\":\"Laura P\u00e9rez\",\"url\":\"https:\\\/\\\/www.tapasmagazine.es\\\/en\\\/author\\\/laura-perez\\\/\"}]}<\/script>\n<!-- \/ Yoast SEO plugin. -->","yoast_head_json":{"title":"Pharrell reinterpreta el \u2018sandwich bag\u2019 en clave de lujo para LV","description":"Click here to read the Spanish version. The luxury house's new creative director made his Louis Vuitton debut in June 2023 on the Parisian catwalk with a","robots":{"index":"index","follow":"follow","max-snippet":"max-snippet:-1","max-image-preview":"max-image-preview:large","max-video-preview":"max-video-preview:-1"},"canonical":"https:\/\/www.tapasmagazine.es\/en\/pharrell-reinterprets-sandwich-bag-luxury-louis-vuitton\/","og_locale":"en_US","og_type":"article","og_title":"Pharrell reinterpreta el \u2018sandwich bag\u2019 en clave de lujo para LV","og_description":"Click here to read the Spanish version. The luxury house's new creative director made his Louis Vuitton debut in June 2023 on the Parisian catwalk with a","og_url":"https:\/\/www.tapasmagazine.es\/en\/pharrell-reinterprets-sandwich-bag-luxury-louis-vuitton\/","og_site_name":"Tapas","article_publisher":"https:\/\/www.facebook.com\/tapasmagazine","article_published_time":"2024-01-16T09:43:19+00:00","article_modified_time":"2024-01-16T09:51:11+00:00","og_image":[{"width":1200,"height":675,"url":"https:\/\/www.tapasmagazine.es\/wp-content\/uploads\/2024\/01\/sandwich-bag-louis-vuitton-1.jpg","type":"image\/jpeg"}],"author":"Laura P\u00e9rez","twitter_card":"summary_large_image","twitter_creator":"@TapasMagazine","twitter_site":"@TapasMagazine","twitter_misc":{"Written by":"Laura P\u00e9rez","Est. reading time":"2 minutes"},"schema":{"@context":"https:\/\/schema.org","@graph":[{"@type":"Article","@id":"https:\/\/www.tapasmagazine.es\/en\/pharrell-reinterprets-sandwich-bag-luxury-louis-vuitton\/#article","isPartOf":{"@id":"https:\/\/www.tapasmagazine.es\/en\/pharrell-reinterprets-sandwich-bag-luxury-louis-vuitton\/"},"author":{"name":"Laura P\u00e9rez","@id":"https:\/\/www.tapasmagazine.es\/#\/schema\/person\/eb46cbe76a9c8f062660eb609e3ecb4e"},"headline":"Pharrell reinterprets the &#8216;sandwich bag&#8217; in luxury for Louis Vuitton","datePublished":"2024-01-16T09:43:19+00:00","dateModified":"2024-01-16T09:51:11+00:00","mainEntityOfPage":{"@id":"https:\/\/www.tapasmagazine.es\/en\/pharrell-reinterprets-sandwich-bag-luxury-louis-vuitton\/"},"wordCount":167,"commentCount":0,"publisher":{"@id":"https:\/\/www.tapasmagazine.es\/#organization"},"image":{"@id":"https:\/\/www.tapasmagazine.es\/en\/pharrell-reinterprets-sandwich-bag-luxury-louis-vuitton\/#primaryimage"},"thumbnailUrl":"https:\/\/www.tapasmagazine.es\/wp-content\/uploads\/2024\/01\/sandwich-bag-louis-vuitton-1.jpg","keywords":["Moda"],"articleSection":["News"],"inLanguage":"en-US","potentialAction":[{"@type":"CommentAction","name":"Comment","target":["https:\/\/www.tapasmagazine.es\/en\/pharrell-reinterprets-sandwich-bag-luxury-louis-vuitton\/#respond"]}]},{"@type":"WebPage","@id":"https:\/\/www.tapasmagazine.es\/en\/pharrell-reinterprets-sandwich-bag-luxury-louis-vuitton\/","url":"https:\/\/www.tapasmagazine.es\/en\/pharrell-reinterprets-sandwich-bag-luxury-louis-vuitton\/","name":"Pharrell reinterpreta el \u2018sandwich bag\u2019 en clave de lujo para LV","isPartOf":{"@id":"https:\/\/www.tapasmagazine.es\/#website"},"primaryImageOfPage":{"@id":"https:\/\/www.tapasmagazine.es\/en\/pharrell-reinterprets-sandwich-bag-luxury-louis-vuitton\/#primaryimage"},"image":{"@id":"https:\/\/www.tapasmagazine.es\/en\/pharrell-reinterprets-sandwich-bag-luxury-louis-vuitton\/#primaryimage"},"thumbnailUrl":"https:\/\/www.tapasmagazine.es\/wp-content\/uploads\/2024\/01\/sandwich-bag-louis-vuitton-1.jpg","datePublished":"2024-01-16T09:43:19+00:00","dateModified":"2024-01-16T09:51:11+00:00","description":"Click here to read the Spanish version. The luxury house's new creative director made his Louis Vuitton debut in June 2023 on the Parisian catwalk with a","breadcrumb":{"@id":"https:\/\/www.tapasmagazine.es\/en\/pharrell-reinterprets-sandwich-bag-luxury-louis-vuitton\/#breadcrumb"},"inLanguage":"en-US","potentialAction":[{"@type":"ReadAction","target":["https:\/\/www.tapasmagazine.es\/en\/pharrell-reinterprets-sandwich-bag-luxury-louis-vuitton\/"]}]},{"@type":"ImageObject","inLanguage":"en-US","@id":"https:\/\/www.tapasmagazine.es\/en\/pharrell-reinterprets-sandwich-bag-luxury-louis-vuitton\/#primaryimage","url":"https:\/\/www.tapasmagazine.es\/wp-content\/uploads\/2024\/01\/sandwich-bag-louis-vuitton-1.jpg","contentUrl":"https:\/\/www.tapasmagazine.es\/wp-content\/uploads\/2024\/01\/sandwich-bag-louis-vuitton-1.jpg","width":1200,"height":675},{"@type":"BreadcrumbList","@id":"https:\/\/www.tapasmagazine.es\/en\/pharrell-reinterprets-sandwich-bag-luxury-louis-vuitton\/#breadcrumb","itemListElement":[{"@type":"ListItem","position":1,"name":"Portada","item":"https:\/\/www.tapasmagazine.es\/"},{"@type":"ListItem","position":2,"name":"News","item":"https:\/\/www.tapasmagazine.es\/en\/categorias\/news\/"},{"@type":"ListItem","position":3,"name":"Pharrell reinterprets the &#8216;sandwich bag&#8217; in luxury for Louis Vuitton"}]},{"@type":"WebSite","@id":"https:\/\/www.tapasmagazine.es\/#website","url":"https:\/\/www.tapasmagazine.es\/","name":"Tapas","description":"\u00d1am \u00d1am Lifestyle. La vida a bocados. Premio Nacional de Gastronom\u00eda 2016.","publisher":{"@id":"https:\/\/www.tapasmagazine.es\/#organization"},"potentialAction":[{"@type":"SearchAction","target":{"@type":"EntryPoint","urlTemplate":"https:\/\/www.tapasmagazine.es\/?s={search_term_string}"},"query-input":{"@type":"PropertyValueSpecification","valueRequired":true,"valueName":"search_term_string"}}],"inLanguage":"en-US"},{"@type":"Organization","@id":"https:\/\/www.tapasmagazine.es\/#organization","name":"Tapas Magazine","url":"https:\/\/www.tapasmagazine.es\/","logo":{"@type":"ImageObject","inLanguage":"en-US","@id":"https:\/\/www.tapasmagazine.es\/#\/schema\/logo\/image\/","url":"https:\/\/www.tapasmagazine.es\/wp-content\/uploads\/2018\/01\/logo.png","contentUrl":"https:\/\/www.tapasmagazine.es\/wp-content\/uploads\/2018\/01\/logo.png","width":180,"height":60,"caption":"Tapas Magazine"},"image":{"@id":"https:\/\/www.tapasmagazine.es\/#\/schema\/logo\/image\/"},"sameAs":["https:\/\/www.facebook.com\/tapasmagazine","https:\/\/x.com\/TapasMagazine","https:\/\/www.instagram.com\/tapasmagazine\/","https:\/\/www.linkedin.com\/company\/tapas-magazine","https:\/\/es.pinterest.com\/tapasmagazine\/","https:\/\/www.youtube.com\/channel\/UCEyxneAaACuR0lfDagrWjjg?sub_confirmation=1"]},{"@type":"Person","@id":"https:\/\/www.tapasmagazine.es\/#\/schema\/person\/eb46cbe76a9c8f062660eb609e3ecb4e","name":"Laura P\u00e9rez","url":"https:\/\/www.tapasmagazine.es\/en\/author\/laura-perez\/"}]}},"_links":{"self":[{"href":"https:\/\/www.tapasmagazine.es\/en\/wp-json\/wp\/v2\/posts\/229759","targetHints":{"allow":["GET"]}}],"collection":[{"href":"https:\/\/www.tapasmagazine.es\/en\/wp-json\/wp\/v2\/posts"}],"about":[{"href":"https:\/\/www.tapasmagazine.es\/en\/wp-json\/wp\/v2\/types\/post"}],"author":[{"embeddable":true,"href":"https:\/\/www.tapasmagazine.es\/en\/wp-json\/wp\/v2\/users\/285"}],"replies":[{"embeddable":true,"href":"https:\/\/www.tapasmagazine.es\/en\/wp-json\/wp\/v2\/comments?post=229759"}],"version-history":[{"count":3,"href":"https:\/\/www.tapasmagazine.es\/en\/wp-json\/wp\/v2\/posts\/229759\/revisions"}],"predecessor-version":[{"id":229765,"href":"https:\/\/www.tapasmagazine.es\/en\/wp-json\/wp\/v2\/posts\/229759\/revisions\/229765"}],"wp:featuredmedia":[{"embeddable":true,"href":"https:\/\/www.tapasmagazine.es\/en\/wp-json\/wp\/v2\/media\/229749"}],"wp:attachment":[{"href":"https:\/\/www.tapasmagazine.es\/en\/wp-json\/wp\/v2\/media?parent=229759"}],"wp:term":[{"taxonomy":"category","embeddable":true,"href":"https:\/\/www.tapasmagazine.es\/en\/wp-json\/wp\/v2\/categories?post=229759"},{"taxonomy":"post_tag","embeddable":true,"href":"https:\/\/www.tapasmagazine.es\/en\/wp-json\/wp\/v2\/tags?post=229759"}],"curies":[{"name":"wp","href":"https:\/\/api.w.org\/{rel}","templated":true}]}}