{"id":228995,"date":"2024-01-11T10:28:50","date_gmt":"2024-01-11T09:28:50","guid":{"rendered":"https:\/\/www.tapasmagazine.es\/telepizza-nombra-ceo-a-rafael-herrero-exdirector-de-alsea\/"},"modified":"2024-01-11T10:33:43","modified_gmt":"2024-01-11T09:33:43","slug":"telepizza-appoints-rafael-herrero-ceo","status":"publish","type":"post","link":"https:\/\/www.tapasmagazine.es\/en\/telepizza-appoints-rafael-herrero-ceo\/","title":{"rendered":"Telepizza appoints Rafael Herrero, former head of Alsea as CEO"},"content":{"rendered":"\n<p><strong>Click <a href=\"https:\/\/www.tapasmagazine.es\/telepizza-nombra-ceo-a-rafael-herrero-exdirector-de-alsea\/\" target=\"_blank\" rel=\"noreferrer noopener\">here<\/a> to read the Spanish version<\/strong>.<\/p>\n\n\n\n<p>The company behind the <strong>Telepizza<\/strong> group, <strong>Food Delivery Brands<\/strong>, has chosen Herrero as the new CEO of the group, following the resignation in September of <strong>Jacobo Caller<\/strong> as head of the company. This appointment will be completed and made effective from 5 February after the next shareholders&#8217; meeting.<\/p>\n\n\n\n<p><strong>Rafael Herrero<\/strong> joins the group with the aim of making the positioning of the brands profitable in their respective markets through an expert profile in the restaurant industry, especially in the fast food sector, after having managed the Zena group, owner of brands such as Foster&#8217;s Hollywood and Ginos, which will pass into the hands of the Mexican group Alsea until 2020.<\/p>\n\n\n\n<p>A year earlier, he was appointed general manager of the company for the Iberian market, managing the strategy of Vips, Domino&#8217;s Pizza and Starbucks.<\/p>\n","protected":false},"excerpt":{"rendered":"<p>Click here to read the Spanish version. The company behind the Telepizza group, Food Delivery Brands, has chosen Herrero as the new CEO of the group, following the resignation in September of Jacobo Caller as head of the company. This appointment will be completed and made effective from 5 February after the next shareholders&#8217; meeting. [&hellip;]<\/p>\n","protected":false},"author":23,"featured_media":228991,"comment_status":"open","ping_status":"closed","sticky":false,"template":"single-feature.php","format":"standard","meta":{"_acf_changed":false,"footnotes":""},"categories":[15812,15802,1],"tags":[15987],"class_list":["post-228995","post","type-post","status-publish","format-standard","has-post-thumbnail","hentry","category-breaking-news","category-news","category-sin-categorizar","tag-telepizza-en","cat-15812-id","cat-15802-id","cat-1-id"],"acf":[],"yoast_head":"<!-- This site is optimized with the Yoast SEO plugin v27.4 - https:\/\/yoast.com\/product\/yoast-seo-wordpress\/ -->\n<title>Telepizza appoints Rafael Herrero, former head of Alsea as CEO - Tapas<\/title>\n<meta name=\"description\" content=\"Click here to read the Spanish version. The company behind the Telepizza group, Food Delivery Brands, has chosen Herrero as the new CEO of the group,\" \/>\n<meta name=\"robots\" content=\"index, follow, max-snippet:-1, max-image-preview:large, max-video-preview:-1\" \/>\n<link rel=\"canonical\" href=\"https:\/\/www.tapasmagazine.es\/en\/telepizza-appoints-rafael-herrero-ceo\/\" \/>\n<meta property=\"og:locale\" content=\"en_US\" \/>\n<meta property=\"og:type\" content=\"article\" \/>\n<meta property=\"og:title\" content=\"Telepizza appoints Rafael Herrero, former head of Alsea as CEO - Tapas\" \/>\n<meta property=\"og:description\" content=\"Click here to read the Spanish version. The company behind the Telepizza group, Food Delivery Brands, has chosen Herrero as the new CEO of the group,\" \/>\n<meta property=\"og:url\" content=\"https:\/\/www.tapasmagazine.es\/en\/telepizza-appoints-rafael-herrero-ceo\/\" \/>\n<meta property=\"og:site_name\" content=\"Tapas\" \/>\n<meta property=\"article:publisher\" content=\"https:\/\/www.facebook.com\/tapasmagazine\" \/>\n<meta property=\"article:published_time\" content=\"2024-01-11T09:28:50+00:00\" \/>\n<meta property=\"article:modified_time\" content=\"2024-01-11T09:33:43+00:00\" \/>\n<meta property=\"og:image\" content=\"https:\/\/www.tapasmagazine.es\/wp-content\/uploads\/2024\/01\/rafael-herrero-telepizza.jpg\" \/>\n\t<meta property=\"og:image:width\" content=\"1200\" \/>\n\t<meta property=\"og:image:height\" content=\"675\" \/>\n\t<meta property=\"og:image:type\" content=\"image\/jpeg\" \/>\n<meta name=\"author\" content=\"Tapas\" \/>\n<meta name=\"twitter:card\" content=\"summary_large_image\" \/>\n<meta name=\"twitter:creator\" content=\"@TapasMagazine\" \/>\n<meta name=\"twitter:site\" content=\"@TapasMagazine\" \/>\n<meta name=\"twitter:label1\" content=\"Written by\" \/>\n\t<meta name=\"twitter:data1\" content=\"Tapas\" \/>\n\t<meta name=\"twitter:label2\" content=\"Est. reading time\" \/>\n\t<meta name=\"twitter:data2\" content=\"1 minute\" \/>\n<script type=\"application\/ld+json\" class=\"yoast-schema-graph\">{\"@context\":\"https:\\\/\\\/schema.org\",\"@graph\":[{\"@type\":\"Article\",\"@id\":\"https:\\\/\\\/www.tapasmagazine.es\\\/en\\\/telepizza-appoints-rafael-herrero-ceo\\\/#article\",\"isPartOf\":{\"@id\":\"https:\\\/\\\/www.tapasmagazine.es\\\/en\\\/telepizza-appoints-rafael-herrero-ceo\\\/\"},\"author\":{\"name\":\"Tapas\",\"@id\":\"https:\\\/\\\/www.tapasmagazine.es\\\/#\\\/schema\\\/person\\\/8bf373b672ffa6f78a076c90acdfaf26\"},\"headline\":\"Telepizza appoints Rafael Herrero, former head of Alsea as CEO\",\"datePublished\":\"2024-01-11T09:28:50+00:00\",\"dateModified\":\"2024-01-11T09:33:43+00:00\",\"mainEntityOfPage\":{\"@id\":\"https:\\\/\\\/www.tapasmagazine.es\\\/en\\\/telepizza-appoints-rafael-herrero-ceo\\\/\"},\"wordCount\":151,\"commentCount\":0,\"publisher\":{\"@id\":\"https:\\\/\\\/www.tapasmagazine.es\\\/#organization\"},\"image\":{\"@id\":\"https:\\\/\\\/www.tapasmagazine.es\\\/en\\\/telepizza-appoints-rafael-herrero-ceo\\\/#primaryimage\"},\"thumbnailUrl\":\"https:\\\/\\\/www.tapasmagazine.es\\\/wp-content\\\/uploads\\\/2024\\\/01\\\/rafael-herrero-telepizza.jpg\",\"keywords\":[\"Telepizza\"],\"articleSection\":[\"Breaking News\",\"News\",\"Sin categorizar\"],\"inLanguage\":\"en-US\",\"potentialAction\":[{\"@type\":\"CommentAction\",\"name\":\"Comment\",\"target\":[\"https:\\\/\\\/www.tapasmagazine.es\\\/en\\\/telepizza-appoints-rafael-herrero-ceo\\\/#respond\"]}]},{\"@type\":\"WebPage\",\"@id\":\"https:\\\/\\\/www.tapasmagazine.es\\\/en\\\/telepizza-appoints-rafael-herrero-ceo\\\/\",\"url\":\"https:\\\/\\\/www.tapasmagazine.es\\\/en\\\/telepizza-appoints-rafael-herrero-ceo\\\/\",\"name\":\"Telepizza appoints Rafael Herrero, former head of Alsea as CEO - Tapas\",\"isPartOf\":{\"@id\":\"https:\\\/\\\/www.tapasmagazine.es\\\/#website\"},\"primaryImageOfPage\":{\"@id\":\"https:\\\/\\\/www.tapasmagazine.es\\\/en\\\/telepizza-appoints-rafael-herrero-ceo\\\/#primaryimage\"},\"image\":{\"@id\":\"https:\\\/\\\/www.tapasmagazine.es\\\/en\\\/telepizza-appoints-rafael-herrero-ceo\\\/#primaryimage\"},\"thumbnailUrl\":\"https:\\\/\\\/www.tapasmagazine.es\\\/wp-content\\\/uploads\\\/2024\\\/01\\\/rafael-herrero-telepizza.jpg\",\"datePublished\":\"2024-01-11T09:28:50+00:00\",\"dateModified\":\"2024-01-11T09:33:43+00:00\",\"description\":\"Click here to read the Spanish version. The company behind the Telepizza group, Food Delivery Brands, has chosen Herrero as the new CEO of the group,\",\"breadcrumb\":{\"@id\":\"https:\\\/\\\/www.tapasmagazine.es\\\/en\\\/telepizza-appoints-rafael-herrero-ceo\\\/#breadcrumb\"},\"inLanguage\":\"en-US\",\"potentialAction\":[{\"@type\":\"ReadAction\",\"target\":[\"https:\\\/\\\/www.tapasmagazine.es\\\/en\\\/telepizza-appoints-rafael-herrero-ceo\\\/\"]}]},{\"@type\":\"ImageObject\",\"inLanguage\":\"en-US\",\"@id\":\"https:\\\/\\\/www.tapasmagazine.es\\\/en\\\/telepizza-appoints-rafael-herrero-ceo\\\/#primaryimage\",\"url\":\"https:\\\/\\\/www.tapasmagazine.es\\\/wp-content\\\/uploads\\\/2024\\\/01\\\/rafael-herrero-telepizza.jpg\",\"contentUrl\":\"https:\\\/\\\/www.tapasmagazine.es\\\/wp-content\\\/uploads\\\/2024\\\/01\\\/rafael-herrero-telepizza.jpg\",\"width\":1200,\"height\":675},{\"@type\":\"BreadcrumbList\",\"@id\":\"https:\\\/\\\/www.tapasmagazine.es\\\/en\\\/telepizza-appoints-rafael-herrero-ceo\\\/#breadcrumb\",\"itemListElement\":[{\"@type\":\"ListItem\",\"position\":1,\"name\":\"Portada\",\"item\":\"https:\\\/\\\/www.tapasmagazine.es\\\/\"},{\"@type\":\"ListItem\",\"position\":2,\"name\":\"Sin categorizar\",\"item\":\"https:\\\/\\\/www.tapasmagazine.es\\\/categorias\\\/sin-categorizar\\\/\"},{\"@type\":\"ListItem\",\"position\":3,\"name\":\"Telepizza appoints Rafael Herrero, former head of Alsea as CEO\"}]},{\"@type\":\"WebSite\",\"@id\":\"https:\\\/\\\/www.tapasmagazine.es\\\/#website\",\"url\":\"https:\\\/\\\/www.tapasmagazine.es\\\/\",\"name\":\"Tapas\",\"description\":\"\u00d1am \u00d1am Lifestyle. La vida a bocados. Premio Nacional de Gastronom\u00eda 2016.\",\"publisher\":{\"@id\":\"https:\\\/\\\/www.tapasmagazine.es\\\/#organization\"},\"potentialAction\":[{\"@type\":\"SearchAction\",\"target\":{\"@type\":\"EntryPoint\",\"urlTemplate\":\"https:\\\/\\\/www.tapasmagazine.es\\\/?s={search_term_string}\"},\"query-input\":{\"@type\":\"PropertyValueSpecification\",\"valueRequired\":true,\"valueName\":\"search_term_string\"}}],\"inLanguage\":\"en-US\"},{\"@type\":\"Organization\",\"@id\":\"https:\\\/\\\/www.tapasmagazine.es\\\/#organization\",\"name\":\"Tapas Magazine\",\"url\":\"https:\\\/\\\/www.tapasmagazine.es\\\/\",\"logo\":{\"@type\":\"ImageObject\",\"inLanguage\":\"en-US\",\"@id\":\"https:\\\/\\\/www.tapasmagazine.es\\\/#\\\/schema\\\/logo\\\/image\\\/\",\"url\":\"https:\\\/\\\/www.tapasmagazine.es\\\/wp-content\\\/uploads\\\/2018\\\/01\\\/logo.png\",\"contentUrl\":\"https:\\\/\\\/www.tapasmagazine.es\\\/wp-content\\\/uploads\\\/2018\\\/01\\\/logo.png\",\"width\":180,\"height\":60,\"caption\":\"Tapas Magazine\"},\"image\":{\"@id\":\"https:\\\/\\\/www.tapasmagazine.es\\\/#\\\/schema\\\/logo\\\/image\\\/\"},\"sameAs\":[\"https:\\\/\\\/www.facebook.com\\\/tapasmagazine\",\"https:\\\/\\\/x.com\\\/TapasMagazine\",\"https:\\\/\\\/www.instagram.com\\\/tapasmagazine\\\/\",\"https:\\\/\\\/www.linkedin.com\\\/company\\\/tapas-magazine\",\"https:\\\/\\\/es.pinterest.com\\\/tapasmagazine\\\/\",\"https:\\\/\\\/www.youtube.com\\\/channel\\\/UCEyxneAaACuR0lfDagrWjjg?sub_confirmation=1\"]},{\"@type\":\"Person\",\"@id\":\"https:\\\/\\\/www.tapasmagazine.es\\\/#\\\/schema\\\/person\\\/8bf373b672ffa6f78a076c90acdfaf26\",\"name\":\"Tapas\",\"url\":\"https:\\\/\\\/www.tapasmagazine.es\\\/en\\\/author\\\/spainmediaweb-tapas\\\/\"}]}<\/script>\n<!-- \/ Yoast SEO plugin. -->","yoast_head_json":{"title":"Telepizza appoints Rafael Herrero, former head of Alsea as CEO - Tapas","description":"Click here to read the Spanish version. The company behind the Telepizza group, Food Delivery Brands, has chosen Herrero as the new CEO of the group,","robots":{"index":"index","follow":"follow","max-snippet":"max-snippet:-1","max-image-preview":"max-image-preview:large","max-video-preview":"max-video-preview:-1"},"canonical":"https:\/\/www.tapasmagazine.es\/en\/telepizza-appoints-rafael-herrero-ceo\/","og_locale":"en_US","og_type":"article","og_title":"Telepizza appoints Rafael Herrero, former head of Alsea as CEO - Tapas","og_description":"Click here to read the Spanish version. The company behind the Telepizza group, Food Delivery Brands, has chosen Herrero as the new CEO of the group,","og_url":"https:\/\/www.tapasmagazine.es\/en\/telepizza-appoints-rafael-herrero-ceo\/","og_site_name":"Tapas","article_publisher":"https:\/\/www.facebook.com\/tapasmagazine","article_published_time":"2024-01-11T09:28:50+00:00","article_modified_time":"2024-01-11T09:33:43+00:00","og_image":[{"width":1200,"height":675,"url":"https:\/\/www.tapasmagazine.es\/wp-content\/uploads\/2024\/01\/rafael-herrero-telepizza.jpg","type":"image\/jpeg"}],"author":"Tapas","twitter_card":"summary_large_image","twitter_creator":"@TapasMagazine","twitter_site":"@TapasMagazine","twitter_misc":{"Written by":"Tapas","Est. reading time":"1 minute"},"schema":{"@context":"https:\/\/schema.org","@graph":[{"@type":"Article","@id":"https:\/\/www.tapasmagazine.es\/en\/telepizza-appoints-rafael-herrero-ceo\/#article","isPartOf":{"@id":"https:\/\/www.tapasmagazine.es\/en\/telepizza-appoints-rafael-herrero-ceo\/"},"author":{"name":"Tapas","@id":"https:\/\/www.tapasmagazine.es\/#\/schema\/person\/8bf373b672ffa6f78a076c90acdfaf26"},"headline":"Telepizza appoints Rafael Herrero, former head of Alsea as CEO","datePublished":"2024-01-11T09:28:50+00:00","dateModified":"2024-01-11T09:33:43+00:00","mainEntityOfPage":{"@id":"https:\/\/www.tapasmagazine.es\/en\/telepizza-appoints-rafael-herrero-ceo\/"},"wordCount":151,"commentCount":0,"publisher":{"@id":"https:\/\/www.tapasmagazine.es\/#organization"},"image":{"@id":"https:\/\/www.tapasmagazine.es\/en\/telepizza-appoints-rafael-herrero-ceo\/#primaryimage"},"thumbnailUrl":"https:\/\/www.tapasmagazine.es\/wp-content\/uploads\/2024\/01\/rafael-herrero-telepizza.jpg","keywords":["Telepizza"],"articleSection":["Breaking News","News","Sin categorizar"],"inLanguage":"en-US","potentialAction":[{"@type":"CommentAction","name":"Comment","target":["https:\/\/www.tapasmagazine.es\/en\/telepizza-appoints-rafael-herrero-ceo\/#respond"]}]},{"@type":"WebPage","@id":"https:\/\/www.tapasmagazine.es\/en\/telepizza-appoints-rafael-herrero-ceo\/","url":"https:\/\/www.tapasmagazine.es\/en\/telepizza-appoints-rafael-herrero-ceo\/","name":"Telepizza appoints Rafael Herrero, former head of Alsea as CEO - Tapas","isPartOf":{"@id":"https:\/\/www.tapasmagazine.es\/#website"},"primaryImageOfPage":{"@id":"https:\/\/www.tapasmagazine.es\/en\/telepizza-appoints-rafael-herrero-ceo\/#primaryimage"},"image":{"@id":"https:\/\/www.tapasmagazine.es\/en\/telepizza-appoints-rafael-herrero-ceo\/#primaryimage"},"thumbnailUrl":"https:\/\/www.tapasmagazine.es\/wp-content\/uploads\/2024\/01\/rafael-herrero-telepizza.jpg","datePublished":"2024-01-11T09:28:50+00:00","dateModified":"2024-01-11T09:33:43+00:00","description":"Click here to read the Spanish version. The company behind the Telepizza group, Food Delivery Brands, has chosen Herrero as the new CEO of the group,","breadcrumb":{"@id":"https:\/\/www.tapasmagazine.es\/en\/telepizza-appoints-rafael-herrero-ceo\/#breadcrumb"},"inLanguage":"en-US","potentialAction":[{"@type":"ReadAction","target":["https:\/\/www.tapasmagazine.es\/en\/telepizza-appoints-rafael-herrero-ceo\/"]}]},{"@type":"ImageObject","inLanguage":"en-US","@id":"https:\/\/www.tapasmagazine.es\/en\/telepizza-appoints-rafael-herrero-ceo\/#primaryimage","url":"https:\/\/www.tapasmagazine.es\/wp-content\/uploads\/2024\/01\/rafael-herrero-telepizza.jpg","contentUrl":"https:\/\/www.tapasmagazine.es\/wp-content\/uploads\/2024\/01\/rafael-herrero-telepizza.jpg","width":1200,"height":675},{"@type":"BreadcrumbList","@id":"https:\/\/www.tapasmagazine.es\/en\/telepizza-appoints-rafael-herrero-ceo\/#breadcrumb","itemListElement":[{"@type":"ListItem","position":1,"name":"Portada","item":"https:\/\/www.tapasmagazine.es\/"},{"@type":"ListItem","position":2,"name":"Sin categorizar","item":"https:\/\/www.tapasmagazine.es\/categorias\/sin-categorizar\/"},{"@type":"ListItem","position":3,"name":"Telepizza appoints Rafael Herrero, former head of Alsea as CEO"}]},{"@type":"WebSite","@id":"https:\/\/www.tapasmagazine.es\/#website","url":"https:\/\/www.tapasmagazine.es\/","name":"Tapas","description":"\u00d1am \u00d1am Lifestyle. La vida a bocados. Premio Nacional de Gastronom\u00eda 2016.","publisher":{"@id":"https:\/\/www.tapasmagazine.es\/#organization"},"potentialAction":[{"@type":"SearchAction","target":{"@type":"EntryPoint","urlTemplate":"https:\/\/www.tapasmagazine.es\/?s={search_term_string}"},"query-input":{"@type":"PropertyValueSpecification","valueRequired":true,"valueName":"search_term_string"}}],"inLanguage":"en-US"},{"@type":"Organization","@id":"https:\/\/www.tapasmagazine.es\/#organization","name":"Tapas Magazine","url":"https:\/\/www.tapasmagazine.es\/","logo":{"@type":"ImageObject","inLanguage":"en-US","@id":"https:\/\/www.tapasmagazine.es\/#\/schema\/logo\/image\/","url":"https:\/\/www.tapasmagazine.es\/wp-content\/uploads\/2018\/01\/logo.png","contentUrl":"https:\/\/www.tapasmagazine.es\/wp-content\/uploads\/2018\/01\/logo.png","width":180,"height":60,"caption":"Tapas Magazine"},"image":{"@id":"https:\/\/www.tapasmagazine.es\/#\/schema\/logo\/image\/"},"sameAs":["https:\/\/www.facebook.com\/tapasmagazine","https:\/\/x.com\/TapasMagazine","https:\/\/www.instagram.com\/tapasmagazine\/","https:\/\/www.linkedin.com\/company\/tapas-magazine","https:\/\/es.pinterest.com\/tapasmagazine\/","https:\/\/www.youtube.com\/channel\/UCEyxneAaACuR0lfDagrWjjg?sub_confirmation=1"]},{"@type":"Person","@id":"https:\/\/www.tapasmagazine.es\/#\/schema\/person\/8bf373b672ffa6f78a076c90acdfaf26","name":"Tapas","url":"https:\/\/www.tapasmagazine.es\/en\/author\/spainmediaweb-tapas\/"}]}},"_links":{"self":[{"href":"https:\/\/www.tapasmagazine.es\/en\/wp-json\/wp\/v2\/posts\/228995","targetHints":{"allow":["GET"]}}],"collection":[{"href":"https:\/\/www.tapasmagazine.es\/en\/wp-json\/wp\/v2\/posts"}],"about":[{"href":"https:\/\/www.tapasmagazine.es\/en\/wp-json\/wp\/v2\/types\/post"}],"author":[{"embeddable":true,"href":"https:\/\/www.tapasmagazine.es\/en\/wp-json\/wp\/v2\/users\/23"}],"replies":[{"embeddable":true,"href":"https:\/\/www.tapasmagazine.es\/en\/wp-json\/wp\/v2\/comments?post=228995"}],"version-history":[{"count":4,"href":"https:\/\/www.tapasmagazine.es\/en\/wp-json\/wp\/v2\/posts\/228995\/revisions"}],"predecessor-version":[{"id":228999,"href":"https:\/\/www.tapasmagazine.es\/en\/wp-json\/wp\/v2\/posts\/228995\/revisions\/228999"}],"wp:featuredmedia":[{"embeddable":true,"href":"https:\/\/www.tapasmagazine.es\/en\/wp-json\/wp\/v2\/media\/228991"}],"wp:attachment":[{"href":"https:\/\/www.tapasmagazine.es\/en\/wp-json\/wp\/v2\/media?parent=228995"}],"wp:term":[{"taxonomy":"category","embeddable":true,"href":"https:\/\/www.tapasmagazine.es\/en\/wp-json\/wp\/v2\/categories?post=228995"},{"taxonomy":"post_tag","embeddable":true,"href":"https:\/\/www.tapasmagazine.es\/en\/wp-json\/wp\/v2\/tags?post=228995"}],"curies":[{"name":"wp","href":"https:\/\/api.w.org\/{rel}","templated":true}]}}