{"id":228604,"date":"2024-01-09T13:41:05","date_gmt":"2024-01-09T12:41:05","guid":{"rendered":"https:\/\/www.tapasmagazine.es\/las-patatas-pronto-podrian-dejar-de-considerarse-una-verdura-en-eeuu\/"},"modified":"2024-01-09T13:46:44","modified_gmt":"2024-01-09T12:46:44","slug":"potatoes-may-soon-no-longer-be-considered-a-vegetable-in-the-us","status":"publish","type":"post","link":"https:\/\/www.tapasmagazine.es\/en\/potatoes-may-soon-no-longer-be-considered-a-vegetable-in-the-us\/","title":{"rendered":"Potatoes may soon no longer be considered a vegetable in the US"},"content":{"rendered":"\n<p><strong>Click <a href=\"https:\/\/www.tapasmagazine.es\/la-patata-pronto-podria-dejar-de-considerarse-una-verdura-en-eeuu\/\" target=\"_blank\" rel=\"noreferrer noopener\">here<\/a> to read the Spanish version<\/strong>.<\/p>\n\n\n\n<p>From <strong>2025<\/strong>, potatoes could be included in the cereals and rice category, for a number of reasons that support the change.<\/p>\n\n\n\n<p>According to the Wall Street Journal, the <strong>US Dietary Guidelines Advisory Committee<\/strong>, made up of representatives from the USDA and the Department of Health and Human Services, is developing its dietary guidelines for 2025.<\/p>\n\n\n\n<p>The dietary guidelines classify foods into five categories &#8211; dairy, fruit, grains, protein and vegetables &#8211; but the increasing prevalence of different diets or the proliferation of &#8216;food patterns&#8217; means that all of these groups may evolve and change over time.<\/p>\n\n\n\n<p>In this regard, the potato issue divides opinions in a debate with the<strong> National Potato Council <\/strong>and <strong>The Grain Chain <\/strong>opposing the classification of potatoes into two categories.<\/p>\n\n\n\n<p>While the NPC is sensitive to individual needs and cultures, we urge the Committee to recognise that a potato is not a cereal,&#8217; they said. Potatoes are the most widely produced vegetable in the U.S. Starchy vegetables and cereals are two very different food groups that play very different roles in providing nutrients to the diet. Unlike cereals, white potatoes are high in potassium, calcium, vitamin C, vitamin B6 and fibre. Research shows that diets high in vegetables, including potatoes, promote overall healthy outcomes&#8217;.<\/p>\n\n\n\n<p>Beyond that, they pointed out that despite supporting vegetable consumption, they did not believe that recategorising potatoes was the solution, and that such a change could confuse consumers. In any case, we will have to wait until 2025 for the debate to be resolved and a conclusion to be reached by the US Dietary Guidelines Advisory Committee.<\/p>\n","protected":false},"excerpt":{"rendered":"<p>Click here to read the Spanish version. From 2025, potatoes could be included in the cereals and rice category, for a number of reasons that support the change. According to the Wall Street Journal, the US Dietary Guidelines Advisory Committee, made up of representatives from the USDA and the Department of Health and Human Services, [&hellip;]<\/p>\n","protected":false},"author":285,"featured_media":228591,"comment_status":"open","ping_status":"closed","sticky":false,"template":"single-feature.php","format":"standard","meta":{"_acf_changed":false,"footnotes":""},"categories":[15807,15802,1],"tags":[15973,17798],"class_list":["post-228604","post","type-post","status-publish","format-standard","has-post-thumbnail","hentry","category-gastro-en","category-news","category-sin-categorizar","tag-estados-unidos-en","tag-patatas-en","cat-15807-id","cat-15802-id","cat-1-id"],"acf":[],"yoast_head":"<!-- This site is optimized with the Yoast SEO plugin v27.4 - https:\/\/yoast.com\/product\/yoast-seo-wordpress\/ -->\n<title>Potatoes may soon no longer be considered a vegetable in the US - Tapas<\/title>\n<meta name=\"description\" content=\"Click here to read the Spanish version. From 2025, potatoes could be included in the cereals and rice category, for a number of reasons that support the\" \/>\n<meta name=\"robots\" content=\"index, follow, max-snippet:-1, max-image-preview:large, max-video-preview:-1\" \/>\n<link rel=\"canonical\" href=\"https:\/\/www.tapasmagazine.es\/en\/potatoes-may-soon-no-longer-be-considered-a-vegetable-in-the-us\/\" \/>\n<meta property=\"og:locale\" content=\"en_US\" \/>\n<meta property=\"og:type\" content=\"article\" \/>\n<meta property=\"og:title\" content=\"Potatoes may soon no longer be considered a vegetable in the US - Tapas\" \/>\n<meta property=\"og:description\" content=\"Click here to read the Spanish version. From 2025, potatoes could be included in the cereals and rice category, for a number of reasons that support the\" \/>\n<meta property=\"og:url\" content=\"https:\/\/www.tapasmagazine.es\/en\/potatoes-may-soon-no-longer-be-considered-a-vegetable-in-the-us\/\" \/>\n<meta property=\"og:site_name\" content=\"Tapas\" \/>\n<meta property=\"article:publisher\" content=\"https:\/\/www.facebook.com\/tapasmagazine\" \/>\n<meta property=\"article:published_time\" content=\"2024-01-09T12:41:05+00:00\" \/>\n<meta property=\"article:modified_time\" content=\"2024-01-09T12:46:44+00:00\" \/>\n<meta property=\"og:image\" content=\"https:\/\/www.tapasmagazine.es\/wp-content\/uploads\/2024\/01\/patatas-eeuu-1.jpg\" \/>\n\t<meta property=\"og:image:width\" content=\"1200\" \/>\n\t<meta property=\"og:image:height\" content=\"675\" \/>\n\t<meta property=\"og:image:type\" content=\"image\/jpeg\" \/>\n<meta name=\"author\" content=\"Laura P\u00e9rez\" \/>\n<meta name=\"twitter:card\" content=\"summary_large_image\" \/>\n<meta name=\"twitter:creator\" content=\"@TapasMagazine\" \/>\n<meta name=\"twitter:site\" content=\"@TapasMagazine\" \/>\n<meta name=\"twitter:label1\" content=\"Written by\" \/>\n\t<meta name=\"twitter:data1\" content=\"Laura P\u00e9rez\" \/>\n\t<meta name=\"twitter:label2\" content=\"Est. reading time\" \/>\n\t<meta name=\"twitter:data2\" content=\"2 minutes\" \/>\n<script type=\"application\/ld+json\" class=\"yoast-schema-graph\">{\"@context\":\"https:\\\/\\\/schema.org\",\"@graph\":[{\"@type\":\"Article\",\"@id\":\"https:\\\/\\\/www.tapasmagazine.es\\\/en\\\/potatoes-may-soon-no-longer-be-considered-a-vegetable-in-the-us\\\/#article\",\"isPartOf\":{\"@id\":\"https:\\\/\\\/www.tapasmagazine.es\\\/en\\\/potatoes-may-soon-no-longer-be-considered-a-vegetable-in-the-us\\\/\"},\"author\":{\"name\":\"Laura P\u00e9rez\",\"@id\":\"https:\\\/\\\/www.tapasmagazine.es\\\/#\\\/schema\\\/person\\\/eb46cbe76a9c8f062660eb609e3ecb4e\"},\"headline\":\"Potatoes may soon no longer be considered a vegetable in the US\",\"datePublished\":\"2024-01-09T12:41:05+00:00\",\"dateModified\":\"2024-01-09T12:46:44+00:00\",\"mainEntityOfPage\":{\"@id\":\"https:\\\/\\\/www.tapasmagazine.es\\\/en\\\/potatoes-may-soon-no-longer-be-considered-a-vegetable-in-the-us\\\/\"},\"wordCount\":282,\"commentCount\":0,\"publisher\":{\"@id\":\"https:\\\/\\\/www.tapasmagazine.es\\\/#organization\"},\"image\":{\"@id\":\"https:\\\/\\\/www.tapasmagazine.es\\\/en\\\/potatoes-may-soon-no-longer-be-considered-a-vegetable-in-the-us\\\/#primaryimage\"},\"thumbnailUrl\":\"https:\\\/\\\/www.tapasmagazine.es\\\/wp-content\\\/uploads\\\/2024\\\/01\\\/patatas-eeuu-1.jpg\",\"keywords\":[\"Estados Unidos\",\"patatas\"],\"articleSection\":[\"Gastro\",\"News\",\"Sin categorizar\"],\"inLanguage\":\"en-US\",\"potentialAction\":[{\"@type\":\"CommentAction\",\"name\":\"Comment\",\"target\":[\"https:\\\/\\\/www.tapasmagazine.es\\\/en\\\/potatoes-may-soon-no-longer-be-considered-a-vegetable-in-the-us\\\/#respond\"]}]},{\"@type\":\"WebPage\",\"@id\":\"https:\\\/\\\/www.tapasmagazine.es\\\/en\\\/potatoes-may-soon-no-longer-be-considered-a-vegetable-in-the-us\\\/\",\"url\":\"https:\\\/\\\/www.tapasmagazine.es\\\/en\\\/potatoes-may-soon-no-longer-be-considered-a-vegetable-in-the-us\\\/\",\"name\":\"Potatoes may soon no longer be considered a vegetable in the US - Tapas\",\"isPartOf\":{\"@id\":\"https:\\\/\\\/www.tapasmagazine.es\\\/#website\"},\"primaryImageOfPage\":{\"@id\":\"https:\\\/\\\/www.tapasmagazine.es\\\/en\\\/potatoes-may-soon-no-longer-be-considered-a-vegetable-in-the-us\\\/#primaryimage\"},\"image\":{\"@id\":\"https:\\\/\\\/www.tapasmagazine.es\\\/en\\\/potatoes-may-soon-no-longer-be-considered-a-vegetable-in-the-us\\\/#primaryimage\"},\"thumbnailUrl\":\"https:\\\/\\\/www.tapasmagazine.es\\\/wp-content\\\/uploads\\\/2024\\\/01\\\/patatas-eeuu-1.jpg\",\"datePublished\":\"2024-01-09T12:41:05+00:00\",\"dateModified\":\"2024-01-09T12:46:44+00:00\",\"description\":\"Click here to read the Spanish version. From 2025, potatoes could be included in the cereals and rice category, for a number of reasons that support the\",\"breadcrumb\":{\"@id\":\"https:\\\/\\\/www.tapasmagazine.es\\\/en\\\/potatoes-may-soon-no-longer-be-considered-a-vegetable-in-the-us\\\/#breadcrumb\"},\"inLanguage\":\"en-US\",\"potentialAction\":[{\"@type\":\"ReadAction\",\"target\":[\"https:\\\/\\\/www.tapasmagazine.es\\\/en\\\/potatoes-may-soon-no-longer-be-considered-a-vegetable-in-the-us\\\/\"]}]},{\"@type\":\"ImageObject\",\"inLanguage\":\"en-US\",\"@id\":\"https:\\\/\\\/www.tapasmagazine.es\\\/en\\\/potatoes-may-soon-no-longer-be-considered-a-vegetable-in-the-us\\\/#primaryimage\",\"url\":\"https:\\\/\\\/www.tapasmagazine.es\\\/wp-content\\\/uploads\\\/2024\\\/01\\\/patatas-eeuu-1.jpg\",\"contentUrl\":\"https:\\\/\\\/www.tapasmagazine.es\\\/wp-content\\\/uploads\\\/2024\\\/01\\\/patatas-eeuu-1.jpg\",\"width\":1200,\"height\":675},{\"@type\":\"BreadcrumbList\",\"@id\":\"https:\\\/\\\/www.tapasmagazine.es\\\/en\\\/potatoes-may-soon-no-longer-be-considered-a-vegetable-in-the-us\\\/#breadcrumb\",\"itemListElement\":[{\"@type\":\"ListItem\",\"position\":1,\"name\":\"Portada\",\"item\":\"https:\\\/\\\/www.tapasmagazine.es\\\/\"},{\"@type\":\"ListItem\",\"position\":2,\"name\":\"Sin categorizar\",\"item\":\"https:\\\/\\\/www.tapasmagazine.es\\\/categorias\\\/sin-categorizar\\\/\"},{\"@type\":\"ListItem\",\"position\":3,\"name\":\"Potatoes may soon no longer be considered a vegetable in the US\"}]},{\"@type\":\"WebSite\",\"@id\":\"https:\\\/\\\/www.tapasmagazine.es\\\/#website\",\"url\":\"https:\\\/\\\/www.tapasmagazine.es\\\/\",\"name\":\"Tapas\",\"description\":\"\u00d1am \u00d1am Lifestyle. La vida a bocados. Premio Nacional de Gastronom\u00eda 2016.\",\"publisher\":{\"@id\":\"https:\\\/\\\/www.tapasmagazine.es\\\/#organization\"},\"potentialAction\":[{\"@type\":\"SearchAction\",\"target\":{\"@type\":\"EntryPoint\",\"urlTemplate\":\"https:\\\/\\\/www.tapasmagazine.es\\\/?s={search_term_string}\"},\"query-input\":{\"@type\":\"PropertyValueSpecification\",\"valueRequired\":true,\"valueName\":\"search_term_string\"}}],\"inLanguage\":\"en-US\"},{\"@type\":\"Organization\",\"@id\":\"https:\\\/\\\/www.tapasmagazine.es\\\/#organization\",\"name\":\"Tapas Magazine\",\"url\":\"https:\\\/\\\/www.tapasmagazine.es\\\/\",\"logo\":{\"@type\":\"ImageObject\",\"inLanguage\":\"en-US\",\"@id\":\"https:\\\/\\\/www.tapasmagazine.es\\\/#\\\/schema\\\/logo\\\/image\\\/\",\"url\":\"https:\\\/\\\/www.tapasmagazine.es\\\/wp-content\\\/uploads\\\/2018\\\/01\\\/logo.png\",\"contentUrl\":\"https:\\\/\\\/www.tapasmagazine.es\\\/wp-content\\\/uploads\\\/2018\\\/01\\\/logo.png\",\"width\":180,\"height\":60,\"caption\":\"Tapas Magazine\"},\"image\":{\"@id\":\"https:\\\/\\\/www.tapasmagazine.es\\\/#\\\/schema\\\/logo\\\/image\\\/\"},\"sameAs\":[\"https:\\\/\\\/www.facebook.com\\\/tapasmagazine\",\"https:\\\/\\\/x.com\\\/TapasMagazine\",\"https:\\\/\\\/www.instagram.com\\\/tapasmagazine\\\/\",\"https:\\\/\\\/www.linkedin.com\\\/company\\\/tapas-magazine\",\"https:\\\/\\\/es.pinterest.com\\\/tapasmagazine\\\/\",\"https:\\\/\\\/www.youtube.com\\\/channel\\\/UCEyxneAaACuR0lfDagrWjjg?sub_confirmation=1\"]},{\"@type\":\"Person\",\"@id\":\"https:\\\/\\\/www.tapasmagazine.es\\\/#\\\/schema\\\/person\\\/eb46cbe76a9c8f062660eb609e3ecb4e\",\"name\":\"Laura P\u00e9rez\",\"url\":\"https:\\\/\\\/www.tapasmagazine.es\\\/en\\\/author\\\/laura-perez\\\/\"}]}<\/script>\n<!-- \/ Yoast SEO plugin. -->","yoast_head_json":{"title":"Potatoes may soon no longer be considered a vegetable in the US - Tapas","description":"Click here to read the Spanish version. From 2025, potatoes could be included in the cereals and rice category, for a number of reasons that support the","robots":{"index":"index","follow":"follow","max-snippet":"max-snippet:-1","max-image-preview":"max-image-preview:large","max-video-preview":"max-video-preview:-1"},"canonical":"https:\/\/www.tapasmagazine.es\/en\/potatoes-may-soon-no-longer-be-considered-a-vegetable-in-the-us\/","og_locale":"en_US","og_type":"article","og_title":"Potatoes may soon no longer be considered a vegetable in the US - Tapas","og_description":"Click here to read the Spanish version. From 2025, potatoes could be included in the cereals and rice category, for a number of reasons that support the","og_url":"https:\/\/www.tapasmagazine.es\/en\/potatoes-may-soon-no-longer-be-considered-a-vegetable-in-the-us\/","og_site_name":"Tapas","article_publisher":"https:\/\/www.facebook.com\/tapasmagazine","article_published_time":"2024-01-09T12:41:05+00:00","article_modified_time":"2024-01-09T12:46:44+00:00","og_image":[{"width":1200,"height":675,"url":"https:\/\/www.tapasmagazine.es\/wp-content\/uploads\/2024\/01\/patatas-eeuu-1.jpg","type":"image\/jpeg"}],"author":"Laura P\u00e9rez","twitter_card":"summary_large_image","twitter_creator":"@TapasMagazine","twitter_site":"@TapasMagazine","twitter_misc":{"Written by":"Laura P\u00e9rez","Est. reading time":"2 minutes"},"schema":{"@context":"https:\/\/schema.org","@graph":[{"@type":"Article","@id":"https:\/\/www.tapasmagazine.es\/en\/potatoes-may-soon-no-longer-be-considered-a-vegetable-in-the-us\/#article","isPartOf":{"@id":"https:\/\/www.tapasmagazine.es\/en\/potatoes-may-soon-no-longer-be-considered-a-vegetable-in-the-us\/"},"author":{"name":"Laura P\u00e9rez","@id":"https:\/\/www.tapasmagazine.es\/#\/schema\/person\/eb46cbe76a9c8f062660eb609e3ecb4e"},"headline":"Potatoes may soon no longer be considered a vegetable in the US","datePublished":"2024-01-09T12:41:05+00:00","dateModified":"2024-01-09T12:46:44+00:00","mainEntityOfPage":{"@id":"https:\/\/www.tapasmagazine.es\/en\/potatoes-may-soon-no-longer-be-considered-a-vegetable-in-the-us\/"},"wordCount":282,"commentCount":0,"publisher":{"@id":"https:\/\/www.tapasmagazine.es\/#organization"},"image":{"@id":"https:\/\/www.tapasmagazine.es\/en\/potatoes-may-soon-no-longer-be-considered-a-vegetable-in-the-us\/#primaryimage"},"thumbnailUrl":"https:\/\/www.tapasmagazine.es\/wp-content\/uploads\/2024\/01\/patatas-eeuu-1.jpg","keywords":["Estados Unidos","patatas"],"articleSection":["Gastro","News","Sin categorizar"],"inLanguage":"en-US","potentialAction":[{"@type":"CommentAction","name":"Comment","target":["https:\/\/www.tapasmagazine.es\/en\/potatoes-may-soon-no-longer-be-considered-a-vegetable-in-the-us\/#respond"]}]},{"@type":"WebPage","@id":"https:\/\/www.tapasmagazine.es\/en\/potatoes-may-soon-no-longer-be-considered-a-vegetable-in-the-us\/","url":"https:\/\/www.tapasmagazine.es\/en\/potatoes-may-soon-no-longer-be-considered-a-vegetable-in-the-us\/","name":"Potatoes may soon no longer be considered a vegetable in the US - Tapas","isPartOf":{"@id":"https:\/\/www.tapasmagazine.es\/#website"},"primaryImageOfPage":{"@id":"https:\/\/www.tapasmagazine.es\/en\/potatoes-may-soon-no-longer-be-considered-a-vegetable-in-the-us\/#primaryimage"},"image":{"@id":"https:\/\/www.tapasmagazine.es\/en\/potatoes-may-soon-no-longer-be-considered-a-vegetable-in-the-us\/#primaryimage"},"thumbnailUrl":"https:\/\/www.tapasmagazine.es\/wp-content\/uploads\/2024\/01\/patatas-eeuu-1.jpg","datePublished":"2024-01-09T12:41:05+00:00","dateModified":"2024-01-09T12:46:44+00:00","description":"Click here to read the Spanish version. From 2025, potatoes could be included in the cereals and rice category, for a number of reasons that support the","breadcrumb":{"@id":"https:\/\/www.tapasmagazine.es\/en\/potatoes-may-soon-no-longer-be-considered-a-vegetable-in-the-us\/#breadcrumb"},"inLanguage":"en-US","potentialAction":[{"@type":"ReadAction","target":["https:\/\/www.tapasmagazine.es\/en\/potatoes-may-soon-no-longer-be-considered-a-vegetable-in-the-us\/"]}]},{"@type":"ImageObject","inLanguage":"en-US","@id":"https:\/\/www.tapasmagazine.es\/en\/potatoes-may-soon-no-longer-be-considered-a-vegetable-in-the-us\/#primaryimage","url":"https:\/\/www.tapasmagazine.es\/wp-content\/uploads\/2024\/01\/patatas-eeuu-1.jpg","contentUrl":"https:\/\/www.tapasmagazine.es\/wp-content\/uploads\/2024\/01\/patatas-eeuu-1.jpg","width":1200,"height":675},{"@type":"BreadcrumbList","@id":"https:\/\/www.tapasmagazine.es\/en\/potatoes-may-soon-no-longer-be-considered-a-vegetable-in-the-us\/#breadcrumb","itemListElement":[{"@type":"ListItem","position":1,"name":"Portada","item":"https:\/\/www.tapasmagazine.es\/"},{"@type":"ListItem","position":2,"name":"Sin categorizar","item":"https:\/\/www.tapasmagazine.es\/categorias\/sin-categorizar\/"},{"@type":"ListItem","position":3,"name":"Potatoes may soon no longer be considered a vegetable in the US"}]},{"@type":"WebSite","@id":"https:\/\/www.tapasmagazine.es\/#website","url":"https:\/\/www.tapasmagazine.es\/","name":"Tapas","description":"\u00d1am \u00d1am Lifestyle. La vida a bocados. Premio Nacional de Gastronom\u00eda 2016.","publisher":{"@id":"https:\/\/www.tapasmagazine.es\/#organization"},"potentialAction":[{"@type":"SearchAction","target":{"@type":"EntryPoint","urlTemplate":"https:\/\/www.tapasmagazine.es\/?s={search_term_string}"},"query-input":{"@type":"PropertyValueSpecification","valueRequired":true,"valueName":"search_term_string"}}],"inLanguage":"en-US"},{"@type":"Organization","@id":"https:\/\/www.tapasmagazine.es\/#organization","name":"Tapas Magazine","url":"https:\/\/www.tapasmagazine.es\/","logo":{"@type":"ImageObject","inLanguage":"en-US","@id":"https:\/\/www.tapasmagazine.es\/#\/schema\/logo\/image\/","url":"https:\/\/www.tapasmagazine.es\/wp-content\/uploads\/2018\/01\/logo.png","contentUrl":"https:\/\/www.tapasmagazine.es\/wp-content\/uploads\/2018\/01\/logo.png","width":180,"height":60,"caption":"Tapas Magazine"},"image":{"@id":"https:\/\/www.tapasmagazine.es\/#\/schema\/logo\/image\/"},"sameAs":["https:\/\/www.facebook.com\/tapasmagazine","https:\/\/x.com\/TapasMagazine","https:\/\/www.instagram.com\/tapasmagazine\/","https:\/\/www.linkedin.com\/company\/tapas-magazine","https:\/\/es.pinterest.com\/tapasmagazine\/","https:\/\/www.youtube.com\/channel\/UCEyxneAaACuR0lfDagrWjjg?sub_confirmation=1"]},{"@type":"Person","@id":"https:\/\/www.tapasmagazine.es\/#\/schema\/person\/eb46cbe76a9c8f062660eb609e3ecb4e","name":"Laura P\u00e9rez","url":"https:\/\/www.tapasmagazine.es\/en\/author\/laura-perez\/"}]}},"_links":{"self":[{"href":"https:\/\/www.tapasmagazine.es\/en\/wp-json\/wp\/v2\/posts\/228604","targetHints":{"allow":["GET"]}}],"collection":[{"href":"https:\/\/www.tapasmagazine.es\/en\/wp-json\/wp\/v2\/posts"}],"about":[{"href":"https:\/\/www.tapasmagazine.es\/en\/wp-json\/wp\/v2\/types\/post"}],"author":[{"embeddable":true,"href":"https:\/\/www.tapasmagazine.es\/en\/wp-json\/wp\/v2\/users\/285"}],"replies":[{"embeddable":true,"href":"https:\/\/www.tapasmagazine.es\/en\/wp-json\/wp\/v2\/comments?post=228604"}],"version-history":[{"count":7,"href":"https:\/\/www.tapasmagazine.es\/en\/wp-json\/wp\/v2\/posts\/228604\/revisions"}],"predecessor-version":[{"id":228618,"href":"https:\/\/www.tapasmagazine.es\/en\/wp-json\/wp\/v2\/posts\/228604\/revisions\/228618"}],"wp:featuredmedia":[{"embeddable":true,"href":"https:\/\/www.tapasmagazine.es\/en\/wp-json\/wp\/v2\/media\/228591"}],"wp:attachment":[{"href":"https:\/\/www.tapasmagazine.es\/en\/wp-json\/wp\/v2\/media?parent=228604"}],"wp:term":[{"taxonomy":"category","embeddable":true,"href":"https:\/\/www.tapasmagazine.es\/en\/wp-json\/wp\/v2\/categories?post=228604"},{"taxonomy":"post_tag","embeddable":true,"href":"https:\/\/www.tapasmagazine.es\/en\/wp-json\/wp\/v2\/tags?post=228604"}],"curies":[{"name":"wp","href":"https:\/\/api.w.org\/{rel}","templated":true}]}}