{"id":228294,"date":"2024-01-08T12:06:02","date_gmt":"2024-01-08T11:06:02","guid":{"rendered":"https:\/\/www.tapasmagazine.es\/?p=228294"},"modified":"2024-01-08T12:17:26","modified_gmt":"2024-01-08T11:17:26","slug":"this-is-the-ingredient-that-is-postulated-as-the-flavor-of-the-year-for-2024","status":"publish","type":"post","link":"https:\/\/www.tapasmagazine.es\/en\/this-is-the-ingredient-that-is-postulated-as-the-flavor-of-the-year-for-2024\/","title":{"rendered":"This is the ingredient that is postulated as the flavor of the year for 2024"},"content":{"rendered":"\n<p><strong>Click <a href=\"https:\/\/www.tapasmagazine.es\/este-es-el-ingrediente-que-se-postula-como-sabor-del-ano-de-2024\/\" target=\"_blank\" rel=\"noreferrer noopener\">here<\/a> to read the Spanish version.<\/strong><br>As every January, it is time to make an overview of what this new gastronomic year will bring us and what will be the trends and ingredients that will reign during the next 365 days. According to a study published by the <a href=\"https:\/\/news.mccormick.com\/2023-12-06-McCormick-R-Unveils-Flavor-Forecast-24th-Edition-and-2024-Flavor-of-the-Year\" target=\"_blank\" rel=\"noreferrer noopener\">McCormick &amp; Company<\/a> brand, there is one food that will become the preferred ingredient. And the one chosen as the flavor of the year 2024 is tamarind. Here we explain the reasons that have led this ingredient to become the king of many of the dishes that will be served in restaurants.<\/p>\n\n\n\n<figure class=\"wp-block-image size-large\"><a href=\"https:\/\/www.tapasmagazine.es\/wp-content\/uploads\/2024\/01\/tamarindo11.jpg\"><img decoding=\"async\" width=\"1024\" height=\"576\" src=\"https:\/\/www.tapasmagazine.es\/wp-content\/uploads\/2024\/01\/tamarindo11-1024x576.jpg\" alt=\"\" class=\"wp-image-228288\" srcset=\"https:\/\/www.tapasmagazine.es\/wp-content\/uploads\/2024\/01\/tamarindo11-1024x576.jpg 1024w, https:\/\/www.tapasmagazine.es\/wp-content\/uploads\/2024\/01\/tamarindo11-300x169.jpg 300w, https:\/\/www.tapasmagazine.es\/wp-content\/uploads\/2024\/01\/tamarindo11-768x432.jpg 768w, https:\/\/www.tapasmagazine.es\/wp-content\/uploads\/2024\/01\/tamarindo11-1000x563.jpg 1000w, https:\/\/www.tapasmagazine.es\/wp-content\/uploads\/2024\/01\/tamarindo11-400x225.jpg 400w, https:\/\/www.tapasmagazine.es\/wp-content\/uploads\/2024\/01\/tamarindo11.jpg 1200w\" sizes=\"(max-width: 1024px) 100vw, 1024px\" \/><\/a><\/figure>\n\n\n\n<p>As McCormick &amp; Company&#8217;s executive chef explained to CNN, one of the main reasons for choosing tamarind is based on the gastronomic trends that have triumphed in recent months, and the profile of this food fits perfectly with the flavors that have been standing out. In 2023, spicy, acidic and swicy trends clearly triumphed. In that sense, tamarind fits perfectly with what has been described, since it is a sweet and sour ingredient that serves as a condiment for a wide variety of sauces, drinks, desserts and marinades.<\/p>\n\n\n\n<h2 class=\"wp-block-heading\">Tamarind, a very complete flavor<\/h2>\n\n\n\n<p>The process of choosing one flavor or another is carried out over nine months by the McCormick team, which travels around the world, from South Africa to China to Poland, for example, to analyze restaurant menus, examine tastes and trends, and then translate them into its annual report.<\/p>\n\n\n\n<figure class=\"wp-block-image size-full\"><a href=\"https:\/\/www.tapasmagazine.es\/wp-content\/uploads\/2024\/01\/tamarindo1.jpg\"><img decoding=\"async\" width=\"900\" height=\"900\" src=\"https:\/\/www.tapasmagazine.es\/wp-content\/uploads\/2024\/01\/tamarindo1.jpg\" alt=\"\" class=\"wp-image-228290\" srcset=\"https:\/\/www.tapasmagazine.es\/wp-content\/uploads\/2024\/01\/tamarindo1.jpg 900w, https:\/\/www.tapasmagazine.es\/wp-content\/uploads\/2024\/01\/tamarindo1-300x300.jpg 300w, https:\/\/www.tapasmagazine.es\/wp-content\/uploads\/2024\/01\/tamarindo1-150x150.jpg 150w, https:\/\/www.tapasmagazine.es\/wp-content\/uploads\/2024\/01\/tamarindo1-768x768.jpg 768w, https:\/\/www.tapasmagazine.es\/wp-content\/uploads\/2024\/01\/tamarindo1-400x400.jpg 400w\" sizes=\"(max-width: 900px) 100vw, 900px\" \/><\/a><\/figure>\n\n\n\n<p>Tamarind is an ingredient that also has many medicinal properties and benefits for our health, thanks to its high magnesium content, its anti-inflammatory and anti-diabetic effects and its ability to reduce blood pressure.<\/p>\n\n\n\n<p>Finally, the McCormick team explained, tamarind aligns perfectly with the three foodie trends predicted by their report: the power of acid, &#8220;thoughtfully borrowed borrowed&#8221; recipes &#8211; modernized versions of regional traditions &#8211; and &#8216;new-stalgic&#8217; &#8211; a term that refers to the revival of childhood favorites with a modern twist. These are just a few reasons that have led tamarind to be chosen as the flavor of the year 2024.<\/p>\n","protected":false},"excerpt":{"rendered":"<p>Click here to read the Spanish version.As every January, it is time to make an overview of what this new gastronomic year will bring us and what will be the trends and ingredients that will reign during the next 365 days. According to a study published by the McCormick &amp; Company brand, there is one [&hellip;]<\/p>\n","protected":false},"author":249,"featured_media":228287,"comment_status":"open","ping_status":"closed","sticky":false,"template":"single-feature.php","format":"standard","meta":{"_acf_changed":false,"footnotes":""},"categories":[15807,15802],"tags":[],"class_list":["post-228294","post","type-post","status-publish","format-standard","has-post-thumbnail","hentry","category-gastro-en","category-news","cat-15807-id","cat-15802-id"],"acf":[],"yoast_head":"<!-- This site is optimized with the Yoast SEO plugin v27.5 - https:\/\/yoast.com\/product\/yoast-seo-wordpress\/ -->\n<title>This is the ingredient that is postulated as the flavor of the year for 2024 - Tapas<\/title>\n<meta name=\"description\" content=\"There is one food that has all the cards to become the king of gastronomic proposals and be the flavor of the year 2024.\" \/>\n<meta name=\"robots\" content=\"index, follow, max-snippet:-1, max-image-preview:large, max-video-preview:-1\" \/>\n<link rel=\"canonical\" href=\"https:\/\/www.tapasmagazine.es\/en\/this-is-the-ingredient-that-is-postulated-as-the-flavor-of-the-year-for-2024\/\" \/>\n<meta property=\"og:locale\" content=\"en_US\" \/>\n<meta property=\"og:type\" content=\"article\" \/>\n<meta property=\"og:title\" content=\"This is the ingredient that is postulated as the flavor of the year for 2024 - Tapas\" \/>\n<meta property=\"og:description\" content=\"There is one food that has all the cards to become the king of gastronomic proposals and be the flavor of the year 2024.\" \/>\n<meta property=\"og:url\" content=\"https:\/\/www.tapasmagazine.es\/en\/this-is-the-ingredient-that-is-postulated-as-the-flavor-of-the-year-for-2024\/\" \/>\n<meta property=\"og:site_name\" content=\"Tapas\" \/>\n<meta property=\"article:publisher\" content=\"https:\/\/www.facebook.com\/tapasmagazine\" \/>\n<meta property=\"article:published_time\" content=\"2024-01-08T11:06:02+00:00\" \/>\n<meta property=\"article:modified_time\" content=\"2024-01-08T11:17:26+00:00\" \/>\n<meta property=\"og:image\" content=\"https:\/\/www.tapasmagazine.es\/wp-content\/uploads\/2024\/01\/tamarindo-sabor-del-ano-2024.jpg\" \/>\n\t<meta property=\"og:image:width\" content=\"1200\" \/>\n\t<meta property=\"og:image:height\" content=\"675\" \/>\n\t<meta property=\"og:image:type\" content=\"image\/jpeg\" \/>\n<meta name=\"author\" content=\"TAPAS\" \/>\n<meta name=\"twitter:card\" content=\"summary_large_image\" \/>\n<meta name=\"twitter:creator\" content=\"@TapasMagazine\" \/>\n<meta name=\"twitter:site\" content=\"@TapasMagazine\" \/>\n<meta name=\"twitter:label1\" content=\"Written by\" \/>\n\t<meta name=\"twitter:data1\" content=\"TAPAS\" \/>\n\t<meta name=\"twitter:label2\" content=\"Est. reading time\" \/>\n\t<meta name=\"twitter:data2\" content=\"3 minutes\" \/>\n<script type=\"application\/ld+json\" class=\"yoast-schema-graph\">{\"@context\":\"https:\\\/\\\/schema.org\",\"@graph\":[{\"@type\":\"Article\",\"@id\":\"https:\\\/\\\/www.tapasmagazine.es\\\/en\\\/this-is-the-ingredient-that-is-postulated-as-the-flavor-of-the-year-for-2024\\\/#article\",\"isPartOf\":{\"@id\":\"https:\\\/\\\/www.tapasmagazine.es\\\/en\\\/this-is-the-ingredient-that-is-postulated-as-the-flavor-of-the-year-for-2024\\\/\"},\"author\":{\"name\":\"TAPAS\",\"@id\":\"https:\\\/\\\/www.tapasmagazine.es\\\/#\\\/schema\\\/person\\\/906ea2ea4697837608d99f4cc085cea3\"},\"headline\":\"This is the ingredient that is postulated as the flavor of the year for 2024\",\"datePublished\":\"2024-01-08T11:06:02+00:00\",\"dateModified\":\"2024-01-08T11:17:26+00:00\",\"mainEntityOfPage\":{\"@id\":\"https:\\\/\\\/www.tapasmagazine.es\\\/en\\\/this-is-the-ingredient-that-is-postulated-as-the-flavor-of-the-year-for-2024\\\/\"},\"wordCount\":355,\"commentCount\":0,\"publisher\":{\"@id\":\"https:\\\/\\\/www.tapasmagazine.es\\\/#organization\"},\"image\":{\"@id\":\"https:\\\/\\\/www.tapasmagazine.es\\\/en\\\/this-is-the-ingredient-that-is-postulated-as-the-flavor-of-the-year-for-2024\\\/#primaryimage\"},\"thumbnailUrl\":\"https:\\\/\\\/www.tapasmagazine.es\\\/wp-content\\\/uploads\\\/2024\\\/01\\\/tamarindo-sabor-del-ano-2024.jpg\",\"articleSection\":[\"Gastro\",\"News\"],\"inLanguage\":\"en-US\",\"potentialAction\":[{\"@type\":\"CommentAction\",\"name\":\"Comment\",\"target\":[\"https:\\\/\\\/www.tapasmagazine.es\\\/en\\\/this-is-the-ingredient-that-is-postulated-as-the-flavor-of-the-year-for-2024\\\/#respond\"]}]},{\"@type\":\"WebPage\",\"@id\":\"https:\\\/\\\/www.tapasmagazine.es\\\/en\\\/this-is-the-ingredient-that-is-postulated-as-the-flavor-of-the-year-for-2024\\\/\",\"url\":\"https:\\\/\\\/www.tapasmagazine.es\\\/en\\\/this-is-the-ingredient-that-is-postulated-as-the-flavor-of-the-year-for-2024\\\/\",\"name\":\"This is the ingredient that is postulated as the flavor of the year for 2024 - Tapas\",\"isPartOf\":{\"@id\":\"https:\\\/\\\/www.tapasmagazine.es\\\/#website\"},\"primaryImageOfPage\":{\"@id\":\"https:\\\/\\\/www.tapasmagazine.es\\\/en\\\/this-is-the-ingredient-that-is-postulated-as-the-flavor-of-the-year-for-2024\\\/#primaryimage\"},\"image\":{\"@id\":\"https:\\\/\\\/www.tapasmagazine.es\\\/en\\\/this-is-the-ingredient-that-is-postulated-as-the-flavor-of-the-year-for-2024\\\/#primaryimage\"},\"thumbnailUrl\":\"https:\\\/\\\/www.tapasmagazine.es\\\/wp-content\\\/uploads\\\/2024\\\/01\\\/tamarindo-sabor-del-ano-2024.jpg\",\"datePublished\":\"2024-01-08T11:06:02+00:00\",\"dateModified\":\"2024-01-08T11:17:26+00:00\",\"description\":\"There is one food that has all the cards to become the king of gastronomic proposals and be the flavor of the year 2024.\",\"breadcrumb\":{\"@id\":\"https:\\\/\\\/www.tapasmagazine.es\\\/en\\\/this-is-the-ingredient-that-is-postulated-as-the-flavor-of-the-year-for-2024\\\/#breadcrumb\"},\"inLanguage\":\"en-US\",\"potentialAction\":[{\"@type\":\"ReadAction\",\"target\":[\"https:\\\/\\\/www.tapasmagazine.es\\\/en\\\/this-is-the-ingredient-that-is-postulated-as-the-flavor-of-the-year-for-2024\\\/\"]}]},{\"@type\":\"ImageObject\",\"inLanguage\":\"en-US\",\"@id\":\"https:\\\/\\\/www.tapasmagazine.es\\\/en\\\/this-is-the-ingredient-that-is-postulated-as-the-flavor-of-the-year-for-2024\\\/#primaryimage\",\"url\":\"https:\\\/\\\/www.tapasmagazine.es\\\/wp-content\\\/uploads\\\/2024\\\/01\\\/tamarindo-sabor-del-ano-2024.jpg\",\"contentUrl\":\"https:\\\/\\\/www.tapasmagazine.es\\\/wp-content\\\/uploads\\\/2024\\\/01\\\/tamarindo-sabor-del-ano-2024.jpg\",\"width\":1200,\"height\":675},{\"@type\":\"BreadcrumbList\",\"@id\":\"https:\\\/\\\/www.tapasmagazine.es\\\/en\\\/this-is-the-ingredient-that-is-postulated-as-the-flavor-of-the-year-for-2024\\\/#breadcrumb\",\"itemListElement\":[{\"@type\":\"ListItem\",\"position\":1,\"name\":\"Portada\",\"item\":\"https:\\\/\\\/www.tapasmagazine.es\\\/\"},{\"@type\":\"ListItem\",\"position\":2,\"name\":\"News\",\"item\":\"https:\\\/\\\/www.tapasmagazine.es\\\/en\\\/categorias\\\/news\\\/\"},{\"@type\":\"ListItem\",\"position\":3,\"name\":\"This is the ingredient that is postulated as the flavor of the year for 2024\"}]},{\"@type\":\"WebSite\",\"@id\":\"https:\\\/\\\/www.tapasmagazine.es\\\/#website\",\"url\":\"https:\\\/\\\/www.tapasmagazine.es\\\/\",\"name\":\"Tapas\",\"description\":\"\u00d1am \u00d1am Lifestyle. La vida a bocados. Premio Nacional de Gastronom\u00eda 2016.\",\"publisher\":{\"@id\":\"https:\\\/\\\/www.tapasmagazine.es\\\/#organization\"},\"potentialAction\":[{\"@type\":\"SearchAction\",\"target\":{\"@type\":\"EntryPoint\",\"urlTemplate\":\"https:\\\/\\\/www.tapasmagazine.es\\\/?s={search_term_string}\"},\"query-input\":{\"@type\":\"PropertyValueSpecification\",\"valueRequired\":true,\"valueName\":\"search_term_string\"}}],\"inLanguage\":\"en-US\"},{\"@type\":\"Organization\",\"@id\":\"https:\\\/\\\/www.tapasmagazine.es\\\/#organization\",\"name\":\"Tapas Magazine\",\"url\":\"https:\\\/\\\/www.tapasmagazine.es\\\/\",\"logo\":{\"@type\":\"ImageObject\",\"inLanguage\":\"en-US\",\"@id\":\"https:\\\/\\\/www.tapasmagazine.es\\\/#\\\/schema\\\/logo\\\/image\\\/\",\"url\":\"https:\\\/\\\/www.tapasmagazine.es\\\/wp-content\\\/uploads\\\/2018\\\/01\\\/logo.png\",\"contentUrl\":\"https:\\\/\\\/www.tapasmagazine.es\\\/wp-content\\\/uploads\\\/2018\\\/01\\\/logo.png\",\"width\":180,\"height\":60,\"caption\":\"Tapas Magazine\"},\"image\":{\"@id\":\"https:\\\/\\\/www.tapasmagazine.es\\\/#\\\/schema\\\/logo\\\/image\\\/\"},\"sameAs\":[\"https:\\\/\\\/www.facebook.com\\\/tapasmagazine\",\"https:\\\/\\\/x.com\\\/TapasMagazine\",\"https:\\\/\\\/www.instagram.com\\\/tapasmagazine\\\/\",\"https:\\\/\\\/www.linkedin.com\\\/company\\\/tapas-magazine\",\"https:\\\/\\\/es.pinterest.com\\\/tapasmagazine\\\/\",\"https:\\\/\\\/www.youtube.com\\\/channel\\\/UCEyxneAaACuR0lfDagrWjjg?sub_confirmation=1\"]},{\"@type\":\"Person\",\"@id\":\"https:\\\/\\\/www.tapasmagazine.es\\\/#\\\/schema\\\/person\\\/906ea2ea4697837608d99f4cc085cea3\",\"name\":\"TAPAS\",\"url\":\"https:\\\/\\\/www.tapasmagazine.es\\\/en\\\/author\\\/tapas\\\/\"}]}<\/script>\n<!-- \/ Yoast SEO plugin. -->","yoast_head_json":{"title":"This is the ingredient that is postulated as the flavor of the year for 2024 - Tapas","description":"There is one food that has all the cards to become the king of gastronomic proposals and be the flavor of the year 2024.","robots":{"index":"index","follow":"follow","max-snippet":"max-snippet:-1","max-image-preview":"max-image-preview:large","max-video-preview":"max-video-preview:-1"},"canonical":"https:\/\/www.tapasmagazine.es\/en\/this-is-the-ingredient-that-is-postulated-as-the-flavor-of-the-year-for-2024\/","og_locale":"en_US","og_type":"article","og_title":"This is the ingredient that is postulated as the flavor of the year for 2024 - Tapas","og_description":"There is one food that has all the cards to become the king of gastronomic proposals and be the flavor of the year 2024.","og_url":"https:\/\/www.tapasmagazine.es\/en\/this-is-the-ingredient-that-is-postulated-as-the-flavor-of-the-year-for-2024\/","og_site_name":"Tapas","article_publisher":"https:\/\/www.facebook.com\/tapasmagazine","article_published_time":"2024-01-08T11:06:02+00:00","article_modified_time":"2024-01-08T11:17:26+00:00","og_image":[{"width":1200,"height":675,"url":"https:\/\/www.tapasmagazine.es\/wp-content\/uploads\/2024\/01\/tamarindo-sabor-del-ano-2024.jpg","type":"image\/jpeg"}],"author":"TAPAS","twitter_card":"summary_large_image","twitter_creator":"@TapasMagazine","twitter_site":"@TapasMagazine","twitter_misc":{"Written by":"TAPAS","Est. reading time":"3 minutes"},"schema":{"@context":"https:\/\/schema.org","@graph":[{"@type":"Article","@id":"https:\/\/www.tapasmagazine.es\/en\/this-is-the-ingredient-that-is-postulated-as-the-flavor-of-the-year-for-2024\/#article","isPartOf":{"@id":"https:\/\/www.tapasmagazine.es\/en\/this-is-the-ingredient-that-is-postulated-as-the-flavor-of-the-year-for-2024\/"},"author":{"name":"TAPAS","@id":"https:\/\/www.tapasmagazine.es\/#\/schema\/person\/906ea2ea4697837608d99f4cc085cea3"},"headline":"This is the ingredient that is postulated as the flavor of the year for 2024","datePublished":"2024-01-08T11:06:02+00:00","dateModified":"2024-01-08T11:17:26+00:00","mainEntityOfPage":{"@id":"https:\/\/www.tapasmagazine.es\/en\/this-is-the-ingredient-that-is-postulated-as-the-flavor-of-the-year-for-2024\/"},"wordCount":355,"commentCount":0,"publisher":{"@id":"https:\/\/www.tapasmagazine.es\/#organization"},"image":{"@id":"https:\/\/www.tapasmagazine.es\/en\/this-is-the-ingredient-that-is-postulated-as-the-flavor-of-the-year-for-2024\/#primaryimage"},"thumbnailUrl":"https:\/\/www.tapasmagazine.es\/wp-content\/uploads\/2024\/01\/tamarindo-sabor-del-ano-2024.jpg","articleSection":["Gastro","News"],"inLanguage":"en-US","potentialAction":[{"@type":"CommentAction","name":"Comment","target":["https:\/\/www.tapasmagazine.es\/en\/this-is-the-ingredient-that-is-postulated-as-the-flavor-of-the-year-for-2024\/#respond"]}]},{"@type":"WebPage","@id":"https:\/\/www.tapasmagazine.es\/en\/this-is-the-ingredient-that-is-postulated-as-the-flavor-of-the-year-for-2024\/","url":"https:\/\/www.tapasmagazine.es\/en\/this-is-the-ingredient-that-is-postulated-as-the-flavor-of-the-year-for-2024\/","name":"This is the ingredient that is postulated as the flavor of the year for 2024 - Tapas","isPartOf":{"@id":"https:\/\/www.tapasmagazine.es\/#website"},"primaryImageOfPage":{"@id":"https:\/\/www.tapasmagazine.es\/en\/this-is-the-ingredient-that-is-postulated-as-the-flavor-of-the-year-for-2024\/#primaryimage"},"image":{"@id":"https:\/\/www.tapasmagazine.es\/en\/this-is-the-ingredient-that-is-postulated-as-the-flavor-of-the-year-for-2024\/#primaryimage"},"thumbnailUrl":"https:\/\/www.tapasmagazine.es\/wp-content\/uploads\/2024\/01\/tamarindo-sabor-del-ano-2024.jpg","datePublished":"2024-01-08T11:06:02+00:00","dateModified":"2024-01-08T11:17:26+00:00","description":"There is one food that has all the cards to become the king of gastronomic proposals and be the flavor of the year 2024.","breadcrumb":{"@id":"https:\/\/www.tapasmagazine.es\/en\/this-is-the-ingredient-that-is-postulated-as-the-flavor-of-the-year-for-2024\/#breadcrumb"},"inLanguage":"en-US","potentialAction":[{"@type":"ReadAction","target":["https:\/\/www.tapasmagazine.es\/en\/this-is-the-ingredient-that-is-postulated-as-the-flavor-of-the-year-for-2024\/"]}]},{"@type":"ImageObject","inLanguage":"en-US","@id":"https:\/\/www.tapasmagazine.es\/en\/this-is-the-ingredient-that-is-postulated-as-the-flavor-of-the-year-for-2024\/#primaryimage","url":"https:\/\/www.tapasmagazine.es\/wp-content\/uploads\/2024\/01\/tamarindo-sabor-del-ano-2024.jpg","contentUrl":"https:\/\/www.tapasmagazine.es\/wp-content\/uploads\/2024\/01\/tamarindo-sabor-del-ano-2024.jpg","width":1200,"height":675},{"@type":"BreadcrumbList","@id":"https:\/\/www.tapasmagazine.es\/en\/this-is-the-ingredient-that-is-postulated-as-the-flavor-of-the-year-for-2024\/#breadcrumb","itemListElement":[{"@type":"ListItem","position":1,"name":"Portada","item":"https:\/\/www.tapasmagazine.es\/"},{"@type":"ListItem","position":2,"name":"News","item":"https:\/\/www.tapasmagazine.es\/en\/categorias\/news\/"},{"@type":"ListItem","position":3,"name":"This is the ingredient that is postulated as the flavor of the year for 2024"}]},{"@type":"WebSite","@id":"https:\/\/www.tapasmagazine.es\/#website","url":"https:\/\/www.tapasmagazine.es\/","name":"Tapas","description":"\u00d1am \u00d1am Lifestyle. La vida a bocados. Premio Nacional de Gastronom\u00eda 2016.","publisher":{"@id":"https:\/\/www.tapasmagazine.es\/#organization"},"potentialAction":[{"@type":"SearchAction","target":{"@type":"EntryPoint","urlTemplate":"https:\/\/www.tapasmagazine.es\/?s={search_term_string}"},"query-input":{"@type":"PropertyValueSpecification","valueRequired":true,"valueName":"search_term_string"}}],"inLanguage":"en-US"},{"@type":"Organization","@id":"https:\/\/www.tapasmagazine.es\/#organization","name":"Tapas Magazine","url":"https:\/\/www.tapasmagazine.es\/","logo":{"@type":"ImageObject","inLanguage":"en-US","@id":"https:\/\/www.tapasmagazine.es\/#\/schema\/logo\/image\/","url":"https:\/\/www.tapasmagazine.es\/wp-content\/uploads\/2018\/01\/logo.png","contentUrl":"https:\/\/www.tapasmagazine.es\/wp-content\/uploads\/2018\/01\/logo.png","width":180,"height":60,"caption":"Tapas Magazine"},"image":{"@id":"https:\/\/www.tapasmagazine.es\/#\/schema\/logo\/image\/"},"sameAs":["https:\/\/www.facebook.com\/tapasmagazine","https:\/\/x.com\/TapasMagazine","https:\/\/www.instagram.com\/tapasmagazine\/","https:\/\/www.linkedin.com\/company\/tapas-magazine","https:\/\/es.pinterest.com\/tapasmagazine\/","https:\/\/www.youtube.com\/channel\/UCEyxneAaACuR0lfDagrWjjg?sub_confirmation=1"]},{"@type":"Person","@id":"https:\/\/www.tapasmagazine.es\/#\/schema\/person\/906ea2ea4697837608d99f4cc085cea3","name":"TAPAS","url":"https:\/\/www.tapasmagazine.es\/en\/author\/tapas\/"}]}},"_links":{"self":[{"href":"https:\/\/www.tapasmagazine.es\/en\/wp-json\/wp\/v2\/posts\/228294","targetHints":{"allow":["GET"]}}],"collection":[{"href":"https:\/\/www.tapasmagazine.es\/en\/wp-json\/wp\/v2\/posts"}],"about":[{"href":"https:\/\/www.tapasmagazine.es\/en\/wp-json\/wp\/v2\/types\/post"}],"author":[{"embeddable":true,"href":"https:\/\/www.tapasmagazine.es\/en\/wp-json\/wp\/v2\/users\/249"}],"replies":[{"embeddable":true,"href":"https:\/\/www.tapasmagazine.es\/en\/wp-json\/wp\/v2\/comments?post=228294"}],"version-history":[{"count":6,"href":"https:\/\/www.tapasmagazine.es\/en\/wp-json\/wp\/v2\/posts\/228294\/revisions"}],"predecessor-version":[{"id":228306,"href":"https:\/\/www.tapasmagazine.es\/en\/wp-json\/wp\/v2\/posts\/228294\/revisions\/228306"}],"wp:featuredmedia":[{"embeddable":true,"href":"https:\/\/www.tapasmagazine.es\/en\/wp-json\/wp\/v2\/media\/228287"}],"wp:attachment":[{"href":"https:\/\/www.tapasmagazine.es\/en\/wp-json\/wp\/v2\/media?parent=228294"}],"wp:term":[{"taxonomy":"category","embeddable":true,"href":"https:\/\/www.tapasmagazine.es\/en\/wp-json\/wp\/v2\/categories?post=228294"},{"taxonomy":"post_tag","embeddable":true,"href":"https:\/\/www.tapasmagazine.es\/en\/wp-json\/wp\/v2\/tags?post=228294"}],"curies":[{"name":"wp","href":"https:\/\/api.w.org\/{rel}","templated":true}]}}