{"id":227451,"date":"2023-12-29T13:57:30","date_gmt":"2023-12-29T12:57:30","guid":{"rendered":"https:\/\/www.tapasmagazine.es\/ha-superado-ya-el-consumo-de-cafe-su-produccion\/"},"modified":"2023-12-29T14:01:58","modified_gmt":"2023-12-29T13:01:58","slug":"has-coffee-consumption-already-exceeded-its-production","status":"publish","type":"post","link":"https:\/\/www.tapasmagazine.es\/en\/has-coffee-consumption-already-exceeded-its-production\/","title":{"rendered":"Has coffee consumption already exceeded its production?"},"content":{"rendered":"\n<p><strong>Click <a href=\"https:\/\/www.tapasmagazine.es\/ha-superado-ya-el-consumo-de-cafe-su-produccion\/\" target=\"_blank\" rel=\"noreferrer noopener\">here<\/a> to read the Spanish version.<\/strong><\/p>\n\n\n\n<p>Extreme weather conditions in <strong>Brazil <\/strong>could reduce arabica harvests this year, while El Ni\u00f1o threatens to reduce robusta supplies in Indonesia.<\/p>\n\n\n\n<p>Producers are considering new methods of cultivation on other lands as the planet warms, and the global thirst for coffee seems never to be quenched. In fact, it is growing steadily, with consumption dynamics set to double in the last three decades.<\/p>\n\n\n<div class=\"wp-block-image\">\n<figure class=\"aligncenter size-large is-resized\"><a href=\"https:\/\/www.tapasmagazine.es\/wp-content\/uploads\/2023\/12\/cafe-produccion-2-scaled.webp\"><img decoding=\"async\" width=\"1024\" height=\"576\" src=\"https:\/\/www.tapasmagazine.es\/wp-content\/uploads\/2023\/12\/cafe-produccion-2-1024x576.webp\" alt=\"\" class=\"wp-image-227445\" style=\"width:1078px;height:auto\" srcset=\"https:\/\/www.tapasmagazine.es\/wp-content\/uploads\/2023\/12\/cafe-produccion-2-1024x576.webp 1024w, https:\/\/www.tapasmagazine.es\/wp-content\/uploads\/2023\/12\/cafe-produccion-2-300x169.webp 300w, https:\/\/www.tapasmagazine.es\/wp-content\/uploads\/2023\/12\/cafe-produccion-2-768x432.webp 768w, https:\/\/www.tapasmagazine.es\/wp-content\/uploads\/2023\/12\/cafe-produccion-2-1536x864.webp 1536w, https:\/\/www.tapasmagazine.es\/wp-content\/uploads\/2023\/12\/cafe-produccion-2-2048x1152.webp 2048w, https:\/\/www.tapasmagazine.es\/wp-content\/uploads\/2023\/12\/cafe-produccion-2-1200x675.webp 1200w, https:\/\/www.tapasmagazine.es\/wp-content\/uploads\/2023\/12\/cafe-produccion-2-1000x563.webp 1000w, https:\/\/www.tapasmagazine.es\/wp-content\/uploads\/2023\/12\/cafe-produccion-2-400x225.webp 400w\" sizes=\"(max-width: 1024px) 100vw, 1024px\" \/><\/a><\/figure>\n<\/div>\n\n\n<p>Amid the liquid deficit, <strong>Starbucks<\/strong> plans to open a coffee shop in China every nine hours to reach 9,000 outlets across the country by 2025, while other global brands such as Costa Coffee and Tim Hortons compete to attract the growing number of Chinese consumers.<\/p>\n\n\n\n<p>All this translates into a growing market for coffee beans, with global consumption expected to double to 6 billion cups of coffee per day by 2050. A study by the <strong>Columbia Center on Sustainable Investment<\/strong> suggests that we will need 25% more coffee by 2030.<\/p>\n\n\n\n<p>But whether the industry can meet this growing demand is in doubt as the threat of climate change impoverishes coffee-growing land and drives up prices for consumers as a commodity that may soon become a more expensive luxury product.<\/p>\n","protected":false},"excerpt":{"rendered":"<p>Click here to read the Spanish version. Extreme weather conditions in Brazil could reduce arabica harvests this year, while El Ni\u00f1o threatens to reduce robusta supplies in Indonesia. Producers are considering new methods of cultivation on other lands as the planet warms, and the global thirst for coffee seems never to be quenched. In fact, [&hellip;]<\/p>\n","protected":false},"author":285,"featured_media":227444,"comment_status":"open","ping_status":"closed","sticky":false,"template":"single-feature.php","format":"standard","meta":{"_acf_changed":false,"footnotes":""},"categories":[15802],"tags":[16537],"class_list":["post-227451","post","type-post","status-publish","format-standard","has-post-thumbnail","hentry","category-news","tag-cafe-en","cat-15802-id"],"acf":[],"yoast_head":"<!-- This site is optimized with the Yoast SEO plugin v27.4 - https:\/\/yoast.com\/product\/yoast-seo-wordpress\/ -->\n<title>Has coffee consumption already exceeded its production? - Tapas<\/title>\n<meta name=\"description\" content=\"Click here to read the Spanish version. Extreme weather conditions in Brazil could reduce arabica harvests this year, while El Ni\u00f1o threatens to reduce\" \/>\n<meta name=\"robots\" content=\"index, follow, max-snippet:-1, max-image-preview:large, max-video-preview:-1\" \/>\n<link rel=\"canonical\" href=\"https:\/\/www.tapasmagazine.es\/en\/has-coffee-consumption-already-exceeded-its-production\/\" \/>\n<meta property=\"og:locale\" content=\"en_US\" \/>\n<meta property=\"og:type\" content=\"article\" \/>\n<meta property=\"og:title\" content=\"Has coffee consumption already exceeded its production? - Tapas\" \/>\n<meta property=\"og:description\" content=\"Click here to read the Spanish version. Extreme weather conditions in Brazil could reduce arabica harvests this year, while El Ni\u00f1o threatens to reduce\" \/>\n<meta property=\"og:url\" content=\"https:\/\/www.tapasmagazine.es\/en\/has-coffee-consumption-already-exceeded-its-production\/\" \/>\n<meta property=\"og:site_name\" content=\"Tapas\" \/>\n<meta property=\"article:publisher\" content=\"https:\/\/www.facebook.com\/tapasmagazine\" \/>\n<meta property=\"article:published_time\" content=\"2023-12-29T12:57:30+00:00\" \/>\n<meta property=\"article:modified_time\" content=\"2023-12-29T13:01:58+00:00\" \/>\n<meta property=\"og:image\" content=\"https:\/\/www.tapasmagazine.es\/wp-content\/uploads\/2023\/12\/cafe-produccion-1.jpg\" \/>\n\t<meta property=\"og:image:width\" content=\"1200\" \/>\n\t<meta property=\"og:image:height\" content=\"675\" \/>\n\t<meta property=\"og:image:type\" content=\"image\/jpeg\" \/>\n<meta name=\"author\" content=\"Laura P\u00e9rez\" \/>\n<meta name=\"twitter:card\" content=\"summary_large_image\" \/>\n<meta name=\"twitter:creator\" content=\"@TapasMagazine\" \/>\n<meta name=\"twitter:site\" content=\"@TapasMagazine\" \/>\n<meta name=\"twitter:label1\" content=\"Written by\" \/>\n\t<meta name=\"twitter:data1\" content=\"Laura P\u00e9rez\" \/>\n\t<meta name=\"twitter:label2\" content=\"Est. reading time\" \/>\n\t<meta name=\"twitter:data2\" content=\"2 minutes\" \/>\n<script type=\"application\/ld+json\" class=\"yoast-schema-graph\">{\"@context\":\"https:\\\/\\\/schema.org\",\"@graph\":[{\"@type\":\"Article\",\"@id\":\"https:\\\/\\\/www.tapasmagazine.es\\\/en\\\/has-coffee-consumption-already-exceeded-its-production\\\/#article\",\"isPartOf\":{\"@id\":\"https:\\\/\\\/www.tapasmagazine.es\\\/en\\\/has-coffee-consumption-already-exceeded-its-production\\\/\"},\"author\":{\"name\":\"Laura P\u00e9rez\",\"@id\":\"https:\\\/\\\/www.tapasmagazine.es\\\/#\\\/schema\\\/person\\\/eb46cbe76a9c8f062660eb609e3ecb4e\"},\"headline\":\"Has coffee consumption already exceeded its production?\",\"datePublished\":\"2023-12-29T12:57:30+00:00\",\"dateModified\":\"2023-12-29T13:01:58+00:00\",\"mainEntityOfPage\":{\"@id\":\"https:\\\/\\\/www.tapasmagazine.es\\\/en\\\/has-coffee-consumption-already-exceeded-its-production\\\/\"},\"wordCount\":201,\"commentCount\":0,\"publisher\":{\"@id\":\"https:\\\/\\\/www.tapasmagazine.es\\\/#organization\"},\"image\":{\"@id\":\"https:\\\/\\\/www.tapasmagazine.es\\\/en\\\/has-coffee-consumption-already-exceeded-its-production\\\/#primaryimage\"},\"thumbnailUrl\":\"https:\\\/\\\/www.tapasmagazine.es\\\/wp-content\\\/uploads\\\/2023\\\/12\\\/cafe-produccion-1.jpg\",\"keywords\":[\"caf\u00e9\"],\"articleSection\":[\"News\"],\"inLanguage\":\"en-US\",\"potentialAction\":[{\"@type\":\"CommentAction\",\"name\":\"Comment\",\"target\":[\"https:\\\/\\\/www.tapasmagazine.es\\\/en\\\/has-coffee-consumption-already-exceeded-its-production\\\/#respond\"]}]},{\"@type\":\"WebPage\",\"@id\":\"https:\\\/\\\/www.tapasmagazine.es\\\/en\\\/has-coffee-consumption-already-exceeded-its-production\\\/\",\"url\":\"https:\\\/\\\/www.tapasmagazine.es\\\/en\\\/has-coffee-consumption-already-exceeded-its-production\\\/\",\"name\":\"Has coffee consumption already exceeded its production? - Tapas\",\"isPartOf\":{\"@id\":\"https:\\\/\\\/www.tapasmagazine.es\\\/#website\"},\"primaryImageOfPage\":{\"@id\":\"https:\\\/\\\/www.tapasmagazine.es\\\/en\\\/has-coffee-consumption-already-exceeded-its-production\\\/#primaryimage\"},\"image\":{\"@id\":\"https:\\\/\\\/www.tapasmagazine.es\\\/en\\\/has-coffee-consumption-already-exceeded-its-production\\\/#primaryimage\"},\"thumbnailUrl\":\"https:\\\/\\\/www.tapasmagazine.es\\\/wp-content\\\/uploads\\\/2023\\\/12\\\/cafe-produccion-1.jpg\",\"datePublished\":\"2023-12-29T12:57:30+00:00\",\"dateModified\":\"2023-12-29T13:01:58+00:00\",\"description\":\"Click here to read the Spanish version. Extreme weather conditions in Brazil could reduce arabica harvests this year, while El Ni\u00f1o threatens to reduce\",\"breadcrumb\":{\"@id\":\"https:\\\/\\\/www.tapasmagazine.es\\\/en\\\/has-coffee-consumption-already-exceeded-its-production\\\/#breadcrumb\"},\"inLanguage\":\"en-US\",\"potentialAction\":[{\"@type\":\"ReadAction\",\"target\":[\"https:\\\/\\\/www.tapasmagazine.es\\\/en\\\/has-coffee-consumption-already-exceeded-its-production\\\/\"]}]},{\"@type\":\"ImageObject\",\"inLanguage\":\"en-US\",\"@id\":\"https:\\\/\\\/www.tapasmagazine.es\\\/en\\\/has-coffee-consumption-already-exceeded-its-production\\\/#primaryimage\",\"url\":\"https:\\\/\\\/www.tapasmagazine.es\\\/wp-content\\\/uploads\\\/2023\\\/12\\\/cafe-produccion-1.jpg\",\"contentUrl\":\"https:\\\/\\\/www.tapasmagazine.es\\\/wp-content\\\/uploads\\\/2023\\\/12\\\/cafe-produccion-1.jpg\",\"width\":1200,\"height\":675},{\"@type\":\"BreadcrumbList\",\"@id\":\"https:\\\/\\\/www.tapasmagazine.es\\\/en\\\/has-coffee-consumption-already-exceeded-its-production\\\/#breadcrumb\",\"itemListElement\":[{\"@type\":\"ListItem\",\"position\":1,\"name\":\"Portada\",\"item\":\"https:\\\/\\\/www.tapasmagazine.es\\\/\"},{\"@type\":\"ListItem\",\"position\":2,\"name\":\"News\",\"item\":\"https:\\\/\\\/www.tapasmagazine.es\\\/en\\\/categorias\\\/news\\\/\"},{\"@type\":\"ListItem\",\"position\":3,\"name\":\"Has coffee consumption already exceeded its production?\"}]},{\"@type\":\"WebSite\",\"@id\":\"https:\\\/\\\/www.tapasmagazine.es\\\/#website\",\"url\":\"https:\\\/\\\/www.tapasmagazine.es\\\/\",\"name\":\"Tapas\",\"description\":\"\u00d1am \u00d1am Lifestyle. La vida a bocados. Premio Nacional de Gastronom\u00eda 2016.\",\"publisher\":{\"@id\":\"https:\\\/\\\/www.tapasmagazine.es\\\/#organization\"},\"potentialAction\":[{\"@type\":\"SearchAction\",\"target\":{\"@type\":\"EntryPoint\",\"urlTemplate\":\"https:\\\/\\\/www.tapasmagazine.es\\\/?s={search_term_string}\"},\"query-input\":{\"@type\":\"PropertyValueSpecification\",\"valueRequired\":true,\"valueName\":\"search_term_string\"}}],\"inLanguage\":\"en-US\"},{\"@type\":\"Organization\",\"@id\":\"https:\\\/\\\/www.tapasmagazine.es\\\/#organization\",\"name\":\"Tapas Magazine\",\"url\":\"https:\\\/\\\/www.tapasmagazine.es\\\/\",\"logo\":{\"@type\":\"ImageObject\",\"inLanguage\":\"en-US\",\"@id\":\"https:\\\/\\\/www.tapasmagazine.es\\\/#\\\/schema\\\/logo\\\/image\\\/\",\"url\":\"https:\\\/\\\/www.tapasmagazine.es\\\/wp-content\\\/uploads\\\/2018\\\/01\\\/logo.png\",\"contentUrl\":\"https:\\\/\\\/www.tapasmagazine.es\\\/wp-content\\\/uploads\\\/2018\\\/01\\\/logo.png\",\"width\":180,\"height\":60,\"caption\":\"Tapas Magazine\"},\"image\":{\"@id\":\"https:\\\/\\\/www.tapasmagazine.es\\\/#\\\/schema\\\/logo\\\/image\\\/\"},\"sameAs\":[\"https:\\\/\\\/www.facebook.com\\\/tapasmagazine\",\"https:\\\/\\\/x.com\\\/TapasMagazine\",\"https:\\\/\\\/www.instagram.com\\\/tapasmagazine\\\/\",\"https:\\\/\\\/www.linkedin.com\\\/company\\\/tapas-magazine\",\"https:\\\/\\\/es.pinterest.com\\\/tapasmagazine\\\/\",\"https:\\\/\\\/www.youtube.com\\\/channel\\\/UCEyxneAaACuR0lfDagrWjjg?sub_confirmation=1\"]},{\"@type\":\"Person\",\"@id\":\"https:\\\/\\\/www.tapasmagazine.es\\\/#\\\/schema\\\/person\\\/eb46cbe76a9c8f062660eb609e3ecb4e\",\"name\":\"Laura P\u00e9rez\",\"url\":\"https:\\\/\\\/www.tapasmagazine.es\\\/en\\\/author\\\/laura-perez\\\/\"}]}<\/script>\n<!-- \/ Yoast SEO plugin. -->","yoast_head_json":{"title":"Has coffee consumption already exceeded its production? - Tapas","description":"Click here to read the Spanish version. Extreme weather conditions in Brazil could reduce arabica harvests this year, while El Ni\u00f1o threatens to reduce","robots":{"index":"index","follow":"follow","max-snippet":"max-snippet:-1","max-image-preview":"max-image-preview:large","max-video-preview":"max-video-preview:-1"},"canonical":"https:\/\/www.tapasmagazine.es\/en\/has-coffee-consumption-already-exceeded-its-production\/","og_locale":"en_US","og_type":"article","og_title":"Has coffee consumption already exceeded its production? - Tapas","og_description":"Click here to read the Spanish version. Extreme weather conditions in Brazil could reduce arabica harvests this year, while El Ni\u00f1o threatens to reduce","og_url":"https:\/\/www.tapasmagazine.es\/en\/has-coffee-consumption-already-exceeded-its-production\/","og_site_name":"Tapas","article_publisher":"https:\/\/www.facebook.com\/tapasmagazine","article_published_time":"2023-12-29T12:57:30+00:00","article_modified_time":"2023-12-29T13:01:58+00:00","og_image":[{"width":1200,"height":675,"url":"https:\/\/www.tapasmagazine.es\/wp-content\/uploads\/2023\/12\/cafe-produccion-1.jpg","type":"image\/jpeg"}],"author":"Laura P\u00e9rez","twitter_card":"summary_large_image","twitter_creator":"@TapasMagazine","twitter_site":"@TapasMagazine","twitter_misc":{"Written by":"Laura P\u00e9rez","Est. reading time":"2 minutes"},"schema":{"@context":"https:\/\/schema.org","@graph":[{"@type":"Article","@id":"https:\/\/www.tapasmagazine.es\/en\/has-coffee-consumption-already-exceeded-its-production\/#article","isPartOf":{"@id":"https:\/\/www.tapasmagazine.es\/en\/has-coffee-consumption-already-exceeded-its-production\/"},"author":{"name":"Laura P\u00e9rez","@id":"https:\/\/www.tapasmagazine.es\/#\/schema\/person\/eb46cbe76a9c8f062660eb609e3ecb4e"},"headline":"Has coffee consumption already exceeded its production?","datePublished":"2023-12-29T12:57:30+00:00","dateModified":"2023-12-29T13:01:58+00:00","mainEntityOfPage":{"@id":"https:\/\/www.tapasmagazine.es\/en\/has-coffee-consumption-already-exceeded-its-production\/"},"wordCount":201,"commentCount":0,"publisher":{"@id":"https:\/\/www.tapasmagazine.es\/#organization"},"image":{"@id":"https:\/\/www.tapasmagazine.es\/en\/has-coffee-consumption-already-exceeded-its-production\/#primaryimage"},"thumbnailUrl":"https:\/\/www.tapasmagazine.es\/wp-content\/uploads\/2023\/12\/cafe-produccion-1.jpg","keywords":["caf\u00e9"],"articleSection":["News"],"inLanguage":"en-US","potentialAction":[{"@type":"CommentAction","name":"Comment","target":["https:\/\/www.tapasmagazine.es\/en\/has-coffee-consumption-already-exceeded-its-production\/#respond"]}]},{"@type":"WebPage","@id":"https:\/\/www.tapasmagazine.es\/en\/has-coffee-consumption-already-exceeded-its-production\/","url":"https:\/\/www.tapasmagazine.es\/en\/has-coffee-consumption-already-exceeded-its-production\/","name":"Has coffee consumption already exceeded its production? - Tapas","isPartOf":{"@id":"https:\/\/www.tapasmagazine.es\/#website"},"primaryImageOfPage":{"@id":"https:\/\/www.tapasmagazine.es\/en\/has-coffee-consumption-already-exceeded-its-production\/#primaryimage"},"image":{"@id":"https:\/\/www.tapasmagazine.es\/en\/has-coffee-consumption-already-exceeded-its-production\/#primaryimage"},"thumbnailUrl":"https:\/\/www.tapasmagazine.es\/wp-content\/uploads\/2023\/12\/cafe-produccion-1.jpg","datePublished":"2023-12-29T12:57:30+00:00","dateModified":"2023-12-29T13:01:58+00:00","description":"Click here to read the Spanish version. Extreme weather conditions in Brazil could reduce arabica harvests this year, while El Ni\u00f1o threatens to reduce","breadcrumb":{"@id":"https:\/\/www.tapasmagazine.es\/en\/has-coffee-consumption-already-exceeded-its-production\/#breadcrumb"},"inLanguage":"en-US","potentialAction":[{"@type":"ReadAction","target":["https:\/\/www.tapasmagazine.es\/en\/has-coffee-consumption-already-exceeded-its-production\/"]}]},{"@type":"ImageObject","inLanguage":"en-US","@id":"https:\/\/www.tapasmagazine.es\/en\/has-coffee-consumption-already-exceeded-its-production\/#primaryimage","url":"https:\/\/www.tapasmagazine.es\/wp-content\/uploads\/2023\/12\/cafe-produccion-1.jpg","contentUrl":"https:\/\/www.tapasmagazine.es\/wp-content\/uploads\/2023\/12\/cafe-produccion-1.jpg","width":1200,"height":675},{"@type":"BreadcrumbList","@id":"https:\/\/www.tapasmagazine.es\/en\/has-coffee-consumption-already-exceeded-its-production\/#breadcrumb","itemListElement":[{"@type":"ListItem","position":1,"name":"Portada","item":"https:\/\/www.tapasmagazine.es\/"},{"@type":"ListItem","position":2,"name":"News","item":"https:\/\/www.tapasmagazine.es\/en\/categorias\/news\/"},{"@type":"ListItem","position":3,"name":"Has coffee consumption already exceeded its production?"}]},{"@type":"WebSite","@id":"https:\/\/www.tapasmagazine.es\/#website","url":"https:\/\/www.tapasmagazine.es\/","name":"Tapas","description":"\u00d1am \u00d1am Lifestyle. La vida a bocados. Premio Nacional de Gastronom\u00eda 2016.","publisher":{"@id":"https:\/\/www.tapasmagazine.es\/#organization"},"potentialAction":[{"@type":"SearchAction","target":{"@type":"EntryPoint","urlTemplate":"https:\/\/www.tapasmagazine.es\/?s={search_term_string}"},"query-input":{"@type":"PropertyValueSpecification","valueRequired":true,"valueName":"search_term_string"}}],"inLanguage":"en-US"},{"@type":"Organization","@id":"https:\/\/www.tapasmagazine.es\/#organization","name":"Tapas Magazine","url":"https:\/\/www.tapasmagazine.es\/","logo":{"@type":"ImageObject","inLanguage":"en-US","@id":"https:\/\/www.tapasmagazine.es\/#\/schema\/logo\/image\/","url":"https:\/\/www.tapasmagazine.es\/wp-content\/uploads\/2018\/01\/logo.png","contentUrl":"https:\/\/www.tapasmagazine.es\/wp-content\/uploads\/2018\/01\/logo.png","width":180,"height":60,"caption":"Tapas Magazine"},"image":{"@id":"https:\/\/www.tapasmagazine.es\/#\/schema\/logo\/image\/"},"sameAs":["https:\/\/www.facebook.com\/tapasmagazine","https:\/\/x.com\/TapasMagazine","https:\/\/www.instagram.com\/tapasmagazine\/","https:\/\/www.linkedin.com\/company\/tapas-magazine","https:\/\/es.pinterest.com\/tapasmagazine\/","https:\/\/www.youtube.com\/channel\/UCEyxneAaACuR0lfDagrWjjg?sub_confirmation=1"]},{"@type":"Person","@id":"https:\/\/www.tapasmagazine.es\/#\/schema\/person\/eb46cbe76a9c8f062660eb609e3ecb4e","name":"Laura P\u00e9rez","url":"https:\/\/www.tapasmagazine.es\/en\/author\/laura-perez\/"}]}},"_links":{"self":[{"href":"https:\/\/www.tapasmagazine.es\/en\/wp-json\/wp\/v2\/posts\/227451","targetHints":{"allow":["GET"]}}],"collection":[{"href":"https:\/\/www.tapasmagazine.es\/en\/wp-json\/wp\/v2\/posts"}],"about":[{"href":"https:\/\/www.tapasmagazine.es\/en\/wp-json\/wp\/v2\/types\/post"}],"author":[{"embeddable":true,"href":"https:\/\/www.tapasmagazine.es\/en\/wp-json\/wp\/v2\/users\/285"}],"replies":[{"embeddable":true,"href":"https:\/\/www.tapasmagazine.es\/en\/wp-json\/wp\/v2\/comments?post=227451"}],"version-history":[{"count":5,"href":"https:\/\/www.tapasmagazine.es\/en\/wp-json\/wp\/v2\/posts\/227451\/revisions"}],"predecessor-version":[{"id":227458,"href":"https:\/\/www.tapasmagazine.es\/en\/wp-json\/wp\/v2\/posts\/227451\/revisions\/227458"}],"wp:featuredmedia":[{"embeddable":true,"href":"https:\/\/www.tapasmagazine.es\/en\/wp-json\/wp\/v2\/media\/227444"}],"wp:attachment":[{"href":"https:\/\/www.tapasmagazine.es\/en\/wp-json\/wp\/v2\/media?parent=227451"}],"wp:term":[{"taxonomy":"category","embeddable":true,"href":"https:\/\/www.tapasmagazine.es\/en\/wp-json\/wp\/v2\/categories?post=227451"},{"taxonomy":"post_tag","embeddable":true,"href":"https:\/\/www.tapasmagazine.es\/en\/wp-json\/wp\/v2\/tags?post=227451"}],"curies":[{"name":"wp","href":"https:\/\/api.w.org\/{rel}","templated":true}]}}