{"id":227359,"date":"2023-12-29T10:55:04","date_gmt":"2023-12-29T09:55:04","guid":{"rendered":"https:\/\/www.tapasmagazine.es\/sobre-la-privatizacion-de-los-mejores-chefs-de-nueva-york-por-parte-de-la-elite\/"},"modified":"2023-12-29T11:00:04","modified_gmt":"2023-12-29T10:00:04","slug":"on-the-privatisation-of-ny-top-chefs-by-the-elite","status":"publish","type":"post","link":"https:\/\/www.tapasmagazine.es\/en\/on-the-privatisation-of-ny-top-chefs-by-the-elite\/","title":{"rendered":"On the privatisation of New York&#8217;s top chefs by the elite"},"content":{"rendered":"\n<p><strong>Click <a href=\"https:\/\/www.tapasmagazine.es\/sobre-la-privatizacion-de-los-mejores-chefs-de-nueva-york-por-parte-de-la-elite\/\" target=\"_blank\" rel=\"noreferrer noopener\">here<\/a> to read the Spanish version.<\/strong><\/p>\n\n\n\n<p><strong>Michelin-starred chefs<\/strong> in the big city are moving in unison from public to private kitchens, closing their haute cuisine businesses to move into those of billionaires who hire them at much higher salaries.<\/p>\n\n\n\n<p>As <strong>Bloomberg <\/strong>discusses in an article on the subject, confidentiality agreements keep the details of these positions secret, with semi-exclusive hires giving an idea of why they might be attractive. I&#8217;ve known Liam Nichols for a few years. He had worked at Momofuku Ko in New York and at Tom Kerridge&#8217;s restaurant at the Corinthia Hotel in London. But one day, like the anonymous chefs before him, he disappeared.&#8217;<\/p>\n\n\n\n<figure class=\"wp-block-image size-large\"><a href=\"https:\/\/www.tapasmagazine.es\/wp-content\/uploads\/2023\/12\/privatizacion-chefs-ny-2.jpg\"><img decoding=\"async\" width=\"1024\" height=\"1024\" src=\"https:\/\/www.tapasmagazine.es\/wp-content\/uploads\/2023\/12\/privatizacion-chefs-ny-2-1024x1024.jpg\" alt=\"\" class=\"wp-image-227352\" srcset=\"https:\/\/www.tapasmagazine.es\/wp-content\/uploads\/2023\/12\/privatizacion-chefs-ny-2-1024x1024.jpg 1024w, https:\/\/www.tapasmagazine.es\/wp-content\/uploads\/2023\/12\/privatizacion-chefs-ny-2-300x300.jpg 300w, https:\/\/www.tapasmagazine.es\/wp-content\/uploads\/2023\/12\/privatizacion-chefs-ny-2-150x150.jpg 150w, https:\/\/www.tapasmagazine.es\/wp-content\/uploads\/2023\/12\/privatizacion-chefs-ny-2-768x768.jpg 768w, https:\/\/www.tapasmagazine.es\/wp-content\/uploads\/2023\/12\/privatizacion-chefs-ny-2-1000x1000.jpg 1000w, https:\/\/www.tapasmagazine.es\/wp-content\/uploads\/2023\/12\/privatizacion-chefs-ny-2-400x400.jpg 400w, https:\/\/www.tapasmagazine.es\/wp-content\/uploads\/2023\/12\/privatizacion-chefs-ny-2.jpg 1500w\" sizes=\"(max-width: 1024px) 100vw, 1024px\" \/><\/a><\/figure>\n\n\n\n<p>Liam had been hired to cook for billionaire<strong> Richard Branson<\/strong>, founder of the Virgin Group, on the 74-acre Necker Island, which he owns in its entirety, in the British Virgin Islands.<\/p>\n\n\n\n<p>Giving up a public-facing job is increasingly an option, while at the same time the market for privatised services is growing because there are more and more rich people in the world. According to<strong> Forbes<\/strong>, millionaires control a quarter of the world&#8217;s $431 trillion in wealth.<\/p>\n\n\n\n<p>Members of the new servant class can then benefit enormously from the rich bidding for the best of their class. Thus, chefs who have run critically acclaimed restaurants now have the choice of which private homes they prefer to work in.<\/p>\n","protected":false},"excerpt":{"rendered":"<p>Click here to read the Spanish version. Michelin-starred chefs in the big city are moving in unison from public to private kitchens, closing their haute cuisine businesses to move into those of billionaires who hire them at much higher salaries. As Bloomberg discusses in an article on the subject, confidentiality agreements keep the details of [&hellip;]<\/p>\n","protected":false},"author":23,"featured_media":227351,"comment_status":"open","ping_status":"closed","sticky":false,"template":"single-feature.php","format":"standard","meta":{"_acf_changed":false,"footnotes":""},"categories":[16002],"tags":[15803],"class_list":["post-227359","post","type-post","status-publish","format-standard","has-post-thumbnail","hentry","category-reportajes-en","tag-restaurants","cat-16002-id"],"acf":[],"yoast_head":"<!-- This site is optimized with the Yoast SEO plugin v27.4 - https:\/\/yoast.com\/product\/yoast-seo-wordpress\/ -->\n<title>On the privatisation of New York&#039;s top chefs by the elite - Tapas<\/title>\n<meta name=\"description\" content=\"Click here to read the Spanish version. Michelin-starred chefs in the big city are moving in unison from public to private kitchens, closing their haute\" \/>\n<meta name=\"robots\" content=\"index, follow, max-snippet:-1, max-image-preview:large, max-video-preview:-1\" \/>\n<link rel=\"canonical\" href=\"https:\/\/www.tapasmagazine.es\/en\/on-the-privatisation-of-ny-top-chefs-by-the-elite\/\" \/>\n<meta property=\"og:locale\" content=\"en_US\" \/>\n<meta property=\"og:type\" content=\"article\" \/>\n<meta property=\"og:title\" content=\"On the privatisation of New York&#039;s top chefs by the elite - Tapas\" \/>\n<meta property=\"og:description\" content=\"Click here to read the Spanish version. Michelin-starred chefs in the big city are moving in unison from public to private kitchens, closing their haute\" \/>\n<meta property=\"og:url\" content=\"https:\/\/www.tapasmagazine.es\/en\/on-the-privatisation-of-ny-top-chefs-by-the-elite\/\" \/>\n<meta property=\"og:site_name\" content=\"Tapas\" \/>\n<meta property=\"article:publisher\" content=\"https:\/\/www.facebook.com\/tapasmagazine\" \/>\n<meta property=\"article:published_time\" content=\"2023-12-29T09:55:04+00:00\" \/>\n<meta property=\"article:modified_time\" content=\"2023-12-29T10:00:04+00:00\" \/>\n<meta property=\"og:image\" content=\"https:\/\/www.tapasmagazine.es\/wp-content\/uploads\/2023\/12\/privatizacion-chefs-ny.jpg\" \/>\n\t<meta property=\"og:image:width\" content=\"1200\" \/>\n\t<meta property=\"og:image:height\" content=\"675\" \/>\n\t<meta property=\"og:image:type\" content=\"image\/jpeg\" \/>\n<meta name=\"author\" content=\"Tapas\" \/>\n<meta name=\"twitter:card\" content=\"summary_large_image\" \/>\n<meta name=\"twitter:creator\" content=\"@TapasMagazine\" \/>\n<meta name=\"twitter:site\" content=\"@TapasMagazine\" \/>\n<meta name=\"twitter:label1\" content=\"Written by\" \/>\n\t<meta name=\"twitter:data1\" content=\"Tapas\" \/>\n\t<meta name=\"twitter:label2\" content=\"Est. reading time\" \/>\n\t<meta name=\"twitter:data2\" content=\"2 minutes\" \/>\n<script type=\"application\/ld+json\" class=\"yoast-schema-graph\">{\"@context\":\"https:\\\/\\\/schema.org\",\"@graph\":[{\"@type\":\"Article\",\"@id\":\"https:\\\/\\\/www.tapasmagazine.es\\\/en\\\/on-the-privatisation-of-ny-top-chefs-by-the-elite\\\/#article\",\"isPartOf\":{\"@id\":\"https:\\\/\\\/www.tapasmagazine.es\\\/en\\\/on-the-privatisation-of-ny-top-chefs-by-the-elite\\\/\"},\"author\":{\"name\":\"Tapas\",\"@id\":\"https:\\\/\\\/www.tapasmagazine.es\\\/#\\\/schema\\\/person\\\/8bf373b672ffa6f78a076c90acdfaf26\"},\"headline\":\"On the privatisation of New York&#8217;s top chefs by the elite\",\"datePublished\":\"2023-12-29T09:55:04+00:00\",\"dateModified\":\"2023-12-29T10:00:04+00:00\",\"mainEntityOfPage\":{\"@id\":\"https:\\\/\\\/www.tapasmagazine.es\\\/en\\\/on-the-privatisation-of-ny-top-chefs-by-the-elite\\\/\"},\"wordCount\":241,\"commentCount\":0,\"publisher\":{\"@id\":\"https:\\\/\\\/www.tapasmagazine.es\\\/#organization\"},\"image\":{\"@id\":\"https:\\\/\\\/www.tapasmagazine.es\\\/en\\\/on-the-privatisation-of-ny-top-chefs-by-the-elite\\\/#primaryimage\"},\"thumbnailUrl\":\"https:\\\/\\\/www.tapasmagazine.es\\\/wp-content\\\/uploads\\\/2023\\\/12\\\/privatizacion-chefs-ny.jpg\",\"keywords\":[\"restaurants\"],\"articleSection\":[\"Reportajes\"],\"inLanguage\":\"en-US\",\"potentialAction\":[{\"@type\":\"CommentAction\",\"name\":\"Comment\",\"target\":[\"https:\\\/\\\/www.tapasmagazine.es\\\/en\\\/on-the-privatisation-of-ny-top-chefs-by-the-elite\\\/#respond\"]}]},{\"@type\":\"WebPage\",\"@id\":\"https:\\\/\\\/www.tapasmagazine.es\\\/en\\\/on-the-privatisation-of-ny-top-chefs-by-the-elite\\\/\",\"url\":\"https:\\\/\\\/www.tapasmagazine.es\\\/en\\\/on-the-privatisation-of-ny-top-chefs-by-the-elite\\\/\",\"name\":\"On the privatisation of New York's top chefs by the elite - Tapas\",\"isPartOf\":{\"@id\":\"https:\\\/\\\/www.tapasmagazine.es\\\/#website\"},\"primaryImageOfPage\":{\"@id\":\"https:\\\/\\\/www.tapasmagazine.es\\\/en\\\/on-the-privatisation-of-ny-top-chefs-by-the-elite\\\/#primaryimage\"},\"image\":{\"@id\":\"https:\\\/\\\/www.tapasmagazine.es\\\/en\\\/on-the-privatisation-of-ny-top-chefs-by-the-elite\\\/#primaryimage\"},\"thumbnailUrl\":\"https:\\\/\\\/www.tapasmagazine.es\\\/wp-content\\\/uploads\\\/2023\\\/12\\\/privatizacion-chefs-ny.jpg\",\"datePublished\":\"2023-12-29T09:55:04+00:00\",\"dateModified\":\"2023-12-29T10:00:04+00:00\",\"description\":\"Click here to read the Spanish version. Michelin-starred chefs in the big city are moving in unison from public to private kitchens, closing their haute\",\"breadcrumb\":{\"@id\":\"https:\\\/\\\/www.tapasmagazine.es\\\/en\\\/on-the-privatisation-of-ny-top-chefs-by-the-elite\\\/#breadcrumb\"},\"inLanguage\":\"en-US\",\"potentialAction\":[{\"@type\":\"ReadAction\",\"target\":[\"https:\\\/\\\/www.tapasmagazine.es\\\/en\\\/on-the-privatisation-of-ny-top-chefs-by-the-elite\\\/\"]}]},{\"@type\":\"ImageObject\",\"inLanguage\":\"en-US\",\"@id\":\"https:\\\/\\\/www.tapasmagazine.es\\\/en\\\/on-the-privatisation-of-ny-top-chefs-by-the-elite\\\/#primaryimage\",\"url\":\"https:\\\/\\\/www.tapasmagazine.es\\\/wp-content\\\/uploads\\\/2023\\\/12\\\/privatizacion-chefs-ny.jpg\",\"contentUrl\":\"https:\\\/\\\/www.tapasmagazine.es\\\/wp-content\\\/uploads\\\/2023\\\/12\\\/privatizacion-chefs-ny.jpg\",\"width\":1200,\"height\":675},{\"@type\":\"BreadcrumbList\",\"@id\":\"https:\\\/\\\/www.tapasmagazine.es\\\/en\\\/on-the-privatisation-of-ny-top-chefs-by-the-elite\\\/#breadcrumb\",\"itemListElement\":[{\"@type\":\"ListItem\",\"position\":1,\"name\":\"Portada\",\"item\":\"https:\\\/\\\/www.tapasmagazine.es\\\/\"},{\"@type\":\"ListItem\",\"position\":2,\"name\":\"Reportajes\",\"item\":\"https:\\\/\\\/www.tapasmagazine.es\\\/en\\\/categorias\\\/reportajes-en\\\/\"},{\"@type\":\"ListItem\",\"position\":3,\"name\":\"On the privatisation of New York&#8217;s top chefs by the elite\"}]},{\"@type\":\"WebSite\",\"@id\":\"https:\\\/\\\/www.tapasmagazine.es\\\/#website\",\"url\":\"https:\\\/\\\/www.tapasmagazine.es\\\/\",\"name\":\"Tapas\",\"description\":\"\u00d1am \u00d1am Lifestyle. La vida a bocados. Premio Nacional de Gastronom\u00eda 2016.\",\"publisher\":{\"@id\":\"https:\\\/\\\/www.tapasmagazine.es\\\/#organization\"},\"potentialAction\":[{\"@type\":\"SearchAction\",\"target\":{\"@type\":\"EntryPoint\",\"urlTemplate\":\"https:\\\/\\\/www.tapasmagazine.es\\\/?s={search_term_string}\"},\"query-input\":{\"@type\":\"PropertyValueSpecification\",\"valueRequired\":true,\"valueName\":\"search_term_string\"}}],\"inLanguage\":\"en-US\"},{\"@type\":\"Organization\",\"@id\":\"https:\\\/\\\/www.tapasmagazine.es\\\/#organization\",\"name\":\"Tapas Magazine\",\"url\":\"https:\\\/\\\/www.tapasmagazine.es\\\/\",\"logo\":{\"@type\":\"ImageObject\",\"inLanguage\":\"en-US\",\"@id\":\"https:\\\/\\\/www.tapasmagazine.es\\\/#\\\/schema\\\/logo\\\/image\\\/\",\"url\":\"https:\\\/\\\/www.tapasmagazine.es\\\/wp-content\\\/uploads\\\/2018\\\/01\\\/logo.png\",\"contentUrl\":\"https:\\\/\\\/www.tapasmagazine.es\\\/wp-content\\\/uploads\\\/2018\\\/01\\\/logo.png\",\"width\":180,\"height\":60,\"caption\":\"Tapas Magazine\"},\"image\":{\"@id\":\"https:\\\/\\\/www.tapasmagazine.es\\\/#\\\/schema\\\/logo\\\/image\\\/\"},\"sameAs\":[\"https:\\\/\\\/www.facebook.com\\\/tapasmagazine\",\"https:\\\/\\\/x.com\\\/TapasMagazine\",\"https:\\\/\\\/www.instagram.com\\\/tapasmagazine\\\/\",\"https:\\\/\\\/www.linkedin.com\\\/company\\\/tapas-magazine\",\"https:\\\/\\\/es.pinterest.com\\\/tapasmagazine\\\/\",\"https:\\\/\\\/www.youtube.com\\\/channel\\\/UCEyxneAaACuR0lfDagrWjjg?sub_confirmation=1\"]},{\"@type\":\"Person\",\"@id\":\"https:\\\/\\\/www.tapasmagazine.es\\\/#\\\/schema\\\/person\\\/8bf373b672ffa6f78a076c90acdfaf26\",\"name\":\"Tapas\",\"url\":\"https:\\\/\\\/www.tapasmagazine.es\\\/en\\\/author\\\/spainmediaweb-tapas\\\/\"}]}<\/script>\n<!-- \/ Yoast SEO plugin. -->","yoast_head_json":{"title":"On the privatisation of New York's top chefs by the elite - Tapas","description":"Click here to read the Spanish version. Michelin-starred chefs in the big city are moving in unison from public to private kitchens, closing their haute","robots":{"index":"index","follow":"follow","max-snippet":"max-snippet:-1","max-image-preview":"max-image-preview:large","max-video-preview":"max-video-preview:-1"},"canonical":"https:\/\/www.tapasmagazine.es\/en\/on-the-privatisation-of-ny-top-chefs-by-the-elite\/","og_locale":"en_US","og_type":"article","og_title":"On the privatisation of New York's top chefs by the elite - Tapas","og_description":"Click here to read the Spanish version. Michelin-starred chefs in the big city are moving in unison from public to private kitchens, closing their haute","og_url":"https:\/\/www.tapasmagazine.es\/en\/on-the-privatisation-of-ny-top-chefs-by-the-elite\/","og_site_name":"Tapas","article_publisher":"https:\/\/www.facebook.com\/tapasmagazine","article_published_time":"2023-12-29T09:55:04+00:00","article_modified_time":"2023-12-29T10:00:04+00:00","og_image":[{"width":1200,"height":675,"url":"https:\/\/www.tapasmagazine.es\/wp-content\/uploads\/2023\/12\/privatizacion-chefs-ny.jpg","type":"image\/jpeg"}],"author":"Tapas","twitter_card":"summary_large_image","twitter_creator":"@TapasMagazine","twitter_site":"@TapasMagazine","twitter_misc":{"Written by":"Tapas","Est. reading time":"2 minutes"},"schema":{"@context":"https:\/\/schema.org","@graph":[{"@type":"Article","@id":"https:\/\/www.tapasmagazine.es\/en\/on-the-privatisation-of-ny-top-chefs-by-the-elite\/#article","isPartOf":{"@id":"https:\/\/www.tapasmagazine.es\/en\/on-the-privatisation-of-ny-top-chefs-by-the-elite\/"},"author":{"name":"Tapas","@id":"https:\/\/www.tapasmagazine.es\/#\/schema\/person\/8bf373b672ffa6f78a076c90acdfaf26"},"headline":"On the privatisation of New York&#8217;s top chefs by the elite","datePublished":"2023-12-29T09:55:04+00:00","dateModified":"2023-12-29T10:00:04+00:00","mainEntityOfPage":{"@id":"https:\/\/www.tapasmagazine.es\/en\/on-the-privatisation-of-ny-top-chefs-by-the-elite\/"},"wordCount":241,"commentCount":0,"publisher":{"@id":"https:\/\/www.tapasmagazine.es\/#organization"},"image":{"@id":"https:\/\/www.tapasmagazine.es\/en\/on-the-privatisation-of-ny-top-chefs-by-the-elite\/#primaryimage"},"thumbnailUrl":"https:\/\/www.tapasmagazine.es\/wp-content\/uploads\/2023\/12\/privatizacion-chefs-ny.jpg","keywords":["restaurants"],"articleSection":["Reportajes"],"inLanguage":"en-US","potentialAction":[{"@type":"CommentAction","name":"Comment","target":["https:\/\/www.tapasmagazine.es\/en\/on-the-privatisation-of-ny-top-chefs-by-the-elite\/#respond"]}]},{"@type":"WebPage","@id":"https:\/\/www.tapasmagazine.es\/en\/on-the-privatisation-of-ny-top-chefs-by-the-elite\/","url":"https:\/\/www.tapasmagazine.es\/en\/on-the-privatisation-of-ny-top-chefs-by-the-elite\/","name":"On the privatisation of New York's top chefs by the elite - Tapas","isPartOf":{"@id":"https:\/\/www.tapasmagazine.es\/#website"},"primaryImageOfPage":{"@id":"https:\/\/www.tapasmagazine.es\/en\/on-the-privatisation-of-ny-top-chefs-by-the-elite\/#primaryimage"},"image":{"@id":"https:\/\/www.tapasmagazine.es\/en\/on-the-privatisation-of-ny-top-chefs-by-the-elite\/#primaryimage"},"thumbnailUrl":"https:\/\/www.tapasmagazine.es\/wp-content\/uploads\/2023\/12\/privatizacion-chefs-ny.jpg","datePublished":"2023-12-29T09:55:04+00:00","dateModified":"2023-12-29T10:00:04+00:00","description":"Click here to read the Spanish version. Michelin-starred chefs in the big city are moving in unison from public to private kitchens, closing their haute","breadcrumb":{"@id":"https:\/\/www.tapasmagazine.es\/en\/on-the-privatisation-of-ny-top-chefs-by-the-elite\/#breadcrumb"},"inLanguage":"en-US","potentialAction":[{"@type":"ReadAction","target":["https:\/\/www.tapasmagazine.es\/en\/on-the-privatisation-of-ny-top-chefs-by-the-elite\/"]}]},{"@type":"ImageObject","inLanguage":"en-US","@id":"https:\/\/www.tapasmagazine.es\/en\/on-the-privatisation-of-ny-top-chefs-by-the-elite\/#primaryimage","url":"https:\/\/www.tapasmagazine.es\/wp-content\/uploads\/2023\/12\/privatizacion-chefs-ny.jpg","contentUrl":"https:\/\/www.tapasmagazine.es\/wp-content\/uploads\/2023\/12\/privatizacion-chefs-ny.jpg","width":1200,"height":675},{"@type":"BreadcrumbList","@id":"https:\/\/www.tapasmagazine.es\/en\/on-the-privatisation-of-ny-top-chefs-by-the-elite\/#breadcrumb","itemListElement":[{"@type":"ListItem","position":1,"name":"Portada","item":"https:\/\/www.tapasmagazine.es\/"},{"@type":"ListItem","position":2,"name":"Reportajes","item":"https:\/\/www.tapasmagazine.es\/en\/categorias\/reportajes-en\/"},{"@type":"ListItem","position":3,"name":"On the privatisation of New York&#8217;s top chefs by the elite"}]},{"@type":"WebSite","@id":"https:\/\/www.tapasmagazine.es\/#website","url":"https:\/\/www.tapasmagazine.es\/","name":"Tapas","description":"\u00d1am \u00d1am Lifestyle. La vida a bocados. Premio Nacional de Gastronom\u00eda 2016.","publisher":{"@id":"https:\/\/www.tapasmagazine.es\/#organization"},"potentialAction":[{"@type":"SearchAction","target":{"@type":"EntryPoint","urlTemplate":"https:\/\/www.tapasmagazine.es\/?s={search_term_string}"},"query-input":{"@type":"PropertyValueSpecification","valueRequired":true,"valueName":"search_term_string"}}],"inLanguage":"en-US"},{"@type":"Organization","@id":"https:\/\/www.tapasmagazine.es\/#organization","name":"Tapas Magazine","url":"https:\/\/www.tapasmagazine.es\/","logo":{"@type":"ImageObject","inLanguage":"en-US","@id":"https:\/\/www.tapasmagazine.es\/#\/schema\/logo\/image\/","url":"https:\/\/www.tapasmagazine.es\/wp-content\/uploads\/2018\/01\/logo.png","contentUrl":"https:\/\/www.tapasmagazine.es\/wp-content\/uploads\/2018\/01\/logo.png","width":180,"height":60,"caption":"Tapas Magazine"},"image":{"@id":"https:\/\/www.tapasmagazine.es\/#\/schema\/logo\/image\/"},"sameAs":["https:\/\/www.facebook.com\/tapasmagazine","https:\/\/x.com\/TapasMagazine","https:\/\/www.instagram.com\/tapasmagazine\/","https:\/\/www.linkedin.com\/company\/tapas-magazine","https:\/\/es.pinterest.com\/tapasmagazine\/","https:\/\/www.youtube.com\/channel\/UCEyxneAaACuR0lfDagrWjjg?sub_confirmation=1"]},{"@type":"Person","@id":"https:\/\/www.tapasmagazine.es\/#\/schema\/person\/8bf373b672ffa6f78a076c90acdfaf26","name":"Tapas","url":"https:\/\/www.tapasmagazine.es\/en\/author\/spainmediaweb-tapas\/"}]}},"_links":{"self":[{"href":"https:\/\/www.tapasmagazine.es\/en\/wp-json\/wp\/v2\/posts\/227359","targetHints":{"allow":["GET"]}}],"collection":[{"href":"https:\/\/www.tapasmagazine.es\/en\/wp-json\/wp\/v2\/posts"}],"about":[{"href":"https:\/\/www.tapasmagazine.es\/en\/wp-json\/wp\/v2\/types\/post"}],"author":[{"embeddable":true,"href":"https:\/\/www.tapasmagazine.es\/en\/wp-json\/wp\/v2\/users\/23"}],"replies":[{"embeddable":true,"href":"https:\/\/www.tapasmagazine.es\/en\/wp-json\/wp\/v2\/comments?post=227359"}],"version-history":[{"count":4,"href":"https:\/\/www.tapasmagazine.es\/en\/wp-json\/wp\/v2\/posts\/227359\/revisions"}],"predecessor-version":[{"id":227365,"href":"https:\/\/www.tapasmagazine.es\/en\/wp-json\/wp\/v2\/posts\/227359\/revisions\/227365"}],"wp:featuredmedia":[{"embeddable":true,"href":"https:\/\/www.tapasmagazine.es\/en\/wp-json\/wp\/v2\/media\/227351"}],"wp:attachment":[{"href":"https:\/\/www.tapasmagazine.es\/en\/wp-json\/wp\/v2\/media?parent=227359"}],"wp:term":[{"taxonomy":"category","embeddable":true,"href":"https:\/\/www.tapasmagazine.es\/en\/wp-json\/wp\/v2\/categories?post=227359"},{"taxonomy":"post_tag","embeddable":true,"href":"https:\/\/www.tapasmagazine.es\/en\/wp-json\/wp\/v2\/tags?post=227359"}],"curies":[{"name":"wp","href":"https:\/\/api.w.org\/{rel}","templated":true}]}}