{"id":226173,"date":"2023-12-20T17:49:15","date_gmt":"2023-12-20T16:49:15","guid":{"rendered":"https:\/\/www.tapasmagazine.es\/asi-es-pabu-el-restaurante-donde-la-infanta-elena-ha-celebrado-su-cumpleanos-junto-a-la-familia-real\/"},"modified":"2023-12-20T17:52:01","modified_gmt":"2023-12-20T16:52:01","slug":"this-is-pabu-restaurant-where-infanta-elena-celebrated-her-birthday","status":"publish","type":"post","link":"https:\/\/www.tapasmagazine.es\/en\/this-is-pabu-restaurant-where-infanta-elena-celebrated-her-birthday\/","title":{"rendered":"This is Pab\u00fa, the restaurant where the Infanta Elena celebrated her birthday with the royal family"},"content":{"rendered":"\n<p><strong>Click <a href=\"https:\/\/www.tapasmagazine.es\/asi-es-pabu-el-restaurante-donde-la-infanta-elena-ha-celebrado-su-cumpleanos-junto-a-la-familia-real\/\" target=\"_blank\" rel=\"noreferrer noopener\">here<\/a> to read the Spanish version.<\/strong><\/p>\n\n\n\n<p>Named <strong>Pab\u00fa<\/strong>, this culinary project stands out, above all, for its surprising factor: diners never know exactly what they are going to eat. A concept that the Infanta Elena chose to celebrate her 60th birthday with a sumptuous evening in the company of King <strong>Felipe<\/strong> and Queen <strong>Letizia<\/strong>, the emeritus King<strong> Juan Carlos<\/strong> and Queen <strong>Sof\u00eda<\/strong>, the Infanta Cristina with three of her children, Irene of Greece, Princess Alexia and the Infanta Margarita with her husband Carlos Zurita.<\/p>\n\n\n\n<figure class=\"wp-block-gallery has-nested-images columns-default is-cropped wp-block-gallery-1 is-layout-flex wp-block-gallery-is-layout-flex\">\n<figure class=\"wp-block-image size-large\"><a href=\"https:\/\/www.tapasmagazine.es\/wp-content\/uploads\/2023\/12\/pabu-cumpleanos-infanta-elena-2.jpg\"><img decoding=\"async\" width=\"819\" height=\"1024\" data-id=\"226164\" src=\"https:\/\/www.tapasmagazine.es\/wp-content\/uploads\/2023\/12\/pabu-cumpleanos-infanta-elena-2-819x1024.jpg\" alt=\"\" class=\"wp-image-226164\" srcset=\"https:\/\/www.tapasmagazine.es\/wp-content\/uploads\/2023\/12\/pabu-cumpleanos-infanta-elena-2-819x1024.jpg 819w, https:\/\/www.tapasmagazine.es\/wp-content\/uploads\/2023\/12\/pabu-cumpleanos-infanta-elena-2-240x300.jpg 240w, https:\/\/www.tapasmagazine.es\/wp-content\/uploads\/2023\/12\/pabu-cumpleanos-infanta-elena-2-768x960.jpg 768w, https:\/\/www.tapasmagazine.es\/wp-content\/uploads\/2023\/12\/pabu-cumpleanos-infanta-elena-2-1000x1250.jpg 1000w, https:\/\/www.tapasmagazine.es\/wp-content\/uploads\/2023\/12\/pabu-cumpleanos-infanta-elena-2-400x500.jpg 400w, https:\/\/www.tapasmagazine.es\/wp-content\/uploads\/2023\/12\/pabu-cumpleanos-infanta-elena-2.jpg 1080w\" sizes=\"(max-width: 819px) 100vw, 819px\" \/><\/a><\/figure>\n\n\n\n<figure class=\"wp-block-image size-large\"><a href=\"https:\/\/www.tapasmagazine.es\/wp-content\/uploads\/2023\/12\/pabu-cumpleanos-infanta-elena-3.jpeg\"><img decoding=\"async\" width=\"720\" height=\"901\" data-id=\"226166\" src=\"https:\/\/www.tapasmagazine.es\/wp-content\/uploads\/2023\/12\/pabu-cumpleanos-infanta-elena-3.jpeg\" alt=\"\" class=\"wp-image-226166\" srcset=\"https:\/\/www.tapasmagazine.es\/wp-content\/uploads\/2023\/12\/pabu-cumpleanos-infanta-elena-3.jpeg 720w, https:\/\/www.tapasmagazine.es\/wp-content\/uploads\/2023\/12\/pabu-cumpleanos-infanta-elena-3-240x300.jpeg 240w, https:\/\/www.tapasmagazine.es\/wp-content\/uploads\/2023\/12\/pabu-cumpleanos-infanta-elena-3-400x501.jpeg 400w\" sizes=\"(max-width: 720px) 100vw, 720px\" \/><\/a><\/figure>\n<\/figure>\n\n\n\n<p>The restaurant run by the renowned chef <strong>Coco Montes<\/strong>, whose philosophy is micro-seasonal cuisine, stands out for working with the purity of simple cuisine centred on quality produce and its seasonality.<\/p>\n\n\n\n<p>There, the Spanish aristocracy has been able to enjoy this gastronomic experience in which there are no fixed dishes, but rather they evolve depending on the raw material that Coco collects or buys that same day. They are structured around two menus: one called Pat\u00e9 (150\u20ac) which includes 1 appetizer, 2 starters, 3 mains and 2 desserts, and another called Bub\u00fa (110\u20ac), with 1 appetizer, 1 starter, 2 mains and 2 desserts.<\/p>\n","protected":false},"excerpt":{"rendered":"<p>Click here to read the Spanish version. Named Pab\u00fa, this culinary project stands out, above all, for its surprising factor: diners never know exactly what they are going to eat. A concept that the Infanta Elena chose to celebrate her 60th birthday with a sumptuous evening in the company of King Felipe and Queen Letizia, [&hellip;]<\/p>\n","protected":false},"author":249,"featured_media":272628,"comment_status":"open","ping_status":"closed","sticky":false,"template":"single-feature.php","format":"standard","meta":{"_acf_changed":false,"footnotes":""},"categories":[15802],"tags":[16033,15803,18736],"class_list":["post-226173","post","type-post","status-publish","format-standard","has-post-thumbnail","hentry","category-news","tag-madrid-en","tag-restaurants","tag-reyes-de-espana-en","cat-15802-id"],"acf":[],"yoast_head":"<!-- This site is optimized with the Yoast SEO plugin v27.5 - https:\/\/yoast.com\/product\/yoast-seo-wordpress\/ -->\n<title>This is Pab\u00fa, the restaurant where the Infanta Elena celebrated her birthday with the royal family - Tapas<\/title>\n<meta name=\"description\" content=\"Click here to read the Spanish version. Named Pab\u00fa, this culinary project stands out, above all, for its surprising factor: diners never know exactly what\" \/>\n<meta name=\"robots\" content=\"index, follow, max-snippet:-1, max-image-preview:large, max-video-preview:-1\" \/>\n<link rel=\"canonical\" href=\"https:\/\/www.tapasmagazine.es\/en\/this-is-pabu-restaurant-where-infanta-elena-celebrated-her-birthday\/\" \/>\n<meta property=\"og:locale\" content=\"en_US\" \/>\n<meta property=\"og:type\" content=\"article\" \/>\n<meta property=\"og:title\" content=\"This is Pab\u00fa, the restaurant where the Infanta Elena celebrated her birthday with the royal family - Tapas\" \/>\n<meta property=\"og:description\" content=\"Click here to read the Spanish version. Named Pab\u00fa, this culinary project stands out, above all, for its surprising factor: diners never know exactly what\" \/>\n<meta property=\"og:url\" content=\"https:\/\/www.tapasmagazine.es\/en\/this-is-pabu-restaurant-where-infanta-elena-celebrated-her-birthday\/\" \/>\n<meta property=\"og:site_name\" content=\"Tapas\" \/>\n<meta property=\"article:publisher\" content=\"https:\/\/www.facebook.com\/tapasmagazine\" \/>\n<meta property=\"article:published_time\" content=\"2023-12-20T16:49:15+00:00\" \/>\n<meta property=\"article:modified_time\" content=\"2023-12-20T16:52:01+00:00\" \/>\n<meta property=\"og:image\" content=\"https:\/\/www.tapasmagazine.es\/wp-content\/uploads\/2023\/12\/pabu-cumpleanos-infanta-elena-1.jpg\" \/>\n\t<meta property=\"og:image:width\" content=\"1200\" \/>\n\t<meta property=\"og:image:height\" content=\"675\" \/>\n\t<meta property=\"og:image:type\" content=\"image\/jpeg\" \/>\n<meta name=\"author\" content=\"TAPAS\" \/>\n<meta name=\"twitter:card\" content=\"summary_large_image\" \/>\n<meta name=\"twitter:creator\" content=\"@TapasMagazine\" \/>\n<meta name=\"twitter:site\" content=\"@TapasMagazine\" \/>\n<meta name=\"twitter:label1\" content=\"Written by\" \/>\n\t<meta name=\"twitter:data1\" content=\"TAPAS\" \/>\n\t<meta name=\"twitter:label2\" content=\"Est. reading time\" \/>\n\t<meta name=\"twitter:data2\" content=\"2 minutes\" \/>\n<script type=\"application\/ld+json\" class=\"yoast-schema-graph\">{\"@context\":\"https:\\\/\\\/schema.org\",\"@graph\":[{\"@type\":\"Article\",\"@id\":\"https:\\\/\\\/www.tapasmagazine.es\\\/en\\\/this-is-pabu-restaurant-where-infanta-elena-celebrated-her-birthday\\\/#article\",\"isPartOf\":{\"@id\":\"https:\\\/\\\/www.tapasmagazine.es\\\/en\\\/this-is-pabu-restaurant-where-infanta-elena-celebrated-her-birthday\\\/\"},\"author\":{\"name\":\"TAPAS\",\"@id\":\"https:\\\/\\\/www.tapasmagazine.es\\\/#\\\/schema\\\/person\\\/906ea2ea4697837608d99f4cc085cea3\"},\"headline\":\"This is Pab\u00fa, the restaurant where the Infanta Elena celebrated her birthday with the royal family\",\"datePublished\":\"2023-12-20T16:49:15+00:00\",\"dateModified\":\"2023-12-20T16:52:01+00:00\",\"mainEntityOfPage\":{\"@id\":\"https:\\\/\\\/www.tapasmagazine.es\\\/en\\\/this-is-pabu-restaurant-where-infanta-elena-celebrated-her-birthday\\\/\"},\"wordCount\":195,\"commentCount\":0,\"publisher\":{\"@id\":\"https:\\\/\\\/www.tapasmagazine.es\\\/#organization\"},\"image\":{\"@id\":\"https:\\\/\\\/www.tapasmagazine.es\\\/en\\\/this-is-pabu-restaurant-where-infanta-elena-celebrated-her-birthday\\\/#primaryimage\"},\"thumbnailUrl\":\"https:\\\/\\\/www.tapasmagazine.es\\\/wp-content\\\/uploads\\\/2023\\\/12\\\/cd.jpg\",\"keywords\":[\"Madrid\",\"restaurants\",\"Reyes de Espa\u00f1a\"],\"articleSection\":[\"News\"],\"inLanguage\":\"en-US\",\"potentialAction\":[{\"@type\":\"CommentAction\",\"name\":\"Comment\",\"target\":[\"https:\\\/\\\/www.tapasmagazine.es\\\/en\\\/this-is-pabu-restaurant-where-infanta-elena-celebrated-her-birthday\\\/#respond\"]}]},{\"@type\":\"WebPage\",\"@id\":\"https:\\\/\\\/www.tapasmagazine.es\\\/en\\\/this-is-pabu-restaurant-where-infanta-elena-celebrated-her-birthday\\\/\",\"url\":\"https:\\\/\\\/www.tapasmagazine.es\\\/en\\\/this-is-pabu-restaurant-where-infanta-elena-celebrated-her-birthday\\\/\",\"name\":\"This is Pab\u00fa, the restaurant where the Infanta Elena celebrated her birthday with the royal family - Tapas\",\"isPartOf\":{\"@id\":\"https:\\\/\\\/www.tapasmagazine.es\\\/#website\"},\"primaryImageOfPage\":{\"@id\":\"https:\\\/\\\/www.tapasmagazine.es\\\/en\\\/this-is-pabu-restaurant-where-infanta-elena-celebrated-her-birthday\\\/#primaryimage\"},\"image\":{\"@id\":\"https:\\\/\\\/www.tapasmagazine.es\\\/en\\\/this-is-pabu-restaurant-where-infanta-elena-celebrated-her-birthday\\\/#primaryimage\"},\"thumbnailUrl\":\"https:\\\/\\\/www.tapasmagazine.es\\\/wp-content\\\/uploads\\\/2023\\\/12\\\/cd.jpg\",\"datePublished\":\"2023-12-20T16:49:15+00:00\",\"dateModified\":\"2023-12-20T16:52:01+00:00\",\"description\":\"Click here to read the Spanish version. Named Pab\u00fa, this culinary project stands out, above all, for its surprising factor: diners never know exactly what\",\"breadcrumb\":{\"@id\":\"https:\\\/\\\/www.tapasmagazine.es\\\/en\\\/this-is-pabu-restaurant-where-infanta-elena-celebrated-her-birthday\\\/#breadcrumb\"},\"inLanguage\":\"en-US\",\"potentialAction\":[{\"@type\":\"ReadAction\",\"target\":[\"https:\\\/\\\/www.tapasmagazine.es\\\/en\\\/this-is-pabu-restaurant-where-infanta-elena-celebrated-her-birthday\\\/\"]}]},{\"@type\":\"ImageObject\",\"inLanguage\":\"en-US\",\"@id\":\"https:\\\/\\\/www.tapasmagazine.es\\\/en\\\/this-is-pabu-restaurant-where-infanta-elena-celebrated-her-birthday\\\/#primaryimage\",\"url\":\"https:\\\/\\\/www.tapasmagazine.es\\\/wp-content\\\/uploads\\\/2023\\\/12\\\/cd.jpg\",\"contentUrl\":\"https:\\\/\\\/www.tapasmagazine.es\\\/wp-content\\\/uploads\\\/2023\\\/12\\\/cd.jpg\",\"width\":1200,\"height\":675},{\"@type\":\"BreadcrumbList\",\"@id\":\"https:\\\/\\\/www.tapasmagazine.es\\\/en\\\/this-is-pabu-restaurant-where-infanta-elena-celebrated-her-birthday\\\/#breadcrumb\",\"itemListElement\":[{\"@type\":\"ListItem\",\"position\":1,\"name\":\"Portada\",\"item\":\"https:\\\/\\\/www.tapasmagazine.es\\\/\"},{\"@type\":\"ListItem\",\"position\":2,\"name\":\"News\",\"item\":\"https:\\\/\\\/www.tapasmagazine.es\\\/en\\\/categorias\\\/news\\\/\"},{\"@type\":\"ListItem\",\"position\":3,\"name\":\"This is Pab\u00fa, the restaurant where the Infanta Elena celebrated her birthday with the royal family\"}]},{\"@type\":\"WebSite\",\"@id\":\"https:\\\/\\\/www.tapasmagazine.es\\\/#website\",\"url\":\"https:\\\/\\\/www.tapasmagazine.es\\\/\",\"name\":\"Tapas\",\"description\":\"\u00d1am \u00d1am Lifestyle. La vida a bocados. Premio Nacional de Gastronom\u00eda 2016.\",\"publisher\":{\"@id\":\"https:\\\/\\\/www.tapasmagazine.es\\\/#organization\"},\"potentialAction\":[{\"@type\":\"SearchAction\",\"target\":{\"@type\":\"EntryPoint\",\"urlTemplate\":\"https:\\\/\\\/www.tapasmagazine.es\\\/?s={search_term_string}\"},\"query-input\":{\"@type\":\"PropertyValueSpecification\",\"valueRequired\":true,\"valueName\":\"search_term_string\"}}],\"inLanguage\":\"en-US\"},{\"@type\":\"Organization\",\"@id\":\"https:\\\/\\\/www.tapasmagazine.es\\\/#organization\",\"name\":\"Tapas Magazine\",\"url\":\"https:\\\/\\\/www.tapasmagazine.es\\\/\",\"logo\":{\"@type\":\"ImageObject\",\"inLanguage\":\"en-US\",\"@id\":\"https:\\\/\\\/www.tapasmagazine.es\\\/#\\\/schema\\\/logo\\\/image\\\/\",\"url\":\"https:\\\/\\\/www.tapasmagazine.es\\\/wp-content\\\/uploads\\\/2018\\\/01\\\/logo.png\",\"contentUrl\":\"https:\\\/\\\/www.tapasmagazine.es\\\/wp-content\\\/uploads\\\/2018\\\/01\\\/logo.png\",\"width\":180,\"height\":60,\"caption\":\"Tapas Magazine\"},\"image\":{\"@id\":\"https:\\\/\\\/www.tapasmagazine.es\\\/#\\\/schema\\\/logo\\\/image\\\/\"},\"sameAs\":[\"https:\\\/\\\/www.facebook.com\\\/tapasmagazine\",\"https:\\\/\\\/x.com\\\/TapasMagazine\",\"https:\\\/\\\/www.instagram.com\\\/tapasmagazine\\\/\",\"https:\\\/\\\/www.linkedin.com\\\/company\\\/tapas-magazine\",\"https:\\\/\\\/es.pinterest.com\\\/tapasmagazine\\\/\",\"https:\\\/\\\/www.youtube.com\\\/channel\\\/UCEyxneAaACuR0lfDagrWjjg?sub_confirmation=1\"]},{\"@type\":\"Person\",\"@id\":\"https:\\\/\\\/www.tapasmagazine.es\\\/#\\\/schema\\\/person\\\/906ea2ea4697837608d99f4cc085cea3\",\"name\":\"TAPAS\",\"url\":\"https:\\\/\\\/www.tapasmagazine.es\\\/en\\\/author\\\/tapas\\\/\"}]}<\/script>\n<!-- \/ Yoast SEO plugin. -->","yoast_head_json":{"title":"This is Pab\u00fa, the restaurant where the Infanta Elena celebrated her birthday with the royal family - Tapas","description":"Click here to read the Spanish version. Named Pab\u00fa, this culinary project stands out, above all, for its surprising factor: diners never know exactly what","robots":{"index":"index","follow":"follow","max-snippet":"max-snippet:-1","max-image-preview":"max-image-preview:large","max-video-preview":"max-video-preview:-1"},"canonical":"https:\/\/www.tapasmagazine.es\/en\/this-is-pabu-restaurant-where-infanta-elena-celebrated-her-birthday\/","og_locale":"en_US","og_type":"article","og_title":"This is Pab\u00fa, the restaurant where the Infanta Elena celebrated her birthday with the royal family - Tapas","og_description":"Click here to read the Spanish version. Named Pab\u00fa, this culinary project stands out, above all, for its surprising factor: diners never know exactly what","og_url":"https:\/\/www.tapasmagazine.es\/en\/this-is-pabu-restaurant-where-infanta-elena-celebrated-her-birthday\/","og_site_name":"Tapas","article_publisher":"https:\/\/www.facebook.com\/tapasmagazine","article_published_time":"2023-12-20T16:49:15+00:00","article_modified_time":"2023-12-20T16:52:01+00:00","og_image":[{"width":1200,"height":675,"url":"https:\/\/www.tapasmagazine.es\/wp-content\/uploads\/2023\/12\/pabu-cumpleanos-infanta-elena-1.jpg","type":"image\/jpeg"}],"author":"TAPAS","twitter_card":"summary_large_image","twitter_creator":"@TapasMagazine","twitter_site":"@TapasMagazine","twitter_misc":{"Written by":"TAPAS","Est. reading time":"2 minutes"},"schema":{"@context":"https:\/\/schema.org","@graph":[{"@type":"Article","@id":"https:\/\/www.tapasmagazine.es\/en\/this-is-pabu-restaurant-where-infanta-elena-celebrated-her-birthday\/#article","isPartOf":{"@id":"https:\/\/www.tapasmagazine.es\/en\/this-is-pabu-restaurant-where-infanta-elena-celebrated-her-birthday\/"},"author":{"name":"TAPAS","@id":"https:\/\/www.tapasmagazine.es\/#\/schema\/person\/906ea2ea4697837608d99f4cc085cea3"},"headline":"This is Pab\u00fa, the restaurant where the Infanta Elena celebrated her birthday with the royal family","datePublished":"2023-12-20T16:49:15+00:00","dateModified":"2023-12-20T16:52:01+00:00","mainEntityOfPage":{"@id":"https:\/\/www.tapasmagazine.es\/en\/this-is-pabu-restaurant-where-infanta-elena-celebrated-her-birthday\/"},"wordCount":195,"commentCount":0,"publisher":{"@id":"https:\/\/www.tapasmagazine.es\/#organization"},"image":{"@id":"https:\/\/www.tapasmagazine.es\/en\/this-is-pabu-restaurant-where-infanta-elena-celebrated-her-birthday\/#primaryimage"},"thumbnailUrl":"https:\/\/www.tapasmagazine.es\/wp-content\/uploads\/2023\/12\/cd.jpg","keywords":["Madrid","restaurants","Reyes de Espa\u00f1a"],"articleSection":["News"],"inLanguage":"en-US","potentialAction":[{"@type":"CommentAction","name":"Comment","target":["https:\/\/www.tapasmagazine.es\/en\/this-is-pabu-restaurant-where-infanta-elena-celebrated-her-birthday\/#respond"]}]},{"@type":"WebPage","@id":"https:\/\/www.tapasmagazine.es\/en\/this-is-pabu-restaurant-where-infanta-elena-celebrated-her-birthday\/","url":"https:\/\/www.tapasmagazine.es\/en\/this-is-pabu-restaurant-where-infanta-elena-celebrated-her-birthday\/","name":"This is Pab\u00fa, the restaurant where the Infanta Elena celebrated her birthday with the royal family - Tapas","isPartOf":{"@id":"https:\/\/www.tapasmagazine.es\/#website"},"primaryImageOfPage":{"@id":"https:\/\/www.tapasmagazine.es\/en\/this-is-pabu-restaurant-where-infanta-elena-celebrated-her-birthday\/#primaryimage"},"image":{"@id":"https:\/\/www.tapasmagazine.es\/en\/this-is-pabu-restaurant-where-infanta-elena-celebrated-her-birthday\/#primaryimage"},"thumbnailUrl":"https:\/\/www.tapasmagazine.es\/wp-content\/uploads\/2023\/12\/cd.jpg","datePublished":"2023-12-20T16:49:15+00:00","dateModified":"2023-12-20T16:52:01+00:00","description":"Click here to read the Spanish version. Named Pab\u00fa, this culinary project stands out, above all, for its surprising factor: diners never know exactly what","breadcrumb":{"@id":"https:\/\/www.tapasmagazine.es\/en\/this-is-pabu-restaurant-where-infanta-elena-celebrated-her-birthday\/#breadcrumb"},"inLanguage":"en-US","potentialAction":[{"@type":"ReadAction","target":["https:\/\/www.tapasmagazine.es\/en\/this-is-pabu-restaurant-where-infanta-elena-celebrated-her-birthday\/"]}]},{"@type":"ImageObject","inLanguage":"en-US","@id":"https:\/\/www.tapasmagazine.es\/en\/this-is-pabu-restaurant-where-infanta-elena-celebrated-her-birthday\/#primaryimage","url":"https:\/\/www.tapasmagazine.es\/wp-content\/uploads\/2023\/12\/cd.jpg","contentUrl":"https:\/\/www.tapasmagazine.es\/wp-content\/uploads\/2023\/12\/cd.jpg","width":1200,"height":675},{"@type":"BreadcrumbList","@id":"https:\/\/www.tapasmagazine.es\/en\/this-is-pabu-restaurant-where-infanta-elena-celebrated-her-birthday\/#breadcrumb","itemListElement":[{"@type":"ListItem","position":1,"name":"Portada","item":"https:\/\/www.tapasmagazine.es\/"},{"@type":"ListItem","position":2,"name":"News","item":"https:\/\/www.tapasmagazine.es\/en\/categorias\/news\/"},{"@type":"ListItem","position":3,"name":"This is Pab\u00fa, the restaurant where the Infanta Elena celebrated her birthday with the royal family"}]},{"@type":"WebSite","@id":"https:\/\/www.tapasmagazine.es\/#website","url":"https:\/\/www.tapasmagazine.es\/","name":"Tapas","description":"\u00d1am \u00d1am Lifestyle. La vida a bocados. Premio Nacional de Gastronom\u00eda 2016.","publisher":{"@id":"https:\/\/www.tapasmagazine.es\/#organization"},"potentialAction":[{"@type":"SearchAction","target":{"@type":"EntryPoint","urlTemplate":"https:\/\/www.tapasmagazine.es\/?s={search_term_string}"},"query-input":{"@type":"PropertyValueSpecification","valueRequired":true,"valueName":"search_term_string"}}],"inLanguage":"en-US"},{"@type":"Organization","@id":"https:\/\/www.tapasmagazine.es\/#organization","name":"Tapas Magazine","url":"https:\/\/www.tapasmagazine.es\/","logo":{"@type":"ImageObject","inLanguage":"en-US","@id":"https:\/\/www.tapasmagazine.es\/#\/schema\/logo\/image\/","url":"https:\/\/www.tapasmagazine.es\/wp-content\/uploads\/2018\/01\/logo.png","contentUrl":"https:\/\/www.tapasmagazine.es\/wp-content\/uploads\/2018\/01\/logo.png","width":180,"height":60,"caption":"Tapas Magazine"},"image":{"@id":"https:\/\/www.tapasmagazine.es\/#\/schema\/logo\/image\/"},"sameAs":["https:\/\/www.facebook.com\/tapasmagazine","https:\/\/x.com\/TapasMagazine","https:\/\/www.instagram.com\/tapasmagazine\/","https:\/\/www.linkedin.com\/company\/tapas-magazine","https:\/\/es.pinterest.com\/tapasmagazine\/","https:\/\/www.youtube.com\/channel\/UCEyxneAaACuR0lfDagrWjjg?sub_confirmation=1"]},{"@type":"Person","@id":"https:\/\/www.tapasmagazine.es\/#\/schema\/person\/906ea2ea4697837608d99f4cc085cea3","name":"TAPAS","url":"https:\/\/www.tapasmagazine.es\/en\/author\/tapas\/"}]}},"_links":{"self":[{"href":"https:\/\/www.tapasmagazine.es\/en\/wp-json\/wp\/v2\/posts\/226173","targetHints":{"allow":["GET"]}}],"collection":[{"href":"https:\/\/www.tapasmagazine.es\/en\/wp-json\/wp\/v2\/posts"}],"about":[{"href":"https:\/\/www.tapasmagazine.es\/en\/wp-json\/wp\/v2\/types\/post"}],"author":[{"embeddable":true,"href":"https:\/\/www.tapasmagazine.es\/en\/wp-json\/wp\/v2\/users\/249"}],"replies":[{"embeddable":true,"href":"https:\/\/www.tapasmagazine.es\/en\/wp-json\/wp\/v2\/comments?post=226173"}],"version-history":[{"count":3,"href":"https:\/\/www.tapasmagazine.es\/en\/wp-json\/wp\/v2\/posts\/226173\/revisions"}],"predecessor-version":[{"id":226177,"href":"https:\/\/www.tapasmagazine.es\/en\/wp-json\/wp\/v2\/posts\/226173\/revisions\/226177"}],"wp:featuredmedia":[{"embeddable":true,"href":"https:\/\/www.tapasmagazine.es\/en\/wp-json\/wp\/v2\/media\/272628"}],"wp:attachment":[{"href":"https:\/\/www.tapasmagazine.es\/en\/wp-json\/wp\/v2\/media?parent=226173"}],"wp:term":[{"taxonomy":"category","embeddable":true,"href":"https:\/\/www.tapasmagazine.es\/en\/wp-json\/wp\/v2\/categories?post=226173"},{"taxonomy":"post_tag","embeddable":true,"href":"https:\/\/www.tapasmagazine.es\/en\/wp-json\/wp\/v2\/tags?post=226173"}],"curies":[{"name":"wp","href":"https:\/\/api.w.org\/{rel}","templated":true}]}}