{"id":225423,"date":"2023-12-18T11:31:55","date_gmt":"2023-12-18T10:31:55","guid":{"rendered":"https:\/\/www.tapasmagazine.es\/?p=225423"},"modified":"2023-12-18T11:37:55","modified_gmt":"2023-12-18T10:37:55","slug":"greenpeaces-guide-to-seasonal-fruits-and-vegetables-to-be-more-sustainable","status":"publish","type":"post","link":"https:\/\/www.tapasmagazine.es\/en\/greenpeaces-guide-to-seasonal-fruits-and-vegetables-to-be-more-sustainable\/","title":{"rendered":"Greenpeace&#8217;s guide to seasonal fruits and vegetables to be more sustainable"},"content":{"rendered":"\n<p><strong>Click <a href=\"https:\/\/www.tapasmagazine.es\/la-guia-de-las-frutas-y-verduras-de-temporada-elaborada-por-greenpeace-para-ser-mas-sostenible\/\" target=\"_blank\" rel=\"noreferrer noopener\">here<\/a> to read the Spanish version.<\/strong><br>If you are one of those who usually go to the supermarket without prior planning to make more conscious purchases, this practical guide on seasonal fruits and vegetables prepared by Greenpeace, will be very helpful. In addition to benefiting your pocket and your health, you will also be supporting the sustainability of the planet. Learn how to consume seasonal products and make the most of all your purchases. Take note!<\/p>\n\n\n\n<h2 class=\"wp-block-heading\">Reasons to eat in season<\/h2>\n\n\n\n<p>To help the local product and ensure the highest possible quality, it is always advisable to consume local products, because you help local production and, consequently, also reduce the impact on the environment. Greenpeace suggests paying close attention to labeling and provenance, as well as seasonality. Of course, also support farmers&#8217; markets and organic stores, whose products are fresh and local.<\/p>\n\n\n\n<p>Another aspect to keep in mind is that by eating seasonal products you take better advantage of all the nutritional benefits. Fruits and vegetables of each season respond to specific needs of our body, as in winter citrus fruits full of vitamin C, for example.<\/p>\n\n\n\n<figure class=\"wp-block-image size-large\"><a href=\"https:\/\/www.tapasmagazine.es\/wp-content\/uploads\/2023\/12\/citricos1.jpg\"><img decoding=\"async\" width=\"1024\" height=\"576\" src=\"https:\/\/www.tapasmagazine.es\/wp-content\/uploads\/2023\/12\/citricos1-1024x576.jpg\" alt=\"\" class=\"wp-image-225418\" srcset=\"https:\/\/www.tapasmagazine.es\/wp-content\/uploads\/2023\/12\/citricos1-1024x576.jpg 1024w, https:\/\/www.tapasmagazine.es\/wp-content\/uploads\/2023\/12\/citricos1-300x169.jpg 300w, https:\/\/www.tapasmagazine.es\/wp-content\/uploads\/2023\/12\/citricos1-768x432.jpg 768w, https:\/\/www.tapasmagazine.es\/wp-content\/uploads\/2023\/12\/citricos1-1000x563.jpg 1000w, https:\/\/www.tapasmagazine.es\/wp-content\/uploads\/2023\/12\/citricos1-400x225.jpg 400w, https:\/\/www.tapasmagazine.es\/wp-content\/uploads\/2023\/12\/citricos1.jpg 1200w\" sizes=\"(max-width: 1024px) 100vw, 1024px\" \/><\/a><\/figure>\n\n\n\n<p>In terms of sustainability, the consumption of this type of food is undoubtedly very important. When it comes to fruits out of season, it means that they are imported and travel by ship or plane, with the polluting contribution that this implies, to which must be added the use of pesticides and heating to ensure the productions, when it is done in our country. Finally, seasonal products help to reduce food waste, because being in season, more immediate consumption is guaranteed.<\/p>\n\n\n\n<h2 class=\"wp-block-heading\">List of fruits and vegetables ideal for December and January<\/h2>\n\n\n\n<div class=\"wp-block-columns is-layout-flex wp-container-core-columns-is-layout-9d6595d7 wp-block-columns-is-layout-flex\">\n<div class=\"wp-block-column is-layout-flow wp-block-column-is-layout-flow\">\n<h4 class=\"wp-block-heading\">December fruits<\/h4>\n\n\n\n<p>In optimal season:<\/p>\n\n\n\n<ul class=\"wp-block-list\">\n<li>avocado<\/li>\n\n\n\n<li>persimmon<\/li>\n\n\n\n<li>custard apple<\/li>\n\n\n\n<li>guava<\/li>\n\n\n\n<li>kiwi<\/li>\n\n\n\n<li>lemon<\/li>\n\n\n\n<li>tangerine<\/li>\n\n\n\n<li>quince<\/li>\n\n\n\n<li>orange<\/li>\n\n\n\n<li>papaya<\/li>\n\n\n\n<li>pitahaya<\/li>\n\n\n\n<li>banana<\/li>\n\n\n\n<li>grapefruit<\/li>\n<\/ul>\n\n\n\n<p>Entering \/ leaving season:<\/p>\n\n\n\n<ul class=\"wp-block-list\">\n<li>persimmon<\/li>\n\n\n\n<li>quince<\/li>\n\n\n\n<li>pitahaya<\/li>\n<\/ul>\n<\/div>\n\n\n\n<div class=\"wp-block-column is-layout-flow wp-block-column-is-layout-flow\">\n<h4 class=\"wp-block-heading\">December vegetables<\/h4>\n\n\n\n<p>In optimal season:<\/p>\n\n\n\n<ul class=\"wp-block-list\">\n<li>chard<\/li>\n\n\n\n<li>dried garlic<\/li>\n\n\n\n<li>tender garlic<\/li>\n\n\n\n<li>artichoke<\/li>\n\n\n\n<li>celery<\/li>\n\n\n\n<li>sweet potato<\/li>\n\n\n\n<li>borage<\/li>\n\n\n\n<li>broccoli<\/li>\n\n\n\n<li>pumpkin<\/li>\n\n\n\n<li>thistle<\/li>\n\n\n\n<li>dried onion<\/li>\n\n\n\n<li>onion<\/li>\n\n\n\n<li>parsnip<\/li>\n\n\n\n<li>cabbage<\/li>\n\n\n\n<li>cabbage radish<\/li>\n\n\n\n<li>brussels sprouts<\/li>\n\n\n\n<li>cauliflower<\/li>\n\n\n\n<li>endive<\/li>\n\n\n\n<li>spinach<\/li>\n\n\n\n<li>fennel<\/li>\n\n\n\n<li>kale<\/li>\n\n\n\n<li>lettuce<\/li>\n\n\n\n<li>red cabbage<\/li>\n\n\n\n<li>turnip<\/li>\n\n\n\n<li>choi pack<\/li>\n\n\n\n<li>potato<\/li>\n\n\n\n<li>parsley<\/li>\n\n\n\n<li>leek<\/li>\n\n\n\n<li>radish<\/li>\n\n\n\n<li>beet<\/li>\n\n\n\n<li>carrot<\/li>\n<\/ul>\n\n\n\n<p>Entering \/ leaving season:<\/p>\n\n\n\n<ul class=\"wp-block-list\">\n<li>Broccoli<\/li>\n\n\n\n<li>Broad beans<\/li>\n<\/ul>\n<\/div>\n<\/div>\n\n\n\n<figure class=\"wp-block-image size-large\"><a href=\"https:\/\/www.tapasmagazine.es\/wp-content\/uploads\/2023\/12\/verduras1.jpg\"><img decoding=\"async\" width=\"1024\" height=\"576\" src=\"https:\/\/www.tapasmagazine.es\/wp-content\/uploads\/2023\/12\/verduras1-1024x576.jpg\" alt=\"\" class=\"wp-image-225420\" srcset=\"https:\/\/www.tapasmagazine.es\/wp-content\/uploads\/2023\/12\/verduras1-1024x576.jpg 1024w, https:\/\/www.tapasmagazine.es\/wp-content\/uploads\/2023\/12\/verduras1-300x169.jpg 300w, https:\/\/www.tapasmagazine.es\/wp-content\/uploads\/2023\/12\/verduras1-768x432.jpg 768w, https:\/\/www.tapasmagazine.es\/wp-content\/uploads\/2023\/12\/verduras1-1000x563.jpg 1000w, https:\/\/www.tapasmagazine.es\/wp-content\/uploads\/2023\/12\/verduras1-400x225.jpg 400w, https:\/\/www.tapasmagazine.es\/wp-content\/uploads\/2023\/12\/verduras1.jpg 1200w\" sizes=\"(max-width: 1024px) 100vw, 1024px\" \/><\/a><\/figure>\n\n\n\n<div class=\"wp-block-columns is-layout-flex wp-container-core-columns-is-layout-9d6595d7 wp-block-columns-is-layout-flex\">\n<div class=\"wp-block-column is-layout-flow wp-block-column-is-layout-flow\">\n<h4 class=\"wp-block-heading\">January fruits<\/h4>\n\n\n\n<p>In optimal season:<\/p>\n\n\n\n<ul class=\"wp-block-list\">\n<li>avocado<\/li>\n\n\n\n<li>guava<\/li>\n\n\n\n<li>kiwi<\/li>\n\n\n\n<li>lemon<\/li>\n\n\n\n<li>tangerine<\/li>\n\n\n\n<li>orange<\/li>\n\n\n\n<li>papaya<\/li>\n\n\n\n<li>banana<\/li>\n\n\n\n<li>grapefruit<\/li>\n<\/ul>\n\n\n\n<p>Entering \/ leaving season:<\/p>\n\n\n\n<ul class=\"wp-block-list\">\n<li>persimmon<\/li>\n\n\n\n<li>quince<\/li>\n\n\n\n<li>pitahaya<\/li>\n<\/ul>\n<\/div>\n\n\n\n<div class=\"wp-block-column is-layout-flow wp-block-column-is-layout-flow\">\n<h4 class=\"wp-block-heading\">January vegetables<\/h4>\n\n\n\n<p>In optimal season:<\/p>\n\n\n\n<ul class=\"wp-block-list\">\n<li>chard<\/li>\n\n\n\n<li>dried garlic<\/li>\n\n\n\n<li>tender garlic<\/li>\n\n\n\n<li>artichoke<\/li>\n\n\n\n<li>celery<\/li>\n\n\n\n<li>sweet potato<\/li>\n\n\n\n<li>borage<\/li>\n\n\n\n<li>pumpkin<\/li>\n\n\n\n<li>thistle<\/li>\n\n\n\n<li>dried onion<\/li>\n\n\n\n<li>onion<\/li>\n\n\n\n<li>parsnip<\/li>\n\n\n\n<li>cabbage<\/li>\n\n\n\n<li>cabbage radish<\/li>\n\n\n\n<li>brussels sprouts<\/li>\n\n\n\n<li>cauliflower<\/li>\n\n\n\n<li>endive<\/li>\n\n\n\n<li>spinach<\/li>\n\n\n\n<li>fennel<\/li>\n\n\n\n<li>kale<\/li>\n\n\n\n<li>lettuce<\/li>\n\n\n\n<li>red cabbage<\/li>\n\n\n\n<li>turnip<\/li>\n\n\n\n<li>choi pack<\/li>\n\n\n\n<li>potato<\/li>\n\n\n\n<li>parsley<\/li>\n\n\n\n<li>leek<\/li>\n\n\n\n<li>radish<\/li>\n\n\n\n<li>beet<\/li>\n\n\n\n<li>carrot<\/li>\n<\/ul>\n\n\n\n<p>Entering \/ leaving season:<\/p>\n\n\n\n<ul class=\"wp-block-list\">\n<li>Broccoli<\/li>\n\n\n\n<li>Broad beans<\/li>\n<\/ul>\n<\/div>\n<\/div>\n\n\n\n<p>You can download the complete guide <a href=\"https:\/\/es.greenpeace.org\/es\/frutas-verduras-temporada\/descarga-tu-guia\/\" target=\"_blank\" rel=\"noreferrer noopener\">here<\/a>.<\/p>\n","protected":false},"excerpt":{"rendered":"<p>Click here to read the Spanish version.If you are one of those who usually go to the supermarket without prior planning to make more conscious purchases, this practical guide on seasonal fruits and vegetables prepared by Greenpeace, will be very helpful. In addition to benefiting your pocket and your health, you will also be supporting [&hellip;]<\/p>\n","protected":false},"author":249,"featured_media":225417,"comment_status":"open","ping_status":"closed","sticky":false,"template":"single-feature.php","format":"standard","meta":{"_acf_changed":false,"footnotes":""},"categories":[15807,1],"tags":[],"class_list":["post-225423","post","type-post","status-publish","format-standard","has-post-thumbnail","hentry","category-gastro-en","category-sin-categorizar","cat-15807-id","cat-1-id"],"acf":[],"yoast_head":"<!-- This site is optimized with the Yoast SEO plugin v27.5 - https:\/\/yoast.com\/product\/yoast-seo-wordpress\/ -->\n<title>Greenpeace&#039;s guide to seasonal fruits and vegetables to be more sustainable - Tapas<\/title>\n<meta name=\"description\" content=\"Click here to read the Spanish version.If you are one of those who usually go to the supermarket without prior planning to make more conscious purchases,\" \/>\n<meta name=\"robots\" content=\"index, follow, max-snippet:-1, max-image-preview:large, max-video-preview:-1\" \/>\n<link rel=\"canonical\" href=\"https:\/\/www.tapasmagazine.es\/en\/greenpeaces-guide-to-seasonal-fruits-and-vegetables-to-be-more-sustainable\/\" \/>\n<meta property=\"og:locale\" content=\"en_US\" \/>\n<meta property=\"og:type\" content=\"article\" \/>\n<meta property=\"og:title\" content=\"Greenpeace&#039;s guide to seasonal fruits and vegetables to be more sustainable - Tapas\" \/>\n<meta property=\"og:description\" content=\"Click here to read the Spanish version.If you are one of those who usually go to the supermarket without prior planning to make more conscious purchases,\" \/>\n<meta property=\"og:url\" content=\"https:\/\/www.tapasmagazine.es\/en\/greenpeaces-guide-to-seasonal-fruits-and-vegetables-to-be-more-sustainable\/\" \/>\n<meta property=\"og:site_name\" content=\"Tapas\" \/>\n<meta property=\"article:publisher\" content=\"https:\/\/www.facebook.com\/tapasmagazine\" \/>\n<meta property=\"article:published_time\" content=\"2023-12-18T10:31:55+00:00\" \/>\n<meta property=\"article:modified_time\" content=\"2023-12-18T10:37:55+00:00\" \/>\n<meta property=\"og:image\" content=\"https:\/\/www.tapasmagazine.es\/wp-content\/uploads\/2023\/12\/frutas-de-temporada.jpg\" \/>\n\t<meta property=\"og:image:width\" content=\"1200\" \/>\n\t<meta property=\"og:image:height\" content=\"675\" \/>\n\t<meta property=\"og:image:type\" content=\"image\/jpeg\" \/>\n<meta name=\"author\" content=\"TAPAS\" \/>\n<meta name=\"twitter:card\" content=\"summary_large_image\" \/>\n<meta name=\"twitter:creator\" content=\"@TapasMagazine\" \/>\n<meta name=\"twitter:site\" content=\"@TapasMagazine\" \/>\n<meta name=\"twitter:label1\" content=\"Written by\" \/>\n\t<meta name=\"twitter:data1\" content=\"TAPAS\" \/>\n\t<meta name=\"twitter:label2\" content=\"Est. reading time\" \/>\n\t<meta name=\"twitter:data2\" content=\"3 minutes\" \/>\n<script type=\"application\/ld+json\" class=\"yoast-schema-graph\">{\"@context\":\"https:\\\/\\\/schema.org\",\"@graph\":[{\"@type\":\"Article\",\"@id\":\"https:\\\/\\\/www.tapasmagazine.es\\\/en\\\/greenpeaces-guide-to-seasonal-fruits-and-vegetables-to-be-more-sustainable\\\/#article\",\"isPartOf\":{\"@id\":\"https:\\\/\\\/www.tapasmagazine.es\\\/en\\\/greenpeaces-guide-to-seasonal-fruits-and-vegetables-to-be-more-sustainable\\\/\"},\"author\":{\"name\":\"TAPAS\",\"@id\":\"https:\\\/\\\/www.tapasmagazine.es\\\/#\\\/schema\\\/person\\\/906ea2ea4697837608d99f4cc085cea3\"},\"headline\":\"Greenpeace&#8217;s guide to seasonal fruits and vegetables to be more sustainable\",\"datePublished\":\"2023-12-18T10:31:55+00:00\",\"dateModified\":\"2023-12-18T10:37:55+00:00\",\"mainEntityOfPage\":{\"@id\":\"https:\\\/\\\/www.tapasmagazine.es\\\/en\\\/greenpeaces-guide-to-seasonal-fruits-and-vegetables-to-be-more-sustainable\\\/\"},\"wordCount\":442,\"commentCount\":0,\"publisher\":{\"@id\":\"https:\\\/\\\/www.tapasmagazine.es\\\/#organization\"},\"image\":{\"@id\":\"https:\\\/\\\/www.tapasmagazine.es\\\/en\\\/greenpeaces-guide-to-seasonal-fruits-and-vegetables-to-be-more-sustainable\\\/#primaryimage\"},\"thumbnailUrl\":\"https:\\\/\\\/www.tapasmagazine.es\\\/wp-content\\\/uploads\\\/2023\\\/12\\\/frutas-de-temporada.jpg\",\"articleSection\":[\"Gastro\",\"Sin categorizar\"],\"inLanguage\":\"en-US\",\"potentialAction\":[{\"@type\":\"CommentAction\",\"name\":\"Comment\",\"target\":[\"https:\\\/\\\/www.tapasmagazine.es\\\/en\\\/greenpeaces-guide-to-seasonal-fruits-and-vegetables-to-be-more-sustainable\\\/#respond\"]}]},{\"@type\":\"WebPage\",\"@id\":\"https:\\\/\\\/www.tapasmagazine.es\\\/en\\\/greenpeaces-guide-to-seasonal-fruits-and-vegetables-to-be-more-sustainable\\\/\",\"url\":\"https:\\\/\\\/www.tapasmagazine.es\\\/en\\\/greenpeaces-guide-to-seasonal-fruits-and-vegetables-to-be-more-sustainable\\\/\",\"name\":\"Greenpeace's guide to seasonal fruits and vegetables to be more sustainable - Tapas\",\"isPartOf\":{\"@id\":\"https:\\\/\\\/www.tapasmagazine.es\\\/#website\"},\"primaryImageOfPage\":{\"@id\":\"https:\\\/\\\/www.tapasmagazine.es\\\/en\\\/greenpeaces-guide-to-seasonal-fruits-and-vegetables-to-be-more-sustainable\\\/#primaryimage\"},\"image\":{\"@id\":\"https:\\\/\\\/www.tapasmagazine.es\\\/en\\\/greenpeaces-guide-to-seasonal-fruits-and-vegetables-to-be-more-sustainable\\\/#primaryimage\"},\"thumbnailUrl\":\"https:\\\/\\\/www.tapasmagazine.es\\\/wp-content\\\/uploads\\\/2023\\\/12\\\/frutas-de-temporada.jpg\",\"datePublished\":\"2023-12-18T10:31:55+00:00\",\"dateModified\":\"2023-12-18T10:37:55+00:00\",\"description\":\"Click here to read the Spanish version.If you are one of those who usually go to the supermarket without prior planning to make more conscious purchases,\",\"breadcrumb\":{\"@id\":\"https:\\\/\\\/www.tapasmagazine.es\\\/en\\\/greenpeaces-guide-to-seasonal-fruits-and-vegetables-to-be-more-sustainable\\\/#breadcrumb\"},\"inLanguage\":\"en-US\",\"potentialAction\":[{\"@type\":\"ReadAction\",\"target\":[\"https:\\\/\\\/www.tapasmagazine.es\\\/en\\\/greenpeaces-guide-to-seasonal-fruits-and-vegetables-to-be-more-sustainable\\\/\"]}]},{\"@type\":\"ImageObject\",\"inLanguage\":\"en-US\",\"@id\":\"https:\\\/\\\/www.tapasmagazine.es\\\/en\\\/greenpeaces-guide-to-seasonal-fruits-and-vegetables-to-be-more-sustainable\\\/#primaryimage\",\"url\":\"https:\\\/\\\/www.tapasmagazine.es\\\/wp-content\\\/uploads\\\/2023\\\/12\\\/frutas-de-temporada.jpg\",\"contentUrl\":\"https:\\\/\\\/www.tapasmagazine.es\\\/wp-content\\\/uploads\\\/2023\\\/12\\\/frutas-de-temporada.jpg\",\"width\":1200,\"height\":675},{\"@type\":\"BreadcrumbList\",\"@id\":\"https:\\\/\\\/www.tapasmagazine.es\\\/en\\\/greenpeaces-guide-to-seasonal-fruits-and-vegetables-to-be-more-sustainable\\\/#breadcrumb\",\"itemListElement\":[{\"@type\":\"ListItem\",\"position\":1,\"name\":\"Portada\",\"item\":\"https:\\\/\\\/www.tapasmagazine.es\\\/\"},{\"@type\":\"ListItem\",\"position\":2,\"name\":\"Gastro\",\"item\":\"https:\\\/\\\/www.tapasmagazine.es\\\/en\\\/categorias\\\/gastro-en\\\/\"},{\"@type\":\"ListItem\",\"position\":3,\"name\":\"Greenpeace&#8217;s guide to seasonal fruits and vegetables to be more sustainable\"}]},{\"@type\":\"WebSite\",\"@id\":\"https:\\\/\\\/www.tapasmagazine.es\\\/#website\",\"url\":\"https:\\\/\\\/www.tapasmagazine.es\\\/\",\"name\":\"Tapas\",\"description\":\"\u00d1am \u00d1am Lifestyle. La vida a bocados. Premio Nacional de Gastronom\u00eda 2016.\",\"publisher\":{\"@id\":\"https:\\\/\\\/www.tapasmagazine.es\\\/#organization\"},\"potentialAction\":[{\"@type\":\"SearchAction\",\"target\":{\"@type\":\"EntryPoint\",\"urlTemplate\":\"https:\\\/\\\/www.tapasmagazine.es\\\/?s={search_term_string}\"},\"query-input\":{\"@type\":\"PropertyValueSpecification\",\"valueRequired\":true,\"valueName\":\"search_term_string\"}}],\"inLanguage\":\"en-US\"},{\"@type\":\"Organization\",\"@id\":\"https:\\\/\\\/www.tapasmagazine.es\\\/#organization\",\"name\":\"Tapas Magazine\",\"url\":\"https:\\\/\\\/www.tapasmagazine.es\\\/\",\"logo\":{\"@type\":\"ImageObject\",\"inLanguage\":\"en-US\",\"@id\":\"https:\\\/\\\/www.tapasmagazine.es\\\/#\\\/schema\\\/logo\\\/image\\\/\",\"url\":\"https:\\\/\\\/www.tapasmagazine.es\\\/wp-content\\\/uploads\\\/2018\\\/01\\\/logo.png\",\"contentUrl\":\"https:\\\/\\\/www.tapasmagazine.es\\\/wp-content\\\/uploads\\\/2018\\\/01\\\/logo.png\",\"width\":180,\"height\":60,\"caption\":\"Tapas Magazine\"},\"image\":{\"@id\":\"https:\\\/\\\/www.tapasmagazine.es\\\/#\\\/schema\\\/logo\\\/image\\\/\"},\"sameAs\":[\"https:\\\/\\\/www.facebook.com\\\/tapasmagazine\",\"https:\\\/\\\/x.com\\\/TapasMagazine\",\"https:\\\/\\\/www.instagram.com\\\/tapasmagazine\\\/\",\"https:\\\/\\\/www.linkedin.com\\\/company\\\/tapas-magazine\",\"https:\\\/\\\/es.pinterest.com\\\/tapasmagazine\\\/\",\"https:\\\/\\\/www.youtube.com\\\/channel\\\/UCEyxneAaACuR0lfDagrWjjg?sub_confirmation=1\"]},{\"@type\":\"Person\",\"@id\":\"https:\\\/\\\/www.tapasmagazine.es\\\/#\\\/schema\\\/person\\\/906ea2ea4697837608d99f4cc085cea3\",\"name\":\"TAPAS\",\"url\":\"https:\\\/\\\/www.tapasmagazine.es\\\/en\\\/author\\\/tapas\\\/\"}]}<\/script>\n<!-- \/ Yoast SEO plugin. -->","yoast_head_json":{"title":"Greenpeace's guide to seasonal fruits and vegetables to be more sustainable - Tapas","description":"Click here to read the Spanish version.If you are one of those who usually go to the supermarket without prior planning to make more conscious purchases,","robots":{"index":"index","follow":"follow","max-snippet":"max-snippet:-1","max-image-preview":"max-image-preview:large","max-video-preview":"max-video-preview:-1"},"canonical":"https:\/\/www.tapasmagazine.es\/en\/greenpeaces-guide-to-seasonal-fruits-and-vegetables-to-be-more-sustainable\/","og_locale":"en_US","og_type":"article","og_title":"Greenpeace's guide to seasonal fruits and vegetables to be more sustainable - Tapas","og_description":"Click here to read the Spanish version.If you are one of those who usually go to the supermarket without prior planning to make more conscious purchases,","og_url":"https:\/\/www.tapasmagazine.es\/en\/greenpeaces-guide-to-seasonal-fruits-and-vegetables-to-be-more-sustainable\/","og_site_name":"Tapas","article_publisher":"https:\/\/www.facebook.com\/tapasmagazine","article_published_time":"2023-12-18T10:31:55+00:00","article_modified_time":"2023-12-18T10:37:55+00:00","og_image":[{"width":1200,"height":675,"url":"https:\/\/www.tapasmagazine.es\/wp-content\/uploads\/2023\/12\/frutas-de-temporada.jpg","type":"image\/jpeg"}],"author":"TAPAS","twitter_card":"summary_large_image","twitter_creator":"@TapasMagazine","twitter_site":"@TapasMagazine","twitter_misc":{"Written by":"TAPAS","Est. reading time":"3 minutes"},"schema":{"@context":"https:\/\/schema.org","@graph":[{"@type":"Article","@id":"https:\/\/www.tapasmagazine.es\/en\/greenpeaces-guide-to-seasonal-fruits-and-vegetables-to-be-more-sustainable\/#article","isPartOf":{"@id":"https:\/\/www.tapasmagazine.es\/en\/greenpeaces-guide-to-seasonal-fruits-and-vegetables-to-be-more-sustainable\/"},"author":{"name":"TAPAS","@id":"https:\/\/www.tapasmagazine.es\/#\/schema\/person\/906ea2ea4697837608d99f4cc085cea3"},"headline":"Greenpeace&#8217;s guide to seasonal fruits and vegetables to be more sustainable","datePublished":"2023-12-18T10:31:55+00:00","dateModified":"2023-12-18T10:37:55+00:00","mainEntityOfPage":{"@id":"https:\/\/www.tapasmagazine.es\/en\/greenpeaces-guide-to-seasonal-fruits-and-vegetables-to-be-more-sustainable\/"},"wordCount":442,"commentCount":0,"publisher":{"@id":"https:\/\/www.tapasmagazine.es\/#organization"},"image":{"@id":"https:\/\/www.tapasmagazine.es\/en\/greenpeaces-guide-to-seasonal-fruits-and-vegetables-to-be-more-sustainable\/#primaryimage"},"thumbnailUrl":"https:\/\/www.tapasmagazine.es\/wp-content\/uploads\/2023\/12\/frutas-de-temporada.jpg","articleSection":["Gastro","Sin categorizar"],"inLanguage":"en-US","potentialAction":[{"@type":"CommentAction","name":"Comment","target":["https:\/\/www.tapasmagazine.es\/en\/greenpeaces-guide-to-seasonal-fruits-and-vegetables-to-be-more-sustainable\/#respond"]}]},{"@type":"WebPage","@id":"https:\/\/www.tapasmagazine.es\/en\/greenpeaces-guide-to-seasonal-fruits-and-vegetables-to-be-more-sustainable\/","url":"https:\/\/www.tapasmagazine.es\/en\/greenpeaces-guide-to-seasonal-fruits-and-vegetables-to-be-more-sustainable\/","name":"Greenpeace's guide to seasonal fruits and vegetables to be more sustainable - Tapas","isPartOf":{"@id":"https:\/\/www.tapasmagazine.es\/#website"},"primaryImageOfPage":{"@id":"https:\/\/www.tapasmagazine.es\/en\/greenpeaces-guide-to-seasonal-fruits-and-vegetables-to-be-more-sustainable\/#primaryimage"},"image":{"@id":"https:\/\/www.tapasmagazine.es\/en\/greenpeaces-guide-to-seasonal-fruits-and-vegetables-to-be-more-sustainable\/#primaryimage"},"thumbnailUrl":"https:\/\/www.tapasmagazine.es\/wp-content\/uploads\/2023\/12\/frutas-de-temporada.jpg","datePublished":"2023-12-18T10:31:55+00:00","dateModified":"2023-12-18T10:37:55+00:00","description":"Click here to read the Spanish version.If you are one of those who usually go to the supermarket without prior planning to make more conscious purchases,","breadcrumb":{"@id":"https:\/\/www.tapasmagazine.es\/en\/greenpeaces-guide-to-seasonal-fruits-and-vegetables-to-be-more-sustainable\/#breadcrumb"},"inLanguage":"en-US","potentialAction":[{"@type":"ReadAction","target":["https:\/\/www.tapasmagazine.es\/en\/greenpeaces-guide-to-seasonal-fruits-and-vegetables-to-be-more-sustainable\/"]}]},{"@type":"ImageObject","inLanguage":"en-US","@id":"https:\/\/www.tapasmagazine.es\/en\/greenpeaces-guide-to-seasonal-fruits-and-vegetables-to-be-more-sustainable\/#primaryimage","url":"https:\/\/www.tapasmagazine.es\/wp-content\/uploads\/2023\/12\/frutas-de-temporada.jpg","contentUrl":"https:\/\/www.tapasmagazine.es\/wp-content\/uploads\/2023\/12\/frutas-de-temporada.jpg","width":1200,"height":675},{"@type":"BreadcrumbList","@id":"https:\/\/www.tapasmagazine.es\/en\/greenpeaces-guide-to-seasonal-fruits-and-vegetables-to-be-more-sustainable\/#breadcrumb","itemListElement":[{"@type":"ListItem","position":1,"name":"Portada","item":"https:\/\/www.tapasmagazine.es\/"},{"@type":"ListItem","position":2,"name":"Gastro","item":"https:\/\/www.tapasmagazine.es\/en\/categorias\/gastro-en\/"},{"@type":"ListItem","position":3,"name":"Greenpeace&#8217;s guide to seasonal fruits and vegetables to be more sustainable"}]},{"@type":"WebSite","@id":"https:\/\/www.tapasmagazine.es\/#website","url":"https:\/\/www.tapasmagazine.es\/","name":"Tapas","description":"\u00d1am \u00d1am Lifestyle. La vida a bocados. Premio Nacional de Gastronom\u00eda 2016.","publisher":{"@id":"https:\/\/www.tapasmagazine.es\/#organization"},"potentialAction":[{"@type":"SearchAction","target":{"@type":"EntryPoint","urlTemplate":"https:\/\/www.tapasmagazine.es\/?s={search_term_string}"},"query-input":{"@type":"PropertyValueSpecification","valueRequired":true,"valueName":"search_term_string"}}],"inLanguage":"en-US"},{"@type":"Organization","@id":"https:\/\/www.tapasmagazine.es\/#organization","name":"Tapas Magazine","url":"https:\/\/www.tapasmagazine.es\/","logo":{"@type":"ImageObject","inLanguage":"en-US","@id":"https:\/\/www.tapasmagazine.es\/#\/schema\/logo\/image\/","url":"https:\/\/www.tapasmagazine.es\/wp-content\/uploads\/2018\/01\/logo.png","contentUrl":"https:\/\/www.tapasmagazine.es\/wp-content\/uploads\/2018\/01\/logo.png","width":180,"height":60,"caption":"Tapas Magazine"},"image":{"@id":"https:\/\/www.tapasmagazine.es\/#\/schema\/logo\/image\/"},"sameAs":["https:\/\/www.facebook.com\/tapasmagazine","https:\/\/x.com\/TapasMagazine","https:\/\/www.instagram.com\/tapasmagazine\/","https:\/\/www.linkedin.com\/company\/tapas-magazine","https:\/\/es.pinterest.com\/tapasmagazine\/","https:\/\/www.youtube.com\/channel\/UCEyxneAaACuR0lfDagrWjjg?sub_confirmation=1"]},{"@type":"Person","@id":"https:\/\/www.tapasmagazine.es\/#\/schema\/person\/906ea2ea4697837608d99f4cc085cea3","name":"TAPAS","url":"https:\/\/www.tapasmagazine.es\/en\/author\/tapas\/"}]}},"_links":{"self":[{"href":"https:\/\/www.tapasmagazine.es\/en\/wp-json\/wp\/v2\/posts\/225423","targetHints":{"allow":["GET"]}}],"collection":[{"href":"https:\/\/www.tapasmagazine.es\/en\/wp-json\/wp\/v2\/posts"}],"about":[{"href":"https:\/\/www.tapasmagazine.es\/en\/wp-json\/wp\/v2\/types\/post"}],"author":[{"embeddable":true,"href":"https:\/\/www.tapasmagazine.es\/en\/wp-json\/wp\/v2\/users\/249"}],"replies":[{"embeddable":true,"href":"https:\/\/www.tapasmagazine.es\/en\/wp-json\/wp\/v2\/comments?post=225423"}],"version-history":[{"count":3,"href":"https:\/\/www.tapasmagazine.es\/en\/wp-json\/wp\/v2\/posts\/225423\/revisions"}],"predecessor-version":[{"id":225443,"href":"https:\/\/www.tapasmagazine.es\/en\/wp-json\/wp\/v2\/posts\/225423\/revisions\/225443"}],"wp:featuredmedia":[{"embeddable":true,"href":"https:\/\/www.tapasmagazine.es\/en\/wp-json\/wp\/v2\/media\/225417"}],"wp:attachment":[{"href":"https:\/\/www.tapasmagazine.es\/en\/wp-json\/wp\/v2\/media?parent=225423"}],"wp:term":[{"taxonomy":"category","embeddable":true,"href":"https:\/\/www.tapasmagazine.es\/en\/wp-json\/wp\/v2\/categories?post=225423"},{"taxonomy":"post_tag","embeddable":true,"href":"https:\/\/www.tapasmagazine.es\/en\/wp-json\/wp\/v2\/tags?post=225423"}],"curies":[{"name":"wp","href":"https:\/\/api.w.org\/{rel}","templated":true}]}}