{"id":223808,"date":"2023-12-07T17:08:14","date_gmt":"2023-12-07T16:08:14","guid":{"rendered":"https:\/\/www.tapasmagazine.es\/millie-bobby-brown-celebra-una-pop-up-centrada-en-su-marca-de-cafe\/"},"modified":"2023-12-07T17:11:00","modified_gmt":"2023-12-07T16:11:00","slug":"millie-bobby-brown-celebrates-pop-up-dedicated-to-her-coffe-brand","status":"publish","type":"post","link":"https:\/\/www.tapasmagazine.es\/en\/millie-bobby-brown-celebrates-pop-up-dedicated-to-her-coffe-brand\/","title":{"rendered":"Millie Bobby Brown celebrates a pop up dedicated to her coffee brand"},"content":{"rendered":"\n<p><strong>Brown <\/strong>welcomed IRL fans through an ephemeral coffee experience in New York. &#8216;I wanted to venture into the world of coffee because of my love of coffee,&#8217; Brown explained in an exclusive preview of the pop-up. &#8216;I grew up working on a TV show and I didn&#8217;t know what to do to wake up. So I went with coffee and my love for it has grown over many, many years, and I thought what better way than to venture into something that feels really authentic to me.&#8217;<\/p>\n\n\n\n<figure class=\"wp-block-gallery has-nested-images columns-default is-cropped wp-block-gallery-1 is-layout-flex wp-block-gallery-is-layout-flex\">\n<figure class=\"wp-block-image size-large\"><a href=\"https:\/\/www.tapasmagazine.es\/wp-content\/uploads\/2023\/12\/millie-bobby-brown-coffe-pop-up-2.webp\"><img decoding=\"async\" width=\"683\" height=\"1024\" data-id=\"223789\" src=\"https:\/\/www.tapasmagazine.es\/wp-content\/uploads\/2023\/12\/millie-bobby-brown-coffe-pop-up-2-683x1024.webp\" alt=\"\" class=\"wp-image-223789\" srcset=\"https:\/\/www.tapasmagazine.es\/wp-content\/uploads\/2023\/12\/millie-bobby-brown-coffe-pop-up-2-683x1024.webp 683w, https:\/\/www.tapasmagazine.es\/wp-content\/uploads\/2023\/12\/millie-bobby-brown-coffe-pop-up-2-200x300.webp 200w, https:\/\/www.tapasmagazine.es\/wp-content\/uploads\/2023\/12\/millie-bobby-brown-coffe-pop-up-2-768x1151.webp 768w, https:\/\/www.tapasmagazine.es\/wp-content\/uploads\/2023\/12\/millie-bobby-brown-coffe-pop-up-2-1025x1536.webp 1025w, https:\/\/www.tapasmagazine.es\/wp-content\/uploads\/2023\/12\/millie-bobby-brown-coffe-pop-up-2-1000x1499.webp 1000w, https:\/\/www.tapasmagazine.es\/wp-content\/uploads\/2023\/12\/millie-bobby-brown-coffe-pop-up-2-400x600.webp 400w, https:\/\/www.tapasmagazine.es\/wp-content\/uploads\/2023\/12\/millie-bobby-brown-coffe-pop-up-2.webp 1334w\" sizes=\"(max-width: 683px) 100vw, 683px\" \/><\/a><\/figure>\n\n\n\n<figure class=\"wp-block-image size-large\"><a href=\"https:\/\/www.tapasmagazine.es\/wp-content\/uploads\/2023\/12\/millie-bobby-brown-coffe-pop-up-3.webp\"><img decoding=\"async\" width=\"576\" height=\"1024\" data-id=\"223787\" src=\"https:\/\/www.tapasmagazine.es\/wp-content\/uploads\/2023\/12\/millie-bobby-brown-coffe-pop-up-3-576x1024.webp\" alt=\"\" class=\"wp-image-223787\" srcset=\"https:\/\/www.tapasmagazine.es\/wp-content\/uploads\/2023\/12\/millie-bobby-brown-coffe-pop-up-3-576x1024.webp 576w, https:\/\/www.tapasmagazine.es\/wp-content\/uploads\/2023\/12\/millie-bobby-brown-coffe-pop-up-3-169x300.webp 169w, https:\/\/www.tapasmagazine.es\/wp-content\/uploads\/2023\/12\/millie-bobby-brown-coffe-pop-up-3-768x1365.webp 768w, https:\/\/www.tapasmagazine.es\/wp-content\/uploads\/2023\/12\/millie-bobby-brown-coffe-pop-up-3-864x1536.webp 864w, https:\/\/www.tapasmagazine.es\/wp-content\/uploads\/2023\/12\/millie-bobby-brown-coffe-pop-up-3-1000x1778.webp 1000w, https:\/\/www.tapasmagazine.es\/wp-content\/uploads\/2023\/12\/millie-bobby-brown-coffe-pop-up-3-400x711.webp 400w, https:\/\/www.tapasmagazine.es\/wp-content\/uploads\/2023\/12\/millie-bobby-brown-coffe-pop-up-3.webp 1125w\" sizes=\"(max-width: 576px) 100vw, 576px\" \/><\/a><\/figure>\n<\/figure>\n\n\n\n<p><strong>Florence by Mills Coffee <\/strong>becomes an extension of Millie&#8217;s personality and tastes, like an inner world that she dilutes in coffee concentrate, sachets and beans in two roasts: &#8216;Mindful Moments&#8217; and &#8216;Authentically Brew&#8217;. It also has several traditional flavoured syrups on display, such as caramel and vanilla, and other more exclusive ones, such as honeycomb (the actress&#8217;s favourite).<\/p>\n\n\n\n<p>The &#8216;Enola Holmes&#8217; star opened a space dedicated to her brand, with a tunnel of mirrors that her entire community passed through to a pink caf\u00e9 where expert baristas prepared mochas -made with her hot chocolate- and lattes.<\/p>\n\n\n\n<figure class=\"wp-block-gallery has-nested-images columns-default is-cropped wp-block-gallery-2 is-layout-flex wp-block-gallery-is-layout-flex\">\n<figure class=\"wp-block-image size-large\"><a href=\"https:\/\/www.tapasmagazine.es\/wp-content\/uploads\/2023\/12\/millie-bobby-brown-coffe-pop-up-4.webp\"><img decoding=\"async\" width=\"576\" height=\"1024\" data-id=\"223793\" src=\"https:\/\/www.tapasmagazine.es\/wp-content\/uploads\/2023\/12\/millie-bobby-brown-coffe-pop-up-4-576x1024.webp\" alt=\"\" class=\"wp-image-223793\" srcset=\"https:\/\/www.tapasmagazine.es\/wp-content\/uploads\/2023\/12\/millie-bobby-brown-coffe-pop-up-4-576x1024.webp 576w, https:\/\/www.tapasmagazine.es\/wp-content\/uploads\/2023\/12\/millie-bobby-brown-coffe-pop-up-4-169x300.webp 169w, https:\/\/www.tapasmagazine.es\/wp-content\/uploads\/2023\/12\/millie-bobby-brown-coffe-pop-up-4-768x1365.webp 768w, https:\/\/www.tapasmagazine.es\/wp-content\/uploads\/2023\/12\/millie-bobby-brown-coffe-pop-up-4-864x1536.webp 864w, https:\/\/www.tapasmagazine.es\/wp-content\/uploads\/2023\/12\/millie-bobby-brown-coffe-pop-up-4-1000x1778.webp 1000w, https:\/\/www.tapasmagazine.es\/wp-content\/uploads\/2023\/12\/millie-bobby-brown-coffe-pop-up-4-400x711.webp 400w, https:\/\/www.tapasmagazine.es\/wp-content\/uploads\/2023\/12\/millie-bobby-brown-coffe-pop-up-4.webp 1125w\" sizes=\"(max-width: 576px) 100vw, 576px\" \/><\/a><\/figure>\n\n\n\n<figure class=\"wp-block-image size-large\"><a href=\"https:\/\/www.tapasmagazine.es\/wp-content\/uploads\/2023\/12\/millie-bobby-brown-coffe-pop-up-5.webp\"><img decoding=\"async\" width=\"683\" height=\"1024\" data-id=\"223791\" src=\"https:\/\/www.tapasmagazine.es\/wp-content\/uploads\/2023\/12\/millie-bobby-brown-coffe-pop-up-5-683x1024.webp\" alt=\"\" class=\"wp-image-223791\" srcset=\"https:\/\/www.tapasmagazine.es\/wp-content\/uploads\/2023\/12\/millie-bobby-brown-coffe-pop-up-5-683x1024.webp 683w, https:\/\/www.tapasmagazine.es\/wp-content\/uploads\/2023\/12\/millie-bobby-brown-coffe-pop-up-5-200x300.webp 200w, https:\/\/www.tapasmagazine.es\/wp-content\/uploads\/2023\/12\/millie-bobby-brown-coffe-pop-up-5-768x1151.webp 768w, https:\/\/www.tapasmagazine.es\/wp-content\/uploads\/2023\/12\/millie-bobby-brown-coffe-pop-up-5-1025x1536.webp 1025w, https:\/\/www.tapasmagazine.es\/wp-content\/uploads\/2023\/12\/millie-bobby-brown-coffe-pop-up-5-1000x1499.webp 1000w, https:\/\/www.tapasmagazine.es\/wp-content\/uploads\/2023\/12\/millie-bobby-brown-coffe-pop-up-5-400x600.webp 400w, https:\/\/www.tapasmagazine.es\/wp-content\/uploads\/2023\/12\/millie-bobby-brown-coffe-pop-up-5.webp 1334w\" sizes=\"(max-width: 683px) 100vw, 683px\" \/><\/a><\/figure>\n<\/figure>\n\n\n\n<p>Beyond these activities, fans were able to spin a large &#8216;perk wheel&#8217; or try their luck at a tong machine to get their hands on some of the coffee products.<\/p>\n","protected":false},"excerpt":{"rendered":"<p>Brown welcomed IRL fans through an ephemeral coffee experience in New York. &#8216;I wanted to venture into the world of coffee because of my love of coffee,&#8217; Brown explained in an exclusive preview of the pop-up. &#8216;I grew up working on a TV show and I didn&#8217;t know what to do to wake up. So [&hellip;]<\/p>\n","protected":false},"author":285,"featured_media":223786,"comment_status":"open","ping_status":"closed","sticky":false,"template":"single-feature.php","format":"standard","meta":{"_acf_changed":false,"footnotes":""},"categories":[15802],"tags":[18492],"class_list":["post-223808","post","type-post","status-publish","format-standard","has-post-thumbnail","hentry","category-news","tag-millie-bobby-brown-en","cat-15802-id"],"acf":[],"yoast_head":"<!-- This site is optimized with the Yoast SEO plugin v27.4 - https:\/\/yoast.com\/product\/yoast-seo-wordpress\/ -->\n<title>Millie Bobby Brown celebrates a pop up dedicated to her coffee brand - Tapas<\/title>\n<meta name=\"description\" content=\"Brown welcomed IRL fans through an ephemeral coffee experience in New York. &#039;I wanted to venture into the world of coffee because of my love of coffee,&#039;\" \/>\n<meta name=\"robots\" content=\"index, follow, max-snippet:-1, max-image-preview:large, max-video-preview:-1\" \/>\n<link rel=\"canonical\" href=\"https:\/\/www.tapasmagazine.es\/en\/millie-bobby-brown-celebrates-pop-up-dedicated-to-her-coffe-brand\/\" \/>\n<meta property=\"og:locale\" content=\"en_US\" \/>\n<meta property=\"og:type\" content=\"article\" \/>\n<meta property=\"og:title\" content=\"Millie Bobby Brown celebrates a pop up dedicated to her coffee brand - Tapas\" \/>\n<meta property=\"og:description\" content=\"Brown welcomed IRL fans through an ephemeral coffee experience in New York. &#039;I wanted to venture into the world of coffee because of my love of coffee,&#039;\" \/>\n<meta property=\"og:url\" content=\"https:\/\/www.tapasmagazine.es\/en\/millie-bobby-brown-celebrates-pop-up-dedicated-to-her-coffe-brand\/\" \/>\n<meta property=\"og:site_name\" content=\"Tapas\" \/>\n<meta property=\"article:publisher\" content=\"https:\/\/www.facebook.com\/tapasmagazine\" \/>\n<meta property=\"article:published_time\" content=\"2023-12-07T16:08:14+00:00\" \/>\n<meta property=\"article:modified_time\" content=\"2023-12-07T16:11:00+00:00\" \/>\n<meta property=\"og:image\" content=\"https:\/\/www.tapasmagazine.es\/wp-content\/uploads\/2023\/12\/millie-bobby-brown-coffe-pop-up-1.jpg\" \/>\n\t<meta property=\"og:image:width\" content=\"1200\" \/>\n\t<meta property=\"og:image:height\" content=\"675\" \/>\n\t<meta property=\"og:image:type\" content=\"image\/jpeg\" \/>\n<meta name=\"author\" content=\"Laura P\u00e9rez\" \/>\n<meta name=\"twitter:card\" content=\"summary_large_image\" \/>\n<meta name=\"twitter:creator\" content=\"@TapasMagazine\" \/>\n<meta name=\"twitter:site\" content=\"@TapasMagazine\" \/>\n<meta name=\"twitter:label1\" content=\"Written by\" \/>\n\t<meta name=\"twitter:data1\" content=\"Laura P\u00e9rez\" \/>\n\t<meta name=\"twitter:label2\" content=\"Est. reading time\" \/>\n\t<meta name=\"twitter:data2\" content=\"2 minutes\" \/>\n<script type=\"application\/ld+json\" class=\"yoast-schema-graph\">{\"@context\":\"https:\\\/\\\/schema.org\",\"@graph\":[{\"@type\":\"Article\",\"@id\":\"https:\\\/\\\/www.tapasmagazine.es\\\/en\\\/millie-bobby-brown-celebrates-pop-up-dedicated-to-her-coffe-brand\\\/#article\",\"isPartOf\":{\"@id\":\"https:\\\/\\\/www.tapasmagazine.es\\\/en\\\/millie-bobby-brown-celebrates-pop-up-dedicated-to-her-coffe-brand\\\/\"},\"author\":{\"name\":\"Laura P\u00e9rez\",\"@id\":\"https:\\\/\\\/www.tapasmagazine.es\\\/#\\\/schema\\\/person\\\/eb46cbe76a9c8f062660eb609e3ecb4e\"},\"headline\":\"Millie Bobby Brown celebrates a pop up dedicated to her coffee brand\",\"datePublished\":\"2023-12-07T16:08:14+00:00\",\"dateModified\":\"2023-12-07T16:11:00+00:00\",\"mainEntityOfPage\":{\"@id\":\"https:\\\/\\\/www.tapasmagazine.es\\\/en\\\/millie-bobby-brown-celebrates-pop-up-dedicated-to-her-coffe-brand\\\/\"},\"wordCount\":228,\"commentCount\":0,\"publisher\":{\"@id\":\"https:\\\/\\\/www.tapasmagazine.es\\\/#organization\"},\"image\":{\"@id\":\"https:\\\/\\\/www.tapasmagazine.es\\\/en\\\/millie-bobby-brown-celebrates-pop-up-dedicated-to-her-coffe-brand\\\/#primaryimage\"},\"thumbnailUrl\":\"https:\\\/\\\/www.tapasmagazine.es\\\/wp-content\\\/uploads\\\/2023\\\/12\\\/millie-bobby-brown-coffe-pop-up-1.jpg\",\"keywords\":[\"Millie Bobby Brown\"],\"articleSection\":[\"News\"],\"inLanguage\":\"en-US\",\"potentialAction\":[{\"@type\":\"CommentAction\",\"name\":\"Comment\",\"target\":[\"https:\\\/\\\/www.tapasmagazine.es\\\/en\\\/millie-bobby-brown-celebrates-pop-up-dedicated-to-her-coffe-brand\\\/#respond\"]}]},{\"@type\":\"WebPage\",\"@id\":\"https:\\\/\\\/www.tapasmagazine.es\\\/en\\\/millie-bobby-brown-celebrates-pop-up-dedicated-to-her-coffe-brand\\\/\",\"url\":\"https:\\\/\\\/www.tapasmagazine.es\\\/en\\\/millie-bobby-brown-celebrates-pop-up-dedicated-to-her-coffe-brand\\\/\",\"name\":\"Millie Bobby Brown celebrates a pop up dedicated to her coffee brand - Tapas\",\"isPartOf\":{\"@id\":\"https:\\\/\\\/www.tapasmagazine.es\\\/#website\"},\"primaryImageOfPage\":{\"@id\":\"https:\\\/\\\/www.tapasmagazine.es\\\/en\\\/millie-bobby-brown-celebrates-pop-up-dedicated-to-her-coffe-brand\\\/#primaryimage\"},\"image\":{\"@id\":\"https:\\\/\\\/www.tapasmagazine.es\\\/en\\\/millie-bobby-brown-celebrates-pop-up-dedicated-to-her-coffe-brand\\\/#primaryimage\"},\"thumbnailUrl\":\"https:\\\/\\\/www.tapasmagazine.es\\\/wp-content\\\/uploads\\\/2023\\\/12\\\/millie-bobby-brown-coffe-pop-up-1.jpg\",\"datePublished\":\"2023-12-07T16:08:14+00:00\",\"dateModified\":\"2023-12-07T16:11:00+00:00\",\"description\":\"Brown welcomed IRL fans through an ephemeral coffee experience in New York. 'I wanted to venture into the world of coffee because of my love of coffee,'\",\"breadcrumb\":{\"@id\":\"https:\\\/\\\/www.tapasmagazine.es\\\/en\\\/millie-bobby-brown-celebrates-pop-up-dedicated-to-her-coffe-brand\\\/#breadcrumb\"},\"inLanguage\":\"en-US\",\"potentialAction\":[{\"@type\":\"ReadAction\",\"target\":[\"https:\\\/\\\/www.tapasmagazine.es\\\/en\\\/millie-bobby-brown-celebrates-pop-up-dedicated-to-her-coffe-brand\\\/\"]}]},{\"@type\":\"ImageObject\",\"inLanguage\":\"en-US\",\"@id\":\"https:\\\/\\\/www.tapasmagazine.es\\\/en\\\/millie-bobby-brown-celebrates-pop-up-dedicated-to-her-coffe-brand\\\/#primaryimage\",\"url\":\"https:\\\/\\\/www.tapasmagazine.es\\\/wp-content\\\/uploads\\\/2023\\\/12\\\/millie-bobby-brown-coffe-pop-up-1.jpg\",\"contentUrl\":\"https:\\\/\\\/www.tapasmagazine.es\\\/wp-content\\\/uploads\\\/2023\\\/12\\\/millie-bobby-brown-coffe-pop-up-1.jpg\",\"width\":1200,\"height\":675},{\"@type\":\"BreadcrumbList\",\"@id\":\"https:\\\/\\\/www.tapasmagazine.es\\\/en\\\/millie-bobby-brown-celebrates-pop-up-dedicated-to-her-coffe-brand\\\/#breadcrumb\",\"itemListElement\":[{\"@type\":\"ListItem\",\"position\":1,\"name\":\"Portada\",\"item\":\"https:\\\/\\\/www.tapasmagazine.es\\\/\"},{\"@type\":\"ListItem\",\"position\":2,\"name\":\"News\",\"item\":\"https:\\\/\\\/www.tapasmagazine.es\\\/en\\\/categorias\\\/news\\\/\"},{\"@type\":\"ListItem\",\"position\":3,\"name\":\"Millie Bobby Brown celebrates a pop up dedicated to her coffee brand\"}]},{\"@type\":\"WebSite\",\"@id\":\"https:\\\/\\\/www.tapasmagazine.es\\\/#website\",\"url\":\"https:\\\/\\\/www.tapasmagazine.es\\\/\",\"name\":\"Tapas\",\"description\":\"\u00d1am \u00d1am Lifestyle. La vida a bocados. Premio Nacional de Gastronom\u00eda 2016.\",\"publisher\":{\"@id\":\"https:\\\/\\\/www.tapasmagazine.es\\\/#organization\"},\"potentialAction\":[{\"@type\":\"SearchAction\",\"target\":{\"@type\":\"EntryPoint\",\"urlTemplate\":\"https:\\\/\\\/www.tapasmagazine.es\\\/?s={search_term_string}\"},\"query-input\":{\"@type\":\"PropertyValueSpecification\",\"valueRequired\":true,\"valueName\":\"search_term_string\"}}],\"inLanguage\":\"en-US\"},{\"@type\":\"Organization\",\"@id\":\"https:\\\/\\\/www.tapasmagazine.es\\\/#organization\",\"name\":\"Tapas Magazine\",\"url\":\"https:\\\/\\\/www.tapasmagazine.es\\\/\",\"logo\":{\"@type\":\"ImageObject\",\"inLanguage\":\"en-US\",\"@id\":\"https:\\\/\\\/www.tapasmagazine.es\\\/#\\\/schema\\\/logo\\\/image\\\/\",\"url\":\"https:\\\/\\\/www.tapasmagazine.es\\\/wp-content\\\/uploads\\\/2018\\\/01\\\/logo.png\",\"contentUrl\":\"https:\\\/\\\/www.tapasmagazine.es\\\/wp-content\\\/uploads\\\/2018\\\/01\\\/logo.png\",\"width\":180,\"height\":60,\"caption\":\"Tapas Magazine\"},\"image\":{\"@id\":\"https:\\\/\\\/www.tapasmagazine.es\\\/#\\\/schema\\\/logo\\\/image\\\/\"},\"sameAs\":[\"https:\\\/\\\/www.facebook.com\\\/tapasmagazine\",\"https:\\\/\\\/x.com\\\/TapasMagazine\",\"https:\\\/\\\/www.instagram.com\\\/tapasmagazine\\\/\",\"https:\\\/\\\/www.linkedin.com\\\/company\\\/tapas-magazine\",\"https:\\\/\\\/es.pinterest.com\\\/tapasmagazine\\\/\",\"https:\\\/\\\/www.youtube.com\\\/channel\\\/UCEyxneAaACuR0lfDagrWjjg?sub_confirmation=1\"]},{\"@type\":\"Person\",\"@id\":\"https:\\\/\\\/www.tapasmagazine.es\\\/#\\\/schema\\\/person\\\/eb46cbe76a9c8f062660eb609e3ecb4e\",\"name\":\"Laura P\u00e9rez\",\"url\":\"https:\\\/\\\/www.tapasmagazine.es\\\/en\\\/author\\\/laura-perez\\\/\"}]}<\/script>\n<!-- \/ Yoast SEO plugin. -->","yoast_head_json":{"title":"Millie Bobby Brown celebrates a pop up dedicated to her coffee brand - Tapas","description":"Brown welcomed IRL fans through an ephemeral coffee experience in New York. 'I wanted to venture into the world of coffee because of my love of coffee,'","robots":{"index":"index","follow":"follow","max-snippet":"max-snippet:-1","max-image-preview":"max-image-preview:large","max-video-preview":"max-video-preview:-1"},"canonical":"https:\/\/www.tapasmagazine.es\/en\/millie-bobby-brown-celebrates-pop-up-dedicated-to-her-coffe-brand\/","og_locale":"en_US","og_type":"article","og_title":"Millie Bobby Brown celebrates a pop up dedicated to her coffee brand - Tapas","og_description":"Brown welcomed IRL fans through an ephemeral coffee experience in New York. 'I wanted to venture into the world of coffee because of my love of coffee,'","og_url":"https:\/\/www.tapasmagazine.es\/en\/millie-bobby-brown-celebrates-pop-up-dedicated-to-her-coffe-brand\/","og_site_name":"Tapas","article_publisher":"https:\/\/www.facebook.com\/tapasmagazine","article_published_time":"2023-12-07T16:08:14+00:00","article_modified_time":"2023-12-07T16:11:00+00:00","og_image":[{"width":1200,"height":675,"url":"https:\/\/www.tapasmagazine.es\/wp-content\/uploads\/2023\/12\/millie-bobby-brown-coffe-pop-up-1.jpg","type":"image\/jpeg"}],"author":"Laura P\u00e9rez","twitter_card":"summary_large_image","twitter_creator":"@TapasMagazine","twitter_site":"@TapasMagazine","twitter_misc":{"Written by":"Laura P\u00e9rez","Est. reading time":"2 minutes"},"schema":{"@context":"https:\/\/schema.org","@graph":[{"@type":"Article","@id":"https:\/\/www.tapasmagazine.es\/en\/millie-bobby-brown-celebrates-pop-up-dedicated-to-her-coffe-brand\/#article","isPartOf":{"@id":"https:\/\/www.tapasmagazine.es\/en\/millie-bobby-brown-celebrates-pop-up-dedicated-to-her-coffe-brand\/"},"author":{"name":"Laura P\u00e9rez","@id":"https:\/\/www.tapasmagazine.es\/#\/schema\/person\/eb46cbe76a9c8f062660eb609e3ecb4e"},"headline":"Millie Bobby Brown celebrates a pop up dedicated to her coffee brand","datePublished":"2023-12-07T16:08:14+00:00","dateModified":"2023-12-07T16:11:00+00:00","mainEntityOfPage":{"@id":"https:\/\/www.tapasmagazine.es\/en\/millie-bobby-brown-celebrates-pop-up-dedicated-to-her-coffe-brand\/"},"wordCount":228,"commentCount":0,"publisher":{"@id":"https:\/\/www.tapasmagazine.es\/#organization"},"image":{"@id":"https:\/\/www.tapasmagazine.es\/en\/millie-bobby-brown-celebrates-pop-up-dedicated-to-her-coffe-brand\/#primaryimage"},"thumbnailUrl":"https:\/\/www.tapasmagazine.es\/wp-content\/uploads\/2023\/12\/millie-bobby-brown-coffe-pop-up-1.jpg","keywords":["Millie Bobby Brown"],"articleSection":["News"],"inLanguage":"en-US","potentialAction":[{"@type":"CommentAction","name":"Comment","target":["https:\/\/www.tapasmagazine.es\/en\/millie-bobby-brown-celebrates-pop-up-dedicated-to-her-coffe-brand\/#respond"]}]},{"@type":"WebPage","@id":"https:\/\/www.tapasmagazine.es\/en\/millie-bobby-brown-celebrates-pop-up-dedicated-to-her-coffe-brand\/","url":"https:\/\/www.tapasmagazine.es\/en\/millie-bobby-brown-celebrates-pop-up-dedicated-to-her-coffe-brand\/","name":"Millie Bobby Brown celebrates a pop up dedicated to her coffee brand - Tapas","isPartOf":{"@id":"https:\/\/www.tapasmagazine.es\/#website"},"primaryImageOfPage":{"@id":"https:\/\/www.tapasmagazine.es\/en\/millie-bobby-brown-celebrates-pop-up-dedicated-to-her-coffe-brand\/#primaryimage"},"image":{"@id":"https:\/\/www.tapasmagazine.es\/en\/millie-bobby-brown-celebrates-pop-up-dedicated-to-her-coffe-brand\/#primaryimage"},"thumbnailUrl":"https:\/\/www.tapasmagazine.es\/wp-content\/uploads\/2023\/12\/millie-bobby-brown-coffe-pop-up-1.jpg","datePublished":"2023-12-07T16:08:14+00:00","dateModified":"2023-12-07T16:11:00+00:00","description":"Brown welcomed IRL fans through an ephemeral coffee experience in New York. 'I wanted to venture into the world of coffee because of my love of coffee,'","breadcrumb":{"@id":"https:\/\/www.tapasmagazine.es\/en\/millie-bobby-brown-celebrates-pop-up-dedicated-to-her-coffe-brand\/#breadcrumb"},"inLanguage":"en-US","potentialAction":[{"@type":"ReadAction","target":["https:\/\/www.tapasmagazine.es\/en\/millie-bobby-brown-celebrates-pop-up-dedicated-to-her-coffe-brand\/"]}]},{"@type":"ImageObject","inLanguage":"en-US","@id":"https:\/\/www.tapasmagazine.es\/en\/millie-bobby-brown-celebrates-pop-up-dedicated-to-her-coffe-brand\/#primaryimage","url":"https:\/\/www.tapasmagazine.es\/wp-content\/uploads\/2023\/12\/millie-bobby-brown-coffe-pop-up-1.jpg","contentUrl":"https:\/\/www.tapasmagazine.es\/wp-content\/uploads\/2023\/12\/millie-bobby-brown-coffe-pop-up-1.jpg","width":1200,"height":675},{"@type":"BreadcrumbList","@id":"https:\/\/www.tapasmagazine.es\/en\/millie-bobby-brown-celebrates-pop-up-dedicated-to-her-coffe-brand\/#breadcrumb","itemListElement":[{"@type":"ListItem","position":1,"name":"Portada","item":"https:\/\/www.tapasmagazine.es\/"},{"@type":"ListItem","position":2,"name":"News","item":"https:\/\/www.tapasmagazine.es\/en\/categorias\/news\/"},{"@type":"ListItem","position":3,"name":"Millie Bobby Brown celebrates a pop up dedicated to her coffee brand"}]},{"@type":"WebSite","@id":"https:\/\/www.tapasmagazine.es\/#website","url":"https:\/\/www.tapasmagazine.es\/","name":"Tapas","description":"\u00d1am \u00d1am Lifestyle. La vida a bocados. Premio Nacional de Gastronom\u00eda 2016.","publisher":{"@id":"https:\/\/www.tapasmagazine.es\/#organization"},"potentialAction":[{"@type":"SearchAction","target":{"@type":"EntryPoint","urlTemplate":"https:\/\/www.tapasmagazine.es\/?s={search_term_string}"},"query-input":{"@type":"PropertyValueSpecification","valueRequired":true,"valueName":"search_term_string"}}],"inLanguage":"en-US"},{"@type":"Organization","@id":"https:\/\/www.tapasmagazine.es\/#organization","name":"Tapas Magazine","url":"https:\/\/www.tapasmagazine.es\/","logo":{"@type":"ImageObject","inLanguage":"en-US","@id":"https:\/\/www.tapasmagazine.es\/#\/schema\/logo\/image\/","url":"https:\/\/www.tapasmagazine.es\/wp-content\/uploads\/2018\/01\/logo.png","contentUrl":"https:\/\/www.tapasmagazine.es\/wp-content\/uploads\/2018\/01\/logo.png","width":180,"height":60,"caption":"Tapas Magazine"},"image":{"@id":"https:\/\/www.tapasmagazine.es\/#\/schema\/logo\/image\/"},"sameAs":["https:\/\/www.facebook.com\/tapasmagazine","https:\/\/x.com\/TapasMagazine","https:\/\/www.instagram.com\/tapasmagazine\/","https:\/\/www.linkedin.com\/company\/tapas-magazine","https:\/\/es.pinterest.com\/tapasmagazine\/","https:\/\/www.youtube.com\/channel\/UCEyxneAaACuR0lfDagrWjjg?sub_confirmation=1"]},{"@type":"Person","@id":"https:\/\/www.tapasmagazine.es\/#\/schema\/person\/eb46cbe76a9c8f062660eb609e3ecb4e","name":"Laura P\u00e9rez","url":"https:\/\/www.tapasmagazine.es\/en\/author\/laura-perez\/"}]}},"_links":{"self":[{"href":"https:\/\/www.tapasmagazine.es\/en\/wp-json\/wp\/v2\/posts\/223808","targetHints":{"allow":["GET"]}}],"collection":[{"href":"https:\/\/www.tapasmagazine.es\/en\/wp-json\/wp\/v2\/posts"}],"about":[{"href":"https:\/\/www.tapasmagazine.es\/en\/wp-json\/wp\/v2\/types\/post"}],"author":[{"embeddable":true,"href":"https:\/\/www.tapasmagazine.es\/en\/wp-json\/wp\/v2\/users\/285"}],"replies":[{"embeddable":true,"href":"https:\/\/www.tapasmagazine.es\/en\/wp-json\/wp\/v2\/comments?post=223808"}],"version-history":[{"count":4,"href":"https:\/\/www.tapasmagazine.es\/en\/wp-json\/wp\/v2\/posts\/223808\/revisions"}],"predecessor-version":[{"id":223814,"href":"https:\/\/www.tapasmagazine.es\/en\/wp-json\/wp\/v2\/posts\/223808\/revisions\/223814"}],"wp:featuredmedia":[{"embeddable":true,"href":"https:\/\/www.tapasmagazine.es\/en\/wp-json\/wp\/v2\/media\/223786"}],"wp:attachment":[{"href":"https:\/\/www.tapasmagazine.es\/en\/wp-json\/wp\/v2\/media?parent=223808"}],"wp:term":[{"taxonomy":"category","embeddable":true,"href":"https:\/\/www.tapasmagazine.es\/en\/wp-json\/wp\/v2\/categories?post=223808"},{"taxonomy":"post_tag","embeddable":true,"href":"https:\/\/www.tapasmagazine.es\/en\/wp-json\/wp\/v2\/tags?post=223808"}],"curies":[{"name":"wp","href":"https:\/\/api.w.org\/{rel}","templated":true}]}}