{"id":223016,"date":"2023-12-04T12:32:39","date_gmt":"2023-12-04T11:32:39","guid":{"rendered":"https:\/\/www.tapasmagazine.es\/grind-colabora-con-la-artista-shantell-martin-para-lanzar-una-capsula-creativa-en-torno-al-cafe\/"},"modified":"2023-12-04T12:36:40","modified_gmt":"2023-12-04T11:36:40","slug":"grind-collab-artist-shantell-martin-launch-creative-coffee-capsule","status":"publish","type":"post","link":"https:\/\/www.tapasmagazine.es\/en\/grind-collab-artist-shantell-martin-launch-creative-coffee-capsule\/","title":{"rendered":"Grind collaborates with artist Shantell Martin to launch a creative coffee capsule"},"content":{"rendered":"\n<p><strong>Click <a href=\"https:\/\/www.tapasmagazine.es\/grind-colabora-con-la-artista-shantell-martin-para-lanzar-una-capsula-creativa-en-torno-al-cafe\/\" target=\"_blank\" rel=\"noreferrer noopener\">here<\/a> to read the Spanish version.<\/strong><\/p>\n\n\n\n<p>Coffee now stimulates the creation of this collection of objects for which <strong>Shantell Martin <\/strong>has created the visual identity. The powerful coffee legacy of London-based brand <strong>Grind<\/strong>, with a decade-long history in the preparation of the beverage, thus joins that of the creative known for her stream-of-consciousness drawings and light projections.<\/p>\n\n\n\n<p>Her illustrations now wrap around a range of items that includes a reusable glass coffee mug, a trio of notebooks made from recycled coffee cups and a special edition coffee tin to &#8216;add a little extra joy to people&#8217;s morning rituals&#8217;, says Shantell.<\/p>\n\n\n\n<div class=\"wp-block-jetpack-slideshow aligncenter\" data-effect=\"slide\"><div class=\"wp-block-jetpack-slideshow_container swiper-container\"><ul class=\"wp-block-jetpack-slideshow_swiper-wrapper swiper-wrapper\"><li class=\"wp-block-jetpack-slideshow_slide swiper-slide\"><figure><img decoding=\"async\" width=\"1024\" height=\"682\" alt=\"\" class=\"wp-block-jetpack-slideshow_image wp-image-223004\" data-id=\"223004\" src=\"https:\/\/www.tapasmagazine.es\/wp-content\/uploads\/2023\/12\/grind-x-shantell-martin-1-1024x682.jpg\" srcset=\"https:\/\/www.tapasmagazine.es\/wp-content\/uploads\/2023\/12\/grind-x-shantell-martin-1-1024x682.jpg 1024w, https:\/\/www.tapasmagazine.es\/wp-content\/uploads\/2023\/12\/grind-x-shantell-martin-1-300x200.jpg 300w, https:\/\/www.tapasmagazine.es\/wp-content\/uploads\/2023\/12\/grind-x-shantell-martin-1-768x512.jpg 768w, https:\/\/www.tapasmagazine.es\/wp-content\/uploads\/2023\/12\/grind-x-shantell-martin-1-1000x666.jpg 1000w, https:\/\/www.tapasmagazine.es\/wp-content\/uploads\/2023\/12\/grind-x-shantell-martin-1-400x267.jpg 400w, https:\/\/www.tapasmagazine.es\/wp-content\/uploads\/2023\/12\/grind-x-shantell-martin-1.jpg 1280w\" sizes=\"(max-width: 1024px) 100vw, 1024px\" \/><\/figure><\/li><li class=\"wp-block-jetpack-slideshow_slide swiper-slide\"><figure><img decoding=\"async\" width=\"1024\" height=\"682\" alt=\"\" class=\"wp-block-jetpack-slideshow_image wp-image-223007\" data-id=\"223007\" src=\"https:\/\/www.tapasmagazine.es\/wp-content\/uploads\/2023\/12\/grind-x-shantell-martin-3-1024x682.jpg\" srcset=\"https:\/\/www.tapasmagazine.es\/wp-content\/uploads\/2023\/12\/grind-x-shantell-martin-3-1024x682.jpg 1024w, https:\/\/www.tapasmagazine.es\/wp-content\/uploads\/2023\/12\/grind-x-shantell-martin-3-300x200.jpg 300w, https:\/\/www.tapasmagazine.es\/wp-content\/uploads\/2023\/12\/grind-x-shantell-martin-3-768x512.jpg 768w, https:\/\/www.tapasmagazine.es\/wp-content\/uploads\/2023\/12\/grind-x-shantell-martin-3-1000x666.jpg 1000w, https:\/\/www.tapasmagazine.es\/wp-content\/uploads\/2023\/12\/grind-x-shantell-martin-3-400x267.jpg 400w, https:\/\/www.tapasmagazine.es\/wp-content\/uploads\/2023\/12\/grind-x-shantell-martin-3.jpg 1280w\" sizes=\"(max-width: 1024px) 100vw, 1024px\" \/><\/figure><\/li><li class=\"wp-block-jetpack-slideshow_slide swiper-slide\"><figure><img decoding=\"async\" width=\"1024\" height=\"682\" alt=\"\" class=\"wp-block-jetpack-slideshow_image wp-image-223001\" data-id=\"223001\" src=\"https:\/\/www.tapasmagazine.es\/wp-content\/uploads\/2023\/12\/grind-x-shantell-martin-4-1024x682.jpg\" srcset=\"https:\/\/www.tapasmagazine.es\/wp-content\/uploads\/2023\/12\/grind-x-shantell-martin-4-1024x682.jpg 1024w, https:\/\/www.tapasmagazine.es\/wp-content\/uploads\/2023\/12\/grind-x-shantell-martin-4-300x200.jpg 300w, https:\/\/www.tapasmagazine.es\/wp-content\/uploads\/2023\/12\/grind-x-shantell-martin-4-768x512.jpg 768w, https:\/\/www.tapasmagazine.es\/wp-content\/uploads\/2023\/12\/grind-x-shantell-martin-4-1000x666.jpg 1000w, https:\/\/www.tapasmagazine.es\/wp-content\/uploads\/2023\/12\/grind-x-shantell-martin-4-400x267.jpg 400w, https:\/\/www.tapasmagazine.es\/wp-content\/uploads\/2023\/12\/grind-x-shantell-martin-4.jpg 1280w\" sizes=\"(max-width: 1024px) 100vw, 1024px\" \/><\/figure><\/li><li class=\"wp-block-jetpack-slideshow_slide swiper-slide\"><figure><img decoding=\"async\" width=\"1024\" height=\"682\" alt=\"\" class=\"wp-block-jetpack-slideshow_image wp-image-223003\" data-id=\"223003\" src=\"https:\/\/www.tapasmagazine.es\/wp-content\/uploads\/2023\/12\/grind-x-shantell-martin-5-1024x682.jpg\" srcset=\"https:\/\/www.tapasmagazine.es\/wp-content\/uploads\/2023\/12\/grind-x-shantell-martin-5-1024x682.jpg 1024w, https:\/\/www.tapasmagazine.es\/wp-content\/uploads\/2023\/12\/grind-x-shantell-martin-5-300x200.jpg 300w, https:\/\/www.tapasmagazine.es\/wp-content\/uploads\/2023\/12\/grind-x-shantell-martin-5-768x512.jpg 768w, https:\/\/www.tapasmagazine.es\/wp-content\/uploads\/2023\/12\/grind-x-shantell-martin-5-1000x666.jpg 1000w, https:\/\/www.tapasmagazine.es\/wp-content\/uploads\/2023\/12\/grind-x-shantell-martin-5-400x267.jpg 400w, https:\/\/www.tapasmagazine.es\/wp-content\/uploads\/2023\/12\/grind-x-shantell-martin-5.jpg 1280w\" sizes=\"(max-width: 1024px) 100vw, 1024px\" \/><\/figure><\/li><\/ul><a class=\"wp-block-jetpack-slideshow_button-prev swiper-button-prev swiper-button-white\" role=\"button\"><\/a><a class=\"wp-block-jetpack-slideshow_button-next swiper-button-next swiper-button-white\" role=\"button\"><\/a><a aria-label=\"Pause Slideshow\" class=\"wp-block-jetpack-slideshow_button-pause\" role=\"button\"><\/a><div class=\"wp-block-jetpack-slideshow_pagination swiper-pagination swiper-pagination-white\"><\/div><\/div><\/div>\n\n\n\n<p>&#8216;Our collaboration with Shantell Martin celebrates creativity and identity, and the search for inspiration and meaning in the world around us,&#8217; says David Abrahamovitch, founder and CEO of Grind. &#8216;Like Grind, Shantell was born in East London and his work reflects the rich cultural diversity of our city. Shantell&#8217;s practice is bold and inspiring, and we are proud to partner with such an influential contemporary artist.&#8217;<\/p>\n\n\n\n<p>The <strong>Grind x Shantell Martin <\/strong>collaboration is now available separately and in gift packs through the <a href=\"https:\/\/grind.co.uk\/collections\/shantell-martin\" target=\"_blank\" rel=\"noreferrer noopener\">London-based brand<\/a>.<\/p>\n","protected":false},"excerpt":{"rendered":"<p>Click here to read the Spanish version. Coffee now stimulates the creation of this collection of objects for which Shantell Martin has created the visual identity. The powerful coffee legacy of London-based brand Grind, with a decade-long history in the preparation of the beverage, thus joins that of the creative known for her stream-of-consciousness drawings [&hellip;]<\/p>\n","protected":false},"author":285,"featured_media":223000,"comment_status":"open","ping_status":"closed","sticky":false,"template":"single-feature.php","format":"standard","meta":{"_acf_changed":false,"footnotes":""},"categories":[15802],"tags":[16537],"class_list":["post-223016","post","type-post","status-publish","format-standard","has-post-thumbnail","hentry","category-news","tag-cafe-en","cat-15802-id"],"acf":[],"yoast_head":"<!-- This site is optimized with the Yoast SEO plugin v27.5 - https:\/\/yoast.com\/product\/yoast-seo-wordpress\/ -->\n<title>Grind collaborates with artist Shantell Martin to launch a creative coffee capsule - Tapas<\/title>\n<meta name=\"description\" content=\"Click here to read the Spanish version. Coffee now stimulates the creation of this collection of objects for which Shantell Martin has created the visual\" \/>\n<meta name=\"robots\" content=\"index, follow, max-snippet:-1, max-image-preview:large, max-video-preview:-1\" \/>\n<link rel=\"canonical\" href=\"https:\/\/www.tapasmagazine.es\/en\/grind-collab-artist-shantell-martin-launch-creative-coffee-capsule\/\" \/>\n<meta property=\"og:locale\" content=\"en_US\" \/>\n<meta property=\"og:type\" content=\"article\" \/>\n<meta property=\"og:title\" content=\"Grind collaborates with artist Shantell Martin to launch a creative coffee capsule - Tapas\" \/>\n<meta property=\"og:description\" content=\"Click here to read the Spanish version. Coffee now stimulates the creation of this collection of objects for which Shantell Martin has created the visual\" \/>\n<meta property=\"og:url\" content=\"https:\/\/www.tapasmagazine.es\/en\/grind-collab-artist-shantell-martin-launch-creative-coffee-capsule\/\" \/>\n<meta property=\"og:site_name\" content=\"Tapas\" \/>\n<meta property=\"article:publisher\" content=\"https:\/\/www.facebook.com\/tapasmagazine\" \/>\n<meta property=\"article:published_time\" content=\"2023-12-04T11:32:39+00:00\" \/>\n<meta property=\"article:modified_time\" content=\"2023-12-04T11:36:40+00:00\" \/>\n<meta property=\"og:image\" content=\"https:\/\/www.tapasmagazine.es\/wp-content\/uploads\/2023\/12\/grind-x-shantell-martin-2.jpg\" \/>\n\t<meta property=\"og:image:width\" content=\"1200\" \/>\n\t<meta property=\"og:image:height\" content=\"675\" \/>\n\t<meta property=\"og:image:type\" content=\"image\/jpeg\" \/>\n<meta name=\"author\" content=\"Laura P\u00e9rez\" \/>\n<meta name=\"twitter:card\" content=\"summary_large_image\" \/>\n<meta name=\"twitter:creator\" content=\"@TapasMagazine\" \/>\n<meta name=\"twitter:site\" content=\"@TapasMagazine\" \/>\n<meta name=\"twitter:label1\" content=\"Written by\" \/>\n\t<meta name=\"twitter:data1\" content=\"Laura P\u00e9rez\" \/>\n\t<meta name=\"twitter:label2\" content=\"Est. reading time\" \/>\n\t<meta name=\"twitter:data2\" content=\"2 minutes\" \/>\n<script type=\"application\/ld+json\" class=\"yoast-schema-graph\">{\"@context\":\"https:\\\/\\\/schema.org\",\"@graph\":[{\"@type\":\"Article\",\"@id\":\"https:\\\/\\\/www.tapasmagazine.es\\\/en\\\/grind-collab-artist-shantell-martin-launch-creative-coffee-capsule\\\/#article\",\"isPartOf\":{\"@id\":\"https:\\\/\\\/www.tapasmagazine.es\\\/en\\\/grind-collab-artist-shantell-martin-launch-creative-coffee-capsule\\\/\"},\"author\":{\"name\":\"Laura P\u00e9rez\",\"@id\":\"https:\\\/\\\/www.tapasmagazine.es\\\/#\\\/schema\\\/person\\\/eb46cbe76a9c8f062660eb609e3ecb4e\"},\"headline\":\"Grind collaborates with artist Shantell Martin to launch a creative coffee capsule\",\"datePublished\":\"2023-12-04T11:32:39+00:00\",\"dateModified\":\"2023-12-04T11:36:40+00:00\",\"mainEntityOfPage\":{\"@id\":\"https:\\\/\\\/www.tapasmagazine.es\\\/en\\\/grind-collab-artist-shantell-martin-launch-creative-coffee-capsule\\\/\"},\"wordCount\":199,\"commentCount\":0,\"publisher\":{\"@id\":\"https:\\\/\\\/www.tapasmagazine.es\\\/#organization\"},\"image\":{\"@id\":\"https:\\\/\\\/www.tapasmagazine.es\\\/en\\\/grind-collab-artist-shantell-martin-launch-creative-coffee-capsule\\\/#primaryimage\"},\"thumbnailUrl\":\"https:\\\/\\\/www.tapasmagazine.es\\\/wp-content\\\/uploads\\\/2023\\\/12\\\/grind-x-shantell-martin-2.jpg\",\"keywords\":[\"caf\u00e9\"],\"articleSection\":[\"News\"],\"inLanguage\":\"en-US\",\"potentialAction\":[{\"@type\":\"CommentAction\",\"name\":\"Comment\",\"target\":[\"https:\\\/\\\/www.tapasmagazine.es\\\/en\\\/grind-collab-artist-shantell-martin-launch-creative-coffee-capsule\\\/#respond\"]}]},{\"@type\":\"WebPage\",\"@id\":\"https:\\\/\\\/www.tapasmagazine.es\\\/en\\\/grind-collab-artist-shantell-martin-launch-creative-coffee-capsule\\\/\",\"url\":\"https:\\\/\\\/www.tapasmagazine.es\\\/en\\\/grind-collab-artist-shantell-martin-launch-creative-coffee-capsule\\\/\",\"name\":\"Grind collaborates with artist Shantell Martin to launch a creative coffee capsule - Tapas\",\"isPartOf\":{\"@id\":\"https:\\\/\\\/www.tapasmagazine.es\\\/#website\"},\"primaryImageOfPage\":{\"@id\":\"https:\\\/\\\/www.tapasmagazine.es\\\/en\\\/grind-collab-artist-shantell-martin-launch-creative-coffee-capsule\\\/#primaryimage\"},\"image\":{\"@id\":\"https:\\\/\\\/www.tapasmagazine.es\\\/en\\\/grind-collab-artist-shantell-martin-launch-creative-coffee-capsule\\\/#primaryimage\"},\"thumbnailUrl\":\"https:\\\/\\\/www.tapasmagazine.es\\\/wp-content\\\/uploads\\\/2023\\\/12\\\/grind-x-shantell-martin-2.jpg\",\"datePublished\":\"2023-12-04T11:32:39+00:00\",\"dateModified\":\"2023-12-04T11:36:40+00:00\",\"description\":\"Click here to read the Spanish version. Coffee now stimulates the creation of this collection of objects for which Shantell Martin has created the visual\",\"breadcrumb\":{\"@id\":\"https:\\\/\\\/www.tapasmagazine.es\\\/en\\\/grind-collab-artist-shantell-martin-launch-creative-coffee-capsule\\\/#breadcrumb\"},\"inLanguage\":\"en-US\",\"potentialAction\":[{\"@type\":\"ReadAction\",\"target\":[\"https:\\\/\\\/www.tapasmagazine.es\\\/en\\\/grind-collab-artist-shantell-martin-launch-creative-coffee-capsule\\\/\"]}]},{\"@type\":\"ImageObject\",\"inLanguage\":\"en-US\",\"@id\":\"https:\\\/\\\/www.tapasmagazine.es\\\/en\\\/grind-collab-artist-shantell-martin-launch-creative-coffee-capsule\\\/#primaryimage\",\"url\":\"https:\\\/\\\/www.tapasmagazine.es\\\/wp-content\\\/uploads\\\/2023\\\/12\\\/grind-x-shantell-martin-2.jpg\",\"contentUrl\":\"https:\\\/\\\/www.tapasmagazine.es\\\/wp-content\\\/uploads\\\/2023\\\/12\\\/grind-x-shantell-martin-2.jpg\",\"width\":1200,\"height\":675},{\"@type\":\"BreadcrumbList\",\"@id\":\"https:\\\/\\\/www.tapasmagazine.es\\\/en\\\/grind-collab-artist-shantell-martin-launch-creative-coffee-capsule\\\/#breadcrumb\",\"itemListElement\":[{\"@type\":\"ListItem\",\"position\":1,\"name\":\"Portada\",\"item\":\"https:\\\/\\\/www.tapasmagazine.es\\\/\"},{\"@type\":\"ListItem\",\"position\":2,\"name\":\"News\",\"item\":\"https:\\\/\\\/www.tapasmagazine.es\\\/en\\\/categorias\\\/news\\\/\"},{\"@type\":\"ListItem\",\"position\":3,\"name\":\"Grind collaborates with artist Shantell Martin to launch a creative coffee capsule\"}]},{\"@type\":\"WebSite\",\"@id\":\"https:\\\/\\\/www.tapasmagazine.es\\\/#website\",\"url\":\"https:\\\/\\\/www.tapasmagazine.es\\\/\",\"name\":\"Tapas\",\"description\":\"\u00d1am \u00d1am Lifestyle. La vida a bocados. Premio Nacional de Gastronom\u00eda 2016.\",\"publisher\":{\"@id\":\"https:\\\/\\\/www.tapasmagazine.es\\\/#organization\"},\"potentialAction\":[{\"@type\":\"SearchAction\",\"target\":{\"@type\":\"EntryPoint\",\"urlTemplate\":\"https:\\\/\\\/www.tapasmagazine.es\\\/?s={search_term_string}\"},\"query-input\":{\"@type\":\"PropertyValueSpecification\",\"valueRequired\":true,\"valueName\":\"search_term_string\"}}],\"inLanguage\":\"en-US\"},{\"@type\":\"Organization\",\"@id\":\"https:\\\/\\\/www.tapasmagazine.es\\\/#organization\",\"name\":\"Tapas Magazine\",\"url\":\"https:\\\/\\\/www.tapasmagazine.es\\\/\",\"logo\":{\"@type\":\"ImageObject\",\"inLanguage\":\"en-US\",\"@id\":\"https:\\\/\\\/www.tapasmagazine.es\\\/#\\\/schema\\\/logo\\\/image\\\/\",\"url\":\"https:\\\/\\\/www.tapasmagazine.es\\\/wp-content\\\/uploads\\\/2018\\\/01\\\/logo.png\",\"contentUrl\":\"https:\\\/\\\/www.tapasmagazine.es\\\/wp-content\\\/uploads\\\/2018\\\/01\\\/logo.png\",\"width\":180,\"height\":60,\"caption\":\"Tapas Magazine\"},\"image\":{\"@id\":\"https:\\\/\\\/www.tapasmagazine.es\\\/#\\\/schema\\\/logo\\\/image\\\/\"},\"sameAs\":[\"https:\\\/\\\/www.facebook.com\\\/tapasmagazine\",\"https:\\\/\\\/x.com\\\/TapasMagazine\",\"https:\\\/\\\/www.instagram.com\\\/tapasmagazine\\\/\",\"https:\\\/\\\/www.linkedin.com\\\/company\\\/tapas-magazine\",\"https:\\\/\\\/es.pinterest.com\\\/tapasmagazine\\\/\",\"https:\\\/\\\/www.youtube.com\\\/channel\\\/UCEyxneAaACuR0lfDagrWjjg?sub_confirmation=1\"]},{\"@type\":\"Person\",\"@id\":\"https:\\\/\\\/www.tapasmagazine.es\\\/#\\\/schema\\\/person\\\/eb46cbe76a9c8f062660eb609e3ecb4e\",\"name\":\"Laura P\u00e9rez\",\"url\":\"https:\\\/\\\/www.tapasmagazine.es\\\/en\\\/author\\\/laura-perez\\\/\"}]}<\/script>\n<!-- \/ Yoast SEO plugin. -->","yoast_head_json":{"title":"Grind collaborates with artist Shantell Martin to launch a creative coffee capsule - Tapas","description":"Click here to read the Spanish version. Coffee now stimulates the creation of this collection of objects for which Shantell Martin has created the visual","robots":{"index":"index","follow":"follow","max-snippet":"max-snippet:-1","max-image-preview":"max-image-preview:large","max-video-preview":"max-video-preview:-1"},"canonical":"https:\/\/www.tapasmagazine.es\/en\/grind-collab-artist-shantell-martin-launch-creative-coffee-capsule\/","og_locale":"en_US","og_type":"article","og_title":"Grind collaborates with artist Shantell Martin to launch a creative coffee capsule - Tapas","og_description":"Click here to read the Spanish version. Coffee now stimulates the creation of this collection of objects for which Shantell Martin has created the visual","og_url":"https:\/\/www.tapasmagazine.es\/en\/grind-collab-artist-shantell-martin-launch-creative-coffee-capsule\/","og_site_name":"Tapas","article_publisher":"https:\/\/www.facebook.com\/tapasmagazine","article_published_time":"2023-12-04T11:32:39+00:00","article_modified_time":"2023-12-04T11:36:40+00:00","og_image":[{"width":1200,"height":675,"url":"https:\/\/www.tapasmagazine.es\/wp-content\/uploads\/2023\/12\/grind-x-shantell-martin-2.jpg","type":"image\/jpeg"}],"author":"Laura P\u00e9rez","twitter_card":"summary_large_image","twitter_creator":"@TapasMagazine","twitter_site":"@TapasMagazine","twitter_misc":{"Written by":"Laura P\u00e9rez","Est. reading time":"2 minutes"},"schema":{"@context":"https:\/\/schema.org","@graph":[{"@type":"Article","@id":"https:\/\/www.tapasmagazine.es\/en\/grind-collab-artist-shantell-martin-launch-creative-coffee-capsule\/#article","isPartOf":{"@id":"https:\/\/www.tapasmagazine.es\/en\/grind-collab-artist-shantell-martin-launch-creative-coffee-capsule\/"},"author":{"name":"Laura P\u00e9rez","@id":"https:\/\/www.tapasmagazine.es\/#\/schema\/person\/eb46cbe76a9c8f062660eb609e3ecb4e"},"headline":"Grind collaborates with artist Shantell Martin to launch a creative coffee capsule","datePublished":"2023-12-04T11:32:39+00:00","dateModified":"2023-12-04T11:36:40+00:00","mainEntityOfPage":{"@id":"https:\/\/www.tapasmagazine.es\/en\/grind-collab-artist-shantell-martin-launch-creative-coffee-capsule\/"},"wordCount":199,"commentCount":0,"publisher":{"@id":"https:\/\/www.tapasmagazine.es\/#organization"},"image":{"@id":"https:\/\/www.tapasmagazine.es\/en\/grind-collab-artist-shantell-martin-launch-creative-coffee-capsule\/#primaryimage"},"thumbnailUrl":"https:\/\/www.tapasmagazine.es\/wp-content\/uploads\/2023\/12\/grind-x-shantell-martin-2.jpg","keywords":["caf\u00e9"],"articleSection":["News"],"inLanguage":"en-US","potentialAction":[{"@type":"CommentAction","name":"Comment","target":["https:\/\/www.tapasmagazine.es\/en\/grind-collab-artist-shantell-martin-launch-creative-coffee-capsule\/#respond"]}]},{"@type":"WebPage","@id":"https:\/\/www.tapasmagazine.es\/en\/grind-collab-artist-shantell-martin-launch-creative-coffee-capsule\/","url":"https:\/\/www.tapasmagazine.es\/en\/grind-collab-artist-shantell-martin-launch-creative-coffee-capsule\/","name":"Grind collaborates with artist Shantell Martin to launch a creative coffee capsule - Tapas","isPartOf":{"@id":"https:\/\/www.tapasmagazine.es\/#website"},"primaryImageOfPage":{"@id":"https:\/\/www.tapasmagazine.es\/en\/grind-collab-artist-shantell-martin-launch-creative-coffee-capsule\/#primaryimage"},"image":{"@id":"https:\/\/www.tapasmagazine.es\/en\/grind-collab-artist-shantell-martin-launch-creative-coffee-capsule\/#primaryimage"},"thumbnailUrl":"https:\/\/www.tapasmagazine.es\/wp-content\/uploads\/2023\/12\/grind-x-shantell-martin-2.jpg","datePublished":"2023-12-04T11:32:39+00:00","dateModified":"2023-12-04T11:36:40+00:00","description":"Click here to read the Spanish version. Coffee now stimulates the creation of this collection of objects for which Shantell Martin has created the visual","breadcrumb":{"@id":"https:\/\/www.tapasmagazine.es\/en\/grind-collab-artist-shantell-martin-launch-creative-coffee-capsule\/#breadcrumb"},"inLanguage":"en-US","potentialAction":[{"@type":"ReadAction","target":["https:\/\/www.tapasmagazine.es\/en\/grind-collab-artist-shantell-martin-launch-creative-coffee-capsule\/"]}]},{"@type":"ImageObject","inLanguage":"en-US","@id":"https:\/\/www.tapasmagazine.es\/en\/grind-collab-artist-shantell-martin-launch-creative-coffee-capsule\/#primaryimage","url":"https:\/\/www.tapasmagazine.es\/wp-content\/uploads\/2023\/12\/grind-x-shantell-martin-2.jpg","contentUrl":"https:\/\/www.tapasmagazine.es\/wp-content\/uploads\/2023\/12\/grind-x-shantell-martin-2.jpg","width":1200,"height":675},{"@type":"BreadcrumbList","@id":"https:\/\/www.tapasmagazine.es\/en\/grind-collab-artist-shantell-martin-launch-creative-coffee-capsule\/#breadcrumb","itemListElement":[{"@type":"ListItem","position":1,"name":"Portada","item":"https:\/\/www.tapasmagazine.es\/"},{"@type":"ListItem","position":2,"name":"News","item":"https:\/\/www.tapasmagazine.es\/en\/categorias\/news\/"},{"@type":"ListItem","position":3,"name":"Grind collaborates with artist Shantell Martin to launch a creative coffee capsule"}]},{"@type":"WebSite","@id":"https:\/\/www.tapasmagazine.es\/#website","url":"https:\/\/www.tapasmagazine.es\/","name":"Tapas","description":"\u00d1am \u00d1am Lifestyle. La vida a bocados. Premio Nacional de Gastronom\u00eda 2016.","publisher":{"@id":"https:\/\/www.tapasmagazine.es\/#organization"},"potentialAction":[{"@type":"SearchAction","target":{"@type":"EntryPoint","urlTemplate":"https:\/\/www.tapasmagazine.es\/?s={search_term_string}"},"query-input":{"@type":"PropertyValueSpecification","valueRequired":true,"valueName":"search_term_string"}}],"inLanguage":"en-US"},{"@type":"Organization","@id":"https:\/\/www.tapasmagazine.es\/#organization","name":"Tapas Magazine","url":"https:\/\/www.tapasmagazine.es\/","logo":{"@type":"ImageObject","inLanguage":"en-US","@id":"https:\/\/www.tapasmagazine.es\/#\/schema\/logo\/image\/","url":"https:\/\/www.tapasmagazine.es\/wp-content\/uploads\/2018\/01\/logo.png","contentUrl":"https:\/\/www.tapasmagazine.es\/wp-content\/uploads\/2018\/01\/logo.png","width":180,"height":60,"caption":"Tapas Magazine"},"image":{"@id":"https:\/\/www.tapasmagazine.es\/#\/schema\/logo\/image\/"},"sameAs":["https:\/\/www.facebook.com\/tapasmagazine","https:\/\/x.com\/TapasMagazine","https:\/\/www.instagram.com\/tapasmagazine\/","https:\/\/www.linkedin.com\/company\/tapas-magazine","https:\/\/es.pinterest.com\/tapasmagazine\/","https:\/\/www.youtube.com\/channel\/UCEyxneAaACuR0lfDagrWjjg?sub_confirmation=1"]},{"@type":"Person","@id":"https:\/\/www.tapasmagazine.es\/#\/schema\/person\/eb46cbe76a9c8f062660eb609e3ecb4e","name":"Laura P\u00e9rez","url":"https:\/\/www.tapasmagazine.es\/en\/author\/laura-perez\/"}]}},"_links":{"self":[{"href":"https:\/\/www.tapasmagazine.es\/en\/wp-json\/wp\/v2\/posts\/223016","targetHints":{"allow":["GET"]}}],"collection":[{"href":"https:\/\/www.tapasmagazine.es\/en\/wp-json\/wp\/v2\/posts"}],"about":[{"href":"https:\/\/www.tapasmagazine.es\/en\/wp-json\/wp\/v2\/types\/post"}],"author":[{"embeddable":true,"href":"https:\/\/www.tapasmagazine.es\/en\/wp-json\/wp\/v2\/users\/285"}],"replies":[{"embeddable":true,"href":"https:\/\/www.tapasmagazine.es\/en\/wp-json\/wp\/v2\/comments?post=223016"}],"version-history":[{"count":4,"href":"https:\/\/www.tapasmagazine.es\/en\/wp-json\/wp\/v2\/posts\/223016\/revisions"}],"predecessor-version":[{"id":223026,"href":"https:\/\/www.tapasmagazine.es\/en\/wp-json\/wp\/v2\/posts\/223016\/revisions\/223026"}],"wp:featuredmedia":[{"embeddable":true,"href":"https:\/\/www.tapasmagazine.es\/en\/wp-json\/wp\/v2\/media\/223000"}],"wp:attachment":[{"href":"https:\/\/www.tapasmagazine.es\/en\/wp-json\/wp\/v2\/media?parent=223016"}],"wp:term":[{"taxonomy":"category","embeddable":true,"href":"https:\/\/www.tapasmagazine.es\/en\/wp-json\/wp\/v2\/categories?post=223016"},{"taxonomy":"post_tag","embeddable":true,"href":"https:\/\/www.tapasmagazine.es\/en\/wp-json\/wp\/v2\/tags?post=223016"}],"curies":[{"name":"wp","href":"https:\/\/api.w.org\/{rel}","templated":true}]}}