{"id":222723,"date":"2023-12-01T10:48:32","date_gmt":"2023-12-01T09:48:32","guid":{"rendered":"https:\/\/www.tapasmagazine.es\/?p=222723"},"modified":"2023-12-01T10:54:33","modified_gmt":"2023-12-01T09:54:33","slug":"the-reaction-of-ibai-llanos-and-el-xokas-to-tasting-spanish-food-in-south-korea","status":"publish","type":"post","link":"https:\/\/www.tapasmagazine.es\/en\/the-reaction-of-ibai-llanos-and-el-xokas-to-tasting-spanish-food-in-south-korea\/","title":{"rendered":"The reaction of Ibai Llanos and El Xokas to tasting Spanish food in South Korea"},"content":{"rendered":"\n<p><strong>Click <a href=\"https:\/\/www.tapasmagazine.es\/la-reaccion-de-ibai-llanos-y-el-xokas-al-probar-comida-espanola-en-corea-del-sur\/\" target=\"_blank\" rel=\"noreferrer noopener\">here<\/a> to read the Spanish version.<\/strong><br>Are you one of those who prefer to try only local food when you&#8217;re traveling or one of those who are curious about eating &#8216;Spanish&#8217; proposals in other countries? It seems that <a href=\"https:\/\/www.twitch.tv\/ibai\" target=\"_blank\" rel=\"noreferrer noopener\">Ibai Llanos<\/a> and <a href=\"https:\/\/www.twitch.tv\/elxokas\" target=\"_blank\" rel=\"noreferrer noopener\">El Xokas<\/a> are the latter, as famous streamers were on a trip to South Korea and thought it was a great idea to enter a Spanish food restaurant. As expected, the experience was not entirely satisfactory.<\/p>\n\n\n\n<p>The bar, directly called &#8216;Tapas&#8217;, offered all kinds of traditional dishes of our gastronomy. Ibai and El Xokas ordered a bit of everything. They started off well by trying the Serrano ham, &#8220;well, an acceptable level, although it&#8217;s not Iberian&#8221;, said El Xokas. It didn&#8217;t seem to be going so badly when they tried the bread with tomato: &#8220;It&#8217;s worse than in Spain but it&#8217;s not bad,&#8221; said the influencers.<\/p>\n\n\n\n<figure class=\"wp-block-image size-large\"><a href=\"https:\/\/www.tapasmagazine.es\/wp-content\/uploads\/2023\/12\/tapas-bar-corea-del-sur-ibai-llanos-el-xokas.jpg\"><img decoding=\"async\" width=\"1024\" height=\"576\" src=\"https:\/\/www.tapasmagazine.es\/wp-content\/uploads\/2023\/12\/tapas-bar-corea-del-sur-ibai-llanos-el-xokas-1024x576.jpg\" alt=\"\" class=\"wp-image-222719\" srcset=\"https:\/\/www.tapasmagazine.es\/wp-content\/uploads\/2023\/12\/tapas-bar-corea-del-sur-ibai-llanos-el-xokas-1024x576.jpg 1024w, https:\/\/www.tapasmagazine.es\/wp-content\/uploads\/2023\/12\/tapas-bar-corea-del-sur-ibai-llanos-el-xokas-300x169.jpg 300w, https:\/\/www.tapasmagazine.es\/wp-content\/uploads\/2023\/12\/tapas-bar-corea-del-sur-ibai-llanos-el-xokas-768x432.jpg 768w, https:\/\/www.tapasmagazine.es\/wp-content\/uploads\/2023\/12\/tapas-bar-corea-del-sur-ibai-llanos-el-xokas-1000x563.jpg 1000w, https:\/\/www.tapasmagazine.es\/wp-content\/uploads\/2023\/12\/tapas-bar-corea-del-sur-ibai-llanos-el-xokas-400x225.jpg 400w, https:\/\/www.tapasmagazine.es\/wp-content\/uploads\/2023\/12\/tapas-bar-corea-del-sur-ibai-llanos-el-xokas.jpg 1200w\" sizes=\"(max-width: 1024px) 100vw, 1024px\" \/><\/a><\/figure>\n\n\n\n<p>But when it was time for more elaborate tapas, things got a little out of hand. They opted for the paella, whose recipe included prawns, clams, mussels, squid and cherry tomatoes. Although El Xocas said it wasn&#8217;t bad at all, Ibai described the taste of the mussels as &#8220;very similar to that of a cigarette butt&#8221;. &#8220;A Valencian sees this and beats you up,&#8221; added his companion. The final verdict on our most international dish was the following: &#8220;Paella is an absolute disaster. The Valencians were going to bust us in the comments but it&#8217;s deserved because it&#8217;s garbage. It&#8217;s really disgusting.&#8221;<\/p>\n\n\n\n<p>Other dishes tasted included a chorizo lasagna, mushrooms with sauce, or patatas bravas with meat, vegetables and cheese.<\/p>\n\n\n\n<p>You can watch the full video here:<\/p>\n\n\n\n<figure class=\"wp-block-embed is-type-video is-provider-youtube wp-block-embed-youtube wp-embed-aspect-16-9 wp-has-aspect-ratio\"><div class=\"wp-block-embed__wrapper\">\n<iframe title=\"PROBANDO COMIDA ESPA\u00d1OLA en COREA DEL SUR\" width=\"640\" height=\"360\" src=\"https:\/\/www.youtube.com\/embed\/W9XWdMjhPEk?feature=oembed\" frameborder=\"0\" allow=\"accelerometer; autoplay; clipboard-write; encrypted-media; gyroscope; picture-in-picture; web-share\" referrerpolicy=\"strict-origin-when-cross-origin\" allowfullscreen><\/iframe>\n<\/div><\/figure>\n\n\n\n<p>What did you think of the &#8220;Spanish food&#8221; that Ibai Llanos and El Xokas tasted in South Korea?<\/p>\n","protected":false},"excerpt":{"rendered":"<p>Click here to read the Spanish version.Are you one of those who prefer to try only local food when you&#8217;re traveling or one of those who are curious about eating &#8216;Spanish&#8217; proposals in other countries? It seems that Ibai Llanos and El Xokas are the latter, as famous streamers were on a trip to South [&hellip;]<\/p>\n","protected":false},"author":249,"featured_media":222718,"comment_status":"open","ping_status":"closed","sticky":false,"template":"single-feature.php","format":"standard","meta":{"_acf_changed":false,"footnotes":""},"categories":[15807,15802],"tags":[],"class_list":["post-222723","post","type-post","status-publish","format-standard","has-post-thumbnail","hentry","category-gastro-en","category-news","cat-15807-id","cat-15802-id"],"acf":[],"yoast_head":"<!-- This site is optimized with the Yoast SEO plugin v27.5 - https:\/\/yoast.com\/product\/yoast-seo-wordpress\/ -->\n<title>The reaction of Ibai Llanos and El Xokas to tasting Spanish food in South Korea<\/title>\n<meta name=\"description\" content=\"Ibai Llanos and El Xokas visited South Korea and decided to try a Spanish food restaurant. This was their experience.\" \/>\n<meta name=\"robots\" content=\"index, follow, max-snippet:-1, max-image-preview:large, max-video-preview:-1\" \/>\n<link rel=\"canonical\" href=\"https:\/\/www.tapasmagazine.es\/en\/the-reaction-of-ibai-llanos-and-el-xokas-to-tasting-spanish-food-in-south-korea\/\" \/>\n<meta property=\"og:locale\" content=\"en_US\" \/>\n<meta property=\"og:type\" content=\"article\" \/>\n<meta property=\"og:title\" content=\"The reaction of Ibai Llanos and El Xokas to tasting Spanish food in South Korea\" \/>\n<meta property=\"og:description\" content=\"Ibai Llanos and El Xokas visited South Korea and decided to try a Spanish food restaurant. This was their experience.\" \/>\n<meta property=\"og:url\" content=\"https:\/\/www.tapasmagazine.es\/en\/the-reaction-of-ibai-llanos-and-el-xokas-to-tasting-spanish-food-in-south-korea\/\" \/>\n<meta property=\"og:site_name\" content=\"Tapas\" \/>\n<meta property=\"article:publisher\" content=\"https:\/\/www.facebook.com\/tapasmagazine\" \/>\n<meta property=\"article:published_time\" content=\"2023-12-01T09:48:32+00:00\" \/>\n<meta property=\"article:modified_time\" content=\"2023-12-01T09:54:33+00:00\" \/>\n<meta property=\"og:image\" content=\"https:\/\/www.tapasmagazine.es\/wp-content\/uploads\/2023\/12\/Ibai-Llanos-El-Xokas-corea-del-sur.jpg\" \/>\n\t<meta property=\"og:image:width\" content=\"1200\" \/>\n\t<meta property=\"og:image:height\" content=\"675\" \/>\n\t<meta property=\"og:image:type\" content=\"image\/jpeg\" \/>\n<meta name=\"author\" content=\"TAPAS\" \/>\n<meta name=\"twitter:card\" content=\"summary_large_image\" \/>\n<meta name=\"twitter:creator\" content=\"@TapasMagazine\" \/>\n<meta name=\"twitter:site\" content=\"@TapasMagazine\" \/>\n<meta name=\"twitter:label1\" content=\"Written by\" \/>\n\t<meta name=\"twitter:data1\" content=\"TAPAS\" \/>\n\t<meta name=\"twitter:label2\" content=\"Est. reading time\" \/>\n\t<meta name=\"twitter:data2\" content=\"2 minutes\" \/>\n<script type=\"application\/ld+json\" class=\"yoast-schema-graph\">{\"@context\":\"https:\\\/\\\/schema.org\",\"@graph\":[{\"@type\":\"Article\",\"@id\":\"https:\\\/\\\/www.tapasmagazine.es\\\/en\\\/the-reaction-of-ibai-llanos-and-el-xokas-to-tasting-spanish-food-in-south-korea\\\/#article\",\"isPartOf\":{\"@id\":\"https:\\\/\\\/www.tapasmagazine.es\\\/en\\\/the-reaction-of-ibai-llanos-and-el-xokas-to-tasting-spanish-food-in-south-korea\\\/\"},\"author\":{\"name\":\"TAPAS\",\"@id\":\"https:\\\/\\\/www.tapasmagazine.es\\\/#\\\/schema\\\/person\\\/906ea2ea4697837608d99f4cc085cea3\"},\"headline\":\"The reaction of Ibai Llanos and El Xokas to tasting Spanish food in South Korea\",\"datePublished\":\"2023-12-01T09:48:32+00:00\",\"dateModified\":\"2023-12-01T09:54:33+00:00\",\"mainEntityOfPage\":{\"@id\":\"https:\\\/\\\/www.tapasmagazine.es\\\/en\\\/the-reaction-of-ibai-llanos-and-el-xokas-to-tasting-spanish-food-in-south-korea\\\/\"},\"wordCount\":324,\"commentCount\":0,\"publisher\":{\"@id\":\"https:\\\/\\\/www.tapasmagazine.es\\\/#organization\"},\"image\":{\"@id\":\"https:\\\/\\\/www.tapasmagazine.es\\\/en\\\/the-reaction-of-ibai-llanos-and-el-xokas-to-tasting-spanish-food-in-south-korea\\\/#primaryimage\"},\"thumbnailUrl\":\"https:\\\/\\\/www.tapasmagazine.es\\\/wp-content\\\/uploads\\\/2023\\\/12\\\/Ibai-Llanos-El-Xokas-corea-del-sur.jpg\",\"articleSection\":[\"Gastro\",\"News\"],\"inLanguage\":\"en-US\",\"potentialAction\":[{\"@type\":\"CommentAction\",\"name\":\"Comment\",\"target\":[\"https:\\\/\\\/www.tapasmagazine.es\\\/en\\\/the-reaction-of-ibai-llanos-and-el-xokas-to-tasting-spanish-food-in-south-korea\\\/#respond\"]}]},{\"@type\":\"WebPage\",\"@id\":\"https:\\\/\\\/www.tapasmagazine.es\\\/en\\\/the-reaction-of-ibai-llanos-and-el-xokas-to-tasting-spanish-food-in-south-korea\\\/\",\"url\":\"https:\\\/\\\/www.tapasmagazine.es\\\/en\\\/the-reaction-of-ibai-llanos-and-el-xokas-to-tasting-spanish-food-in-south-korea\\\/\",\"name\":\"The reaction of Ibai Llanos and El Xokas to tasting Spanish food in South Korea\",\"isPartOf\":{\"@id\":\"https:\\\/\\\/www.tapasmagazine.es\\\/#website\"},\"primaryImageOfPage\":{\"@id\":\"https:\\\/\\\/www.tapasmagazine.es\\\/en\\\/the-reaction-of-ibai-llanos-and-el-xokas-to-tasting-spanish-food-in-south-korea\\\/#primaryimage\"},\"image\":{\"@id\":\"https:\\\/\\\/www.tapasmagazine.es\\\/en\\\/the-reaction-of-ibai-llanos-and-el-xokas-to-tasting-spanish-food-in-south-korea\\\/#primaryimage\"},\"thumbnailUrl\":\"https:\\\/\\\/www.tapasmagazine.es\\\/wp-content\\\/uploads\\\/2023\\\/12\\\/Ibai-Llanos-El-Xokas-corea-del-sur.jpg\",\"datePublished\":\"2023-12-01T09:48:32+00:00\",\"dateModified\":\"2023-12-01T09:54:33+00:00\",\"description\":\"Ibai Llanos and El Xokas visited South Korea and decided to try a Spanish food restaurant. This was their experience.\",\"breadcrumb\":{\"@id\":\"https:\\\/\\\/www.tapasmagazine.es\\\/en\\\/the-reaction-of-ibai-llanos-and-el-xokas-to-tasting-spanish-food-in-south-korea\\\/#breadcrumb\"},\"inLanguage\":\"en-US\",\"potentialAction\":[{\"@type\":\"ReadAction\",\"target\":[\"https:\\\/\\\/www.tapasmagazine.es\\\/en\\\/the-reaction-of-ibai-llanos-and-el-xokas-to-tasting-spanish-food-in-south-korea\\\/\"]}]},{\"@type\":\"ImageObject\",\"inLanguage\":\"en-US\",\"@id\":\"https:\\\/\\\/www.tapasmagazine.es\\\/en\\\/the-reaction-of-ibai-llanos-and-el-xokas-to-tasting-spanish-food-in-south-korea\\\/#primaryimage\",\"url\":\"https:\\\/\\\/www.tapasmagazine.es\\\/wp-content\\\/uploads\\\/2023\\\/12\\\/Ibai-Llanos-El-Xokas-corea-del-sur.jpg\",\"contentUrl\":\"https:\\\/\\\/www.tapasmagazine.es\\\/wp-content\\\/uploads\\\/2023\\\/12\\\/Ibai-Llanos-El-Xokas-corea-del-sur.jpg\",\"width\":1200,\"height\":675},{\"@type\":\"BreadcrumbList\",\"@id\":\"https:\\\/\\\/www.tapasmagazine.es\\\/en\\\/the-reaction-of-ibai-llanos-and-el-xokas-to-tasting-spanish-food-in-south-korea\\\/#breadcrumb\",\"itemListElement\":[{\"@type\":\"ListItem\",\"position\":1,\"name\":\"Portada\",\"item\":\"https:\\\/\\\/www.tapasmagazine.es\\\/\"},{\"@type\":\"ListItem\",\"position\":2,\"name\":\"News\",\"item\":\"https:\\\/\\\/www.tapasmagazine.es\\\/en\\\/categorias\\\/news\\\/\"},{\"@type\":\"ListItem\",\"position\":3,\"name\":\"The reaction of Ibai Llanos and El Xokas to tasting Spanish food in South Korea\"}]},{\"@type\":\"WebSite\",\"@id\":\"https:\\\/\\\/www.tapasmagazine.es\\\/#website\",\"url\":\"https:\\\/\\\/www.tapasmagazine.es\\\/\",\"name\":\"Tapas\",\"description\":\"\u00d1am \u00d1am Lifestyle. La vida a bocados. Premio Nacional de Gastronom\u00eda 2016.\",\"publisher\":{\"@id\":\"https:\\\/\\\/www.tapasmagazine.es\\\/#organization\"},\"potentialAction\":[{\"@type\":\"SearchAction\",\"target\":{\"@type\":\"EntryPoint\",\"urlTemplate\":\"https:\\\/\\\/www.tapasmagazine.es\\\/?s={search_term_string}\"},\"query-input\":{\"@type\":\"PropertyValueSpecification\",\"valueRequired\":true,\"valueName\":\"search_term_string\"}}],\"inLanguage\":\"en-US\"},{\"@type\":\"Organization\",\"@id\":\"https:\\\/\\\/www.tapasmagazine.es\\\/#organization\",\"name\":\"Tapas Magazine\",\"url\":\"https:\\\/\\\/www.tapasmagazine.es\\\/\",\"logo\":{\"@type\":\"ImageObject\",\"inLanguage\":\"en-US\",\"@id\":\"https:\\\/\\\/www.tapasmagazine.es\\\/#\\\/schema\\\/logo\\\/image\\\/\",\"url\":\"https:\\\/\\\/www.tapasmagazine.es\\\/wp-content\\\/uploads\\\/2018\\\/01\\\/logo.png\",\"contentUrl\":\"https:\\\/\\\/www.tapasmagazine.es\\\/wp-content\\\/uploads\\\/2018\\\/01\\\/logo.png\",\"width\":180,\"height\":60,\"caption\":\"Tapas Magazine\"},\"image\":{\"@id\":\"https:\\\/\\\/www.tapasmagazine.es\\\/#\\\/schema\\\/logo\\\/image\\\/\"},\"sameAs\":[\"https:\\\/\\\/www.facebook.com\\\/tapasmagazine\",\"https:\\\/\\\/x.com\\\/TapasMagazine\",\"https:\\\/\\\/www.instagram.com\\\/tapasmagazine\\\/\",\"https:\\\/\\\/www.linkedin.com\\\/company\\\/tapas-magazine\",\"https:\\\/\\\/es.pinterest.com\\\/tapasmagazine\\\/\",\"https:\\\/\\\/www.youtube.com\\\/channel\\\/UCEyxneAaACuR0lfDagrWjjg?sub_confirmation=1\"]},{\"@type\":\"Person\",\"@id\":\"https:\\\/\\\/www.tapasmagazine.es\\\/#\\\/schema\\\/person\\\/906ea2ea4697837608d99f4cc085cea3\",\"name\":\"TAPAS\",\"url\":\"https:\\\/\\\/www.tapasmagazine.es\\\/en\\\/author\\\/tapas\\\/\"}]}<\/script>\n<!-- \/ Yoast SEO plugin. -->","yoast_head_json":{"title":"The reaction of Ibai Llanos and El Xokas to tasting Spanish food in South Korea","description":"Ibai Llanos and El Xokas visited South Korea and decided to try a Spanish food restaurant. This was their experience.","robots":{"index":"index","follow":"follow","max-snippet":"max-snippet:-1","max-image-preview":"max-image-preview:large","max-video-preview":"max-video-preview:-1"},"canonical":"https:\/\/www.tapasmagazine.es\/en\/the-reaction-of-ibai-llanos-and-el-xokas-to-tasting-spanish-food-in-south-korea\/","og_locale":"en_US","og_type":"article","og_title":"The reaction of Ibai Llanos and El Xokas to tasting Spanish food in South Korea","og_description":"Ibai Llanos and El Xokas visited South Korea and decided to try a Spanish food restaurant. This was their experience.","og_url":"https:\/\/www.tapasmagazine.es\/en\/the-reaction-of-ibai-llanos-and-el-xokas-to-tasting-spanish-food-in-south-korea\/","og_site_name":"Tapas","article_publisher":"https:\/\/www.facebook.com\/tapasmagazine","article_published_time":"2023-12-01T09:48:32+00:00","article_modified_time":"2023-12-01T09:54:33+00:00","og_image":[{"width":1200,"height":675,"url":"https:\/\/www.tapasmagazine.es\/wp-content\/uploads\/2023\/12\/Ibai-Llanos-El-Xokas-corea-del-sur.jpg","type":"image\/jpeg"}],"author":"TAPAS","twitter_card":"summary_large_image","twitter_creator":"@TapasMagazine","twitter_site":"@TapasMagazine","twitter_misc":{"Written by":"TAPAS","Est. reading time":"2 minutes"},"schema":{"@context":"https:\/\/schema.org","@graph":[{"@type":"Article","@id":"https:\/\/www.tapasmagazine.es\/en\/the-reaction-of-ibai-llanos-and-el-xokas-to-tasting-spanish-food-in-south-korea\/#article","isPartOf":{"@id":"https:\/\/www.tapasmagazine.es\/en\/the-reaction-of-ibai-llanos-and-el-xokas-to-tasting-spanish-food-in-south-korea\/"},"author":{"name":"TAPAS","@id":"https:\/\/www.tapasmagazine.es\/#\/schema\/person\/906ea2ea4697837608d99f4cc085cea3"},"headline":"The reaction of Ibai Llanos and El Xokas to tasting Spanish food in South Korea","datePublished":"2023-12-01T09:48:32+00:00","dateModified":"2023-12-01T09:54:33+00:00","mainEntityOfPage":{"@id":"https:\/\/www.tapasmagazine.es\/en\/the-reaction-of-ibai-llanos-and-el-xokas-to-tasting-spanish-food-in-south-korea\/"},"wordCount":324,"commentCount":0,"publisher":{"@id":"https:\/\/www.tapasmagazine.es\/#organization"},"image":{"@id":"https:\/\/www.tapasmagazine.es\/en\/the-reaction-of-ibai-llanos-and-el-xokas-to-tasting-spanish-food-in-south-korea\/#primaryimage"},"thumbnailUrl":"https:\/\/www.tapasmagazine.es\/wp-content\/uploads\/2023\/12\/Ibai-Llanos-El-Xokas-corea-del-sur.jpg","articleSection":["Gastro","News"],"inLanguage":"en-US","potentialAction":[{"@type":"CommentAction","name":"Comment","target":["https:\/\/www.tapasmagazine.es\/en\/the-reaction-of-ibai-llanos-and-el-xokas-to-tasting-spanish-food-in-south-korea\/#respond"]}]},{"@type":"WebPage","@id":"https:\/\/www.tapasmagazine.es\/en\/the-reaction-of-ibai-llanos-and-el-xokas-to-tasting-spanish-food-in-south-korea\/","url":"https:\/\/www.tapasmagazine.es\/en\/the-reaction-of-ibai-llanos-and-el-xokas-to-tasting-spanish-food-in-south-korea\/","name":"The reaction of Ibai Llanos and El Xokas to tasting Spanish food in South Korea","isPartOf":{"@id":"https:\/\/www.tapasmagazine.es\/#website"},"primaryImageOfPage":{"@id":"https:\/\/www.tapasmagazine.es\/en\/the-reaction-of-ibai-llanos-and-el-xokas-to-tasting-spanish-food-in-south-korea\/#primaryimage"},"image":{"@id":"https:\/\/www.tapasmagazine.es\/en\/the-reaction-of-ibai-llanos-and-el-xokas-to-tasting-spanish-food-in-south-korea\/#primaryimage"},"thumbnailUrl":"https:\/\/www.tapasmagazine.es\/wp-content\/uploads\/2023\/12\/Ibai-Llanos-El-Xokas-corea-del-sur.jpg","datePublished":"2023-12-01T09:48:32+00:00","dateModified":"2023-12-01T09:54:33+00:00","description":"Ibai Llanos and El Xokas visited South Korea and decided to try a Spanish food restaurant. This was their experience.","breadcrumb":{"@id":"https:\/\/www.tapasmagazine.es\/en\/the-reaction-of-ibai-llanos-and-el-xokas-to-tasting-spanish-food-in-south-korea\/#breadcrumb"},"inLanguage":"en-US","potentialAction":[{"@type":"ReadAction","target":["https:\/\/www.tapasmagazine.es\/en\/the-reaction-of-ibai-llanos-and-el-xokas-to-tasting-spanish-food-in-south-korea\/"]}]},{"@type":"ImageObject","inLanguage":"en-US","@id":"https:\/\/www.tapasmagazine.es\/en\/the-reaction-of-ibai-llanos-and-el-xokas-to-tasting-spanish-food-in-south-korea\/#primaryimage","url":"https:\/\/www.tapasmagazine.es\/wp-content\/uploads\/2023\/12\/Ibai-Llanos-El-Xokas-corea-del-sur.jpg","contentUrl":"https:\/\/www.tapasmagazine.es\/wp-content\/uploads\/2023\/12\/Ibai-Llanos-El-Xokas-corea-del-sur.jpg","width":1200,"height":675},{"@type":"BreadcrumbList","@id":"https:\/\/www.tapasmagazine.es\/en\/the-reaction-of-ibai-llanos-and-el-xokas-to-tasting-spanish-food-in-south-korea\/#breadcrumb","itemListElement":[{"@type":"ListItem","position":1,"name":"Portada","item":"https:\/\/www.tapasmagazine.es\/"},{"@type":"ListItem","position":2,"name":"News","item":"https:\/\/www.tapasmagazine.es\/en\/categorias\/news\/"},{"@type":"ListItem","position":3,"name":"The reaction of Ibai Llanos and El Xokas to tasting Spanish food in South Korea"}]},{"@type":"WebSite","@id":"https:\/\/www.tapasmagazine.es\/#website","url":"https:\/\/www.tapasmagazine.es\/","name":"Tapas","description":"\u00d1am \u00d1am Lifestyle. La vida a bocados. Premio Nacional de Gastronom\u00eda 2016.","publisher":{"@id":"https:\/\/www.tapasmagazine.es\/#organization"},"potentialAction":[{"@type":"SearchAction","target":{"@type":"EntryPoint","urlTemplate":"https:\/\/www.tapasmagazine.es\/?s={search_term_string}"},"query-input":{"@type":"PropertyValueSpecification","valueRequired":true,"valueName":"search_term_string"}}],"inLanguage":"en-US"},{"@type":"Organization","@id":"https:\/\/www.tapasmagazine.es\/#organization","name":"Tapas Magazine","url":"https:\/\/www.tapasmagazine.es\/","logo":{"@type":"ImageObject","inLanguage":"en-US","@id":"https:\/\/www.tapasmagazine.es\/#\/schema\/logo\/image\/","url":"https:\/\/www.tapasmagazine.es\/wp-content\/uploads\/2018\/01\/logo.png","contentUrl":"https:\/\/www.tapasmagazine.es\/wp-content\/uploads\/2018\/01\/logo.png","width":180,"height":60,"caption":"Tapas Magazine"},"image":{"@id":"https:\/\/www.tapasmagazine.es\/#\/schema\/logo\/image\/"},"sameAs":["https:\/\/www.facebook.com\/tapasmagazine","https:\/\/x.com\/TapasMagazine","https:\/\/www.instagram.com\/tapasmagazine\/","https:\/\/www.linkedin.com\/company\/tapas-magazine","https:\/\/es.pinterest.com\/tapasmagazine\/","https:\/\/www.youtube.com\/channel\/UCEyxneAaACuR0lfDagrWjjg?sub_confirmation=1"]},{"@type":"Person","@id":"https:\/\/www.tapasmagazine.es\/#\/schema\/person\/906ea2ea4697837608d99f4cc085cea3","name":"TAPAS","url":"https:\/\/www.tapasmagazine.es\/en\/author\/tapas\/"}]}},"_links":{"self":[{"href":"https:\/\/www.tapasmagazine.es\/en\/wp-json\/wp\/v2\/posts\/222723","targetHints":{"allow":["GET"]}}],"collection":[{"href":"https:\/\/www.tapasmagazine.es\/en\/wp-json\/wp\/v2\/posts"}],"about":[{"href":"https:\/\/www.tapasmagazine.es\/en\/wp-json\/wp\/v2\/types\/post"}],"author":[{"embeddable":true,"href":"https:\/\/www.tapasmagazine.es\/en\/wp-json\/wp\/v2\/users\/249"}],"replies":[{"embeddable":true,"href":"https:\/\/www.tapasmagazine.es\/en\/wp-json\/wp\/v2\/comments?post=222723"}],"version-history":[{"count":4,"href":"https:\/\/www.tapasmagazine.es\/en\/wp-json\/wp\/v2\/posts\/222723\/revisions"}],"predecessor-version":[{"id":222729,"href":"https:\/\/www.tapasmagazine.es\/en\/wp-json\/wp\/v2\/posts\/222723\/revisions\/222729"}],"wp:featuredmedia":[{"embeddable":true,"href":"https:\/\/www.tapasmagazine.es\/en\/wp-json\/wp\/v2\/media\/222718"}],"wp:attachment":[{"href":"https:\/\/www.tapasmagazine.es\/en\/wp-json\/wp\/v2\/media?parent=222723"}],"wp:term":[{"taxonomy":"category","embeddable":true,"href":"https:\/\/www.tapasmagazine.es\/en\/wp-json\/wp\/v2\/categories?post=222723"},{"taxonomy":"post_tag","embeddable":true,"href":"https:\/\/www.tapasmagazine.es\/en\/wp-json\/wp\/v2\/tags?post=222723"}],"curies":[{"name":"wp","href":"https:\/\/api.w.org\/{rel}","templated":true}]}}