{"id":221798,"date":"2023-11-28T10:41:49","date_gmt":"2023-11-28T09:41:49","guid":{"rendered":"https:\/\/www.tapasmagazine.es\/tramo-abre-las-puertas-de-su-proyecto-sostenible-en-una-nave-industrial\/"},"modified":"2023-11-28T10:51:19","modified_gmt":"2023-11-28T09:51:19","slug":"tramo-opens-doors-sustainable-project-industrial-warehouse","status":"publish","type":"post","link":"https:\/\/www.tapasmagazine.es\/en\/tramo-opens-doors-sustainable-project-industrial-warehouse\/","title":{"rendered":"TRAMO opens the doors of its sustainable project in an industrial warehouse"},"content":{"rendered":"\n<p><strong>Click <a href=\"https:\/\/www.tapasmagazine.es\/tramo-abre-las-puertas-de-su-proyecto-sostenible-en-una-nave-industrial\/\" target=\"_blank\" rel=\"noreferrer noopener\">here<\/a> to read the Spanish version.<\/strong><\/p>\n\n\n\n<p>From the creators of the acclaimed Italian restaurant <strong><a href=\"https:\/\/www.tapasmagazine.es\/en\/tim-cook-visits-mo-de-movimiento-from-proyectos-conscientes-the-group-that-owns-the-tramo-restaurant-where-tapas-magazine-is-going-to-celebrate-tapas-summit-foodtech\/\" target=\"_blank\" rel=\"noreferrer noopener\">Mo de Movimiento<\/a><\/strong>, run by <strong>Felipe Turell<\/strong> and<strong> Javier Antequera<\/strong>, comes this new sustainable project that promotes responsible consumption in the spirit of their group Proyectos Conscientes.<\/p>\n\n\n\n<p>Ecology, small-scale production, livestock farming and regenerative fishmongering structure the menu of this restaurant built using reused materials in an old warehouse located in the Prosperidad neighbourhood.<\/p>\n\n\n<div class=\"wp-block-image\">\n<figure class=\"aligncenter size-large is-resized\"><a href=\"https:\/\/www.tapasmagazine.es\/wp-content\/uploads\/2023\/11\/tramo-restaurante-madrid-3.png\"><img decoding=\"async\" width=\"1024\" height=\"1024\" src=\"https:\/\/www.tapasmagazine.es\/wp-content\/uploads\/2023\/11\/tramo-restaurante-madrid-3-1024x1024.png\" alt=\"\" class=\"wp-image-221781\" style=\"width:1268px;height:auto\" srcset=\"https:\/\/www.tapasmagazine.es\/wp-content\/uploads\/2023\/11\/tramo-restaurante-madrid-3-1024x1024.png 1024w, https:\/\/www.tapasmagazine.es\/wp-content\/uploads\/2023\/11\/tramo-restaurante-madrid-3-300x300.png 300w, https:\/\/www.tapasmagazine.es\/wp-content\/uploads\/2023\/11\/tramo-restaurante-madrid-3-150x150.png 150w, https:\/\/www.tapasmagazine.es\/wp-content\/uploads\/2023\/11\/tramo-restaurante-madrid-3-768x768.png 768w, https:\/\/www.tapasmagazine.es\/wp-content\/uploads\/2023\/11\/tramo-restaurante-madrid-3-1000x1000.png 1000w, https:\/\/www.tapasmagazine.es\/wp-content\/uploads\/2023\/11\/tramo-restaurante-madrid-3-400x400.png 400w, https:\/\/www.tapasmagazine.es\/wp-content\/uploads\/2023\/11\/tramo-restaurante-madrid-3.png 1332w\" sizes=\"(max-width: 1024px) 100vw, 1024px\" \/><\/a><\/figure>\n<\/div>\n\n\n<p>With TRAMO we advance our commitment to responsible consumption by redesigning a new way of urban leisure, shaping solutions focused on self-sufficiency, regeneration, proximity and social inclusion and incorporating new processes and research around the challenges of the 21st century&#8217;, read the restaurant&#8217;s notes.<\/p>\n\n\n\n<p>The foundations of success on which Mo de Movimiento was built, and its eco-futurist philosophy, re-emerge in this experimental establishment of minimalist and industrial aesthetics illuminated by natural light throughout the day and by a constellation of candles at nightfall.<\/p>\n\n\n\n<h2 class=\"wp-block-heading\">Regenerative architecture<\/h2>\n\n\n\n<p><strong>TRAMO<\/strong>, designed by the <strong>SelgasCano <\/strong>and <strong>Andreu Carulla studios<\/strong>, has a large open kitchen and a structure with high ceilings that cover the 466 square metres of the space, conceived from a self-sufficient and regenerative design.<\/p>\n\n\n<div class=\"wp-block-image\">\n<figure class=\"aligncenter size-large is-resized\"><a href=\"https:\/\/www.tapasmagazine.es\/wp-content\/uploads\/2023\/11\/tramo-restaurante-madrid-2.png\"><img decoding=\"async\" width=\"1024\" height=\"1024\" src=\"https:\/\/www.tapasmagazine.es\/wp-content\/uploads\/2023\/11\/tramo-restaurante-madrid-2-1024x1024.png\" alt=\"\" class=\"wp-image-221783\" style=\"width:1272px;height:auto\" srcset=\"https:\/\/www.tapasmagazine.es\/wp-content\/uploads\/2023\/11\/tramo-restaurante-madrid-2-1024x1024.png 1024w, https:\/\/www.tapasmagazine.es\/wp-content\/uploads\/2023\/11\/tramo-restaurante-madrid-2-300x300.png 300w, https:\/\/www.tapasmagazine.es\/wp-content\/uploads\/2023\/11\/tramo-restaurante-madrid-2-150x150.png 150w, https:\/\/www.tapasmagazine.es\/wp-content\/uploads\/2023\/11\/tramo-restaurante-madrid-2-768x768.png 768w, https:\/\/www.tapasmagazine.es\/wp-content\/uploads\/2023\/11\/tramo-restaurante-madrid-2-1000x1000.png 1000w, https:\/\/www.tapasmagazine.es\/wp-content\/uploads\/2023\/11\/tramo-restaurante-madrid-2-400x400.png 400w, https:\/\/www.tapasmagazine.es\/wp-content\/uploads\/2023\/11\/tramo-restaurante-madrid-2.png 1332w\" sizes=\"(max-width: 1024px) 100vw, 1024px\" \/><\/a><\/figure>\n<\/div>\n\n\n<p>To materialise this reality, <strong>Proyectos Conscientes<\/strong> collaborated with a series of experts in bioengineering and integral sustainability and circularity; concepts that range from the functionality of the space and its natural air-conditioning system to the second-hand furniture and the crockery made from sand extracted from the refurbishment.<\/p>\n\n\n\n<h2 class=\"wp-block-heading\">Cooking the future<\/h2>\n\n\n\n<p>As for the <strong>gastronomic proposal<\/strong>, this is spread across 30 dishes framed in a series of typologies: starters, vegetable garden, meat, fish or desserts, which focus on seasonal produce.<\/p>\n\n\n\n<p>On the menu, we can find outstanding dishes such as anchovies with smoked butter, grilled razor clams, pilpil and citrus fruits, grilled sea bass, or leg of veal from Aragon PGI, aubergine and wild kefir, to finish with a fresh goat&#8217;s milk flan. The pairing is served in the form of exceptional organic wines, including ros\u00e9, sparkling and red wines to close their sustainable and healthy circle for the planet.<\/p>\n","protected":false},"excerpt":{"rendered":"<p>Click here to read the Spanish version. From the creators of the acclaimed Italian restaurant Mo de Movimiento, run by Felipe Turell and Javier Antequera, comes this new sustainable project that promotes responsible consumption in the spirit of their group Proyectos Conscientes. Ecology, small-scale production, livestock farming and regenerative fishmongering structure the menu of this [&hellip;]<\/p>\n","protected":false},"author":285,"featured_media":221779,"comment_status":"open","ping_status":"closed","sticky":false,"template":"single-feature.php","format":"standard","meta":{"_acf_changed":false,"footnotes":""},"categories":[15802],"tags":[18644,16033,15803,18343],"class_list":["post-221798","post","type-post","status-publish","format-standard","has-post-thumbnail","hentry","category-news","tag-cocina-sostenible-en","tag-madrid-en","tag-restaurants","tag-sostenibilidad-en","cat-15802-id"],"acf":[],"yoast_head":"<!-- This site is optimized with the Yoast SEO plugin v27.5 - https:\/\/yoast.com\/product\/yoast-seo-wordpress\/ -->\n<title>TRAMO opens the doors of its sustainable project in an industrial warehouse - Tapas<\/title>\n<meta name=\"description\" content=\"Click here to read the Spanish version. From the creators of the acclaimed Italian restaurant Mo de Movimiento, run by Felipe Turell and Javier Antequera,\" \/>\n<meta name=\"robots\" content=\"index, follow, max-snippet:-1, max-image-preview:large, max-video-preview:-1\" \/>\n<link rel=\"canonical\" href=\"https:\/\/www.tapasmagazine.es\/en\/tramo-opens-doors-sustainable-project-industrial-warehouse\/\" \/>\n<meta property=\"og:locale\" content=\"en_US\" \/>\n<meta property=\"og:type\" content=\"article\" \/>\n<meta property=\"og:title\" content=\"TRAMO opens the doors of its sustainable project in an industrial warehouse - Tapas\" \/>\n<meta property=\"og:description\" content=\"Click here to read the Spanish version. From the creators of the acclaimed Italian restaurant Mo de Movimiento, run by Felipe Turell and Javier Antequera,\" \/>\n<meta property=\"og:url\" content=\"https:\/\/www.tapasmagazine.es\/en\/tramo-opens-doors-sustainable-project-industrial-warehouse\/\" \/>\n<meta property=\"og:site_name\" content=\"Tapas\" \/>\n<meta property=\"article:publisher\" content=\"https:\/\/www.facebook.com\/tapasmagazine\" \/>\n<meta property=\"article:published_time\" content=\"2023-11-28T09:41:49+00:00\" \/>\n<meta property=\"article:modified_time\" content=\"2023-11-28T09:51:19+00:00\" \/>\n<meta property=\"og:image\" content=\"https:\/\/www.tapasmagazine.es\/wp-content\/uploads\/2023\/11\/tramo-restaurante-madrid-1.jpg\" \/>\n\t<meta property=\"og:image:width\" content=\"1200\" \/>\n\t<meta property=\"og:image:height\" content=\"675\" \/>\n\t<meta property=\"og:image:type\" content=\"image\/jpeg\" \/>\n<meta name=\"author\" content=\"Laura P\u00e9rez\" \/>\n<meta name=\"twitter:card\" content=\"summary_large_image\" \/>\n<meta name=\"twitter:creator\" content=\"@TapasMagazine\" \/>\n<meta name=\"twitter:site\" content=\"@TapasMagazine\" \/>\n<meta name=\"twitter:label1\" content=\"Written by\" \/>\n\t<meta name=\"twitter:data1\" content=\"Laura P\u00e9rez\" \/>\n\t<meta name=\"twitter:label2\" content=\"Est. reading time\" \/>\n\t<meta name=\"twitter:data2\" content=\"2 minutes\" \/>\n<script type=\"application\/ld+json\" class=\"yoast-schema-graph\">{\"@context\":\"https:\\\/\\\/schema.org\",\"@graph\":[{\"@type\":\"Article\",\"@id\":\"https:\\\/\\\/www.tapasmagazine.es\\\/en\\\/tramo-opens-doors-sustainable-project-industrial-warehouse\\\/#article\",\"isPartOf\":{\"@id\":\"https:\\\/\\\/www.tapasmagazine.es\\\/en\\\/tramo-opens-doors-sustainable-project-industrial-warehouse\\\/\"},\"author\":{\"name\":\"Laura P\u00e9rez\",\"@id\":\"https:\\\/\\\/www.tapasmagazine.es\\\/#\\\/schema\\\/person\\\/eb46cbe76a9c8f062660eb609e3ecb4e\"},\"headline\":\"TRAMO opens the doors of its sustainable project in an industrial warehouse\",\"datePublished\":\"2023-11-28T09:41:49+00:00\",\"dateModified\":\"2023-11-28T09:51:19+00:00\",\"mainEntityOfPage\":{\"@id\":\"https:\\\/\\\/www.tapasmagazine.es\\\/en\\\/tramo-opens-doors-sustainable-project-industrial-warehouse\\\/\"},\"wordCount\":352,\"commentCount\":0,\"publisher\":{\"@id\":\"https:\\\/\\\/www.tapasmagazine.es\\\/#organization\"},\"image\":{\"@id\":\"https:\\\/\\\/www.tapasmagazine.es\\\/en\\\/tramo-opens-doors-sustainable-project-industrial-warehouse\\\/#primaryimage\"},\"thumbnailUrl\":\"https:\\\/\\\/www.tapasmagazine.es\\\/wp-content\\\/uploads\\\/2023\\\/11\\\/tramo-restaurante-madrid-1.jpg\",\"keywords\":[\"cocina sostenible\",\"Madrid\",\"restaurants\",\"sostenibilidad\"],\"articleSection\":[\"News\"],\"inLanguage\":\"en-US\",\"potentialAction\":[{\"@type\":\"CommentAction\",\"name\":\"Comment\",\"target\":[\"https:\\\/\\\/www.tapasmagazine.es\\\/en\\\/tramo-opens-doors-sustainable-project-industrial-warehouse\\\/#respond\"]}]},{\"@type\":\"WebPage\",\"@id\":\"https:\\\/\\\/www.tapasmagazine.es\\\/en\\\/tramo-opens-doors-sustainable-project-industrial-warehouse\\\/\",\"url\":\"https:\\\/\\\/www.tapasmagazine.es\\\/en\\\/tramo-opens-doors-sustainable-project-industrial-warehouse\\\/\",\"name\":\"TRAMO opens the doors of its sustainable project in an industrial warehouse - Tapas\",\"isPartOf\":{\"@id\":\"https:\\\/\\\/www.tapasmagazine.es\\\/#website\"},\"primaryImageOfPage\":{\"@id\":\"https:\\\/\\\/www.tapasmagazine.es\\\/en\\\/tramo-opens-doors-sustainable-project-industrial-warehouse\\\/#primaryimage\"},\"image\":{\"@id\":\"https:\\\/\\\/www.tapasmagazine.es\\\/en\\\/tramo-opens-doors-sustainable-project-industrial-warehouse\\\/#primaryimage\"},\"thumbnailUrl\":\"https:\\\/\\\/www.tapasmagazine.es\\\/wp-content\\\/uploads\\\/2023\\\/11\\\/tramo-restaurante-madrid-1.jpg\",\"datePublished\":\"2023-11-28T09:41:49+00:00\",\"dateModified\":\"2023-11-28T09:51:19+00:00\",\"description\":\"Click here to read the Spanish version. From the creators of the acclaimed Italian restaurant Mo de Movimiento, run by Felipe Turell and Javier Antequera,\",\"breadcrumb\":{\"@id\":\"https:\\\/\\\/www.tapasmagazine.es\\\/en\\\/tramo-opens-doors-sustainable-project-industrial-warehouse\\\/#breadcrumb\"},\"inLanguage\":\"en-US\",\"potentialAction\":[{\"@type\":\"ReadAction\",\"target\":[\"https:\\\/\\\/www.tapasmagazine.es\\\/en\\\/tramo-opens-doors-sustainable-project-industrial-warehouse\\\/\"]}]},{\"@type\":\"ImageObject\",\"inLanguage\":\"en-US\",\"@id\":\"https:\\\/\\\/www.tapasmagazine.es\\\/en\\\/tramo-opens-doors-sustainable-project-industrial-warehouse\\\/#primaryimage\",\"url\":\"https:\\\/\\\/www.tapasmagazine.es\\\/wp-content\\\/uploads\\\/2023\\\/11\\\/tramo-restaurante-madrid-1.jpg\",\"contentUrl\":\"https:\\\/\\\/www.tapasmagazine.es\\\/wp-content\\\/uploads\\\/2023\\\/11\\\/tramo-restaurante-madrid-1.jpg\",\"width\":1200,\"height\":675},{\"@type\":\"BreadcrumbList\",\"@id\":\"https:\\\/\\\/www.tapasmagazine.es\\\/en\\\/tramo-opens-doors-sustainable-project-industrial-warehouse\\\/#breadcrumb\",\"itemListElement\":[{\"@type\":\"ListItem\",\"position\":1,\"name\":\"Portada\",\"item\":\"https:\\\/\\\/www.tapasmagazine.es\\\/\"},{\"@type\":\"ListItem\",\"position\":2,\"name\":\"News\",\"item\":\"https:\\\/\\\/www.tapasmagazine.es\\\/en\\\/categorias\\\/news\\\/\"},{\"@type\":\"ListItem\",\"position\":3,\"name\":\"TRAMO opens the doors of its sustainable project in an industrial warehouse\"}]},{\"@type\":\"WebSite\",\"@id\":\"https:\\\/\\\/www.tapasmagazine.es\\\/#website\",\"url\":\"https:\\\/\\\/www.tapasmagazine.es\\\/\",\"name\":\"Tapas\",\"description\":\"\u00d1am \u00d1am Lifestyle. La vida a bocados. Premio Nacional de Gastronom\u00eda 2016.\",\"publisher\":{\"@id\":\"https:\\\/\\\/www.tapasmagazine.es\\\/#organization\"},\"potentialAction\":[{\"@type\":\"SearchAction\",\"target\":{\"@type\":\"EntryPoint\",\"urlTemplate\":\"https:\\\/\\\/www.tapasmagazine.es\\\/?s={search_term_string}\"},\"query-input\":{\"@type\":\"PropertyValueSpecification\",\"valueRequired\":true,\"valueName\":\"search_term_string\"}}],\"inLanguage\":\"en-US\"},{\"@type\":\"Organization\",\"@id\":\"https:\\\/\\\/www.tapasmagazine.es\\\/#organization\",\"name\":\"Tapas Magazine\",\"url\":\"https:\\\/\\\/www.tapasmagazine.es\\\/\",\"logo\":{\"@type\":\"ImageObject\",\"inLanguage\":\"en-US\",\"@id\":\"https:\\\/\\\/www.tapasmagazine.es\\\/#\\\/schema\\\/logo\\\/image\\\/\",\"url\":\"https:\\\/\\\/www.tapasmagazine.es\\\/wp-content\\\/uploads\\\/2018\\\/01\\\/logo.png\",\"contentUrl\":\"https:\\\/\\\/www.tapasmagazine.es\\\/wp-content\\\/uploads\\\/2018\\\/01\\\/logo.png\",\"width\":180,\"height\":60,\"caption\":\"Tapas Magazine\"},\"image\":{\"@id\":\"https:\\\/\\\/www.tapasmagazine.es\\\/#\\\/schema\\\/logo\\\/image\\\/\"},\"sameAs\":[\"https:\\\/\\\/www.facebook.com\\\/tapasmagazine\",\"https:\\\/\\\/x.com\\\/TapasMagazine\",\"https:\\\/\\\/www.instagram.com\\\/tapasmagazine\\\/\",\"https:\\\/\\\/www.linkedin.com\\\/company\\\/tapas-magazine\",\"https:\\\/\\\/es.pinterest.com\\\/tapasmagazine\\\/\",\"https:\\\/\\\/www.youtube.com\\\/channel\\\/UCEyxneAaACuR0lfDagrWjjg?sub_confirmation=1\"]},{\"@type\":\"Person\",\"@id\":\"https:\\\/\\\/www.tapasmagazine.es\\\/#\\\/schema\\\/person\\\/eb46cbe76a9c8f062660eb609e3ecb4e\",\"name\":\"Laura P\u00e9rez\",\"url\":\"https:\\\/\\\/www.tapasmagazine.es\\\/en\\\/author\\\/laura-perez\\\/\"}]}<\/script>\n<!-- \/ Yoast SEO plugin. -->","yoast_head_json":{"title":"TRAMO opens the doors of its sustainable project in an industrial warehouse - Tapas","description":"Click here to read the Spanish version. From the creators of the acclaimed Italian restaurant Mo de Movimiento, run by Felipe Turell and Javier Antequera,","robots":{"index":"index","follow":"follow","max-snippet":"max-snippet:-1","max-image-preview":"max-image-preview:large","max-video-preview":"max-video-preview:-1"},"canonical":"https:\/\/www.tapasmagazine.es\/en\/tramo-opens-doors-sustainable-project-industrial-warehouse\/","og_locale":"en_US","og_type":"article","og_title":"TRAMO opens the doors of its sustainable project in an industrial warehouse - Tapas","og_description":"Click here to read the Spanish version. From the creators of the acclaimed Italian restaurant Mo de Movimiento, run by Felipe Turell and Javier Antequera,","og_url":"https:\/\/www.tapasmagazine.es\/en\/tramo-opens-doors-sustainable-project-industrial-warehouse\/","og_site_name":"Tapas","article_publisher":"https:\/\/www.facebook.com\/tapasmagazine","article_published_time":"2023-11-28T09:41:49+00:00","article_modified_time":"2023-11-28T09:51:19+00:00","og_image":[{"width":1200,"height":675,"url":"https:\/\/www.tapasmagazine.es\/wp-content\/uploads\/2023\/11\/tramo-restaurante-madrid-1.jpg","type":"image\/jpeg"}],"author":"Laura P\u00e9rez","twitter_card":"summary_large_image","twitter_creator":"@TapasMagazine","twitter_site":"@TapasMagazine","twitter_misc":{"Written by":"Laura P\u00e9rez","Est. reading time":"2 minutes"},"schema":{"@context":"https:\/\/schema.org","@graph":[{"@type":"Article","@id":"https:\/\/www.tapasmagazine.es\/en\/tramo-opens-doors-sustainable-project-industrial-warehouse\/#article","isPartOf":{"@id":"https:\/\/www.tapasmagazine.es\/en\/tramo-opens-doors-sustainable-project-industrial-warehouse\/"},"author":{"name":"Laura P\u00e9rez","@id":"https:\/\/www.tapasmagazine.es\/#\/schema\/person\/eb46cbe76a9c8f062660eb609e3ecb4e"},"headline":"TRAMO opens the doors of its sustainable project in an industrial warehouse","datePublished":"2023-11-28T09:41:49+00:00","dateModified":"2023-11-28T09:51:19+00:00","mainEntityOfPage":{"@id":"https:\/\/www.tapasmagazine.es\/en\/tramo-opens-doors-sustainable-project-industrial-warehouse\/"},"wordCount":352,"commentCount":0,"publisher":{"@id":"https:\/\/www.tapasmagazine.es\/#organization"},"image":{"@id":"https:\/\/www.tapasmagazine.es\/en\/tramo-opens-doors-sustainable-project-industrial-warehouse\/#primaryimage"},"thumbnailUrl":"https:\/\/www.tapasmagazine.es\/wp-content\/uploads\/2023\/11\/tramo-restaurante-madrid-1.jpg","keywords":["cocina sostenible","Madrid","restaurants","sostenibilidad"],"articleSection":["News"],"inLanguage":"en-US","potentialAction":[{"@type":"CommentAction","name":"Comment","target":["https:\/\/www.tapasmagazine.es\/en\/tramo-opens-doors-sustainable-project-industrial-warehouse\/#respond"]}]},{"@type":"WebPage","@id":"https:\/\/www.tapasmagazine.es\/en\/tramo-opens-doors-sustainable-project-industrial-warehouse\/","url":"https:\/\/www.tapasmagazine.es\/en\/tramo-opens-doors-sustainable-project-industrial-warehouse\/","name":"TRAMO opens the doors of its sustainable project in an industrial warehouse - Tapas","isPartOf":{"@id":"https:\/\/www.tapasmagazine.es\/#website"},"primaryImageOfPage":{"@id":"https:\/\/www.tapasmagazine.es\/en\/tramo-opens-doors-sustainable-project-industrial-warehouse\/#primaryimage"},"image":{"@id":"https:\/\/www.tapasmagazine.es\/en\/tramo-opens-doors-sustainable-project-industrial-warehouse\/#primaryimage"},"thumbnailUrl":"https:\/\/www.tapasmagazine.es\/wp-content\/uploads\/2023\/11\/tramo-restaurante-madrid-1.jpg","datePublished":"2023-11-28T09:41:49+00:00","dateModified":"2023-11-28T09:51:19+00:00","description":"Click here to read the Spanish version. From the creators of the acclaimed Italian restaurant Mo de Movimiento, run by Felipe Turell and Javier Antequera,","breadcrumb":{"@id":"https:\/\/www.tapasmagazine.es\/en\/tramo-opens-doors-sustainable-project-industrial-warehouse\/#breadcrumb"},"inLanguage":"en-US","potentialAction":[{"@type":"ReadAction","target":["https:\/\/www.tapasmagazine.es\/en\/tramo-opens-doors-sustainable-project-industrial-warehouse\/"]}]},{"@type":"ImageObject","inLanguage":"en-US","@id":"https:\/\/www.tapasmagazine.es\/en\/tramo-opens-doors-sustainable-project-industrial-warehouse\/#primaryimage","url":"https:\/\/www.tapasmagazine.es\/wp-content\/uploads\/2023\/11\/tramo-restaurante-madrid-1.jpg","contentUrl":"https:\/\/www.tapasmagazine.es\/wp-content\/uploads\/2023\/11\/tramo-restaurante-madrid-1.jpg","width":1200,"height":675},{"@type":"BreadcrumbList","@id":"https:\/\/www.tapasmagazine.es\/en\/tramo-opens-doors-sustainable-project-industrial-warehouse\/#breadcrumb","itemListElement":[{"@type":"ListItem","position":1,"name":"Portada","item":"https:\/\/www.tapasmagazine.es\/"},{"@type":"ListItem","position":2,"name":"News","item":"https:\/\/www.tapasmagazine.es\/en\/categorias\/news\/"},{"@type":"ListItem","position":3,"name":"TRAMO opens the doors of its sustainable project in an industrial warehouse"}]},{"@type":"WebSite","@id":"https:\/\/www.tapasmagazine.es\/#website","url":"https:\/\/www.tapasmagazine.es\/","name":"Tapas","description":"\u00d1am \u00d1am Lifestyle. La vida a bocados. Premio Nacional de Gastronom\u00eda 2016.","publisher":{"@id":"https:\/\/www.tapasmagazine.es\/#organization"},"potentialAction":[{"@type":"SearchAction","target":{"@type":"EntryPoint","urlTemplate":"https:\/\/www.tapasmagazine.es\/?s={search_term_string}"},"query-input":{"@type":"PropertyValueSpecification","valueRequired":true,"valueName":"search_term_string"}}],"inLanguage":"en-US"},{"@type":"Organization","@id":"https:\/\/www.tapasmagazine.es\/#organization","name":"Tapas Magazine","url":"https:\/\/www.tapasmagazine.es\/","logo":{"@type":"ImageObject","inLanguage":"en-US","@id":"https:\/\/www.tapasmagazine.es\/#\/schema\/logo\/image\/","url":"https:\/\/www.tapasmagazine.es\/wp-content\/uploads\/2018\/01\/logo.png","contentUrl":"https:\/\/www.tapasmagazine.es\/wp-content\/uploads\/2018\/01\/logo.png","width":180,"height":60,"caption":"Tapas Magazine"},"image":{"@id":"https:\/\/www.tapasmagazine.es\/#\/schema\/logo\/image\/"},"sameAs":["https:\/\/www.facebook.com\/tapasmagazine","https:\/\/x.com\/TapasMagazine","https:\/\/www.instagram.com\/tapasmagazine\/","https:\/\/www.linkedin.com\/company\/tapas-magazine","https:\/\/es.pinterest.com\/tapasmagazine\/","https:\/\/www.youtube.com\/channel\/UCEyxneAaACuR0lfDagrWjjg?sub_confirmation=1"]},{"@type":"Person","@id":"https:\/\/www.tapasmagazine.es\/#\/schema\/person\/eb46cbe76a9c8f062660eb609e3ecb4e","name":"Laura P\u00e9rez","url":"https:\/\/www.tapasmagazine.es\/en\/author\/laura-perez\/"}]}},"_links":{"self":[{"href":"https:\/\/www.tapasmagazine.es\/en\/wp-json\/wp\/v2\/posts\/221798","targetHints":{"allow":["GET"]}}],"collection":[{"href":"https:\/\/www.tapasmagazine.es\/en\/wp-json\/wp\/v2\/posts"}],"about":[{"href":"https:\/\/www.tapasmagazine.es\/en\/wp-json\/wp\/v2\/types\/post"}],"author":[{"embeddable":true,"href":"https:\/\/www.tapasmagazine.es\/en\/wp-json\/wp\/v2\/users\/285"}],"replies":[{"embeddable":true,"href":"https:\/\/www.tapasmagazine.es\/en\/wp-json\/wp\/v2\/comments?post=221798"}],"version-history":[{"count":4,"href":"https:\/\/www.tapasmagazine.es\/en\/wp-json\/wp\/v2\/posts\/221798\/revisions"}],"predecessor-version":[{"id":221803,"href":"https:\/\/www.tapasmagazine.es\/en\/wp-json\/wp\/v2\/posts\/221798\/revisions\/221803"}],"wp:featuredmedia":[{"embeddable":true,"href":"https:\/\/www.tapasmagazine.es\/en\/wp-json\/wp\/v2\/media\/221779"}],"wp:attachment":[{"href":"https:\/\/www.tapasmagazine.es\/en\/wp-json\/wp\/v2\/media?parent=221798"}],"wp:term":[{"taxonomy":"category","embeddable":true,"href":"https:\/\/www.tapasmagazine.es\/en\/wp-json\/wp\/v2\/categories?post=221798"},{"taxonomy":"post_tag","embeddable":true,"href":"https:\/\/www.tapasmagazine.es\/en\/wp-json\/wp\/v2\/tags?post=221798"}],"curies":[{"name":"wp","href":"https:\/\/api.w.org\/{rel}","templated":true}]}}