{"id":221582,"date":"2023-11-27T12:07:41","date_gmt":"2023-11-27T11:07:41","guid":{"rendered":"https:\/\/www.tapasmagazine.es\/kylie-jenner-ensena-su-deslumbrante-cena-de-accion-de-gracias\/"},"modified":"2023-11-27T12:10:42","modified_gmt":"2023-11-27T11:10:42","slug":"kylie-jenner-shows-off-her-stunning-thanksgiving-dinner","status":"publish","type":"post","link":"https:\/\/www.tapasmagazine.es\/en\/kylie-jenner-shows-off-her-stunning-thanksgiving-dinner\/","title":{"rendered":"Kylie Jenner shows off her stunning Thanksgiving dinner"},"content":{"rendered":"\n<p><strong>Click <a href=\"https:\/\/www.tapasmagazine.es\/kylie-jenner-ensena-su-deslumbrante-cena-de-accion-de-gracias\/\" target=\"_blank\" rel=\"noreferrer noopener\">here<\/a> to read the Spanish version.<\/strong><\/p>\n\n\n\n<p>On 23 November, the<strong> <\/strong>Kylie Cosmetics founder let her followers sit, in a way, at her Thanksgiving table, zooming in on all the details that made up the table and dinner, unveiling them through photo and video streams.<\/p>\n\n\n\n<p>The <strong>Kardashian-Jenner <\/strong>family offered a cursory glimpse into their feast and Kylie&#8217;s festive home decor with lavish and designer elements, along with her Christmas tree.<\/p>\n\n\n\n<figure class=\"wp-block-gallery has-nested-images columns-default is-cropped wp-block-gallery-1 is-layout-flex wp-block-gallery-is-layout-flex\">\n<figure class=\"wp-block-image size-large\"><a href=\"https:\/\/www.tapasmagazine.es\/wp-content\/uploads\/2023\/11\/kylie-jenner-cena-accion-gracias-3.jpg\"><img decoding=\"async\" width=\"634\" height=\"1024\" data-id=\"221570\" src=\"https:\/\/www.tapasmagazine.es\/wp-content\/uploads\/2023\/11\/kylie-jenner-cena-accion-gracias-3.jpg\" alt=\"\" class=\"wp-image-221570\" srcset=\"https:\/\/www.tapasmagazine.es\/wp-content\/uploads\/2023\/11\/kylie-jenner-cena-accion-gracias-3.jpg 634w, https:\/\/www.tapasmagazine.es\/wp-content\/uploads\/2023\/11\/kylie-jenner-cena-accion-gracias-3-186x300.jpg 186w, https:\/\/www.tapasmagazine.es\/wp-content\/uploads\/2023\/11\/kylie-jenner-cena-accion-gracias-3-400x646.jpg 400w\" sizes=\"(max-width: 634px) 100vw, 634px\" \/><\/a><\/figure>\n\n\n\n<figure class=\"wp-block-image size-large\"><a href=\"https:\/\/www.tapasmagazine.es\/wp-content\/uploads\/2023\/11\/kylie-jenner-cena-accion-gracias-4.jpg\"><img decoding=\"async\" width=\"634\" height=\"1024\" data-id=\"221572\" src=\"https:\/\/www.tapasmagazine.es\/wp-content\/uploads\/2023\/11\/kylie-jenner-cena-accion-gracias-4.jpg\" alt=\"\" class=\"wp-image-221572\" srcset=\"https:\/\/www.tapasmagazine.es\/wp-content\/uploads\/2023\/11\/kylie-jenner-cena-accion-gracias-4.jpg 634w, https:\/\/www.tapasmagazine.es\/wp-content\/uploads\/2023\/11\/kylie-jenner-cena-accion-gracias-4-186x300.jpg 186w, https:\/\/www.tapasmagazine.es\/wp-content\/uploads\/2023\/11\/kylie-jenner-cena-accion-gracias-4-400x646.jpg 400w\" sizes=\"(max-width: 634px) 100vw, 634px\" \/><\/a><\/figure>\n<\/figure>\n\n\n\n<p><strong>Kylie <\/strong>then uploaded a clip that continued to document the preparation of the family&#8217;s Thanksgiving dinner, showing a pot of boiling green beans. She also posted what appeared to be sliced sweet potatoes sprinkled with cinnamon, as well as other dishes such as macaroni and cheese and a delicious dessert: pie topped with whipped cream.<\/p>\n\n\n\n<figure class=\"wp-block-gallery has-nested-images columns-default is-cropped wp-block-gallery-2 is-layout-flex wp-block-gallery-is-layout-flex\">\n<figure class=\"wp-block-image size-large\"><a href=\"https:\/\/www.tapasmagazine.es\/wp-content\/uploads\/2023\/11\/kylie-jenner-cena-accion-gracias-5.jpg\"><img decoding=\"async\" width=\"634\" height=\"1024\" data-id=\"221577\" src=\"https:\/\/www.tapasmagazine.es\/wp-content\/uploads\/2023\/11\/kylie-jenner-cena-accion-gracias-5.jpg\" alt=\"\" class=\"wp-image-221577\" srcset=\"https:\/\/www.tapasmagazine.es\/wp-content\/uploads\/2023\/11\/kylie-jenner-cena-accion-gracias-5.jpg 634w, https:\/\/www.tapasmagazine.es\/wp-content\/uploads\/2023\/11\/kylie-jenner-cena-accion-gracias-5-186x300.jpg 186w, https:\/\/www.tapasmagazine.es\/wp-content\/uploads\/2023\/11\/kylie-jenner-cena-accion-gracias-5-400x646.jpg 400w\" sizes=\"(max-width: 634px) 100vw, 634px\" \/><\/a><\/figure>\n\n\n\n<figure class=\"wp-block-image size-large\"><a href=\"https:\/\/www.tapasmagazine.es\/wp-content\/uploads\/2023\/11\/kylie-jenner-cena-accion-gracias-6.jpg\"><img decoding=\"async\" width=\"634\" height=\"1024\" data-id=\"221579\" src=\"https:\/\/www.tapasmagazine.es\/wp-content\/uploads\/2023\/11\/kylie-jenner-cena-accion-gracias-6.jpg\" alt=\"\" class=\"wp-image-221579\" srcset=\"https:\/\/www.tapasmagazine.es\/wp-content\/uploads\/2023\/11\/kylie-jenner-cena-accion-gracias-6.jpg 634w, https:\/\/www.tapasmagazine.es\/wp-content\/uploads\/2023\/11\/kylie-jenner-cena-accion-gracias-6-186x300.jpg 186w, https:\/\/www.tapasmagazine.es\/wp-content\/uploads\/2023\/11\/kylie-jenner-cena-accion-gracias-6-400x646.jpg 400w\" sizes=\"(max-width: 634px) 100vw, 634px\" \/><\/a><\/figure>\n<\/figure>\n\n\n\n<p>After the food-centric videos, Kylie shared a nostalgic photo of her family that she republished from a fan account on her Instagram. The photo featured the creator of the Khy clothing line, along with Kendall, Kim, Khlo\u00e9, Kourtney and Rob, all dressed in black during one of the Thanksgiving soirees.<\/p>\n","protected":false},"excerpt":{"rendered":"<p>Click here to read the Spanish version. On 23 November, the Kylie Cosmetics founder let her followers sit, in a way, at her Thanksgiving table, zooming in on all the details that made up the table and dinner, unveiling them through photo and video streams. The Kardashian-Jenner family offered a cursory glimpse into their feast [&hellip;]<\/p>\n","protected":false},"author":285,"featured_media":221569,"comment_status":"open","ping_status":"closed","sticky":false,"template":"single-feature.php","format":"standard","meta":{"_acf_changed":false,"footnotes":""},"categories":[15802,15851,15910],"tags":[18642,18232],"class_list":["post-221582","post","type-post","status-publish","format-standard","has-post-thumbnail","hentry","category-news","category-nombres-propios-en","category-personajes-en","tag-accion-de-gracias-en","tag-kylie-jenner-en","cat-15802-id","cat-15851-id","cat-15910-id"],"acf":[],"yoast_head":"<!-- This site is optimized with the Yoast SEO plugin v27.4 - https:\/\/yoast.com\/product\/yoast-seo-wordpress\/ -->\n<title>Kylie Jenner shows off her stunning Thanksgiving dinner - Tapas<\/title>\n<meta name=\"description\" content=\"Click here to read the Spanish version. On 23 November, the Kylie Cosmetics founder let her followers sit, in a way, at her Thanksgiving table, zooming in\" \/>\n<meta name=\"robots\" content=\"index, follow, max-snippet:-1, max-image-preview:large, max-video-preview:-1\" \/>\n<link rel=\"canonical\" href=\"https:\/\/www.tapasmagazine.es\/en\/kylie-jenner-shows-off-her-stunning-thanksgiving-dinner\/\" \/>\n<meta property=\"og:locale\" content=\"en_US\" \/>\n<meta property=\"og:type\" content=\"article\" \/>\n<meta property=\"og:title\" content=\"Kylie Jenner shows off her stunning Thanksgiving dinner - Tapas\" \/>\n<meta property=\"og:description\" content=\"Click here to read the Spanish version. On 23 November, the Kylie Cosmetics founder let her followers sit, in a way, at her Thanksgiving table, zooming in\" \/>\n<meta property=\"og:url\" content=\"https:\/\/www.tapasmagazine.es\/en\/kylie-jenner-shows-off-her-stunning-thanksgiving-dinner\/\" \/>\n<meta property=\"og:site_name\" content=\"Tapas\" \/>\n<meta property=\"article:publisher\" content=\"https:\/\/www.facebook.com\/tapasmagazine\" \/>\n<meta property=\"article:published_time\" content=\"2023-11-27T11:07:41+00:00\" \/>\n<meta property=\"article:modified_time\" content=\"2023-11-27T11:10:42+00:00\" \/>\n<meta property=\"og:image\" content=\"https:\/\/www.tapasmagazine.es\/wp-content\/uploads\/2023\/11\/kylie-jenner-cena-accion-gracias-1.jpg\" \/>\n\t<meta property=\"og:image:width\" content=\"1200\" \/>\n\t<meta property=\"og:image:height\" content=\"675\" \/>\n\t<meta property=\"og:image:type\" content=\"image\/jpeg\" \/>\n<meta name=\"author\" content=\"Laura P\u00e9rez\" \/>\n<meta name=\"twitter:card\" content=\"summary_large_image\" \/>\n<meta name=\"twitter:creator\" content=\"@TapasMagazine\" \/>\n<meta name=\"twitter:site\" content=\"@TapasMagazine\" \/>\n<meta name=\"twitter:label1\" content=\"Written by\" \/>\n\t<meta name=\"twitter:data1\" content=\"Laura P\u00e9rez\" \/>\n\t<meta name=\"twitter:label2\" content=\"Est. reading time\" \/>\n\t<meta name=\"twitter:data2\" content=\"2 minutes\" \/>\n<script type=\"application\/ld+json\" class=\"yoast-schema-graph\">{\"@context\":\"https:\\\/\\\/schema.org\",\"@graph\":[{\"@type\":\"Article\",\"@id\":\"https:\\\/\\\/www.tapasmagazine.es\\\/en\\\/kylie-jenner-shows-off-her-stunning-thanksgiving-dinner\\\/#article\",\"isPartOf\":{\"@id\":\"https:\\\/\\\/www.tapasmagazine.es\\\/en\\\/kylie-jenner-shows-off-her-stunning-thanksgiving-dinner\\\/\"},\"author\":{\"name\":\"Laura P\u00e9rez\",\"@id\":\"https:\\\/\\\/www.tapasmagazine.es\\\/#\\\/schema\\\/person\\\/eb46cbe76a9c8f062660eb609e3ecb4e\"},\"headline\":\"Kylie Jenner shows off her stunning Thanksgiving dinner\",\"datePublished\":\"2023-11-27T11:07:41+00:00\",\"dateModified\":\"2023-11-27T11:10:42+00:00\",\"mainEntityOfPage\":{\"@id\":\"https:\\\/\\\/www.tapasmagazine.es\\\/en\\\/kylie-jenner-shows-off-her-stunning-thanksgiving-dinner\\\/\"},\"wordCount\":184,\"commentCount\":0,\"publisher\":{\"@id\":\"https:\\\/\\\/www.tapasmagazine.es\\\/#organization\"},\"image\":{\"@id\":\"https:\\\/\\\/www.tapasmagazine.es\\\/en\\\/kylie-jenner-shows-off-her-stunning-thanksgiving-dinner\\\/#primaryimage\"},\"thumbnailUrl\":\"https:\\\/\\\/www.tapasmagazine.es\\\/wp-content\\\/uploads\\\/2023\\\/11\\\/kylie-jenner-cena-accion-gracias-1.jpg\",\"keywords\":[\"Acci\u00f3n de gracias\",\"Kylie Jenner\"],\"articleSection\":[\"News\",\"Nombres propios\",\"Personajes\"],\"inLanguage\":\"en-US\",\"potentialAction\":[{\"@type\":\"CommentAction\",\"name\":\"Comment\",\"target\":[\"https:\\\/\\\/www.tapasmagazine.es\\\/en\\\/kylie-jenner-shows-off-her-stunning-thanksgiving-dinner\\\/#respond\"]}]},{\"@type\":\"WebPage\",\"@id\":\"https:\\\/\\\/www.tapasmagazine.es\\\/en\\\/kylie-jenner-shows-off-her-stunning-thanksgiving-dinner\\\/\",\"url\":\"https:\\\/\\\/www.tapasmagazine.es\\\/en\\\/kylie-jenner-shows-off-her-stunning-thanksgiving-dinner\\\/\",\"name\":\"Kylie Jenner shows off her stunning Thanksgiving dinner - Tapas\",\"isPartOf\":{\"@id\":\"https:\\\/\\\/www.tapasmagazine.es\\\/#website\"},\"primaryImageOfPage\":{\"@id\":\"https:\\\/\\\/www.tapasmagazine.es\\\/en\\\/kylie-jenner-shows-off-her-stunning-thanksgiving-dinner\\\/#primaryimage\"},\"image\":{\"@id\":\"https:\\\/\\\/www.tapasmagazine.es\\\/en\\\/kylie-jenner-shows-off-her-stunning-thanksgiving-dinner\\\/#primaryimage\"},\"thumbnailUrl\":\"https:\\\/\\\/www.tapasmagazine.es\\\/wp-content\\\/uploads\\\/2023\\\/11\\\/kylie-jenner-cena-accion-gracias-1.jpg\",\"datePublished\":\"2023-11-27T11:07:41+00:00\",\"dateModified\":\"2023-11-27T11:10:42+00:00\",\"description\":\"Click here to read the Spanish version. On 23 November, the Kylie Cosmetics founder let her followers sit, in a way, at her Thanksgiving table, zooming in\",\"breadcrumb\":{\"@id\":\"https:\\\/\\\/www.tapasmagazine.es\\\/en\\\/kylie-jenner-shows-off-her-stunning-thanksgiving-dinner\\\/#breadcrumb\"},\"inLanguage\":\"en-US\",\"potentialAction\":[{\"@type\":\"ReadAction\",\"target\":[\"https:\\\/\\\/www.tapasmagazine.es\\\/en\\\/kylie-jenner-shows-off-her-stunning-thanksgiving-dinner\\\/\"]}]},{\"@type\":\"ImageObject\",\"inLanguage\":\"en-US\",\"@id\":\"https:\\\/\\\/www.tapasmagazine.es\\\/en\\\/kylie-jenner-shows-off-her-stunning-thanksgiving-dinner\\\/#primaryimage\",\"url\":\"https:\\\/\\\/www.tapasmagazine.es\\\/wp-content\\\/uploads\\\/2023\\\/11\\\/kylie-jenner-cena-accion-gracias-1.jpg\",\"contentUrl\":\"https:\\\/\\\/www.tapasmagazine.es\\\/wp-content\\\/uploads\\\/2023\\\/11\\\/kylie-jenner-cena-accion-gracias-1.jpg\",\"width\":1200,\"height\":675},{\"@type\":\"BreadcrumbList\",\"@id\":\"https:\\\/\\\/www.tapasmagazine.es\\\/en\\\/kylie-jenner-shows-off-her-stunning-thanksgiving-dinner\\\/#breadcrumb\",\"itemListElement\":[{\"@type\":\"ListItem\",\"position\":1,\"name\":\"Portada\",\"item\":\"https:\\\/\\\/www.tapasmagazine.es\\\/\"},{\"@type\":\"ListItem\",\"position\":2,\"name\":\"News\",\"item\":\"https:\\\/\\\/www.tapasmagazine.es\\\/en\\\/categorias\\\/news\\\/\"},{\"@type\":\"ListItem\",\"position\":3,\"name\":\"Kylie Jenner shows off her stunning Thanksgiving dinner\"}]},{\"@type\":\"WebSite\",\"@id\":\"https:\\\/\\\/www.tapasmagazine.es\\\/#website\",\"url\":\"https:\\\/\\\/www.tapasmagazine.es\\\/\",\"name\":\"Tapas\",\"description\":\"\u00d1am \u00d1am Lifestyle. La vida a bocados. Premio Nacional de Gastronom\u00eda 2016.\",\"publisher\":{\"@id\":\"https:\\\/\\\/www.tapasmagazine.es\\\/#organization\"},\"potentialAction\":[{\"@type\":\"SearchAction\",\"target\":{\"@type\":\"EntryPoint\",\"urlTemplate\":\"https:\\\/\\\/www.tapasmagazine.es\\\/?s={search_term_string}\"},\"query-input\":{\"@type\":\"PropertyValueSpecification\",\"valueRequired\":true,\"valueName\":\"search_term_string\"}}],\"inLanguage\":\"en-US\"},{\"@type\":\"Organization\",\"@id\":\"https:\\\/\\\/www.tapasmagazine.es\\\/#organization\",\"name\":\"Tapas Magazine\",\"url\":\"https:\\\/\\\/www.tapasmagazine.es\\\/\",\"logo\":{\"@type\":\"ImageObject\",\"inLanguage\":\"en-US\",\"@id\":\"https:\\\/\\\/www.tapasmagazine.es\\\/#\\\/schema\\\/logo\\\/image\\\/\",\"url\":\"https:\\\/\\\/www.tapasmagazine.es\\\/wp-content\\\/uploads\\\/2018\\\/01\\\/logo.png\",\"contentUrl\":\"https:\\\/\\\/www.tapasmagazine.es\\\/wp-content\\\/uploads\\\/2018\\\/01\\\/logo.png\",\"width\":180,\"height\":60,\"caption\":\"Tapas Magazine\"},\"image\":{\"@id\":\"https:\\\/\\\/www.tapasmagazine.es\\\/#\\\/schema\\\/logo\\\/image\\\/\"},\"sameAs\":[\"https:\\\/\\\/www.facebook.com\\\/tapasmagazine\",\"https:\\\/\\\/x.com\\\/TapasMagazine\",\"https:\\\/\\\/www.instagram.com\\\/tapasmagazine\\\/\",\"https:\\\/\\\/www.linkedin.com\\\/company\\\/tapas-magazine\",\"https:\\\/\\\/es.pinterest.com\\\/tapasmagazine\\\/\",\"https:\\\/\\\/www.youtube.com\\\/channel\\\/UCEyxneAaACuR0lfDagrWjjg?sub_confirmation=1\"]},{\"@type\":\"Person\",\"@id\":\"https:\\\/\\\/www.tapasmagazine.es\\\/#\\\/schema\\\/person\\\/eb46cbe76a9c8f062660eb609e3ecb4e\",\"name\":\"Laura P\u00e9rez\",\"url\":\"https:\\\/\\\/www.tapasmagazine.es\\\/en\\\/author\\\/laura-perez\\\/\"}]}<\/script>\n<!-- \/ Yoast SEO plugin. -->","yoast_head_json":{"title":"Kylie Jenner shows off her stunning Thanksgiving dinner - Tapas","description":"Click here to read the Spanish version. On 23 November, the Kylie Cosmetics founder let her followers sit, in a way, at her Thanksgiving table, zooming in","robots":{"index":"index","follow":"follow","max-snippet":"max-snippet:-1","max-image-preview":"max-image-preview:large","max-video-preview":"max-video-preview:-1"},"canonical":"https:\/\/www.tapasmagazine.es\/en\/kylie-jenner-shows-off-her-stunning-thanksgiving-dinner\/","og_locale":"en_US","og_type":"article","og_title":"Kylie Jenner shows off her stunning Thanksgiving dinner - Tapas","og_description":"Click here to read the Spanish version. On 23 November, the Kylie Cosmetics founder let her followers sit, in a way, at her Thanksgiving table, zooming in","og_url":"https:\/\/www.tapasmagazine.es\/en\/kylie-jenner-shows-off-her-stunning-thanksgiving-dinner\/","og_site_name":"Tapas","article_publisher":"https:\/\/www.facebook.com\/tapasmagazine","article_published_time":"2023-11-27T11:07:41+00:00","article_modified_time":"2023-11-27T11:10:42+00:00","og_image":[{"width":1200,"height":675,"url":"https:\/\/www.tapasmagazine.es\/wp-content\/uploads\/2023\/11\/kylie-jenner-cena-accion-gracias-1.jpg","type":"image\/jpeg"}],"author":"Laura P\u00e9rez","twitter_card":"summary_large_image","twitter_creator":"@TapasMagazine","twitter_site":"@TapasMagazine","twitter_misc":{"Written by":"Laura P\u00e9rez","Est. reading time":"2 minutes"},"schema":{"@context":"https:\/\/schema.org","@graph":[{"@type":"Article","@id":"https:\/\/www.tapasmagazine.es\/en\/kylie-jenner-shows-off-her-stunning-thanksgiving-dinner\/#article","isPartOf":{"@id":"https:\/\/www.tapasmagazine.es\/en\/kylie-jenner-shows-off-her-stunning-thanksgiving-dinner\/"},"author":{"name":"Laura P\u00e9rez","@id":"https:\/\/www.tapasmagazine.es\/#\/schema\/person\/eb46cbe76a9c8f062660eb609e3ecb4e"},"headline":"Kylie Jenner shows off her stunning Thanksgiving dinner","datePublished":"2023-11-27T11:07:41+00:00","dateModified":"2023-11-27T11:10:42+00:00","mainEntityOfPage":{"@id":"https:\/\/www.tapasmagazine.es\/en\/kylie-jenner-shows-off-her-stunning-thanksgiving-dinner\/"},"wordCount":184,"commentCount":0,"publisher":{"@id":"https:\/\/www.tapasmagazine.es\/#organization"},"image":{"@id":"https:\/\/www.tapasmagazine.es\/en\/kylie-jenner-shows-off-her-stunning-thanksgiving-dinner\/#primaryimage"},"thumbnailUrl":"https:\/\/www.tapasmagazine.es\/wp-content\/uploads\/2023\/11\/kylie-jenner-cena-accion-gracias-1.jpg","keywords":["Acci\u00f3n de gracias","Kylie Jenner"],"articleSection":["News","Nombres propios","Personajes"],"inLanguage":"en-US","potentialAction":[{"@type":"CommentAction","name":"Comment","target":["https:\/\/www.tapasmagazine.es\/en\/kylie-jenner-shows-off-her-stunning-thanksgiving-dinner\/#respond"]}]},{"@type":"WebPage","@id":"https:\/\/www.tapasmagazine.es\/en\/kylie-jenner-shows-off-her-stunning-thanksgiving-dinner\/","url":"https:\/\/www.tapasmagazine.es\/en\/kylie-jenner-shows-off-her-stunning-thanksgiving-dinner\/","name":"Kylie Jenner shows off her stunning Thanksgiving dinner - Tapas","isPartOf":{"@id":"https:\/\/www.tapasmagazine.es\/#website"},"primaryImageOfPage":{"@id":"https:\/\/www.tapasmagazine.es\/en\/kylie-jenner-shows-off-her-stunning-thanksgiving-dinner\/#primaryimage"},"image":{"@id":"https:\/\/www.tapasmagazine.es\/en\/kylie-jenner-shows-off-her-stunning-thanksgiving-dinner\/#primaryimage"},"thumbnailUrl":"https:\/\/www.tapasmagazine.es\/wp-content\/uploads\/2023\/11\/kylie-jenner-cena-accion-gracias-1.jpg","datePublished":"2023-11-27T11:07:41+00:00","dateModified":"2023-11-27T11:10:42+00:00","description":"Click here to read the Spanish version. On 23 November, the Kylie Cosmetics founder let her followers sit, in a way, at her Thanksgiving table, zooming in","breadcrumb":{"@id":"https:\/\/www.tapasmagazine.es\/en\/kylie-jenner-shows-off-her-stunning-thanksgiving-dinner\/#breadcrumb"},"inLanguage":"en-US","potentialAction":[{"@type":"ReadAction","target":["https:\/\/www.tapasmagazine.es\/en\/kylie-jenner-shows-off-her-stunning-thanksgiving-dinner\/"]}]},{"@type":"ImageObject","inLanguage":"en-US","@id":"https:\/\/www.tapasmagazine.es\/en\/kylie-jenner-shows-off-her-stunning-thanksgiving-dinner\/#primaryimage","url":"https:\/\/www.tapasmagazine.es\/wp-content\/uploads\/2023\/11\/kylie-jenner-cena-accion-gracias-1.jpg","contentUrl":"https:\/\/www.tapasmagazine.es\/wp-content\/uploads\/2023\/11\/kylie-jenner-cena-accion-gracias-1.jpg","width":1200,"height":675},{"@type":"BreadcrumbList","@id":"https:\/\/www.tapasmagazine.es\/en\/kylie-jenner-shows-off-her-stunning-thanksgiving-dinner\/#breadcrumb","itemListElement":[{"@type":"ListItem","position":1,"name":"Portada","item":"https:\/\/www.tapasmagazine.es\/"},{"@type":"ListItem","position":2,"name":"News","item":"https:\/\/www.tapasmagazine.es\/en\/categorias\/news\/"},{"@type":"ListItem","position":3,"name":"Kylie Jenner shows off her stunning Thanksgiving dinner"}]},{"@type":"WebSite","@id":"https:\/\/www.tapasmagazine.es\/#website","url":"https:\/\/www.tapasmagazine.es\/","name":"Tapas","description":"\u00d1am \u00d1am Lifestyle. La vida a bocados. Premio Nacional de Gastronom\u00eda 2016.","publisher":{"@id":"https:\/\/www.tapasmagazine.es\/#organization"},"potentialAction":[{"@type":"SearchAction","target":{"@type":"EntryPoint","urlTemplate":"https:\/\/www.tapasmagazine.es\/?s={search_term_string}"},"query-input":{"@type":"PropertyValueSpecification","valueRequired":true,"valueName":"search_term_string"}}],"inLanguage":"en-US"},{"@type":"Organization","@id":"https:\/\/www.tapasmagazine.es\/#organization","name":"Tapas Magazine","url":"https:\/\/www.tapasmagazine.es\/","logo":{"@type":"ImageObject","inLanguage":"en-US","@id":"https:\/\/www.tapasmagazine.es\/#\/schema\/logo\/image\/","url":"https:\/\/www.tapasmagazine.es\/wp-content\/uploads\/2018\/01\/logo.png","contentUrl":"https:\/\/www.tapasmagazine.es\/wp-content\/uploads\/2018\/01\/logo.png","width":180,"height":60,"caption":"Tapas Magazine"},"image":{"@id":"https:\/\/www.tapasmagazine.es\/#\/schema\/logo\/image\/"},"sameAs":["https:\/\/www.facebook.com\/tapasmagazine","https:\/\/x.com\/TapasMagazine","https:\/\/www.instagram.com\/tapasmagazine\/","https:\/\/www.linkedin.com\/company\/tapas-magazine","https:\/\/es.pinterest.com\/tapasmagazine\/","https:\/\/www.youtube.com\/channel\/UCEyxneAaACuR0lfDagrWjjg?sub_confirmation=1"]},{"@type":"Person","@id":"https:\/\/www.tapasmagazine.es\/#\/schema\/person\/eb46cbe76a9c8f062660eb609e3ecb4e","name":"Laura P\u00e9rez","url":"https:\/\/www.tapasmagazine.es\/en\/author\/laura-perez\/"}]}},"_links":{"self":[{"href":"https:\/\/www.tapasmagazine.es\/en\/wp-json\/wp\/v2\/posts\/221582","targetHints":{"allow":["GET"]}}],"collection":[{"href":"https:\/\/www.tapasmagazine.es\/en\/wp-json\/wp\/v2\/posts"}],"about":[{"href":"https:\/\/www.tapasmagazine.es\/en\/wp-json\/wp\/v2\/types\/post"}],"author":[{"embeddable":true,"href":"https:\/\/www.tapasmagazine.es\/en\/wp-json\/wp\/v2\/users\/285"}],"replies":[{"embeddable":true,"href":"https:\/\/www.tapasmagazine.es\/en\/wp-json\/wp\/v2\/comments?post=221582"}],"version-history":[{"count":4,"href":"https:\/\/www.tapasmagazine.es\/en\/wp-json\/wp\/v2\/posts\/221582\/revisions"}],"predecessor-version":[{"id":221587,"href":"https:\/\/www.tapasmagazine.es\/en\/wp-json\/wp\/v2\/posts\/221582\/revisions\/221587"}],"wp:featuredmedia":[{"embeddable":true,"href":"https:\/\/www.tapasmagazine.es\/en\/wp-json\/wp\/v2\/media\/221569"}],"wp:attachment":[{"href":"https:\/\/www.tapasmagazine.es\/en\/wp-json\/wp\/v2\/media?parent=221582"}],"wp:term":[{"taxonomy":"category","embeddable":true,"href":"https:\/\/www.tapasmagazine.es\/en\/wp-json\/wp\/v2\/categories?post=221582"},{"taxonomy":"post_tag","embeddable":true,"href":"https:\/\/www.tapasmagazine.es\/en\/wp-json\/wp\/v2\/tags?post=221582"}],"curies":[{"name":"wp","href":"https:\/\/api.w.org\/{rel}","templated":true}]}}