{"id":221369,"date":"2023-11-24T11:49:27","date_gmt":"2023-11-24T10:49:27","guid":{"rendered":"https:\/\/www.tapasmagazine.es\/este-refrigerador-modular-se-presenta-como-la-gran-alternativa-sostenible-a-la-nevera-electrica\/"},"modified":"2023-11-24T11:54:53","modified_gmt":"2023-11-24T10:54:53","slug":"modular-refrigerator-sustainable-alternative-to-the-electric-one","status":"publish","type":"post","link":"https:\/\/www.tapasmagazine.es\/en\/modular-refrigerator-sustainable-alternative-to-the-electric-one\/","title":{"rendered":"This modular refrigerator is the sustainable alternative to the electric one"},"content":{"rendered":"\n<p><strong>Click <a href=\"https:\/\/www.tapasmagazine.es\/este-refrigerador-modular-se-presenta-como-la-gran-alternativa-sostenible-a-la-nevera-electrica\/\" target=\"_blank\" rel=\"noreferrer noopener\">here<\/a> to read the Spanish version.<\/strong><\/p>\n\n\n\n<p>The future looks bright when creative minds come up with new products to alleviate the climate crisis. Such is the case with this disruptive invention known as <strong>TONY\u00ae<\/strong>.<\/p>\n\n\n\n<p>Lea Lorenz aims to revolutionise the industry with this large modular fridge that works without electricity, powered by evaporative cooling, as an alternative to the traditional fridge: one of the most electricity-consuming household appliances.\u00a0<\/p>\n\n\n\n<p>It is a modular clay system that uses the principle of evaporative cooling without the need to store food in the fridge, allowing food, especially fruit and vegetables, to stay fresh and not spoil.<\/p>\n\n\n\n<figure class=\"wp-block-gallery has-nested-images columns-default is-cropped wp-block-gallery-1 is-layout-flex wp-block-gallery-is-layout-flex\">\n<figure class=\"wp-block-image size-large\"><a href=\"https:\/\/www.tapasmagazine.es\/wp-content\/uploads\/2023\/11\/refrigerador-sostenible-tony-2.jpg\"><img decoding=\"async\" width=\"683\" height=\"1024\" data-id=\"221355\" src=\"https:\/\/www.tapasmagazine.es\/wp-content\/uploads\/2023\/11\/refrigerador-sostenible-tony-2-683x1024.jpg\" alt=\"\" class=\"wp-image-221355\" srcset=\"https:\/\/www.tapasmagazine.es\/wp-content\/uploads\/2023\/11\/refrigerador-sostenible-tony-2-683x1024.jpg 683w, https:\/\/www.tapasmagazine.es\/wp-content\/uploads\/2023\/11\/refrigerador-sostenible-tony-2-200x300.jpg 200w, https:\/\/www.tapasmagazine.es\/wp-content\/uploads\/2023\/11\/refrigerador-sostenible-tony-2-768x1152.jpg 768w, https:\/\/www.tapasmagazine.es\/wp-content\/uploads\/2023\/11\/refrigerador-sostenible-tony-2-1024x1536.jpg 1024w, https:\/\/www.tapasmagazine.es\/wp-content\/uploads\/2023\/11\/refrigerador-sostenible-tony-2-1000x1500.jpg 1000w, https:\/\/www.tapasmagazine.es\/wp-content\/uploads\/2023\/11\/refrigerador-sostenible-tony-2-400x600.jpg 400w, https:\/\/www.tapasmagazine.es\/wp-content\/uploads\/2023\/11\/refrigerador-sostenible-tony-2.jpg 1200w\" sizes=\"(max-width: 683px) 100vw, 683px\" \/><\/a><\/figure>\n\n\n\n<figure class=\"wp-block-image size-large\"><a href=\"https:\/\/www.tapasmagazine.es\/wp-content\/uploads\/2023\/11\/refrigerador-sostenible-tony-3.jpg\"><img decoding=\"async\" width=\"683\" height=\"1024\" data-id=\"221357\" src=\"https:\/\/www.tapasmagazine.es\/wp-content\/uploads\/2023\/11\/refrigerador-sostenible-tony-3-683x1024.jpg\" alt=\"\" class=\"wp-image-221357\" srcset=\"https:\/\/www.tapasmagazine.es\/wp-content\/uploads\/2023\/11\/refrigerador-sostenible-tony-3-683x1024.jpg 683w, https:\/\/www.tapasmagazine.es\/wp-content\/uploads\/2023\/11\/refrigerador-sostenible-tony-3-200x300.jpg 200w, https:\/\/www.tapasmagazine.es\/wp-content\/uploads\/2023\/11\/refrigerador-sostenible-tony-3-768x1152.jpg 768w, https:\/\/www.tapasmagazine.es\/wp-content\/uploads\/2023\/11\/refrigerador-sostenible-tony-3-1024x1536.jpg 1024w, https:\/\/www.tapasmagazine.es\/wp-content\/uploads\/2023\/11\/refrigerador-sostenible-tony-3-1000x1500.jpg 1000w, https:\/\/www.tapasmagazine.es\/wp-content\/uploads\/2023\/11\/refrigerador-sostenible-tony-3-400x600.jpg 400w, https:\/\/www.tapasmagazine.es\/wp-content\/uploads\/2023\/11\/refrigerador-sostenible-tony-3.jpg 1200w\" sizes=\"(max-width: 683px) 100vw, 683px\" \/><\/a><\/figure>\n<\/figure>\n\n\n\n<p>The modules, which can be stacked on wooden shelves, consist of a water reservoir, a food container and a lid that work as follows: the porous clay known as raku naturally absorbs the water in the reservoir, and when it evaporates on the walls of the food container, it cools the interior to between 13 and 17 degrees Celsius.<\/p>\n\n\n\n<p>Lea Lorenz&#8217;s eco-futuristic, low-impact, energy-efficient fridge is thus presented as the great modern reimagining of the planet-changing method of refrigeration.<\/p>\n","protected":false},"excerpt":{"rendered":"<p>Click here to read the Spanish version. The future looks bright when creative minds come up with new products to alleviate the climate crisis. Such is the case with this disruptive invention known as TONY\u00ae. Lea Lorenz aims to revolutionise the industry with this large modular fridge that works without electricity, powered by evaporative cooling, [&hellip;]<\/p>\n","protected":false},"author":285,"featured_media":221354,"comment_status":"open","ping_status":"closed","sticky":false,"template":"single-feature.php","format":"standard","meta":{"_acf_changed":false,"footnotes":""},"categories":[15802],"tags":[18246],"class_list":["post-221369","post","type-post","status-publish","format-standard","has-post-thumbnail","hentry","category-news","tag-nevera-en","cat-15802-id"],"acf":[],"yoast_head":"<!-- This site is optimized with the Yoast SEO plugin v27.4 - https:\/\/yoast.com\/product\/yoast-seo-wordpress\/ -->\n<title>This modular refrigerator is the sustainable alternative to the electric one - Tapas<\/title>\n<meta name=\"description\" content=\"Click here to read the Spanish version. The future looks bright when creative minds come up with new products to alleviate the climate crisis. Such is the\" \/>\n<meta name=\"robots\" content=\"index, follow, max-snippet:-1, max-image-preview:large, max-video-preview:-1\" \/>\n<link rel=\"canonical\" href=\"https:\/\/www.tapasmagazine.es\/en\/modular-refrigerator-sustainable-alternative-to-the-electric-one\/\" \/>\n<meta property=\"og:locale\" content=\"en_US\" \/>\n<meta property=\"og:type\" content=\"article\" \/>\n<meta property=\"og:title\" content=\"This modular refrigerator is the sustainable alternative to the electric one - Tapas\" \/>\n<meta property=\"og:description\" content=\"Click here to read the Spanish version. The future looks bright when creative minds come up with new products to alleviate the climate crisis. Such is the\" \/>\n<meta property=\"og:url\" content=\"https:\/\/www.tapasmagazine.es\/en\/modular-refrigerator-sustainable-alternative-to-the-electric-one\/\" \/>\n<meta property=\"og:site_name\" content=\"Tapas\" \/>\n<meta property=\"article:publisher\" content=\"https:\/\/www.facebook.com\/tapasmagazine\" \/>\n<meta property=\"article:published_time\" content=\"2023-11-24T10:49:27+00:00\" \/>\n<meta property=\"article:modified_time\" content=\"2023-11-24T10:54:53+00:00\" \/>\n<meta property=\"og:image\" content=\"https:\/\/www.tapasmagazine.es\/wp-content\/uploads\/2023\/11\/refrigerador-sostenible-tony-1.jpg\" \/>\n\t<meta property=\"og:image:width\" content=\"1200\" \/>\n\t<meta property=\"og:image:height\" content=\"675\" \/>\n\t<meta property=\"og:image:type\" content=\"image\/jpeg\" \/>\n<meta name=\"author\" content=\"Laura P\u00e9rez\" \/>\n<meta name=\"twitter:card\" content=\"summary_large_image\" \/>\n<meta name=\"twitter:creator\" content=\"@TapasMagazine\" \/>\n<meta name=\"twitter:site\" content=\"@TapasMagazine\" \/>\n<meta name=\"twitter:label1\" content=\"Written by\" \/>\n\t<meta name=\"twitter:data1\" content=\"Laura P\u00e9rez\" \/>\n\t<meta name=\"twitter:label2\" content=\"Est. reading time\" \/>\n\t<meta name=\"twitter:data2\" content=\"2 minutes\" \/>\n<script type=\"application\/ld+json\" class=\"yoast-schema-graph\">{\"@context\":\"https:\\\/\\\/schema.org\",\"@graph\":[{\"@type\":\"Article\",\"@id\":\"https:\\\/\\\/www.tapasmagazine.es\\\/en\\\/modular-refrigerator-sustainable-alternative-to-the-electric-one\\\/#article\",\"isPartOf\":{\"@id\":\"https:\\\/\\\/www.tapasmagazine.es\\\/en\\\/modular-refrigerator-sustainable-alternative-to-the-electric-one\\\/\"},\"author\":{\"name\":\"Laura P\u00e9rez\",\"@id\":\"https:\\\/\\\/www.tapasmagazine.es\\\/#\\\/schema\\\/person\\\/eb46cbe76a9c8f062660eb609e3ecb4e\"},\"headline\":\"This modular refrigerator is the sustainable alternative to the electric one\",\"datePublished\":\"2023-11-24T10:49:27+00:00\",\"dateModified\":\"2023-11-24T10:54:53+00:00\",\"mainEntityOfPage\":{\"@id\":\"https:\\\/\\\/www.tapasmagazine.es\\\/en\\\/modular-refrigerator-sustainable-alternative-to-the-electric-one\\\/\"},\"wordCount\":192,\"commentCount\":0,\"publisher\":{\"@id\":\"https:\\\/\\\/www.tapasmagazine.es\\\/#organization\"},\"image\":{\"@id\":\"https:\\\/\\\/www.tapasmagazine.es\\\/en\\\/modular-refrigerator-sustainable-alternative-to-the-electric-one\\\/#primaryimage\"},\"thumbnailUrl\":\"https:\\\/\\\/www.tapasmagazine.es\\\/wp-content\\\/uploads\\\/2023\\\/11\\\/refrigerador-sostenible-tony-1.jpg\",\"keywords\":[\"nevera\"],\"articleSection\":[\"News\"],\"inLanguage\":\"en-US\",\"potentialAction\":[{\"@type\":\"CommentAction\",\"name\":\"Comment\",\"target\":[\"https:\\\/\\\/www.tapasmagazine.es\\\/en\\\/modular-refrigerator-sustainable-alternative-to-the-electric-one\\\/#respond\"]}]},{\"@type\":\"WebPage\",\"@id\":\"https:\\\/\\\/www.tapasmagazine.es\\\/en\\\/modular-refrigerator-sustainable-alternative-to-the-electric-one\\\/\",\"url\":\"https:\\\/\\\/www.tapasmagazine.es\\\/en\\\/modular-refrigerator-sustainable-alternative-to-the-electric-one\\\/\",\"name\":\"This modular refrigerator is the sustainable alternative to the electric one - Tapas\",\"isPartOf\":{\"@id\":\"https:\\\/\\\/www.tapasmagazine.es\\\/#website\"},\"primaryImageOfPage\":{\"@id\":\"https:\\\/\\\/www.tapasmagazine.es\\\/en\\\/modular-refrigerator-sustainable-alternative-to-the-electric-one\\\/#primaryimage\"},\"image\":{\"@id\":\"https:\\\/\\\/www.tapasmagazine.es\\\/en\\\/modular-refrigerator-sustainable-alternative-to-the-electric-one\\\/#primaryimage\"},\"thumbnailUrl\":\"https:\\\/\\\/www.tapasmagazine.es\\\/wp-content\\\/uploads\\\/2023\\\/11\\\/refrigerador-sostenible-tony-1.jpg\",\"datePublished\":\"2023-11-24T10:49:27+00:00\",\"dateModified\":\"2023-11-24T10:54:53+00:00\",\"description\":\"Click here to read the Spanish version. The future looks bright when creative minds come up with new products to alleviate the climate crisis. Such is the\",\"breadcrumb\":{\"@id\":\"https:\\\/\\\/www.tapasmagazine.es\\\/en\\\/modular-refrigerator-sustainable-alternative-to-the-electric-one\\\/#breadcrumb\"},\"inLanguage\":\"en-US\",\"potentialAction\":[{\"@type\":\"ReadAction\",\"target\":[\"https:\\\/\\\/www.tapasmagazine.es\\\/en\\\/modular-refrigerator-sustainable-alternative-to-the-electric-one\\\/\"]}]},{\"@type\":\"ImageObject\",\"inLanguage\":\"en-US\",\"@id\":\"https:\\\/\\\/www.tapasmagazine.es\\\/en\\\/modular-refrigerator-sustainable-alternative-to-the-electric-one\\\/#primaryimage\",\"url\":\"https:\\\/\\\/www.tapasmagazine.es\\\/wp-content\\\/uploads\\\/2023\\\/11\\\/refrigerador-sostenible-tony-1.jpg\",\"contentUrl\":\"https:\\\/\\\/www.tapasmagazine.es\\\/wp-content\\\/uploads\\\/2023\\\/11\\\/refrigerador-sostenible-tony-1.jpg\",\"width\":1200,\"height\":675},{\"@type\":\"BreadcrumbList\",\"@id\":\"https:\\\/\\\/www.tapasmagazine.es\\\/en\\\/modular-refrigerator-sustainable-alternative-to-the-electric-one\\\/#breadcrumb\",\"itemListElement\":[{\"@type\":\"ListItem\",\"position\":1,\"name\":\"Portada\",\"item\":\"https:\\\/\\\/www.tapasmagazine.es\\\/\"},{\"@type\":\"ListItem\",\"position\":2,\"name\":\"News\",\"item\":\"https:\\\/\\\/www.tapasmagazine.es\\\/en\\\/categorias\\\/news\\\/\"},{\"@type\":\"ListItem\",\"position\":3,\"name\":\"This modular refrigerator is the sustainable alternative to the electric one\"}]},{\"@type\":\"WebSite\",\"@id\":\"https:\\\/\\\/www.tapasmagazine.es\\\/#website\",\"url\":\"https:\\\/\\\/www.tapasmagazine.es\\\/\",\"name\":\"Tapas\",\"description\":\"\u00d1am \u00d1am Lifestyle. La vida a bocados. Premio Nacional de Gastronom\u00eda 2016.\",\"publisher\":{\"@id\":\"https:\\\/\\\/www.tapasmagazine.es\\\/#organization\"},\"potentialAction\":[{\"@type\":\"SearchAction\",\"target\":{\"@type\":\"EntryPoint\",\"urlTemplate\":\"https:\\\/\\\/www.tapasmagazine.es\\\/?s={search_term_string}\"},\"query-input\":{\"@type\":\"PropertyValueSpecification\",\"valueRequired\":true,\"valueName\":\"search_term_string\"}}],\"inLanguage\":\"en-US\"},{\"@type\":\"Organization\",\"@id\":\"https:\\\/\\\/www.tapasmagazine.es\\\/#organization\",\"name\":\"Tapas Magazine\",\"url\":\"https:\\\/\\\/www.tapasmagazine.es\\\/\",\"logo\":{\"@type\":\"ImageObject\",\"inLanguage\":\"en-US\",\"@id\":\"https:\\\/\\\/www.tapasmagazine.es\\\/#\\\/schema\\\/logo\\\/image\\\/\",\"url\":\"https:\\\/\\\/www.tapasmagazine.es\\\/wp-content\\\/uploads\\\/2018\\\/01\\\/logo.png\",\"contentUrl\":\"https:\\\/\\\/www.tapasmagazine.es\\\/wp-content\\\/uploads\\\/2018\\\/01\\\/logo.png\",\"width\":180,\"height\":60,\"caption\":\"Tapas Magazine\"},\"image\":{\"@id\":\"https:\\\/\\\/www.tapasmagazine.es\\\/#\\\/schema\\\/logo\\\/image\\\/\"},\"sameAs\":[\"https:\\\/\\\/www.facebook.com\\\/tapasmagazine\",\"https:\\\/\\\/x.com\\\/TapasMagazine\",\"https:\\\/\\\/www.instagram.com\\\/tapasmagazine\\\/\",\"https:\\\/\\\/www.linkedin.com\\\/company\\\/tapas-magazine\",\"https:\\\/\\\/es.pinterest.com\\\/tapasmagazine\\\/\",\"https:\\\/\\\/www.youtube.com\\\/channel\\\/UCEyxneAaACuR0lfDagrWjjg?sub_confirmation=1\"]},{\"@type\":\"Person\",\"@id\":\"https:\\\/\\\/www.tapasmagazine.es\\\/#\\\/schema\\\/person\\\/eb46cbe76a9c8f062660eb609e3ecb4e\",\"name\":\"Laura P\u00e9rez\",\"url\":\"https:\\\/\\\/www.tapasmagazine.es\\\/en\\\/author\\\/laura-perez\\\/\"}]}<\/script>\n<!-- \/ Yoast SEO plugin. -->","yoast_head_json":{"title":"This modular refrigerator is the sustainable alternative to the electric one - Tapas","description":"Click here to read the Spanish version. The future looks bright when creative minds come up with new products to alleviate the climate crisis. Such is the","robots":{"index":"index","follow":"follow","max-snippet":"max-snippet:-1","max-image-preview":"max-image-preview:large","max-video-preview":"max-video-preview:-1"},"canonical":"https:\/\/www.tapasmagazine.es\/en\/modular-refrigerator-sustainable-alternative-to-the-electric-one\/","og_locale":"en_US","og_type":"article","og_title":"This modular refrigerator is the sustainable alternative to the electric one - Tapas","og_description":"Click here to read the Spanish version. The future looks bright when creative minds come up with new products to alleviate the climate crisis. Such is the","og_url":"https:\/\/www.tapasmagazine.es\/en\/modular-refrigerator-sustainable-alternative-to-the-electric-one\/","og_site_name":"Tapas","article_publisher":"https:\/\/www.facebook.com\/tapasmagazine","article_published_time":"2023-11-24T10:49:27+00:00","article_modified_time":"2023-11-24T10:54:53+00:00","og_image":[{"width":1200,"height":675,"url":"https:\/\/www.tapasmagazine.es\/wp-content\/uploads\/2023\/11\/refrigerador-sostenible-tony-1.jpg","type":"image\/jpeg"}],"author":"Laura P\u00e9rez","twitter_card":"summary_large_image","twitter_creator":"@TapasMagazine","twitter_site":"@TapasMagazine","twitter_misc":{"Written by":"Laura P\u00e9rez","Est. reading time":"2 minutes"},"schema":{"@context":"https:\/\/schema.org","@graph":[{"@type":"Article","@id":"https:\/\/www.tapasmagazine.es\/en\/modular-refrigerator-sustainable-alternative-to-the-electric-one\/#article","isPartOf":{"@id":"https:\/\/www.tapasmagazine.es\/en\/modular-refrigerator-sustainable-alternative-to-the-electric-one\/"},"author":{"name":"Laura P\u00e9rez","@id":"https:\/\/www.tapasmagazine.es\/#\/schema\/person\/eb46cbe76a9c8f062660eb609e3ecb4e"},"headline":"This modular refrigerator is the sustainable alternative to the electric one","datePublished":"2023-11-24T10:49:27+00:00","dateModified":"2023-11-24T10:54:53+00:00","mainEntityOfPage":{"@id":"https:\/\/www.tapasmagazine.es\/en\/modular-refrigerator-sustainable-alternative-to-the-electric-one\/"},"wordCount":192,"commentCount":0,"publisher":{"@id":"https:\/\/www.tapasmagazine.es\/#organization"},"image":{"@id":"https:\/\/www.tapasmagazine.es\/en\/modular-refrigerator-sustainable-alternative-to-the-electric-one\/#primaryimage"},"thumbnailUrl":"https:\/\/www.tapasmagazine.es\/wp-content\/uploads\/2023\/11\/refrigerador-sostenible-tony-1.jpg","keywords":["nevera"],"articleSection":["News"],"inLanguage":"en-US","potentialAction":[{"@type":"CommentAction","name":"Comment","target":["https:\/\/www.tapasmagazine.es\/en\/modular-refrigerator-sustainable-alternative-to-the-electric-one\/#respond"]}]},{"@type":"WebPage","@id":"https:\/\/www.tapasmagazine.es\/en\/modular-refrigerator-sustainable-alternative-to-the-electric-one\/","url":"https:\/\/www.tapasmagazine.es\/en\/modular-refrigerator-sustainable-alternative-to-the-electric-one\/","name":"This modular refrigerator is the sustainable alternative to the electric one - Tapas","isPartOf":{"@id":"https:\/\/www.tapasmagazine.es\/#website"},"primaryImageOfPage":{"@id":"https:\/\/www.tapasmagazine.es\/en\/modular-refrigerator-sustainable-alternative-to-the-electric-one\/#primaryimage"},"image":{"@id":"https:\/\/www.tapasmagazine.es\/en\/modular-refrigerator-sustainable-alternative-to-the-electric-one\/#primaryimage"},"thumbnailUrl":"https:\/\/www.tapasmagazine.es\/wp-content\/uploads\/2023\/11\/refrigerador-sostenible-tony-1.jpg","datePublished":"2023-11-24T10:49:27+00:00","dateModified":"2023-11-24T10:54:53+00:00","description":"Click here to read the Spanish version. The future looks bright when creative minds come up with new products to alleviate the climate crisis. Such is the","breadcrumb":{"@id":"https:\/\/www.tapasmagazine.es\/en\/modular-refrigerator-sustainable-alternative-to-the-electric-one\/#breadcrumb"},"inLanguage":"en-US","potentialAction":[{"@type":"ReadAction","target":["https:\/\/www.tapasmagazine.es\/en\/modular-refrigerator-sustainable-alternative-to-the-electric-one\/"]}]},{"@type":"ImageObject","inLanguage":"en-US","@id":"https:\/\/www.tapasmagazine.es\/en\/modular-refrigerator-sustainable-alternative-to-the-electric-one\/#primaryimage","url":"https:\/\/www.tapasmagazine.es\/wp-content\/uploads\/2023\/11\/refrigerador-sostenible-tony-1.jpg","contentUrl":"https:\/\/www.tapasmagazine.es\/wp-content\/uploads\/2023\/11\/refrigerador-sostenible-tony-1.jpg","width":1200,"height":675},{"@type":"BreadcrumbList","@id":"https:\/\/www.tapasmagazine.es\/en\/modular-refrigerator-sustainable-alternative-to-the-electric-one\/#breadcrumb","itemListElement":[{"@type":"ListItem","position":1,"name":"Portada","item":"https:\/\/www.tapasmagazine.es\/"},{"@type":"ListItem","position":2,"name":"News","item":"https:\/\/www.tapasmagazine.es\/en\/categorias\/news\/"},{"@type":"ListItem","position":3,"name":"This modular refrigerator is the sustainable alternative to the electric one"}]},{"@type":"WebSite","@id":"https:\/\/www.tapasmagazine.es\/#website","url":"https:\/\/www.tapasmagazine.es\/","name":"Tapas","description":"\u00d1am \u00d1am Lifestyle. La vida a bocados. Premio Nacional de Gastronom\u00eda 2016.","publisher":{"@id":"https:\/\/www.tapasmagazine.es\/#organization"},"potentialAction":[{"@type":"SearchAction","target":{"@type":"EntryPoint","urlTemplate":"https:\/\/www.tapasmagazine.es\/?s={search_term_string}"},"query-input":{"@type":"PropertyValueSpecification","valueRequired":true,"valueName":"search_term_string"}}],"inLanguage":"en-US"},{"@type":"Organization","@id":"https:\/\/www.tapasmagazine.es\/#organization","name":"Tapas Magazine","url":"https:\/\/www.tapasmagazine.es\/","logo":{"@type":"ImageObject","inLanguage":"en-US","@id":"https:\/\/www.tapasmagazine.es\/#\/schema\/logo\/image\/","url":"https:\/\/www.tapasmagazine.es\/wp-content\/uploads\/2018\/01\/logo.png","contentUrl":"https:\/\/www.tapasmagazine.es\/wp-content\/uploads\/2018\/01\/logo.png","width":180,"height":60,"caption":"Tapas Magazine"},"image":{"@id":"https:\/\/www.tapasmagazine.es\/#\/schema\/logo\/image\/"},"sameAs":["https:\/\/www.facebook.com\/tapasmagazine","https:\/\/x.com\/TapasMagazine","https:\/\/www.instagram.com\/tapasmagazine\/","https:\/\/www.linkedin.com\/company\/tapas-magazine","https:\/\/es.pinterest.com\/tapasmagazine\/","https:\/\/www.youtube.com\/channel\/UCEyxneAaACuR0lfDagrWjjg?sub_confirmation=1"]},{"@type":"Person","@id":"https:\/\/www.tapasmagazine.es\/#\/schema\/person\/eb46cbe76a9c8f062660eb609e3ecb4e","name":"Laura P\u00e9rez","url":"https:\/\/www.tapasmagazine.es\/en\/author\/laura-perez\/"}]}},"_links":{"self":[{"href":"https:\/\/www.tapasmagazine.es\/en\/wp-json\/wp\/v2\/posts\/221369","targetHints":{"allow":["GET"]}}],"collection":[{"href":"https:\/\/www.tapasmagazine.es\/en\/wp-json\/wp\/v2\/posts"}],"about":[{"href":"https:\/\/www.tapasmagazine.es\/en\/wp-json\/wp\/v2\/types\/post"}],"author":[{"embeddable":true,"href":"https:\/\/www.tapasmagazine.es\/en\/wp-json\/wp\/v2\/users\/285"}],"replies":[{"embeddable":true,"href":"https:\/\/www.tapasmagazine.es\/en\/wp-json\/wp\/v2\/comments?post=221369"}],"version-history":[{"count":7,"href":"https:\/\/www.tapasmagazine.es\/en\/wp-json\/wp\/v2\/posts\/221369\/revisions"}],"predecessor-version":[{"id":221378,"href":"https:\/\/www.tapasmagazine.es\/en\/wp-json\/wp\/v2\/posts\/221369\/revisions\/221378"}],"wp:featuredmedia":[{"embeddable":true,"href":"https:\/\/www.tapasmagazine.es\/en\/wp-json\/wp\/v2\/media\/221354"}],"wp:attachment":[{"href":"https:\/\/www.tapasmagazine.es\/en\/wp-json\/wp\/v2\/media?parent=221369"}],"wp:term":[{"taxonomy":"category","embeddable":true,"href":"https:\/\/www.tapasmagazine.es\/en\/wp-json\/wp\/v2\/categories?post=221369"},{"taxonomy":"post_tag","embeddable":true,"href":"https:\/\/www.tapasmagazine.es\/en\/wp-json\/wp\/v2\/tags?post=221369"}],"curies":[{"name":"wp","href":"https:\/\/api.w.org\/{rel}","templated":true}]}}