{"id":220621,"date":"2023-11-21T11:46:27","date_gmt":"2023-11-21T10:46:27","guid":{"rendered":"https:\/\/www.tapasmagazine.es\/pastoreo-el-pop-up-cultural-que-acerca-el-campo-a-la-ciudad-regresa-a-madrid\/"},"modified":"2023-11-21T11:51:48","modified_gmt":"2023-11-21T10:51:48","slug":"pastoreo-cultural-pop-up-returns-to-madrid","status":"publish","type":"post","link":"https:\/\/www.tapasmagazine.es\/en\/pastoreo-cultural-pop-up-returns-to-madrid\/","title":{"rendered":"Pastoreo, the cultural pop up that brings the countryside to the city returns to Madrid"},"content":{"rendered":"\n<p><strong>Click <a href=\"https:\/\/www.tapasmagazine.es\/pastoreo-el-pop-up-cultural-que-acerca-el-campo-a-la-ciudad-regresa-a-madrid\/\" target=\"_blank\" rel=\"noreferrer noopener\">here<\/a> to read the Spanish version.<\/strong><\/p>\n\n\n\n<p>The labour value of livestock farmers, shepherds, artisans and producers builds the narrative of <strong>Pastoreo<\/strong>, the critically acclaimed pop up that returns with a third edition in response to the success generated in previous episodes.<\/p>\n\n\n\n<p>From 1 to 3 December, <strong>Madrid<\/strong> will be hosting this new free edition at Calle Sandoval, 3, which connects the countryside with the city in a cultural key through a leisure and gastronomic proposal that revolves around lamb, suckling lamb and kid meat of national origin. To promote their consumption through the &#8216;Closer is better&#8217; project of <strong>INTEROVIC<\/strong>, the Interprofessional Sheep and Goat Meat Association of Spain, with the aim of also guaranteeing the future of a sector that has suffered in recent times.<\/p>\n\n\n<div class=\"wp-block-image\">\n<figure class=\"aligncenter size-large is-resized\"><a href=\"https:\/\/www.tapasmagazine.es\/wp-content\/uploads\/2023\/11\/pastoreo-pop-up-madrid-2.jpeg\"><img decoding=\"async\" width=\"1024\" height=\"683\" src=\"https:\/\/www.tapasmagazine.es\/wp-content\/uploads\/2023\/11\/pastoreo-pop-up-madrid-2-1024x683.jpeg\" alt=\"\" class=\"wp-image-220584\" style=\"width:1070px;height:auto\" srcset=\"https:\/\/www.tapasmagazine.es\/wp-content\/uploads\/2023\/11\/pastoreo-pop-up-madrid-2-1024x683.jpeg 1024w, https:\/\/www.tapasmagazine.es\/wp-content\/uploads\/2023\/11\/pastoreo-pop-up-madrid-2-300x200.jpeg 300w, https:\/\/www.tapasmagazine.es\/wp-content\/uploads\/2023\/11\/pastoreo-pop-up-madrid-2-768x512.jpeg 768w, https:\/\/www.tapasmagazine.es\/wp-content\/uploads\/2023\/11\/pastoreo-pop-up-madrid-2-1536x1024.jpeg 1536w, https:\/\/www.tapasmagazine.es\/wp-content\/uploads\/2023\/11\/pastoreo-pop-up-madrid-2-1000x667.jpeg 1000w, https:\/\/www.tapasmagazine.es\/wp-content\/uploads\/2023\/11\/pastoreo-pop-up-madrid-2-400x267.jpeg 400w, https:\/\/www.tapasmagazine.es\/wp-content\/uploads\/2023\/11\/pastoreo-pop-up-madrid-2.jpeg 2048w\" sizes=\"(max-width: 1024px) 100vw, 1024px\" \/><\/a><\/figure>\n<\/div>\n\n\n<p>Sheep and goat farming is fundamental to the conservation of our countryside and the protection of our environment. That is why we would like to invite all citizens to join us at Pastoreo to discover the history, culture and tradition of this age-old activity,&#8217; explains Tom\u00e1s Rodr\u00edguez, director of INTEROVIC.<\/p>\n\n\n\n<h2 class=\"wp-block-heading\">Cultural programming<\/h2>\n\n\n\n<p>Pastoreo will serve a menu full of activities such as the<strong> photo exhibition <\/strong>&#8216;Bestiarium&#8217; by <strong>Jos\u00e9 Barea<\/strong>, a tasting of lamb tapas created by the chef Bego\u00f1a Rodrigo, music and live wool spinning, as well as product tastings and various workshops to create Christmas wreaths, balls and biscuits that will be given on Saturday morning by <strong>Floreale<\/strong>.<\/p>\n\n\n\n<figure class=\"wp-block-gallery has-nested-images columns-default is-cropped wp-block-gallery-1 is-layout-flex wp-block-gallery-is-layout-flex\">\n<figure class=\"wp-block-image size-large\"><a href=\"https:\/\/www.tapasmagazine.es\/wp-content\/uploads\/2023\/11\/pastoreo-pop-up-madrid-6.jpeg\"><img decoding=\"async\" width=\"683\" height=\"1024\" data-id=\"220609\" src=\"https:\/\/www.tapasmagazine.es\/wp-content\/uploads\/2023\/11\/pastoreo-pop-up-madrid-6-683x1024.jpeg\" alt=\"\" class=\"wp-image-220609\" srcset=\"https:\/\/www.tapasmagazine.es\/wp-content\/uploads\/2023\/11\/pastoreo-pop-up-madrid-6-683x1024.jpeg 683w, https:\/\/www.tapasmagazine.es\/wp-content\/uploads\/2023\/11\/pastoreo-pop-up-madrid-6-200x300.jpeg 200w, https:\/\/www.tapasmagazine.es\/wp-content\/uploads\/2023\/11\/pastoreo-pop-up-madrid-6-768x1152.jpeg 768w, https:\/\/www.tapasmagazine.es\/wp-content\/uploads\/2023\/11\/pastoreo-pop-up-madrid-6-1024x1536.jpeg 1024w, https:\/\/www.tapasmagazine.es\/wp-content\/uploads\/2023\/11\/pastoreo-pop-up-madrid-6-1000x1500.jpeg 1000w, https:\/\/www.tapasmagazine.es\/wp-content\/uploads\/2023\/11\/pastoreo-pop-up-madrid-6-400x600.jpeg 400w, https:\/\/www.tapasmagazine.es\/wp-content\/uploads\/2023\/11\/pastoreo-pop-up-madrid-6.jpeg 1365w\" sizes=\"(max-width: 683px) 100vw, 683px\" \/><\/a><\/figure>\n\n\n\n<figure class=\"wp-block-image size-large\"><a href=\"https:\/\/www.tapasmagazine.es\/wp-content\/uploads\/2023\/11\/pastoreo-pop-up-madrid-7.jpeg\"><img decoding=\"async\" width=\"683\" height=\"1024\" data-id=\"220607\" src=\"https:\/\/www.tapasmagazine.es\/wp-content\/uploads\/2023\/11\/pastoreo-pop-up-madrid-7-683x1024.jpeg\" alt=\"\" class=\"wp-image-220607\" srcset=\"https:\/\/www.tapasmagazine.es\/wp-content\/uploads\/2023\/11\/pastoreo-pop-up-madrid-7-683x1024.jpeg 683w, https:\/\/www.tapasmagazine.es\/wp-content\/uploads\/2023\/11\/pastoreo-pop-up-madrid-7-200x300.jpeg 200w, https:\/\/www.tapasmagazine.es\/wp-content\/uploads\/2023\/11\/pastoreo-pop-up-madrid-7-768x1152.jpeg 768w, https:\/\/www.tapasmagazine.es\/wp-content\/uploads\/2023\/11\/pastoreo-pop-up-madrid-7-1024x1536.jpeg 1024w, https:\/\/www.tapasmagazine.es\/wp-content\/uploads\/2023\/11\/pastoreo-pop-up-madrid-7-1000x1500.jpeg 1000w, https:\/\/www.tapasmagazine.es\/wp-content\/uploads\/2023\/11\/pastoreo-pop-up-madrid-7-400x600.jpeg 400w, https:\/\/www.tapasmagazine.es\/wp-content\/uploads\/2023\/11\/pastoreo-pop-up-madrid-7.jpeg 1365w\" sizes=\"(max-width: 683px) 100vw, 683px\" \/><\/a><\/figure>\n<\/figure>\n\n\n\n<p>In addition, on Friday there will be a gastronomic photography workshop and a <strong>tasting of sheep and goat cheeses<\/strong> of national origin given by Formaje, a shop specialising in cheeses and raising their culture.<\/p>\n\n\n\n<p>This ephemeral cycle will close on Sunday with two sessions to learn how to decorate Christmas biscuits with Mar\u00eda Mirabelli, an expert in confectionery, and another in the afternoon by Floreale dedicated to Christmas wreaths.<\/p>\n\n\n<div class=\"wp-block-image\">\n<figure class=\"aligncenter size-large is-resized\"><a href=\"https:\/\/www.tapasmagazine.es\/wp-content\/uploads\/2023\/11\/pastoreo-pop-up-madrid-5.jpeg\"><img decoding=\"async\" width=\"1024\" height=\"683\" src=\"https:\/\/www.tapasmagazine.es\/wp-content\/uploads\/2023\/11\/pastoreo-pop-up-madrid-5-1024x683.jpeg\" alt=\"\" class=\"wp-image-220586\" style=\"width:980px;height:auto\" srcset=\"https:\/\/www.tapasmagazine.es\/wp-content\/uploads\/2023\/11\/pastoreo-pop-up-madrid-5-1024x683.jpeg 1024w, https:\/\/www.tapasmagazine.es\/wp-content\/uploads\/2023\/11\/pastoreo-pop-up-madrid-5-300x200.jpeg 300w, https:\/\/www.tapasmagazine.es\/wp-content\/uploads\/2023\/11\/pastoreo-pop-up-madrid-5-768x512.jpeg 768w, https:\/\/www.tapasmagazine.es\/wp-content\/uploads\/2023\/11\/pastoreo-pop-up-madrid-5-1536x1024.jpeg 1536w, https:\/\/www.tapasmagazine.es\/wp-content\/uploads\/2023\/11\/pastoreo-pop-up-madrid-5-1000x667.jpeg 1000w, https:\/\/www.tapasmagazine.es\/wp-content\/uploads\/2023\/11\/pastoreo-pop-up-madrid-5-400x267.jpeg 400w, https:\/\/www.tapasmagazine.es\/wp-content\/uploads\/2023\/11\/pastoreo-pop-up-madrid-5.jpeg 2048w\" sizes=\"(max-width: 1024px) 100vw, 1024px\" \/><\/a><\/figure>\n<\/div>\n\n\n<p>The workshops will be priced at 10 euros per person, and all the proceeds will be used for social purposes: they will go to the soup kitchen of the Asociaci\u00f3n Manos de Ayuda Social, which supports families through its project &#8216;Salir Adelante&#8217;.<\/p>\n\n\n\n<h2 class=\"wp-block-heading\">Gourmet lamb tapas<\/h2>\n\n\n\n<p>For its third edition, INTEROVIC has enlisted the chef <strong>Bego\u00f1a Rodrigo<\/strong>, from the Michelin-starred restaurant La Salita in Valencia, to design <strong>two tapas<\/strong> based on national lamb, which the public will be able to taste on site free of charge.<\/p>\n\n\n<div class=\"wp-block-image\">\n<figure class=\"aligncenter size-large is-resized\"><a href=\"https:\/\/www.tapasmagazine.es\/wp-content\/uploads\/2023\/11\/pastoreo-pop-up-madrid-4.jpeg\"><img decoding=\"async\" width=\"1024\" height=\"683\" src=\"https:\/\/www.tapasmagazine.es\/wp-content\/uploads\/2023\/11\/pastoreo-pop-up-madrid-4-1024x683.jpeg\" alt=\"\" class=\"wp-image-220589\" style=\"width:986px;height:auto\" srcset=\"https:\/\/www.tapasmagazine.es\/wp-content\/uploads\/2023\/11\/pastoreo-pop-up-madrid-4-1024x683.jpeg 1024w, https:\/\/www.tapasmagazine.es\/wp-content\/uploads\/2023\/11\/pastoreo-pop-up-madrid-4-300x200.jpeg 300w, https:\/\/www.tapasmagazine.es\/wp-content\/uploads\/2023\/11\/pastoreo-pop-up-madrid-4-768x512.jpeg 768w, https:\/\/www.tapasmagazine.es\/wp-content\/uploads\/2023\/11\/pastoreo-pop-up-madrid-4-1536x1024.jpeg 1536w, https:\/\/www.tapasmagazine.es\/wp-content\/uploads\/2023\/11\/pastoreo-pop-up-madrid-4-1000x667.jpeg 1000w, https:\/\/www.tapasmagazine.es\/wp-content\/uploads\/2023\/11\/pastoreo-pop-up-madrid-4-400x267.jpeg 400w, https:\/\/www.tapasmagazine.es\/wp-content\/uploads\/2023\/11\/pastoreo-pop-up-madrid-4.jpeg 2048w\" sizes=\"(max-width: 1024px) 100vw, 1024px\" \/><\/a><\/figure>\n<\/div>\n\n\n<p>There are two exclusive creations that can only be tasted during the event: the <strong>Coca Dacsa<\/strong> of lamb stew, yoghurt and herb salad and the <strong>Lamb Croqueton <\/strong>with herb vinaigrette and tofunesa, a kind of mayonnaise based on tofu and kimchee.<\/p>\n","protected":false},"excerpt":{"rendered":"<p>Click here to read the Spanish version. The labour value of livestock farmers, shepherds, artisans and producers builds the narrative of Pastoreo, the critically acclaimed pop up that returns with a third edition in response to the success generated in previous episodes. From 1 to 3 December, Madrid will be hosting this new free edition [&hellip;]<\/p>\n","protected":false},"author":285,"featured_media":220583,"comment_status":"open","ping_status":"closed","sticky":false,"template":"single-feature.php","format":"standard","meta":{"_acf_changed":false,"footnotes":""},"categories":[15839,15802,15797,1],"tags":[16170,15824,16033],"class_list":["post-220621","post","type-post","status-publish","format-standard","has-post-thumbnail","hentry","category-cultura-en","category-news","category-planes-en","category-sin-categorizar","tag-comida-en","tag-gastronomia-en","tag-madrid-en","cat-15839-id","cat-15802-id","cat-15797-id","cat-1-id"],"acf":[],"yoast_head":"<!-- This site is optimized with the Yoast SEO plugin v27.4 - https:\/\/yoast.com\/product\/yoast-seo-wordpress\/ -->\n<title>Pastoreo, the cultural pop up that brings the countryside to the city returns to Madrid - Tapas<\/title>\n<meta name=\"description\" content=\"Click here to read the Spanish version. The labour value of livestock farmers, shepherds, artisans and producers builds the narrative of Pastoreo, the\" \/>\n<meta name=\"robots\" content=\"index, follow, max-snippet:-1, max-image-preview:large, max-video-preview:-1\" \/>\n<link rel=\"canonical\" href=\"https:\/\/www.tapasmagazine.es\/en\/pastoreo-cultural-pop-up-returns-to-madrid\/\" \/>\n<meta property=\"og:locale\" content=\"en_US\" \/>\n<meta property=\"og:type\" content=\"article\" \/>\n<meta property=\"og:title\" content=\"Pastoreo, the cultural pop up that brings the countryside to the city returns to Madrid - Tapas\" \/>\n<meta property=\"og:description\" content=\"Click here to read the Spanish version. The labour value of livestock farmers, shepherds, artisans and producers builds the narrative of Pastoreo, the\" \/>\n<meta property=\"og:url\" content=\"https:\/\/www.tapasmagazine.es\/en\/pastoreo-cultural-pop-up-returns-to-madrid\/\" \/>\n<meta property=\"og:site_name\" content=\"Tapas\" \/>\n<meta property=\"article:publisher\" content=\"https:\/\/www.facebook.com\/tapasmagazine\" \/>\n<meta property=\"article:published_time\" content=\"2023-11-21T10:46:27+00:00\" \/>\n<meta property=\"article:modified_time\" content=\"2023-11-21T10:51:48+00:00\" \/>\n<meta property=\"og:image\" content=\"https:\/\/www.tapasmagazine.es\/wp-content\/uploads\/2023\/11\/pastoreo-pop-up-madrid-1.jpg\" \/>\n\t<meta property=\"og:image:width\" content=\"1200\" \/>\n\t<meta property=\"og:image:height\" content=\"675\" \/>\n\t<meta property=\"og:image:type\" content=\"image\/jpeg\" \/>\n<meta name=\"author\" content=\"Laura P\u00e9rez\" \/>\n<meta name=\"twitter:card\" content=\"summary_large_image\" \/>\n<meta name=\"twitter:creator\" content=\"@TapasMagazine\" \/>\n<meta name=\"twitter:site\" content=\"@TapasMagazine\" \/>\n<meta name=\"twitter:label1\" content=\"Written by\" \/>\n\t<meta name=\"twitter:data1\" content=\"Laura P\u00e9rez\" \/>\n\t<meta name=\"twitter:label2\" content=\"Est. reading time\" \/>\n\t<meta name=\"twitter:data2\" content=\"3 minutes\" \/>\n<script type=\"application\/ld+json\" class=\"yoast-schema-graph\">{\"@context\":\"https:\\\/\\\/schema.org\",\"@graph\":[{\"@type\":\"Article\",\"@id\":\"https:\\\/\\\/www.tapasmagazine.es\\\/en\\\/pastoreo-cultural-pop-up-returns-to-madrid\\\/#article\",\"isPartOf\":{\"@id\":\"https:\\\/\\\/www.tapasmagazine.es\\\/en\\\/pastoreo-cultural-pop-up-returns-to-madrid\\\/\"},\"author\":{\"name\":\"Laura P\u00e9rez\",\"@id\":\"https:\\\/\\\/www.tapasmagazine.es\\\/#\\\/schema\\\/person\\\/eb46cbe76a9c8f062660eb609e3ecb4e\"},\"headline\":\"Pastoreo, the cultural pop up that brings the countryside to the city returns to Madrid\",\"datePublished\":\"2023-11-21T10:46:27+00:00\",\"dateModified\":\"2023-11-21T10:51:48+00:00\",\"mainEntityOfPage\":{\"@id\":\"https:\\\/\\\/www.tapasmagazine.es\\\/en\\\/pastoreo-cultural-pop-up-returns-to-madrid\\\/\"},\"wordCount\":447,\"commentCount\":0,\"publisher\":{\"@id\":\"https:\\\/\\\/www.tapasmagazine.es\\\/#organization\"},\"image\":{\"@id\":\"https:\\\/\\\/www.tapasmagazine.es\\\/en\\\/pastoreo-cultural-pop-up-returns-to-madrid\\\/#primaryimage\"},\"thumbnailUrl\":\"https:\\\/\\\/www.tapasmagazine.es\\\/wp-content\\\/uploads\\\/2023\\\/11\\\/pastoreo-pop-up-madrid-1.jpg\",\"keywords\":[\"Comida\",\"gastronom\u00eda\",\"Madrid\"],\"articleSection\":[\"Cultura\",\"News\",\"Planes\",\"Sin categorizar\"],\"inLanguage\":\"en-US\",\"potentialAction\":[{\"@type\":\"CommentAction\",\"name\":\"Comment\",\"target\":[\"https:\\\/\\\/www.tapasmagazine.es\\\/en\\\/pastoreo-cultural-pop-up-returns-to-madrid\\\/#respond\"]}]},{\"@type\":\"WebPage\",\"@id\":\"https:\\\/\\\/www.tapasmagazine.es\\\/en\\\/pastoreo-cultural-pop-up-returns-to-madrid\\\/\",\"url\":\"https:\\\/\\\/www.tapasmagazine.es\\\/en\\\/pastoreo-cultural-pop-up-returns-to-madrid\\\/\",\"name\":\"Pastoreo, the cultural pop up that brings the countryside to the city returns to Madrid - Tapas\",\"isPartOf\":{\"@id\":\"https:\\\/\\\/www.tapasmagazine.es\\\/#website\"},\"primaryImageOfPage\":{\"@id\":\"https:\\\/\\\/www.tapasmagazine.es\\\/en\\\/pastoreo-cultural-pop-up-returns-to-madrid\\\/#primaryimage\"},\"image\":{\"@id\":\"https:\\\/\\\/www.tapasmagazine.es\\\/en\\\/pastoreo-cultural-pop-up-returns-to-madrid\\\/#primaryimage\"},\"thumbnailUrl\":\"https:\\\/\\\/www.tapasmagazine.es\\\/wp-content\\\/uploads\\\/2023\\\/11\\\/pastoreo-pop-up-madrid-1.jpg\",\"datePublished\":\"2023-11-21T10:46:27+00:00\",\"dateModified\":\"2023-11-21T10:51:48+00:00\",\"description\":\"Click here to read the Spanish version. The labour value of livestock farmers, shepherds, artisans and producers builds the narrative of Pastoreo, the\",\"breadcrumb\":{\"@id\":\"https:\\\/\\\/www.tapasmagazine.es\\\/en\\\/pastoreo-cultural-pop-up-returns-to-madrid\\\/#breadcrumb\"},\"inLanguage\":\"en-US\",\"potentialAction\":[{\"@type\":\"ReadAction\",\"target\":[\"https:\\\/\\\/www.tapasmagazine.es\\\/en\\\/pastoreo-cultural-pop-up-returns-to-madrid\\\/\"]}]},{\"@type\":\"ImageObject\",\"inLanguage\":\"en-US\",\"@id\":\"https:\\\/\\\/www.tapasmagazine.es\\\/en\\\/pastoreo-cultural-pop-up-returns-to-madrid\\\/#primaryimage\",\"url\":\"https:\\\/\\\/www.tapasmagazine.es\\\/wp-content\\\/uploads\\\/2023\\\/11\\\/pastoreo-pop-up-madrid-1.jpg\",\"contentUrl\":\"https:\\\/\\\/www.tapasmagazine.es\\\/wp-content\\\/uploads\\\/2023\\\/11\\\/pastoreo-pop-up-madrid-1.jpg\",\"width\":1200,\"height\":675},{\"@type\":\"BreadcrumbList\",\"@id\":\"https:\\\/\\\/www.tapasmagazine.es\\\/en\\\/pastoreo-cultural-pop-up-returns-to-madrid\\\/#breadcrumb\",\"itemListElement\":[{\"@type\":\"ListItem\",\"position\":1,\"name\":\"Portada\",\"item\":\"https:\\\/\\\/www.tapasmagazine.es\\\/\"},{\"@type\":\"ListItem\",\"position\":2,\"name\":\"Sin categorizar\",\"item\":\"https:\\\/\\\/www.tapasmagazine.es\\\/categorias\\\/sin-categorizar\\\/\"},{\"@type\":\"ListItem\",\"position\":3,\"name\":\"Pastoreo, the cultural pop up that brings the countryside to the city returns to Madrid\"}]},{\"@type\":\"WebSite\",\"@id\":\"https:\\\/\\\/www.tapasmagazine.es\\\/#website\",\"url\":\"https:\\\/\\\/www.tapasmagazine.es\\\/\",\"name\":\"Tapas\",\"description\":\"\u00d1am \u00d1am Lifestyle. La vida a bocados. Premio Nacional de Gastronom\u00eda 2016.\",\"publisher\":{\"@id\":\"https:\\\/\\\/www.tapasmagazine.es\\\/#organization\"},\"potentialAction\":[{\"@type\":\"SearchAction\",\"target\":{\"@type\":\"EntryPoint\",\"urlTemplate\":\"https:\\\/\\\/www.tapasmagazine.es\\\/?s={search_term_string}\"},\"query-input\":{\"@type\":\"PropertyValueSpecification\",\"valueRequired\":true,\"valueName\":\"search_term_string\"}}],\"inLanguage\":\"en-US\"},{\"@type\":\"Organization\",\"@id\":\"https:\\\/\\\/www.tapasmagazine.es\\\/#organization\",\"name\":\"Tapas Magazine\",\"url\":\"https:\\\/\\\/www.tapasmagazine.es\\\/\",\"logo\":{\"@type\":\"ImageObject\",\"inLanguage\":\"en-US\",\"@id\":\"https:\\\/\\\/www.tapasmagazine.es\\\/#\\\/schema\\\/logo\\\/image\\\/\",\"url\":\"https:\\\/\\\/www.tapasmagazine.es\\\/wp-content\\\/uploads\\\/2018\\\/01\\\/logo.png\",\"contentUrl\":\"https:\\\/\\\/www.tapasmagazine.es\\\/wp-content\\\/uploads\\\/2018\\\/01\\\/logo.png\",\"width\":180,\"height\":60,\"caption\":\"Tapas Magazine\"},\"image\":{\"@id\":\"https:\\\/\\\/www.tapasmagazine.es\\\/#\\\/schema\\\/logo\\\/image\\\/\"},\"sameAs\":[\"https:\\\/\\\/www.facebook.com\\\/tapasmagazine\",\"https:\\\/\\\/x.com\\\/TapasMagazine\",\"https:\\\/\\\/www.instagram.com\\\/tapasmagazine\\\/\",\"https:\\\/\\\/www.linkedin.com\\\/company\\\/tapas-magazine\",\"https:\\\/\\\/es.pinterest.com\\\/tapasmagazine\\\/\",\"https:\\\/\\\/www.youtube.com\\\/channel\\\/UCEyxneAaACuR0lfDagrWjjg?sub_confirmation=1\"]},{\"@type\":\"Person\",\"@id\":\"https:\\\/\\\/www.tapasmagazine.es\\\/#\\\/schema\\\/person\\\/eb46cbe76a9c8f062660eb609e3ecb4e\",\"name\":\"Laura P\u00e9rez\",\"url\":\"https:\\\/\\\/www.tapasmagazine.es\\\/en\\\/author\\\/laura-perez\\\/\"}]}<\/script>\n<!-- \/ Yoast SEO plugin. -->","yoast_head_json":{"title":"Pastoreo, the cultural pop up that brings the countryside to the city returns to Madrid - Tapas","description":"Click here to read the Spanish version. The labour value of livestock farmers, shepherds, artisans and producers builds the narrative of Pastoreo, the","robots":{"index":"index","follow":"follow","max-snippet":"max-snippet:-1","max-image-preview":"max-image-preview:large","max-video-preview":"max-video-preview:-1"},"canonical":"https:\/\/www.tapasmagazine.es\/en\/pastoreo-cultural-pop-up-returns-to-madrid\/","og_locale":"en_US","og_type":"article","og_title":"Pastoreo, the cultural pop up that brings the countryside to the city returns to Madrid - Tapas","og_description":"Click here to read the Spanish version. The labour value of livestock farmers, shepherds, artisans and producers builds the narrative of Pastoreo, the","og_url":"https:\/\/www.tapasmagazine.es\/en\/pastoreo-cultural-pop-up-returns-to-madrid\/","og_site_name":"Tapas","article_publisher":"https:\/\/www.facebook.com\/tapasmagazine","article_published_time":"2023-11-21T10:46:27+00:00","article_modified_time":"2023-11-21T10:51:48+00:00","og_image":[{"width":1200,"height":675,"url":"https:\/\/www.tapasmagazine.es\/wp-content\/uploads\/2023\/11\/pastoreo-pop-up-madrid-1.jpg","type":"image\/jpeg"}],"author":"Laura P\u00e9rez","twitter_card":"summary_large_image","twitter_creator":"@TapasMagazine","twitter_site":"@TapasMagazine","twitter_misc":{"Written by":"Laura P\u00e9rez","Est. reading time":"3 minutes"},"schema":{"@context":"https:\/\/schema.org","@graph":[{"@type":"Article","@id":"https:\/\/www.tapasmagazine.es\/en\/pastoreo-cultural-pop-up-returns-to-madrid\/#article","isPartOf":{"@id":"https:\/\/www.tapasmagazine.es\/en\/pastoreo-cultural-pop-up-returns-to-madrid\/"},"author":{"name":"Laura P\u00e9rez","@id":"https:\/\/www.tapasmagazine.es\/#\/schema\/person\/eb46cbe76a9c8f062660eb609e3ecb4e"},"headline":"Pastoreo, the cultural pop up that brings the countryside to the city returns to Madrid","datePublished":"2023-11-21T10:46:27+00:00","dateModified":"2023-11-21T10:51:48+00:00","mainEntityOfPage":{"@id":"https:\/\/www.tapasmagazine.es\/en\/pastoreo-cultural-pop-up-returns-to-madrid\/"},"wordCount":447,"commentCount":0,"publisher":{"@id":"https:\/\/www.tapasmagazine.es\/#organization"},"image":{"@id":"https:\/\/www.tapasmagazine.es\/en\/pastoreo-cultural-pop-up-returns-to-madrid\/#primaryimage"},"thumbnailUrl":"https:\/\/www.tapasmagazine.es\/wp-content\/uploads\/2023\/11\/pastoreo-pop-up-madrid-1.jpg","keywords":["Comida","gastronom\u00eda","Madrid"],"articleSection":["Cultura","News","Planes","Sin categorizar"],"inLanguage":"en-US","potentialAction":[{"@type":"CommentAction","name":"Comment","target":["https:\/\/www.tapasmagazine.es\/en\/pastoreo-cultural-pop-up-returns-to-madrid\/#respond"]}]},{"@type":"WebPage","@id":"https:\/\/www.tapasmagazine.es\/en\/pastoreo-cultural-pop-up-returns-to-madrid\/","url":"https:\/\/www.tapasmagazine.es\/en\/pastoreo-cultural-pop-up-returns-to-madrid\/","name":"Pastoreo, the cultural pop up that brings the countryside to the city returns to Madrid - Tapas","isPartOf":{"@id":"https:\/\/www.tapasmagazine.es\/#website"},"primaryImageOfPage":{"@id":"https:\/\/www.tapasmagazine.es\/en\/pastoreo-cultural-pop-up-returns-to-madrid\/#primaryimage"},"image":{"@id":"https:\/\/www.tapasmagazine.es\/en\/pastoreo-cultural-pop-up-returns-to-madrid\/#primaryimage"},"thumbnailUrl":"https:\/\/www.tapasmagazine.es\/wp-content\/uploads\/2023\/11\/pastoreo-pop-up-madrid-1.jpg","datePublished":"2023-11-21T10:46:27+00:00","dateModified":"2023-11-21T10:51:48+00:00","description":"Click here to read the Spanish version. The labour value of livestock farmers, shepherds, artisans and producers builds the narrative of Pastoreo, the","breadcrumb":{"@id":"https:\/\/www.tapasmagazine.es\/en\/pastoreo-cultural-pop-up-returns-to-madrid\/#breadcrumb"},"inLanguage":"en-US","potentialAction":[{"@type":"ReadAction","target":["https:\/\/www.tapasmagazine.es\/en\/pastoreo-cultural-pop-up-returns-to-madrid\/"]}]},{"@type":"ImageObject","inLanguage":"en-US","@id":"https:\/\/www.tapasmagazine.es\/en\/pastoreo-cultural-pop-up-returns-to-madrid\/#primaryimage","url":"https:\/\/www.tapasmagazine.es\/wp-content\/uploads\/2023\/11\/pastoreo-pop-up-madrid-1.jpg","contentUrl":"https:\/\/www.tapasmagazine.es\/wp-content\/uploads\/2023\/11\/pastoreo-pop-up-madrid-1.jpg","width":1200,"height":675},{"@type":"BreadcrumbList","@id":"https:\/\/www.tapasmagazine.es\/en\/pastoreo-cultural-pop-up-returns-to-madrid\/#breadcrumb","itemListElement":[{"@type":"ListItem","position":1,"name":"Portada","item":"https:\/\/www.tapasmagazine.es\/"},{"@type":"ListItem","position":2,"name":"Sin categorizar","item":"https:\/\/www.tapasmagazine.es\/categorias\/sin-categorizar\/"},{"@type":"ListItem","position":3,"name":"Pastoreo, the cultural pop up that brings the countryside to the city returns to Madrid"}]},{"@type":"WebSite","@id":"https:\/\/www.tapasmagazine.es\/#website","url":"https:\/\/www.tapasmagazine.es\/","name":"Tapas","description":"\u00d1am \u00d1am Lifestyle. La vida a bocados. Premio Nacional de Gastronom\u00eda 2016.","publisher":{"@id":"https:\/\/www.tapasmagazine.es\/#organization"},"potentialAction":[{"@type":"SearchAction","target":{"@type":"EntryPoint","urlTemplate":"https:\/\/www.tapasmagazine.es\/?s={search_term_string}"},"query-input":{"@type":"PropertyValueSpecification","valueRequired":true,"valueName":"search_term_string"}}],"inLanguage":"en-US"},{"@type":"Organization","@id":"https:\/\/www.tapasmagazine.es\/#organization","name":"Tapas Magazine","url":"https:\/\/www.tapasmagazine.es\/","logo":{"@type":"ImageObject","inLanguage":"en-US","@id":"https:\/\/www.tapasmagazine.es\/#\/schema\/logo\/image\/","url":"https:\/\/www.tapasmagazine.es\/wp-content\/uploads\/2018\/01\/logo.png","contentUrl":"https:\/\/www.tapasmagazine.es\/wp-content\/uploads\/2018\/01\/logo.png","width":180,"height":60,"caption":"Tapas Magazine"},"image":{"@id":"https:\/\/www.tapasmagazine.es\/#\/schema\/logo\/image\/"},"sameAs":["https:\/\/www.facebook.com\/tapasmagazine","https:\/\/x.com\/TapasMagazine","https:\/\/www.instagram.com\/tapasmagazine\/","https:\/\/www.linkedin.com\/company\/tapas-magazine","https:\/\/es.pinterest.com\/tapasmagazine\/","https:\/\/www.youtube.com\/channel\/UCEyxneAaACuR0lfDagrWjjg?sub_confirmation=1"]},{"@type":"Person","@id":"https:\/\/www.tapasmagazine.es\/#\/schema\/person\/eb46cbe76a9c8f062660eb609e3ecb4e","name":"Laura P\u00e9rez","url":"https:\/\/www.tapasmagazine.es\/en\/author\/laura-perez\/"}]}},"_links":{"self":[{"href":"https:\/\/www.tapasmagazine.es\/en\/wp-json\/wp\/v2\/posts\/220621","targetHints":{"allow":["GET"]}}],"collection":[{"href":"https:\/\/www.tapasmagazine.es\/en\/wp-json\/wp\/v2\/posts"}],"about":[{"href":"https:\/\/www.tapasmagazine.es\/en\/wp-json\/wp\/v2\/types\/post"}],"author":[{"embeddable":true,"href":"https:\/\/www.tapasmagazine.es\/en\/wp-json\/wp\/v2\/users\/285"}],"replies":[{"embeddable":true,"href":"https:\/\/www.tapasmagazine.es\/en\/wp-json\/wp\/v2\/comments?post=220621"}],"version-history":[{"count":4,"href":"https:\/\/www.tapasmagazine.es\/en\/wp-json\/wp\/v2\/posts\/220621\/revisions"}],"predecessor-version":[{"id":220626,"href":"https:\/\/www.tapasmagazine.es\/en\/wp-json\/wp\/v2\/posts\/220621\/revisions\/220626"}],"wp:featuredmedia":[{"embeddable":true,"href":"https:\/\/www.tapasmagazine.es\/en\/wp-json\/wp\/v2\/media\/220583"}],"wp:attachment":[{"href":"https:\/\/www.tapasmagazine.es\/en\/wp-json\/wp\/v2\/media?parent=220621"}],"wp:term":[{"taxonomy":"category","embeddable":true,"href":"https:\/\/www.tapasmagazine.es\/en\/wp-json\/wp\/v2\/categories?post=220621"},{"taxonomy":"post_tag","embeddable":true,"href":"https:\/\/www.tapasmagazine.es\/en\/wp-json\/wp\/v2\/tags?post=220621"}],"curies":[{"name":"wp","href":"https:\/\/api.w.org\/{rel}","templated":true}]}}