{"id":220376,"date":"2023-11-20T11:37:09","date_gmt":"2023-11-20T10:37:09","guid":{"rendered":"https:\/\/www.tapasmagazine.es\/ami-paris-abre-una-serie-de-cafes-de-alta-costura-en-china\/"},"modified":"2023-11-20T11:41:16","modified_gmt":"2023-11-20T10:41:16","slug":"ami-paris-opens-series-haute-couture-cafes-china","status":"publish","type":"post","link":"https:\/\/www.tapasmagazine.es\/en\/ami-paris-opens-series-haute-couture-cafes-china\/","title":{"rendered":"Ami Paris opens a series of haute couture caf\u00e9s in China"},"content":{"rendered":"\n<p><strong>Click <a href=\"https:\/\/www.tapasmagazine.es\/ami-paris-abre-una-serie-de-cafes-de-alta-costura-en-china\/\" target=\"_blank\" rel=\"noreferrer noopener\">here<\/a> to read the Spanish version.<\/strong><\/p>\n\n\n\n<p>The Parisian streetwear brand led by <strong>Alexandre Mattiussi <\/strong>now explores the intersection between fashion and food in<strong> three pop-up caf\u00e9s<\/strong> that expand the brand experience and even elevate it to new heights.<\/p>\n\n\n\n<p>Ami is taking Parisian sophistication to <strong>Beijing<\/strong>, <strong>Shanghai <\/strong>and<strong> Chengdu<\/strong> in three new spaces that follow in the footsteps of other brands such as Burberry, Chanel and Jacquemus, which in previous chapters of fashion history opened their own gastronomic universes, albeit ephemeral.<\/p>\n\n\n<div class=\"wp-block-image\">\n<figure class=\"aligncenter size-large is-resized\"><a href=\"https:\/\/www.tapasmagazine.es\/wp-content\/uploads\/2023\/11\/ami-cafe-2.jpg\"><img decoding=\"async\" width=\"1024\" height=\"682\" src=\"https:\/\/www.tapasmagazine.es\/wp-content\/uploads\/2023\/11\/ami-cafe-2-1024x682.jpg\" alt=\"\" class=\"wp-image-220363\" style=\"width:1128px;height:auto\" srcset=\"https:\/\/www.tapasmagazine.es\/wp-content\/uploads\/2023\/11\/ami-cafe-2-1024x682.jpg 1024w, https:\/\/www.tapasmagazine.es\/wp-content\/uploads\/2023\/11\/ami-cafe-2-300x200.jpg 300w, https:\/\/www.tapasmagazine.es\/wp-content\/uploads\/2023\/11\/ami-cafe-2-768x512.jpg 768w, https:\/\/www.tapasmagazine.es\/wp-content\/uploads\/2023\/11\/ami-cafe-2-1000x666.jpg 1000w, https:\/\/www.tapasmagazine.es\/wp-content\/uploads\/2023\/11\/ami-cafe-2-400x267.jpg 400w, https:\/\/www.tapasmagazine.es\/wp-content\/uploads\/2023\/11\/ami-cafe-2.jpg 1280w\" sizes=\"(max-width: 1024px) 100vw, 1024px\" \/><\/a><\/figure>\n<\/div>\n\n\n<p>The Parisian brand turns <strong>Le Caf\u00e9 Ami <\/strong>into &#8216;a unique experience, in exceptional surroundings, [the pop-up caf\u00e9 is] tailor-made for Chinese friends and customers&#8217;, it said in a statement.<\/p>\n\n\n\n<p>The <strong>Beijing pop-up<\/strong> is located in the South Plaza of the Sanlitun Taikoo Li shopping complex, and evokes the aura of a traditional Parisian Haussmanian-style building adorned with Parisian bistro chairs, elegant cylindrical columns and lanterns. There, customers can relax and sip drinks from mugs stamped with the iconic Ami logo.\u00a0<\/p>\n\n\n\n<p>Meanwhile, the ground floor showcases Ami&#8217;s AW23\/24 collection, which encompasses men&#8217;s and women&#8217;s ready-to-wear and accessories.<\/p>\n\n\n<div class=\"wp-block-image\">\n<figure class=\"aligncenter size-large is-resized\"><a href=\"https:\/\/www.tapasmagazine.es\/wp-content\/uploads\/2023\/11\/ami-cafe-3.jpg\"><img decoding=\"async\" width=\"1024\" height=\"682\" src=\"https:\/\/www.tapasmagazine.es\/wp-content\/uploads\/2023\/11\/ami-cafe-3-1024x682.jpg\" alt=\"\" class=\"wp-image-220365\" style=\"width:1042px;height:auto\" srcset=\"https:\/\/www.tapasmagazine.es\/wp-content\/uploads\/2023\/11\/ami-cafe-3-1024x682.jpg 1024w, https:\/\/www.tapasmagazine.es\/wp-content\/uploads\/2023\/11\/ami-cafe-3-300x200.jpg 300w, https:\/\/www.tapasmagazine.es\/wp-content\/uploads\/2023\/11\/ami-cafe-3-768x512.jpg 768w, https:\/\/www.tapasmagazine.es\/wp-content\/uploads\/2023\/11\/ami-cafe-3-1000x666.jpg 1000w, https:\/\/www.tapasmagazine.es\/wp-content\/uploads\/2023\/11\/ami-cafe-3-400x267.jpg 400w, https:\/\/www.tapasmagazine.es\/wp-content\/uploads\/2023\/11\/ami-cafe-3.jpg 1280w\" sizes=\"(max-width: 1024px) 100vw, 1024px\" \/><\/a><\/figure>\n<\/div>\n\n\n<p>Ami has also collaborated with local caf\u00e9s in <strong>Shanghai<\/strong> and <strong>Chengdu<\/strong> to translate Ami&#8217;s vision, wrapping them in Ami&#8217;s codes and identity. In Shanghai, the Parisian brand teamed up with Sunset +a:b caf\u00e9 to transform its already cosy atmosphere into an Ami-style ambience, complete with black and white striped umbrellas and exclusive Ami stationery products.\u00a0<\/p>\n\n\n\n<p>The firm also partnered with Chengdu&#8217;s Invisi caf\u00e9, located near Taikoo Li, following a similar design philosophy as the rest of the collection of caf\u00e9s that will remain open until <strong>8 December<\/strong>.<\/p>\n","protected":false},"excerpt":{"rendered":"<p>Click here to read the Spanish version. The Parisian streetwear brand led by Alexandre Mattiussi now explores the intersection between fashion and food in three pop-up caf\u00e9s that expand the brand experience and even elevate it to new heights. Ami is taking Parisian sophistication to Beijing, Shanghai and Chengdu in three new spaces that follow [&hellip;]<\/p>\n","protected":false},"author":285,"featured_media":220362,"comment_status":"open","ping_status":"closed","sticky":false,"template":"single-feature.php","format":"standard","meta":{"_acf_changed":false,"footnotes":""},"categories":[15802,1],"tags":[16537,16170,17640],"class_list":["post-220376","post","type-post","status-publish","format-standard","has-post-thumbnail","hentry","category-news","category-sin-categorizar","tag-cafe-en","tag-comida-en","tag-moda-en","cat-15802-id","cat-1-id"],"acf":[],"yoast_head":"<!-- This site is optimized with the Yoast SEO plugin v27.4 - https:\/\/yoast.com\/product\/yoast-seo-wordpress\/ -->\n<title>Ami Paris opens a series of haute couture caf\u00e9s in China - Tapas<\/title>\n<meta name=\"description\" content=\"Click here to read the Spanish version. The Parisian streetwear brand led by Alexandre Mattiussi now explores the intersection between fashion and food in\" \/>\n<meta name=\"robots\" content=\"index, follow, max-snippet:-1, max-image-preview:large, max-video-preview:-1\" \/>\n<link rel=\"canonical\" href=\"https:\/\/www.tapasmagazine.es\/en\/ami-paris-opens-series-haute-couture-cafes-china\/\" \/>\n<meta property=\"og:locale\" content=\"en_US\" \/>\n<meta property=\"og:type\" content=\"article\" \/>\n<meta property=\"og:title\" content=\"Ami Paris opens a series of haute couture caf\u00e9s in China - Tapas\" \/>\n<meta property=\"og:description\" content=\"Click here to read the Spanish version. The Parisian streetwear brand led by Alexandre Mattiussi now explores the intersection between fashion and food in\" \/>\n<meta property=\"og:url\" content=\"https:\/\/www.tapasmagazine.es\/en\/ami-paris-opens-series-haute-couture-cafes-china\/\" \/>\n<meta property=\"og:site_name\" content=\"Tapas\" \/>\n<meta property=\"article:publisher\" content=\"https:\/\/www.facebook.com\/tapasmagazine\" \/>\n<meta property=\"article:published_time\" content=\"2023-11-20T10:37:09+00:00\" \/>\n<meta property=\"article:modified_time\" content=\"2023-11-20T10:41:16+00:00\" \/>\n<meta property=\"og:image\" content=\"https:\/\/www.tapasmagazine.es\/wp-content\/uploads\/2023\/11\/ami-cafe-1.jpg\" \/>\n\t<meta property=\"og:image:width\" content=\"1200\" \/>\n\t<meta property=\"og:image:height\" content=\"675\" \/>\n\t<meta property=\"og:image:type\" content=\"image\/jpeg\" \/>\n<meta name=\"author\" content=\"Laura P\u00e9rez\" \/>\n<meta name=\"twitter:card\" content=\"summary_large_image\" \/>\n<meta name=\"twitter:creator\" content=\"@TapasMagazine\" \/>\n<meta name=\"twitter:site\" content=\"@TapasMagazine\" \/>\n<meta name=\"twitter:label1\" content=\"Written by\" \/>\n\t<meta name=\"twitter:data1\" content=\"Laura P\u00e9rez\" \/>\n\t<meta name=\"twitter:label2\" content=\"Est. reading time\" \/>\n\t<meta name=\"twitter:data2\" content=\"2 minutes\" \/>\n<script type=\"application\/ld+json\" class=\"yoast-schema-graph\">{\"@context\":\"https:\\\/\\\/schema.org\",\"@graph\":[{\"@type\":\"Article\",\"@id\":\"https:\\\/\\\/www.tapasmagazine.es\\\/en\\\/ami-paris-opens-series-haute-couture-cafes-china\\\/#article\",\"isPartOf\":{\"@id\":\"https:\\\/\\\/www.tapasmagazine.es\\\/en\\\/ami-paris-opens-series-haute-couture-cafes-china\\\/\"},\"author\":{\"name\":\"Laura P\u00e9rez\",\"@id\":\"https:\\\/\\\/www.tapasmagazine.es\\\/#\\\/schema\\\/person\\\/eb46cbe76a9c8f062660eb609e3ecb4e\"},\"headline\":\"Ami Paris opens a series of haute couture caf\u00e9s in China\",\"datePublished\":\"2023-11-20T10:37:09+00:00\",\"dateModified\":\"2023-11-20T10:41:16+00:00\",\"mainEntityOfPage\":{\"@id\":\"https:\\\/\\\/www.tapasmagazine.es\\\/en\\\/ami-paris-opens-series-haute-couture-cafes-china\\\/\"},\"wordCount\":285,\"commentCount\":0,\"publisher\":{\"@id\":\"https:\\\/\\\/www.tapasmagazine.es\\\/#organization\"},\"image\":{\"@id\":\"https:\\\/\\\/www.tapasmagazine.es\\\/en\\\/ami-paris-opens-series-haute-couture-cafes-china\\\/#primaryimage\"},\"thumbnailUrl\":\"https:\\\/\\\/www.tapasmagazine.es\\\/wp-content\\\/uploads\\\/2023\\\/11\\\/ami-cafe-1.jpg\",\"keywords\":[\"caf\u00e9\",\"Comida\",\"Moda\"],\"articleSection\":[\"News\",\"Sin categorizar\"],\"inLanguage\":\"en-US\",\"potentialAction\":[{\"@type\":\"CommentAction\",\"name\":\"Comment\",\"target\":[\"https:\\\/\\\/www.tapasmagazine.es\\\/en\\\/ami-paris-opens-series-haute-couture-cafes-china\\\/#respond\"]}]},{\"@type\":\"WebPage\",\"@id\":\"https:\\\/\\\/www.tapasmagazine.es\\\/en\\\/ami-paris-opens-series-haute-couture-cafes-china\\\/\",\"url\":\"https:\\\/\\\/www.tapasmagazine.es\\\/en\\\/ami-paris-opens-series-haute-couture-cafes-china\\\/\",\"name\":\"Ami Paris opens a series of haute couture caf\u00e9s in China - Tapas\",\"isPartOf\":{\"@id\":\"https:\\\/\\\/www.tapasmagazine.es\\\/#website\"},\"primaryImageOfPage\":{\"@id\":\"https:\\\/\\\/www.tapasmagazine.es\\\/en\\\/ami-paris-opens-series-haute-couture-cafes-china\\\/#primaryimage\"},\"image\":{\"@id\":\"https:\\\/\\\/www.tapasmagazine.es\\\/en\\\/ami-paris-opens-series-haute-couture-cafes-china\\\/#primaryimage\"},\"thumbnailUrl\":\"https:\\\/\\\/www.tapasmagazine.es\\\/wp-content\\\/uploads\\\/2023\\\/11\\\/ami-cafe-1.jpg\",\"datePublished\":\"2023-11-20T10:37:09+00:00\",\"dateModified\":\"2023-11-20T10:41:16+00:00\",\"description\":\"Click here to read the Spanish version. The Parisian streetwear brand led by Alexandre Mattiussi now explores the intersection between fashion and food in\",\"breadcrumb\":{\"@id\":\"https:\\\/\\\/www.tapasmagazine.es\\\/en\\\/ami-paris-opens-series-haute-couture-cafes-china\\\/#breadcrumb\"},\"inLanguage\":\"en-US\",\"potentialAction\":[{\"@type\":\"ReadAction\",\"target\":[\"https:\\\/\\\/www.tapasmagazine.es\\\/en\\\/ami-paris-opens-series-haute-couture-cafes-china\\\/\"]}]},{\"@type\":\"ImageObject\",\"inLanguage\":\"en-US\",\"@id\":\"https:\\\/\\\/www.tapasmagazine.es\\\/en\\\/ami-paris-opens-series-haute-couture-cafes-china\\\/#primaryimage\",\"url\":\"https:\\\/\\\/www.tapasmagazine.es\\\/wp-content\\\/uploads\\\/2023\\\/11\\\/ami-cafe-1.jpg\",\"contentUrl\":\"https:\\\/\\\/www.tapasmagazine.es\\\/wp-content\\\/uploads\\\/2023\\\/11\\\/ami-cafe-1.jpg\",\"width\":1200,\"height\":675},{\"@type\":\"BreadcrumbList\",\"@id\":\"https:\\\/\\\/www.tapasmagazine.es\\\/en\\\/ami-paris-opens-series-haute-couture-cafes-china\\\/#breadcrumb\",\"itemListElement\":[{\"@type\":\"ListItem\",\"position\":1,\"name\":\"Portada\",\"item\":\"https:\\\/\\\/www.tapasmagazine.es\\\/\"},{\"@type\":\"ListItem\",\"position\":2,\"name\":\"Sin categorizar\",\"item\":\"https:\\\/\\\/www.tapasmagazine.es\\\/categorias\\\/sin-categorizar\\\/\"},{\"@type\":\"ListItem\",\"position\":3,\"name\":\"Ami Paris opens a series of haute couture caf\u00e9s in China\"}]},{\"@type\":\"WebSite\",\"@id\":\"https:\\\/\\\/www.tapasmagazine.es\\\/#website\",\"url\":\"https:\\\/\\\/www.tapasmagazine.es\\\/\",\"name\":\"Tapas\",\"description\":\"\u00d1am \u00d1am Lifestyle. La vida a bocados. Premio Nacional de Gastronom\u00eda 2016.\",\"publisher\":{\"@id\":\"https:\\\/\\\/www.tapasmagazine.es\\\/#organization\"},\"potentialAction\":[{\"@type\":\"SearchAction\",\"target\":{\"@type\":\"EntryPoint\",\"urlTemplate\":\"https:\\\/\\\/www.tapasmagazine.es\\\/?s={search_term_string}\"},\"query-input\":{\"@type\":\"PropertyValueSpecification\",\"valueRequired\":true,\"valueName\":\"search_term_string\"}}],\"inLanguage\":\"en-US\"},{\"@type\":\"Organization\",\"@id\":\"https:\\\/\\\/www.tapasmagazine.es\\\/#organization\",\"name\":\"Tapas Magazine\",\"url\":\"https:\\\/\\\/www.tapasmagazine.es\\\/\",\"logo\":{\"@type\":\"ImageObject\",\"inLanguage\":\"en-US\",\"@id\":\"https:\\\/\\\/www.tapasmagazine.es\\\/#\\\/schema\\\/logo\\\/image\\\/\",\"url\":\"https:\\\/\\\/www.tapasmagazine.es\\\/wp-content\\\/uploads\\\/2018\\\/01\\\/logo.png\",\"contentUrl\":\"https:\\\/\\\/www.tapasmagazine.es\\\/wp-content\\\/uploads\\\/2018\\\/01\\\/logo.png\",\"width\":180,\"height\":60,\"caption\":\"Tapas Magazine\"},\"image\":{\"@id\":\"https:\\\/\\\/www.tapasmagazine.es\\\/#\\\/schema\\\/logo\\\/image\\\/\"},\"sameAs\":[\"https:\\\/\\\/www.facebook.com\\\/tapasmagazine\",\"https:\\\/\\\/x.com\\\/TapasMagazine\",\"https:\\\/\\\/www.instagram.com\\\/tapasmagazine\\\/\",\"https:\\\/\\\/www.linkedin.com\\\/company\\\/tapas-magazine\",\"https:\\\/\\\/es.pinterest.com\\\/tapasmagazine\\\/\",\"https:\\\/\\\/www.youtube.com\\\/channel\\\/UCEyxneAaACuR0lfDagrWjjg?sub_confirmation=1\"]},{\"@type\":\"Person\",\"@id\":\"https:\\\/\\\/www.tapasmagazine.es\\\/#\\\/schema\\\/person\\\/eb46cbe76a9c8f062660eb609e3ecb4e\",\"name\":\"Laura P\u00e9rez\",\"url\":\"https:\\\/\\\/www.tapasmagazine.es\\\/en\\\/author\\\/laura-perez\\\/\"}]}<\/script>\n<!-- \/ Yoast SEO plugin. -->","yoast_head_json":{"title":"Ami Paris opens a series of haute couture caf\u00e9s in China - Tapas","description":"Click here to read the Spanish version. The Parisian streetwear brand led by Alexandre Mattiussi now explores the intersection between fashion and food in","robots":{"index":"index","follow":"follow","max-snippet":"max-snippet:-1","max-image-preview":"max-image-preview:large","max-video-preview":"max-video-preview:-1"},"canonical":"https:\/\/www.tapasmagazine.es\/en\/ami-paris-opens-series-haute-couture-cafes-china\/","og_locale":"en_US","og_type":"article","og_title":"Ami Paris opens a series of haute couture caf\u00e9s in China - Tapas","og_description":"Click here to read the Spanish version. The Parisian streetwear brand led by Alexandre Mattiussi now explores the intersection between fashion and food in","og_url":"https:\/\/www.tapasmagazine.es\/en\/ami-paris-opens-series-haute-couture-cafes-china\/","og_site_name":"Tapas","article_publisher":"https:\/\/www.facebook.com\/tapasmagazine","article_published_time":"2023-11-20T10:37:09+00:00","article_modified_time":"2023-11-20T10:41:16+00:00","og_image":[{"width":1200,"height":675,"url":"https:\/\/www.tapasmagazine.es\/wp-content\/uploads\/2023\/11\/ami-cafe-1.jpg","type":"image\/jpeg"}],"author":"Laura P\u00e9rez","twitter_card":"summary_large_image","twitter_creator":"@TapasMagazine","twitter_site":"@TapasMagazine","twitter_misc":{"Written by":"Laura P\u00e9rez","Est. reading time":"2 minutes"},"schema":{"@context":"https:\/\/schema.org","@graph":[{"@type":"Article","@id":"https:\/\/www.tapasmagazine.es\/en\/ami-paris-opens-series-haute-couture-cafes-china\/#article","isPartOf":{"@id":"https:\/\/www.tapasmagazine.es\/en\/ami-paris-opens-series-haute-couture-cafes-china\/"},"author":{"name":"Laura P\u00e9rez","@id":"https:\/\/www.tapasmagazine.es\/#\/schema\/person\/eb46cbe76a9c8f062660eb609e3ecb4e"},"headline":"Ami Paris opens a series of haute couture caf\u00e9s in China","datePublished":"2023-11-20T10:37:09+00:00","dateModified":"2023-11-20T10:41:16+00:00","mainEntityOfPage":{"@id":"https:\/\/www.tapasmagazine.es\/en\/ami-paris-opens-series-haute-couture-cafes-china\/"},"wordCount":285,"commentCount":0,"publisher":{"@id":"https:\/\/www.tapasmagazine.es\/#organization"},"image":{"@id":"https:\/\/www.tapasmagazine.es\/en\/ami-paris-opens-series-haute-couture-cafes-china\/#primaryimage"},"thumbnailUrl":"https:\/\/www.tapasmagazine.es\/wp-content\/uploads\/2023\/11\/ami-cafe-1.jpg","keywords":["caf\u00e9","Comida","Moda"],"articleSection":["News","Sin categorizar"],"inLanguage":"en-US","potentialAction":[{"@type":"CommentAction","name":"Comment","target":["https:\/\/www.tapasmagazine.es\/en\/ami-paris-opens-series-haute-couture-cafes-china\/#respond"]}]},{"@type":"WebPage","@id":"https:\/\/www.tapasmagazine.es\/en\/ami-paris-opens-series-haute-couture-cafes-china\/","url":"https:\/\/www.tapasmagazine.es\/en\/ami-paris-opens-series-haute-couture-cafes-china\/","name":"Ami Paris opens a series of haute couture caf\u00e9s in China - Tapas","isPartOf":{"@id":"https:\/\/www.tapasmagazine.es\/#website"},"primaryImageOfPage":{"@id":"https:\/\/www.tapasmagazine.es\/en\/ami-paris-opens-series-haute-couture-cafes-china\/#primaryimage"},"image":{"@id":"https:\/\/www.tapasmagazine.es\/en\/ami-paris-opens-series-haute-couture-cafes-china\/#primaryimage"},"thumbnailUrl":"https:\/\/www.tapasmagazine.es\/wp-content\/uploads\/2023\/11\/ami-cafe-1.jpg","datePublished":"2023-11-20T10:37:09+00:00","dateModified":"2023-11-20T10:41:16+00:00","description":"Click here to read the Spanish version. The Parisian streetwear brand led by Alexandre Mattiussi now explores the intersection between fashion and food in","breadcrumb":{"@id":"https:\/\/www.tapasmagazine.es\/en\/ami-paris-opens-series-haute-couture-cafes-china\/#breadcrumb"},"inLanguage":"en-US","potentialAction":[{"@type":"ReadAction","target":["https:\/\/www.tapasmagazine.es\/en\/ami-paris-opens-series-haute-couture-cafes-china\/"]}]},{"@type":"ImageObject","inLanguage":"en-US","@id":"https:\/\/www.tapasmagazine.es\/en\/ami-paris-opens-series-haute-couture-cafes-china\/#primaryimage","url":"https:\/\/www.tapasmagazine.es\/wp-content\/uploads\/2023\/11\/ami-cafe-1.jpg","contentUrl":"https:\/\/www.tapasmagazine.es\/wp-content\/uploads\/2023\/11\/ami-cafe-1.jpg","width":1200,"height":675},{"@type":"BreadcrumbList","@id":"https:\/\/www.tapasmagazine.es\/en\/ami-paris-opens-series-haute-couture-cafes-china\/#breadcrumb","itemListElement":[{"@type":"ListItem","position":1,"name":"Portada","item":"https:\/\/www.tapasmagazine.es\/"},{"@type":"ListItem","position":2,"name":"Sin categorizar","item":"https:\/\/www.tapasmagazine.es\/categorias\/sin-categorizar\/"},{"@type":"ListItem","position":3,"name":"Ami Paris opens a series of haute couture caf\u00e9s in China"}]},{"@type":"WebSite","@id":"https:\/\/www.tapasmagazine.es\/#website","url":"https:\/\/www.tapasmagazine.es\/","name":"Tapas","description":"\u00d1am \u00d1am Lifestyle. La vida a bocados. Premio Nacional de Gastronom\u00eda 2016.","publisher":{"@id":"https:\/\/www.tapasmagazine.es\/#organization"},"potentialAction":[{"@type":"SearchAction","target":{"@type":"EntryPoint","urlTemplate":"https:\/\/www.tapasmagazine.es\/?s={search_term_string}"},"query-input":{"@type":"PropertyValueSpecification","valueRequired":true,"valueName":"search_term_string"}}],"inLanguage":"en-US"},{"@type":"Organization","@id":"https:\/\/www.tapasmagazine.es\/#organization","name":"Tapas Magazine","url":"https:\/\/www.tapasmagazine.es\/","logo":{"@type":"ImageObject","inLanguage":"en-US","@id":"https:\/\/www.tapasmagazine.es\/#\/schema\/logo\/image\/","url":"https:\/\/www.tapasmagazine.es\/wp-content\/uploads\/2018\/01\/logo.png","contentUrl":"https:\/\/www.tapasmagazine.es\/wp-content\/uploads\/2018\/01\/logo.png","width":180,"height":60,"caption":"Tapas Magazine"},"image":{"@id":"https:\/\/www.tapasmagazine.es\/#\/schema\/logo\/image\/"},"sameAs":["https:\/\/www.facebook.com\/tapasmagazine","https:\/\/x.com\/TapasMagazine","https:\/\/www.instagram.com\/tapasmagazine\/","https:\/\/www.linkedin.com\/company\/tapas-magazine","https:\/\/es.pinterest.com\/tapasmagazine\/","https:\/\/www.youtube.com\/channel\/UCEyxneAaACuR0lfDagrWjjg?sub_confirmation=1"]},{"@type":"Person","@id":"https:\/\/www.tapasmagazine.es\/#\/schema\/person\/eb46cbe76a9c8f062660eb609e3ecb4e","name":"Laura P\u00e9rez","url":"https:\/\/www.tapasmagazine.es\/en\/author\/laura-perez\/"}]}},"_links":{"self":[{"href":"https:\/\/www.tapasmagazine.es\/en\/wp-json\/wp\/v2\/posts\/220376","targetHints":{"allow":["GET"]}}],"collection":[{"href":"https:\/\/www.tapasmagazine.es\/en\/wp-json\/wp\/v2\/posts"}],"about":[{"href":"https:\/\/www.tapasmagazine.es\/en\/wp-json\/wp\/v2\/types\/post"}],"author":[{"embeddable":true,"href":"https:\/\/www.tapasmagazine.es\/en\/wp-json\/wp\/v2\/users\/285"}],"replies":[{"embeddable":true,"href":"https:\/\/www.tapasmagazine.es\/en\/wp-json\/wp\/v2\/comments?post=220376"}],"version-history":[{"count":4,"href":"https:\/\/www.tapasmagazine.es\/en\/wp-json\/wp\/v2\/posts\/220376\/revisions"}],"predecessor-version":[{"id":220381,"href":"https:\/\/www.tapasmagazine.es\/en\/wp-json\/wp\/v2\/posts\/220376\/revisions\/220381"}],"wp:featuredmedia":[{"embeddable":true,"href":"https:\/\/www.tapasmagazine.es\/en\/wp-json\/wp\/v2\/media\/220362"}],"wp:attachment":[{"href":"https:\/\/www.tapasmagazine.es\/en\/wp-json\/wp\/v2\/media?parent=220376"}],"wp:term":[{"taxonomy":"category","embeddable":true,"href":"https:\/\/www.tapasmagazine.es\/en\/wp-json\/wp\/v2\/categories?post=220376"},{"taxonomy":"post_tag","embeddable":true,"href":"https:\/\/www.tapasmagazine.es\/en\/wp-json\/wp\/v2\/tags?post=220376"}],"curies":[{"name":"wp","href":"https:\/\/api.w.org\/{rel}","templated":true}]}}