{"id":220013,"date":"2023-11-16T17:34:08","date_gmt":"2023-11-16T16:34:08","guid":{"rendered":"https:\/\/www.tapasmagazine.es\/donde-comer-en-oviedo-la-capital-espanola-de-la-gastronomia-de-2024\/"},"modified":"2023-11-16T18:09:10","modified_gmt":"2023-11-16T17:09:10","slug":"where-to-eat-oviedo-2024-spanish-capita-of-gastronomy","status":"publish","type":"post","link":"https:\/\/www.tapasmagazine.es\/en\/where-to-eat-oviedo-2024-spanish-capita-of-gastronomy\/","title":{"rendered":"Where to eat in Oviedo, the 2024 Spanish Capital of Gastronomy"},"content":{"rendered":"\n<p><strong>Click <a href=\"https:\/\/www.tapasmagazine.es\/donde-comer-en-oviedo-la-capital-espanola-de-la-gastronomia-de-2024\/\" target=\"_blank\" rel=\"noreferrer noopener\">here<\/a> to read the Spanish version.<\/strong><\/p>\n\n\n\n<p><strong>Oviedo <\/strong>has been elected this Thursday &#8216;Spanish Capital of Gastronomy 2024&#8217; in the framework of <strong>INTUR<\/strong> (Inland Tourism Exhibition). A powerful title for which it competed with three other candidate cities: Alicante, Antequera and Castell\u00f3n.<\/p>\n\n\n\n<p>The Asturian capital will receive the baton from the basin on 1 January, as an award it will hold until 31 December 2023 due to its high level of promotion of gastronomy as a tourist attraction.<\/p>\n\n\n<div class=\"wp-block-image\">\n<figure class=\"aligncenter size-large is-resized\"><a href=\"https:\/\/www.tapasmagazine.es\/wp-content\/uploads\/2023\/11\/donde-comer-oviedo-capital-gastronomia-2024-3.webp\"><img decoding=\"async\" width=\"1024\" height=\"576\" src=\"https:\/\/www.tapasmagazine.es\/wp-content\/uploads\/2023\/11\/donde-comer-oviedo-capital-gastronomia-2024-3-1024x576.webp\" alt=\"\" class=\"wp-image-219997\" style=\"width:1252px;height:auto\" srcset=\"https:\/\/www.tapasmagazine.es\/wp-content\/uploads\/2023\/11\/donde-comer-oviedo-capital-gastronomia-2024-3-1024x576.webp 1024w, https:\/\/www.tapasmagazine.es\/wp-content\/uploads\/2023\/11\/donde-comer-oviedo-capital-gastronomia-2024-3-300x169.webp 300w, https:\/\/www.tapasmagazine.es\/wp-content\/uploads\/2023\/11\/donde-comer-oviedo-capital-gastronomia-2024-3-768x432.webp 768w, https:\/\/www.tapasmagazine.es\/wp-content\/uploads\/2023\/11\/donde-comer-oviedo-capital-gastronomia-2024-3-1000x563.webp 1000w, https:\/\/www.tapasmagazine.es\/wp-content\/uploads\/2023\/11\/donde-comer-oviedo-capital-gastronomia-2024-3-400x225.webp 400w, https:\/\/www.tapasmagazine.es\/wp-content\/uploads\/2023\/11\/donde-comer-oviedo-capital-gastronomia-2024-3.webp 1200w\" sizes=\"(max-width: 1024px) 100vw, 1024px\" \/><\/a><figcaption class=\"wp-element-caption\">iStock<\/figcaption><\/figure>\n<\/div>\n\n\n<p>Throughout the year, Oviedo will be holding special activities and events to celebrate this position, highlighting its gastronomy, where you can lose yourself among typical Asturian dishes and drinks such as cachopo, gamon\u00e9u, fabada or cider. Culinary symbols that make up its culture, and which the following &#8211; and best &#8211; restaurants in the award-winning city reinterpret. Take note.<\/p>\n\n\n\n<h2 class=\"wp-block-heading\">Ca\u2019 Suso<\/h2>\n\n\n\n<figure class=\"wp-block-image size-large is-resized\"><a href=\"https:\/\/www.tapasmagazine.es\/wp-content\/uploads\/2023\/11\/donde-comer-oviedo-capital-gastronomia-2024-2-scaled.webp\"><img decoding=\"async\" width=\"1024\" height=\"683\" src=\"https:\/\/www.tapasmagazine.es\/wp-content\/uploads\/2023\/11\/donde-comer-oviedo-capital-gastronomia-2024-2-1024x683.webp\" alt=\"\" class=\"wp-image-219995\" style=\"width:917px;height:auto\" srcset=\"https:\/\/www.tapasmagazine.es\/wp-content\/uploads\/2023\/11\/donde-comer-oviedo-capital-gastronomia-2024-2-1024x683.webp 1024w, https:\/\/www.tapasmagazine.es\/wp-content\/uploads\/2023\/11\/donde-comer-oviedo-capital-gastronomia-2024-2-300x200.webp 300w, https:\/\/www.tapasmagazine.es\/wp-content\/uploads\/2023\/11\/donde-comer-oviedo-capital-gastronomia-2024-2-768x512.webp 768w, https:\/\/www.tapasmagazine.es\/wp-content\/uploads\/2023\/11\/donde-comer-oviedo-capital-gastronomia-2024-2-1536x1024.webp 1536w, https:\/\/www.tapasmagazine.es\/wp-content\/uploads\/2023\/11\/donde-comer-oviedo-capital-gastronomia-2024-2-2048x1365.webp 2048w, https:\/\/www.tapasmagazine.es\/wp-content\/uploads\/2023\/11\/donde-comer-oviedo-capital-gastronomia-2024-2-1000x667.webp 1000w, https:\/\/www.tapasmagazine.es\/wp-content\/uploads\/2023\/11\/donde-comer-oviedo-capital-gastronomia-2024-2-400x267.webp 400w\" sizes=\"(max-width: 1024px) 100vw, 1024px\" \/><\/a><\/figure>\n\n\n\n<p>Over the years, their proposal has become more solid, less permeable to fashions and trends and closer to sustainability and producers. The Feito brothers alternate between the kitchen and the dining room, with a very good customer service and a cosy dining room with a variety of well-resolved dishes, from cured salmon or chosco de Tineo to conger eel meatballs or golondro.<\/p>\n\n\n\n<p>By David Fern\u00e1ndez-Prada (Gu\u00eda Para Comerse y Beberse Espa\u00f1a 2023 \u2013 Tapas Magazine)<\/p>\n\n\n\n<p>Oviedo. Marqu\u00e9s de Gasta\u00f1aga, 13<br>985 22 82 32 \u2022 <a href=\"http:\/\/ca-suso.com\/\" target=\"_blank\" rel=\"noreferrer noopener\">Web<\/a><br>Tasting menus: 35 y 50 \u20ac <\/p>\n\n\n\n<h2 class=\"wp-block-heading\">NM<\/h2>\n\n\n\n<figure class=\"wp-block-gallery has-nested-images columns-default is-cropped wp-block-gallery-1 is-layout-flex wp-block-gallery-is-layout-flex\">\n<figure class=\"wp-block-image size-large\"><a href=\"https:\/\/www.tapasmagazine.es\/wp-content\/uploads\/2023\/11\/donde-comer-oviedo-capital-gastronomia-2024-4.jpg\"><img decoding=\"async\" width=\"683\" height=\"1024\" data-id=\"220000\" src=\"https:\/\/www.tapasmagazine.es\/wp-content\/uploads\/2023\/11\/donde-comer-oviedo-capital-gastronomia-2024-4-683x1024.jpg\" alt=\"\" class=\"wp-image-220000\" srcset=\"https:\/\/www.tapasmagazine.es\/wp-content\/uploads\/2023\/11\/donde-comer-oviedo-capital-gastronomia-2024-4-683x1024.jpg 683w, https:\/\/www.tapasmagazine.es\/wp-content\/uploads\/2023\/11\/donde-comer-oviedo-capital-gastronomia-2024-4-200x300.jpg 200w, https:\/\/www.tapasmagazine.es\/wp-content\/uploads\/2023\/11\/donde-comer-oviedo-capital-gastronomia-2024-4-768x1152.jpg 768w, https:\/\/www.tapasmagazine.es\/wp-content\/uploads\/2023\/11\/donde-comer-oviedo-capital-gastronomia-2024-4-400x600.jpg 400w, https:\/\/www.tapasmagazine.es\/wp-content\/uploads\/2023\/11\/donde-comer-oviedo-capital-gastronomia-2024-4.jpg 960w\" sizes=\"(max-width: 683px) 100vw, 683px\" \/><\/a><\/figure>\n\n\n\n<figure class=\"wp-block-image size-large\"><a href=\"https:\/\/www.tapasmagazine.es\/wp-content\/uploads\/2023\/11\/donde-comer-oviedo-capital-gastronomia-2024-5.jpg\"><img decoding=\"async\" width=\"683\" height=\"1024\" data-id=\"219999\" src=\"https:\/\/www.tapasmagazine.es\/wp-content\/uploads\/2023\/11\/donde-comer-oviedo-capital-gastronomia-2024-5-683x1024.jpg\" alt=\"\" class=\"wp-image-219999\" srcset=\"https:\/\/www.tapasmagazine.es\/wp-content\/uploads\/2023\/11\/donde-comer-oviedo-capital-gastronomia-2024-5-683x1024.jpg 683w, https:\/\/www.tapasmagazine.es\/wp-content\/uploads\/2023\/11\/donde-comer-oviedo-capital-gastronomia-2024-5-200x300.jpg 200w, https:\/\/www.tapasmagazine.es\/wp-content\/uploads\/2023\/11\/donde-comer-oviedo-capital-gastronomia-2024-5-768x1152.jpg 768w, https:\/\/www.tapasmagazine.es\/wp-content\/uploads\/2023\/11\/donde-comer-oviedo-capital-gastronomia-2024-5-400x600.jpg 400w, https:\/\/www.tapasmagazine.es\/wp-content\/uploads\/2023\/11\/donde-comer-oviedo-capital-gastronomia-2024-5.jpg 960w\" sizes=\"(max-width: 683px) 100vw, 683px\" \/><\/a><\/figure>\n<\/figure>\n\n\n\n<p>This is Nacho Manzano&#8217;s latest opening, in a clear bid to bring a Michelin star back to Oviedo. In an almost clandestine space, where you have to knock on the door in a corner of the Gran Bulevar El Vasco, you can glimpse a room with Nordic, avant-garde and very pretty d\u00e9cor. Its first menu was game-themed, and it shone to great effect. Now it changes every season, including seasonal products, seeking to reach a wider public.<\/p>\n\n\n\n<p>By David Fern\u00e1ndez-Prada (Gu\u00eda Para Comerse y Beberse Espa\u00f1a 2023 \u2013 Tapas Magazine)<\/p>\n\n\n\n<p>Oviedo. V\u00edctor Ch\u00e1varri, 2 (Gran Bulevar El Vasco)<br>699 45 51 93 \u2022 <a href=\"https:\/\/nmrestaurante.es\/\" target=\"_blank\" rel=\"noreferrer noopener\">Web<\/a><br>Tasting Menu: 90 \u20ac <\/p>\n\n\n\n<h2 class=\"wp-block-heading\">Casa Ferm\u00edn<\/h2>\n\n\n<div class=\"wp-block-image\">\n<figure class=\"aligncenter size-large is-resized\"><a href=\"https:\/\/www.tapasmagazine.es\/wp-content\/uploads\/2023\/11\/donde-comer-oviedo-capital-gastronomia-2024-6.jpg\"><img decoding=\"async\" width=\"1024\" height=\"1024\" src=\"https:\/\/www.tapasmagazine.es\/wp-content\/uploads\/2023\/11\/donde-comer-oviedo-capital-gastronomia-2024-6-1024x1024.jpg\" alt=\"\" class=\"wp-image-220003\" style=\"width:1146px;height:auto\" srcset=\"https:\/\/www.tapasmagazine.es\/wp-content\/uploads\/2023\/11\/donde-comer-oviedo-capital-gastronomia-2024-6-1024x1024.jpg 1024w, https:\/\/www.tapasmagazine.es\/wp-content\/uploads\/2023\/11\/donde-comer-oviedo-capital-gastronomia-2024-6-300x300.jpg 300w, https:\/\/www.tapasmagazine.es\/wp-content\/uploads\/2023\/11\/donde-comer-oviedo-capital-gastronomia-2024-6-150x150.jpg 150w, https:\/\/www.tapasmagazine.es\/wp-content\/uploads\/2023\/11\/donde-comer-oviedo-capital-gastronomia-2024-6-768x768.jpg 768w, https:\/\/www.tapasmagazine.es\/wp-content\/uploads\/2023\/11\/donde-comer-oviedo-capital-gastronomia-2024-6-1000x1000.jpg 1000w, https:\/\/www.tapasmagazine.es\/wp-content\/uploads\/2023\/11\/donde-comer-oviedo-capital-gastronomia-2024-6-400x400.jpg 400w, https:\/\/www.tapasmagazine.es\/wp-content\/uploads\/2023\/11\/donde-comer-oviedo-capital-gastronomia-2024-6.jpg 1266w\" sizes=\"(max-width: 1024px) 100vw, 1024px\" \/><\/a><\/figure>\n<\/div>\n\n\n<p>It is the great restaurant of the capital, the historic one that maintains the level and is in full generational transition without making noise, but with almost daily fillings and with an updated product cuisine. It was the first Michelin star in the region, in 1974, the same year that Arzak got it, which already gives a clue to its trajectory. A nod to the Rioja market garden, where Luis Alberto comes from, a look at the Bay of Biscay in fish and seafood and respect for the seasons. Don&#8217;t forget to order their &#8220;casadielles&#8221; as the finishing touch to your meal.<\/p>\n\n\n\n<p>By David Fern\u00e1ndez-Prada (Gu\u00eda Para Comerse y Beberse Espa\u00f1a 2023 \u2013 Tapas Magazine)<\/p>\n\n\n\n<p>Oviedo. San Francisco, 8<br>985 21 64 52 \u2022 <a href=\"https:\/\/casafermin.com\/\" target=\"_blank\" rel=\"noreferrer noopener\">Web<\/a><br>Tasting Menu: 80 \u20ac<\/p>\n\n\n\n<h2 class=\"wp-block-heading\">Pedro Martino<\/h2>\n\n\n\n<figure class=\"wp-block-gallery has-nested-images columns-default is-cropped wp-block-gallery-2 is-layout-flex wp-block-gallery-is-layout-flex\">\n<figure class=\"wp-block-image size-large\"><a href=\"https:\/\/www.tapasmagazine.es\/wp-content\/uploads\/2023\/11\/donde-comer-oviedo-capital-gastronomia-2024-7.webp\"><img decoding=\"async\" width=\"683\" height=\"1024\" data-id=\"220007\" src=\"https:\/\/www.tapasmagazine.es\/wp-content\/uploads\/2023\/11\/donde-comer-oviedo-capital-gastronomia-2024-7-683x1024.webp\" alt=\"\" class=\"wp-image-220007\" srcset=\"https:\/\/www.tapasmagazine.es\/wp-content\/uploads\/2023\/11\/donde-comer-oviedo-capital-gastronomia-2024-7-683x1024.webp 683w, https:\/\/www.tapasmagazine.es\/wp-content\/uploads\/2023\/11\/donde-comer-oviedo-capital-gastronomia-2024-7-200x300.webp 200w, https:\/\/www.tapasmagazine.es\/wp-content\/uploads\/2023\/11\/donde-comer-oviedo-capital-gastronomia-2024-7-768x1151.webp 768w, https:\/\/www.tapasmagazine.es\/wp-content\/uploads\/2023\/11\/donde-comer-oviedo-capital-gastronomia-2024-7-1025x1536.webp 1025w, https:\/\/www.tapasmagazine.es\/wp-content\/uploads\/2023\/11\/donde-comer-oviedo-capital-gastronomia-2024-7-1000x1499.webp 1000w, https:\/\/www.tapasmagazine.es\/wp-content\/uploads\/2023\/11\/donde-comer-oviedo-capital-gastronomia-2024-7-400x600.webp 400w, https:\/\/www.tapasmagazine.es\/wp-content\/uploads\/2023\/11\/donde-comer-oviedo-capital-gastronomia-2024-7.webp 1080w\" sizes=\"(max-width: 683px) 100vw, 683px\" \/><\/a><\/figure>\n\n\n\n<figure class=\"wp-block-image size-large\"><a href=\"https:\/\/www.tapasmagazine.es\/wp-content\/uploads\/2023\/11\/donde-comer-oviedo-capital-gastronomia-2024-8.jpg\"><img decoding=\"async\" width=\"768\" height=\"1024\" data-id=\"220005\" src=\"https:\/\/www.tapasmagazine.es\/wp-content\/uploads\/2023\/11\/donde-comer-oviedo-capital-gastronomia-2024-8.jpg\" alt=\"\" class=\"wp-image-220005\" srcset=\"https:\/\/www.tapasmagazine.es\/wp-content\/uploads\/2023\/11\/donde-comer-oviedo-capital-gastronomia-2024-8.jpg 768w, https:\/\/www.tapasmagazine.es\/wp-content\/uploads\/2023\/11\/donde-comer-oviedo-capital-gastronomia-2024-8-225x300.jpg 225w, https:\/\/www.tapasmagazine.es\/wp-content\/uploads\/2023\/11\/donde-comer-oviedo-capital-gastronomia-2024-8-400x533.jpg 400w\" sizes=\"(max-width: 768px) 100vw, 768px\" \/><\/a><\/figure>\n<\/figure>\n\n\n\n<p>He is one of the great chefs of Asturias, with capital letters, and he is at his best, mature, clear-sighted and with the right creativity to ensure that the flavour retains its essence. He is practising a purely Asturian cuisine, recovering recipes, interpreting ancestral ingredients with success and in the environment in which he triumphed in his day, Caces. Now he welcomes you with a glass of cider, to lighten the atmosphere. It should be more appreciated by the public and the guides.<\/p>\n\n\n\n<p>By David Fern\u00e1ndez-Prada (Gu\u00eda Para Comerse y Beberse Espa\u00f1a 2023 \u2013 Tapas Magazine)<\/p>\n\n\n\n<p>Oviedo. La Rienda, 14 (Caces)<br>684 60 33 84 \u2022 <a href=\"https:\/\/pedromartino.es\/\" target=\"_blank\" rel=\"noreferrer noopener\">Web<\/a><br>Tasting Menu: 60 &amp; 90 \u20ac <\/p>\n","protected":false},"excerpt":{"rendered":"<p>Click here to read the Spanish version. Oviedo has been elected this Thursday &#8216;Spanish Capital of Gastronomy 2024&#8217; in the framework of INTUR (Inland Tourism Exhibition). A powerful title for which it competed with three other candidate cities: Alicante, Antequera and Castell\u00f3n. The Asturian capital will receive the baton from the basin on 1 January, [&hellip;]<\/p>\n","protected":false},"author":285,"featured_media":219994,"comment_status":"open","ping_status":"closed","sticky":false,"template":"single-feature.php","format":"standard","meta":{"_acf_changed":false,"footnotes":""},"categories":[15802,1],"tags":[15824,18588,15803],"class_list":["post-220013","post","type-post","status-publish","format-standard","has-post-thumbnail","hentry","category-news","category-sin-categorizar","tag-gastronomia-en","tag-oviedo-en","tag-restaurants","cat-15802-id","cat-1-id"],"acf":[],"yoast_head":"<!-- This site is optimized with the Yoast SEO plugin v27.5 - https:\/\/yoast.com\/product\/yoast-seo-wordpress\/ -->\n<title>Where to eat in Oviedo, the 2024 Spanish Capital of Gastronomy - Tapas<\/title>\n<meta name=\"description\" content=\"Click here to read the Spanish version. Oviedo has been elected this Thursday &#039;Spanish Capital of Gastronomy 2024&#039; in the framework of INTUR (Inland\" \/>\n<meta name=\"robots\" content=\"index, follow, max-snippet:-1, max-image-preview:large, max-video-preview:-1\" \/>\n<link rel=\"canonical\" href=\"https:\/\/www.tapasmagazine.es\/en\/where-to-eat-oviedo-2024-spanish-capita-of-gastronomy\/\" \/>\n<meta property=\"og:locale\" content=\"en_US\" \/>\n<meta property=\"og:type\" content=\"article\" \/>\n<meta property=\"og:title\" content=\"Where to eat in Oviedo, the 2024 Spanish Capital of Gastronomy - Tapas\" \/>\n<meta property=\"og:description\" content=\"Click here to read the Spanish version. Oviedo has been elected this Thursday &#039;Spanish Capital of Gastronomy 2024&#039; in the framework of INTUR (Inland\" \/>\n<meta property=\"og:url\" content=\"https:\/\/www.tapasmagazine.es\/en\/where-to-eat-oviedo-2024-spanish-capita-of-gastronomy\/\" \/>\n<meta property=\"og:site_name\" content=\"Tapas\" \/>\n<meta property=\"article:publisher\" content=\"https:\/\/www.facebook.com\/tapasmagazine\" \/>\n<meta property=\"article:published_time\" content=\"2023-11-16T16:34:08+00:00\" \/>\n<meta property=\"article:modified_time\" content=\"2023-11-16T17:09:10+00:00\" \/>\n<meta property=\"og:image\" content=\"https:\/\/www.tapasmagazine.es\/wp-content\/uploads\/2023\/11\/donde-comer-oviedo-capital-gastronomia-2024-1.jpg\" \/>\n\t<meta property=\"og:image:width\" content=\"1200\" \/>\n\t<meta property=\"og:image:height\" content=\"675\" \/>\n\t<meta property=\"og:image:type\" content=\"image\/jpeg\" \/>\n<meta name=\"author\" content=\"Laura P\u00e9rez\" \/>\n<meta name=\"twitter:card\" content=\"summary_large_image\" \/>\n<meta name=\"twitter:creator\" content=\"@TapasMagazine\" \/>\n<meta name=\"twitter:site\" content=\"@TapasMagazine\" \/>\n<meta name=\"twitter:label1\" content=\"Written by\" \/>\n\t<meta name=\"twitter:data1\" content=\"Laura P\u00e9rez\" \/>\n\t<meta name=\"twitter:label2\" content=\"Est. reading time\" \/>\n\t<meta name=\"twitter:data2\" content=\"5 minutes\" \/>\n<script type=\"application\/ld+json\" class=\"yoast-schema-graph\">{\"@context\":\"https:\\\/\\\/schema.org\",\"@graph\":[{\"@type\":\"Article\",\"@id\":\"https:\\\/\\\/www.tapasmagazine.es\\\/en\\\/where-to-eat-oviedo-2024-spanish-capita-of-gastronomy\\\/#article\",\"isPartOf\":{\"@id\":\"https:\\\/\\\/www.tapasmagazine.es\\\/en\\\/where-to-eat-oviedo-2024-spanish-capita-of-gastronomy\\\/\"},\"author\":{\"name\":\"Laura P\u00e9rez\",\"@id\":\"https:\\\/\\\/www.tapasmagazine.es\\\/#\\\/schema\\\/person\\\/eb46cbe76a9c8f062660eb609e3ecb4e\"},\"headline\":\"Where to eat in Oviedo, the 2024 Spanish Capital of Gastronomy\",\"datePublished\":\"2023-11-16T16:34:08+00:00\",\"dateModified\":\"2023-11-16T17:09:10+00:00\",\"mainEntityOfPage\":{\"@id\":\"https:\\\/\\\/www.tapasmagazine.es\\\/en\\\/where-to-eat-oviedo-2024-spanish-capita-of-gastronomy\\\/\"},\"wordCount\":572,\"commentCount\":0,\"publisher\":{\"@id\":\"https:\\\/\\\/www.tapasmagazine.es\\\/#organization\"},\"image\":{\"@id\":\"https:\\\/\\\/www.tapasmagazine.es\\\/en\\\/where-to-eat-oviedo-2024-spanish-capita-of-gastronomy\\\/#primaryimage\"},\"thumbnailUrl\":\"https:\\\/\\\/www.tapasmagazine.es\\\/wp-content\\\/uploads\\\/2023\\\/11\\\/donde-comer-oviedo-capital-gastronomia-2024-1.jpg\",\"keywords\":[\"gastronom\u00eda\",\"Oviedo\",\"restaurants\"],\"articleSection\":[\"News\",\"Sin categorizar\"],\"inLanguage\":\"en-US\",\"potentialAction\":[{\"@type\":\"CommentAction\",\"name\":\"Comment\",\"target\":[\"https:\\\/\\\/www.tapasmagazine.es\\\/en\\\/where-to-eat-oviedo-2024-spanish-capita-of-gastronomy\\\/#respond\"]}]},{\"@type\":\"WebPage\",\"@id\":\"https:\\\/\\\/www.tapasmagazine.es\\\/en\\\/where-to-eat-oviedo-2024-spanish-capita-of-gastronomy\\\/\",\"url\":\"https:\\\/\\\/www.tapasmagazine.es\\\/en\\\/where-to-eat-oviedo-2024-spanish-capita-of-gastronomy\\\/\",\"name\":\"Where to eat in Oviedo, the 2024 Spanish Capital of Gastronomy - Tapas\",\"isPartOf\":{\"@id\":\"https:\\\/\\\/www.tapasmagazine.es\\\/#website\"},\"primaryImageOfPage\":{\"@id\":\"https:\\\/\\\/www.tapasmagazine.es\\\/en\\\/where-to-eat-oviedo-2024-spanish-capita-of-gastronomy\\\/#primaryimage\"},\"image\":{\"@id\":\"https:\\\/\\\/www.tapasmagazine.es\\\/en\\\/where-to-eat-oviedo-2024-spanish-capita-of-gastronomy\\\/#primaryimage\"},\"thumbnailUrl\":\"https:\\\/\\\/www.tapasmagazine.es\\\/wp-content\\\/uploads\\\/2023\\\/11\\\/donde-comer-oviedo-capital-gastronomia-2024-1.jpg\",\"datePublished\":\"2023-11-16T16:34:08+00:00\",\"dateModified\":\"2023-11-16T17:09:10+00:00\",\"description\":\"Click here to read the Spanish version. Oviedo has been elected this Thursday 'Spanish Capital of Gastronomy 2024' in the framework of INTUR (Inland\",\"breadcrumb\":{\"@id\":\"https:\\\/\\\/www.tapasmagazine.es\\\/en\\\/where-to-eat-oviedo-2024-spanish-capita-of-gastronomy\\\/#breadcrumb\"},\"inLanguage\":\"en-US\",\"potentialAction\":[{\"@type\":\"ReadAction\",\"target\":[\"https:\\\/\\\/www.tapasmagazine.es\\\/en\\\/where-to-eat-oviedo-2024-spanish-capita-of-gastronomy\\\/\"]}]},{\"@type\":\"ImageObject\",\"inLanguage\":\"en-US\",\"@id\":\"https:\\\/\\\/www.tapasmagazine.es\\\/en\\\/where-to-eat-oviedo-2024-spanish-capita-of-gastronomy\\\/#primaryimage\",\"url\":\"https:\\\/\\\/www.tapasmagazine.es\\\/wp-content\\\/uploads\\\/2023\\\/11\\\/donde-comer-oviedo-capital-gastronomia-2024-1.jpg\",\"contentUrl\":\"https:\\\/\\\/www.tapasmagazine.es\\\/wp-content\\\/uploads\\\/2023\\\/11\\\/donde-comer-oviedo-capital-gastronomia-2024-1.jpg\",\"width\":1200,\"height\":675},{\"@type\":\"BreadcrumbList\",\"@id\":\"https:\\\/\\\/www.tapasmagazine.es\\\/en\\\/where-to-eat-oviedo-2024-spanish-capita-of-gastronomy\\\/#breadcrumb\",\"itemListElement\":[{\"@type\":\"ListItem\",\"position\":1,\"name\":\"Portada\",\"item\":\"https:\\\/\\\/www.tapasmagazine.es\\\/\"},{\"@type\":\"ListItem\",\"position\":2,\"name\":\"Sin categorizar\",\"item\":\"https:\\\/\\\/www.tapasmagazine.es\\\/categorias\\\/sin-categorizar\\\/\"},{\"@type\":\"ListItem\",\"position\":3,\"name\":\"Where to eat in Oviedo, the 2024 Spanish Capital of Gastronomy\"}]},{\"@type\":\"WebSite\",\"@id\":\"https:\\\/\\\/www.tapasmagazine.es\\\/#website\",\"url\":\"https:\\\/\\\/www.tapasmagazine.es\\\/\",\"name\":\"Tapas\",\"description\":\"\u00d1am \u00d1am Lifestyle. La vida a bocados. Premio Nacional de Gastronom\u00eda 2016.\",\"publisher\":{\"@id\":\"https:\\\/\\\/www.tapasmagazine.es\\\/#organization\"},\"potentialAction\":[{\"@type\":\"SearchAction\",\"target\":{\"@type\":\"EntryPoint\",\"urlTemplate\":\"https:\\\/\\\/www.tapasmagazine.es\\\/?s={search_term_string}\"},\"query-input\":{\"@type\":\"PropertyValueSpecification\",\"valueRequired\":true,\"valueName\":\"search_term_string\"}}],\"inLanguage\":\"en-US\"},{\"@type\":\"Organization\",\"@id\":\"https:\\\/\\\/www.tapasmagazine.es\\\/#organization\",\"name\":\"Tapas Magazine\",\"url\":\"https:\\\/\\\/www.tapasmagazine.es\\\/\",\"logo\":{\"@type\":\"ImageObject\",\"inLanguage\":\"en-US\",\"@id\":\"https:\\\/\\\/www.tapasmagazine.es\\\/#\\\/schema\\\/logo\\\/image\\\/\",\"url\":\"https:\\\/\\\/www.tapasmagazine.es\\\/wp-content\\\/uploads\\\/2018\\\/01\\\/logo.png\",\"contentUrl\":\"https:\\\/\\\/www.tapasmagazine.es\\\/wp-content\\\/uploads\\\/2018\\\/01\\\/logo.png\",\"width\":180,\"height\":60,\"caption\":\"Tapas Magazine\"},\"image\":{\"@id\":\"https:\\\/\\\/www.tapasmagazine.es\\\/#\\\/schema\\\/logo\\\/image\\\/\"},\"sameAs\":[\"https:\\\/\\\/www.facebook.com\\\/tapasmagazine\",\"https:\\\/\\\/x.com\\\/TapasMagazine\",\"https:\\\/\\\/www.instagram.com\\\/tapasmagazine\\\/\",\"https:\\\/\\\/www.linkedin.com\\\/company\\\/tapas-magazine\",\"https:\\\/\\\/es.pinterest.com\\\/tapasmagazine\\\/\",\"https:\\\/\\\/www.youtube.com\\\/channel\\\/UCEyxneAaACuR0lfDagrWjjg?sub_confirmation=1\"]},{\"@type\":\"Person\",\"@id\":\"https:\\\/\\\/www.tapasmagazine.es\\\/#\\\/schema\\\/person\\\/eb46cbe76a9c8f062660eb609e3ecb4e\",\"name\":\"Laura P\u00e9rez\",\"url\":\"https:\\\/\\\/www.tapasmagazine.es\\\/en\\\/author\\\/laura-perez\\\/\"}]}<\/script>\n<!-- \/ Yoast SEO plugin. -->","yoast_head_json":{"title":"Where to eat in Oviedo, the 2024 Spanish Capital of Gastronomy - Tapas","description":"Click here to read the Spanish version. Oviedo has been elected this Thursday 'Spanish Capital of Gastronomy 2024' in the framework of INTUR (Inland","robots":{"index":"index","follow":"follow","max-snippet":"max-snippet:-1","max-image-preview":"max-image-preview:large","max-video-preview":"max-video-preview:-1"},"canonical":"https:\/\/www.tapasmagazine.es\/en\/where-to-eat-oviedo-2024-spanish-capita-of-gastronomy\/","og_locale":"en_US","og_type":"article","og_title":"Where to eat in Oviedo, the 2024 Spanish Capital of Gastronomy - Tapas","og_description":"Click here to read the Spanish version. Oviedo has been elected this Thursday 'Spanish Capital of Gastronomy 2024' in the framework of INTUR (Inland","og_url":"https:\/\/www.tapasmagazine.es\/en\/where-to-eat-oviedo-2024-spanish-capita-of-gastronomy\/","og_site_name":"Tapas","article_publisher":"https:\/\/www.facebook.com\/tapasmagazine","article_published_time":"2023-11-16T16:34:08+00:00","article_modified_time":"2023-11-16T17:09:10+00:00","og_image":[{"width":1200,"height":675,"url":"https:\/\/www.tapasmagazine.es\/wp-content\/uploads\/2023\/11\/donde-comer-oviedo-capital-gastronomia-2024-1.jpg","type":"image\/jpeg"}],"author":"Laura P\u00e9rez","twitter_card":"summary_large_image","twitter_creator":"@TapasMagazine","twitter_site":"@TapasMagazine","twitter_misc":{"Written by":"Laura P\u00e9rez","Est. reading time":"5 minutes"},"schema":{"@context":"https:\/\/schema.org","@graph":[{"@type":"Article","@id":"https:\/\/www.tapasmagazine.es\/en\/where-to-eat-oviedo-2024-spanish-capita-of-gastronomy\/#article","isPartOf":{"@id":"https:\/\/www.tapasmagazine.es\/en\/where-to-eat-oviedo-2024-spanish-capita-of-gastronomy\/"},"author":{"name":"Laura P\u00e9rez","@id":"https:\/\/www.tapasmagazine.es\/#\/schema\/person\/eb46cbe76a9c8f062660eb609e3ecb4e"},"headline":"Where to eat in Oviedo, the 2024 Spanish Capital of Gastronomy","datePublished":"2023-11-16T16:34:08+00:00","dateModified":"2023-11-16T17:09:10+00:00","mainEntityOfPage":{"@id":"https:\/\/www.tapasmagazine.es\/en\/where-to-eat-oviedo-2024-spanish-capita-of-gastronomy\/"},"wordCount":572,"commentCount":0,"publisher":{"@id":"https:\/\/www.tapasmagazine.es\/#organization"},"image":{"@id":"https:\/\/www.tapasmagazine.es\/en\/where-to-eat-oviedo-2024-spanish-capita-of-gastronomy\/#primaryimage"},"thumbnailUrl":"https:\/\/www.tapasmagazine.es\/wp-content\/uploads\/2023\/11\/donde-comer-oviedo-capital-gastronomia-2024-1.jpg","keywords":["gastronom\u00eda","Oviedo","restaurants"],"articleSection":["News","Sin categorizar"],"inLanguage":"en-US","potentialAction":[{"@type":"CommentAction","name":"Comment","target":["https:\/\/www.tapasmagazine.es\/en\/where-to-eat-oviedo-2024-spanish-capita-of-gastronomy\/#respond"]}]},{"@type":"WebPage","@id":"https:\/\/www.tapasmagazine.es\/en\/where-to-eat-oviedo-2024-spanish-capita-of-gastronomy\/","url":"https:\/\/www.tapasmagazine.es\/en\/where-to-eat-oviedo-2024-spanish-capita-of-gastronomy\/","name":"Where to eat in Oviedo, the 2024 Spanish Capital of Gastronomy - Tapas","isPartOf":{"@id":"https:\/\/www.tapasmagazine.es\/#website"},"primaryImageOfPage":{"@id":"https:\/\/www.tapasmagazine.es\/en\/where-to-eat-oviedo-2024-spanish-capita-of-gastronomy\/#primaryimage"},"image":{"@id":"https:\/\/www.tapasmagazine.es\/en\/where-to-eat-oviedo-2024-spanish-capita-of-gastronomy\/#primaryimage"},"thumbnailUrl":"https:\/\/www.tapasmagazine.es\/wp-content\/uploads\/2023\/11\/donde-comer-oviedo-capital-gastronomia-2024-1.jpg","datePublished":"2023-11-16T16:34:08+00:00","dateModified":"2023-11-16T17:09:10+00:00","description":"Click here to read the Spanish version. Oviedo has been elected this Thursday 'Spanish Capital of Gastronomy 2024' in the framework of INTUR (Inland","breadcrumb":{"@id":"https:\/\/www.tapasmagazine.es\/en\/where-to-eat-oviedo-2024-spanish-capita-of-gastronomy\/#breadcrumb"},"inLanguage":"en-US","potentialAction":[{"@type":"ReadAction","target":["https:\/\/www.tapasmagazine.es\/en\/where-to-eat-oviedo-2024-spanish-capita-of-gastronomy\/"]}]},{"@type":"ImageObject","inLanguage":"en-US","@id":"https:\/\/www.tapasmagazine.es\/en\/where-to-eat-oviedo-2024-spanish-capita-of-gastronomy\/#primaryimage","url":"https:\/\/www.tapasmagazine.es\/wp-content\/uploads\/2023\/11\/donde-comer-oviedo-capital-gastronomia-2024-1.jpg","contentUrl":"https:\/\/www.tapasmagazine.es\/wp-content\/uploads\/2023\/11\/donde-comer-oviedo-capital-gastronomia-2024-1.jpg","width":1200,"height":675},{"@type":"BreadcrumbList","@id":"https:\/\/www.tapasmagazine.es\/en\/where-to-eat-oviedo-2024-spanish-capita-of-gastronomy\/#breadcrumb","itemListElement":[{"@type":"ListItem","position":1,"name":"Portada","item":"https:\/\/www.tapasmagazine.es\/"},{"@type":"ListItem","position":2,"name":"Sin categorizar","item":"https:\/\/www.tapasmagazine.es\/categorias\/sin-categorizar\/"},{"@type":"ListItem","position":3,"name":"Where to eat in Oviedo, the 2024 Spanish Capital of Gastronomy"}]},{"@type":"WebSite","@id":"https:\/\/www.tapasmagazine.es\/#website","url":"https:\/\/www.tapasmagazine.es\/","name":"Tapas","description":"\u00d1am \u00d1am Lifestyle. La vida a bocados. Premio Nacional de Gastronom\u00eda 2016.","publisher":{"@id":"https:\/\/www.tapasmagazine.es\/#organization"},"potentialAction":[{"@type":"SearchAction","target":{"@type":"EntryPoint","urlTemplate":"https:\/\/www.tapasmagazine.es\/?s={search_term_string}"},"query-input":{"@type":"PropertyValueSpecification","valueRequired":true,"valueName":"search_term_string"}}],"inLanguage":"en-US"},{"@type":"Organization","@id":"https:\/\/www.tapasmagazine.es\/#organization","name":"Tapas Magazine","url":"https:\/\/www.tapasmagazine.es\/","logo":{"@type":"ImageObject","inLanguage":"en-US","@id":"https:\/\/www.tapasmagazine.es\/#\/schema\/logo\/image\/","url":"https:\/\/www.tapasmagazine.es\/wp-content\/uploads\/2018\/01\/logo.png","contentUrl":"https:\/\/www.tapasmagazine.es\/wp-content\/uploads\/2018\/01\/logo.png","width":180,"height":60,"caption":"Tapas Magazine"},"image":{"@id":"https:\/\/www.tapasmagazine.es\/#\/schema\/logo\/image\/"},"sameAs":["https:\/\/www.facebook.com\/tapasmagazine","https:\/\/x.com\/TapasMagazine","https:\/\/www.instagram.com\/tapasmagazine\/","https:\/\/www.linkedin.com\/company\/tapas-magazine","https:\/\/es.pinterest.com\/tapasmagazine\/","https:\/\/www.youtube.com\/channel\/UCEyxneAaACuR0lfDagrWjjg?sub_confirmation=1"]},{"@type":"Person","@id":"https:\/\/www.tapasmagazine.es\/#\/schema\/person\/eb46cbe76a9c8f062660eb609e3ecb4e","name":"Laura P\u00e9rez","url":"https:\/\/www.tapasmagazine.es\/en\/author\/laura-perez\/"}]}},"_links":{"self":[{"href":"https:\/\/www.tapasmagazine.es\/en\/wp-json\/wp\/v2\/posts\/220013","targetHints":{"allow":["GET"]}}],"collection":[{"href":"https:\/\/www.tapasmagazine.es\/en\/wp-json\/wp\/v2\/posts"}],"about":[{"href":"https:\/\/www.tapasmagazine.es\/en\/wp-json\/wp\/v2\/types\/post"}],"author":[{"embeddable":true,"href":"https:\/\/www.tapasmagazine.es\/en\/wp-json\/wp\/v2\/users\/285"}],"replies":[{"embeddable":true,"href":"https:\/\/www.tapasmagazine.es\/en\/wp-json\/wp\/v2\/comments?post=220013"}],"version-history":[{"count":4,"href":"https:\/\/www.tapasmagazine.es\/en\/wp-json\/wp\/v2\/posts\/220013\/revisions"}],"predecessor-version":[{"id":220023,"href":"https:\/\/www.tapasmagazine.es\/en\/wp-json\/wp\/v2\/posts\/220013\/revisions\/220023"}],"wp:featuredmedia":[{"embeddable":true,"href":"https:\/\/www.tapasmagazine.es\/en\/wp-json\/wp\/v2\/media\/219994"}],"wp:attachment":[{"href":"https:\/\/www.tapasmagazine.es\/en\/wp-json\/wp\/v2\/media?parent=220013"}],"wp:term":[{"taxonomy":"category","embeddable":true,"href":"https:\/\/www.tapasmagazine.es\/en\/wp-json\/wp\/v2\/categories?post=220013"},{"taxonomy":"post_tag","embeddable":true,"href":"https:\/\/www.tapasmagazine.es\/en\/wp-json\/wp\/v2\/tags?post=220013"}],"curies":[{"name":"wp","href":"https:\/\/api.w.org\/{rel}","templated":true}]}}