{"id":219502,"date":"2023-11-14T13:03:52","date_gmt":"2023-11-14T12:03:52","guid":{"rendered":"https:\/\/www.tapasmagazine.es\/donde-comer-y-cenar-en-mallorca-durante-la-celebracion-de-forbes-10\/"},"modified":"2023-11-14T13:13:25","modified_gmt":"2023-11-14T12:13:25","slug":"where-eat-dine-mallorca-during-forbes-10-event","status":"publish","type":"post","link":"https:\/\/www.tapasmagazine.es\/en\/where-eat-dine-mallorca-during-forbes-10-event\/","title":{"rendered":"Where to eat and dine in Mallorca during the Forbes 10 event"},"content":{"rendered":"\n<p><strong>Click <a href=\"https:\/\/www.tapasmagazine.es\/donde-comer-y-cenar-en-mallorca-durante-evento-forbes-10\/\" target=\"_blank\" rel=\"noreferrer noopener\">here<\/a> to read the Spanish version.<\/strong><\/p>\n\n\n\n<p>Today and tomorrow -14th and 15th November- Palma de Mallorca will be the setting for a dinner and a Forbes Master Class in honour of the 10th anniversary of Forbes in Spain. The Balearic city thus joins Las Palmas de Gran Canarias, Badajoz and Malaga in hosting the celebration of the influential brand&#8217;s tenth anniversary in our country with the aim of calling for a global conversation, looking back with one eye on the present and looking forward to the future.<\/p>\n\n\n\n<p>In order to discover new gastronomic spaces during the event, we present a selection of restaurants that dance between tradition and the avant-garde, both in the city centre and in the different villages that make up the island.<\/p>\n\n\n\n<h2 class=\"wp-block-heading\">Spot<\/h2>\n\n\n<div class=\"wp-block-image\">\n<figure class=\"aligncenter size-large is-resized\"><a href=\"https:\/\/www.tapasmagazine.es\/wp-content\/uploads\/2023\/11\/donde-comer-cenar-mallorca-forbes-10-1.jpg\"><img decoding=\"async\" width=\"1024\" height=\"672\" src=\"https:\/\/www.tapasmagazine.es\/wp-content\/uploads\/2023\/11\/donde-comer-cenar-mallorca-forbes-10-1-1024x672.jpg\" alt=\"\" class=\"wp-image-219479\" style=\"width:1048px;height:auto\" srcset=\"https:\/\/www.tapasmagazine.es\/wp-content\/uploads\/2023\/11\/donde-comer-cenar-mallorca-forbes-10-1-1024x672.jpg 1024w, https:\/\/www.tapasmagazine.es\/wp-content\/uploads\/2023\/11\/donde-comer-cenar-mallorca-forbes-10-1-300x197.jpg 300w, https:\/\/www.tapasmagazine.es\/wp-content\/uploads\/2023\/11\/donde-comer-cenar-mallorca-forbes-10-1-768x504.jpg 768w, https:\/\/www.tapasmagazine.es\/wp-content\/uploads\/2023\/11\/donde-comer-cenar-mallorca-forbes-10-1-1000x657.jpg 1000w, https:\/\/www.tapasmagazine.es\/wp-content\/uploads\/2023\/11\/donde-comer-cenar-mallorca-forbes-10-1-400x263.jpg 400w, https:\/\/www.tapasmagazine.es\/wp-content\/uploads\/2023\/11\/donde-comer-cenar-mallorca-forbes-10-1.jpg 1500w\" sizes=\"(max-width: 1024px) 100vw, 1024px\" \/><\/a><\/figure>\n<\/div>\n\n\n<p>In the Santa Catalina area is <strong>Spot<\/strong>, from the<strong> Tragaluz group<\/strong>: a restaurant that evokes the spirit of the C\u00f4te d&#8217;Azur in the 1970s, where you can enjoy the fusion cuisine with Mediterranean and Japanese influences that identify it in dishes such as Japanese red tuna tacos or its crispy Peking-style duck with wafers, amidst a cosmopolitan atmosphere fused with the personality of the island.<\/p>\n\n\n\n<p>\u00bfWhere? Pla\u00e7a de la Verge del Miracle, 3.<\/p>\n\n\n\n<h2 class=\"wp-block-heading\">Es 4 Vents<\/h2>\n\n\n<div class=\"wp-block-image\">\n<figure class=\"aligncenter size-large is-resized\"><a href=\"https:\/\/www.tapasmagazine.es\/wp-content\/uploads\/2023\/11\/donde-comer-cenar-mallorca-forbes-10-2.jpg\"><img decoding=\"async\" width=\"1024\" height=\"683\" src=\"https:\/\/www.tapasmagazine.es\/wp-content\/uploads\/2023\/11\/donde-comer-cenar-mallorca-forbes-10-2-1024x683.jpg\" alt=\"\" class=\"wp-image-219481\" style=\"width:1046px;height:auto\" srcset=\"https:\/\/www.tapasmagazine.es\/wp-content\/uploads\/2023\/11\/donde-comer-cenar-mallorca-forbes-10-2-1024x683.jpg 1024w, https:\/\/www.tapasmagazine.es\/wp-content\/uploads\/2023\/11\/donde-comer-cenar-mallorca-forbes-10-2-300x200.jpg 300w, https:\/\/www.tapasmagazine.es\/wp-content\/uploads\/2023\/11\/donde-comer-cenar-mallorca-forbes-10-2-768x512.jpg 768w, https:\/\/www.tapasmagazine.es\/wp-content\/uploads\/2023\/11\/donde-comer-cenar-mallorca-forbes-10-2-1536x1024.jpg 1536w, https:\/\/www.tapasmagazine.es\/wp-content\/uploads\/2023\/11\/donde-comer-cenar-mallorca-forbes-10-2-1000x667.jpg 1000w, https:\/\/www.tapasmagazine.es\/wp-content\/uploads\/2023\/11\/donde-comer-cenar-mallorca-forbes-10-2-400x267.jpg 400w, https:\/\/www.tapasmagazine.es\/wp-content\/uploads\/2023\/11\/donde-comer-cenar-mallorca-forbes-10-2.jpg 1600w\" sizes=\"(max-width: 1024px) 100vw, 1024px\" \/><\/a><\/figure>\n<\/div>\n\n\n<p>Es 4 Vents, opened in 1981, is recognised as a classic on the island of Mallorca. It has an extensive menu to satisfy all the tastes of its customers, including typical Mallorcan dishes such as paellas, meats grilled over holm oak wood, a variety of fresh fish of the day and a whole range of dishes prepared with fresh, natural products.<\/p>\n\n\n\n<p>\u00bfD\u00f3nde? Ctra. Manacor, km 21, 700 (Algaida).<\/p>\n\n\n\n<p><strong>By: Andoni Sarriegi<\/strong>.<\/p>\n\n\n\n<h2 class=\"wp-block-heading\">Cal Dimoni<\/h2>\n\n\n<div class=\"wp-block-image\">\n<figure class=\"aligncenter size-full is-resized\"><a href=\"https:\/\/www.tapasmagazine.es\/wp-content\/uploads\/2023\/11\/donde-comer-cenar-mallorca-forbes-10-3.jpg\"><img decoding=\"async\" width=\"512\" height=\"358\" src=\"https:\/\/www.tapasmagazine.es\/wp-content\/uploads\/2023\/11\/donde-comer-cenar-mallorca-forbes-10-3.jpg\" alt=\"\" class=\"wp-image-219483\" style=\"width:934px;height:auto\" srcset=\"https:\/\/www.tapasmagazine.es\/wp-content\/uploads\/2023\/11\/donde-comer-cenar-mallorca-forbes-10-3.jpg 512w, https:\/\/www.tapasmagazine.es\/wp-content\/uploads\/2023\/11\/donde-comer-cenar-mallorca-forbes-10-3-300x210.jpg 300w, https:\/\/www.tapasmagazine.es\/wp-content\/uploads\/2023\/11\/donde-comer-cenar-mallorca-forbes-10-3-400x280.jpg 400w\" sizes=\"(max-width: 512px) 100vw, 512px\" \/><\/a><\/figure>\n<\/div>\n\n\n<p>Cal Dimoni is a typical Mallorcan restaurant, specialising in torradas, which stands out for being one of the oldest restaurants in Mallorca, founded in 1957. It is Mallorcan tradition in its purest form.<\/p>\n\n\n\n<p>\u00bfD\u00f3nde? Crta de, Ctra. Manacor, km 21 (Algaida).<\/p>\n\n\n\n<p><strong>By: Andoni Sarriegi<\/strong>.<\/p>\n\n\n\n<h2 class=\"wp-block-heading\">Ses Aspes<\/h2>\n\n\n<div class=\"wp-block-image\">\n<figure class=\"aligncenter size-full is-resized\"><a href=\"https:\/\/www.tapasmagazine.es\/wp-content\/uploads\/2023\/11\/donde-comer-cenar-mallorca-forbes-10-4.webp\"><img decoding=\"async\" width=\"750\" height=\"484\" src=\"https:\/\/www.tapasmagazine.es\/wp-content\/uploads\/2023\/11\/donde-comer-cenar-mallorca-forbes-10-4.webp\" alt=\"\" class=\"wp-image-219485\" style=\"width:1180px;height:auto\" srcset=\"https:\/\/www.tapasmagazine.es\/wp-content\/uploads\/2023\/11\/donde-comer-cenar-mallorca-forbes-10-4.webp 750w, https:\/\/www.tapasmagazine.es\/wp-content\/uploads\/2023\/11\/donde-comer-cenar-mallorca-forbes-10-4-300x194.webp 300w, https:\/\/www.tapasmagazine.es\/wp-content\/uploads\/2023\/11\/donde-comer-cenar-mallorca-forbes-10-4-400x258.webp 400w\" sizes=\"(max-width: 750px) 100vw, 750px\" \/><\/a><\/figure>\n<\/div>\n\n\n<p>Ses Aspes Restaurant is a meeting point, located between Manacor and Porto Cristo, specialising in tapas, grill, wine cellar and much more. Ses Aspes was born from the belief that food should be something special, something to be shared, whose mantra is to remain faithful to the culture of eating (and drinking) well.&nbsp;<\/p>\n\n\n\n<p>A place designed to convey respect for the cuisine of a lifetime, simple, well-made and with a select local and seasonal product. Located on the premises of the current Mol\u00ed d&#8217;Events, it offers good service, with a cuisine based on Mallorcan tradition, the quality of local and seasonal produce, but with some nods to other cuisines of the world.<\/p>\n\n\n\n<p>\u00bfD\u00f3nde? Carr. Manacor-Porto Cristo, 4 (Manacor).<\/p>\n\n\n\n<p><strong>By: Andoni Sarriegi<\/strong>.<\/p>\n\n\n\n<h2 class=\"wp-block-heading\">El Vasco<\/h2>\n\n\n\n<figure class=\"wp-block-image size-large\"><a href=\"https:\/\/www.tapasmagazine.es\/wp-content\/uploads\/2023\/11\/donde-comer-cenar-mallorca-forbes-10-5.jpg\"><img decoding=\"async\" width=\"1024\" height=\"1024\" src=\"https:\/\/www.tapasmagazine.es\/wp-content\/uploads\/2023\/11\/donde-comer-cenar-mallorca-forbes-10-5-1024x1024.jpg\" alt=\"\" class=\"wp-image-219487\" srcset=\"https:\/\/www.tapasmagazine.es\/wp-content\/uploads\/2023\/11\/donde-comer-cenar-mallorca-forbes-10-5-1024x1024.jpg 1024w, https:\/\/www.tapasmagazine.es\/wp-content\/uploads\/2023\/11\/donde-comer-cenar-mallorca-forbes-10-5-300x300.jpg 300w, https:\/\/www.tapasmagazine.es\/wp-content\/uploads\/2023\/11\/donde-comer-cenar-mallorca-forbes-10-5-150x150.jpg 150w, https:\/\/www.tapasmagazine.es\/wp-content\/uploads\/2023\/11\/donde-comer-cenar-mallorca-forbes-10-5-768x768.jpg 768w, https:\/\/www.tapasmagazine.es\/wp-content\/uploads\/2023\/11\/donde-comer-cenar-mallorca-forbes-10-5-1000x1000.jpg 1000w, https:\/\/www.tapasmagazine.es\/wp-content\/uploads\/2023\/11\/donde-comer-cenar-mallorca-forbes-10-5-400x400.jpg 400w, https:\/\/www.tapasmagazine.es\/wp-content\/uploads\/2023\/11\/donde-comer-cenar-mallorca-forbes-10-5.jpg 1440w\" sizes=\"(max-width: 1024px) 100vw, 1024px\" \/><\/a><\/figure>\n\n\n\n<p>This restaurant opened its doors in 2018, bringing the essence of the Basque land to the island. Its cuisine is a tribute to tradition, with simple and traditional recipes, highlighting the freshness and quality of our seasonal products, always carefully selected.<\/p>\n\n\n\n<p>The wine list pays tribute to the peninsula, without forgetting the location in Mallorca. At La Vasca you will find the authentic flavours and passion for Basque cuisine, fused with the charm of Mallorca.<\/p>\n\n\n\n<p>\u00bfWhere? Carrer de Bonaire, 19 (Bunyola).<\/p>\n\n\n\n<p><strong>By: Andoni Sarriegi<\/strong>.<\/p>\n\n\n\n<h2 class=\"wp-block-heading\">Sa Tafona de Caimari<\/h2>\n\n\n<div class=\"wp-block-image\">\n<figure class=\"aligncenter size-large is-resized\"><a href=\"https:\/\/www.tapasmagazine.es\/wp-content\/uploads\/2023\/11\/donde-comer-cenar-mallorca-forbes-10-6-scaled.jpg\"><img decoding=\"async\" width=\"1024\" height=\"291\" src=\"https:\/\/www.tapasmagazine.es\/wp-content\/uploads\/2023\/11\/donde-comer-cenar-mallorca-forbes-10-6-1024x291.jpg\" alt=\"\" class=\"wp-image-219489\" style=\"width:1450px;height:auto\" srcset=\"https:\/\/www.tapasmagazine.es\/wp-content\/uploads\/2023\/11\/donde-comer-cenar-mallorca-forbes-10-6-1024x291.jpg 1024w, https:\/\/www.tapasmagazine.es\/wp-content\/uploads\/2023\/11\/donde-comer-cenar-mallorca-forbes-10-6-300x85.jpg 300w, https:\/\/www.tapasmagazine.es\/wp-content\/uploads\/2023\/11\/donde-comer-cenar-mallorca-forbes-10-6-768x218.jpg 768w, https:\/\/www.tapasmagazine.es\/wp-content\/uploads\/2023\/11\/donde-comer-cenar-mallorca-forbes-10-6-1536x437.jpg 1536w, https:\/\/www.tapasmagazine.es\/wp-content\/uploads\/2023\/11\/donde-comer-cenar-mallorca-forbes-10-6-2048x582.jpg 2048w, https:\/\/www.tapasmagazine.es\/wp-content\/uploads\/2023\/11\/donde-comer-cenar-mallorca-forbes-10-6-1000x284.jpg 1000w, https:\/\/www.tapasmagazine.es\/wp-content\/uploads\/2023\/11\/donde-comer-cenar-mallorca-forbes-10-6-400x114.jpg 400w\" sizes=\"(max-width: 1024px) 100vw, 1024px\" \/><\/a><\/figure>\n<\/div>\n\n\n<p>Their oil mill is located just at the entrance to the village of Caimari, among its thousand-year-old olive groves. Cati Mateu Mairata and her brother Guillem are in charge of the management of the current mill, which was inaugurated in 2002, with the most modern technology for the production of high quality virgin olive oils.<\/p>\n\n\n\n<p>\u00bfWhere? Nostra Senyora de Lluc, km 6 (Caimari).<\/p>\n\n\n\n<p><strong>By: Andoni Sarriegi<\/strong>.<\/p>\n\n\n\n<h2 class=\"wp-block-heading\">Andana<\/h2>\n\n\n<div class=\"wp-block-image\">\n<figure class=\"aligncenter size-large is-resized\"><a href=\"https:\/\/www.tapasmagazine.es\/wp-content\/uploads\/2023\/11\/donde-comer-cenar-mallorca-forbes-10-7.jpg\"><img decoding=\"async\" width=\"1024\" height=\"576\" src=\"https:\/\/www.tapasmagazine.es\/wp-content\/uploads\/2023\/11\/donde-comer-cenar-mallorca-forbes-10-7-1024x576.jpg\" alt=\"\" class=\"wp-image-219491\" style=\"width:980px;height:auto\" srcset=\"https:\/\/www.tapasmagazine.es\/wp-content\/uploads\/2023\/11\/donde-comer-cenar-mallorca-forbes-10-7-1024x576.jpg 1024w, https:\/\/www.tapasmagazine.es\/wp-content\/uploads\/2023\/11\/donde-comer-cenar-mallorca-forbes-10-7-300x169.jpg 300w, https:\/\/www.tapasmagazine.es\/wp-content\/uploads\/2023\/11\/donde-comer-cenar-mallorca-forbes-10-7-768x432.jpg 768w, https:\/\/www.tapasmagazine.es\/wp-content\/uploads\/2023\/11\/donde-comer-cenar-mallorca-forbes-10-7-1200x675.jpg 1200w, https:\/\/www.tapasmagazine.es\/wp-content\/uploads\/2023\/11\/donde-comer-cenar-mallorca-forbes-10-7-1000x563.jpg 1000w, https:\/\/www.tapasmagazine.es\/wp-content\/uploads\/2023\/11\/donde-comer-cenar-mallorca-forbes-10-7-400x225.jpg 400w, https:\/\/www.tapasmagazine.es\/wp-content\/uploads\/2023\/11\/donde-comer-cenar-mallorca-forbes-10-7.jpg 1280w\" sizes=\"(max-width: 1024px) 100vw, 1024px\" \/><\/a><\/figure>\n<\/div>\n\n\n<p>Contemporary Mediterranean cuisine restaurant, located in the heart of Palma de Mallorca. Here, renowned chef Maca de Castro offers a unique and sophisticated gastronomic experience, combining fresh, local flavours from the garden with modern culinary techniques based on her km 0 philosophy and respect for local produce.<\/p>\n\n\n\n<p>\u00bfWhere? Pla\u00e7a d&#8217;Espanya, 6 (Palma).<\/p>\n\n\n\n<p><strong>By: Andoni Sarriegi<\/strong>.<\/p>\n\n\n\n<h2 class=\"wp-block-heading\">Diecisiete grados<\/h2>\n\n\n<div class=\"wp-block-image\">\n<figure class=\"aligncenter size-full is-resized\"><a href=\"https:\/\/www.tapasmagazine.es\/wp-content\/uploads\/2023\/11\/donde-comer-cenar-mallorca-forbes-10-8.jpg\"><img decoding=\"async\" width=\"550\" height=\"367\" src=\"https:\/\/www.tapasmagazine.es\/wp-content\/uploads\/2023\/11\/donde-comer-cenar-mallorca-forbes-10-8.jpg\" alt=\"\" class=\"wp-image-219493\" style=\"width:1006px;height:auto\" srcset=\"https:\/\/www.tapasmagazine.es\/wp-content\/uploads\/2023\/11\/donde-comer-cenar-mallorca-forbes-10-8.jpg 550w, https:\/\/www.tapasmagazine.es\/wp-content\/uploads\/2023\/11\/donde-comer-cenar-mallorca-forbes-10-8-300x200.jpg 300w, https:\/\/www.tapasmagazine.es\/wp-content\/uploads\/2023\/11\/donde-comer-cenar-mallorca-forbes-10-8-400x267.jpg 400w\" sizes=\"(max-width: 550px) 100vw, 550px\" \/><\/a><\/figure>\n<\/div>\n\n\n<p>Matured meats cooked over holm oak charcoal, along with a wide variety of wines are served in this emblematic restaurant located in the Santa Catalina neighbourhood. Its juicy meats matured and cooked over holm oak charcoal and its wide variety of national wines have made it a gastronomic reference point in the area since 2004.<\/p>\n\n\n\n<p>\u00bfWhere? C. F\u00e0brica, 12 (Palma).<\/p>\n\n\n\n<p><strong>By: Andoni Sarriegi<\/strong>.<\/p>\n\n\n\n<h2 class=\"wp-block-heading\">El Marino Portitxol<\/h2>\n\n\n\n<figure class=\"wp-block-image size-large\"><a href=\"https:\/\/www.tapasmagazine.es\/wp-content\/uploads\/2023\/11\/donde-comer-cenar-mallorca-forbes-10-9.png\"><img decoding=\"async\" width=\"1024\" height=\"558\" src=\"https:\/\/www.tapasmagazine.es\/wp-content\/uploads\/2023\/11\/donde-comer-cenar-mallorca-forbes-10-9-1024x558.png\" alt=\"\" class=\"wp-image-219495\" srcset=\"https:\/\/www.tapasmagazine.es\/wp-content\/uploads\/2023\/11\/donde-comer-cenar-mallorca-forbes-10-9-1024x558.png 1024w, https:\/\/www.tapasmagazine.es\/wp-content\/uploads\/2023\/11\/donde-comer-cenar-mallorca-forbes-10-9-300x164.png 300w, https:\/\/www.tapasmagazine.es\/wp-content\/uploads\/2023\/11\/donde-comer-cenar-mallorca-forbes-10-9-768x419.png 768w, https:\/\/www.tapasmagazine.es\/wp-content\/uploads\/2023\/11\/donde-comer-cenar-mallorca-forbes-10-9-1536x838.png 1536w, https:\/\/www.tapasmagazine.es\/wp-content\/uploads\/2023\/11\/donde-comer-cenar-mallorca-forbes-10-9-2048x1117.png 2048w, https:\/\/www.tapasmagazine.es\/wp-content\/uploads\/2023\/11\/donde-comer-cenar-mallorca-forbes-10-9-1000x545.png 1000w, https:\/\/www.tapasmagazine.es\/wp-content\/uploads\/2023\/11\/donde-comer-cenar-mallorca-forbes-10-9-400x218.png 400w\" sizes=\"(max-width: 1024px) 100vw, 1024px\" \/><\/a><\/figure>\n\n\n\n<p>El Marino pays a sincere tribute to the life of the brave sailors, offering aromas and flavours that evoke the essence of our ancestors who set out to sea in search of sustenance.&nbsp;<\/p>\n\n\n\n<p>It recalls those days of fishing off the coast of Biscay, full of perseverance and connection with nature, in search of the rewards of the sea. It offers a profound tribute to seafarers through its culinary offer, prepared with fresh products, mainly from the sea. You will find wild fish and local products, paying homage to the beautiful island of Palma de Mallorca.<\/p>\n\n\n\n<p>\u00bfWhere? Carrer de la Sirena, 1 (Palma).<\/p>\n\n\n\n<p><strong>By: Andoni Sarriegi<\/strong>.<a href=\"By: Andoni Sarriegi.\"><\/a><\/p>\n\n\n\n<h2 class=\"wp-block-heading\">La Pergola<\/h2>\n\n\n<div class=\"wp-block-image\">\n<figure class=\"aligncenter size-large is-resized\"><a href=\"https:\/\/www.tapasmagazine.es\/wp-content\/uploads\/2023\/11\/donde-comer-cenar-mallorca-forbes-10-10-scaled.jpg\"><img decoding=\"async\" width=\"1024\" height=\"631\" src=\"https:\/\/www.tapasmagazine.es\/wp-content\/uploads\/2023\/11\/donde-comer-cenar-mallorca-forbes-10-10-1024x631.jpg\" alt=\"\" class=\"wp-image-219497\" style=\"width:1230px;height:auto\" srcset=\"https:\/\/www.tapasmagazine.es\/wp-content\/uploads\/2023\/11\/donde-comer-cenar-mallorca-forbes-10-10-1024x631.jpg 1024w, https:\/\/www.tapasmagazine.es\/wp-content\/uploads\/2023\/11\/donde-comer-cenar-mallorca-forbes-10-10-300x185.jpg 300w, https:\/\/www.tapasmagazine.es\/wp-content\/uploads\/2023\/11\/donde-comer-cenar-mallorca-forbes-10-10-768x473.jpg 768w, https:\/\/www.tapasmagazine.es\/wp-content\/uploads\/2023\/11\/donde-comer-cenar-mallorca-forbes-10-10-1536x946.jpg 1536w, https:\/\/www.tapasmagazine.es\/wp-content\/uploads\/2023\/11\/donde-comer-cenar-mallorca-forbes-10-10-2048x1261.jpg 2048w, https:\/\/www.tapasmagazine.es\/wp-content\/uploads\/2023\/11\/donde-comer-cenar-mallorca-forbes-10-10-1000x616.jpg 1000w, https:\/\/www.tapasmagazine.es\/wp-content\/uploads\/2023\/11\/donde-comer-cenar-mallorca-forbes-10-10-400x246.jpg 400w\" sizes=\"(max-width: 1024px) 100vw, 1024px\" \/><\/a><\/figure>\n<\/div>\n\n\n<p>La Pergola is a place with a relaxed family atmosphere and a terrace where you can enjoy a lively atmosphere while tasting its products such as pinchos, dishes of the day and outdoor rations.<\/p>\n\n\n\n<p>\u00bfWhere? Avda. de Joan Mir\u00f3, 8 (Palma).<\/p>\n\n\n\n<p><strong>By: Andoni Sarriegi<\/strong>.<\/p>\n","protected":false},"excerpt":{"rendered":"<p>Click here to read the Spanish version. Today and tomorrow -14th and 15th November- Palma de Mallorca will be the setting for a dinner and a Forbes Master Class in honour of the 10th anniversary of Forbes in Spain. The Balearic city thus joins Las Palmas de Gran Canarias, Badajoz and Malaga in hosting the [&hellip;]<\/p>\n","protected":false},"author":249,"featured_media":219478,"comment_status":"open","ping_status":"closed","sticky":false,"template":"single-feature.php","format":"standard","meta":{"_acf_changed":false,"footnotes":""},"categories":[15807,15802,1],"tags":[15817,15824,15875,15803],"class_list":["post-219502","post","type-post","status-publish","format-standard","has-post-thumbnail","hentry","category-gastro-en","category-news","category-sin-categorizar","tag-forbes-en","tag-gastronomia-en","tag-mallorca-en","tag-restaurants","cat-15807-id","cat-15802-id","cat-1-id"],"acf":[],"yoast_head":"<!-- This site is optimized with the Yoast SEO plugin v27.4 - https:\/\/yoast.com\/product\/yoast-seo-wordpress\/ -->\n<title>Where to eat and dine in Mallorca during the Forbes 10 event - Tapas<\/title>\n<meta name=\"description\" content=\"Click here to read the Spanish version. Today and tomorrow -14th and 15th November- Palma de Mallorca will be the setting for a dinner and a Forbes Master\" \/>\n<meta name=\"robots\" content=\"index, follow, max-snippet:-1, max-image-preview:large, max-video-preview:-1\" \/>\n<link rel=\"canonical\" href=\"https:\/\/www.tapasmagazine.es\/en\/where-eat-dine-mallorca-during-forbes-10-event\/\" \/>\n<meta property=\"og:locale\" content=\"en_US\" \/>\n<meta property=\"og:type\" content=\"article\" \/>\n<meta property=\"og:title\" content=\"Where to eat and dine in Mallorca during the Forbes 10 event - Tapas\" \/>\n<meta property=\"og:description\" content=\"Click here to read the Spanish version. Today and tomorrow -14th and 15th November- Palma de Mallorca will be the setting for a dinner and a Forbes Master\" \/>\n<meta property=\"og:url\" content=\"https:\/\/www.tapasmagazine.es\/en\/where-eat-dine-mallorca-during-forbes-10-event\/\" \/>\n<meta property=\"og:site_name\" content=\"Tapas\" \/>\n<meta property=\"article:publisher\" content=\"https:\/\/www.facebook.com\/tapasmagazine\" \/>\n<meta property=\"article:published_time\" content=\"2023-11-14T12:03:52+00:00\" \/>\n<meta property=\"article:modified_time\" content=\"2023-11-14T12:13:25+00:00\" \/>\n<meta property=\"og:image\" content=\"https:\/\/www.tapasmagazine.es\/wp-content\/uploads\/2023\/11\/donde-comer-cenar-mallorca-forbes-10-11.jpg\" \/>\n\t<meta property=\"og:image:width\" content=\"1200\" \/>\n\t<meta property=\"og:image:height\" content=\"675\" \/>\n\t<meta property=\"og:image:type\" content=\"image\/jpeg\" \/>\n<meta name=\"author\" content=\"TAPAS\" \/>\n<meta name=\"twitter:card\" content=\"summary_large_image\" \/>\n<meta name=\"twitter:creator\" content=\"@TapasMagazine\" \/>\n<meta name=\"twitter:site\" content=\"@TapasMagazine\" \/>\n<meta name=\"twitter:label1\" content=\"Written by\" \/>\n\t<meta name=\"twitter:data1\" content=\"TAPAS\" \/>\n\t<meta name=\"twitter:label2\" content=\"Est. reading time\" \/>\n\t<meta name=\"twitter:data2\" content=\"7 minutes\" \/>\n<script type=\"application\/ld+json\" class=\"yoast-schema-graph\">{\"@context\":\"https:\\\/\\\/schema.org\",\"@graph\":[{\"@type\":\"Article\",\"@id\":\"https:\\\/\\\/www.tapasmagazine.es\\\/en\\\/where-eat-dine-mallorca-during-forbes-10-event\\\/#article\",\"isPartOf\":{\"@id\":\"https:\\\/\\\/www.tapasmagazine.es\\\/en\\\/where-eat-dine-mallorca-during-forbes-10-event\\\/\"},\"author\":{\"name\":\"TAPAS\",\"@id\":\"https:\\\/\\\/www.tapasmagazine.es\\\/#\\\/schema\\\/person\\\/906ea2ea4697837608d99f4cc085cea3\"},\"headline\":\"Where to eat and dine in Mallorca during the Forbes 10 event\",\"datePublished\":\"2023-11-14T12:03:52+00:00\",\"dateModified\":\"2023-11-14T12:13:25+00:00\",\"mainEntityOfPage\":{\"@id\":\"https:\\\/\\\/www.tapasmagazine.es\\\/en\\\/where-eat-dine-mallorca-during-forbes-10-event\\\/\"},\"wordCount\":881,\"commentCount\":0,\"publisher\":{\"@id\":\"https:\\\/\\\/www.tapasmagazine.es\\\/#organization\"},\"image\":{\"@id\":\"https:\\\/\\\/www.tapasmagazine.es\\\/en\\\/where-eat-dine-mallorca-during-forbes-10-event\\\/#primaryimage\"},\"thumbnailUrl\":\"https:\\\/\\\/www.tapasmagazine.es\\\/wp-content\\\/uploads\\\/2023\\\/11\\\/donde-comer-cenar-mallorca-forbes-10-11.jpg\",\"keywords\":[\"Forbes\",\"gastronom\u00eda\",\"Mallorca\",\"restaurants\"],\"articleSection\":[\"Gastro\",\"News\",\"Sin categorizar\"],\"inLanguage\":\"en-US\",\"potentialAction\":[{\"@type\":\"CommentAction\",\"name\":\"Comment\",\"target\":[\"https:\\\/\\\/www.tapasmagazine.es\\\/en\\\/where-eat-dine-mallorca-during-forbes-10-event\\\/#respond\"]}]},{\"@type\":\"WebPage\",\"@id\":\"https:\\\/\\\/www.tapasmagazine.es\\\/en\\\/where-eat-dine-mallorca-during-forbes-10-event\\\/\",\"url\":\"https:\\\/\\\/www.tapasmagazine.es\\\/en\\\/where-eat-dine-mallorca-during-forbes-10-event\\\/\",\"name\":\"Where to eat and dine in Mallorca during the Forbes 10 event - Tapas\",\"isPartOf\":{\"@id\":\"https:\\\/\\\/www.tapasmagazine.es\\\/#website\"},\"primaryImageOfPage\":{\"@id\":\"https:\\\/\\\/www.tapasmagazine.es\\\/en\\\/where-eat-dine-mallorca-during-forbes-10-event\\\/#primaryimage\"},\"image\":{\"@id\":\"https:\\\/\\\/www.tapasmagazine.es\\\/en\\\/where-eat-dine-mallorca-during-forbes-10-event\\\/#primaryimage\"},\"thumbnailUrl\":\"https:\\\/\\\/www.tapasmagazine.es\\\/wp-content\\\/uploads\\\/2023\\\/11\\\/donde-comer-cenar-mallorca-forbes-10-11.jpg\",\"datePublished\":\"2023-11-14T12:03:52+00:00\",\"dateModified\":\"2023-11-14T12:13:25+00:00\",\"description\":\"Click here to read the Spanish version. Today and tomorrow -14th and 15th November- Palma de Mallorca will be the setting for a dinner and a Forbes Master\",\"breadcrumb\":{\"@id\":\"https:\\\/\\\/www.tapasmagazine.es\\\/en\\\/where-eat-dine-mallorca-during-forbes-10-event\\\/#breadcrumb\"},\"inLanguage\":\"en-US\",\"potentialAction\":[{\"@type\":\"ReadAction\",\"target\":[\"https:\\\/\\\/www.tapasmagazine.es\\\/en\\\/where-eat-dine-mallorca-during-forbes-10-event\\\/\"]}]},{\"@type\":\"ImageObject\",\"inLanguage\":\"en-US\",\"@id\":\"https:\\\/\\\/www.tapasmagazine.es\\\/en\\\/where-eat-dine-mallorca-during-forbes-10-event\\\/#primaryimage\",\"url\":\"https:\\\/\\\/www.tapasmagazine.es\\\/wp-content\\\/uploads\\\/2023\\\/11\\\/donde-comer-cenar-mallorca-forbes-10-11.jpg\",\"contentUrl\":\"https:\\\/\\\/www.tapasmagazine.es\\\/wp-content\\\/uploads\\\/2023\\\/11\\\/donde-comer-cenar-mallorca-forbes-10-11.jpg\",\"width\":1200,\"height\":675},{\"@type\":\"BreadcrumbList\",\"@id\":\"https:\\\/\\\/www.tapasmagazine.es\\\/en\\\/where-eat-dine-mallorca-during-forbes-10-event\\\/#breadcrumb\",\"itemListElement\":[{\"@type\":\"ListItem\",\"position\":1,\"name\":\"Portada\",\"item\":\"https:\\\/\\\/www.tapasmagazine.es\\\/\"},{\"@type\":\"ListItem\",\"position\":2,\"name\":\"Sin categorizar\",\"item\":\"https:\\\/\\\/www.tapasmagazine.es\\\/categorias\\\/sin-categorizar\\\/\"},{\"@type\":\"ListItem\",\"position\":3,\"name\":\"Where to eat and dine in Mallorca during the Forbes 10 event\"}]},{\"@type\":\"WebSite\",\"@id\":\"https:\\\/\\\/www.tapasmagazine.es\\\/#website\",\"url\":\"https:\\\/\\\/www.tapasmagazine.es\\\/\",\"name\":\"Tapas\",\"description\":\"\u00d1am \u00d1am Lifestyle. La vida a bocados. Premio Nacional de Gastronom\u00eda 2016.\",\"publisher\":{\"@id\":\"https:\\\/\\\/www.tapasmagazine.es\\\/#organization\"},\"potentialAction\":[{\"@type\":\"SearchAction\",\"target\":{\"@type\":\"EntryPoint\",\"urlTemplate\":\"https:\\\/\\\/www.tapasmagazine.es\\\/?s={search_term_string}\"},\"query-input\":{\"@type\":\"PropertyValueSpecification\",\"valueRequired\":true,\"valueName\":\"search_term_string\"}}],\"inLanguage\":\"en-US\"},{\"@type\":\"Organization\",\"@id\":\"https:\\\/\\\/www.tapasmagazine.es\\\/#organization\",\"name\":\"Tapas Magazine\",\"url\":\"https:\\\/\\\/www.tapasmagazine.es\\\/\",\"logo\":{\"@type\":\"ImageObject\",\"inLanguage\":\"en-US\",\"@id\":\"https:\\\/\\\/www.tapasmagazine.es\\\/#\\\/schema\\\/logo\\\/image\\\/\",\"url\":\"https:\\\/\\\/www.tapasmagazine.es\\\/wp-content\\\/uploads\\\/2018\\\/01\\\/logo.png\",\"contentUrl\":\"https:\\\/\\\/www.tapasmagazine.es\\\/wp-content\\\/uploads\\\/2018\\\/01\\\/logo.png\",\"width\":180,\"height\":60,\"caption\":\"Tapas Magazine\"},\"image\":{\"@id\":\"https:\\\/\\\/www.tapasmagazine.es\\\/#\\\/schema\\\/logo\\\/image\\\/\"},\"sameAs\":[\"https:\\\/\\\/www.facebook.com\\\/tapasmagazine\",\"https:\\\/\\\/x.com\\\/TapasMagazine\",\"https:\\\/\\\/www.instagram.com\\\/tapasmagazine\\\/\",\"https:\\\/\\\/www.linkedin.com\\\/company\\\/tapas-magazine\",\"https:\\\/\\\/es.pinterest.com\\\/tapasmagazine\\\/\",\"https:\\\/\\\/www.youtube.com\\\/channel\\\/UCEyxneAaACuR0lfDagrWjjg?sub_confirmation=1\"]},{\"@type\":\"Person\",\"@id\":\"https:\\\/\\\/www.tapasmagazine.es\\\/#\\\/schema\\\/person\\\/906ea2ea4697837608d99f4cc085cea3\",\"name\":\"TAPAS\",\"url\":\"https:\\\/\\\/www.tapasmagazine.es\\\/en\\\/author\\\/tapas\\\/\"}]}<\/script>\n<!-- \/ Yoast SEO plugin. -->","yoast_head_json":{"title":"Where to eat and dine in Mallorca during the Forbes 10 event - Tapas","description":"Click here to read the Spanish version. Today and tomorrow -14th and 15th November- Palma de Mallorca will be the setting for a dinner and a Forbes Master","robots":{"index":"index","follow":"follow","max-snippet":"max-snippet:-1","max-image-preview":"max-image-preview:large","max-video-preview":"max-video-preview:-1"},"canonical":"https:\/\/www.tapasmagazine.es\/en\/where-eat-dine-mallorca-during-forbes-10-event\/","og_locale":"en_US","og_type":"article","og_title":"Where to eat and dine in Mallorca during the Forbes 10 event - Tapas","og_description":"Click here to read the Spanish version. Today and tomorrow -14th and 15th November- Palma de Mallorca will be the setting for a dinner and a Forbes Master","og_url":"https:\/\/www.tapasmagazine.es\/en\/where-eat-dine-mallorca-during-forbes-10-event\/","og_site_name":"Tapas","article_publisher":"https:\/\/www.facebook.com\/tapasmagazine","article_published_time":"2023-11-14T12:03:52+00:00","article_modified_time":"2023-11-14T12:13:25+00:00","og_image":[{"width":1200,"height":675,"url":"https:\/\/www.tapasmagazine.es\/wp-content\/uploads\/2023\/11\/donde-comer-cenar-mallorca-forbes-10-11.jpg","type":"image\/jpeg"}],"author":"TAPAS","twitter_card":"summary_large_image","twitter_creator":"@TapasMagazine","twitter_site":"@TapasMagazine","twitter_misc":{"Written by":"TAPAS","Est. reading time":"7 minutes"},"schema":{"@context":"https:\/\/schema.org","@graph":[{"@type":"Article","@id":"https:\/\/www.tapasmagazine.es\/en\/where-eat-dine-mallorca-during-forbes-10-event\/#article","isPartOf":{"@id":"https:\/\/www.tapasmagazine.es\/en\/where-eat-dine-mallorca-during-forbes-10-event\/"},"author":{"name":"TAPAS","@id":"https:\/\/www.tapasmagazine.es\/#\/schema\/person\/906ea2ea4697837608d99f4cc085cea3"},"headline":"Where to eat and dine in Mallorca during the Forbes 10 event","datePublished":"2023-11-14T12:03:52+00:00","dateModified":"2023-11-14T12:13:25+00:00","mainEntityOfPage":{"@id":"https:\/\/www.tapasmagazine.es\/en\/where-eat-dine-mallorca-during-forbes-10-event\/"},"wordCount":881,"commentCount":0,"publisher":{"@id":"https:\/\/www.tapasmagazine.es\/#organization"},"image":{"@id":"https:\/\/www.tapasmagazine.es\/en\/where-eat-dine-mallorca-during-forbes-10-event\/#primaryimage"},"thumbnailUrl":"https:\/\/www.tapasmagazine.es\/wp-content\/uploads\/2023\/11\/donde-comer-cenar-mallorca-forbes-10-11.jpg","keywords":["Forbes","gastronom\u00eda","Mallorca","restaurants"],"articleSection":["Gastro","News","Sin categorizar"],"inLanguage":"en-US","potentialAction":[{"@type":"CommentAction","name":"Comment","target":["https:\/\/www.tapasmagazine.es\/en\/where-eat-dine-mallorca-during-forbes-10-event\/#respond"]}]},{"@type":"WebPage","@id":"https:\/\/www.tapasmagazine.es\/en\/where-eat-dine-mallorca-during-forbes-10-event\/","url":"https:\/\/www.tapasmagazine.es\/en\/where-eat-dine-mallorca-during-forbes-10-event\/","name":"Where to eat and dine in Mallorca during the Forbes 10 event - Tapas","isPartOf":{"@id":"https:\/\/www.tapasmagazine.es\/#website"},"primaryImageOfPage":{"@id":"https:\/\/www.tapasmagazine.es\/en\/where-eat-dine-mallorca-during-forbes-10-event\/#primaryimage"},"image":{"@id":"https:\/\/www.tapasmagazine.es\/en\/where-eat-dine-mallorca-during-forbes-10-event\/#primaryimage"},"thumbnailUrl":"https:\/\/www.tapasmagazine.es\/wp-content\/uploads\/2023\/11\/donde-comer-cenar-mallorca-forbes-10-11.jpg","datePublished":"2023-11-14T12:03:52+00:00","dateModified":"2023-11-14T12:13:25+00:00","description":"Click here to read the Spanish version. Today and tomorrow -14th and 15th November- Palma de Mallorca will be the setting for a dinner and a Forbes Master","breadcrumb":{"@id":"https:\/\/www.tapasmagazine.es\/en\/where-eat-dine-mallorca-during-forbes-10-event\/#breadcrumb"},"inLanguage":"en-US","potentialAction":[{"@type":"ReadAction","target":["https:\/\/www.tapasmagazine.es\/en\/where-eat-dine-mallorca-during-forbes-10-event\/"]}]},{"@type":"ImageObject","inLanguage":"en-US","@id":"https:\/\/www.tapasmagazine.es\/en\/where-eat-dine-mallorca-during-forbes-10-event\/#primaryimage","url":"https:\/\/www.tapasmagazine.es\/wp-content\/uploads\/2023\/11\/donde-comer-cenar-mallorca-forbes-10-11.jpg","contentUrl":"https:\/\/www.tapasmagazine.es\/wp-content\/uploads\/2023\/11\/donde-comer-cenar-mallorca-forbes-10-11.jpg","width":1200,"height":675},{"@type":"BreadcrumbList","@id":"https:\/\/www.tapasmagazine.es\/en\/where-eat-dine-mallorca-during-forbes-10-event\/#breadcrumb","itemListElement":[{"@type":"ListItem","position":1,"name":"Portada","item":"https:\/\/www.tapasmagazine.es\/"},{"@type":"ListItem","position":2,"name":"Sin categorizar","item":"https:\/\/www.tapasmagazine.es\/categorias\/sin-categorizar\/"},{"@type":"ListItem","position":3,"name":"Where to eat and dine in Mallorca during the Forbes 10 event"}]},{"@type":"WebSite","@id":"https:\/\/www.tapasmagazine.es\/#website","url":"https:\/\/www.tapasmagazine.es\/","name":"Tapas","description":"\u00d1am \u00d1am Lifestyle. La vida a bocados. Premio Nacional de Gastronom\u00eda 2016.","publisher":{"@id":"https:\/\/www.tapasmagazine.es\/#organization"},"potentialAction":[{"@type":"SearchAction","target":{"@type":"EntryPoint","urlTemplate":"https:\/\/www.tapasmagazine.es\/?s={search_term_string}"},"query-input":{"@type":"PropertyValueSpecification","valueRequired":true,"valueName":"search_term_string"}}],"inLanguage":"en-US"},{"@type":"Organization","@id":"https:\/\/www.tapasmagazine.es\/#organization","name":"Tapas Magazine","url":"https:\/\/www.tapasmagazine.es\/","logo":{"@type":"ImageObject","inLanguage":"en-US","@id":"https:\/\/www.tapasmagazine.es\/#\/schema\/logo\/image\/","url":"https:\/\/www.tapasmagazine.es\/wp-content\/uploads\/2018\/01\/logo.png","contentUrl":"https:\/\/www.tapasmagazine.es\/wp-content\/uploads\/2018\/01\/logo.png","width":180,"height":60,"caption":"Tapas Magazine"},"image":{"@id":"https:\/\/www.tapasmagazine.es\/#\/schema\/logo\/image\/"},"sameAs":["https:\/\/www.facebook.com\/tapasmagazine","https:\/\/x.com\/TapasMagazine","https:\/\/www.instagram.com\/tapasmagazine\/","https:\/\/www.linkedin.com\/company\/tapas-magazine","https:\/\/es.pinterest.com\/tapasmagazine\/","https:\/\/www.youtube.com\/channel\/UCEyxneAaACuR0lfDagrWjjg?sub_confirmation=1"]},{"@type":"Person","@id":"https:\/\/www.tapasmagazine.es\/#\/schema\/person\/906ea2ea4697837608d99f4cc085cea3","name":"TAPAS","url":"https:\/\/www.tapasmagazine.es\/en\/author\/tapas\/"}]}},"_links":{"self":[{"href":"https:\/\/www.tapasmagazine.es\/en\/wp-json\/wp\/v2\/posts\/219502","targetHints":{"allow":["GET"]}}],"collection":[{"href":"https:\/\/www.tapasmagazine.es\/en\/wp-json\/wp\/v2\/posts"}],"about":[{"href":"https:\/\/www.tapasmagazine.es\/en\/wp-json\/wp\/v2\/types\/post"}],"author":[{"embeddable":true,"href":"https:\/\/www.tapasmagazine.es\/en\/wp-json\/wp\/v2\/users\/249"}],"replies":[{"embeddable":true,"href":"https:\/\/www.tapasmagazine.es\/en\/wp-json\/wp\/v2\/comments?post=219502"}],"version-history":[{"count":5,"href":"https:\/\/www.tapasmagazine.es\/en\/wp-json\/wp\/v2\/posts\/219502\/revisions"}],"predecessor-version":[{"id":219509,"href":"https:\/\/www.tapasmagazine.es\/en\/wp-json\/wp\/v2\/posts\/219502\/revisions\/219509"}],"wp:featuredmedia":[{"embeddable":true,"href":"https:\/\/www.tapasmagazine.es\/en\/wp-json\/wp\/v2\/media\/219478"}],"wp:attachment":[{"href":"https:\/\/www.tapasmagazine.es\/en\/wp-json\/wp\/v2\/media?parent=219502"}],"wp:term":[{"taxonomy":"category","embeddable":true,"href":"https:\/\/www.tapasmagazine.es\/en\/wp-json\/wp\/v2\/categories?post=219502"},{"taxonomy":"post_tag","embeddable":true,"href":"https:\/\/www.tapasmagazine.es\/en\/wp-json\/wp\/v2\/tags?post=219502"}],"curies":[{"name":"wp","href":"https:\/\/api.w.org\/{rel}","templated":true}]}}